{"id":111514,"date":"2022-08-26T14:06:01","date_gmt":"2022-08-26T17:06:01","guid":{"rendered":"https:\/\/folhapopular.info\/?p=111514"},"modified":"2022-08-26T14:06:06","modified_gmt":"2022-08-26T17:06:06","slug":"lajeado-promove-selecao-do-1o-concurso-contacao-de-lendas-gauchas","status":"publish","type":"post","link":"https:\/\/folhapopular.info\/index.php\/2022\/08\/26\/lajeado-promove-selecao-do-1o-concurso-contacao-de-lendas-gauchas\/","title":{"rendered":"Lajeado promove sele\u00e7\u00e3o do 1\u00ba Concurso Conta\u00e7\u00e3o de Lendas Ga\u00fachas"},"content":{"rendered":"\n<p>As secretarias da Cultura, Esporte e Lazer e da Educa\u00e7\u00e3o de Lajeado promovem a sele\u00e7\u00e3o de lendas do 1\u00ba Concurso Conta\u00e7\u00e3o de Lendas Ga\u00facha no s\u00e1bado (3\/9). O momento faz parte da 4\u00aa Semana Farroupilha do munic\u00edpio que ocorrer\u00e1 do dia 13 de setembro ao dia 20.<\/p>\n\n\n\n<p>A sele\u00e7\u00e3o ocorre a partir das 13h30. Os alunos inscritos far\u00e3o suas apresenta\u00e7\u00f5es no CTG Tropilha Farrapa. Ser\u00e3o 14 alunos, todos estudantes da 5\u00aa s\u00e9rie de escolas municipais que apresentar\u00e3o as lendas: Negrinho do Pastoreio, Quero-Quero, Jo\u00e3o de Barro, Erva-Mate, Salamanca do Jarau e Sep\u00e9 Tiaraju.<\/p>\n\n\n\n<p>A comiss\u00e3o avaliadora ser\u00e1 composta por Marilda Dolores Oliveira, patroa do CTG Bento Gon\u00e7alves; Clarice Borges, patroa do CTG Tropilha Farrapa; Deol\u00ed Gr\u00e4ff, presidente da Alivat; Ana Cec\u00edlia Togni, presidente do Conselho Municipal de Pol\u00edtica Cultural; Patr\u00edcia Rezner, titular do Setorial de Tradicionalismo Ga\u00facho; Tatiana Linhares, representante da Secretaria de Educa\u00e7\u00e3o; e Daniel Rauber, declamador e representante da sociedade civil.<\/p>\n\n\n\n<p>Ser\u00e3o avaliados a comunica\u00e7\u00e3o\/oralidade (20 pontos), criatividade (20 pontos), express\u00e3o facial e gestual (20 pontos), indument\u00e1ria\/caracteriza\u00e7\u00e3o (20 pontos) e conhecimento sobre o tema (20 pontos), totalizando 100 pontos.<\/p>\n\n\n\n<p>Os alunos dever\u00e3o estar devidamente pilchados ou caracterizados conforme o personagem da lenda, n\u00e3o sendo permitido o acr\u00e9scimo de cen\u00e1rio, al\u00e9m daquele j\u00e1 dispon\u00edvel no local das apresenta\u00e7\u00f5es.<\/p>\n\n\n\n<p>O resultado do concurso ser\u00e1 anunciado no dia 8 de setembro pelas redes sociais da Secretaria da Cultura, Esporte e Lazer (@secellajeado), e no dia 18 de setembro, \u00e0s 16h, os tr\u00eas alunos selecionados apresentar\u00e3o suas respectivas lendas no palco do Acampamento Farroupilha, no Parque Professor Theobaldo Dick.<\/p>\n\n\n\n<p>Os tr\u00eas alunos vencedores receber\u00e3o trof\u00e9us como premia\u00e7\u00e3o e todos os demais participantes, assim como as professoras que os auxiliaram, receber\u00e3o certificado e medalha de participa\u00e7\u00e3o.<\/p>\n","protected":false},"excerpt":{"rendered":"<p>As secretarias da Cultura, Esporte e Lazer e da Educa\u00e7\u00e3o de Lajeado promovem a sele\u00e7\u00e3o de lendas do 1\u00ba Concurso Conta\u00e7\u00e3o de Lendas Ga\u00facha no s\u00e1bado (3\/9). O momento faz parte da 4\u00aa Semana Farroupilha do munic\u00edpio que ocorrer\u00e1 do dia 13 de setembro ao dia 20. A sele\u00e7\u00e3o ocorre a partir das 13h30. Os [&hellip;]<\/p>\n","protected":false},"author":8,"featured_media":111515,"comment_status":"open","ping_status":"open","sticky":false,"template":"","format":"standard","meta":{"pmpro_default_level":"","_jetpack_memberships_contains_paid_content":false,"footnotes":""},"categories":[2,3],"tags":[5155,873,9839,27,1016],"class_list":{"0":"post-111514","1":"post","2":"type-post","3":"status-publish","4":"format-standard","5":"has-post-thumbnail","7":"category-featured","8":"category-geral","9":"tag-alunos","10":"tag-concurso","11":"tag-contacao-de-lendas-gauchas","12":"tag-lajeado","13":"tag-semana-farroupilha","14":"pmpro-has-access"},"yoast_head":"<!-- This site is optimized with the Yoast SEO plugin v27.5 - https:\/\/yoast.com\/product\/yoast-seo-wordpress\/ -->\n<title>Lajeado promove sele\u00e7\u00e3o do 1\u00ba Concurso Conta\u00e7\u00e3o de Lendas Ga\u00fachas - Folha Popular<\/title>\n<meta name=\"robots\" content=\"index, follow, max-snippet:-1, max-image-preview:large, max-video-preview:-1\" \/>\n<link rel=\"canonical\" href=\"https:\/\/folhapopular.info\/index.php\/2022\/08\/26\/lajeado-promove-selecao-do-1o-concurso-contacao-de-lendas-gauchas\/\" \/>\n<meta property=\"og:locale\" content=\"pt_BR\" \/>\n<meta property=\"og:type\" content=\"article\" \/>\n<meta property=\"og:title\" content=\"Lajeado promove sele\u00e7\u00e3o do 1\u00ba Concurso Conta\u00e7\u00e3o de Lendas Ga\u00fachas - Folha Popular\" \/>\n<meta property=\"og:description\" content=\"As secretarias da Cultura, Esporte e Lazer e da Educa\u00e7\u00e3o de Lajeado promovem a sele\u00e7\u00e3o de lendas do 1\u00ba Concurso Conta\u00e7\u00e3o de Lendas Ga\u00facha no s\u00e1bado (3\/9). O momento faz parte da 4\u00aa Semana Farroupilha do munic\u00edpio que ocorrer\u00e1 do dia 13 de setembro ao dia 20. A sele\u00e7\u00e3o ocorre a partir das 13h30. Os [&hellip;]\" \/>\n<meta property=\"og:url\" content=\"https:\/\/folhapopular.info\/index.php\/2022\/08\/26\/lajeado-promove-selecao-do-1o-concurso-contacao-de-lendas-gauchas\/\" \/>\n<meta property=\"og:site_name\" content=\"Folha Popular\" \/>\n<meta property=\"article:published_time\" content=\"2022-08-26T17:06:01+00:00\" \/>\n<meta property=\"article:modified_time\" content=\"2022-08-26T17:06:06+00:00\" \/>\n<meta property=\"og:image\" content=\"http:\/\/folhapopular.info\/wp-content\/uploads\/2022\/08\/Concurso-2-e1661533423304.jpeg\" \/>\n\t<meta property=\"og:image:width\" content=\"1200\" \/>\n\t<meta property=\"og:image:height\" content=\"800\" \/>\n\t<meta property=\"og:image:type\" content=\"image\/jpeg\" \/>\n<meta name=\"author\" content=\"Reda\u00e7\u00e3o Folha Popular\" \/>\n<meta name=\"twitter:card\" content=\"summary_large_image\" \/>\n<meta name=\"twitter:label1\" content=\"Escrito por\" \/>\n\t<meta name=\"twitter:data1\" content=\"Reda\u00e7\u00e3o Folha Popular\" \/>\n\t<meta name=\"twitter:label2\" content=\"Est. tempo de leitura\" \/>\n\t<meta name=\"twitter:data2\" content=\"2 minutos\" \/>\n<script type=\"application\/ld+json\" class=\"yoast-schema-graph\">{\"@context\":\"https:\\\/\\\/schema.org\",\"@graph\":[{\"@type\":\"Article\",\"@id\":\"https:\\\/\\\/folhapopular.info\\\/index.php\\\/2022\\\/08\\\/26\\\/lajeado-promove-selecao-do-1o-concurso-contacao-de-lendas-gauchas\\\/#article\",\"isPartOf\":{\"@id\":\"https:\\\/\\\/folhapopular.info\\\/index.php\\\/2022\\\/08\\\/26\\\/lajeado-promove-selecao-do-1o-concurso-contacao-de-lendas-gauchas\\\/\"},\"author\":{\"name\":\"Reda\u00e7\u00e3o Folha Popular\",\"@id\":\"https:\\\/\\\/folhapopular.info\\\/#\\\/schema\\\/person\\\/2814e8a0df7643585a9ca38bc6eb9d4b\"},\"headline\":\"Lajeado promove sele\u00e7\u00e3o do 1\u00ba Concurso Conta\u00e7\u00e3o de Lendas Ga\u00fachas\",\"datePublished\":\"2022-08-26T17:06:01+00:00\",\"dateModified\":\"2022-08-26T17:06:06+00:00\",\"mainEntityOfPage\":{\"@id\":\"https:\\\/\\\/folhapopular.info\\\/index.php\\\/2022\\\/08\\\/26\\\/lajeado-promove-selecao-do-1o-concurso-contacao-de-lendas-gauchas\\\/\"},\"wordCount\":323,\"commentCount\":0,\"image\":{\"@id\":\"https:\\\/\\\/folhapopular.info\\\/index.php\\\/2022\\\/08\\\/26\\\/lajeado-promove-selecao-do-1o-concurso-contacao-de-lendas-gauchas\\\/#primaryimage\"},\"thumbnailUrl\":\"https:\\\/\\\/folhapopular.info\\\/wp-content\\\/uploads\\\/2022\\\/08\\\/Concurso-2-e1661533423304.jpeg\",\"keywords\":[\"alunos\",\"Concurso\",\"Conta\u00e7\u00e3o de Lendas Ga\u00fachas\",\"Lajeado\",\"Semana Farroupilha\"],\"articleSection\":[\"Destaques\",\"Geral\"],\"inLanguage\":\"pt-BR\",\"potentialAction\":[{\"@type\":\"CommentAction\",\"name\":\"Comment\",\"target\":[\"https:\\\/\\\/folhapopular.info\\\/index.php\\\/2022\\\/08\\\/26\\\/lajeado-promove-selecao-do-1o-concurso-contacao-de-lendas-gauchas\\\/#respond\"]}]},{\"@type\":\"WebPage\",\"@id\":\"https:\\\/\\\/folhapopular.info\\\/index.php\\\/2022\\\/08\\\/26\\\/lajeado-promove-selecao-do-1o-concurso-contacao-de-lendas-gauchas\\\/\",\"url\":\"https:\\\/\\\/folhapopular.info\\\/index.php\\\/2022\\\/08\\\/26\\\/lajeado-promove-selecao-do-1o-concurso-contacao-de-lendas-gauchas\\\/\",\"name\":\"Lajeado promove sele\u00e7\u00e3o do 1\u00ba Concurso Conta\u00e7\u00e3o de Lendas Ga\u00fachas - Folha Popular\",\"isPartOf\":{\"@id\":\"https:\\\/\\\/folhapopular.info\\\/#website\"},\"primaryImageOfPage\":{\"@id\":\"https:\\\/\\\/folhapopular.info\\\/index.php\\\/2022\\\/08\\\/26\\\/lajeado-promove-selecao-do-1o-concurso-contacao-de-lendas-gauchas\\\/#primaryimage\"},\"image\":{\"@id\":\"https:\\\/\\\/folhapopular.info\\\/index.php\\\/2022\\\/08\\\/26\\\/lajeado-promove-selecao-do-1o-concurso-contacao-de-lendas-gauchas\\\/#primaryimage\"},\"thumbnailUrl\":\"https:\\\/\\\/folhapopular.info\\\/wp-content\\\/uploads\\\/2022\\\/08\\\/Concurso-2-e1661533423304.jpeg\",\"datePublished\":\"2022-08-26T17:06:01+00:00\",\"dateModified\":\"2022-08-26T17:06:06+00:00\",\"author\":{\"@id\":\"https:\\\/\\\/folhapopular.info\\\/#\\\/schema\\\/person\\\/2814e8a0df7643585a9ca38bc6eb9d4b\"},\"breadcrumb\":{\"@id\":\"https:\\\/\\\/folhapopular.info\\\/index.php\\\/2022\\\/08\\\/26\\\/lajeado-promove-selecao-do-1o-concurso-contacao-de-lendas-gauchas\\\/#breadcrumb\"},\"inLanguage\":\"pt-BR\",\"potentialAction\":[{\"@type\":\"ReadAction\",\"target\":[\"https:\\\/\\\/folhapopular.info\\\/index.php\\\/2022\\\/08\\\/26\\\/lajeado-promove-selecao-do-1o-concurso-contacao-de-lendas-gauchas\\\/\"]}]},{\"@type\":\"ImageObject\",\"inLanguage\":\"pt-BR\",\"@id\":\"https:\\\/\\\/folhapopular.info\\\/index.php\\\/2022\\\/08\\\/26\\\/lajeado-promove-selecao-do-1o-concurso-contacao-de-lendas-gauchas\\\/#primaryimage\",\"url\":\"https:\\\/\\\/folhapopular.info\\\/wp-content\\\/uploads\\\/2022\\\/08\\\/Concurso-2-e1661533423304.jpeg\",\"contentUrl\":\"https:\\\/\\\/folhapopular.info\\\/wp-content\\\/uploads\\\/2022\\\/08\\\/Concurso-2-e1661533423304.jpeg\",\"width\":1200,\"height\":800,\"caption\":\"Cr\u00e9dito: Divulga\u00e7\u00e3o\"},{\"@type\":\"BreadcrumbList\",\"@id\":\"https:\\\/\\\/folhapopular.info\\\/index.php\\\/2022\\\/08\\\/26\\\/lajeado-promove-selecao-do-1o-concurso-contacao-de-lendas-gauchas\\\/#breadcrumb\",\"itemListElement\":[{\"@type\":\"ListItem\",\"position\":1,\"name\":\"In\u00edcio\",\"item\":\"https:\\\/\\\/folhapopular.info\\\/\"},{\"@type\":\"ListItem\",\"position\":2,\"name\":\"Lajeado promove sele\u00e7\u00e3o do 1\u00ba Concurso Conta\u00e7\u00e3o de Lendas Ga\u00fachas\"}]},{\"@type\":\"WebSite\",\"@id\":\"https:\\\/\\\/folhapopular.info\\\/#website\",\"url\":\"https:\\\/\\\/folhapopular.info\\\/\",\"name\":\"Folha Popular\",\"description\":\"Onde voc\u00ea tem vez e voz\",\"potentialAction\":[{\"@type\":\"SearchAction\",\"target\":{\"@type\":\"EntryPoint\",\"urlTemplate\":\"https:\\\/\\\/folhapopular.info\\\/?s={search_term_string}\"},\"query-input\":{\"@type\":\"PropertyValueSpecification\",\"valueRequired\":true,\"valueName\":\"search_term_string\"}}],\"inLanguage\":\"pt-BR\"},{\"@type\":\"Person\",\"@id\":\"https:\\\/\\\/folhapopular.info\\\/#\\\/schema\\\/person\\\/2814e8a0df7643585a9ca38bc6eb9d4b\",\"name\":\"Reda\u00e7\u00e3o Folha Popular\",\"image\":{\"@type\":\"ImageObject\",\"inLanguage\":\"pt-BR\",\"@id\":\"https:\\\/\\\/folhapopular.info\\\/wp-content\\\/uploads\\\/2026\\\/04\\\/Folha-1.webp\",\"url\":\"https:\\\/\\\/folhapopular.info\\\/wp-content\\\/uploads\\\/2026\\\/04\\\/Folha-1.webp\",\"contentUrl\":\"https:\\\/\\\/folhapopular.info\\\/wp-content\\\/uploads\\\/2026\\\/04\\\/Folha-1.webp\",\"caption\":\"Reda\u00e7\u00e3o Folha Popular\"},\"url\":\"https:\\\/\\\/folhapopular.info\\\/index.php\\\/author\\\/redacao\\\/\"}]}<\/script>\n<!-- \/ Yoast SEO plugin. -->","yoast_head_json":{"title":"Lajeado promove sele\u00e7\u00e3o do 1\u00ba Concurso Conta\u00e7\u00e3o de Lendas Ga\u00fachas - Folha Popular","robots":{"index":"index","follow":"follow","max-snippet":"max-snippet:-1","max-image-preview":"max-image-preview:large","max-video-preview":"max-video-preview:-1"},"canonical":"https:\/\/folhapopular.info\/index.php\/2022\/08\/26\/lajeado-promove-selecao-do-1o-concurso-contacao-de-lendas-gauchas\/","og_locale":"pt_BR","og_type":"article","og_title":"Lajeado promove sele\u00e7\u00e3o do 1\u00ba Concurso Conta\u00e7\u00e3o de Lendas Ga\u00fachas - Folha Popular","og_description":"As secretarias da Cultura, Esporte e Lazer e da Educa\u00e7\u00e3o de Lajeado promovem a sele\u00e7\u00e3o de lendas do 1\u00ba Concurso Conta\u00e7\u00e3o de Lendas Ga\u00facha no s\u00e1bado (3\/9). O momento faz parte da 4\u00aa Semana Farroupilha do munic\u00edpio que ocorrer\u00e1 do dia 13 de setembro ao dia 20. A sele\u00e7\u00e3o ocorre a partir das 13h30. Os [&hellip;]","og_url":"https:\/\/folhapopular.info\/index.php\/2022\/08\/26\/lajeado-promove-selecao-do-1o-concurso-contacao-de-lendas-gauchas\/","og_site_name":"Folha Popular","article_published_time":"2022-08-26T17:06:01+00:00","article_modified_time":"2022-08-26T17:06:06+00:00","og_image":[{"width":1200,"height":800,"url":"http:\/\/folhapopular.info\/wp-content\/uploads\/2022\/08\/Concurso-2-e1661533423304.jpeg","type":"image\/jpeg"}],"author":"Reda\u00e7\u00e3o Folha Popular","twitter_card":"summary_large_image","twitter_misc":{"Escrito por":"Reda\u00e7\u00e3o Folha Popular","Est. tempo de leitura":"2 minutos"},"schema":{"@context":"https:\/\/schema.org","@graph":[{"@type":"Article","@id":"https:\/\/folhapopular.info\/index.php\/2022\/08\/26\/lajeado-promove-selecao-do-1o-concurso-contacao-de-lendas-gauchas\/#article","isPartOf":{"@id":"https:\/\/folhapopular.info\/index.php\/2022\/08\/26\/lajeado-promove-selecao-do-1o-concurso-contacao-de-lendas-gauchas\/"},"author":{"name":"Reda\u00e7\u00e3o Folha Popular","@id":"https:\/\/folhapopular.info\/#\/schema\/person\/2814e8a0df7643585a9ca38bc6eb9d4b"},"headline":"Lajeado promove sele\u00e7\u00e3o do 1\u00ba Concurso Conta\u00e7\u00e3o de Lendas Ga\u00fachas","datePublished":"2022-08-26T17:06:01+00:00","dateModified":"2022-08-26T17:06:06+00:00","mainEntityOfPage":{"@id":"https:\/\/folhapopular.info\/index.php\/2022\/08\/26\/lajeado-promove-selecao-do-1o-concurso-contacao-de-lendas-gauchas\/"},"wordCount":323,"commentCount":0,"image":{"@id":"https:\/\/folhapopular.info\/index.php\/2022\/08\/26\/lajeado-promove-selecao-do-1o-concurso-contacao-de-lendas-gauchas\/#primaryimage"},"thumbnailUrl":"https:\/\/folhapopular.info\/wp-content\/uploads\/2022\/08\/Concurso-2-e1661533423304.jpeg","keywords":["alunos","Concurso","Conta\u00e7\u00e3o de Lendas Ga\u00fachas","Lajeado","Semana Farroupilha"],"articleSection":["Destaques","Geral"],"inLanguage":"pt-BR","potentialAction":[{"@type":"CommentAction","name":"Comment","target":["https:\/\/folhapopular.info\/index.php\/2022\/08\/26\/lajeado-promove-selecao-do-1o-concurso-contacao-de-lendas-gauchas\/#respond"]}]},{"@type":"WebPage","@id":"https:\/\/folhapopular.info\/index.php\/2022\/08\/26\/lajeado-promove-selecao-do-1o-concurso-contacao-de-lendas-gauchas\/","url":"https:\/\/folhapopular.info\/index.php\/2022\/08\/26\/lajeado-promove-selecao-do-1o-concurso-contacao-de-lendas-gauchas\/","name":"Lajeado promove sele\u00e7\u00e3o do 1\u00ba Concurso Conta\u00e7\u00e3o de Lendas Ga\u00fachas - Folha Popular","isPartOf":{"@id":"https:\/\/folhapopular.info\/#website"},"primaryImageOfPage":{"@id":"https:\/\/folhapopular.info\/index.php\/2022\/08\/26\/lajeado-promove-selecao-do-1o-concurso-contacao-de-lendas-gauchas\/#primaryimage"},"image":{"@id":"https:\/\/folhapopular.info\/index.php\/2022\/08\/26\/lajeado-promove-selecao-do-1o-concurso-contacao-de-lendas-gauchas\/#primaryimage"},"thumbnailUrl":"https:\/\/folhapopular.info\/wp-content\/uploads\/2022\/08\/Concurso-2-e1661533423304.jpeg","datePublished":"2022-08-26T17:06:01+00:00","dateModified":"2022-08-26T17:06:06+00:00","author":{"@id":"https:\/\/folhapopular.info\/#\/schema\/person\/2814e8a0df7643585a9ca38bc6eb9d4b"},"breadcrumb":{"@id":"https:\/\/folhapopular.info\/index.php\/2022\/08\/26\/lajeado-promove-selecao-do-1o-concurso-contacao-de-lendas-gauchas\/#breadcrumb"},"inLanguage":"pt-BR","potentialAction":[{"@type":"ReadAction","target":["https:\/\/folhapopular.info\/index.php\/2022\/08\/26\/lajeado-promove-selecao-do-1o-concurso-contacao-de-lendas-gauchas\/"]}]},{"@type":"ImageObject","inLanguage":"pt-BR","@id":"https:\/\/folhapopular.info\/index.php\/2022\/08\/26\/lajeado-promove-selecao-do-1o-concurso-contacao-de-lendas-gauchas\/#primaryimage","url":"https:\/\/folhapopular.info\/wp-content\/uploads\/2022\/08\/Concurso-2-e1661533423304.jpeg","contentUrl":"https:\/\/folhapopular.info\/wp-content\/uploads\/2022\/08\/Concurso-2-e1661533423304.jpeg","width":1200,"height":800,"caption":"Cr\u00e9dito: Divulga\u00e7\u00e3o"},{"@type":"BreadcrumbList","@id":"https:\/\/folhapopular.info\/index.php\/2022\/08\/26\/lajeado-promove-selecao-do-1o-concurso-contacao-de-lendas-gauchas\/#breadcrumb","itemListElement":[{"@type":"ListItem","position":1,"name":"In\u00edcio","item":"https:\/\/folhapopular.info\/"},{"@type":"ListItem","position":2,"name":"Lajeado promove sele\u00e7\u00e3o do 1\u00ba Concurso Conta\u00e7\u00e3o de Lendas Ga\u00fachas"}]},{"@type":"WebSite","@id":"https:\/\/folhapopular.info\/#website","url":"https:\/\/folhapopular.info\/","name":"Folha Popular","description":"Onde voc\u00ea tem vez e voz","potentialAction":[{"@type":"SearchAction","target":{"@type":"EntryPoint","urlTemplate":"https:\/\/folhapopular.info\/?s={search_term_string}"},"query-input":{"@type":"PropertyValueSpecification","valueRequired":true,"valueName":"search_term_string"}}],"inLanguage":"pt-BR"},{"@type":"Person","@id":"https:\/\/folhapopular.info\/#\/schema\/person\/2814e8a0df7643585a9ca38bc6eb9d4b","name":"Reda\u00e7\u00e3o Folha Popular","image":{"@type":"ImageObject","inLanguage":"pt-BR","@id":"https:\/\/folhapopular.info\/wp-content\/uploads\/2026\/04\/Folha-1.webp","url":"https:\/\/folhapopular.info\/wp-content\/uploads\/2026\/04\/Folha-1.webp","contentUrl":"https:\/\/folhapopular.info\/wp-content\/uploads\/2026\/04\/Folha-1.webp","caption":"Reda\u00e7\u00e3o Folha Popular"},"url":"https:\/\/folhapopular.info\/index.php\/author\/redacao\/"}]}},"jetpack_featured_media_url":"https:\/\/folhapopular.info\/wp-content\/uploads\/2022\/08\/Concurso-2-e1661533423304.jpeg","jetpack_sharing_enabled":true,"amp_enabled":true,"_links":{"self":[{"href":"https:\/\/folhapopular.info\/index.php\/wp-json\/wp\/v2\/posts\/111514","targetHints":{"allow":["GET"]}}],"collection":[{"href":"https:\/\/folhapopular.info\/index.php\/wp-json\/wp\/v2\/posts"}],"about":[{"href":"https:\/\/folhapopular.info\/index.php\/wp-json\/wp\/v2\/types\/post"}],"author":[{"embeddable":true,"href":"https:\/\/folhapopular.info\/index.php\/wp-json\/wp\/v2\/users\/8"}],"replies":[{"embeddable":true,"href":"https:\/\/folhapopular.info\/index.php\/wp-json\/wp\/v2\/comments?post=111514"}],"version-history":[{"count":0,"href":"https:\/\/folhapopular.info\/index.php\/wp-json\/wp\/v2\/posts\/111514\/revisions"}],"wp:featuredmedia":[{"embeddable":true,"href":"https:\/\/folhapopular.info\/index.php\/wp-json\/wp\/v2\/media\/111515"}],"wp:attachment":[{"href":"https:\/\/folhapopular.info\/index.php\/wp-json\/wp\/v2\/media?parent=111514"}],"wp:term":[{"taxonomy":"category","embeddable":true,"href":"https:\/\/folhapopular.info\/index.php\/wp-json\/wp\/v2\/categories?post=111514"},{"taxonomy":"post_tag","embeddable":true,"href":"https:\/\/folhapopular.info\/index.php\/wp-json\/wp\/v2\/tags?post=111514"}],"curies":[{"name":"wp","href":"https:\/\/api.w.org\/{rel}","templated":true}]}}