{"id":111649,"date":"2022-08-28T18:50:58","date_gmt":"2022-08-28T21:50:58","guid":{"rendered":"https:\/\/folhapopular.info\/?p=111649"},"modified":"2022-08-29T09:26:20","modified_gmt":"2022-08-29T12:26:20","slug":"duas-pessoas-sao-presas-e-droga-e-apreendida-em-operacao-da-bm-em-teutonia","status":"publish","type":"post","link":"https:\/\/folhapopular.info\/index.php\/2022\/08\/28\/duas-pessoas-sao-presas-e-droga-e-apreendida-em-operacao-da-bm-em-teutonia\/","title":{"rendered":"Duas pessoas s\u00e3o presas e droga \u00e9 apreendida em Opera\u00e7\u00e3o da BM em Teut\u00f4nia"},"content":{"rendered":"\n<p>A Brigada Militar de Teut\u00f4nia realizou neste domingo (28\/8) a Opera\u00e7\u00e3o Armadillo. A a\u00e7\u00e3o ocorreu na Rua Baldu\u00edno Ninow, na Vila Esperan\u00e7a, e resultou na pris\u00e3o de um homem (21) e uma mulher (33). Al\u00e9m das pris\u00f5es, os policiais tamb\u00e9m realizaram apreens\u00e3o de drogas.<\/p>\n\n\n\n<p>O setor de intelig\u00eancia da Brigada Militar de Teut\u00f4nia recebeu a informa\u00e7\u00e3o que um indiv\u00edduo estaria para receber uma grande quantidade de droga. O jovem \u00e9 genro do l\u00edder de uma fac\u00e7\u00e3o criminosa, que no mento est\u00e1 preso.<\/p>\n\n\n\n<p>A BM organizou uma opera\u00e7\u00e3o e passou a monitorar o local onde ele mora. Em dado momento, ele foi visualizado enterrando um pacote com drogas em um terreno baldio nos fundos de sua resid\u00eancia. <\/p>\n\n\n\n<p>As viaturas que aguardavam nas proximidades foram acionadas dando in\u00edcio \u00e0 opera\u00e7\u00e3o. As guarni\u00e7\u00f5es da Brigada Militar efetuaram a busca no local, sendo encontrado enterrado pr\u00f3ximo \u00e0 uma \u00e1rvore um pacote com maconha. <\/p>\n\n\n\n<p>Foram apreendidos tr\u00eas tabletes grandes e tr\u00eas por\u00e7\u00f5es grandes de maconha, somando 1kg de drogas. O indiv\u00edduo foi abordado em via p\u00fablica nas proximidades da resid\u00eancia em tentativa de fuga.<\/p>\n\n\n\n<p>No local, uma mulher de 33 anos se apresentou como dona do terreno. Ela \u00e9 a sogra do homem que foi flagrado enterrando o entorpecente, e esposa do l\u00edder de fac\u00e7\u00e3o.<\/p>\n\n\n\n<p>Diante dos fatos, foi dada voz de pris\u00e3o a ambos, sendo conduzidos ao Hospital Ouro Branco e posteriormente \u00e0 Delegacia de Pol\u00edcia de Pronto Atendimento de Lajeado onde foi lavrado o Auto de Pris\u00e3o em Flagrante.<\/p>\n\n\n\n<p>A mulher foi encaminhada ao Pres\u00eddio Feminino de Lajeado. O homem foi conduzido ao Pres\u00eddio Estadual de Lajeado.<\/p>\n\n\n\n<p>O nome da Opera\u00e7\u00e3o, Armadillo, vem do latim e significa &#8220;tatu&#8221;. Foi escolhido em alus\u00e3o \u00e0 estrat\u00e9gia dos indiv\u00edduos de cavar buracos e enterrar drogas.<\/p>\n","protected":false},"excerpt":{"rendered":"<p>A Brigada Militar de Teut\u00f4nia realizou neste domingo (28\/8) a Opera\u00e7\u00e3o Armadillo. A a\u00e7\u00e3o ocorreu na Rua Baldu\u00edno Ninow, na Vila Esperan\u00e7a, e resultou na pris\u00e3o de um homem (21) e uma mulher (33). Al\u00e9m das pris\u00f5es, os policiais tamb\u00e9m realizaram apreens\u00e3o de drogas. O setor de intelig\u00eancia da Brigada Militar de Teut\u00f4nia recebeu a [&hellip;]<\/p>\n","protected":false},"author":8,"featured_media":111650,"comment_status":"open","ping_status":"open","sticky":false,"template":"","format":"standard","meta":{"pmpro_default_level":"","_jetpack_memberships_contains_paid_content":false,"footnotes":""},"categories":[7],"tags":[],"class_list":{"0":"post-111649","1":"post","2":"type-post","3":"status-publish","4":"format-standard","5":"has-post-thumbnail","7":"category-seguranca","8":"pmpro-has-access"},"yoast_head":"<!-- This site is optimized with the Yoast SEO plugin v27.5 - https:\/\/yoast.com\/product\/yoast-seo-wordpress\/ -->\n<title>Duas pessoas s\u00e3o presas e droga \u00e9 apreendida em Opera\u00e7\u00e3o da BM em Teut\u00f4nia - Folha Popular<\/title>\n<meta name=\"robots\" content=\"index, follow, max-snippet:-1, max-image-preview:large, max-video-preview:-1\" \/>\n<link rel=\"canonical\" href=\"https:\/\/folhapopular.info\/index.php\/2022\/08\/28\/duas-pessoas-sao-presas-e-droga-e-apreendida-em-operacao-da-bm-em-teutonia\/\" \/>\n<meta property=\"og:locale\" content=\"pt_BR\" \/>\n<meta property=\"og:type\" content=\"article\" \/>\n<meta property=\"og:title\" content=\"Duas pessoas s\u00e3o presas e droga \u00e9 apreendida em Opera\u00e7\u00e3o da BM em Teut\u00f4nia - Folha Popular\" \/>\n<meta property=\"og:description\" content=\"A Brigada Militar de Teut\u00f4nia realizou neste domingo (28\/8) a Opera\u00e7\u00e3o Armadillo. A a\u00e7\u00e3o ocorreu na Rua Baldu\u00edno Ninow, na Vila Esperan\u00e7a, e resultou na pris\u00e3o de um homem (21) e uma mulher (33). Al\u00e9m das pris\u00f5es, os policiais tamb\u00e9m realizaram apreens\u00e3o de drogas. O setor de intelig\u00eancia da Brigada Militar de Teut\u00f4nia recebeu a [&hellip;]\" \/>\n<meta property=\"og:url\" content=\"https:\/\/folhapopular.info\/index.php\/2022\/08\/28\/duas-pessoas-sao-presas-e-droga-e-apreendida-em-operacao-da-bm-em-teutonia\/\" \/>\n<meta property=\"og:site_name\" content=\"Folha Popular\" \/>\n<meta property=\"article:published_time\" content=\"2022-08-28T21:50:58+00:00\" \/>\n<meta property=\"article:modified_time\" content=\"2022-08-29T12:26:20+00:00\" \/>\n<meta property=\"og:image\" content=\"http:\/\/folhapopular.info\/wp-content\/uploads\/2022\/08\/WhatsApp-Image-2022-08-28-at-17.39.56-e1661723444345.jpeg\" \/>\n\t<meta property=\"og:image:width\" content=\"1200\" \/>\n\t<meta property=\"og:image:height\" content=\"900\" \/>\n\t<meta property=\"og:image:type\" content=\"image\/jpeg\" \/>\n<meta name=\"author\" content=\"Reda\u00e7\u00e3o Folha Popular\" \/>\n<meta name=\"twitter:card\" content=\"summary_large_image\" \/>\n<meta name=\"twitter:label1\" content=\"Escrito por\" \/>\n\t<meta name=\"twitter:data1\" content=\"Reda\u00e7\u00e3o Folha Popular\" \/>\n\t<meta name=\"twitter:label2\" content=\"Est. tempo de leitura\" \/>\n\t<meta name=\"twitter:data2\" content=\"2 minutos\" \/>\n<script type=\"application\/ld+json\" class=\"yoast-schema-graph\">{\"@context\":\"https:\\\/\\\/schema.org\",\"@graph\":[{\"@type\":\"Article\",\"@id\":\"https:\\\/\\\/folhapopular.info\\\/index.php\\\/2022\\\/08\\\/28\\\/duas-pessoas-sao-presas-e-droga-e-apreendida-em-operacao-da-bm-em-teutonia\\\/#article\",\"isPartOf\":{\"@id\":\"https:\\\/\\\/folhapopular.info\\\/index.php\\\/2022\\\/08\\\/28\\\/duas-pessoas-sao-presas-e-droga-e-apreendida-em-operacao-da-bm-em-teutonia\\\/\"},\"author\":{\"name\":\"Reda\u00e7\u00e3o Folha Popular\",\"@id\":\"https:\\\/\\\/folhapopular.info\\\/#\\\/schema\\\/person\\\/2814e8a0df7643585a9ca38bc6eb9d4b\"},\"headline\":\"Duas pessoas s\u00e3o presas e droga \u00e9 apreendida em Opera\u00e7\u00e3o da BM em Teut\u00f4nia\",\"datePublished\":\"2022-08-28T21:50:58+00:00\",\"dateModified\":\"2022-08-29T12:26:20+00:00\",\"mainEntityOfPage\":{\"@id\":\"https:\\\/\\\/folhapopular.info\\\/index.php\\\/2022\\\/08\\\/28\\\/duas-pessoas-sao-presas-e-droga-e-apreendida-em-operacao-da-bm-em-teutonia\\\/\"},\"wordCount\":334,\"commentCount\":0,\"image\":{\"@id\":\"https:\\\/\\\/folhapopular.info\\\/index.php\\\/2022\\\/08\\\/28\\\/duas-pessoas-sao-presas-e-droga-e-apreendida-em-operacao-da-bm-em-teutonia\\\/#primaryimage\"},\"thumbnailUrl\":\"https:\\\/\\\/folhapopular.info\\\/wp-content\\\/uploads\\\/2022\\\/08\\\/WhatsApp-Image-2022-08-28-at-17.39.56-e1661723444345.jpeg\",\"articleSection\":[\"Seguran\u00e7a\"],\"inLanguage\":\"pt-BR\",\"potentialAction\":[{\"@type\":\"CommentAction\",\"name\":\"Comment\",\"target\":[\"https:\\\/\\\/folhapopular.info\\\/index.php\\\/2022\\\/08\\\/28\\\/duas-pessoas-sao-presas-e-droga-e-apreendida-em-operacao-da-bm-em-teutonia\\\/#respond\"]}]},{\"@type\":\"WebPage\",\"@id\":\"https:\\\/\\\/folhapopular.info\\\/index.php\\\/2022\\\/08\\\/28\\\/duas-pessoas-sao-presas-e-droga-e-apreendida-em-operacao-da-bm-em-teutonia\\\/\",\"url\":\"https:\\\/\\\/folhapopular.info\\\/index.php\\\/2022\\\/08\\\/28\\\/duas-pessoas-sao-presas-e-droga-e-apreendida-em-operacao-da-bm-em-teutonia\\\/\",\"name\":\"Duas pessoas s\u00e3o presas e droga \u00e9 apreendida em Opera\u00e7\u00e3o da BM em Teut\u00f4nia - Folha Popular\",\"isPartOf\":{\"@id\":\"https:\\\/\\\/folhapopular.info\\\/#website\"},\"primaryImageOfPage\":{\"@id\":\"https:\\\/\\\/folhapopular.info\\\/index.php\\\/2022\\\/08\\\/28\\\/duas-pessoas-sao-presas-e-droga-e-apreendida-em-operacao-da-bm-em-teutonia\\\/#primaryimage\"},\"image\":{\"@id\":\"https:\\\/\\\/folhapopular.info\\\/index.php\\\/2022\\\/08\\\/28\\\/duas-pessoas-sao-presas-e-droga-e-apreendida-em-operacao-da-bm-em-teutonia\\\/#primaryimage\"},\"thumbnailUrl\":\"https:\\\/\\\/folhapopular.info\\\/wp-content\\\/uploads\\\/2022\\\/08\\\/WhatsApp-Image-2022-08-28-at-17.39.56-e1661723444345.jpeg\",\"datePublished\":\"2022-08-28T21:50:58+00:00\",\"dateModified\":\"2022-08-29T12:26:20+00:00\",\"author\":{\"@id\":\"https:\\\/\\\/folhapopular.info\\\/#\\\/schema\\\/person\\\/2814e8a0df7643585a9ca38bc6eb9d4b\"},\"breadcrumb\":{\"@id\":\"https:\\\/\\\/folhapopular.info\\\/index.php\\\/2022\\\/08\\\/28\\\/duas-pessoas-sao-presas-e-droga-e-apreendida-em-operacao-da-bm-em-teutonia\\\/#breadcrumb\"},\"inLanguage\":\"pt-BR\",\"potentialAction\":[{\"@type\":\"ReadAction\",\"target\":[\"https:\\\/\\\/folhapopular.info\\\/index.php\\\/2022\\\/08\\\/28\\\/duas-pessoas-sao-presas-e-droga-e-apreendida-em-operacao-da-bm-em-teutonia\\\/\"]}]},{\"@type\":\"ImageObject\",\"inLanguage\":\"pt-BR\",\"@id\":\"https:\\\/\\\/folhapopular.info\\\/index.php\\\/2022\\\/08\\\/28\\\/duas-pessoas-sao-presas-e-droga-e-apreendida-em-operacao-da-bm-em-teutonia\\\/#primaryimage\",\"url\":\"https:\\\/\\\/folhapopular.info\\\/wp-content\\\/uploads\\\/2022\\\/08\\\/WhatsApp-Image-2022-08-28-at-17.39.56-e1661723444345.jpeg\",\"contentUrl\":\"https:\\\/\\\/folhapopular.info\\\/wp-content\\\/uploads\\\/2022\\\/08\\\/WhatsApp-Image-2022-08-28-at-17.39.56-e1661723444345.jpeg\",\"width\":1200,\"height\":900},{\"@type\":\"BreadcrumbList\",\"@id\":\"https:\\\/\\\/folhapopular.info\\\/index.php\\\/2022\\\/08\\\/28\\\/duas-pessoas-sao-presas-e-droga-e-apreendida-em-operacao-da-bm-em-teutonia\\\/#breadcrumb\",\"itemListElement\":[{\"@type\":\"ListItem\",\"position\":1,\"name\":\"In\u00edcio\",\"item\":\"https:\\\/\\\/folhapopular.info\\\/\"},{\"@type\":\"ListItem\",\"position\":2,\"name\":\"Duas pessoas s\u00e3o presas e droga \u00e9 apreendida em Opera\u00e7\u00e3o da BM em Teut\u00f4nia\"}]},{\"@type\":\"WebSite\",\"@id\":\"https:\\\/\\\/folhapopular.info\\\/#website\",\"url\":\"https:\\\/\\\/folhapopular.info\\\/\",\"name\":\"Folha Popular\",\"description\":\"Onde voc\u00ea tem vez e voz\",\"potentialAction\":[{\"@type\":\"SearchAction\",\"target\":{\"@type\":\"EntryPoint\",\"urlTemplate\":\"https:\\\/\\\/folhapopular.info\\\/?s={search_term_string}\"},\"query-input\":{\"@type\":\"PropertyValueSpecification\",\"valueRequired\":true,\"valueName\":\"search_term_string\"}}],\"inLanguage\":\"pt-BR\"},{\"@type\":\"Person\",\"@id\":\"https:\\\/\\\/folhapopular.info\\\/#\\\/schema\\\/person\\\/2814e8a0df7643585a9ca38bc6eb9d4b\",\"name\":\"Reda\u00e7\u00e3o Folha Popular\",\"image\":{\"@type\":\"ImageObject\",\"inLanguage\":\"pt-BR\",\"@id\":\"https:\\\/\\\/folhapopular.info\\\/wp-content\\\/uploads\\\/2026\\\/04\\\/Folha-1.webp\",\"url\":\"https:\\\/\\\/folhapopular.info\\\/wp-content\\\/uploads\\\/2026\\\/04\\\/Folha-1.webp\",\"contentUrl\":\"https:\\\/\\\/folhapopular.info\\\/wp-content\\\/uploads\\\/2026\\\/04\\\/Folha-1.webp\",\"caption\":\"Reda\u00e7\u00e3o Folha Popular\"},\"url\":\"https:\\\/\\\/folhapopular.info\\\/index.php\\\/author\\\/redacao\\\/\"}]}<\/script>\n<!-- \/ Yoast SEO plugin. -->","yoast_head_json":{"title":"Duas pessoas s\u00e3o presas e droga \u00e9 apreendida em Opera\u00e7\u00e3o da BM em Teut\u00f4nia - Folha Popular","robots":{"index":"index","follow":"follow","max-snippet":"max-snippet:-1","max-image-preview":"max-image-preview:large","max-video-preview":"max-video-preview:-1"},"canonical":"https:\/\/folhapopular.info\/index.php\/2022\/08\/28\/duas-pessoas-sao-presas-e-droga-e-apreendida-em-operacao-da-bm-em-teutonia\/","og_locale":"pt_BR","og_type":"article","og_title":"Duas pessoas s\u00e3o presas e droga \u00e9 apreendida em Opera\u00e7\u00e3o da BM em Teut\u00f4nia - Folha Popular","og_description":"A Brigada Militar de Teut\u00f4nia realizou neste domingo (28\/8) a Opera\u00e7\u00e3o Armadillo. A a\u00e7\u00e3o ocorreu na Rua Baldu\u00edno Ninow, na Vila Esperan\u00e7a, e resultou na pris\u00e3o de um homem (21) e uma mulher (33). Al\u00e9m das pris\u00f5es, os policiais tamb\u00e9m realizaram apreens\u00e3o de drogas. O setor de intelig\u00eancia da Brigada Militar de Teut\u00f4nia recebeu a [&hellip;]","og_url":"https:\/\/folhapopular.info\/index.php\/2022\/08\/28\/duas-pessoas-sao-presas-e-droga-e-apreendida-em-operacao-da-bm-em-teutonia\/","og_site_name":"Folha Popular","article_published_time":"2022-08-28T21:50:58+00:00","article_modified_time":"2022-08-29T12:26:20+00:00","og_image":[{"width":1200,"height":900,"url":"http:\/\/folhapopular.info\/wp-content\/uploads\/2022\/08\/WhatsApp-Image-2022-08-28-at-17.39.56-e1661723444345.jpeg","type":"image\/jpeg"}],"author":"Reda\u00e7\u00e3o Folha Popular","twitter_card":"summary_large_image","twitter_misc":{"Escrito por":"Reda\u00e7\u00e3o Folha Popular","Est. tempo de leitura":"2 minutos"},"schema":{"@context":"https:\/\/schema.org","@graph":[{"@type":"Article","@id":"https:\/\/folhapopular.info\/index.php\/2022\/08\/28\/duas-pessoas-sao-presas-e-droga-e-apreendida-em-operacao-da-bm-em-teutonia\/#article","isPartOf":{"@id":"https:\/\/folhapopular.info\/index.php\/2022\/08\/28\/duas-pessoas-sao-presas-e-droga-e-apreendida-em-operacao-da-bm-em-teutonia\/"},"author":{"name":"Reda\u00e7\u00e3o Folha Popular","@id":"https:\/\/folhapopular.info\/#\/schema\/person\/2814e8a0df7643585a9ca38bc6eb9d4b"},"headline":"Duas pessoas s\u00e3o presas e droga \u00e9 apreendida em Opera\u00e7\u00e3o da BM em Teut\u00f4nia","datePublished":"2022-08-28T21:50:58+00:00","dateModified":"2022-08-29T12:26:20+00:00","mainEntityOfPage":{"@id":"https:\/\/folhapopular.info\/index.php\/2022\/08\/28\/duas-pessoas-sao-presas-e-droga-e-apreendida-em-operacao-da-bm-em-teutonia\/"},"wordCount":334,"commentCount":0,"image":{"@id":"https:\/\/folhapopular.info\/index.php\/2022\/08\/28\/duas-pessoas-sao-presas-e-droga-e-apreendida-em-operacao-da-bm-em-teutonia\/#primaryimage"},"thumbnailUrl":"https:\/\/folhapopular.info\/wp-content\/uploads\/2022\/08\/WhatsApp-Image-2022-08-28-at-17.39.56-e1661723444345.jpeg","articleSection":["Seguran\u00e7a"],"inLanguage":"pt-BR","potentialAction":[{"@type":"CommentAction","name":"Comment","target":["https:\/\/folhapopular.info\/index.php\/2022\/08\/28\/duas-pessoas-sao-presas-e-droga-e-apreendida-em-operacao-da-bm-em-teutonia\/#respond"]}]},{"@type":"WebPage","@id":"https:\/\/folhapopular.info\/index.php\/2022\/08\/28\/duas-pessoas-sao-presas-e-droga-e-apreendida-em-operacao-da-bm-em-teutonia\/","url":"https:\/\/folhapopular.info\/index.php\/2022\/08\/28\/duas-pessoas-sao-presas-e-droga-e-apreendida-em-operacao-da-bm-em-teutonia\/","name":"Duas pessoas s\u00e3o presas e droga \u00e9 apreendida em Opera\u00e7\u00e3o da BM em Teut\u00f4nia - Folha Popular","isPartOf":{"@id":"https:\/\/folhapopular.info\/#website"},"primaryImageOfPage":{"@id":"https:\/\/folhapopular.info\/index.php\/2022\/08\/28\/duas-pessoas-sao-presas-e-droga-e-apreendida-em-operacao-da-bm-em-teutonia\/#primaryimage"},"image":{"@id":"https:\/\/folhapopular.info\/index.php\/2022\/08\/28\/duas-pessoas-sao-presas-e-droga-e-apreendida-em-operacao-da-bm-em-teutonia\/#primaryimage"},"thumbnailUrl":"https:\/\/folhapopular.info\/wp-content\/uploads\/2022\/08\/WhatsApp-Image-2022-08-28-at-17.39.56-e1661723444345.jpeg","datePublished":"2022-08-28T21:50:58+00:00","dateModified":"2022-08-29T12:26:20+00:00","author":{"@id":"https:\/\/folhapopular.info\/#\/schema\/person\/2814e8a0df7643585a9ca38bc6eb9d4b"},"breadcrumb":{"@id":"https:\/\/folhapopular.info\/index.php\/2022\/08\/28\/duas-pessoas-sao-presas-e-droga-e-apreendida-em-operacao-da-bm-em-teutonia\/#breadcrumb"},"inLanguage":"pt-BR","potentialAction":[{"@type":"ReadAction","target":["https:\/\/folhapopular.info\/index.php\/2022\/08\/28\/duas-pessoas-sao-presas-e-droga-e-apreendida-em-operacao-da-bm-em-teutonia\/"]}]},{"@type":"ImageObject","inLanguage":"pt-BR","@id":"https:\/\/folhapopular.info\/index.php\/2022\/08\/28\/duas-pessoas-sao-presas-e-droga-e-apreendida-em-operacao-da-bm-em-teutonia\/#primaryimage","url":"https:\/\/folhapopular.info\/wp-content\/uploads\/2022\/08\/WhatsApp-Image-2022-08-28-at-17.39.56-e1661723444345.jpeg","contentUrl":"https:\/\/folhapopular.info\/wp-content\/uploads\/2022\/08\/WhatsApp-Image-2022-08-28-at-17.39.56-e1661723444345.jpeg","width":1200,"height":900},{"@type":"BreadcrumbList","@id":"https:\/\/folhapopular.info\/index.php\/2022\/08\/28\/duas-pessoas-sao-presas-e-droga-e-apreendida-em-operacao-da-bm-em-teutonia\/#breadcrumb","itemListElement":[{"@type":"ListItem","position":1,"name":"In\u00edcio","item":"https:\/\/folhapopular.info\/"},{"@type":"ListItem","position":2,"name":"Duas pessoas s\u00e3o presas e droga \u00e9 apreendida em Opera\u00e7\u00e3o da BM em Teut\u00f4nia"}]},{"@type":"WebSite","@id":"https:\/\/folhapopular.info\/#website","url":"https:\/\/folhapopular.info\/","name":"Folha Popular","description":"Onde voc\u00ea tem vez e voz","potentialAction":[{"@type":"SearchAction","target":{"@type":"EntryPoint","urlTemplate":"https:\/\/folhapopular.info\/?s={search_term_string}"},"query-input":{"@type":"PropertyValueSpecification","valueRequired":true,"valueName":"search_term_string"}}],"inLanguage":"pt-BR"},{"@type":"Person","@id":"https:\/\/folhapopular.info\/#\/schema\/person\/2814e8a0df7643585a9ca38bc6eb9d4b","name":"Reda\u00e7\u00e3o Folha Popular","image":{"@type":"ImageObject","inLanguage":"pt-BR","@id":"https:\/\/folhapopular.info\/wp-content\/uploads\/2026\/04\/Folha-1.webp","url":"https:\/\/folhapopular.info\/wp-content\/uploads\/2026\/04\/Folha-1.webp","contentUrl":"https:\/\/folhapopular.info\/wp-content\/uploads\/2026\/04\/Folha-1.webp","caption":"Reda\u00e7\u00e3o Folha Popular"},"url":"https:\/\/folhapopular.info\/index.php\/author\/redacao\/"}]}},"jetpack_featured_media_url":"https:\/\/folhapopular.info\/wp-content\/uploads\/2022\/08\/WhatsApp-Image-2022-08-28-at-17.39.56-e1661723444345.jpeg","jetpack_sharing_enabled":true,"amp_enabled":true,"_links":{"self":[{"href":"https:\/\/folhapopular.info\/index.php\/wp-json\/wp\/v2\/posts\/111649","targetHints":{"allow":["GET"]}}],"collection":[{"href":"https:\/\/folhapopular.info\/index.php\/wp-json\/wp\/v2\/posts"}],"about":[{"href":"https:\/\/folhapopular.info\/index.php\/wp-json\/wp\/v2\/types\/post"}],"author":[{"embeddable":true,"href":"https:\/\/folhapopular.info\/index.php\/wp-json\/wp\/v2\/users\/8"}],"replies":[{"embeddable":true,"href":"https:\/\/folhapopular.info\/index.php\/wp-json\/wp\/v2\/comments?post=111649"}],"version-history":[{"count":0,"href":"https:\/\/folhapopular.info\/index.php\/wp-json\/wp\/v2\/posts\/111649\/revisions"}],"wp:featuredmedia":[{"embeddable":true,"href":"https:\/\/folhapopular.info\/index.php\/wp-json\/wp\/v2\/media\/111650"}],"wp:attachment":[{"href":"https:\/\/folhapopular.info\/index.php\/wp-json\/wp\/v2\/media?parent=111649"}],"wp:term":[{"taxonomy":"category","embeddable":true,"href":"https:\/\/folhapopular.info\/index.php\/wp-json\/wp\/v2\/categories?post=111649"},{"taxonomy":"post_tag","embeddable":true,"href":"https:\/\/folhapopular.info\/index.php\/wp-json\/wp\/v2\/tags?post=111649"}],"curies":[{"name":"wp","href":"https:\/\/api.w.org\/{rel}","templated":true}]}}