{"id":111657,"date":"2022-08-29T08:29:15","date_gmt":"2022-08-29T11:29:15","guid":{"rendered":"https:\/\/folhapopular.info\/?p=111657"},"modified":"2022-08-29T10:44:27","modified_gmt":"2022-08-29T13:44:27","slug":"vale-do-taquari-e-palco-do-2o-seminario-estadual-de-turismo","status":"publish","type":"post","link":"https:\/\/folhapopular.info\/index.php\/2022\/08\/29\/vale-do-taquari-e-palco-do-2o-seminario-estadual-de-turismo\/","title":{"rendered":"Vale do Taquari \u00e9 palco do 2\u00ba Semin\u00e1rio Estadual de Turismo"},"content":{"rendered":"\n<p>A regi\u00e3o alta do Vale do Taquari recebeu, na sexta-feira (26\/8), o 2\u00ba Semin\u00e1rio Estadual de Turismo do Rio Grande do Sul. Vespasiano Corr\u00eaa recebeu visitantes de toda regi\u00e3o e do estado.<\/p>\n\n\n\n<p>Cerca de 200 pessoas participaram do evento que trouxe palestrantes de toda a regi\u00e3o Sul. Eles falaram sobre a vis\u00e3o para um futuro com desenvolvimento e tecnologia no Turismo. <\/p>\n\n\n\n<p>A abertura do evento foi feita pelo presidente da Associa\u00e7\u00e3o dos Munic\u00edpios de Turismo da Regi\u00e3o dos Vales (Amturvales), Leandro Arenhart, e pelo vice-presidente, Charles Rossner, que deram as boas-vindas ao p\u00fablico presente no evento.<\/p>\n\n\n\n<p>Pela manh\u00e3, abriram o ciclo de palestras do semin\u00e1rio a diretora geral da Secretaria de Turismo do Rio Grande do Sul (Setur\/RS), Claudia Mara, e o membro da Associa\u00e7\u00e3o Brasileira de Ag\u00eancias de Viagens (ABAV), Jo\u00e3o Augusto Machado. <\/p>\n\n\n\n<p>Ambos refor\u00e7aram o potencial tur\u00edstico do Vale do Taquari. \u201cVoc\u00eas s\u00e3o a regi\u00e3o que tem o maior potencial de atrativos de natureza. A regi\u00e3o de voc\u00eas \u00e9 a mais comentada no momento na m\u00eddia. Voc\u00eas precisam ser protagonistas, explorar tudo isso\u201d, avaliou Claudia.<\/p>\n\n\n\n<p>Outro palestrante da manh\u00e3 foi o empres\u00e1rio Jean Moro, fundador da <em>startup<\/em> Remembeer, em Curitiba. Ele refor\u00e7ou a necessidade de pensar o turismo como uma cadeia, que movimenta diversos empreendimentos da economia. <\/p>\n\n\n\n<p>Tamb\u00e9m observou que o turista sempre est\u00e1 focado em ter uma experi\u00eancia e \u00e9 compromisso de quem recebe proporcionar isso. \u201cQuando voc\u00ea recebe um convidado na sua casa, voc\u00ea quer oferecer o melhor. Assim \u00e9 com o turista, ele \u00e9 um convidado e temos que dar do bom e do melhor\u201d, explica.<\/p>\n\n\n\n<p>Na parte da tarde, o evento teve uma programa\u00e7\u00e3o paralela. Uma focada para empreendedores do <em>trade<\/em> tur\u00edstico e outra que teve como p\u00fablico-alvo prefeitos e secret\u00e1rios da regi\u00e3o. <\/p>\n\n\n\n<p>O empres\u00e1rio Jean Moro fez uma palestra espec\u00edfica para os gestores p\u00fablicos. Ele salientou a caminhada que \u00e9 necess\u00e1ria para colocar uma regi\u00e3o numa rota tur\u00edstica nacional e internacional. \u201cTem muito trabalho a fazer, mas \u00e9 poss\u00edvel\u201d, apontou.<\/p>\n\n\n\n<p>Outro palestrante para o grupo dos gestores p\u00fablicos foi o secret\u00e1rio de Parcerias e Concess\u00f5es, da cidade de Blumenau, Marcelo Althoff. Ele abordou o tema \u201cQuando a iniciativa p\u00fablica e privada geram desenvolvimento como aliados\u201d. <\/p>\n\n\n\n<p>Althoff destacou a necessidade de poder p\u00fablico e iniciativa privada investirem em parcerias no turismo. \u201c\u00c0s vezes, idealizamos um projeto, mas ele n\u00e3o \u00e9 o que o mercado quer. Precisamos perceber as oportunidades dos projetos, pegar exemplos de quem j\u00e1 teve \u00eaxito nisso antes e fazer o melhor\u201d, recomendou.<\/p>\n\n\n\n<p>J\u00e1 os empreendedores participaram, no audit\u00f3rio da prefeitura, da palestra \u201cPosicionamento Tur\u00edstico e Comercializa\u00e7\u00e3o do Destino\u201d. A palestrante foi Fernanda Haas, que \u00e9 gerente executiva da Blumenau e Vale Europeu Convention Visitors Bureaus. <\/p>\n\n\n\n<p>Encerrando o evento, foi feito um painel entre Fernanda, Claudia Mara (Setur\/RS) e Jo\u00e3o Augusto Machado (ABAV). Al\u00e9m de debater o posicionamento do <em>trade<\/em> tur\u00edstico, eles responderam questionamentos dos empres\u00e1rios que acompanharam o evento.<\/p>\n\n\n\n<p>O 2\u00ba Semin\u00e1rio Estadual de Turismo do RS foi realizado pela Amturvales, com apoio da Setur\/RS e Prefeitura de Vespasiano Corr\u00eaa.<\/p>\n","protected":false},"excerpt":{"rendered":"<p>A regi\u00e3o alta do Vale do Taquari recebeu, na sexta-feira (26\/8), o 2\u00ba Semin\u00e1rio Estadual de Turismo do Rio Grande do Sul. Vespasiano Corr\u00eaa recebeu visitantes de toda regi\u00e3o e do estado. Cerca de 200 pessoas participaram do evento que trouxe palestrantes de toda a regi\u00e3o Sul. Eles falaram sobre a vis\u00e3o para um futuro [&hellip;]<\/p>\n","protected":false},"author":8,"featured_media":111658,"comment_status":"open","ping_status":"open","sticky":false,"template":"","format":"standard","meta":{"pmpro_default_level":"","_jetpack_memberships_contains_paid_content":false,"footnotes":""},"categories":[2,3],"tags":[315,9848,82,156],"class_list":{"0":"post-111657","1":"post","2":"type-post","3":"status-publish","4":"format-standard","5":"has-post-thumbnail","7":"category-featured","8":"category-geral","9":"tag-regiao","10":"tag-seminario-estadual-de-turismo","11":"tag-turismo","12":"tag-vale-do-taquari","13":"pmpro-has-access"},"yoast_head":"<!-- This site is optimized with the Yoast SEO plugin v27.5 - https:\/\/yoast.com\/product\/yoast-seo-wordpress\/ -->\n<title>Vale do Taquari \u00e9 palco do 2\u00ba Semin\u00e1rio Estadual de Turismo - Folha Popular<\/title>\n<meta name=\"robots\" content=\"index, follow, max-snippet:-1, max-image-preview:large, max-video-preview:-1\" \/>\n<link rel=\"canonical\" href=\"https:\/\/folhapopular.info\/index.php\/2022\/08\/29\/vale-do-taquari-e-palco-do-2o-seminario-estadual-de-turismo\/\" \/>\n<meta property=\"og:locale\" content=\"pt_BR\" \/>\n<meta property=\"og:type\" content=\"article\" \/>\n<meta property=\"og:title\" content=\"Vale do Taquari \u00e9 palco do 2\u00ba Semin\u00e1rio Estadual de Turismo - Folha Popular\" \/>\n<meta property=\"og:description\" content=\"A regi\u00e3o alta do Vale do Taquari recebeu, na sexta-feira (26\/8), o 2\u00ba Semin\u00e1rio Estadual de Turismo do Rio Grande do Sul. Vespasiano Corr\u00eaa recebeu visitantes de toda regi\u00e3o e do estado. Cerca de 200 pessoas participaram do evento que trouxe palestrantes de toda a regi\u00e3o Sul. Eles falaram sobre a vis\u00e3o para um futuro [&hellip;]\" \/>\n<meta property=\"og:url\" content=\"https:\/\/folhapopular.info\/index.php\/2022\/08\/29\/vale-do-taquari-e-palco-do-2o-seminario-estadual-de-turismo\/\" \/>\n<meta property=\"og:site_name\" content=\"Folha Popular\" \/>\n<meta property=\"article:published_time\" content=\"2022-08-29T11:29:15+00:00\" \/>\n<meta property=\"article:modified_time\" content=\"2022-08-29T13:44:27+00:00\" \/>\n<meta property=\"og:image\" content=\"http:\/\/folhapopular.info\/wp-content\/uploads\/2022\/08\/Seminario-Publico2-e1661772535895.jpg\" \/>\n\t<meta property=\"og:image:width\" content=\"1200\" \/>\n\t<meta property=\"og:image:height\" content=\"901\" \/>\n\t<meta property=\"og:image:type\" content=\"image\/jpeg\" \/>\n<meta name=\"author\" content=\"Reda\u00e7\u00e3o Folha Popular\" \/>\n<meta name=\"twitter:card\" content=\"summary_large_image\" \/>\n<meta name=\"twitter:label1\" content=\"Escrito por\" \/>\n\t<meta name=\"twitter:data1\" content=\"Reda\u00e7\u00e3o Folha Popular\" \/>\n\t<meta name=\"twitter:label2\" content=\"Est. tempo de leitura\" \/>\n\t<meta name=\"twitter:data2\" content=\"3 minutos\" \/>\n<script type=\"application\/ld+json\" class=\"yoast-schema-graph\">{\"@context\":\"https:\\\/\\\/schema.org\",\"@graph\":[{\"@type\":\"Article\",\"@id\":\"https:\\\/\\\/folhapopular.info\\\/index.php\\\/2022\\\/08\\\/29\\\/vale-do-taquari-e-palco-do-2o-seminario-estadual-de-turismo\\\/#article\",\"isPartOf\":{\"@id\":\"https:\\\/\\\/folhapopular.info\\\/index.php\\\/2022\\\/08\\\/29\\\/vale-do-taquari-e-palco-do-2o-seminario-estadual-de-turismo\\\/\"},\"author\":{\"name\":\"Reda\u00e7\u00e3o Folha Popular\",\"@id\":\"https:\\\/\\\/folhapopular.info\\\/#\\\/schema\\\/person\\\/2814e8a0df7643585a9ca38bc6eb9d4b\"},\"headline\":\"Vale do Taquari \u00e9 palco do 2\u00ba Semin\u00e1rio Estadual de Turismo\",\"datePublished\":\"2022-08-29T11:29:15+00:00\",\"dateModified\":\"2022-08-29T13:44:27+00:00\",\"mainEntityOfPage\":{\"@id\":\"https:\\\/\\\/folhapopular.info\\\/index.php\\\/2022\\\/08\\\/29\\\/vale-do-taquari-e-palco-do-2o-seminario-estadual-de-turismo\\\/\"},\"wordCount\":554,\"commentCount\":0,\"image\":{\"@id\":\"https:\\\/\\\/folhapopular.info\\\/index.php\\\/2022\\\/08\\\/29\\\/vale-do-taquari-e-palco-do-2o-seminario-estadual-de-turismo\\\/#primaryimage\"},\"thumbnailUrl\":\"https:\\\/\\\/folhapopular.info\\\/wp-content\\\/uploads\\\/2022\\\/08\\\/Seminario-Publico2-e1661772535895.jpg\",\"keywords\":[\"Regi\u00e3o\",\"Semin\u00e1rio Estadual de Turismo\",\"Turismo\",\"Vale do Taquari\"],\"articleSection\":[\"Destaques\",\"Geral\"],\"inLanguage\":\"pt-BR\",\"potentialAction\":[{\"@type\":\"CommentAction\",\"name\":\"Comment\",\"target\":[\"https:\\\/\\\/folhapopular.info\\\/index.php\\\/2022\\\/08\\\/29\\\/vale-do-taquari-e-palco-do-2o-seminario-estadual-de-turismo\\\/#respond\"]}]},{\"@type\":\"WebPage\",\"@id\":\"https:\\\/\\\/folhapopular.info\\\/index.php\\\/2022\\\/08\\\/29\\\/vale-do-taquari-e-palco-do-2o-seminario-estadual-de-turismo\\\/\",\"url\":\"https:\\\/\\\/folhapopular.info\\\/index.php\\\/2022\\\/08\\\/29\\\/vale-do-taquari-e-palco-do-2o-seminario-estadual-de-turismo\\\/\",\"name\":\"Vale do Taquari \u00e9 palco do 2\u00ba Semin\u00e1rio Estadual de Turismo - Folha Popular\",\"isPartOf\":{\"@id\":\"https:\\\/\\\/folhapopular.info\\\/#website\"},\"primaryImageOfPage\":{\"@id\":\"https:\\\/\\\/folhapopular.info\\\/index.php\\\/2022\\\/08\\\/29\\\/vale-do-taquari-e-palco-do-2o-seminario-estadual-de-turismo\\\/#primaryimage\"},\"image\":{\"@id\":\"https:\\\/\\\/folhapopular.info\\\/index.php\\\/2022\\\/08\\\/29\\\/vale-do-taquari-e-palco-do-2o-seminario-estadual-de-turismo\\\/#primaryimage\"},\"thumbnailUrl\":\"https:\\\/\\\/folhapopular.info\\\/wp-content\\\/uploads\\\/2022\\\/08\\\/Seminario-Publico2-e1661772535895.jpg\",\"datePublished\":\"2022-08-29T11:29:15+00:00\",\"dateModified\":\"2022-08-29T13:44:27+00:00\",\"author\":{\"@id\":\"https:\\\/\\\/folhapopular.info\\\/#\\\/schema\\\/person\\\/2814e8a0df7643585a9ca38bc6eb9d4b\"},\"breadcrumb\":{\"@id\":\"https:\\\/\\\/folhapopular.info\\\/index.php\\\/2022\\\/08\\\/29\\\/vale-do-taquari-e-palco-do-2o-seminario-estadual-de-turismo\\\/#breadcrumb\"},\"inLanguage\":\"pt-BR\",\"potentialAction\":[{\"@type\":\"ReadAction\",\"target\":[\"https:\\\/\\\/folhapopular.info\\\/index.php\\\/2022\\\/08\\\/29\\\/vale-do-taquari-e-palco-do-2o-seminario-estadual-de-turismo\\\/\"]}]},{\"@type\":\"ImageObject\",\"inLanguage\":\"pt-BR\",\"@id\":\"https:\\\/\\\/folhapopular.info\\\/index.php\\\/2022\\\/08\\\/29\\\/vale-do-taquari-e-palco-do-2o-seminario-estadual-de-turismo\\\/#primaryimage\",\"url\":\"https:\\\/\\\/folhapopular.info\\\/wp-content\\\/uploads\\\/2022\\\/08\\\/Seminario-Publico2-e1661772535895.jpg\",\"contentUrl\":\"https:\\\/\\\/folhapopular.info\\\/wp-content\\\/uploads\\\/2022\\\/08\\\/Seminario-Publico2-e1661772535895.jpg\",\"width\":1200,\"height\":901,\"caption\":\"Diversas palestrar compuseram a programa\u00e7\u00e3o\"},{\"@type\":\"BreadcrumbList\",\"@id\":\"https:\\\/\\\/folhapopular.info\\\/index.php\\\/2022\\\/08\\\/29\\\/vale-do-taquari-e-palco-do-2o-seminario-estadual-de-turismo\\\/#breadcrumb\",\"itemListElement\":[{\"@type\":\"ListItem\",\"position\":1,\"name\":\"In\u00edcio\",\"item\":\"https:\\\/\\\/folhapopular.info\\\/\"},{\"@type\":\"ListItem\",\"position\":2,\"name\":\"Vale do Taquari \u00e9 palco do 2\u00ba Semin\u00e1rio Estadual de Turismo\"}]},{\"@type\":\"WebSite\",\"@id\":\"https:\\\/\\\/folhapopular.info\\\/#website\",\"url\":\"https:\\\/\\\/folhapopular.info\\\/\",\"name\":\"Folha Popular\",\"description\":\"Onde voc\u00ea tem vez e voz\",\"potentialAction\":[{\"@type\":\"SearchAction\",\"target\":{\"@type\":\"EntryPoint\",\"urlTemplate\":\"https:\\\/\\\/folhapopular.info\\\/?s={search_term_string}\"},\"query-input\":{\"@type\":\"PropertyValueSpecification\",\"valueRequired\":true,\"valueName\":\"search_term_string\"}}],\"inLanguage\":\"pt-BR\"},{\"@type\":\"Person\",\"@id\":\"https:\\\/\\\/folhapopular.info\\\/#\\\/schema\\\/person\\\/2814e8a0df7643585a9ca38bc6eb9d4b\",\"name\":\"Reda\u00e7\u00e3o Folha Popular\",\"image\":{\"@type\":\"ImageObject\",\"inLanguage\":\"pt-BR\",\"@id\":\"https:\\\/\\\/folhapopular.info\\\/wp-content\\\/uploads\\\/2026\\\/04\\\/Folha-1.webp\",\"url\":\"https:\\\/\\\/folhapopular.info\\\/wp-content\\\/uploads\\\/2026\\\/04\\\/Folha-1.webp\",\"contentUrl\":\"https:\\\/\\\/folhapopular.info\\\/wp-content\\\/uploads\\\/2026\\\/04\\\/Folha-1.webp\",\"caption\":\"Reda\u00e7\u00e3o Folha Popular\"},\"url\":\"https:\\\/\\\/folhapopular.info\\\/index.php\\\/author\\\/redacao\\\/\"}]}<\/script>\n<!-- \/ Yoast SEO plugin. -->","yoast_head_json":{"title":"Vale do Taquari \u00e9 palco do 2\u00ba Semin\u00e1rio Estadual de Turismo - Folha Popular","robots":{"index":"index","follow":"follow","max-snippet":"max-snippet:-1","max-image-preview":"max-image-preview:large","max-video-preview":"max-video-preview:-1"},"canonical":"https:\/\/folhapopular.info\/index.php\/2022\/08\/29\/vale-do-taquari-e-palco-do-2o-seminario-estadual-de-turismo\/","og_locale":"pt_BR","og_type":"article","og_title":"Vale do Taquari \u00e9 palco do 2\u00ba Semin\u00e1rio Estadual de Turismo - Folha Popular","og_description":"A regi\u00e3o alta do Vale do Taquari recebeu, na sexta-feira (26\/8), o 2\u00ba Semin\u00e1rio Estadual de Turismo do Rio Grande do Sul. Vespasiano Corr\u00eaa recebeu visitantes de toda regi\u00e3o e do estado. Cerca de 200 pessoas participaram do evento que trouxe palestrantes de toda a regi\u00e3o Sul. Eles falaram sobre a vis\u00e3o para um futuro [&hellip;]","og_url":"https:\/\/folhapopular.info\/index.php\/2022\/08\/29\/vale-do-taquari-e-palco-do-2o-seminario-estadual-de-turismo\/","og_site_name":"Folha Popular","article_published_time":"2022-08-29T11:29:15+00:00","article_modified_time":"2022-08-29T13:44:27+00:00","og_image":[{"width":1200,"height":901,"url":"http:\/\/folhapopular.info\/wp-content\/uploads\/2022\/08\/Seminario-Publico2-e1661772535895.jpg","type":"image\/jpeg"}],"author":"Reda\u00e7\u00e3o Folha Popular","twitter_card":"summary_large_image","twitter_misc":{"Escrito por":"Reda\u00e7\u00e3o Folha Popular","Est. tempo de leitura":"3 minutos"},"schema":{"@context":"https:\/\/schema.org","@graph":[{"@type":"Article","@id":"https:\/\/folhapopular.info\/index.php\/2022\/08\/29\/vale-do-taquari-e-palco-do-2o-seminario-estadual-de-turismo\/#article","isPartOf":{"@id":"https:\/\/folhapopular.info\/index.php\/2022\/08\/29\/vale-do-taquari-e-palco-do-2o-seminario-estadual-de-turismo\/"},"author":{"name":"Reda\u00e7\u00e3o Folha Popular","@id":"https:\/\/folhapopular.info\/#\/schema\/person\/2814e8a0df7643585a9ca38bc6eb9d4b"},"headline":"Vale do Taquari \u00e9 palco do 2\u00ba Semin\u00e1rio Estadual de Turismo","datePublished":"2022-08-29T11:29:15+00:00","dateModified":"2022-08-29T13:44:27+00:00","mainEntityOfPage":{"@id":"https:\/\/folhapopular.info\/index.php\/2022\/08\/29\/vale-do-taquari-e-palco-do-2o-seminario-estadual-de-turismo\/"},"wordCount":554,"commentCount":0,"image":{"@id":"https:\/\/folhapopular.info\/index.php\/2022\/08\/29\/vale-do-taquari-e-palco-do-2o-seminario-estadual-de-turismo\/#primaryimage"},"thumbnailUrl":"https:\/\/folhapopular.info\/wp-content\/uploads\/2022\/08\/Seminario-Publico2-e1661772535895.jpg","keywords":["Regi\u00e3o","Semin\u00e1rio Estadual de Turismo","Turismo","Vale do Taquari"],"articleSection":["Destaques","Geral"],"inLanguage":"pt-BR","potentialAction":[{"@type":"CommentAction","name":"Comment","target":["https:\/\/folhapopular.info\/index.php\/2022\/08\/29\/vale-do-taquari-e-palco-do-2o-seminario-estadual-de-turismo\/#respond"]}]},{"@type":"WebPage","@id":"https:\/\/folhapopular.info\/index.php\/2022\/08\/29\/vale-do-taquari-e-palco-do-2o-seminario-estadual-de-turismo\/","url":"https:\/\/folhapopular.info\/index.php\/2022\/08\/29\/vale-do-taquari-e-palco-do-2o-seminario-estadual-de-turismo\/","name":"Vale do Taquari \u00e9 palco do 2\u00ba Semin\u00e1rio Estadual de Turismo - Folha Popular","isPartOf":{"@id":"https:\/\/folhapopular.info\/#website"},"primaryImageOfPage":{"@id":"https:\/\/folhapopular.info\/index.php\/2022\/08\/29\/vale-do-taquari-e-palco-do-2o-seminario-estadual-de-turismo\/#primaryimage"},"image":{"@id":"https:\/\/folhapopular.info\/index.php\/2022\/08\/29\/vale-do-taquari-e-palco-do-2o-seminario-estadual-de-turismo\/#primaryimage"},"thumbnailUrl":"https:\/\/folhapopular.info\/wp-content\/uploads\/2022\/08\/Seminario-Publico2-e1661772535895.jpg","datePublished":"2022-08-29T11:29:15+00:00","dateModified":"2022-08-29T13:44:27+00:00","author":{"@id":"https:\/\/folhapopular.info\/#\/schema\/person\/2814e8a0df7643585a9ca38bc6eb9d4b"},"breadcrumb":{"@id":"https:\/\/folhapopular.info\/index.php\/2022\/08\/29\/vale-do-taquari-e-palco-do-2o-seminario-estadual-de-turismo\/#breadcrumb"},"inLanguage":"pt-BR","potentialAction":[{"@type":"ReadAction","target":["https:\/\/folhapopular.info\/index.php\/2022\/08\/29\/vale-do-taquari-e-palco-do-2o-seminario-estadual-de-turismo\/"]}]},{"@type":"ImageObject","inLanguage":"pt-BR","@id":"https:\/\/folhapopular.info\/index.php\/2022\/08\/29\/vale-do-taquari-e-palco-do-2o-seminario-estadual-de-turismo\/#primaryimage","url":"https:\/\/folhapopular.info\/wp-content\/uploads\/2022\/08\/Seminario-Publico2-e1661772535895.jpg","contentUrl":"https:\/\/folhapopular.info\/wp-content\/uploads\/2022\/08\/Seminario-Publico2-e1661772535895.jpg","width":1200,"height":901,"caption":"Diversas palestrar compuseram a programa\u00e7\u00e3o"},{"@type":"BreadcrumbList","@id":"https:\/\/folhapopular.info\/index.php\/2022\/08\/29\/vale-do-taquari-e-palco-do-2o-seminario-estadual-de-turismo\/#breadcrumb","itemListElement":[{"@type":"ListItem","position":1,"name":"In\u00edcio","item":"https:\/\/folhapopular.info\/"},{"@type":"ListItem","position":2,"name":"Vale do Taquari \u00e9 palco do 2\u00ba Semin\u00e1rio Estadual de Turismo"}]},{"@type":"WebSite","@id":"https:\/\/folhapopular.info\/#website","url":"https:\/\/folhapopular.info\/","name":"Folha Popular","description":"Onde voc\u00ea tem vez e voz","potentialAction":[{"@type":"SearchAction","target":{"@type":"EntryPoint","urlTemplate":"https:\/\/folhapopular.info\/?s={search_term_string}"},"query-input":{"@type":"PropertyValueSpecification","valueRequired":true,"valueName":"search_term_string"}}],"inLanguage":"pt-BR"},{"@type":"Person","@id":"https:\/\/folhapopular.info\/#\/schema\/person\/2814e8a0df7643585a9ca38bc6eb9d4b","name":"Reda\u00e7\u00e3o Folha Popular","image":{"@type":"ImageObject","inLanguage":"pt-BR","@id":"https:\/\/folhapopular.info\/wp-content\/uploads\/2026\/04\/Folha-1.webp","url":"https:\/\/folhapopular.info\/wp-content\/uploads\/2026\/04\/Folha-1.webp","contentUrl":"https:\/\/folhapopular.info\/wp-content\/uploads\/2026\/04\/Folha-1.webp","caption":"Reda\u00e7\u00e3o Folha Popular"},"url":"https:\/\/folhapopular.info\/index.php\/author\/redacao\/"}]}},"jetpack_featured_media_url":"https:\/\/folhapopular.info\/wp-content\/uploads\/2022\/08\/Seminario-Publico2-e1661772535895.jpg","jetpack_sharing_enabled":true,"amp_enabled":true,"_links":{"self":[{"href":"https:\/\/folhapopular.info\/index.php\/wp-json\/wp\/v2\/posts\/111657","targetHints":{"allow":["GET"]}}],"collection":[{"href":"https:\/\/folhapopular.info\/index.php\/wp-json\/wp\/v2\/posts"}],"about":[{"href":"https:\/\/folhapopular.info\/index.php\/wp-json\/wp\/v2\/types\/post"}],"author":[{"embeddable":true,"href":"https:\/\/folhapopular.info\/index.php\/wp-json\/wp\/v2\/users\/8"}],"replies":[{"embeddable":true,"href":"https:\/\/folhapopular.info\/index.php\/wp-json\/wp\/v2\/comments?post=111657"}],"version-history":[{"count":0,"href":"https:\/\/folhapopular.info\/index.php\/wp-json\/wp\/v2\/posts\/111657\/revisions"}],"wp:featuredmedia":[{"embeddable":true,"href":"https:\/\/folhapopular.info\/index.php\/wp-json\/wp\/v2\/media\/111658"}],"wp:attachment":[{"href":"https:\/\/folhapopular.info\/index.php\/wp-json\/wp\/v2\/media?parent=111657"}],"wp:term":[{"taxonomy":"category","embeddable":true,"href":"https:\/\/folhapopular.info\/index.php\/wp-json\/wp\/v2\/categories?post=111657"},{"taxonomy":"post_tag","embeddable":true,"href":"https:\/\/folhapopular.info\/index.php\/wp-json\/wp\/v2\/tags?post=111657"}],"curies":[{"name":"wp","href":"https:\/\/api.w.org\/{rel}","templated":true}]}}