{"id":111735,"date":"2022-08-30T09:04:23","date_gmt":"2022-08-30T12:04:23","guid":{"rendered":"https:\/\/folhapopular.info\/?p=111735"},"modified":"2022-08-30T09:26:00","modified_gmt":"2022-08-30T12:26:00","slug":"estudante-e-professora-do-colegio-teutonia-retornam-de-periodo-de-estudos-na-alemanha","status":"publish","type":"post","link":"https:\/\/folhapopular.info\/index.php\/2022\/08\/30\/estudante-e-professora-do-colegio-teutonia-retornam-de-periodo-de-estudos-na-alemanha\/","title":{"rendered":"Estudante e professora do Col\u00e9gio Teut\u00f4nia retornam de per\u00edodo de estudos na Alemanha"},"content":{"rendered":"\n<p>\u201cFoi incr\u00edvel, uma experi\u00eancia maravilhosa, momentos de troca. Al\u00e9m do aprendizado, pude fazer novas amizades e conhecer pontos tur\u00edsticos. A mala j\u00e1 est\u00e1 pronta para voltar assim que surgirem novas oportunidades.\u201d <\/p>\n\n\n\n<p>Essa \u00e9 a avalia\u00e7\u00e3o da jovem Ana Lu\u00edsa Schwambach (15), de Teut\u00f4nia, estudante da 1\u00aa s\u00e9rie do Ensino M\u00e9dio do Col\u00e9gio Teut\u00f4nia. Durante tr\u00eas semanas no m\u00eas de julho, ela realizou curso de L\u00edngua Alem\u00e3 na Alemanha.<\/p>\n\n\n\n<p>Ela foi contemplada com a bolsa JuKu\u00a0(Jugendkurs, direcionado para jovens que buscam aprimorar\u00a0o n\u00edvel da\u00a0L\u00edngua), da Iniciativa PASCH no Brasil e do Goethe Institut, uma parceria do governo alem\u00e3o com mais de 2 mil escolas em 120 pa\u00edses, que incentiva esse aprendizado da L\u00edngua Alem\u00e3 e que envolve estudantes e professores. O Col\u00e9gio Teut\u00f4nia integra esta iniciativa de Escolas Parceiras no Rio Grande do Sul.<\/p>\n\n\n\n<p><strong>Momentos de troca<\/strong><\/p>\n\n\n\n<p>Ana Lu\u00edsa esteve na cidade de Dresden, capital do Estado da Sax\u00f4nia, no leste da Alemanha. \u201cFiquei num alojamento com v\u00e1rios outros jovens. No dia a dia t\u00ednhamos aulas, al\u00e9m da possibilidade de passeios. Consegui me comunicar bem com professores, monitores e outros estudantes. Minha colega de quarto era ucraniana, e esse contato foi bem legal, com muita troca de informa\u00e7\u00f5es sobre outras culturas e costumes\u201d, comenta, feliz com o aprimoramento na L\u00edngua Alem\u00e3. <\/p>\n\n\n\n<p>Ela conta que muitos colegas do Col\u00e9gio Teut\u00f4nia j\u00e1 falaram que querem participar tamb\u00e9m e v\u00e3o se inscrever para o pr\u00f3ximo ano. Ela agradece ao CT pela experi\u00eancia. \u201cAcho que nunca mais vou viver algo parecido novamente&#8221;, afirma.<\/p>\n\n\n\n<p>A professora de L\u00edngua Alem\u00e3 do CT, Angelita Lohmann, tamb\u00e9m esteve neste per\u00edodo em Berlim para curso de forma\u00e7\u00e3o pedag\u00f3gica. \u201cEste ano, depois das restri\u00e7\u00f5es impostas pela pandemia, pudemos retomar o curso de forma presencial&#8221;, lembra.<\/p>\n\n\n\n<p>Ela destaca que os estudantes que se candidatam precisam estar num certo n\u00edvel de aprendizado da L\u00edngua Alem\u00e3 para poderem acompanhar as aulas e o dia a dia na Alemanha. &#8220;O Alem\u00e3o da Ana Lu\u00edsa evoluiu muito nessas tr\u00eas semanas, ela voltou \u2018pensando em Alem\u00e3o\u2019. Ver essa evolu\u00e7\u00e3o \u00e9 a minha alegria como professora e ela serve como influ\u00eancia positiva para os colegas, mostra as vantagens e o quanto se pode conquistar\u201d, comenta Angelita.<\/p>\n\n\n\n<p>A professa lembra que o CT j\u00e1 teve outros alunos nesse curso, por\u00e9m no formato online.<\/p>\n\n\n\n<p>Sobre a forma\u00e7\u00e3o de professores, Angelita ressalta a diversidade. \u201cHavia professores de Alem\u00e3o vindos de lugares como o Nepal, Mong\u00f3lia, Tadjiquist\u00e3o, Oman, Qu\u00eania, ou seja, muita cultura e informa\u00e7\u00e3o, uma troca muito rica&#8221;, conta. <\/p>\n\n\n\n<p>A professor afirma que o aprendizado segue\u00a0mesmo depois das\u00a0tr\u00eas semanas\u00a0l\u00e1. &#8220;Ana continua falando com os novos amigos que fez, eu continuo trocando materiais com esses professores de outros lugares do mundo. O trabalho que eu s\u00f3 fazia na minha sala de aula, agora estou trocando com professores desses outros pa\u00edses. \u00c9 pra isso que serve a L\u00edngua, para conversarmos n\u00e3o somente em sala de aula, mas para conversarmos com o mundo inteiro. E se \u00e9 o Alem\u00e3o que nos une, que bom&#8221;, pondera.<\/p>\n\n\n\n<p>O Col\u00e9gio Teut\u00f4nia possui ampla infraestrutura para o aprendizado das L\u00ednguas, com participa\u00e7\u00e3o em diversos cursos e concursos, possibilidade de outras bolsas para forma\u00e7\u00e3o acad\u00eamica na Alemanha, al\u00e9m do\u00a0Programa Bil\u00edngue\u00a0em\u00a0Ingl\u00eas e da oferta do Espanhol para o Ensino M\u00e9dio. \u201cE como Wittgenstein j\u00e1 disse: \u2018Os limites da minha linguagem s\u00e3o os limites do meu mundo\u2019. Que seja vasto este mundo de quem aprende mais uma L\u00edngua\u201d, conclui Angelita.<\/p>\n\n\n\n<figure class=\"wp-block-image size-large\"><img loading=\"lazy\" decoding=\"async\" width=\"1024\" height=\"497\" src=\"https:\/\/folhapopular.info\/wp-content\/uploads\/2022\/08\/intercambio-alemanha-5-e1661861008118-1024x497.jpeg\" alt=\"\" class=\"wp-image-111737\" srcset=\"https:\/\/folhapopular.info\/wp-content\/uploads\/2022\/08\/intercambio-alemanha-5-e1661861008118-1024x497.jpeg 1024w, https:\/\/folhapopular.info\/wp-content\/uploads\/2022\/08\/intercambio-alemanha-5-e1661861008118-300x146.jpeg 300w, https:\/\/folhapopular.info\/wp-content\/uploads\/2022\/08\/intercambio-alemanha-5-e1661861008118-768x373.jpeg 768w, https:\/\/folhapopular.info\/wp-content\/uploads\/2022\/08\/intercambio-alemanha-5-e1661861008118-696x338.jpeg 696w, https:\/\/folhapopular.info\/wp-content\/uploads\/2022\/08\/intercambio-alemanha-5-e1661861008118-1068x519.jpeg 1068w, https:\/\/folhapopular.info\/wp-content\/uploads\/2022\/08\/intercambio-alemanha-5-e1661861008118.jpeg 1200w\" sizes=\"auto, (max-width: 1024px) 100vw, 1024px\" \/><figcaption>Os professores de 15 diferentes nacionalidades. Professora Angelita Lohmann est\u00e1 agachada \u00e0 direita<\/figcaption><\/figure>\n","protected":false},"excerpt":{"rendered":"<p>\u201cFoi incr\u00edvel, uma experi\u00eancia maravilhosa, momentos de troca. Al\u00e9m do aprendizado, pude fazer novas amizades e conhecer pontos tur\u00edsticos. A mala j\u00e1 est\u00e1 pronta para voltar assim que surgirem novas oportunidades.\u201d Essa \u00e9 a avalia\u00e7\u00e3o da jovem Ana Lu\u00edsa Schwambach (15), de Teut\u00f4nia, estudante da 1\u00aa s\u00e9rie do Ensino M\u00e9dio do Col\u00e9gio Teut\u00f4nia. Durante tr\u00eas [&hellip;]<\/p>\n","protected":false},"author":8,"featured_media":111736,"comment_status":"open","ping_status":"open","sticky":false,"template":"","format":"standard","meta":{"pmpro_default_level":"","_jetpack_memberships_contains_paid_content":false,"footnotes":""},"categories":[2,3],"tags":[1257,2051,131,26],"class_list":{"0":"post-111735","1":"post","2":"type-post","3":"status-publish","4":"format-standard","5":"has-post-thumbnail","7":"category-featured","8":"category-geral","9":"tag-alemanha","10":"tag-alemao","11":"tag-colegio-teutonia","12":"tag-teutonia","13":"pmpro-has-access"},"yoast_head":"<!-- This site is optimized with the Yoast SEO plugin v27.5 - https:\/\/yoast.com\/product\/yoast-seo-wordpress\/ -->\n<title>Estudante e professora do Col\u00e9gio Teut\u00f4nia retornam de per\u00edodo de estudos na Alemanha - Folha Popular<\/title>\n<meta name=\"robots\" content=\"index, follow, max-snippet:-1, max-image-preview:large, max-video-preview:-1\" \/>\n<link rel=\"canonical\" href=\"https:\/\/folhapopular.info\/index.php\/2022\/08\/30\/estudante-e-professora-do-colegio-teutonia-retornam-de-periodo-de-estudos-na-alemanha\/\" \/>\n<meta property=\"og:locale\" content=\"pt_BR\" \/>\n<meta property=\"og:type\" content=\"article\" \/>\n<meta property=\"og:title\" content=\"Estudante e professora do Col\u00e9gio Teut\u00f4nia retornam de per\u00edodo de estudos na Alemanha - Folha Popular\" \/>\n<meta property=\"og:description\" content=\"\u201cFoi incr\u00edvel, uma experi\u00eancia maravilhosa, momentos de troca. Al\u00e9m do aprendizado, pude fazer novas amizades e conhecer pontos tur\u00edsticos. A mala j\u00e1 est\u00e1 pronta para voltar assim que surgirem novas oportunidades.\u201d Essa \u00e9 a avalia\u00e7\u00e3o da jovem Ana Lu\u00edsa Schwambach (15), de Teut\u00f4nia, estudante da 1\u00aa s\u00e9rie do Ensino M\u00e9dio do Col\u00e9gio Teut\u00f4nia. Durante tr\u00eas [&hellip;]\" \/>\n<meta property=\"og:url\" content=\"https:\/\/folhapopular.info\/index.php\/2022\/08\/30\/estudante-e-professora-do-colegio-teutonia-retornam-de-periodo-de-estudos-na-alemanha\/\" \/>\n<meta property=\"og:site_name\" content=\"Folha Popular\" \/>\n<meta property=\"article:published_time\" content=\"2022-08-30T12:04:23+00:00\" \/>\n<meta property=\"article:modified_time\" content=\"2022-08-30T12:26:00+00:00\" \/>\n<meta property=\"og:image\" content=\"http:\/\/folhapopular.info\/wp-content\/uploads\/2022\/08\/intercambio-alemanha-3-e1661860996800.jpeg\" \/>\n\t<meta property=\"og:image:width\" content=\"1200\" \/>\n\t<meta property=\"og:image:height\" content=\"800\" \/>\n\t<meta property=\"og:image:type\" content=\"image\/jpeg\" \/>\n<meta name=\"author\" content=\"Reda\u00e7\u00e3o Folha Popular\" \/>\n<meta name=\"twitter:card\" content=\"summary_large_image\" \/>\n<meta name=\"twitter:label1\" content=\"Escrito por\" \/>\n\t<meta name=\"twitter:data1\" content=\"Reda\u00e7\u00e3o Folha Popular\" \/>\n\t<meta name=\"twitter:label2\" content=\"Est. tempo de leitura\" \/>\n\t<meta name=\"twitter:data2\" content=\"4 minutos\" \/>\n<script type=\"application\/ld+json\" class=\"yoast-schema-graph\">{\"@context\":\"https:\\\/\\\/schema.org\",\"@graph\":[{\"@type\":\"Article\",\"@id\":\"https:\\\/\\\/folhapopular.info\\\/index.php\\\/2022\\\/08\\\/30\\\/estudante-e-professora-do-colegio-teutonia-retornam-de-periodo-de-estudos-na-alemanha\\\/#article\",\"isPartOf\":{\"@id\":\"https:\\\/\\\/folhapopular.info\\\/index.php\\\/2022\\\/08\\\/30\\\/estudante-e-professora-do-colegio-teutonia-retornam-de-periodo-de-estudos-na-alemanha\\\/\"},\"author\":{\"name\":\"Reda\u00e7\u00e3o Folha Popular\",\"@id\":\"https:\\\/\\\/folhapopular.info\\\/#\\\/schema\\\/person\\\/2814e8a0df7643585a9ca38bc6eb9d4b\"},\"headline\":\"Estudante e professora do Col\u00e9gio Teut\u00f4nia retornam de per\u00edodo de estudos na Alemanha\",\"datePublished\":\"2022-08-30T12:04:23+00:00\",\"dateModified\":\"2022-08-30T12:26:00+00:00\",\"mainEntityOfPage\":{\"@id\":\"https:\\\/\\\/folhapopular.info\\\/index.php\\\/2022\\\/08\\\/30\\\/estudante-e-professora-do-colegio-teutonia-retornam-de-periodo-de-estudos-na-alemanha\\\/\"},\"wordCount\":659,\"commentCount\":0,\"image\":{\"@id\":\"https:\\\/\\\/folhapopular.info\\\/index.php\\\/2022\\\/08\\\/30\\\/estudante-e-professora-do-colegio-teutonia-retornam-de-periodo-de-estudos-na-alemanha\\\/#primaryimage\"},\"thumbnailUrl\":\"https:\\\/\\\/folhapopular.info\\\/wp-content\\\/uploads\\\/2022\\\/08\\\/intercambio-alemanha-3-e1661860996800.jpeg\",\"keywords\":[\"Alemanha\",\"Alem\u00e3o\",\"Col\u00e9gio Teut\u00f4nia\",\"Teut\u00f4nia\"],\"articleSection\":[\"Destaques\",\"Geral\"],\"inLanguage\":\"pt-BR\",\"potentialAction\":[{\"@type\":\"CommentAction\",\"name\":\"Comment\",\"target\":[\"https:\\\/\\\/folhapopular.info\\\/index.php\\\/2022\\\/08\\\/30\\\/estudante-e-professora-do-colegio-teutonia-retornam-de-periodo-de-estudos-na-alemanha\\\/#respond\"]}]},{\"@type\":\"WebPage\",\"@id\":\"https:\\\/\\\/folhapopular.info\\\/index.php\\\/2022\\\/08\\\/30\\\/estudante-e-professora-do-colegio-teutonia-retornam-de-periodo-de-estudos-na-alemanha\\\/\",\"url\":\"https:\\\/\\\/folhapopular.info\\\/index.php\\\/2022\\\/08\\\/30\\\/estudante-e-professora-do-colegio-teutonia-retornam-de-periodo-de-estudos-na-alemanha\\\/\",\"name\":\"Estudante e professora do Col\u00e9gio Teut\u00f4nia retornam de per\u00edodo de estudos na Alemanha - Folha Popular\",\"isPartOf\":{\"@id\":\"https:\\\/\\\/folhapopular.info\\\/#website\"},\"primaryImageOfPage\":{\"@id\":\"https:\\\/\\\/folhapopular.info\\\/index.php\\\/2022\\\/08\\\/30\\\/estudante-e-professora-do-colegio-teutonia-retornam-de-periodo-de-estudos-na-alemanha\\\/#primaryimage\"},\"image\":{\"@id\":\"https:\\\/\\\/folhapopular.info\\\/index.php\\\/2022\\\/08\\\/30\\\/estudante-e-professora-do-colegio-teutonia-retornam-de-periodo-de-estudos-na-alemanha\\\/#primaryimage\"},\"thumbnailUrl\":\"https:\\\/\\\/folhapopular.info\\\/wp-content\\\/uploads\\\/2022\\\/08\\\/intercambio-alemanha-3-e1661860996800.jpeg\",\"datePublished\":\"2022-08-30T12:04:23+00:00\",\"dateModified\":\"2022-08-30T12:26:00+00:00\",\"author\":{\"@id\":\"https:\\\/\\\/folhapopular.info\\\/#\\\/schema\\\/person\\\/2814e8a0df7643585a9ca38bc6eb9d4b\"},\"breadcrumb\":{\"@id\":\"https:\\\/\\\/folhapopular.info\\\/index.php\\\/2022\\\/08\\\/30\\\/estudante-e-professora-do-colegio-teutonia-retornam-de-periodo-de-estudos-na-alemanha\\\/#breadcrumb\"},\"inLanguage\":\"pt-BR\",\"potentialAction\":[{\"@type\":\"ReadAction\",\"target\":[\"https:\\\/\\\/folhapopular.info\\\/index.php\\\/2022\\\/08\\\/30\\\/estudante-e-professora-do-colegio-teutonia-retornam-de-periodo-de-estudos-na-alemanha\\\/\"]}]},{\"@type\":\"ImageObject\",\"inLanguage\":\"pt-BR\",\"@id\":\"https:\\\/\\\/folhapopular.info\\\/index.php\\\/2022\\\/08\\\/30\\\/estudante-e-professora-do-colegio-teutonia-retornam-de-periodo-de-estudos-na-alemanha\\\/#primaryimage\",\"url\":\"https:\\\/\\\/folhapopular.info\\\/wp-content\\\/uploads\\\/2022\\\/08\\\/intercambio-alemanha-3-e1661860996800.jpeg\",\"contentUrl\":\"https:\\\/\\\/folhapopular.info\\\/wp-content\\\/uploads\\\/2022\\\/08\\\/intercambio-alemanha-3-e1661860996800.jpeg\",\"width\":1200,\"height\":800,\"caption\":\"Todos os participantes do JuKu (Jugendkurs, direcionado para jovens que buscam aprimorar o n\u00edvel da L\u00edngua) de Dresden\"},{\"@type\":\"BreadcrumbList\",\"@id\":\"https:\\\/\\\/folhapopular.info\\\/index.php\\\/2022\\\/08\\\/30\\\/estudante-e-professora-do-colegio-teutonia-retornam-de-periodo-de-estudos-na-alemanha\\\/#breadcrumb\",\"itemListElement\":[{\"@type\":\"ListItem\",\"position\":1,\"name\":\"In\u00edcio\",\"item\":\"https:\\\/\\\/folhapopular.info\\\/\"},{\"@type\":\"ListItem\",\"position\":2,\"name\":\"Estudante e professora do Col\u00e9gio Teut\u00f4nia retornam de per\u00edodo de estudos na Alemanha\"}]},{\"@type\":\"WebSite\",\"@id\":\"https:\\\/\\\/folhapopular.info\\\/#website\",\"url\":\"https:\\\/\\\/folhapopular.info\\\/\",\"name\":\"Folha Popular\",\"description\":\"Onde voc\u00ea tem vez e voz\",\"potentialAction\":[{\"@type\":\"SearchAction\",\"target\":{\"@type\":\"EntryPoint\",\"urlTemplate\":\"https:\\\/\\\/folhapopular.info\\\/?s={search_term_string}\"},\"query-input\":{\"@type\":\"PropertyValueSpecification\",\"valueRequired\":true,\"valueName\":\"search_term_string\"}}],\"inLanguage\":\"pt-BR\"},{\"@type\":\"Person\",\"@id\":\"https:\\\/\\\/folhapopular.info\\\/#\\\/schema\\\/person\\\/2814e8a0df7643585a9ca38bc6eb9d4b\",\"name\":\"Reda\u00e7\u00e3o Folha Popular\",\"image\":{\"@type\":\"ImageObject\",\"inLanguage\":\"pt-BR\",\"@id\":\"https:\\\/\\\/folhapopular.info\\\/wp-content\\\/uploads\\\/2026\\\/04\\\/Folha-1.webp\",\"url\":\"https:\\\/\\\/folhapopular.info\\\/wp-content\\\/uploads\\\/2026\\\/04\\\/Folha-1.webp\",\"contentUrl\":\"https:\\\/\\\/folhapopular.info\\\/wp-content\\\/uploads\\\/2026\\\/04\\\/Folha-1.webp\",\"caption\":\"Reda\u00e7\u00e3o Folha Popular\"},\"url\":\"https:\\\/\\\/folhapopular.info\\\/index.php\\\/author\\\/redacao\\\/\"}]}<\/script>\n<!-- \/ Yoast SEO plugin. -->","yoast_head_json":{"title":"Estudante e professora do Col\u00e9gio Teut\u00f4nia retornam de per\u00edodo de estudos na Alemanha - Folha Popular","robots":{"index":"index","follow":"follow","max-snippet":"max-snippet:-1","max-image-preview":"max-image-preview:large","max-video-preview":"max-video-preview:-1"},"canonical":"https:\/\/folhapopular.info\/index.php\/2022\/08\/30\/estudante-e-professora-do-colegio-teutonia-retornam-de-periodo-de-estudos-na-alemanha\/","og_locale":"pt_BR","og_type":"article","og_title":"Estudante e professora do Col\u00e9gio Teut\u00f4nia retornam de per\u00edodo de estudos na Alemanha - Folha Popular","og_description":"\u201cFoi incr\u00edvel, uma experi\u00eancia maravilhosa, momentos de troca. Al\u00e9m do aprendizado, pude fazer novas amizades e conhecer pontos tur\u00edsticos. A mala j\u00e1 est\u00e1 pronta para voltar assim que surgirem novas oportunidades.\u201d Essa \u00e9 a avalia\u00e7\u00e3o da jovem Ana Lu\u00edsa Schwambach (15), de Teut\u00f4nia, estudante da 1\u00aa s\u00e9rie do Ensino M\u00e9dio do Col\u00e9gio Teut\u00f4nia. Durante tr\u00eas [&hellip;]","og_url":"https:\/\/folhapopular.info\/index.php\/2022\/08\/30\/estudante-e-professora-do-colegio-teutonia-retornam-de-periodo-de-estudos-na-alemanha\/","og_site_name":"Folha Popular","article_published_time":"2022-08-30T12:04:23+00:00","article_modified_time":"2022-08-30T12:26:00+00:00","og_image":[{"width":1200,"height":800,"url":"http:\/\/folhapopular.info\/wp-content\/uploads\/2022\/08\/intercambio-alemanha-3-e1661860996800.jpeg","type":"image\/jpeg"}],"author":"Reda\u00e7\u00e3o Folha Popular","twitter_card":"summary_large_image","twitter_misc":{"Escrito por":"Reda\u00e7\u00e3o Folha Popular","Est. tempo de leitura":"4 minutos"},"schema":{"@context":"https:\/\/schema.org","@graph":[{"@type":"Article","@id":"https:\/\/folhapopular.info\/index.php\/2022\/08\/30\/estudante-e-professora-do-colegio-teutonia-retornam-de-periodo-de-estudos-na-alemanha\/#article","isPartOf":{"@id":"https:\/\/folhapopular.info\/index.php\/2022\/08\/30\/estudante-e-professora-do-colegio-teutonia-retornam-de-periodo-de-estudos-na-alemanha\/"},"author":{"name":"Reda\u00e7\u00e3o Folha Popular","@id":"https:\/\/folhapopular.info\/#\/schema\/person\/2814e8a0df7643585a9ca38bc6eb9d4b"},"headline":"Estudante e professora do Col\u00e9gio Teut\u00f4nia retornam de per\u00edodo de estudos na Alemanha","datePublished":"2022-08-30T12:04:23+00:00","dateModified":"2022-08-30T12:26:00+00:00","mainEntityOfPage":{"@id":"https:\/\/folhapopular.info\/index.php\/2022\/08\/30\/estudante-e-professora-do-colegio-teutonia-retornam-de-periodo-de-estudos-na-alemanha\/"},"wordCount":659,"commentCount":0,"image":{"@id":"https:\/\/folhapopular.info\/index.php\/2022\/08\/30\/estudante-e-professora-do-colegio-teutonia-retornam-de-periodo-de-estudos-na-alemanha\/#primaryimage"},"thumbnailUrl":"https:\/\/folhapopular.info\/wp-content\/uploads\/2022\/08\/intercambio-alemanha-3-e1661860996800.jpeg","keywords":["Alemanha","Alem\u00e3o","Col\u00e9gio Teut\u00f4nia","Teut\u00f4nia"],"articleSection":["Destaques","Geral"],"inLanguage":"pt-BR","potentialAction":[{"@type":"CommentAction","name":"Comment","target":["https:\/\/folhapopular.info\/index.php\/2022\/08\/30\/estudante-e-professora-do-colegio-teutonia-retornam-de-periodo-de-estudos-na-alemanha\/#respond"]}]},{"@type":"WebPage","@id":"https:\/\/folhapopular.info\/index.php\/2022\/08\/30\/estudante-e-professora-do-colegio-teutonia-retornam-de-periodo-de-estudos-na-alemanha\/","url":"https:\/\/folhapopular.info\/index.php\/2022\/08\/30\/estudante-e-professora-do-colegio-teutonia-retornam-de-periodo-de-estudos-na-alemanha\/","name":"Estudante e professora do Col\u00e9gio Teut\u00f4nia retornam de per\u00edodo de estudos na Alemanha - Folha Popular","isPartOf":{"@id":"https:\/\/folhapopular.info\/#website"},"primaryImageOfPage":{"@id":"https:\/\/folhapopular.info\/index.php\/2022\/08\/30\/estudante-e-professora-do-colegio-teutonia-retornam-de-periodo-de-estudos-na-alemanha\/#primaryimage"},"image":{"@id":"https:\/\/folhapopular.info\/index.php\/2022\/08\/30\/estudante-e-professora-do-colegio-teutonia-retornam-de-periodo-de-estudos-na-alemanha\/#primaryimage"},"thumbnailUrl":"https:\/\/folhapopular.info\/wp-content\/uploads\/2022\/08\/intercambio-alemanha-3-e1661860996800.jpeg","datePublished":"2022-08-30T12:04:23+00:00","dateModified":"2022-08-30T12:26:00+00:00","author":{"@id":"https:\/\/folhapopular.info\/#\/schema\/person\/2814e8a0df7643585a9ca38bc6eb9d4b"},"breadcrumb":{"@id":"https:\/\/folhapopular.info\/index.php\/2022\/08\/30\/estudante-e-professora-do-colegio-teutonia-retornam-de-periodo-de-estudos-na-alemanha\/#breadcrumb"},"inLanguage":"pt-BR","potentialAction":[{"@type":"ReadAction","target":["https:\/\/folhapopular.info\/index.php\/2022\/08\/30\/estudante-e-professora-do-colegio-teutonia-retornam-de-periodo-de-estudos-na-alemanha\/"]}]},{"@type":"ImageObject","inLanguage":"pt-BR","@id":"https:\/\/folhapopular.info\/index.php\/2022\/08\/30\/estudante-e-professora-do-colegio-teutonia-retornam-de-periodo-de-estudos-na-alemanha\/#primaryimage","url":"https:\/\/folhapopular.info\/wp-content\/uploads\/2022\/08\/intercambio-alemanha-3-e1661860996800.jpeg","contentUrl":"https:\/\/folhapopular.info\/wp-content\/uploads\/2022\/08\/intercambio-alemanha-3-e1661860996800.jpeg","width":1200,"height":800,"caption":"Todos os participantes do JuKu (Jugendkurs, direcionado para jovens que buscam aprimorar o n\u00edvel da L\u00edngua) de Dresden"},{"@type":"BreadcrumbList","@id":"https:\/\/folhapopular.info\/index.php\/2022\/08\/30\/estudante-e-professora-do-colegio-teutonia-retornam-de-periodo-de-estudos-na-alemanha\/#breadcrumb","itemListElement":[{"@type":"ListItem","position":1,"name":"In\u00edcio","item":"https:\/\/folhapopular.info\/"},{"@type":"ListItem","position":2,"name":"Estudante e professora do Col\u00e9gio Teut\u00f4nia retornam de per\u00edodo de estudos na Alemanha"}]},{"@type":"WebSite","@id":"https:\/\/folhapopular.info\/#website","url":"https:\/\/folhapopular.info\/","name":"Folha Popular","description":"Onde voc\u00ea tem vez e voz","potentialAction":[{"@type":"SearchAction","target":{"@type":"EntryPoint","urlTemplate":"https:\/\/folhapopular.info\/?s={search_term_string}"},"query-input":{"@type":"PropertyValueSpecification","valueRequired":true,"valueName":"search_term_string"}}],"inLanguage":"pt-BR"},{"@type":"Person","@id":"https:\/\/folhapopular.info\/#\/schema\/person\/2814e8a0df7643585a9ca38bc6eb9d4b","name":"Reda\u00e7\u00e3o Folha Popular","image":{"@type":"ImageObject","inLanguage":"pt-BR","@id":"https:\/\/folhapopular.info\/wp-content\/uploads\/2026\/04\/Folha-1.webp","url":"https:\/\/folhapopular.info\/wp-content\/uploads\/2026\/04\/Folha-1.webp","contentUrl":"https:\/\/folhapopular.info\/wp-content\/uploads\/2026\/04\/Folha-1.webp","caption":"Reda\u00e7\u00e3o Folha Popular"},"url":"https:\/\/folhapopular.info\/index.php\/author\/redacao\/"}]}},"jetpack_featured_media_url":"https:\/\/folhapopular.info\/wp-content\/uploads\/2022\/08\/intercambio-alemanha-3-e1661860996800.jpeg","jetpack_sharing_enabled":true,"amp_enabled":true,"_links":{"self":[{"href":"https:\/\/folhapopular.info\/index.php\/wp-json\/wp\/v2\/posts\/111735","targetHints":{"allow":["GET"]}}],"collection":[{"href":"https:\/\/folhapopular.info\/index.php\/wp-json\/wp\/v2\/posts"}],"about":[{"href":"https:\/\/folhapopular.info\/index.php\/wp-json\/wp\/v2\/types\/post"}],"author":[{"embeddable":true,"href":"https:\/\/folhapopular.info\/index.php\/wp-json\/wp\/v2\/users\/8"}],"replies":[{"embeddable":true,"href":"https:\/\/folhapopular.info\/index.php\/wp-json\/wp\/v2\/comments?post=111735"}],"version-history":[{"count":0,"href":"https:\/\/folhapopular.info\/index.php\/wp-json\/wp\/v2\/posts\/111735\/revisions"}],"wp:featuredmedia":[{"embeddable":true,"href":"https:\/\/folhapopular.info\/index.php\/wp-json\/wp\/v2\/media\/111736"}],"wp:attachment":[{"href":"https:\/\/folhapopular.info\/index.php\/wp-json\/wp\/v2\/media?parent=111735"}],"wp:term":[{"taxonomy":"category","embeddable":true,"href":"https:\/\/folhapopular.info\/index.php\/wp-json\/wp\/v2\/categories?post=111735"},{"taxonomy":"post_tag","embeddable":true,"href":"https:\/\/folhapopular.info\/index.php\/wp-json\/wp\/v2\/tags?post=111735"}],"curies":[{"name":"wp","href":"https:\/\/api.w.org\/{rel}","templated":true}]}}