{"id":111746,"date":"2022-08-30T09:56:56","date_gmt":"2022-08-30T12:56:56","guid":{"rendered":"https:\/\/folhapopular.info\/?p=111746"},"modified":"2022-08-30T09:57:00","modified_gmt":"2022-08-30T12:57:00","slug":"apl-alimentos-e-bebidas-vale-do-taquari-ganha-identidade-visual","status":"publish","type":"post","link":"https:\/\/folhapopular.info\/index.php\/2022\/08\/30\/apl-alimentos-e-bebidas-vale-do-taquari-ganha-identidade-visual\/","title":{"rendered":"APL Alimentos e Bebidas Vale do Taquari ganha identidade visual"},"content":{"rendered":"\n<p>O Arranjo Produtivo Local Alimentos e Bebidas Vale do Taquari agora conta com uma identidade visual. O APL foi criado em outubro de 2021 e certificado pelo Governo do Estado este ano. A entidade que hoje conta com a ades\u00e3o de mais de 30 empresas de pequeno, m\u00e9dio e grande portes de toda regi\u00e3o. Essa \u00e9 mais uma etapa em sua estrutura\u00e7\u00e3o. <\/p>\n\n\n\n<p>O material foi desenvolvido de forma volunt\u00e1ria pela IM Brasil, ag\u00eancia de Santa Clara do Sul. A s\u00f3cia-propriet\u00e1ria da empresa, Jaqueline Simon Klein, relatou que foi um desafio criar uma logomarca que representasse os 36 munic\u00edpios e todas as suas diferen\u00e7as em apenas uma imagem.\u00a0 \u201cA partir de estudos, pesquisas e do pr\u00f3prio briefing dado pelos clientes, utilizamos o conceito de imagem fluida para o desenvolvimento desse logotipo&#8221;, explica.<\/p>\n\n\n\n<p>A cria\u00e7\u00e3o do logotipo que complementa o nome foi desenvolvido a partir de temas e for\u00e7as do cotidiano econ\u00f4mico do Vale do Taquari. A parte superior do desenho apresenta um copo sendo derramado, retratando toda a ind\u00fastria de bebidas da regi\u00e3o, do leite \u00e0s cervejarias, passando pelos sucos, refrigerantes e \u00e1gua mineral.<\/p>\n\n\n\n<p>Ao centro, os talheres representam a \u00e1rea da alimenta\u00e7\u00e3o da regi\u00e3o, lembrando os restaurantes, sorveterias, bares e ind\u00fastrias. J\u00e1 a parte inferior, apresenta as pessoas, parte essencial tanto da produ\u00e7\u00e3o, quanto do consumo final de nossos produtos.<\/p>\n\n\n\n<p>Tudo isso envolvido pela silhueta do Vale do Taquari, a \u00e1rea de atua\u00e7\u00e3o do APL.<\/p>\n\n\n\n<p><strong>Tipografia<\/strong> <strong>e cores<\/strong><\/p>\n\n\n\n<p>A tipografia \u00e9 projetada para ser moderna com estilo humanista e aspecto org\u00e2nico e de boa legibilidade. Alto contraste de tra\u00e7os para facilitar a leitura em telas e impressos.<\/p>\n\n\n\n<p>Tr\u00eas cores comp\u00f5em o material:<\/p>\n\n\n\n<p>Verde: Aplicado a logotipos relacionados \u00e0 natureza, sorte e liberdade, o verde \u00e9 sin\u00f4nimo de sa\u00fade e frescor. Aplicado em tons mais intensos est\u00e1 relacionado a dinheiro e riqueza.<\/p>\n\n\n\n<p>Azul: Essa cor, famosa por seu uso difundido entre as marcas, traz transpar\u00eancia e fidelidade. Ele \u00e9 aplicado \u00e0s marcas para transmitir uma imagem valiosa de intelig\u00eancia, for\u00e7a e clareza.<\/p>\n\n\n\n<p>Cinza: O cinza passa uma ideia de responsabilidade, conhecimento e profissionalismo.<\/p>\n","protected":false},"excerpt":{"rendered":"<p>O Arranjo Produtivo Local Alimentos e Bebidas Vale do Taquari agora conta com uma identidade visual. O APL foi criado em outubro de 2021 e certificado pelo Governo do Estado este ano. A entidade que hoje conta com a ades\u00e3o de mais de 30 empresas de pequeno, m\u00e9dio e grande portes de toda regi\u00e3o. Essa [&hellip;]<\/p>\n","protected":false},"author":8,"featured_media":111747,"comment_status":"open","ping_status":"open","sticky":false,"template":"","format":"standard","meta":{"pmpro_default_level":"","_jetpack_memberships_contains_paid_content":false,"footnotes":""},"categories":[2,3],"tags":[],"class_list":{"0":"post-111746","1":"post","2":"type-post","3":"status-publish","4":"format-standard","5":"has-post-thumbnail","7":"category-featured","8":"category-geral","9":"pmpro-has-access"},"yoast_head":"<!-- This site is optimized with the Yoast SEO plugin v27.5 - https:\/\/yoast.com\/product\/yoast-seo-wordpress\/ -->\n<title>APL Alimentos e Bebidas Vale do Taquari ganha identidade visual - Folha Popular<\/title>\n<meta name=\"robots\" content=\"index, follow, max-snippet:-1, max-image-preview:large, max-video-preview:-1\" \/>\n<link rel=\"canonical\" href=\"https:\/\/folhapopular.info\/index.php\/2022\/08\/30\/apl-alimentos-e-bebidas-vale-do-taquari-ganha-identidade-visual\/\" \/>\n<meta property=\"og:locale\" content=\"pt_BR\" \/>\n<meta property=\"og:type\" content=\"article\" \/>\n<meta property=\"og:title\" content=\"APL Alimentos e Bebidas Vale do Taquari ganha identidade visual - Folha Popular\" \/>\n<meta property=\"og:description\" content=\"O Arranjo Produtivo Local Alimentos e Bebidas Vale do Taquari agora conta com uma identidade visual. O APL foi criado em outubro de 2021 e certificado pelo Governo do Estado este ano. A entidade que hoje conta com a ades\u00e3o de mais de 30 empresas de pequeno, m\u00e9dio e grande portes de toda regi\u00e3o. Essa [&hellip;]\" \/>\n<meta property=\"og:url\" content=\"https:\/\/folhapopular.info\/index.php\/2022\/08\/30\/apl-alimentos-e-bebidas-vale-do-taquari-ganha-identidade-visual\/\" \/>\n<meta property=\"og:site_name\" content=\"Folha Popular\" \/>\n<meta property=\"article:published_time\" content=\"2022-08-30T12:56:56+00:00\" \/>\n<meta property=\"article:modified_time\" content=\"2022-08-30T12:57:00+00:00\" \/>\n<meta property=\"og:image\" content=\"http:\/\/folhapopular.info\/wp-content\/uploads\/2022\/08\/0-5.jpg\" \/>\n\t<meta property=\"og:image:width\" content=\"921\" \/>\n\t<meta property=\"og:image:height\" content=\"518\" \/>\n\t<meta property=\"og:image:type\" content=\"image\/jpeg\" \/>\n<meta name=\"author\" content=\"Reda\u00e7\u00e3o Folha Popular\" \/>\n<meta name=\"twitter:card\" content=\"summary_large_image\" \/>\n<meta name=\"twitter:label1\" content=\"Escrito por\" \/>\n\t<meta name=\"twitter:data1\" content=\"Reda\u00e7\u00e3o Folha Popular\" \/>\n\t<meta name=\"twitter:label2\" content=\"Est. tempo de leitura\" \/>\n\t<meta name=\"twitter:data2\" content=\"2 minutos\" \/>\n<script type=\"application\/ld+json\" class=\"yoast-schema-graph\">{\"@context\":\"https:\\\/\\\/schema.org\",\"@graph\":[{\"@type\":\"Article\",\"@id\":\"https:\\\/\\\/folhapopular.info\\\/index.php\\\/2022\\\/08\\\/30\\\/apl-alimentos-e-bebidas-vale-do-taquari-ganha-identidade-visual\\\/#article\",\"isPartOf\":{\"@id\":\"https:\\\/\\\/folhapopular.info\\\/index.php\\\/2022\\\/08\\\/30\\\/apl-alimentos-e-bebidas-vale-do-taquari-ganha-identidade-visual\\\/\"},\"author\":{\"name\":\"Reda\u00e7\u00e3o Folha Popular\",\"@id\":\"https:\\\/\\\/folhapopular.info\\\/#\\\/schema\\\/person\\\/2814e8a0df7643585a9ca38bc6eb9d4b\"},\"headline\":\"APL Alimentos e Bebidas Vale do Taquari ganha identidade visual\",\"datePublished\":\"2022-08-30T12:56:56+00:00\",\"dateModified\":\"2022-08-30T12:57:00+00:00\",\"mainEntityOfPage\":{\"@id\":\"https:\\\/\\\/folhapopular.info\\\/index.php\\\/2022\\\/08\\\/30\\\/apl-alimentos-e-bebidas-vale-do-taquari-ganha-identidade-visual\\\/\"},\"wordCount\":374,\"commentCount\":0,\"image\":{\"@id\":\"https:\\\/\\\/folhapopular.info\\\/index.php\\\/2022\\\/08\\\/30\\\/apl-alimentos-e-bebidas-vale-do-taquari-ganha-identidade-visual\\\/#primaryimage\"},\"thumbnailUrl\":\"https:\\\/\\\/folhapopular.info\\\/wp-content\\\/uploads\\\/2022\\\/08\\\/0-5.jpg\",\"articleSection\":[\"Destaques\",\"Geral\"],\"inLanguage\":\"pt-BR\",\"potentialAction\":[{\"@type\":\"CommentAction\",\"name\":\"Comment\",\"target\":[\"https:\\\/\\\/folhapopular.info\\\/index.php\\\/2022\\\/08\\\/30\\\/apl-alimentos-e-bebidas-vale-do-taquari-ganha-identidade-visual\\\/#respond\"]}]},{\"@type\":\"WebPage\",\"@id\":\"https:\\\/\\\/folhapopular.info\\\/index.php\\\/2022\\\/08\\\/30\\\/apl-alimentos-e-bebidas-vale-do-taquari-ganha-identidade-visual\\\/\",\"url\":\"https:\\\/\\\/folhapopular.info\\\/index.php\\\/2022\\\/08\\\/30\\\/apl-alimentos-e-bebidas-vale-do-taquari-ganha-identidade-visual\\\/\",\"name\":\"APL Alimentos e Bebidas Vale do Taquari ganha identidade visual - Folha Popular\",\"isPartOf\":{\"@id\":\"https:\\\/\\\/folhapopular.info\\\/#website\"},\"primaryImageOfPage\":{\"@id\":\"https:\\\/\\\/folhapopular.info\\\/index.php\\\/2022\\\/08\\\/30\\\/apl-alimentos-e-bebidas-vale-do-taquari-ganha-identidade-visual\\\/#primaryimage\"},\"image\":{\"@id\":\"https:\\\/\\\/folhapopular.info\\\/index.php\\\/2022\\\/08\\\/30\\\/apl-alimentos-e-bebidas-vale-do-taquari-ganha-identidade-visual\\\/#primaryimage\"},\"thumbnailUrl\":\"https:\\\/\\\/folhapopular.info\\\/wp-content\\\/uploads\\\/2022\\\/08\\\/0-5.jpg\",\"datePublished\":\"2022-08-30T12:56:56+00:00\",\"dateModified\":\"2022-08-30T12:57:00+00:00\",\"author\":{\"@id\":\"https:\\\/\\\/folhapopular.info\\\/#\\\/schema\\\/person\\\/2814e8a0df7643585a9ca38bc6eb9d4b\"},\"breadcrumb\":{\"@id\":\"https:\\\/\\\/folhapopular.info\\\/index.php\\\/2022\\\/08\\\/30\\\/apl-alimentos-e-bebidas-vale-do-taquari-ganha-identidade-visual\\\/#breadcrumb\"},\"inLanguage\":\"pt-BR\",\"potentialAction\":[{\"@type\":\"ReadAction\",\"target\":[\"https:\\\/\\\/folhapopular.info\\\/index.php\\\/2022\\\/08\\\/30\\\/apl-alimentos-e-bebidas-vale-do-taquari-ganha-identidade-visual\\\/\"]}]},{\"@type\":\"ImageObject\",\"inLanguage\":\"pt-BR\",\"@id\":\"https:\\\/\\\/folhapopular.info\\\/index.php\\\/2022\\\/08\\\/30\\\/apl-alimentos-e-bebidas-vale-do-taquari-ganha-identidade-visual\\\/#primaryimage\",\"url\":\"https:\\\/\\\/folhapopular.info\\\/wp-content\\\/uploads\\\/2022\\\/08\\\/0-5.jpg\",\"contentUrl\":\"https:\\\/\\\/folhapopular.info\\\/wp-content\\\/uploads\\\/2022\\\/08\\\/0-5.jpg\",\"width\":921,\"height\":518},{\"@type\":\"BreadcrumbList\",\"@id\":\"https:\\\/\\\/folhapopular.info\\\/index.php\\\/2022\\\/08\\\/30\\\/apl-alimentos-e-bebidas-vale-do-taquari-ganha-identidade-visual\\\/#breadcrumb\",\"itemListElement\":[{\"@type\":\"ListItem\",\"position\":1,\"name\":\"In\u00edcio\",\"item\":\"https:\\\/\\\/folhapopular.info\\\/\"},{\"@type\":\"ListItem\",\"position\":2,\"name\":\"APL Alimentos e Bebidas Vale do Taquari ganha identidade visual\"}]},{\"@type\":\"WebSite\",\"@id\":\"https:\\\/\\\/folhapopular.info\\\/#website\",\"url\":\"https:\\\/\\\/folhapopular.info\\\/\",\"name\":\"Folha Popular\",\"description\":\"Onde voc\u00ea tem vez e voz\",\"potentialAction\":[{\"@type\":\"SearchAction\",\"target\":{\"@type\":\"EntryPoint\",\"urlTemplate\":\"https:\\\/\\\/folhapopular.info\\\/?s={search_term_string}\"},\"query-input\":{\"@type\":\"PropertyValueSpecification\",\"valueRequired\":true,\"valueName\":\"search_term_string\"}}],\"inLanguage\":\"pt-BR\"},{\"@type\":\"Person\",\"@id\":\"https:\\\/\\\/folhapopular.info\\\/#\\\/schema\\\/person\\\/2814e8a0df7643585a9ca38bc6eb9d4b\",\"name\":\"Reda\u00e7\u00e3o Folha Popular\",\"image\":{\"@type\":\"ImageObject\",\"inLanguage\":\"pt-BR\",\"@id\":\"https:\\\/\\\/folhapopular.info\\\/wp-content\\\/uploads\\\/2026\\\/04\\\/Folha-1.webp\",\"url\":\"https:\\\/\\\/folhapopular.info\\\/wp-content\\\/uploads\\\/2026\\\/04\\\/Folha-1.webp\",\"contentUrl\":\"https:\\\/\\\/folhapopular.info\\\/wp-content\\\/uploads\\\/2026\\\/04\\\/Folha-1.webp\",\"caption\":\"Reda\u00e7\u00e3o Folha Popular\"},\"url\":\"https:\\\/\\\/folhapopular.info\\\/index.php\\\/author\\\/redacao\\\/\"}]}<\/script>\n<!-- \/ Yoast SEO plugin. -->","yoast_head_json":{"title":"APL Alimentos e Bebidas Vale do Taquari ganha identidade visual - Folha Popular","robots":{"index":"index","follow":"follow","max-snippet":"max-snippet:-1","max-image-preview":"max-image-preview:large","max-video-preview":"max-video-preview:-1"},"canonical":"https:\/\/folhapopular.info\/index.php\/2022\/08\/30\/apl-alimentos-e-bebidas-vale-do-taquari-ganha-identidade-visual\/","og_locale":"pt_BR","og_type":"article","og_title":"APL Alimentos e Bebidas Vale do Taquari ganha identidade visual - Folha Popular","og_description":"O Arranjo Produtivo Local Alimentos e Bebidas Vale do Taquari agora conta com uma identidade visual. O APL foi criado em outubro de 2021 e certificado pelo Governo do Estado este ano. A entidade que hoje conta com a ades\u00e3o de mais de 30 empresas de pequeno, m\u00e9dio e grande portes de toda regi\u00e3o. Essa [&hellip;]","og_url":"https:\/\/folhapopular.info\/index.php\/2022\/08\/30\/apl-alimentos-e-bebidas-vale-do-taquari-ganha-identidade-visual\/","og_site_name":"Folha Popular","article_published_time":"2022-08-30T12:56:56+00:00","article_modified_time":"2022-08-30T12:57:00+00:00","og_image":[{"width":921,"height":518,"url":"http:\/\/folhapopular.info\/wp-content\/uploads\/2022\/08\/0-5.jpg","type":"image\/jpeg"}],"author":"Reda\u00e7\u00e3o Folha Popular","twitter_card":"summary_large_image","twitter_misc":{"Escrito por":"Reda\u00e7\u00e3o Folha Popular","Est. tempo de leitura":"2 minutos"},"schema":{"@context":"https:\/\/schema.org","@graph":[{"@type":"Article","@id":"https:\/\/folhapopular.info\/index.php\/2022\/08\/30\/apl-alimentos-e-bebidas-vale-do-taquari-ganha-identidade-visual\/#article","isPartOf":{"@id":"https:\/\/folhapopular.info\/index.php\/2022\/08\/30\/apl-alimentos-e-bebidas-vale-do-taquari-ganha-identidade-visual\/"},"author":{"name":"Reda\u00e7\u00e3o Folha Popular","@id":"https:\/\/folhapopular.info\/#\/schema\/person\/2814e8a0df7643585a9ca38bc6eb9d4b"},"headline":"APL Alimentos e Bebidas Vale do Taquari ganha identidade visual","datePublished":"2022-08-30T12:56:56+00:00","dateModified":"2022-08-30T12:57:00+00:00","mainEntityOfPage":{"@id":"https:\/\/folhapopular.info\/index.php\/2022\/08\/30\/apl-alimentos-e-bebidas-vale-do-taquari-ganha-identidade-visual\/"},"wordCount":374,"commentCount":0,"image":{"@id":"https:\/\/folhapopular.info\/index.php\/2022\/08\/30\/apl-alimentos-e-bebidas-vale-do-taquari-ganha-identidade-visual\/#primaryimage"},"thumbnailUrl":"https:\/\/folhapopular.info\/wp-content\/uploads\/2022\/08\/0-5.jpg","articleSection":["Destaques","Geral"],"inLanguage":"pt-BR","potentialAction":[{"@type":"CommentAction","name":"Comment","target":["https:\/\/folhapopular.info\/index.php\/2022\/08\/30\/apl-alimentos-e-bebidas-vale-do-taquari-ganha-identidade-visual\/#respond"]}]},{"@type":"WebPage","@id":"https:\/\/folhapopular.info\/index.php\/2022\/08\/30\/apl-alimentos-e-bebidas-vale-do-taquari-ganha-identidade-visual\/","url":"https:\/\/folhapopular.info\/index.php\/2022\/08\/30\/apl-alimentos-e-bebidas-vale-do-taquari-ganha-identidade-visual\/","name":"APL Alimentos e Bebidas Vale do Taquari ganha identidade visual - Folha Popular","isPartOf":{"@id":"https:\/\/folhapopular.info\/#website"},"primaryImageOfPage":{"@id":"https:\/\/folhapopular.info\/index.php\/2022\/08\/30\/apl-alimentos-e-bebidas-vale-do-taquari-ganha-identidade-visual\/#primaryimage"},"image":{"@id":"https:\/\/folhapopular.info\/index.php\/2022\/08\/30\/apl-alimentos-e-bebidas-vale-do-taquari-ganha-identidade-visual\/#primaryimage"},"thumbnailUrl":"https:\/\/folhapopular.info\/wp-content\/uploads\/2022\/08\/0-5.jpg","datePublished":"2022-08-30T12:56:56+00:00","dateModified":"2022-08-30T12:57:00+00:00","author":{"@id":"https:\/\/folhapopular.info\/#\/schema\/person\/2814e8a0df7643585a9ca38bc6eb9d4b"},"breadcrumb":{"@id":"https:\/\/folhapopular.info\/index.php\/2022\/08\/30\/apl-alimentos-e-bebidas-vale-do-taquari-ganha-identidade-visual\/#breadcrumb"},"inLanguage":"pt-BR","potentialAction":[{"@type":"ReadAction","target":["https:\/\/folhapopular.info\/index.php\/2022\/08\/30\/apl-alimentos-e-bebidas-vale-do-taquari-ganha-identidade-visual\/"]}]},{"@type":"ImageObject","inLanguage":"pt-BR","@id":"https:\/\/folhapopular.info\/index.php\/2022\/08\/30\/apl-alimentos-e-bebidas-vale-do-taquari-ganha-identidade-visual\/#primaryimage","url":"https:\/\/folhapopular.info\/wp-content\/uploads\/2022\/08\/0-5.jpg","contentUrl":"https:\/\/folhapopular.info\/wp-content\/uploads\/2022\/08\/0-5.jpg","width":921,"height":518},{"@type":"BreadcrumbList","@id":"https:\/\/folhapopular.info\/index.php\/2022\/08\/30\/apl-alimentos-e-bebidas-vale-do-taquari-ganha-identidade-visual\/#breadcrumb","itemListElement":[{"@type":"ListItem","position":1,"name":"In\u00edcio","item":"https:\/\/folhapopular.info\/"},{"@type":"ListItem","position":2,"name":"APL Alimentos e Bebidas Vale do Taquari ganha identidade visual"}]},{"@type":"WebSite","@id":"https:\/\/folhapopular.info\/#website","url":"https:\/\/folhapopular.info\/","name":"Folha Popular","description":"Onde voc\u00ea tem vez e voz","potentialAction":[{"@type":"SearchAction","target":{"@type":"EntryPoint","urlTemplate":"https:\/\/folhapopular.info\/?s={search_term_string}"},"query-input":{"@type":"PropertyValueSpecification","valueRequired":true,"valueName":"search_term_string"}}],"inLanguage":"pt-BR"},{"@type":"Person","@id":"https:\/\/folhapopular.info\/#\/schema\/person\/2814e8a0df7643585a9ca38bc6eb9d4b","name":"Reda\u00e7\u00e3o Folha Popular","image":{"@type":"ImageObject","inLanguage":"pt-BR","@id":"https:\/\/folhapopular.info\/wp-content\/uploads\/2026\/04\/Folha-1.webp","url":"https:\/\/folhapopular.info\/wp-content\/uploads\/2026\/04\/Folha-1.webp","contentUrl":"https:\/\/folhapopular.info\/wp-content\/uploads\/2026\/04\/Folha-1.webp","caption":"Reda\u00e7\u00e3o Folha Popular"},"url":"https:\/\/folhapopular.info\/index.php\/author\/redacao\/"}]}},"jetpack_featured_media_url":"https:\/\/folhapopular.info\/wp-content\/uploads\/2022\/08\/0-5.jpg","jetpack_sharing_enabled":true,"amp_enabled":true,"_links":{"self":[{"href":"https:\/\/folhapopular.info\/index.php\/wp-json\/wp\/v2\/posts\/111746","targetHints":{"allow":["GET"]}}],"collection":[{"href":"https:\/\/folhapopular.info\/index.php\/wp-json\/wp\/v2\/posts"}],"about":[{"href":"https:\/\/folhapopular.info\/index.php\/wp-json\/wp\/v2\/types\/post"}],"author":[{"embeddable":true,"href":"https:\/\/folhapopular.info\/index.php\/wp-json\/wp\/v2\/users\/8"}],"replies":[{"embeddable":true,"href":"https:\/\/folhapopular.info\/index.php\/wp-json\/wp\/v2\/comments?post=111746"}],"version-history":[{"count":0,"href":"https:\/\/folhapopular.info\/index.php\/wp-json\/wp\/v2\/posts\/111746\/revisions"}],"wp:featuredmedia":[{"embeddable":true,"href":"https:\/\/folhapopular.info\/index.php\/wp-json\/wp\/v2\/media\/111747"}],"wp:attachment":[{"href":"https:\/\/folhapopular.info\/index.php\/wp-json\/wp\/v2\/media?parent=111746"}],"wp:term":[{"taxonomy":"category","embeddable":true,"href":"https:\/\/folhapopular.info\/index.php\/wp-json\/wp\/v2\/categories?post=111746"},{"taxonomy":"post_tag","embeddable":true,"href":"https:\/\/folhapopular.info\/index.php\/wp-json\/wp\/v2\/tags?post=111746"}],"curies":[{"name":"wp","href":"https:\/\/api.w.org\/{rel}","templated":true}]}}