{"id":111752,"date":"2022-08-30T10:28:57","date_gmt":"2022-08-30T13:28:57","guid":{"rendered":"https:\/\/folhapopular.info\/?p=111752"},"modified":"2022-08-30T15:41:39","modified_gmt":"2022-08-30T18:41:39","slug":"lixo-eletronico-sera-recolhido-neste-final-de-semana-em-imigrante","status":"publish","type":"post","link":"https:\/\/folhapopular.info\/index.php\/2022\/08\/30\/lixo-eletronico-sera-recolhido-neste-final-de-semana-em-imigrante\/","title":{"rendered":"Lixo eletr\u00f4nico ser\u00e1 recolhido neste final de semana em Imigrante"},"content":{"rendered":"\n<p>A Secretaria de Agricultura, Meio Ambiente e Desenvolvimento Econ\u00f4mico e a Secretaria de Sa\u00fade e Assist\u00eancia Social de Imigrante realizam na sexta-feira (2\/9) e no s\u00e1bado (3\/9) mais uma edi\u00e7\u00e3o do descarte consciente do lixo eletr\u00f4nico. <\/p>\n\n\n\n<p>A a\u00e7\u00e3o tem por objetivo conscientizar a popula\u00e7\u00e3o para o descarte correto destes itens, tirando os da natureza, pois podem ser reciclados. A campanha integra a\u00e7\u00f5es do Recicla&nbsp;Imigrante.<\/p>\n\n\n\n<p>Na sexta, o recolhimento ocorre na Secretaria de Agricultura, na Rua do Moinho, com entrega de materiais das 7h30 \u00e0s 11h30 e das 13h \u00e0s 17h. No s\u00e1bado, o recolhimento ocorre no espa\u00e7o da Feira do Produtor, ao lado do Centro de Sa\u00fade, das 7h30 \u00e0s 11h30. <\/p>\n\n\n\n<p>A a\u00e7\u00e3o \u00e9 destinada a pessoas f\u00edsicas, por isso, empresas n\u00e3o podem fazer o descarte. \u201c\u00c9 importante que o mun\u00edcipe aproveite esta oportunidade para fazer o descarte de equipamentos de maneira gratuita e ambientalmente correta\u201d, explica o secret\u00e1rio de Agricultura, Gilnei Dahmer.<\/p>\n\n\n\n<p><strong>Materiais aceitos&nbsp;<\/strong><\/p>\n\n\n\n<p>Aparelhos eletroeletr\u00f4nicos e eletrodom\u00e9sticos como TV, computador, teclado, mouse, caixa de som, projetor, DVD player, videocassete, c\u00e2mera fotogr\u00e1fica, webcam, home theater, impressora, mp3 player, estabilizador, videogame, scanner, controle remoto, notebook, ar-condicionado, tablet, geladeira, modem, fog\u00e3o, forno el\u00e9trico, roteador, micro-ondas, HD, pen drive, secadora de roupas, celular, fax, telefone, freezer, carregador, batedeira, cabo el\u00e9trico, ferro de passar, placas eletr\u00f4nicas, furadeira, liquidificador, secador de cabelo, ventilador, m\u00e1quinas de lavar lou\u00e7a e lavar roupa.<\/p>\n","protected":false},"excerpt":{"rendered":"<p>A Secretaria de Agricultura, Meio Ambiente e Desenvolvimento Econ\u00f4mico e a Secretaria de Sa\u00fade e Assist\u00eancia Social de Imigrante realizam na sexta-feira (2\/9) e no s\u00e1bado (3\/9) mais uma edi\u00e7\u00e3o do descarte consciente do lixo eletr\u00f4nico. A a\u00e7\u00e3o tem por objetivo conscientizar a popula\u00e7\u00e3o para o descarte correto destes itens, tirando os da natureza, pois [&hellip;]<\/p>\n","protected":false},"author":8,"featured_media":109562,"comment_status":"open","ping_status":"open","sticky":false,"template":"","format":"standard","meta":{"pmpro_default_level":"","_jetpack_memberships_contains_paid_content":false,"footnotes":""},"categories":[2,3],"tags":[],"class_list":{"0":"post-111752","1":"post","2":"type-post","3":"status-publish","4":"format-standard","5":"has-post-thumbnail","7":"category-featured","8":"category-geral","9":"pmpro-has-access"},"yoast_head":"<!-- This site is optimized with the Yoast SEO plugin v27.5 - https:\/\/yoast.com\/product\/yoast-seo-wordpress\/ -->\n<title>Lixo eletr\u00f4nico ser\u00e1 recolhido neste final de semana em Imigrante - Folha Popular<\/title>\n<meta name=\"robots\" content=\"index, follow, max-snippet:-1, max-image-preview:large, max-video-preview:-1\" \/>\n<link rel=\"canonical\" href=\"https:\/\/folhapopular.info\/index.php\/2022\/08\/30\/lixo-eletronico-sera-recolhido-neste-final-de-semana-em-imigrante\/\" \/>\n<meta property=\"og:locale\" content=\"pt_BR\" \/>\n<meta property=\"og:type\" content=\"article\" \/>\n<meta property=\"og:title\" content=\"Lixo eletr\u00f4nico ser\u00e1 recolhido neste final de semana em Imigrante - Folha Popular\" \/>\n<meta property=\"og:description\" content=\"A Secretaria de Agricultura, Meio Ambiente e Desenvolvimento Econ\u00f4mico e a Secretaria de Sa\u00fade e Assist\u00eancia Social de Imigrante realizam na sexta-feira (2\/9) e no s\u00e1bado (3\/9) mais uma edi\u00e7\u00e3o do descarte consciente do lixo eletr\u00f4nico. A a\u00e7\u00e3o tem por objetivo conscientizar a popula\u00e7\u00e3o para o descarte correto destes itens, tirando os da natureza, pois [&hellip;]\" \/>\n<meta property=\"og:url\" content=\"https:\/\/folhapopular.info\/index.php\/2022\/08\/30\/lixo-eletronico-sera-recolhido-neste-final-de-semana-em-imigrante\/\" \/>\n<meta property=\"og:site_name\" content=\"Folha Popular\" \/>\n<meta property=\"article:published_time\" content=\"2022-08-30T13:28:57+00:00\" \/>\n<meta property=\"article:modified_time\" content=\"2022-08-30T18:41:39+00:00\" \/>\n<meta property=\"og:image\" content=\"http:\/\/folhapopular.info\/wp-content\/uploads\/2022\/07\/garbage-g75a402246_1280.jpg\" \/>\n\t<meta property=\"og:image:width\" content=\"1280\" \/>\n\t<meta property=\"og:image:height\" content=\"854\" \/>\n\t<meta property=\"og:image:type\" content=\"image\/jpeg\" \/>\n<meta name=\"author\" content=\"Reda\u00e7\u00e3o Folha Popular\" \/>\n<meta name=\"twitter:card\" content=\"summary_large_image\" \/>\n<meta name=\"twitter:label1\" content=\"Escrito por\" \/>\n\t<meta name=\"twitter:data1\" content=\"Reda\u00e7\u00e3o Folha Popular\" \/>\n\t<meta name=\"twitter:label2\" content=\"Est. tempo de leitura\" \/>\n\t<meta name=\"twitter:data2\" content=\"2 minutos\" \/>\n<script type=\"application\/ld+json\" class=\"yoast-schema-graph\">{\"@context\":\"https:\\\/\\\/schema.org\",\"@graph\":[{\"@type\":\"Article\",\"@id\":\"https:\\\/\\\/folhapopular.info\\\/index.php\\\/2022\\\/08\\\/30\\\/lixo-eletronico-sera-recolhido-neste-final-de-semana-em-imigrante\\\/#article\",\"isPartOf\":{\"@id\":\"https:\\\/\\\/folhapopular.info\\\/index.php\\\/2022\\\/08\\\/30\\\/lixo-eletronico-sera-recolhido-neste-final-de-semana-em-imigrante\\\/\"},\"author\":{\"name\":\"Reda\u00e7\u00e3o Folha Popular\",\"@id\":\"https:\\\/\\\/folhapopular.info\\\/#\\\/schema\\\/person\\\/2814e8a0df7643585a9ca38bc6eb9d4b\"},\"headline\":\"Lixo eletr\u00f4nico ser\u00e1 recolhido neste final de semana em Imigrante\",\"datePublished\":\"2022-08-30T13:28:57+00:00\",\"dateModified\":\"2022-08-30T18:41:39+00:00\",\"mainEntityOfPage\":{\"@id\":\"https:\\\/\\\/folhapopular.info\\\/index.php\\\/2022\\\/08\\\/30\\\/lixo-eletronico-sera-recolhido-neste-final-de-semana-em-imigrante\\\/\"},\"wordCount\":263,\"commentCount\":0,\"image\":{\"@id\":\"https:\\\/\\\/folhapopular.info\\\/index.php\\\/2022\\\/08\\\/30\\\/lixo-eletronico-sera-recolhido-neste-final-de-semana-em-imigrante\\\/#primaryimage\"},\"thumbnailUrl\":\"https:\\\/\\\/folhapopular.info\\\/wp-content\\\/uploads\\\/2022\\\/07\\\/garbage-g75a402246_1280.jpg\",\"articleSection\":[\"Destaques\",\"Geral\"],\"inLanguage\":\"pt-BR\",\"potentialAction\":[{\"@type\":\"CommentAction\",\"name\":\"Comment\",\"target\":[\"https:\\\/\\\/folhapopular.info\\\/index.php\\\/2022\\\/08\\\/30\\\/lixo-eletronico-sera-recolhido-neste-final-de-semana-em-imigrante\\\/#respond\"]}]},{\"@type\":\"WebPage\",\"@id\":\"https:\\\/\\\/folhapopular.info\\\/index.php\\\/2022\\\/08\\\/30\\\/lixo-eletronico-sera-recolhido-neste-final-de-semana-em-imigrante\\\/\",\"url\":\"https:\\\/\\\/folhapopular.info\\\/index.php\\\/2022\\\/08\\\/30\\\/lixo-eletronico-sera-recolhido-neste-final-de-semana-em-imigrante\\\/\",\"name\":\"Lixo eletr\u00f4nico ser\u00e1 recolhido neste final de semana em Imigrante - Folha Popular\",\"isPartOf\":{\"@id\":\"https:\\\/\\\/folhapopular.info\\\/#website\"},\"primaryImageOfPage\":{\"@id\":\"https:\\\/\\\/folhapopular.info\\\/index.php\\\/2022\\\/08\\\/30\\\/lixo-eletronico-sera-recolhido-neste-final-de-semana-em-imigrante\\\/#primaryimage\"},\"image\":{\"@id\":\"https:\\\/\\\/folhapopular.info\\\/index.php\\\/2022\\\/08\\\/30\\\/lixo-eletronico-sera-recolhido-neste-final-de-semana-em-imigrante\\\/#primaryimage\"},\"thumbnailUrl\":\"https:\\\/\\\/folhapopular.info\\\/wp-content\\\/uploads\\\/2022\\\/07\\\/garbage-g75a402246_1280.jpg\",\"datePublished\":\"2022-08-30T13:28:57+00:00\",\"dateModified\":\"2022-08-30T18:41:39+00:00\",\"author\":{\"@id\":\"https:\\\/\\\/folhapopular.info\\\/#\\\/schema\\\/person\\\/2814e8a0df7643585a9ca38bc6eb9d4b\"},\"breadcrumb\":{\"@id\":\"https:\\\/\\\/folhapopular.info\\\/index.php\\\/2022\\\/08\\\/30\\\/lixo-eletronico-sera-recolhido-neste-final-de-semana-em-imigrante\\\/#breadcrumb\"},\"inLanguage\":\"pt-BR\",\"potentialAction\":[{\"@type\":\"ReadAction\",\"target\":[\"https:\\\/\\\/folhapopular.info\\\/index.php\\\/2022\\\/08\\\/30\\\/lixo-eletronico-sera-recolhido-neste-final-de-semana-em-imigrante\\\/\"]}]},{\"@type\":\"ImageObject\",\"inLanguage\":\"pt-BR\",\"@id\":\"https:\\\/\\\/folhapopular.info\\\/index.php\\\/2022\\\/08\\\/30\\\/lixo-eletronico-sera-recolhido-neste-final-de-semana-em-imigrante\\\/#primaryimage\",\"url\":\"https:\\\/\\\/folhapopular.info\\\/wp-content\\\/uploads\\\/2022\\\/07\\\/garbage-g75a402246_1280.jpg\",\"contentUrl\":\"https:\\\/\\\/folhapopular.info\\\/wp-content\\\/uploads\\\/2022\\\/07\\\/garbage-g75a402246_1280.jpg\",\"width\":1280,\"height\":854,\"caption\":\"Diversos materiais podem ser descartados \\\/ Cr\u00e9dito da foto: Volker Gl\u00e4tsch \\\/ Pixabay\"},{\"@type\":\"BreadcrumbList\",\"@id\":\"https:\\\/\\\/folhapopular.info\\\/index.php\\\/2022\\\/08\\\/30\\\/lixo-eletronico-sera-recolhido-neste-final-de-semana-em-imigrante\\\/#breadcrumb\",\"itemListElement\":[{\"@type\":\"ListItem\",\"position\":1,\"name\":\"In\u00edcio\",\"item\":\"https:\\\/\\\/folhapopular.info\\\/\"},{\"@type\":\"ListItem\",\"position\":2,\"name\":\"Lixo eletr\u00f4nico ser\u00e1 recolhido neste final de semana em Imigrante\"}]},{\"@type\":\"WebSite\",\"@id\":\"https:\\\/\\\/folhapopular.info\\\/#website\",\"url\":\"https:\\\/\\\/folhapopular.info\\\/\",\"name\":\"Folha Popular\",\"description\":\"Onde voc\u00ea tem vez e voz\",\"potentialAction\":[{\"@type\":\"SearchAction\",\"target\":{\"@type\":\"EntryPoint\",\"urlTemplate\":\"https:\\\/\\\/folhapopular.info\\\/?s={search_term_string}\"},\"query-input\":{\"@type\":\"PropertyValueSpecification\",\"valueRequired\":true,\"valueName\":\"search_term_string\"}}],\"inLanguage\":\"pt-BR\"},{\"@type\":\"Person\",\"@id\":\"https:\\\/\\\/folhapopular.info\\\/#\\\/schema\\\/person\\\/2814e8a0df7643585a9ca38bc6eb9d4b\",\"name\":\"Reda\u00e7\u00e3o Folha Popular\",\"image\":{\"@type\":\"ImageObject\",\"inLanguage\":\"pt-BR\",\"@id\":\"https:\\\/\\\/folhapopular.info\\\/wp-content\\\/uploads\\\/2026\\\/04\\\/Folha-1.webp\",\"url\":\"https:\\\/\\\/folhapopular.info\\\/wp-content\\\/uploads\\\/2026\\\/04\\\/Folha-1.webp\",\"contentUrl\":\"https:\\\/\\\/folhapopular.info\\\/wp-content\\\/uploads\\\/2026\\\/04\\\/Folha-1.webp\",\"caption\":\"Reda\u00e7\u00e3o Folha Popular\"},\"url\":\"https:\\\/\\\/folhapopular.info\\\/index.php\\\/author\\\/redacao\\\/\"}]}<\/script>\n<!-- \/ Yoast SEO plugin. -->","yoast_head_json":{"title":"Lixo eletr\u00f4nico ser\u00e1 recolhido neste final de semana em Imigrante - Folha Popular","robots":{"index":"index","follow":"follow","max-snippet":"max-snippet:-1","max-image-preview":"max-image-preview:large","max-video-preview":"max-video-preview:-1"},"canonical":"https:\/\/folhapopular.info\/index.php\/2022\/08\/30\/lixo-eletronico-sera-recolhido-neste-final-de-semana-em-imigrante\/","og_locale":"pt_BR","og_type":"article","og_title":"Lixo eletr\u00f4nico ser\u00e1 recolhido neste final de semana em Imigrante - Folha Popular","og_description":"A Secretaria de Agricultura, Meio Ambiente e Desenvolvimento Econ\u00f4mico e a Secretaria de Sa\u00fade e Assist\u00eancia Social de Imigrante realizam na sexta-feira (2\/9) e no s\u00e1bado (3\/9) mais uma edi\u00e7\u00e3o do descarte consciente do lixo eletr\u00f4nico. A a\u00e7\u00e3o tem por objetivo conscientizar a popula\u00e7\u00e3o para o descarte correto destes itens, tirando os da natureza, pois [&hellip;]","og_url":"https:\/\/folhapopular.info\/index.php\/2022\/08\/30\/lixo-eletronico-sera-recolhido-neste-final-de-semana-em-imigrante\/","og_site_name":"Folha Popular","article_published_time":"2022-08-30T13:28:57+00:00","article_modified_time":"2022-08-30T18:41:39+00:00","og_image":[{"width":1280,"height":854,"url":"http:\/\/folhapopular.info\/wp-content\/uploads\/2022\/07\/garbage-g75a402246_1280.jpg","type":"image\/jpeg"}],"author":"Reda\u00e7\u00e3o Folha Popular","twitter_card":"summary_large_image","twitter_misc":{"Escrito por":"Reda\u00e7\u00e3o Folha Popular","Est. tempo de leitura":"2 minutos"},"schema":{"@context":"https:\/\/schema.org","@graph":[{"@type":"Article","@id":"https:\/\/folhapopular.info\/index.php\/2022\/08\/30\/lixo-eletronico-sera-recolhido-neste-final-de-semana-em-imigrante\/#article","isPartOf":{"@id":"https:\/\/folhapopular.info\/index.php\/2022\/08\/30\/lixo-eletronico-sera-recolhido-neste-final-de-semana-em-imigrante\/"},"author":{"name":"Reda\u00e7\u00e3o Folha Popular","@id":"https:\/\/folhapopular.info\/#\/schema\/person\/2814e8a0df7643585a9ca38bc6eb9d4b"},"headline":"Lixo eletr\u00f4nico ser\u00e1 recolhido neste final de semana em Imigrante","datePublished":"2022-08-30T13:28:57+00:00","dateModified":"2022-08-30T18:41:39+00:00","mainEntityOfPage":{"@id":"https:\/\/folhapopular.info\/index.php\/2022\/08\/30\/lixo-eletronico-sera-recolhido-neste-final-de-semana-em-imigrante\/"},"wordCount":263,"commentCount":0,"image":{"@id":"https:\/\/folhapopular.info\/index.php\/2022\/08\/30\/lixo-eletronico-sera-recolhido-neste-final-de-semana-em-imigrante\/#primaryimage"},"thumbnailUrl":"https:\/\/folhapopular.info\/wp-content\/uploads\/2022\/07\/garbage-g75a402246_1280.jpg","articleSection":["Destaques","Geral"],"inLanguage":"pt-BR","potentialAction":[{"@type":"CommentAction","name":"Comment","target":["https:\/\/folhapopular.info\/index.php\/2022\/08\/30\/lixo-eletronico-sera-recolhido-neste-final-de-semana-em-imigrante\/#respond"]}]},{"@type":"WebPage","@id":"https:\/\/folhapopular.info\/index.php\/2022\/08\/30\/lixo-eletronico-sera-recolhido-neste-final-de-semana-em-imigrante\/","url":"https:\/\/folhapopular.info\/index.php\/2022\/08\/30\/lixo-eletronico-sera-recolhido-neste-final-de-semana-em-imigrante\/","name":"Lixo eletr\u00f4nico ser\u00e1 recolhido neste final de semana em Imigrante - Folha Popular","isPartOf":{"@id":"https:\/\/folhapopular.info\/#website"},"primaryImageOfPage":{"@id":"https:\/\/folhapopular.info\/index.php\/2022\/08\/30\/lixo-eletronico-sera-recolhido-neste-final-de-semana-em-imigrante\/#primaryimage"},"image":{"@id":"https:\/\/folhapopular.info\/index.php\/2022\/08\/30\/lixo-eletronico-sera-recolhido-neste-final-de-semana-em-imigrante\/#primaryimage"},"thumbnailUrl":"https:\/\/folhapopular.info\/wp-content\/uploads\/2022\/07\/garbage-g75a402246_1280.jpg","datePublished":"2022-08-30T13:28:57+00:00","dateModified":"2022-08-30T18:41:39+00:00","author":{"@id":"https:\/\/folhapopular.info\/#\/schema\/person\/2814e8a0df7643585a9ca38bc6eb9d4b"},"breadcrumb":{"@id":"https:\/\/folhapopular.info\/index.php\/2022\/08\/30\/lixo-eletronico-sera-recolhido-neste-final-de-semana-em-imigrante\/#breadcrumb"},"inLanguage":"pt-BR","potentialAction":[{"@type":"ReadAction","target":["https:\/\/folhapopular.info\/index.php\/2022\/08\/30\/lixo-eletronico-sera-recolhido-neste-final-de-semana-em-imigrante\/"]}]},{"@type":"ImageObject","inLanguage":"pt-BR","@id":"https:\/\/folhapopular.info\/index.php\/2022\/08\/30\/lixo-eletronico-sera-recolhido-neste-final-de-semana-em-imigrante\/#primaryimage","url":"https:\/\/folhapopular.info\/wp-content\/uploads\/2022\/07\/garbage-g75a402246_1280.jpg","contentUrl":"https:\/\/folhapopular.info\/wp-content\/uploads\/2022\/07\/garbage-g75a402246_1280.jpg","width":1280,"height":854,"caption":"Diversos materiais podem ser descartados \/ Cr\u00e9dito da foto: Volker Gl\u00e4tsch \/ Pixabay"},{"@type":"BreadcrumbList","@id":"https:\/\/folhapopular.info\/index.php\/2022\/08\/30\/lixo-eletronico-sera-recolhido-neste-final-de-semana-em-imigrante\/#breadcrumb","itemListElement":[{"@type":"ListItem","position":1,"name":"In\u00edcio","item":"https:\/\/folhapopular.info\/"},{"@type":"ListItem","position":2,"name":"Lixo eletr\u00f4nico ser\u00e1 recolhido neste final de semana em Imigrante"}]},{"@type":"WebSite","@id":"https:\/\/folhapopular.info\/#website","url":"https:\/\/folhapopular.info\/","name":"Folha Popular","description":"Onde voc\u00ea tem vez e voz","potentialAction":[{"@type":"SearchAction","target":{"@type":"EntryPoint","urlTemplate":"https:\/\/folhapopular.info\/?s={search_term_string}"},"query-input":{"@type":"PropertyValueSpecification","valueRequired":true,"valueName":"search_term_string"}}],"inLanguage":"pt-BR"},{"@type":"Person","@id":"https:\/\/folhapopular.info\/#\/schema\/person\/2814e8a0df7643585a9ca38bc6eb9d4b","name":"Reda\u00e7\u00e3o Folha Popular","image":{"@type":"ImageObject","inLanguage":"pt-BR","@id":"https:\/\/folhapopular.info\/wp-content\/uploads\/2026\/04\/Folha-1.webp","url":"https:\/\/folhapopular.info\/wp-content\/uploads\/2026\/04\/Folha-1.webp","contentUrl":"https:\/\/folhapopular.info\/wp-content\/uploads\/2026\/04\/Folha-1.webp","caption":"Reda\u00e7\u00e3o Folha Popular"},"url":"https:\/\/folhapopular.info\/index.php\/author\/redacao\/"}]}},"jetpack_featured_media_url":"https:\/\/folhapopular.info\/wp-content\/uploads\/2022\/07\/garbage-g75a402246_1280.jpg","jetpack_sharing_enabled":true,"amp_enabled":true,"_links":{"self":[{"href":"https:\/\/folhapopular.info\/index.php\/wp-json\/wp\/v2\/posts\/111752","targetHints":{"allow":["GET"]}}],"collection":[{"href":"https:\/\/folhapopular.info\/index.php\/wp-json\/wp\/v2\/posts"}],"about":[{"href":"https:\/\/folhapopular.info\/index.php\/wp-json\/wp\/v2\/types\/post"}],"author":[{"embeddable":true,"href":"https:\/\/folhapopular.info\/index.php\/wp-json\/wp\/v2\/users\/8"}],"replies":[{"embeddable":true,"href":"https:\/\/folhapopular.info\/index.php\/wp-json\/wp\/v2\/comments?post=111752"}],"version-history":[{"count":0,"href":"https:\/\/folhapopular.info\/index.php\/wp-json\/wp\/v2\/posts\/111752\/revisions"}],"wp:featuredmedia":[{"embeddable":true,"href":"https:\/\/folhapopular.info\/index.php\/wp-json\/wp\/v2\/media\/109562"}],"wp:attachment":[{"href":"https:\/\/folhapopular.info\/index.php\/wp-json\/wp\/v2\/media?parent=111752"}],"wp:term":[{"taxonomy":"category","embeddable":true,"href":"https:\/\/folhapopular.info\/index.php\/wp-json\/wp\/v2\/categories?post=111752"},{"taxonomy":"post_tag","embeddable":true,"href":"https:\/\/folhapopular.info\/index.php\/wp-json\/wp\/v2\/tags?post=111752"}],"curies":[{"name":"wp","href":"https:\/\/api.w.org\/{rel}","templated":true}]}}