{"id":111812,"date":"2022-08-31T08:56:21","date_gmt":"2022-08-31T11:56:21","guid":{"rendered":"https:\/\/folhapopular.info\/?p=111812"},"modified":"2022-08-31T08:56:26","modified_gmt":"2022-08-31T11:56:26","slug":"comite-de-enfrentamento-realiza-acoes-de-combate-a-dengue-em-imigrante","status":"publish","type":"post","link":"https:\/\/folhapopular.info\/index.php\/2022\/08\/31\/comite-de-enfrentamento-realiza-acoes-de-combate-a-dengue-em-imigrante\/","title":{"rendered":"Comit\u00ea de enfrentamento realiza a\u00e7\u00f5es de combate \u00e0 dengue em Imigrante"},"content":{"rendered":"\n<p><br>O Comit\u00ea de Enfrentamento da Dengue de Imigrante realiza diversas a\u00e7\u00f5es de combate \u00e0 dengue no munic\u00edpio. Uma das a\u00e7\u00f5es realizadas recentemente foi a produ\u00e7\u00e3o de repelentes caseiros com os Clubes de M\u00e3es. A a\u00e7\u00e3o foi conduzida pela agente de Combate de Endemias Sandra Massotti em parceria da extensionista da Emater Cristiane Dexheimer <\/p>\n\n\n\n<p>A a\u00e7\u00e3o tamb\u00e9m foi realizada no turno integral. \u201cNestes encontros, al\u00e9m da produ\u00e7\u00e3o do repelente, s\u00e3o repassadas informa\u00e7\u00f5es sobre a import\u00e2ncia do uso do repelente e demais formas de preven\u00e7\u00e3o, evitando criadouros do mosquito Aedes Aegypti\u201d, citou a agente de Endemias. <\/p>\n\n\n\n<p>Outra a\u00e7\u00e3o \u00e9 realizada pelas agentes comunit\u00e1rias de sa\u00fade, que repassam orienta\u00e7\u00f5es \u00e0 comunidade em suas visitas sobre os cuidados com os poss\u00edveis criadouros de larvas do mosquito.<br><br>Sandra destaca que estas a\u00e7\u00f5es somente ser\u00e3o eficazes com a colabora\u00e7\u00e3o de toda a popula\u00e7\u00e3o. \u201cCada um deve fazer a sua parte, tendo o cuidado em n\u00e3o deixar \u00e1gua parada em seus terrenos, nos vasos de plantas em cemit\u00e9rios e qualquer outro lugar que possa acumular \u00e1gua. Desta forma podemos passar mais um ver\u00e3o tranquilo, uma vez que n\u00e3o temos estrutura f\u00edsica de sa\u00fade em caso de um poss\u00edvel surto\u201d, finaliza.<\/p>\n\n\n\n<p><strong>Sa\u00fade adquire pulverizador<\/strong><br><br>A Secretaria Municipal de Sa\u00fade e Assist\u00eancia Social adquiriu um pulverizador para a aplica\u00e7\u00e3o de inseticida. <\/p>\n\n\n\n<p>A aquisi\u00e7\u00e3o do aparelho pelo munic\u00edpio, no valor de R$ 4,8 mil, foi indica\u00e7\u00e3o da 16\u00aa Coordenadoria Regional de Sa\u00fade, que possui poucas m\u00e1quinas para serem emprestadas, e sugeriu que cada munic\u00edpio adquirisse pelo menos um equipamento.<br><br>O pulverizador dever\u00e1 ser usado em caso de surtos de dengue. A orienta\u00e7\u00e3o \u00e9 de ser a \u00faltima alternativa a ser utilizada, pois serve somente no controle do mosquito Aedes Aegypti j\u00e1 na fase adulta, e quando utilizado, a popula\u00e7\u00e3o das \u00e1reas infectadas ser\u00e1 orientada a abrir suas resid\u00eancias para que o inseticida aja em todos os locais onde possam haver mosquitos.<br><br>O manuseio do pulverizador poder\u00e1 ser realizado somente por profissionais capacitados. Desta forma, a agente de combate a endemias, as agentes de sa\u00fade e o servidor Jos\u00e9 Marcos Loss, que fazem parte do Comit\u00ea de Combate \u00e0 Dengue, receberam o treinamento para o uso correto do pulverizador. <\/p>\n\n\n\n<p>O Comit\u00ea de Combate \u00e0 Dengue, \u00e9 formada por uma equipe multidisciplinar, que se re\u00fane mensalmente para discutir formas de preven\u00e7\u00e3o da dengue.<\/p>\n\n\n\n<figure class=\"wp-block-image size-large\"><img loading=\"lazy\" decoding=\"async\" width=\"1024\" height=\"766\" src=\"https:\/\/folhapopular.info\/wp-content\/uploads\/2022\/08\/PULVERIZADOR-1024x766.jpeg\" alt=\"\" class=\"wp-image-111814\" srcset=\"https:\/\/folhapopular.info\/wp-content\/uploads\/2022\/08\/PULVERIZADOR-1024x766.jpeg 1024w, https:\/\/folhapopular.info\/wp-content\/uploads\/2022\/08\/PULVERIZADOR-300x224.jpeg 300w, https:\/\/folhapopular.info\/wp-content\/uploads\/2022\/08\/PULVERIZADOR-768x574.jpeg 768w, https:\/\/folhapopular.info\/wp-content\/uploads\/2022\/08\/PULVERIZADOR-696x520.jpeg 696w, https:\/\/folhapopular.info\/wp-content\/uploads\/2022\/08\/PULVERIZADOR-1068x798.jpeg 1068w, https:\/\/folhapopular.info\/wp-content\/uploads\/2022\/08\/PULVERIZADOR.jpeg 1280w\" sizes=\"auto, (max-width: 1024px) 100vw, 1024px\" \/><figcaption>Pulverizador dever\u00e1 ser utilizado em caso de surtos \/ Cr\u00e9dito da foto: Cris Thom\u00e9 \/ Divulga\u00e7\u00e3o<\/figcaption><\/figure>\n","protected":false},"excerpt":{"rendered":"<p>O Comit\u00ea de Enfrentamento da Dengue de Imigrante realiza diversas a\u00e7\u00f5es de combate \u00e0 dengue no munic\u00edpio. Uma das a\u00e7\u00f5es realizadas recentemente foi a produ\u00e7\u00e3o de repelentes caseiros com os Clubes de M\u00e3es. A a\u00e7\u00e3o foi conduzida pela agente de Combate de Endemias Sandra Massotti em parceria da extensionista da Emater Cristiane Dexheimer A a\u00e7\u00e3o [&hellip;]<\/p>\n","protected":false},"author":8,"featured_media":111813,"comment_status":"open","ping_status":"open","sticky":false,"template":"","format":"standard","meta":{"pmpro_default_level":"","_jetpack_memberships_contains_paid_content":false,"footnotes":""},"categories":[2,3],"tags":[],"class_list":{"0":"post-111812","1":"post","2":"type-post","3":"status-publish","4":"format-standard","5":"has-post-thumbnail","7":"category-featured","8":"category-geral","9":"pmpro-has-access"},"yoast_head":"<!-- This site is optimized with the Yoast SEO plugin v27.5 - https:\/\/yoast.com\/product\/yoast-seo-wordpress\/ -->\n<title>Comit\u00ea de enfrentamento realiza a\u00e7\u00f5es de combate \u00e0 dengue em Imigrante - Folha Popular<\/title>\n<meta name=\"robots\" content=\"index, follow, max-snippet:-1, max-image-preview:large, max-video-preview:-1\" \/>\n<link rel=\"canonical\" href=\"https:\/\/folhapopular.info\/index.php\/2022\/08\/31\/comite-de-enfrentamento-realiza-acoes-de-combate-a-dengue-em-imigrante\/\" \/>\n<meta property=\"og:locale\" content=\"pt_BR\" \/>\n<meta property=\"og:type\" content=\"article\" \/>\n<meta property=\"og:title\" content=\"Comit\u00ea de enfrentamento realiza a\u00e7\u00f5es de combate \u00e0 dengue em Imigrante - Folha Popular\" \/>\n<meta property=\"og:description\" content=\"O Comit\u00ea de Enfrentamento da Dengue de Imigrante realiza diversas a\u00e7\u00f5es de combate \u00e0 dengue no munic\u00edpio. Uma das a\u00e7\u00f5es realizadas recentemente foi a produ\u00e7\u00e3o de repelentes caseiros com os Clubes de M\u00e3es. A a\u00e7\u00e3o foi conduzida pela agente de Combate de Endemias Sandra Massotti em parceria da extensionista da Emater Cristiane Dexheimer A a\u00e7\u00e3o [&hellip;]\" \/>\n<meta property=\"og:url\" content=\"https:\/\/folhapopular.info\/index.php\/2022\/08\/31\/comite-de-enfrentamento-realiza-acoes-de-combate-a-dengue-em-imigrante\/\" \/>\n<meta property=\"og:site_name\" content=\"Folha Popular\" \/>\n<meta property=\"article:published_time\" content=\"2022-08-31T11:56:21+00:00\" \/>\n<meta property=\"article:modified_time\" content=\"2022-08-31T11:56:26+00:00\" \/>\n<meta property=\"og:image\" content=\"http:\/\/folhapopular.info\/wp-content\/uploads\/2022\/08\/COMBATE-A-DENGUE.jpeg\" \/>\n\t<meta property=\"og:image:width\" content=\"1280\" \/>\n\t<meta property=\"og:image:height\" content=\"960\" \/>\n\t<meta property=\"og:image:type\" content=\"image\/jpeg\" \/>\n<meta name=\"author\" content=\"Reda\u00e7\u00e3o Folha Popular\" \/>\n<meta name=\"twitter:card\" content=\"summary_large_image\" \/>\n<meta name=\"twitter:label1\" content=\"Escrito por\" \/>\n\t<meta name=\"twitter:data1\" content=\"Reda\u00e7\u00e3o Folha Popular\" \/>\n\t<meta name=\"twitter:label2\" content=\"Est. tempo de leitura\" \/>\n\t<meta name=\"twitter:data2\" content=\"3 minutos\" \/>\n<script type=\"application\/ld+json\" class=\"yoast-schema-graph\">{\"@context\":\"https:\\\/\\\/schema.org\",\"@graph\":[{\"@type\":\"Article\",\"@id\":\"https:\\\/\\\/folhapopular.info\\\/index.php\\\/2022\\\/08\\\/31\\\/comite-de-enfrentamento-realiza-acoes-de-combate-a-dengue-em-imigrante\\\/#article\",\"isPartOf\":{\"@id\":\"https:\\\/\\\/folhapopular.info\\\/index.php\\\/2022\\\/08\\\/31\\\/comite-de-enfrentamento-realiza-acoes-de-combate-a-dengue-em-imigrante\\\/\"},\"author\":{\"name\":\"Reda\u00e7\u00e3o Folha Popular\",\"@id\":\"https:\\\/\\\/folhapopular.info\\\/#\\\/schema\\\/person\\\/2814e8a0df7643585a9ca38bc6eb9d4b\"},\"headline\":\"Comit\u00ea de enfrentamento realiza a\u00e7\u00f5es de combate \u00e0 dengue em Imigrante\",\"datePublished\":\"2022-08-31T11:56:21+00:00\",\"dateModified\":\"2022-08-31T11:56:26+00:00\",\"mainEntityOfPage\":{\"@id\":\"https:\\\/\\\/folhapopular.info\\\/index.php\\\/2022\\\/08\\\/31\\\/comite-de-enfrentamento-realiza-acoes-de-combate-a-dengue-em-imigrante\\\/\"},\"wordCount\":445,\"commentCount\":0,\"image\":{\"@id\":\"https:\\\/\\\/folhapopular.info\\\/index.php\\\/2022\\\/08\\\/31\\\/comite-de-enfrentamento-realiza-acoes-de-combate-a-dengue-em-imigrante\\\/#primaryimage\"},\"thumbnailUrl\":\"https:\\\/\\\/folhapopular.info\\\/wp-content\\\/uploads\\\/2022\\\/08\\\/COMBATE-A-DENGUE.jpeg\",\"articleSection\":[\"Destaques\",\"Geral\"],\"inLanguage\":\"pt-BR\",\"potentialAction\":[{\"@type\":\"CommentAction\",\"name\":\"Comment\",\"target\":[\"https:\\\/\\\/folhapopular.info\\\/index.php\\\/2022\\\/08\\\/31\\\/comite-de-enfrentamento-realiza-acoes-de-combate-a-dengue-em-imigrante\\\/#respond\"]}]},{\"@type\":\"WebPage\",\"@id\":\"https:\\\/\\\/folhapopular.info\\\/index.php\\\/2022\\\/08\\\/31\\\/comite-de-enfrentamento-realiza-acoes-de-combate-a-dengue-em-imigrante\\\/\",\"url\":\"https:\\\/\\\/folhapopular.info\\\/index.php\\\/2022\\\/08\\\/31\\\/comite-de-enfrentamento-realiza-acoes-de-combate-a-dengue-em-imigrante\\\/\",\"name\":\"Comit\u00ea de enfrentamento realiza a\u00e7\u00f5es de combate \u00e0 dengue em Imigrante - Folha Popular\",\"isPartOf\":{\"@id\":\"https:\\\/\\\/folhapopular.info\\\/#website\"},\"primaryImageOfPage\":{\"@id\":\"https:\\\/\\\/folhapopular.info\\\/index.php\\\/2022\\\/08\\\/31\\\/comite-de-enfrentamento-realiza-acoes-de-combate-a-dengue-em-imigrante\\\/#primaryimage\"},\"image\":{\"@id\":\"https:\\\/\\\/folhapopular.info\\\/index.php\\\/2022\\\/08\\\/31\\\/comite-de-enfrentamento-realiza-acoes-de-combate-a-dengue-em-imigrante\\\/#primaryimage\"},\"thumbnailUrl\":\"https:\\\/\\\/folhapopular.info\\\/wp-content\\\/uploads\\\/2022\\\/08\\\/COMBATE-A-DENGUE.jpeg\",\"datePublished\":\"2022-08-31T11:56:21+00:00\",\"dateModified\":\"2022-08-31T11:56:26+00:00\",\"author\":{\"@id\":\"https:\\\/\\\/folhapopular.info\\\/#\\\/schema\\\/person\\\/2814e8a0df7643585a9ca38bc6eb9d4b\"},\"breadcrumb\":{\"@id\":\"https:\\\/\\\/folhapopular.info\\\/index.php\\\/2022\\\/08\\\/31\\\/comite-de-enfrentamento-realiza-acoes-de-combate-a-dengue-em-imigrante\\\/#breadcrumb\"},\"inLanguage\":\"pt-BR\",\"potentialAction\":[{\"@type\":\"ReadAction\",\"target\":[\"https:\\\/\\\/folhapopular.info\\\/index.php\\\/2022\\\/08\\\/31\\\/comite-de-enfrentamento-realiza-acoes-de-combate-a-dengue-em-imigrante\\\/\"]}]},{\"@type\":\"ImageObject\",\"inLanguage\":\"pt-BR\",\"@id\":\"https:\\\/\\\/folhapopular.info\\\/index.php\\\/2022\\\/08\\\/31\\\/comite-de-enfrentamento-realiza-acoes-de-combate-a-dengue-em-imigrante\\\/#primaryimage\",\"url\":\"https:\\\/\\\/folhapopular.info\\\/wp-content\\\/uploads\\\/2022\\\/08\\\/COMBATE-A-DENGUE.jpeg\",\"contentUrl\":\"https:\\\/\\\/folhapopular.info\\\/wp-content\\\/uploads\\\/2022\\\/08\\\/COMBATE-A-DENGUE.jpeg\",\"width\":1280,\"height\":960,\"caption\":\"A oficina ensinou sobre a produ\u00e7\u00e3o de repelentes caseiros com os Clubes de M\u00e3es\"},{\"@type\":\"BreadcrumbList\",\"@id\":\"https:\\\/\\\/folhapopular.info\\\/index.php\\\/2022\\\/08\\\/31\\\/comite-de-enfrentamento-realiza-acoes-de-combate-a-dengue-em-imigrante\\\/#breadcrumb\",\"itemListElement\":[{\"@type\":\"ListItem\",\"position\":1,\"name\":\"In\u00edcio\",\"item\":\"https:\\\/\\\/folhapopular.info\\\/\"},{\"@type\":\"ListItem\",\"position\":2,\"name\":\"Comit\u00ea de enfrentamento realiza a\u00e7\u00f5es de combate \u00e0 dengue em Imigrante\"}]},{\"@type\":\"WebSite\",\"@id\":\"https:\\\/\\\/folhapopular.info\\\/#website\",\"url\":\"https:\\\/\\\/folhapopular.info\\\/\",\"name\":\"Folha Popular\",\"description\":\"Onde voc\u00ea tem vez e voz\",\"potentialAction\":[{\"@type\":\"SearchAction\",\"target\":{\"@type\":\"EntryPoint\",\"urlTemplate\":\"https:\\\/\\\/folhapopular.info\\\/?s={search_term_string}\"},\"query-input\":{\"@type\":\"PropertyValueSpecification\",\"valueRequired\":true,\"valueName\":\"search_term_string\"}}],\"inLanguage\":\"pt-BR\"},{\"@type\":\"Person\",\"@id\":\"https:\\\/\\\/folhapopular.info\\\/#\\\/schema\\\/person\\\/2814e8a0df7643585a9ca38bc6eb9d4b\",\"name\":\"Reda\u00e7\u00e3o Folha Popular\",\"image\":{\"@type\":\"ImageObject\",\"inLanguage\":\"pt-BR\",\"@id\":\"https:\\\/\\\/folhapopular.info\\\/wp-content\\\/uploads\\\/2026\\\/04\\\/Folha-1.webp\",\"url\":\"https:\\\/\\\/folhapopular.info\\\/wp-content\\\/uploads\\\/2026\\\/04\\\/Folha-1.webp\",\"contentUrl\":\"https:\\\/\\\/folhapopular.info\\\/wp-content\\\/uploads\\\/2026\\\/04\\\/Folha-1.webp\",\"caption\":\"Reda\u00e7\u00e3o Folha Popular\"},\"url\":\"https:\\\/\\\/folhapopular.info\\\/index.php\\\/author\\\/redacao\\\/\"}]}<\/script>\n<!-- \/ Yoast SEO plugin. -->","yoast_head_json":{"title":"Comit\u00ea de enfrentamento realiza a\u00e7\u00f5es de combate \u00e0 dengue em Imigrante - Folha Popular","robots":{"index":"index","follow":"follow","max-snippet":"max-snippet:-1","max-image-preview":"max-image-preview:large","max-video-preview":"max-video-preview:-1"},"canonical":"https:\/\/folhapopular.info\/index.php\/2022\/08\/31\/comite-de-enfrentamento-realiza-acoes-de-combate-a-dengue-em-imigrante\/","og_locale":"pt_BR","og_type":"article","og_title":"Comit\u00ea de enfrentamento realiza a\u00e7\u00f5es de combate \u00e0 dengue em Imigrante - Folha Popular","og_description":"O Comit\u00ea de Enfrentamento da Dengue de Imigrante realiza diversas a\u00e7\u00f5es de combate \u00e0 dengue no munic\u00edpio. Uma das a\u00e7\u00f5es realizadas recentemente foi a produ\u00e7\u00e3o de repelentes caseiros com os Clubes de M\u00e3es. A a\u00e7\u00e3o foi conduzida pela agente de Combate de Endemias Sandra Massotti em parceria da extensionista da Emater Cristiane Dexheimer A a\u00e7\u00e3o [&hellip;]","og_url":"https:\/\/folhapopular.info\/index.php\/2022\/08\/31\/comite-de-enfrentamento-realiza-acoes-de-combate-a-dengue-em-imigrante\/","og_site_name":"Folha Popular","article_published_time":"2022-08-31T11:56:21+00:00","article_modified_time":"2022-08-31T11:56:26+00:00","og_image":[{"width":1280,"height":960,"url":"http:\/\/folhapopular.info\/wp-content\/uploads\/2022\/08\/COMBATE-A-DENGUE.jpeg","type":"image\/jpeg"}],"author":"Reda\u00e7\u00e3o Folha Popular","twitter_card":"summary_large_image","twitter_misc":{"Escrito por":"Reda\u00e7\u00e3o Folha Popular","Est. tempo de leitura":"3 minutos"},"schema":{"@context":"https:\/\/schema.org","@graph":[{"@type":"Article","@id":"https:\/\/folhapopular.info\/index.php\/2022\/08\/31\/comite-de-enfrentamento-realiza-acoes-de-combate-a-dengue-em-imigrante\/#article","isPartOf":{"@id":"https:\/\/folhapopular.info\/index.php\/2022\/08\/31\/comite-de-enfrentamento-realiza-acoes-de-combate-a-dengue-em-imigrante\/"},"author":{"name":"Reda\u00e7\u00e3o Folha Popular","@id":"https:\/\/folhapopular.info\/#\/schema\/person\/2814e8a0df7643585a9ca38bc6eb9d4b"},"headline":"Comit\u00ea de enfrentamento realiza a\u00e7\u00f5es de combate \u00e0 dengue em Imigrante","datePublished":"2022-08-31T11:56:21+00:00","dateModified":"2022-08-31T11:56:26+00:00","mainEntityOfPage":{"@id":"https:\/\/folhapopular.info\/index.php\/2022\/08\/31\/comite-de-enfrentamento-realiza-acoes-de-combate-a-dengue-em-imigrante\/"},"wordCount":445,"commentCount":0,"image":{"@id":"https:\/\/folhapopular.info\/index.php\/2022\/08\/31\/comite-de-enfrentamento-realiza-acoes-de-combate-a-dengue-em-imigrante\/#primaryimage"},"thumbnailUrl":"https:\/\/folhapopular.info\/wp-content\/uploads\/2022\/08\/COMBATE-A-DENGUE.jpeg","articleSection":["Destaques","Geral"],"inLanguage":"pt-BR","potentialAction":[{"@type":"CommentAction","name":"Comment","target":["https:\/\/folhapopular.info\/index.php\/2022\/08\/31\/comite-de-enfrentamento-realiza-acoes-de-combate-a-dengue-em-imigrante\/#respond"]}]},{"@type":"WebPage","@id":"https:\/\/folhapopular.info\/index.php\/2022\/08\/31\/comite-de-enfrentamento-realiza-acoes-de-combate-a-dengue-em-imigrante\/","url":"https:\/\/folhapopular.info\/index.php\/2022\/08\/31\/comite-de-enfrentamento-realiza-acoes-de-combate-a-dengue-em-imigrante\/","name":"Comit\u00ea de enfrentamento realiza a\u00e7\u00f5es de combate \u00e0 dengue em Imigrante - Folha Popular","isPartOf":{"@id":"https:\/\/folhapopular.info\/#website"},"primaryImageOfPage":{"@id":"https:\/\/folhapopular.info\/index.php\/2022\/08\/31\/comite-de-enfrentamento-realiza-acoes-de-combate-a-dengue-em-imigrante\/#primaryimage"},"image":{"@id":"https:\/\/folhapopular.info\/index.php\/2022\/08\/31\/comite-de-enfrentamento-realiza-acoes-de-combate-a-dengue-em-imigrante\/#primaryimage"},"thumbnailUrl":"https:\/\/folhapopular.info\/wp-content\/uploads\/2022\/08\/COMBATE-A-DENGUE.jpeg","datePublished":"2022-08-31T11:56:21+00:00","dateModified":"2022-08-31T11:56:26+00:00","author":{"@id":"https:\/\/folhapopular.info\/#\/schema\/person\/2814e8a0df7643585a9ca38bc6eb9d4b"},"breadcrumb":{"@id":"https:\/\/folhapopular.info\/index.php\/2022\/08\/31\/comite-de-enfrentamento-realiza-acoes-de-combate-a-dengue-em-imigrante\/#breadcrumb"},"inLanguage":"pt-BR","potentialAction":[{"@type":"ReadAction","target":["https:\/\/folhapopular.info\/index.php\/2022\/08\/31\/comite-de-enfrentamento-realiza-acoes-de-combate-a-dengue-em-imigrante\/"]}]},{"@type":"ImageObject","inLanguage":"pt-BR","@id":"https:\/\/folhapopular.info\/index.php\/2022\/08\/31\/comite-de-enfrentamento-realiza-acoes-de-combate-a-dengue-em-imigrante\/#primaryimage","url":"https:\/\/folhapopular.info\/wp-content\/uploads\/2022\/08\/COMBATE-A-DENGUE.jpeg","contentUrl":"https:\/\/folhapopular.info\/wp-content\/uploads\/2022\/08\/COMBATE-A-DENGUE.jpeg","width":1280,"height":960,"caption":"A oficina ensinou sobre a produ\u00e7\u00e3o de repelentes caseiros com os Clubes de M\u00e3es"},{"@type":"BreadcrumbList","@id":"https:\/\/folhapopular.info\/index.php\/2022\/08\/31\/comite-de-enfrentamento-realiza-acoes-de-combate-a-dengue-em-imigrante\/#breadcrumb","itemListElement":[{"@type":"ListItem","position":1,"name":"In\u00edcio","item":"https:\/\/folhapopular.info\/"},{"@type":"ListItem","position":2,"name":"Comit\u00ea de enfrentamento realiza a\u00e7\u00f5es de combate \u00e0 dengue em Imigrante"}]},{"@type":"WebSite","@id":"https:\/\/folhapopular.info\/#website","url":"https:\/\/folhapopular.info\/","name":"Folha Popular","description":"Onde voc\u00ea tem vez e voz","potentialAction":[{"@type":"SearchAction","target":{"@type":"EntryPoint","urlTemplate":"https:\/\/folhapopular.info\/?s={search_term_string}"},"query-input":{"@type":"PropertyValueSpecification","valueRequired":true,"valueName":"search_term_string"}}],"inLanguage":"pt-BR"},{"@type":"Person","@id":"https:\/\/folhapopular.info\/#\/schema\/person\/2814e8a0df7643585a9ca38bc6eb9d4b","name":"Reda\u00e7\u00e3o Folha Popular","image":{"@type":"ImageObject","inLanguage":"pt-BR","@id":"https:\/\/folhapopular.info\/wp-content\/uploads\/2026\/04\/Folha-1.webp","url":"https:\/\/folhapopular.info\/wp-content\/uploads\/2026\/04\/Folha-1.webp","contentUrl":"https:\/\/folhapopular.info\/wp-content\/uploads\/2026\/04\/Folha-1.webp","caption":"Reda\u00e7\u00e3o Folha Popular"},"url":"https:\/\/folhapopular.info\/index.php\/author\/redacao\/"}]}},"jetpack_featured_media_url":"https:\/\/folhapopular.info\/wp-content\/uploads\/2022\/08\/COMBATE-A-DENGUE.jpeg","jetpack_sharing_enabled":true,"amp_enabled":true,"_links":{"self":[{"href":"https:\/\/folhapopular.info\/index.php\/wp-json\/wp\/v2\/posts\/111812","targetHints":{"allow":["GET"]}}],"collection":[{"href":"https:\/\/folhapopular.info\/index.php\/wp-json\/wp\/v2\/posts"}],"about":[{"href":"https:\/\/folhapopular.info\/index.php\/wp-json\/wp\/v2\/types\/post"}],"author":[{"embeddable":true,"href":"https:\/\/folhapopular.info\/index.php\/wp-json\/wp\/v2\/users\/8"}],"replies":[{"embeddable":true,"href":"https:\/\/folhapopular.info\/index.php\/wp-json\/wp\/v2\/comments?post=111812"}],"version-history":[{"count":0,"href":"https:\/\/folhapopular.info\/index.php\/wp-json\/wp\/v2\/posts\/111812\/revisions"}],"wp:featuredmedia":[{"embeddable":true,"href":"https:\/\/folhapopular.info\/index.php\/wp-json\/wp\/v2\/media\/111813"}],"wp:attachment":[{"href":"https:\/\/folhapopular.info\/index.php\/wp-json\/wp\/v2\/media?parent=111812"}],"wp:term":[{"taxonomy":"category","embeddable":true,"href":"https:\/\/folhapopular.info\/index.php\/wp-json\/wp\/v2\/categories?post=111812"},{"taxonomy":"post_tag","embeddable":true,"href":"https:\/\/folhapopular.info\/index.php\/wp-json\/wp\/v2\/tags?post=111812"}],"curies":[{"name":"wp","href":"https:\/\/api.w.org\/{rel}","templated":true}]}}