{"id":111854,"date":"2022-08-31T15:34:59","date_gmt":"2022-08-31T18:34:59","guid":{"rendered":"https:\/\/folhapopular.info\/?p=111854"},"modified":"2022-08-31T15:35:04","modified_gmt":"2022-08-31T18:35:04","slug":"chama-crioula-sera-acesa-no-dia-7-de-setembro-em-teutonia","status":"publish","type":"post","link":"https:\/\/folhapopular.info\/index.php\/2022\/08\/31\/chama-crioula-sera-acesa-no-dia-7-de-setembro-em-teutonia\/","title":{"rendered":"Chama Crioula ser\u00e1 acesa no dia 7 de setembro em Teut\u00f4nia"},"content":{"rendered":"\n<p>No dia 7 de setembro, a Chama do Fogo Simb\u00f3lico da P\u00e1tria ser\u00e1 extinta em uma cerim\u00f4nia. Mas antes, a partir desta chama ser\u00e1 originada a Chama Crioula de Teut\u00f4nia. O momento ser\u00e1 seguido seguida da unifica\u00e7\u00e3o com a chama que o CTG Rinc\u00e3o das Coxilhas buscar\u00e1 em Marques de Souza, a qual foi originada em Cangu\u00e7u. <\/p>\n\n\n\n<p>Para este momento, a representante da 24\u00aa Regi\u00e3o Tradicionalista participar\u00e1 do evento para contar a hist\u00f3ria do surgimento da Chama Crioula. As cerim\u00f4nias ocorrem no Centro Administrativo a partir das 9h30. <\/p>\n\n\n\n<p>Tamb\u00e9m\u00a0haver\u00e1\u00a0apresenta\u00e7\u00e3o das invernadas e declama\u00e7\u00f5es do CTG Rinc\u00e3o das Coxilhas, CTG Porteira dos Pampas e CCT Quer\u00eancia Amada. O objetivo da programa\u00e7\u00e3o \u00e9 fortalecer a tradi\u00e7\u00e3o ga\u00facha.<\/p>\n\n\n\n<p><strong>A Chama Simb\u00f3lica da P\u00e1tria em Teut\u00f4nia<\/strong><\/p>\n\n\n\n<p>A Chama do Fogo Simb\u00f3lico da P\u00e1tria foi acesa no dia 18 de agosto, durante a\u00a0Corrida do Fogo Simb\u00f3lico da P\u00e1tria, em comemora\u00e7\u00e3o ao bicenten\u00e1rio da Independ\u00eancia, em evento realizado pela Liga de Defesa Nacional, organizada pela Associa\u00e7\u00e3o dos Veteranos e Amigos da 1\u00aa Companhia de Guardas e apoio da prefeitura, com a finalidade de incentivar o amor \u00e0 p\u00e1tria, resgatar valores e o civismo.<\/p>\n\n\n\n<p>A partir deste dia, a chama foi conduzida a todas as escolas do munic\u00edpio, a fim de cumprir com sua finalidade, de incentivar o civismo e o patriotismo.<\/p>\n","protected":false},"excerpt":{"rendered":"<p>No dia 7 de setembro, a Chama do Fogo Simb\u00f3lico da P\u00e1tria ser\u00e1 extinta em uma cerim\u00f4nia. Mas antes, a partir desta chama ser\u00e1 originada a Chama Crioula de Teut\u00f4nia. O momento ser\u00e1 seguido seguida da unifica\u00e7\u00e3o com a chama que o CTG Rinc\u00e3o das Coxilhas buscar\u00e1 em Marques de Souza, a qual foi originada [&hellip;]<\/p>\n","protected":false},"author":8,"featured_media":111856,"comment_status":"open","ping_status":"open","sticky":false,"template":"","format":"standard","meta":{"pmpro_default_level":"","_jetpack_memberships_contains_paid_content":false,"footnotes":""},"categories":[2,3],"tags":[],"class_list":{"0":"post-111854","1":"post","2":"type-post","3":"status-publish","4":"format-standard","5":"has-post-thumbnail","7":"category-featured","8":"category-geral","9":"pmpro-has-access"},"yoast_head":"<!-- This site is optimized with the Yoast SEO plugin v27.5 - https:\/\/yoast.com\/product\/yoast-seo-wordpress\/ -->\n<title>Chama Crioula ser\u00e1 acesa no dia 7 de setembro em Teut\u00f4nia - Folha Popular<\/title>\n<meta name=\"robots\" content=\"index, follow, max-snippet:-1, max-image-preview:large, max-video-preview:-1\" \/>\n<link rel=\"canonical\" href=\"https:\/\/folhapopular.info\/index.php\/2022\/08\/31\/chama-crioula-sera-acesa-no-dia-7-de-setembro-em-teutonia\/\" \/>\n<meta property=\"og:locale\" content=\"pt_BR\" \/>\n<meta property=\"og:type\" content=\"article\" \/>\n<meta property=\"og:title\" content=\"Chama Crioula ser\u00e1 acesa no dia 7 de setembro em Teut\u00f4nia - Folha Popular\" \/>\n<meta property=\"og:description\" content=\"No dia 7 de setembro, a Chama do Fogo Simb\u00f3lico da P\u00e1tria ser\u00e1 extinta em uma cerim\u00f4nia. Mas antes, a partir desta chama ser\u00e1 originada a Chama Crioula de Teut\u00f4nia. O momento ser\u00e1 seguido seguida da unifica\u00e7\u00e3o com a chama que o CTG Rinc\u00e3o das Coxilhas buscar\u00e1 em Marques de Souza, a qual foi originada [&hellip;]\" \/>\n<meta property=\"og:url\" content=\"https:\/\/folhapopular.info\/index.php\/2022\/08\/31\/chama-crioula-sera-acesa-no-dia-7-de-setembro-em-teutonia\/\" \/>\n<meta property=\"og:site_name\" content=\"Folha Popular\" \/>\n<meta property=\"article:published_time\" content=\"2022-08-31T18:34:59+00:00\" \/>\n<meta property=\"article:modified_time\" content=\"2022-08-31T18:35:04+00:00\" \/>\n<meta property=\"og:image\" content=\"http:\/\/folhapopular.info\/wp-content\/uploads\/2022\/08\/Acendimento-da-Chama-Crioula-sera-no-dia-07-de-setembro-em-Teutonia-scaled-e1661970881775.jpg\" \/>\n\t<meta property=\"og:image:width\" content=\"1200\" \/>\n\t<meta property=\"og:image:height\" content=\"800\" \/>\n\t<meta property=\"og:image:type\" content=\"image\/jpeg\" \/>\n<meta name=\"author\" content=\"Reda\u00e7\u00e3o Folha Popular\" \/>\n<meta name=\"twitter:card\" content=\"summary_large_image\" \/>\n<meta name=\"twitter:label1\" content=\"Escrito por\" \/>\n\t<meta name=\"twitter:data1\" content=\"Reda\u00e7\u00e3o Folha Popular\" \/>\n\t<meta name=\"twitter:label2\" content=\"Est. tempo de leitura\" \/>\n\t<meta name=\"twitter:data2\" content=\"2 minutos\" \/>\n<script type=\"application\/ld+json\" class=\"yoast-schema-graph\">{\"@context\":\"https:\\\/\\\/schema.org\",\"@graph\":[{\"@type\":\"Article\",\"@id\":\"https:\\\/\\\/folhapopular.info\\\/index.php\\\/2022\\\/08\\\/31\\\/chama-crioula-sera-acesa-no-dia-7-de-setembro-em-teutonia\\\/#article\",\"isPartOf\":{\"@id\":\"https:\\\/\\\/folhapopular.info\\\/index.php\\\/2022\\\/08\\\/31\\\/chama-crioula-sera-acesa-no-dia-7-de-setembro-em-teutonia\\\/\"},\"author\":{\"name\":\"Reda\u00e7\u00e3o Folha Popular\",\"@id\":\"https:\\\/\\\/folhapopular.info\\\/#\\\/schema\\\/person\\\/2814e8a0df7643585a9ca38bc6eb9d4b\"},\"headline\":\"Chama Crioula ser\u00e1 acesa no dia 7 de setembro em Teut\u00f4nia\",\"datePublished\":\"2022-08-31T18:34:59+00:00\",\"dateModified\":\"2022-08-31T18:35:04+00:00\",\"mainEntityOfPage\":{\"@id\":\"https:\\\/\\\/folhapopular.info\\\/index.php\\\/2022\\\/08\\\/31\\\/chama-crioula-sera-acesa-no-dia-7-de-setembro-em-teutonia\\\/\"},\"wordCount\":254,\"commentCount\":0,\"image\":{\"@id\":\"https:\\\/\\\/folhapopular.info\\\/index.php\\\/2022\\\/08\\\/31\\\/chama-crioula-sera-acesa-no-dia-7-de-setembro-em-teutonia\\\/#primaryimage\"},\"thumbnailUrl\":\"https:\\\/\\\/folhapopular.info\\\/wp-content\\\/uploads\\\/2022\\\/08\\\/Acendimento-da-Chama-Crioula-sera-no-dia-07-de-setembro-em-Teutonia-scaled-e1661970881775.jpg\",\"articleSection\":[\"Destaques\",\"Geral\"],\"inLanguage\":\"pt-BR\",\"potentialAction\":[{\"@type\":\"CommentAction\",\"name\":\"Comment\",\"target\":[\"https:\\\/\\\/folhapopular.info\\\/index.php\\\/2022\\\/08\\\/31\\\/chama-crioula-sera-acesa-no-dia-7-de-setembro-em-teutonia\\\/#respond\"]}]},{\"@type\":\"WebPage\",\"@id\":\"https:\\\/\\\/folhapopular.info\\\/index.php\\\/2022\\\/08\\\/31\\\/chama-crioula-sera-acesa-no-dia-7-de-setembro-em-teutonia\\\/\",\"url\":\"https:\\\/\\\/folhapopular.info\\\/index.php\\\/2022\\\/08\\\/31\\\/chama-crioula-sera-acesa-no-dia-7-de-setembro-em-teutonia\\\/\",\"name\":\"Chama Crioula ser\u00e1 acesa no dia 7 de setembro em Teut\u00f4nia - Folha Popular\",\"isPartOf\":{\"@id\":\"https:\\\/\\\/folhapopular.info\\\/#website\"},\"primaryImageOfPage\":{\"@id\":\"https:\\\/\\\/folhapopular.info\\\/index.php\\\/2022\\\/08\\\/31\\\/chama-crioula-sera-acesa-no-dia-7-de-setembro-em-teutonia\\\/#primaryimage\"},\"image\":{\"@id\":\"https:\\\/\\\/folhapopular.info\\\/index.php\\\/2022\\\/08\\\/31\\\/chama-crioula-sera-acesa-no-dia-7-de-setembro-em-teutonia\\\/#primaryimage\"},\"thumbnailUrl\":\"https:\\\/\\\/folhapopular.info\\\/wp-content\\\/uploads\\\/2022\\\/08\\\/Acendimento-da-Chama-Crioula-sera-no-dia-07-de-setembro-em-Teutonia-scaled-e1661970881775.jpg\",\"datePublished\":\"2022-08-31T18:34:59+00:00\",\"dateModified\":\"2022-08-31T18:35:04+00:00\",\"author\":{\"@id\":\"https:\\\/\\\/folhapopular.info\\\/#\\\/schema\\\/person\\\/2814e8a0df7643585a9ca38bc6eb9d4b\"},\"breadcrumb\":{\"@id\":\"https:\\\/\\\/folhapopular.info\\\/index.php\\\/2022\\\/08\\\/31\\\/chama-crioula-sera-acesa-no-dia-7-de-setembro-em-teutonia\\\/#breadcrumb\"},\"inLanguage\":\"pt-BR\",\"potentialAction\":[{\"@type\":\"ReadAction\",\"target\":[\"https:\\\/\\\/folhapopular.info\\\/index.php\\\/2022\\\/08\\\/31\\\/chama-crioula-sera-acesa-no-dia-7-de-setembro-em-teutonia\\\/\"]}]},{\"@type\":\"ImageObject\",\"inLanguage\":\"pt-BR\",\"@id\":\"https:\\\/\\\/folhapopular.info\\\/index.php\\\/2022\\\/08\\\/31\\\/chama-crioula-sera-acesa-no-dia-7-de-setembro-em-teutonia\\\/#primaryimage\",\"url\":\"https:\\\/\\\/folhapopular.info\\\/wp-content\\\/uploads\\\/2022\\\/08\\\/Acendimento-da-Chama-Crioula-sera-no-dia-07-de-setembro-em-Teutonia-scaled-e1661970881775.jpg\",\"contentUrl\":\"https:\\\/\\\/folhapopular.info\\\/wp-content\\\/uploads\\\/2022\\\/08\\\/Acendimento-da-Chama-Crioula-sera-no-dia-07-de-setembro-em-Teutonia-scaled-e1661970881775.jpg\",\"width\":1200,\"height\":800,\"caption\":\"Chama da P\u00e1tria originar\u00e1 a Chama Crioula \\\/ Cr\u00e9dito da foto: Egon Habel \\\/ Divulga\u00e7\u00e3o\"},{\"@type\":\"BreadcrumbList\",\"@id\":\"https:\\\/\\\/folhapopular.info\\\/index.php\\\/2022\\\/08\\\/31\\\/chama-crioula-sera-acesa-no-dia-7-de-setembro-em-teutonia\\\/#breadcrumb\",\"itemListElement\":[{\"@type\":\"ListItem\",\"position\":1,\"name\":\"In\u00edcio\",\"item\":\"https:\\\/\\\/folhapopular.info\\\/\"},{\"@type\":\"ListItem\",\"position\":2,\"name\":\"Chama Crioula ser\u00e1 acesa no dia 7 de setembro em Teut\u00f4nia\"}]},{\"@type\":\"WebSite\",\"@id\":\"https:\\\/\\\/folhapopular.info\\\/#website\",\"url\":\"https:\\\/\\\/folhapopular.info\\\/\",\"name\":\"Folha Popular\",\"description\":\"Onde voc\u00ea tem vez e voz\",\"potentialAction\":[{\"@type\":\"SearchAction\",\"target\":{\"@type\":\"EntryPoint\",\"urlTemplate\":\"https:\\\/\\\/folhapopular.info\\\/?s={search_term_string}\"},\"query-input\":{\"@type\":\"PropertyValueSpecification\",\"valueRequired\":true,\"valueName\":\"search_term_string\"}}],\"inLanguage\":\"pt-BR\"},{\"@type\":\"Person\",\"@id\":\"https:\\\/\\\/folhapopular.info\\\/#\\\/schema\\\/person\\\/2814e8a0df7643585a9ca38bc6eb9d4b\",\"name\":\"Reda\u00e7\u00e3o Folha Popular\",\"image\":{\"@type\":\"ImageObject\",\"inLanguage\":\"pt-BR\",\"@id\":\"https:\\\/\\\/folhapopular.info\\\/wp-content\\\/uploads\\\/2026\\\/04\\\/Folha-1.webp\",\"url\":\"https:\\\/\\\/folhapopular.info\\\/wp-content\\\/uploads\\\/2026\\\/04\\\/Folha-1.webp\",\"contentUrl\":\"https:\\\/\\\/folhapopular.info\\\/wp-content\\\/uploads\\\/2026\\\/04\\\/Folha-1.webp\",\"caption\":\"Reda\u00e7\u00e3o Folha Popular\"},\"url\":\"https:\\\/\\\/folhapopular.info\\\/index.php\\\/author\\\/redacao\\\/\"}]}<\/script>\n<!-- \/ Yoast SEO plugin. -->","yoast_head_json":{"title":"Chama Crioula ser\u00e1 acesa no dia 7 de setembro em Teut\u00f4nia - Folha Popular","robots":{"index":"index","follow":"follow","max-snippet":"max-snippet:-1","max-image-preview":"max-image-preview:large","max-video-preview":"max-video-preview:-1"},"canonical":"https:\/\/folhapopular.info\/index.php\/2022\/08\/31\/chama-crioula-sera-acesa-no-dia-7-de-setembro-em-teutonia\/","og_locale":"pt_BR","og_type":"article","og_title":"Chama Crioula ser\u00e1 acesa no dia 7 de setembro em Teut\u00f4nia - Folha Popular","og_description":"No dia 7 de setembro, a Chama do Fogo Simb\u00f3lico da P\u00e1tria ser\u00e1 extinta em uma cerim\u00f4nia. Mas antes, a partir desta chama ser\u00e1 originada a Chama Crioula de Teut\u00f4nia. O momento ser\u00e1 seguido seguida da unifica\u00e7\u00e3o com a chama que o CTG Rinc\u00e3o das Coxilhas buscar\u00e1 em Marques de Souza, a qual foi originada [&hellip;]","og_url":"https:\/\/folhapopular.info\/index.php\/2022\/08\/31\/chama-crioula-sera-acesa-no-dia-7-de-setembro-em-teutonia\/","og_site_name":"Folha Popular","article_published_time":"2022-08-31T18:34:59+00:00","article_modified_time":"2022-08-31T18:35:04+00:00","og_image":[{"width":1200,"height":800,"url":"http:\/\/folhapopular.info\/wp-content\/uploads\/2022\/08\/Acendimento-da-Chama-Crioula-sera-no-dia-07-de-setembro-em-Teutonia-scaled-e1661970881775.jpg","type":"image\/jpeg"}],"author":"Reda\u00e7\u00e3o Folha Popular","twitter_card":"summary_large_image","twitter_misc":{"Escrito por":"Reda\u00e7\u00e3o Folha Popular","Est. tempo de leitura":"2 minutos"},"schema":{"@context":"https:\/\/schema.org","@graph":[{"@type":"Article","@id":"https:\/\/folhapopular.info\/index.php\/2022\/08\/31\/chama-crioula-sera-acesa-no-dia-7-de-setembro-em-teutonia\/#article","isPartOf":{"@id":"https:\/\/folhapopular.info\/index.php\/2022\/08\/31\/chama-crioula-sera-acesa-no-dia-7-de-setembro-em-teutonia\/"},"author":{"name":"Reda\u00e7\u00e3o Folha Popular","@id":"https:\/\/folhapopular.info\/#\/schema\/person\/2814e8a0df7643585a9ca38bc6eb9d4b"},"headline":"Chama Crioula ser\u00e1 acesa no dia 7 de setembro em Teut\u00f4nia","datePublished":"2022-08-31T18:34:59+00:00","dateModified":"2022-08-31T18:35:04+00:00","mainEntityOfPage":{"@id":"https:\/\/folhapopular.info\/index.php\/2022\/08\/31\/chama-crioula-sera-acesa-no-dia-7-de-setembro-em-teutonia\/"},"wordCount":254,"commentCount":0,"image":{"@id":"https:\/\/folhapopular.info\/index.php\/2022\/08\/31\/chama-crioula-sera-acesa-no-dia-7-de-setembro-em-teutonia\/#primaryimage"},"thumbnailUrl":"https:\/\/folhapopular.info\/wp-content\/uploads\/2022\/08\/Acendimento-da-Chama-Crioula-sera-no-dia-07-de-setembro-em-Teutonia-scaled-e1661970881775.jpg","articleSection":["Destaques","Geral"],"inLanguage":"pt-BR","potentialAction":[{"@type":"CommentAction","name":"Comment","target":["https:\/\/folhapopular.info\/index.php\/2022\/08\/31\/chama-crioula-sera-acesa-no-dia-7-de-setembro-em-teutonia\/#respond"]}]},{"@type":"WebPage","@id":"https:\/\/folhapopular.info\/index.php\/2022\/08\/31\/chama-crioula-sera-acesa-no-dia-7-de-setembro-em-teutonia\/","url":"https:\/\/folhapopular.info\/index.php\/2022\/08\/31\/chama-crioula-sera-acesa-no-dia-7-de-setembro-em-teutonia\/","name":"Chama Crioula ser\u00e1 acesa no dia 7 de setembro em Teut\u00f4nia - Folha Popular","isPartOf":{"@id":"https:\/\/folhapopular.info\/#website"},"primaryImageOfPage":{"@id":"https:\/\/folhapopular.info\/index.php\/2022\/08\/31\/chama-crioula-sera-acesa-no-dia-7-de-setembro-em-teutonia\/#primaryimage"},"image":{"@id":"https:\/\/folhapopular.info\/index.php\/2022\/08\/31\/chama-crioula-sera-acesa-no-dia-7-de-setembro-em-teutonia\/#primaryimage"},"thumbnailUrl":"https:\/\/folhapopular.info\/wp-content\/uploads\/2022\/08\/Acendimento-da-Chama-Crioula-sera-no-dia-07-de-setembro-em-Teutonia-scaled-e1661970881775.jpg","datePublished":"2022-08-31T18:34:59+00:00","dateModified":"2022-08-31T18:35:04+00:00","author":{"@id":"https:\/\/folhapopular.info\/#\/schema\/person\/2814e8a0df7643585a9ca38bc6eb9d4b"},"breadcrumb":{"@id":"https:\/\/folhapopular.info\/index.php\/2022\/08\/31\/chama-crioula-sera-acesa-no-dia-7-de-setembro-em-teutonia\/#breadcrumb"},"inLanguage":"pt-BR","potentialAction":[{"@type":"ReadAction","target":["https:\/\/folhapopular.info\/index.php\/2022\/08\/31\/chama-crioula-sera-acesa-no-dia-7-de-setembro-em-teutonia\/"]}]},{"@type":"ImageObject","inLanguage":"pt-BR","@id":"https:\/\/folhapopular.info\/index.php\/2022\/08\/31\/chama-crioula-sera-acesa-no-dia-7-de-setembro-em-teutonia\/#primaryimage","url":"https:\/\/folhapopular.info\/wp-content\/uploads\/2022\/08\/Acendimento-da-Chama-Crioula-sera-no-dia-07-de-setembro-em-Teutonia-scaled-e1661970881775.jpg","contentUrl":"https:\/\/folhapopular.info\/wp-content\/uploads\/2022\/08\/Acendimento-da-Chama-Crioula-sera-no-dia-07-de-setembro-em-Teutonia-scaled-e1661970881775.jpg","width":1200,"height":800,"caption":"Chama da P\u00e1tria originar\u00e1 a Chama Crioula \/ Cr\u00e9dito da foto: Egon Habel \/ Divulga\u00e7\u00e3o"},{"@type":"BreadcrumbList","@id":"https:\/\/folhapopular.info\/index.php\/2022\/08\/31\/chama-crioula-sera-acesa-no-dia-7-de-setembro-em-teutonia\/#breadcrumb","itemListElement":[{"@type":"ListItem","position":1,"name":"In\u00edcio","item":"https:\/\/folhapopular.info\/"},{"@type":"ListItem","position":2,"name":"Chama Crioula ser\u00e1 acesa no dia 7 de setembro em Teut\u00f4nia"}]},{"@type":"WebSite","@id":"https:\/\/folhapopular.info\/#website","url":"https:\/\/folhapopular.info\/","name":"Folha Popular","description":"Onde voc\u00ea tem vez e voz","potentialAction":[{"@type":"SearchAction","target":{"@type":"EntryPoint","urlTemplate":"https:\/\/folhapopular.info\/?s={search_term_string}"},"query-input":{"@type":"PropertyValueSpecification","valueRequired":true,"valueName":"search_term_string"}}],"inLanguage":"pt-BR"},{"@type":"Person","@id":"https:\/\/folhapopular.info\/#\/schema\/person\/2814e8a0df7643585a9ca38bc6eb9d4b","name":"Reda\u00e7\u00e3o Folha Popular","image":{"@type":"ImageObject","inLanguage":"pt-BR","@id":"https:\/\/folhapopular.info\/wp-content\/uploads\/2026\/04\/Folha-1.webp","url":"https:\/\/folhapopular.info\/wp-content\/uploads\/2026\/04\/Folha-1.webp","contentUrl":"https:\/\/folhapopular.info\/wp-content\/uploads\/2026\/04\/Folha-1.webp","caption":"Reda\u00e7\u00e3o Folha Popular"},"url":"https:\/\/folhapopular.info\/index.php\/author\/redacao\/"}]}},"jetpack_featured_media_url":"https:\/\/folhapopular.info\/wp-content\/uploads\/2022\/08\/Acendimento-da-Chama-Crioula-sera-no-dia-07-de-setembro-em-Teutonia-scaled-e1661970881775.jpg","jetpack_sharing_enabled":true,"amp_enabled":true,"_links":{"self":[{"href":"https:\/\/folhapopular.info\/index.php\/wp-json\/wp\/v2\/posts\/111854","targetHints":{"allow":["GET"]}}],"collection":[{"href":"https:\/\/folhapopular.info\/index.php\/wp-json\/wp\/v2\/posts"}],"about":[{"href":"https:\/\/folhapopular.info\/index.php\/wp-json\/wp\/v2\/types\/post"}],"author":[{"embeddable":true,"href":"https:\/\/folhapopular.info\/index.php\/wp-json\/wp\/v2\/users\/8"}],"replies":[{"embeddable":true,"href":"https:\/\/folhapopular.info\/index.php\/wp-json\/wp\/v2\/comments?post=111854"}],"version-history":[{"count":0,"href":"https:\/\/folhapopular.info\/index.php\/wp-json\/wp\/v2\/posts\/111854\/revisions"}],"wp:featuredmedia":[{"embeddable":true,"href":"https:\/\/folhapopular.info\/index.php\/wp-json\/wp\/v2\/media\/111856"}],"wp:attachment":[{"href":"https:\/\/folhapopular.info\/index.php\/wp-json\/wp\/v2\/media?parent=111854"}],"wp:term":[{"taxonomy":"category","embeddable":true,"href":"https:\/\/folhapopular.info\/index.php\/wp-json\/wp\/v2\/categories?post=111854"},{"taxonomy":"post_tag","embeddable":true,"href":"https:\/\/folhapopular.info\/index.php\/wp-json\/wp\/v2\/tags?post=111854"}],"curies":[{"name":"wp","href":"https:\/\/api.w.org\/{rel}","templated":true}]}}