{"id":111898,"date":"2022-09-01T14:49:40","date_gmt":"2022-09-01T17:49:40","guid":{"rendered":"https:\/\/folhapopular.info\/?p=111898"},"modified":"2022-09-01T14:49:44","modified_gmt":"2022-09-01T17:49:44","slug":"novo-programa-e-lancado-por-projeto-pacto-lajeado-pela-paz","status":"publish","type":"post","link":"https:\/\/folhapopular.info\/index.php\/2022\/09\/01\/novo-programa-e-lancado-por-projeto-pacto-lajeado-pela-paz\/","title":{"rendered":"Novo programa \u00e9 lan\u00e7ado por projeto Pacto Lajeado pela Paz"},"content":{"rendered":"\n<p>Na manh\u00e3 dessa quarta-feira (31\/8), o projeto Pacto Lajeado pela Paz lan\u00e7ou o programa Banco de Oportunidades, que tem o objetivo de formalizar parcerias com pessoas f\u00edsicas e jur\u00eddicas. A proposta do programa \u00e9 disponibilizar inclus\u00e3o social para as pessoas inseridas nos programas de preven\u00e7\u00e3o da viol\u00eancia do Pacto. Na data, tamb\u00e9m foi oficializada a parceria de atendimentos terap\u00eauticos e psicol\u00f3gicos para pessoas atendidas pelo programa Cada Jovem Conta (CJC).<\/p>\n\n\n\n<p>A coordenadora do Pacto, T\u00e2nia Fr\u00f6hlich Rodrigues, comenta que o novo programa deve oferecer oportunidades em \u00e1reas como biopsicossociais, mercado de trabalho, cultura, esporte, oficinas, cursos, entre outras. &#8220;Nossa ideia \u00e9 que volunt\u00e1rios possam oferecer oportunidades que auxiliem no desenvolvimento cognitivo e pessoal das pessoas atendidas pelos programas do Pacto, possibilitando o fortalecimento e a supera\u00e7\u00e3o das situa\u00e7\u00f5es de vulnerabilidade e risco social&#8221;, pontua.<\/p>\n\n\n\n<p>A psic\u00f3loga volunt\u00e1ria Cl\u00e1udia Zagonel Bender vai proporcionar atendimento psicol\u00f3gico para dois jovens inseridos no programa Cada Jovem Conta at\u00e9 dezembro de 2022. J\u00e1 Vitor Ismael Mallmann, do Instituo Proposito de Desenvolvimento Humano, vai fornecer, tamb\u00e9m de forma volunt\u00e1ria, atendimentos terap\u00eauticos para dois jovens inseridos no programa Cada Jovem Conta no per\u00edodo mensal. Ser\u00e3o realizadas avalia\u00e7\u00f5es peri\u00f3dicas para acompanhar o desenvolvimento das a\u00e7\u00f5es e a evolu\u00e7\u00e3o das pessoas inseridas no programa.<\/p>\n\n\n\n<p><strong>Banco de Oportunidades<\/strong><br>T\u00e2nia explica que o programa CJC tem prioridade na inser\u00e7\u00e3o de seu p\u00fablico no Banco de Oportunidades devido \u00e0 especificidade das demandas de vulnerabilidade identificadas pela rede de aten\u00e7\u00e3o e prote\u00e7\u00e3o. &#8220;Se faz necess\u00e1rio pensar em mais espa\u00e7os de inclus\u00e3o, para al\u00e9m dos atendimentos individualizados oferecidos pela rede de aten\u00e7\u00e3o do munic\u00edpio. Esta articula\u00e7\u00e3o pode se estabelecer por meio da participa\u00e7\u00e3o dos moradores, das associa\u00e7\u00f5es de bairros, v\u00ednculo com empresas privadas, clubes esportivos, escolas profissionalizantes, associa\u00e7\u00f5es culturais, poder p\u00fablico e privado, entre outros&#8221;, discorre.<\/p>\n\n\n\n<p><strong>Cada Jovem Conta<\/strong><br>Dentre os objetivos do CJC, est\u00e1 a redu\u00e7\u00e3o da evas\u00e3o escolar, fomento do desenvolvimento de fatores positivos e aumento dos fatores protetivos, amplia\u00e7\u00e3o das oportunidades oferecidas aos jovens e fortalecimento do v\u00ednculo familiar entre as crian\u00e7as e adolescentes e suas fam\u00edlias.<\/p>\n","protected":false},"excerpt":{"rendered":"<p>Na manh\u00e3 dessa quarta-feira (31\/8), o projeto Pacto Lajeado pela Paz lan\u00e7ou o programa Banco de Oportunidades, que tem o objetivo de formalizar parcerias com pessoas f\u00edsicas e jur\u00eddicas. A proposta do programa \u00e9 disponibilizar inclus\u00e3o social para as pessoas inseridas nos programas de preven\u00e7\u00e3o da viol\u00eancia do Pacto. Na data, tamb\u00e9m foi oficializada a [&hellip;]<\/p>\n","protected":false},"author":8,"featured_media":111905,"comment_status":"open","ping_status":"open","sticky":false,"template":"","format":"standard","meta":{"pmpro_default_level":"","_jetpack_memberships_contains_paid_content":false,"footnotes":""},"categories":[2,3],"tags":[27,4926,1712],"class_list":{"0":"post-111898","1":"post","2":"type-post","3":"status-publish","4":"format-standard","5":"has-post-thumbnail","7":"category-featured","8":"category-geral","9":"tag-lajeado","10":"tag-pacto-lajeado-pela-paz","11":"tag-projeto","12":"pmpro-has-access"},"yoast_head":"<!-- This site is optimized with the Yoast SEO plugin v27.5 - https:\/\/yoast.com\/product\/yoast-seo-wordpress\/ -->\n<title>Novo programa \u00e9 lan\u00e7ado por projeto Pacto Lajeado pela Paz - Folha Popular<\/title>\n<meta name=\"robots\" content=\"index, follow, max-snippet:-1, max-image-preview:large, max-video-preview:-1\" \/>\n<link rel=\"canonical\" href=\"https:\/\/folhapopular.info\/index.php\/2022\/09\/01\/novo-programa-e-lancado-por-projeto-pacto-lajeado-pela-paz\/\" \/>\n<meta property=\"og:locale\" content=\"pt_BR\" \/>\n<meta property=\"og:type\" content=\"article\" \/>\n<meta property=\"og:title\" content=\"Novo programa \u00e9 lan\u00e7ado por projeto Pacto Lajeado pela Paz - Folha Popular\" \/>\n<meta property=\"og:description\" content=\"Na manh\u00e3 dessa quarta-feira (31\/8), o projeto Pacto Lajeado pela Paz lan\u00e7ou o programa Banco de Oportunidades, que tem o objetivo de formalizar parcerias com pessoas f\u00edsicas e jur\u00eddicas. A proposta do programa \u00e9 disponibilizar inclus\u00e3o social para as pessoas inseridas nos programas de preven\u00e7\u00e3o da viol\u00eancia do Pacto. Na data, tamb\u00e9m foi oficializada a [&hellip;]\" \/>\n<meta property=\"og:url\" content=\"https:\/\/folhapopular.info\/index.php\/2022\/09\/01\/novo-programa-e-lancado-por-projeto-pacto-lajeado-pela-paz\/\" \/>\n<meta property=\"og:site_name\" content=\"Folha Popular\" \/>\n<meta property=\"article:published_time\" content=\"2022-09-01T17:49:40+00:00\" \/>\n<meta property=\"article:modified_time\" content=\"2022-09-01T17:49:44+00:00\" \/>\n<meta property=\"og:image\" content=\"http:\/\/folhapopular.info\/wp-content\/uploads\/2022\/09\/Banco-de-Oportunidades-3-scaled-e1662054448345.jpg\" \/>\n\t<meta property=\"og:image:width\" content=\"1200\" \/>\n\t<meta property=\"og:image:height\" content=\"800\" \/>\n\t<meta property=\"og:image:type\" content=\"image\/jpeg\" \/>\n<meta name=\"author\" content=\"Reda\u00e7\u00e3o Folha Popular\" \/>\n<meta name=\"twitter:card\" content=\"summary_large_image\" \/>\n<meta name=\"twitter:label1\" content=\"Escrito por\" \/>\n\t<meta name=\"twitter:data1\" content=\"Reda\u00e7\u00e3o Folha Popular\" \/>\n\t<meta name=\"twitter:label2\" content=\"Est. tempo de leitura\" \/>\n\t<meta name=\"twitter:data2\" content=\"2 minutos\" \/>\n<script type=\"application\/ld+json\" class=\"yoast-schema-graph\">{\"@context\":\"https:\\\/\\\/schema.org\",\"@graph\":[{\"@type\":\"Article\",\"@id\":\"https:\\\/\\\/folhapopular.info\\\/index.php\\\/2022\\\/09\\\/01\\\/novo-programa-e-lancado-por-projeto-pacto-lajeado-pela-paz\\\/#article\",\"isPartOf\":{\"@id\":\"https:\\\/\\\/folhapopular.info\\\/index.php\\\/2022\\\/09\\\/01\\\/novo-programa-e-lancado-por-projeto-pacto-lajeado-pela-paz\\\/\"},\"author\":{\"name\":\"Reda\u00e7\u00e3o Folha Popular\",\"@id\":\"https:\\\/\\\/folhapopular.info\\\/#\\\/schema\\\/person\\\/2814e8a0df7643585a9ca38bc6eb9d4b\"},\"headline\":\"Novo programa \u00e9 lan\u00e7ado por projeto Pacto Lajeado pela Paz\",\"datePublished\":\"2022-09-01T17:49:40+00:00\",\"dateModified\":\"2022-09-01T17:49:44+00:00\",\"mainEntityOfPage\":{\"@id\":\"https:\\\/\\\/folhapopular.info\\\/index.php\\\/2022\\\/09\\\/01\\\/novo-programa-e-lancado-por-projeto-pacto-lajeado-pela-paz\\\/\"},\"wordCount\":391,\"commentCount\":0,\"image\":{\"@id\":\"https:\\\/\\\/folhapopular.info\\\/index.php\\\/2022\\\/09\\\/01\\\/novo-programa-e-lancado-por-projeto-pacto-lajeado-pela-paz\\\/#primaryimage\"},\"thumbnailUrl\":\"https:\\\/\\\/folhapopular.info\\\/wp-content\\\/uploads\\\/2022\\\/09\\\/Banco-de-Oportunidades-3-scaled-e1662054448345.jpg\",\"keywords\":[\"Lajeado\",\"Pacto Lajeado Pela Paz\",\"Projeto\"],\"articleSection\":[\"Destaques\",\"Geral\"],\"inLanguage\":\"pt-BR\",\"potentialAction\":[{\"@type\":\"CommentAction\",\"name\":\"Comment\",\"target\":[\"https:\\\/\\\/folhapopular.info\\\/index.php\\\/2022\\\/09\\\/01\\\/novo-programa-e-lancado-por-projeto-pacto-lajeado-pela-paz\\\/#respond\"]}]},{\"@type\":\"WebPage\",\"@id\":\"https:\\\/\\\/folhapopular.info\\\/index.php\\\/2022\\\/09\\\/01\\\/novo-programa-e-lancado-por-projeto-pacto-lajeado-pela-paz\\\/\",\"url\":\"https:\\\/\\\/folhapopular.info\\\/index.php\\\/2022\\\/09\\\/01\\\/novo-programa-e-lancado-por-projeto-pacto-lajeado-pela-paz\\\/\",\"name\":\"Novo programa \u00e9 lan\u00e7ado por projeto Pacto Lajeado pela Paz - Folha Popular\",\"isPartOf\":{\"@id\":\"https:\\\/\\\/folhapopular.info\\\/#website\"},\"primaryImageOfPage\":{\"@id\":\"https:\\\/\\\/folhapopular.info\\\/index.php\\\/2022\\\/09\\\/01\\\/novo-programa-e-lancado-por-projeto-pacto-lajeado-pela-paz\\\/#primaryimage\"},\"image\":{\"@id\":\"https:\\\/\\\/folhapopular.info\\\/index.php\\\/2022\\\/09\\\/01\\\/novo-programa-e-lancado-por-projeto-pacto-lajeado-pela-paz\\\/#primaryimage\"},\"thumbnailUrl\":\"https:\\\/\\\/folhapopular.info\\\/wp-content\\\/uploads\\\/2022\\\/09\\\/Banco-de-Oportunidades-3-scaled-e1662054448345.jpg\",\"datePublished\":\"2022-09-01T17:49:40+00:00\",\"dateModified\":\"2022-09-01T17:49:44+00:00\",\"author\":{\"@id\":\"https:\\\/\\\/folhapopular.info\\\/#\\\/schema\\\/person\\\/2814e8a0df7643585a9ca38bc6eb9d4b\"},\"breadcrumb\":{\"@id\":\"https:\\\/\\\/folhapopular.info\\\/index.php\\\/2022\\\/09\\\/01\\\/novo-programa-e-lancado-por-projeto-pacto-lajeado-pela-paz\\\/#breadcrumb\"},\"inLanguage\":\"pt-BR\",\"potentialAction\":[{\"@type\":\"ReadAction\",\"target\":[\"https:\\\/\\\/folhapopular.info\\\/index.php\\\/2022\\\/09\\\/01\\\/novo-programa-e-lancado-por-projeto-pacto-lajeado-pela-paz\\\/\"]}]},{\"@type\":\"ImageObject\",\"inLanguage\":\"pt-BR\",\"@id\":\"https:\\\/\\\/folhapopular.info\\\/index.php\\\/2022\\\/09\\\/01\\\/novo-programa-e-lancado-por-projeto-pacto-lajeado-pela-paz\\\/#primaryimage\",\"url\":\"https:\\\/\\\/folhapopular.info\\\/wp-content\\\/uploads\\\/2022\\\/09\\\/Banco-de-Oportunidades-3-scaled-e1662054448345.jpg\",\"contentUrl\":\"https:\\\/\\\/folhapopular.info\\\/wp-content\\\/uploads\\\/2022\\\/09\\\/Banco-de-Oportunidades-3-scaled-e1662054448345.jpg\",\"width\":1200,\"height\":800,\"caption\":\"Na data, tamb\u00e9m foi oficializada a parceria de atendimentos terap\u00eauticos e psicol\u00f3gicos para pessoas atendidas pelo programa Cada Jovem Conta \\\/ Cr\u00e9dito: Divulga\u00e7\u00e3o\"},{\"@type\":\"BreadcrumbList\",\"@id\":\"https:\\\/\\\/folhapopular.info\\\/index.php\\\/2022\\\/09\\\/01\\\/novo-programa-e-lancado-por-projeto-pacto-lajeado-pela-paz\\\/#breadcrumb\",\"itemListElement\":[{\"@type\":\"ListItem\",\"position\":1,\"name\":\"In\u00edcio\",\"item\":\"https:\\\/\\\/folhapopular.info\\\/\"},{\"@type\":\"ListItem\",\"position\":2,\"name\":\"Novo programa \u00e9 lan\u00e7ado por projeto Pacto Lajeado pela Paz\"}]},{\"@type\":\"WebSite\",\"@id\":\"https:\\\/\\\/folhapopular.info\\\/#website\",\"url\":\"https:\\\/\\\/folhapopular.info\\\/\",\"name\":\"Folha Popular\",\"description\":\"Onde voc\u00ea tem vez e voz\",\"potentialAction\":[{\"@type\":\"SearchAction\",\"target\":{\"@type\":\"EntryPoint\",\"urlTemplate\":\"https:\\\/\\\/folhapopular.info\\\/?s={search_term_string}\"},\"query-input\":{\"@type\":\"PropertyValueSpecification\",\"valueRequired\":true,\"valueName\":\"search_term_string\"}}],\"inLanguage\":\"pt-BR\"},{\"@type\":\"Person\",\"@id\":\"https:\\\/\\\/folhapopular.info\\\/#\\\/schema\\\/person\\\/2814e8a0df7643585a9ca38bc6eb9d4b\",\"name\":\"Reda\u00e7\u00e3o Folha Popular\",\"image\":{\"@type\":\"ImageObject\",\"inLanguage\":\"pt-BR\",\"@id\":\"https:\\\/\\\/folhapopular.info\\\/wp-content\\\/uploads\\\/2026\\\/04\\\/Folha-1.webp\",\"url\":\"https:\\\/\\\/folhapopular.info\\\/wp-content\\\/uploads\\\/2026\\\/04\\\/Folha-1.webp\",\"contentUrl\":\"https:\\\/\\\/folhapopular.info\\\/wp-content\\\/uploads\\\/2026\\\/04\\\/Folha-1.webp\",\"caption\":\"Reda\u00e7\u00e3o Folha Popular\"},\"url\":\"https:\\\/\\\/folhapopular.info\\\/index.php\\\/author\\\/redacao\\\/\"}]}<\/script>\n<!-- \/ Yoast SEO plugin. -->","yoast_head_json":{"title":"Novo programa \u00e9 lan\u00e7ado por projeto Pacto Lajeado pela Paz - Folha Popular","robots":{"index":"index","follow":"follow","max-snippet":"max-snippet:-1","max-image-preview":"max-image-preview:large","max-video-preview":"max-video-preview:-1"},"canonical":"https:\/\/folhapopular.info\/index.php\/2022\/09\/01\/novo-programa-e-lancado-por-projeto-pacto-lajeado-pela-paz\/","og_locale":"pt_BR","og_type":"article","og_title":"Novo programa \u00e9 lan\u00e7ado por projeto Pacto Lajeado pela Paz - Folha Popular","og_description":"Na manh\u00e3 dessa quarta-feira (31\/8), o projeto Pacto Lajeado pela Paz lan\u00e7ou o programa Banco de Oportunidades, que tem o objetivo de formalizar parcerias com pessoas f\u00edsicas e jur\u00eddicas. A proposta do programa \u00e9 disponibilizar inclus\u00e3o social para as pessoas inseridas nos programas de preven\u00e7\u00e3o da viol\u00eancia do Pacto. Na data, tamb\u00e9m foi oficializada a [&hellip;]","og_url":"https:\/\/folhapopular.info\/index.php\/2022\/09\/01\/novo-programa-e-lancado-por-projeto-pacto-lajeado-pela-paz\/","og_site_name":"Folha Popular","article_published_time":"2022-09-01T17:49:40+00:00","article_modified_time":"2022-09-01T17:49:44+00:00","og_image":[{"width":1200,"height":800,"url":"http:\/\/folhapopular.info\/wp-content\/uploads\/2022\/09\/Banco-de-Oportunidades-3-scaled-e1662054448345.jpg","type":"image\/jpeg"}],"author":"Reda\u00e7\u00e3o Folha Popular","twitter_card":"summary_large_image","twitter_misc":{"Escrito por":"Reda\u00e7\u00e3o Folha Popular","Est. tempo de leitura":"2 minutos"},"schema":{"@context":"https:\/\/schema.org","@graph":[{"@type":"Article","@id":"https:\/\/folhapopular.info\/index.php\/2022\/09\/01\/novo-programa-e-lancado-por-projeto-pacto-lajeado-pela-paz\/#article","isPartOf":{"@id":"https:\/\/folhapopular.info\/index.php\/2022\/09\/01\/novo-programa-e-lancado-por-projeto-pacto-lajeado-pela-paz\/"},"author":{"name":"Reda\u00e7\u00e3o Folha Popular","@id":"https:\/\/folhapopular.info\/#\/schema\/person\/2814e8a0df7643585a9ca38bc6eb9d4b"},"headline":"Novo programa \u00e9 lan\u00e7ado por projeto Pacto Lajeado pela Paz","datePublished":"2022-09-01T17:49:40+00:00","dateModified":"2022-09-01T17:49:44+00:00","mainEntityOfPage":{"@id":"https:\/\/folhapopular.info\/index.php\/2022\/09\/01\/novo-programa-e-lancado-por-projeto-pacto-lajeado-pela-paz\/"},"wordCount":391,"commentCount":0,"image":{"@id":"https:\/\/folhapopular.info\/index.php\/2022\/09\/01\/novo-programa-e-lancado-por-projeto-pacto-lajeado-pela-paz\/#primaryimage"},"thumbnailUrl":"https:\/\/folhapopular.info\/wp-content\/uploads\/2022\/09\/Banco-de-Oportunidades-3-scaled-e1662054448345.jpg","keywords":["Lajeado","Pacto Lajeado Pela Paz","Projeto"],"articleSection":["Destaques","Geral"],"inLanguage":"pt-BR","potentialAction":[{"@type":"CommentAction","name":"Comment","target":["https:\/\/folhapopular.info\/index.php\/2022\/09\/01\/novo-programa-e-lancado-por-projeto-pacto-lajeado-pela-paz\/#respond"]}]},{"@type":"WebPage","@id":"https:\/\/folhapopular.info\/index.php\/2022\/09\/01\/novo-programa-e-lancado-por-projeto-pacto-lajeado-pela-paz\/","url":"https:\/\/folhapopular.info\/index.php\/2022\/09\/01\/novo-programa-e-lancado-por-projeto-pacto-lajeado-pela-paz\/","name":"Novo programa \u00e9 lan\u00e7ado por projeto Pacto Lajeado pela Paz - Folha Popular","isPartOf":{"@id":"https:\/\/folhapopular.info\/#website"},"primaryImageOfPage":{"@id":"https:\/\/folhapopular.info\/index.php\/2022\/09\/01\/novo-programa-e-lancado-por-projeto-pacto-lajeado-pela-paz\/#primaryimage"},"image":{"@id":"https:\/\/folhapopular.info\/index.php\/2022\/09\/01\/novo-programa-e-lancado-por-projeto-pacto-lajeado-pela-paz\/#primaryimage"},"thumbnailUrl":"https:\/\/folhapopular.info\/wp-content\/uploads\/2022\/09\/Banco-de-Oportunidades-3-scaled-e1662054448345.jpg","datePublished":"2022-09-01T17:49:40+00:00","dateModified":"2022-09-01T17:49:44+00:00","author":{"@id":"https:\/\/folhapopular.info\/#\/schema\/person\/2814e8a0df7643585a9ca38bc6eb9d4b"},"breadcrumb":{"@id":"https:\/\/folhapopular.info\/index.php\/2022\/09\/01\/novo-programa-e-lancado-por-projeto-pacto-lajeado-pela-paz\/#breadcrumb"},"inLanguage":"pt-BR","potentialAction":[{"@type":"ReadAction","target":["https:\/\/folhapopular.info\/index.php\/2022\/09\/01\/novo-programa-e-lancado-por-projeto-pacto-lajeado-pela-paz\/"]}]},{"@type":"ImageObject","inLanguage":"pt-BR","@id":"https:\/\/folhapopular.info\/index.php\/2022\/09\/01\/novo-programa-e-lancado-por-projeto-pacto-lajeado-pela-paz\/#primaryimage","url":"https:\/\/folhapopular.info\/wp-content\/uploads\/2022\/09\/Banco-de-Oportunidades-3-scaled-e1662054448345.jpg","contentUrl":"https:\/\/folhapopular.info\/wp-content\/uploads\/2022\/09\/Banco-de-Oportunidades-3-scaled-e1662054448345.jpg","width":1200,"height":800,"caption":"Na data, tamb\u00e9m foi oficializada a parceria de atendimentos terap\u00eauticos e psicol\u00f3gicos para pessoas atendidas pelo programa Cada Jovem Conta \/ Cr\u00e9dito: Divulga\u00e7\u00e3o"},{"@type":"BreadcrumbList","@id":"https:\/\/folhapopular.info\/index.php\/2022\/09\/01\/novo-programa-e-lancado-por-projeto-pacto-lajeado-pela-paz\/#breadcrumb","itemListElement":[{"@type":"ListItem","position":1,"name":"In\u00edcio","item":"https:\/\/folhapopular.info\/"},{"@type":"ListItem","position":2,"name":"Novo programa \u00e9 lan\u00e7ado por projeto Pacto Lajeado pela Paz"}]},{"@type":"WebSite","@id":"https:\/\/folhapopular.info\/#website","url":"https:\/\/folhapopular.info\/","name":"Folha Popular","description":"Onde voc\u00ea tem vez e voz","potentialAction":[{"@type":"SearchAction","target":{"@type":"EntryPoint","urlTemplate":"https:\/\/folhapopular.info\/?s={search_term_string}"},"query-input":{"@type":"PropertyValueSpecification","valueRequired":true,"valueName":"search_term_string"}}],"inLanguage":"pt-BR"},{"@type":"Person","@id":"https:\/\/folhapopular.info\/#\/schema\/person\/2814e8a0df7643585a9ca38bc6eb9d4b","name":"Reda\u00e7\u00e3o Folha Popular","image":{"@type":"ImageObject","inLanguage":"pt-BR","@id":"https:\/\/folhapopular.info\/wp-content\/uploads\/2026\/04\/Folha-1.webp","url":"https:\/\/folhapopular.info\/wp-content\/uploads\/2026\/04\/Folha-1.webp","contentUrl":"https:\/\/folhapopular.info\/wp-content\/uploads\/2026\/04\/Folha-1.webp","caption":"Reda\u00e7\u00e3o Folha Popular"},"url":"https:\/\/folhapopular.info\/index.php\/author\/redacao\/"}]}},"jetpack_featured_media_url":"https:\/\/folhapopular.info\/wp-content\/uploads\/2022\/09\/Banco-de-Oportunidades-3-scaled-e1662054448345.jpg","jetpack_sharing_enabled":true,"amp_enabled":true,"_links":{"self":[{"href":"https:\/\/folhapopular.info\/index.php\/wp-json\/wp\/v2\/posts\/111898","targetHints":{"allow":["GET"]}}],"collection":[{"href":"https:\/\/folhapopular.info\/index.php\/wp-json\/wp\/v2\/posts"}],"about":[{"href":"https:\/\/folhapopular.info\/index.php\/wp-json\/wp\/v2\/types\/post"}],"author":[{"embeddable":true,"href":"https:\/\/folhapopular.info\/index.php\/wp-json\/wp\/v2\/users\/8"}],"replies":[{"embeddable":true,"href":"https:\/\/folhapopular.info\/index.php\/wp-json\/wp\/v2\/comments?post=111898"}],"version-history":[{"count":0,"href":"https:\/\/folhapopular.info\/index.php\/wp-json\/wp\/v2\/posts\/111898\/revisions"}],"wp:featuredmedia":[{"embeddable":true,"href":"https:\/\/folhapopular.info\/index.php\/wp-json\/wp\/v2\/media\/111905"}],"wp:attachment":[{"href":"https:\/\/folhapopular.info\/index.php\/wp-json\/wp\/v2\/media?parent=111898"}],"wp:term":[{"taxonomy":"category","embeddable":true,"href":"https:\/\/folhapopular.info\/index.php\/wp-json\/wp\/v2\/categories?post=111898"},{"taxonomy":"post_tag","embeddable":true,"href":"https:\/\/folhapopular.info\/index.php\/wp-json\/wp\/v2\/tags?post=111898"}],"curies":[{"name":"wp","href":"https:\/\/api.w.org\/{rel}","templated":true}]}}