{"id":111915,"date":"2022-09-01T17:09:20","date_gmt":"2022-09-01T20:09:20","guid":{"rendered":"https:\/\/folhapopular.info\/?p=111915"},"modified":"2022-09-01T17:09:22","modified_gmt":"2022-09-01T20:09:22","slug":"6o-acampamento-farroupilha-de-teutonia-inicia-no-dia-10-de-setembro","status":"publish","type":"post","link":"https:\/\/folhapopular.info\/index.php\/2022\/09\/01\/6o-acampamento-farroupilha-de-teutonia-inicia-no-dia-10-de-setembro\/","title":{"rendered":"6\u00ba Acampamento Farroupilha de Teut\u00f4nia inicia no dia 10 de setembro"},"content":{"rendered":"\n<p>O 6\u00ba Acampamento Farroupilha de Teut\u00f4nia \u00e9 promovido pela Secretaria de Juventude, Cultura, Esporte e Lazer e tem o objetivo de estimular o movimento tradicionalista e preservar cultura e tradi\u00e7\u00e3o ga\u00facha, al\u00e9m de proporcionar momento de integra\u00e7\u00e3o entre a comunidade. <\/p>\n\n\n\n<p>A cerim\u00f4nia de abertura da Semana Farroupilha ser\u00e1 no s\u00e1bado (10\/9), \u00e0s 16h, no Centro Administrativo, ap\u00f3s a chegada da Cavalgada da Chama Crioula, junto ao Acampamento Farroupilha. Neste ano os cavalarianos ter\u00e3o como ponto de partida o CTG Porteira dos Pampas, no Bairro Canabarro.<\/p>\n\n\n\n<p>O tradicional Desfile Farroupilha ocorre na ter\u00e7a-feira (20\/9) a partir das 9h, com a participa\u00e7\u00e3o de cavalarianos e das escolas do munic\u00edpio. O trajeto a ser percorrido inicia em frente ao Agrocenter Languiru, na Rua Arthur Pilz, seguindo pela Rua Pedro Schneider, Rua 25 de julho, Rua Evaldo Hilgemann, Rua Fernando Ferrari, Avenida 1 Leste, at\u00e9 o Centro Administrativo Municipal, momento em que as entidades receber\u00e3o um trofe\u00fa de participa\u00e7\u00e3o e o desfile ser\u00e1 encerrado.<\/p>\n\n\n\n<p>Haver\u00e1 shows de bandas renomadas no Estado, como Os Buenachos, Os Centauros, Luz de Candieiro e Os Bertussi, e tamb\u00e9m apresenta\u00e7\u00f5es art\u00edsticas dos CTGs Rinc\u00e3o das Coxilhas e Porteira dos Pampas, al\u00e9m das atividades promovidas nos piquetes.<\/p>\n\n\n\n<p>Para a realiza\u00e7\u00e3o dos eventos que envolvem a participa\u00e7\u00e3o de animais, a comiss\u00e3o organizadora preza por sua sa\u00fade e bem-estar. Portanto, os cavalos participantes do desfile dever\u00e3o estar com os exames peri\u00f3dicos em dia, pois o evento est\u00e1 registrado e autorizado pela inspetoria veterin\u00e1ria estadual.<\/p>\n\n\n\n<p>O momento conta com o patroc\u00ednio da Cooperativa Sicredi Ouro Branco, Cooperativa Languiru, Teutobier, American Nutrients, Cooperativa Certel, Teutonet Telecomunica\u00e7\u00f5es e Energizzo El\u00e9tricos. <\/p>\n\n\n\n<p><strong>Programa\u00e7\u00e3o<\/strong><br><strong>7.9 &#8211; Quarta-feira<\/strong><br><strong>9h30<\/strong>\u00a0&#8211; Acendimento da Chama Crioula &amp; Extin\u00e7\u00e3o da Chama da P\u00e1tria<br>Local: Prefeitura de Teut\u00f4nia<br><strong>10.9 &#8211; S\u00e1bado <\/strong><br><strong>14h30<\/strong>\u00a0&#8211; Cavalgada da Chama Crioula<br>Sa\u00edda: Canabarro<br><strong>16h00<\/strong>\u00a0&#8211; Abertura do Acampamento Farroupilha<br><strong>23h00<\/strong>\u00a0&#8211; Os Buenachos<br><strong>22h00<\/strong>\u00a0&#8211; Os Centauros<br><strong>17.9 &#8211; S\u00e1bado<\/strong><br><strong>19h30\u00a0<\/strong>&#8211; Luz de Candieiro<br><strong>22h00<\/strong>\u00a0&#8211; Os Bertussi<br><strong>20.9 &#8211; Ter\u00e7a-feira<\/strong><br><strong>09h00<\/strong>\u00a0&#8211; Desfile Farroupoilha<br>Sa\u00edda: Agrocenter Languiru<br>Chegada: Prefeitura de Teut\u00f4nia<br><strong>10h30 &#8211;<\/strong>\u00a0Culto e Missa Campeira<br>Local: Acampamento Farroupilha<br><strong>18h00<\/strong>\u00a0&#8211; Encerramento<\/p>\n","protected":false},"excerpt":{"rendered":"<p>O 6\u00ba Acampamento Farroupilha de Teut\u00f4nia \u00e9 promovido pela Secretaria de Juventude, Cultura, Esporte e Lazer e tem o objetivo de estimular o movimento tradicionalista e preservar cultura e tradi\u00e7\u00e3o ga\u00facha, al\u00e9m de proporcionar momento de integra\u00e7\u00e3o entre a comunidade. A cerim\u00f4nia de abertura da Semana Farroupilha ser\u00e1 no s\u00e1bado (10\/9), \u00e0s 16h, no Centro [&hellip;]<\/p>\n","protected":false},"author":8,"featured_media":111917,"comment_status":"open","ping_status":"open","sticky":false,"template":"","format":"standard","meta":{"pmpro_default_level":"","_jetpack_memberships_contains_paid_content":false,"footnotes":""},"categories":[2,3],"tags":[980,5366,26,81],"class_list":{"0":"post-111915","1":"post","2":"type-post","3":"status-publish","4":"format-standard","5":"has-post-thumbnail","7":"category-featured","8":"category-geral","9":"tag-acampamento-farroupilha","10":"tag-comunidade","11":"tag-teutonia","12":"tag-tradicao","13":"pmpro-has-access"},"yoast_head":"<!-- This site is optimized with the Yoast SEO plugin v27.5 - https:\/\/yoast.com\/product\/yoast-seo-wordpress\/ -->\n<title>6\u00ba Acampamento Farroupilha de Teut\u00f4nia inicia no dia 10 de setembro - Folha Popular<\/title>\n<meta name=\"robots\" content=\"index, follow, max-snippet:-1, max-image-preview:large, max-video-preview:-1\" \/>\n<link rel=\"canonical\" href=\"https:\/\/folhapopular.info\/index.php\/2022\/09\/01\/6o-acampamento-farroupilha-de-teutonia-inicia-no-dia-10-de-setembro\/\" \/>\n<meta property=\"og:locale\" content=\"pt_BR\" \/>\n<meta property=\"og:type\" content=\"article\" \/>\n<meta property=\"og:title\" content=\"6\u00ba Acampamento Farroupilha de Teut\u00f4nia inicia no dia 10 de setembro - Folha Popular\" \/>\n<meta property=\"og:description\" content=\"O 6\u00ba Acampamento Farroupilha de Teut\u00f4nia \u00e9 promovido pela Secretaria de Juventude, Cultura, Esporte e Lazer e tem o objetivo de estimular o movimento tradicionalista e preservar cultura e tradi\u00e7\u00e3o ga\u00facha, al\u00e9m de proporcionar momento de integra\u00e7\u00e3o entre a comunidade. A cerim\u00f4nia de abertura da Semana Farroupilha ser\u00e1 no s\u00e1bado (10\/9), \u00e0s 16h, no Centro [&hellip;]\" \/>\n<meta property=\"og:url\" content=\"https:\/\/folhapopular.info\/index.php\/2022\/09\/01\/6o-acampamento-farroupilha-de-teutonia-inicia-no-dia-10-de-setembro\/\" \/>\n<meta property=\"og:site_name\" content=\"Folha Popular\" \/>\n<meta property=\"article:published_time\" content=\"2022-09-01T20:09:20+00:00\" \/>\n<meta property=\"article:modified_time\" content=\"2022-09-01T20:09:22+00:00\" \/>\n<meta property=\"og:image\" content=\"http:\/\/folhapopular.info\/wp-content\/uploads\/2022\/09\/2022_09_01_6o-Acampamento-Farroupilha-de-Teutonia-inicia-no-dia-10-de-setembro-1-scaled-e1662062791574.jpg\" \/>\n\t<meta property=\"og:image:width\" content=\"1200\" \/>\n\t<meta property=\"og:image:height\" content=\"800\" \/>\n\t<meta property=\"og:image:type\" content=\"image\/jpeg\" \/>\n<meta name=\"author\" content=\"Reda\u00e7\u00e3o Folha Popular\" \/>\n<meta name=\"twitter:card\" content=\"summary_large_image\" \/>\n<meta name=\"twitter:label1\" content=\"Escrito por\" \/>\n\t<meta name=\"twitter:data1\" content=\"Reda\u00e7\u00e3o Folha Popular\" \/>\n\t<meta name=\"twitter:label2\" content=\"Est. tempo de leitura\" \/>\n\t<meta name=\"twitter:data2\" content=\"2 minutos\" \/>\n<script type=\"application\/ld+json\" class=\"yoast-schema-graph\">{\"@context\":\"https:\\\/\\\/schema.org\",\"@graph\":[{\"@type\":\"Article\",\"@id\":\"https:\\\/\\\/folhapopular.info\\\/index.php\\\/2022\\\/09\\\/01\\\/6o-acampamento-farroupilha-de-teutonia-inicia-no-dia-10-de-setembro\\\/#article\",\"isPartOf\":{\"@id\":\"https:\\\/\\\/folhapopular.info\\\/index.php\\\/2022\\\/09\\\/01\\\/6o-acampamento-farroupilha-de-teutonia-inicia-no-dia-10-de-setembro\\\/\"},\"author\":{\"name\":\"Reda\u00e7\u00e3o Folha Popular\",\"@id\":\"https:\\\/\\\/folhapopular.info\\\/#\\\/schema\\\/person\\\/2814e8a0df7643585a9ca38bc6eb9d4b\"},\"headline\":\"6\u00ba Acampamento Farroupilha de Teut\u00f4nia inicia no dia 10 de setembro\",\"datePublished\":\"2022-09-01T20:09:20+00:00\",\"dateModified\":\"2022-09-01T20:09:22+00:00\",\"mainEntityOfPage\":{\"@id\":\"https:\\\/\\\/folhapopular.info\\\/index.php\\\/2022\\\/09\\\/01\\\/6o-acampamento-farroupilha-de-teutonia-inicia-no-dia-10-de-setembro\\\/\"},\"wordCount\":382,\"commentCount\":0,\"image\":{\"@id\":\"https:\\\/\\\/folhapopular.info\\\/index.php\\\/2022\\\/09\\\/01\\\/6o-acampamento-farroupilha-de-teutonia-inicia-no-dia-10-de-setembro\\\/#primaryimage\"},\"thumbnailUrl\":\"https:\\\/\\\/folhapopular.info\\\/wp-content\\\/uploads\\\/2022\\\/09\\\/2022_09_01_6o-Acampamento-Farroupilha-de-Teutonia-inicia-no-dia-10-de-setembro-1-scaled-e1662062791574.jpg\",\"keywords\":[\"Acampamento Farroupilha\",\"Comunidade\",\"Teut\u00f4nia\",\"Tradi\u00e7\u00e3o\"],\"articleSection\":[\"Destaques\",\"Geral\"],\"inLanguage\":\"pt-BR\",\"potentialAction\":[{\"@type\":\"CommentAction\",\"name\":\"Comment\",\"target\":[\"https:\\\/\\\/folhapopular.info\\\/index.php\\\/2022\\\/09\\\/01\\\/6o-acampamento-farroupilha-de-teutonia-inicia-no-dia-10-de-setembro\\\/#respond\"]}]},{\"@type\":\"WebPage\",\"@id\":\"https:\\\/\\\/folhapopular.info\\\/index.php\\\/2022\\\/09\\\/01\\\/6o-acampamento-farroupilha-de-teutonia-inicia-no-dia-10-de-setembro\\\/\",\"url\":\"https:\\\/\\\/folhapopular.info\\\/index.php\\\/2022\\\/09\\\/01\\\/6o-acampamento-farroupilha-de-teutonia-inicia-no-dia-10-de-setembro\\\/\",\"name\":\"6\u00ba Acampamento Farroupilha de Teut\u00f4nia inicia no dia 10 de setembro - Folha Popular\",\"isPartOf\":{\"@id\":\"https:\\\/\\\/folhapopular.info\\\/#website\"},\"primaryImageOfPage\":{\"@id\":\"https:\\\/\\\/folhapopular.info\\\/index.php\\\/2022\\\/09\\\/01\\\/6o-acampamento-farroupilha-de-teutonia-inicia-no-dia-10-de-setembro\\\/#primaryimage\"},\"image\":{\"@id\":\"https:\\\/\\\/folhapopular.info\\\/index.php\\\/2022\\\/09\\\/01\\\/6o-acampamento-farroupilha-de-teutonia-inicia-no-dia-10-de-setembro\\\/#primaryimage\"},\"thumbnailUrl\":\"https:\\\/\\\/folhapopular.info\\\/wp-content\\\/uploads\\\/2022\\\/09\\\/2022_09_01_6o-Acampamento-Farroupilha-de-Teutonia-inicia-no-dia-10-de-setembro-1-scaled-e1662062791574.jpg\",\"datePublished\":\"2022-09-01T20:09:20+00:00\",\"dateModified\":\"2022-09-01T20:09:22+00:00\",\"author\":{\"@id\":\"https:\\\/\\\/folhapopular.info\\\/#\\\/schema\\\/person\\\/2814e8a0df7643585a9ca38bc6eb9d4b\"},\"breadcrumb\":{\"@id\":\"https:\\\/\\\/folhapopular.info\\\/index.php\\\/2022\\\/09\\\/01\\\/6o-acampamento-farroupilha-de-teutonia-inicia-no-dia-10-de-setembro\\\/#breadcrumb\"},\"inLanguage\":\"pt-BR\",\"potentialAction\":[{\"@type\":\"ReadAction\",\"target\":[\"https:\\\/\\\/folhapopular.info\\\/index.php\\\/2022\\\/09\\\/01\\\/6o-acampamento-farroupilha-de-teutonia-inicia-no-dia-10-de-setembro\\\/\"]}]},{\"@type\":\"ImageObject\",\"inLanguage\":\"pt-BR\",\"@id\":\"https:\\\/\\\/folhapopular.info\\\/index.php\\\/2022\\\/09\\\/01\\\/6o-acampamento-farroupilha-de-teutonia-inicia-no-dia-10-de-setembro\\\/#primaryimage\",\"url\":\"https:\\\/\\\/folhapopular.info\\\/wp-content\\\/uploads\\\/2022\\\/09\\\/2022_09_01_6o-Acampamento-Farroupilha-de-Teutonia-inicia-no-dia-10-de-setembro-1-scaled-e1662062791574.jpg\",\"contentUrl\":\"https:\\\/\\\/folhapopular.info\\\/wp-content\\\/uploads\\\/2022\\\/09\\\/2022_09_01_6o-Acampamento-Farroupilha-de-Teutonia-inicia-no-dia-10-de-setembro-1-scaled-e1662062791574.jpg\",\"width\":1200,\"height\":800,\"caption\":\"Cr\u00e9dito: Alana Gausmann Flores \\\/ Divulga\u00e7\u00e3o\"},{\"@type\":\"BreadcrumbList\",\"@id\":\"https:\\\/\\\/folhapopular.info\\\/index.php\\\/2022\\\/09\\\/01\\\/6o-acampamento-farroupilha-de-teutonia-inicia-no-dia-10-de-setembro\\\/#breadcrumb\",\"itemListElement\":[{\"@type\":\"ListItem\",\"position\":1,\"name\":\"In\u00edcio\",\"item\":\"https:\\\/\\\/folhapopular.info\\\/\"},{\"@type\":\"ListItem\",\"position\":2,\"name\":\"6\u00ba Acampamento Farroupilha de Teut\u00f4nia inicia no dia 10 de setembro\"}]},{\"@type\":\"WebSite\",\"@id\":\"https:\\\/\\\/folhapopular.info\\\/#website\",\"url\":\"https:\\\/\\\/folhapopular.info\\\/\",\"name\":\"Folha Popular\",\"description\":\"Onde voc\u00ea tem vez e voz\",\"potentialAction\":[{\"@type\":\"SearchAction\",\"target\":{\"@type\":\"EntryPoint\",\"urlTemplate\":\"https:\\\/\\\/folhapopular.info\\\/?s={search_term_string}\"},\"query-input\":{\"@type\":\"PropertyValueSpecification\",\"valueRequired\":true,\"valueName\":\"search_term_string\"}}],\"inLanguage\":\"pt-BR\"},{\"@type\":\"Person\",\"@id\":\"https:\\\/\\\/folhapopular.info\\\/#\\\/schema\\\/person\\\/2814e8a0df7643585a9ca38bc6eb9d4b\",\"name\":\"Reda\u00e7\u00e3o Folha Popular\",\"image\":{\"@type\":\"ImageObject\",\"inLanguage\":\"pt-BR\",\"@id\":\"https:\\\/\\\/folhapopular.info\\\/wp-content\\\/uploads\\\/2026\\\/04\\\/Folha-1.webp\",\"url\":\"https:\\\/\\\/folhapopular.info\\\/wp-content\\\/uploads\\\/2026\\\/04\\\/Folha-1.webp\",\"contentUrl\":\"https:\\\/\\\/folhapopular.info\\\/wp-content\\\/uploads\\\/2026\\\/04\\\/Folha-1.webp\",\"caption\":\"Reda\u00e7\u00e3o Folha Popular\"},\"url\":\"https:\\\/\\\/folhapopular.info\\\/index.php\\\/author\\\/redacao\\\/\"}]}<\/script>\n<!-- \/ Yoast SEO plugin. -->","yoast_head_json":{"title":"6\u00ba Acampamento Farroupilha de Teut\u00f4nia inicia no dia 10 de setembro - Folha Popular","robots":{"index":"index","follow":"follow","max-snippet":"max-snippet:-1","max-image-preview":"max-image-preview:large","max-video-preview":"max-video-preview:-1"},"canonical":"https:\/\/folhapopular.info\/index.php\/2022\/09\/01\/6o-acampamento-farroupilha-de-teutonia-inicia-no-dia-10-de-setembro\/","og_locale":"pt_BR","og_type":"article","og_title":"6\u00ba Acampamento Farroupilha de Teut\u00f4nia inicia no dia 10 de setembro - Folha Popular","og_description":"O 6\u00ba Acampamento Farroupilha de Teut\u00f4nia \u00e9 promovido pela Secretaria de Juventude, Cultura, Esporte e Lazer e tem o objetivo de estimular o movimento tradicionalista e preservar cultura e tradi\u00e7\u00e3o ga\u00facha, al\u00e9m de proporcionar momento de integra\u00e7\u00e3o entre a comunidade. A cerim\u00f4nia de abertura da Semana Farroupilha ser\u00e1 no s\u00e1bado (10\/9), \u00e0s 16h, no Centro [&hellip;]","og_url":"https:\/\/folhapopular.info\/index.php\/2022\/09\/01\/6o-acampamento-farroupilha-de-teutonia-inicia-no-dia-10-de-setembro\/","og_site_name":"Folha Popular","article_published_time":"2022-09-01T20:09:20+00:00","article_modified_time":"2022-09-01T20:09:22+00:00","og_image":[{"width":1200,"height":800,"url":"http:\/\/folhapopular.info\/wp-content\/uploads\/2022\/09\/2022_09_01_6o-Acampamento-Farroupilha-de-Teutonia-inicia-no-dia-10-de-setembro-1-scaled-e1662062791574.jpg","type":"image\/jpeg"}],"author":"Reda\u00e7\u00e3o Folha Popular","twitter_card":"summary_large_image","twitter_misc":{"Escrito por":"Reda\u00e7\u00e3o Folha Popular","Est. tempo de leitura":"2 minutos"},"schema":{"@context":"https:\/\/schema.org","@graph":[{"@type":"Article","@id":"https:\/\/folhapopular.info\/index.php\/2022\/09\/01\/6o-acampamento-farroupilha-de-teutonia-inicia-no-dia-10-de-setembro\/#article","isPartOf":{"@id":"https:\/\/folhapopular.info\/index.php\/2022\/09\/01\/6o-acampamento-farroupilha-de-teutonia-inicia-no-dia-10-de-setembro\/"},"author":{"name":"Reda\u00e7\u00e3o Folha Popular","@id":"https:\/\/folhapopular.info\/#\/schema\/person\/2814e8a0df7643585a9ca38bc6eb9d4b"},"headline":"6\u00ba Acampamento Farroupilha de Teut\u00f4nia inicia no dia 10 de setembro","datePublished":"2022-09-01T20:09:20+00:00","dateModified":"2022-09-01T20:09:22+00:00","mainEntityOfPage":{"@id":"https:\/\/folhapopular.info\/index.php\/2022\/09\/01\/6o-acampamento-farroupilha-de-teutonia-inicia-no-dia-10-de-setembro\/"},"wordCount":382,"commentCount":0,"image":{"@id":"https:\/\/folhapopular.info\/index.php\/2022\/09\/01\/6o-acampamento-farroupilha-de-teutonia-inicia-no-dia-10-de-setembro\/#primaryimage"},"thumbnailUrl":"https:\/\/folhapopular.info\/wp-content\/uploads\/2022\/09\/2022_09_01_6o-Acampamento-Farroupilha-de-Teutonia-inicia-no-dia-10-de-setembro-1-scaled-e1662062791574.jpg","keywords":["Acampamento Farroupilha","Comunidade","Teut\u00f4nia","Tradi\u00e7\u00e3o"],"articleSection":["Destaques","Geral"],"inLanguage":"pt-BR","potentialAction":[{"@type":"CommentAction","name":"Comment","target":["https:\/\/folhapopular.info\/index.php\/2022\/09\/01\/6o-acampamento-farroupilha-de-teutonia-inicia-no-dia-10-de-setembro\/#respond"]}]},{"@type":"WebPage","@id":"https:\/\/folhapopular.info\/index.php\/2022\/09\/01\/6o-acampamento-farroupilha-de-teutonia-inicia-no-dia-10-de-setembro\/","url":"https:\/\/folhapopular.info\/index.php\/2022\/09\/01\/6o-acampamento-farroupilha-de-teutonia-inicia-no-dia-10-de-setembro\/","name":"6\u00ba Acampamento Farroupilha de Teut\u00f4nia inicia no dia 10 de setembro - Folha Popular","isPartOf":{"@id":"https:\/\/folhapopular.info\/#website"},"primaryImageOfPage":{"@id":"https:\/\/folhapopular.info\/index.php\/2022\/09\/01\/6o-acampamento-farroupilha-de-teutonia-inicia-no-dia-10-de-setembro\/#primaryimage"},"image":{"@id":"https:\/\/folhapopular.info\/index.php\/2022\/09\/01\/6o-acampamento-farroupilha-de-teutonia-inicia-no-dia-10-de-setembro\/#primaryimage"},"thumbnailUrl":"https:\/\/folhapopular.info\/wp-content\/uploads\/2022\/09\/2022_09_01_6o-Acampamento-Farroupilha-de-Teutonia-inicia-no-dia-10-de-setembro-1-scaled-e1662062791574.jpg","datePublished":"2022-09-01T20:09:20+00:00","dateModified":"2022-09-01T20:09:22+00:00","author":{"@id":"https:\/\/folhapopular.info\/#\/schema\/person\/2814e8a0df7643585a9ca38bc6eb9d4b"},"breadcrumb":{"@id":"https:\/\/folhapopular.info\/index.php\/2022\/09\/01\/6o-acampamento-farroupilha-de-teutonia-inicia-no-dia-10-de-setembro\/#breadcrumb"},"inLanguage":"pt-BR","potentialAction":[{"@type":"ReadAction","target":["https:\/\/folhapopular.info\/index.php\/2022\/09\/01\/6o-acampamento-farroupilha-de-teutonia-inicia-no-dia-10-de-setembro\/"]}]},{"@type":"ImageObject","inLanguage":"pt-BR","@id":"https:\/\/folhapopular.info\/index.php\/2022\/09\/01\/6o-acampamento-farroupilha-de-teutonia-inicia-no-dia-10-de-setembro\/#primaryimage","url":"https:\/\/folhapopular.info\/wp-content\/uploads\/2022\/09\/2022_09_01_6o-Acampamento-Farroupilha-de-Teutonia-inicia-no-dia-10-de-setembro-1-scaled-e1662062791574.jpg","contentUrl":"https:\/\/folhapopular.info\/wp-content\/uploads\/2022\/09\/2022_09_01_6o-Acampamento-Farroupilha-de-Teutonia-inicia-no-dia-10-de-setembro-1-scaled-e1662062791574.jpg","width":1200,"height":800,"caption":"Cr\u00e9dito: Alana Gausmann Flores \/ Divulga\u00e7\u00e3o"},{"@type":"BreadcrumbList","@id":"https:\/\/folhapopular.info\/index.php\/2022\/09\/01\/6o-acampamento-farroupilha-de-teutonia-inicia-no-dia-10-de-setembro\/#breadcrumb","itemListElement":[{"@type":"ListItem","position":1,"name":"In\u00edcio","item":"https:\/\/folhapopular.info\/"},{"@type":"ListItem","position":2,"name":"6\u00ba Acampamento Farroupilha de Teut\u00f4nia inicia no dia 10 de setembro"}]},{"@type":"WebSite","@id":"https:\/\/folhapopular.info\/#website","url":"https:\/\/folhapopular.info\/","name":"Folha Popular","description":"Onde voc\u00ea tem vez e voz","potentialAction":[{"@type":"SearchAction","target":{"@type":"EntryPoint","urlTemplate":"https:\/\/folhapopular.info\/?s={search_term_string}"},"query-input":{"@type":"PropertyValueSpecification","valueRequired":true,"valueName":"search_term_string"}}],"inLanguage":"pt-BR"},{"@type":"Person","@id":"https:\/\/folhapopular.info\/#\/schema\/person\/2814e8a0df7643585a9ca38bc6eb9d4b","name":"Reda\u00e7\u00e3o Folha Popular","image":{"@type":"ImageObject","inLanguage":"pt-BR","@id":"https:\/\/folhapopular.info\/wp-content\/uploads\/2026\/04\/Folha-1.webp","url":"https:\/\/folhapopular.info\/wp-content\/uploads\/2026\/04\/Folha-1.webp","contentUrl":"https:\/\/folhapopular.info\/wp-content\/uploads\/2026\/04\/Folha-1.webp","caption":"Reda\u00e7\u00e3o Folha Popular"},"url":"https:\/\/folhapopular.info\/index.php\/author\/redacao\/"}]}},"jetpack_featured_media_url":"https:\/\/folhapopular.info\/wp-content\/uploads\/2022\/09\/2022_09_01_6o-Acampamento-Farroupilha-de-Teutonia-inicia-no-dia-10-de-setembro-1-scaled-e1662062791574.jpg","jetpack_sharing_enabled":true,"amp_enabled":true,"_links":{"self":[{"href":"https:\/\/folhapopular.info\/index.php\/wp-json\/wp\/v2\/posts\/111915","targetHints":{"allow":["GET"]}}],"collection":[{"href":"https:\/\/folhapopular.info\/index.php\/wp-json\/wp\/v2\/posts"}],"about":[{"href":"https:\/\/folhapopular.info\/index.php\/wp-json\/wp\/v2\/types\/post"}],"author":[{"embeddable":true,"href":"https:\/\/folhapopular.info\/index.php\/wp-json\/wp\/v2\/users\/8"}],"replies":[{"embeddable":true,"href":"https:\/\/folhapopular.info\/index.php\/wp-json\/wp\/v2\/comments?post=111915"}],"version-history":[{"count":0,"href":"https:\/\/folhapopular.info\/index.php\/wp-json\/wp\/v2\/posts\/111915\/revisions"}],"wp:featuredmedia":[{"embeddable":true,"href":"https:\/\/folhapopular.info\/index.php\/wp-json\/wp\/v2\/media\/111917"}],"wp:attachment":[{"href":"https:\/\/folhapopular.info\/index.php\/wp-json\/wp\/v2\/media?parent=111915"}],"wp:term":[{"taxonomy":"category","embeddable":true,"href":"https:\/\/folhapopular.info\/index.php\/wp-json\/wp\/v2\/categories?post=111915"},{"taxonomy":"post_tag","embeddable":true,"href":"https:\/\/folhapopular.info\/index.php\/wp-json\/wp\/v2\/tags?post=111915"}],"curies":[{"name":"wp","href":"https:\/\/api.w.org\/{rel}","templated":true}]}}