{"id":111962,"date":"2022-09-02T10:33:19","date_gmt":"2022-09-02T13:33:19","guid":{"rendered":"https:\/\/folhapopular.info\/?p=111962"},"modified":"2022-09-02T10:34:01","modified_gmt":"2022-09-02T13:34:01","slug":"cafusal-comeca-dia-10-de-setembro-em-lajeado","status":"publish","type":"post","link":"https:\/\/folhapopular.info\/index.php\/2022\/09\/02\/cafusal-comeca-dia-10-de-setembro-em-lajeado\/","title":{"rendered":"Cafusal come\u00e7a dia 10 de setembro em Lajeado"},"content":{"rendered":"\n<p>O Campeonato de Futsal de Lajeado (Cafusal) das categorias Sub-14 e Sub-16 come\u00e7a no dia 10 de setembro. Promovido pela Prefeitura de Lajeado, por meio da Secretaria da Cultura, Esporte e Lazer (Secel), o evento tem in\u00edcio a partir das 13h. A primeira rodada ser\u00e1 no Gin\u00e1sio Municipal Nelson Brancher.<\/p>\n\n\n\n<p>As categorias s\u00e3o Sub-14 (nascidos em 2008\/2009) e Sub-16 (nascidos em 2006\/2007). Cada equipe p\u00f4de inscrever at\u00e9 12 atletas e at\u00e9 tr\u00eas integrantes na comiss\u00e3o t\u00e9cnica, sendo que desses somente dois poder\u00e3o permanecer dentro da quadra de jogo.<\/p>\n\n\n\n<p>O regulamento pode ser conferido&nbsp;<strong><a href=\"https:\/\/www.lajeado.rs.gov.br\/arquivos\/download_anexo\/Regulamento%20Cafusal%20Sub%202022.pdf\" rel=\"noreferrer noopener\" target=\"_blank\">clicando aqui<\/a><\/strong>.<\/p>\n\n\n\n<p>Ser\u00e3o oito rodadas, mais as disputas das semifinais e finais. Para conferir a tabela de jogos,&nbsp;<strong><a href=\"https:\/\/www.lajeado.rs.gov.br\/arquivos\/download_anexo\/Tabela%20de%20jogos%20Fase%20Classificat%C3%B3ria.pdf\" rel=\"noreferrer noopener\" target=\"_blank\">clique aqui<\/a><\/strong>.<\/p>\n\n\n\n<p>Confira o chaveamento das equipes&nbsp;<strong><a href=\"https:\/\/www.lajeado.rs.gov.br\/arquivos\/download_anexo\/Chaveamento%202022.pdf\" rel=\"noreferrer noopener\" target=\"_blank\">clicando aqui<\/a><\/strong>.<\/p>\n","protected":false},"excerpt":{"rendered":"<p>O Campeonato de Futsal de Lajeado (Cafusal) das categorias Sub-14 e Sub-16 come\u00e7a no dia 10 de setembro. Promovido pela Prefeitura de Lajeado, por meio da Secretaria da Cultura, Esporte e Lazer (Secel), o evento tem in\u00edcio a partir das 13h. A primeira rodada ser\u00e1 no Gin\u00e1sio Municipal Nelson Brancher. As categorias s\u00e3o Sub-14 (nascidos [&hellip;]<\/p>\n","protected":false},"author":8,"featured_media":111963,"comment_status":"open","ping_status":"open","sticky":false,"template":"","format":"standard","meta":{"pmpro_default_level":"","_jetpack_memberships_contains_paid_content":false,"footnotes":""},"categories":[5,530],"tags":[9876,137,27],"class_list":{"0":"post-111962","1":"post","2":"type-post","3":"status-publish","4":"format-standard","5":"has-post-thumbnail","7":"category-esportes","8":"category-futsal","9":"tag-10-de-setembro","10":"tag-esporte","11":"tag-lajeado","12":"pmpro-has-access"},"yoast_head":"<!-- This site is optimized with the Yoast SEO plugin v27.5 - https:\/\/yoast.com\/product\/yoast-seo-wordpress\/ -->\n<title>Cafusal come\u00e7a dia 10 de setembro em Lajeado - Folha Popular<\/title>\n<meta name=\"robots\" content=\"index, follow, max-snippet:-1, max-image-preview:large, max-video-preview:-1\" \/>\n<link rel=\"canonical\" href=\"https:\/\/folhapopular.info\/index.php\/2022\/09\/02\/cafusal-comeca-dia-10-de-setembro-em-lajeado\/\" \/>\n<meta property=\"og:locale\" content=\"pt_BR\" \/>\n<meta property=\"og:type\" content=\"article\" \/>\n<meta property=\"og:title\" content=\"Cafusal come\u00e7a dia 10 de setembro em Lajeado - Folha Popular\" \/>\n<meta property=\"og:description\" content=\"O Campeonato de Futsal de Lajeado (Cafusal) das categorias Sub-14 e Sub-16 come\u00e7a no dia 10 de setembro. Promovido pela Prefeitura de Lajeado, por meio da Secretaria da Cultura, Esporte e Lazer (Secel), o evento tem in\u00edcio a partir das 13h. A primeira rodada ser\u00e1 no Gin\u00e1sio Municipal Nelson Brancher. As categorias s\u00e3o Sub-14 (nascidos [&hellip;]\" \/>\n<meta property=\"og:url\" content=\"https:\/\/folhapopular.info\/index.php\/2022\/09\/02\/cafusal-comeca-dia-10-de-setembro-em-lajeado\/\" \/>\n<meta property=\"og:site_name\" content=\"Folha Popular\" \/>\n<meta property=\"article:published_time\" content=\"2022-09-02T13:33:19+00:00\" \/>\n<meta property=\"article:modified_time\" content=\"2022-09-02T13:34:01+00:00\" \/>\n<meta property=\"og:image\" content=\"http:\/\/folhapopular.info\/wp-content\/uploads\/2022\/09\/Cafusal-arquivo-e1662125517315.jpeg\" \/>\n\t<meta property=\"og:image:width\" content=\"1200\" \/>\n\t<meta property=\"og:image:height\" content=\"800\" \/>\n\t<meta property=\"og:image:type\" content=\"image\/jpeg\" \/>\n<meta name=\"author\" content=\"Reda\u00e7\u00e3o Folha Popular\" \/>\n<meta name=\"twitter:card\" content=\"summary_large_image\" \/>\n<meta name=\"twitter:label1\" content=\"Escrito por\" \/>\n\t<meta name=\"twitter:data1\" content=\"Reda\u00e7\u00e3o Folha Popular\" \/>\n\t<meta name=\"twitter:label2\" content=\"Est. tempo de leitura\" \/>\n\t<meta name=\"twitter:data2\" content=\"1 minuto\" \/>\n<script type=\"application\/ld+json\" class=\"yoast-schema-graph\">{\"@context\":\"https:\\\/\\\/schema.org\",\"@graph\":[{\"@type\":\"Article\",\"@id\":\"https:\\\/\\\/folhapopular.info\\\/index.php\\\/2022\\\/09\\\/02\\\/cafusal-comeca-dia-10-de-setembro-em-lajeado\\\/#article\",\"isPartOf\":{\"@id\":\"https:\\\/\\\/folhapopular.info\\\/index.php\\\/2022\\\/09\\\/02\\\/cafusal-comeca-dia-10-de-setembro-em-lajeado\\\/\"},\"author\":{\"name\":\"Reda\u00e7\u00e3o Folha Popular\",\"@id\":\"https:\\\/\\\/folhapopular.info\\\/#\\\/schema\\\/person\\\/2814e8a0df7643585a9ca38bc6eb9d4b\"},\"headline\":\"Cafusal come\u00e7a dia 10 de setembro em Lajeado\",\"datePublished\":\"2022-09-02T13:33:19+00:00\",\"dateModified\":\"2022-09-02T13:34:01+00:00\",\"mainEntityOfPage\":{\"@id\":\"https:\\\/\\\/folhapopular.info\\\/index.php\\\/2022\\\/09\\\/02\\\/cafusal-comeca-dia-10-de-setembro-em-lajeado\\\/\"},\"wordCount\":137,\"commentCount\":0,\"image\":{\"@id\":\"https:\\\/\\\/folhapopular.info\\\/index.php\\\/2022\\\/09\\\/02\\\/cafusal-comeca-dia-10-de-setembro-em-lajeado\\\/#primaryimage\"},\"thumbnailUrl\":\"https:\\\/\\\/folhapopular.info\\\/wp-content\\\/uploads\\\/2022\\\/09\\\/Cafusal-arquivo-e1662125517315.jpeg\",\"keywords\":[\"10 de setembro\",\"Esporte\",\"Lajeado\"],\"articleSection\":[\"Esportes\",\"Futsal\"],\"inLanguage\":\"pt-BR\",\"potentialAction\":[{\"@type\":\"CommentAction\",\"name\":\"Comment\",\"target\":[\"https:\\\/\\\/folhapopular.info\\\/index.php\\\/2022\\\/09\\\/02\\\/cafusal-comeca-dia-10-de-setembro-em-lajeado\\\/#respond\"]}]},{\"@type\":\"WebPage\",\"@id\":\"https:\\\/\\\/folhapopular.info\\\/index.php\\\/2022\\\/09\\\/02\\\/cafusal-comeca-dia-10-de-setembro-em-lajeado\\\/\",\"url\":\"https:\\\/\\\/folhapopular.info\\\/index.php\\\/2022\\\/09\\\/02\\\/cafusal-comeca-dia-10-de-setembro-em-lajeado\\\/\",\"name\":\"Cafusal come\u00e7a dia 10 de setembro em Lajeado - Folha Popular\",\"isPartOf\":{\"@id\":\"https:\\\/\\\/folhapopular.info\\\/#website\"},\"primaryImageOfPage\":{\"@id\":\"https:\\\/\\\/folhapopular.info\\\/index.php\\\/2022\\\/09\\\/02\\\/cafusal-comeca-dia-10-de-setembro-em-lajeado\\\/#primaryimage\"},\"image\":{\"@id\":\"https:\\\/\\\/folhapopular.info\\\/index.php\\\/2022\\\/09\\\/02\\\/cafusal-comeca-dia-10-de-setembro-em-lajeado\\\/#primaryimage\"},\"thumbnailUrl\":\"https:\\\/\\\/folhapopular.info\\\/wp-content\\\/uploads\\\/2022\\\/09\\\/Cafusal-arquivo-e1662125517315.jpeg\",\"datePublished\":\"2022-09-02T13:33:19+00:00\",\"dateModified\":\"2022-09-02T13:34:01+00:00\",\"author\":{\"@id\":\"https:\\\/\\\/folhapopular.info\\\/#\\\/schema\\\/person\\\/2814e8a0df7643585a9ca38bc6eb9d4b\"},\"breadcrumb\":{\"@id\":\"https:\\\/\\\/folhapopular.info\\\/index.php\\\/2022\\\/09\\\/02\\\/cafusal-comeca-dia-10-de-setembro-em-lajeado\\\/#breadcrumb\"},\"inLanguage\":\"pt-BR\",\"potentialAction\":[{\"@type\":\"ReadAction\",\"target\":[\"https:\\\/\\\/folhapopular.info\\\/index.php\\\/2022\\\/09\\\/02\\\/cafusal-comeca-dia-10-de-setembro-em-lajeado\\\/\"]}]},{\"@type\":\"ImageObject\",\"inLanguage\":\"pt-BR\",\"@id\":\"https:\\\/\\\/folhapopular.info\\\/index.php\\\/2022\\\/09\\\/02\\\/cafusal-comeca-dia-10-de-setembro-em-lajeado\\\/#primaryimage\",\"url\":\"https:\\\/\\\/folhapopular.info\\\/wp-content\\\/uploads\\\/2022\\\/09\\\/Cafusal-arquivo-e1662125517315.jpeg\",\"contentUrl\":\"https:\\\/\\\/folhapopular.info\\\/wp-content\\\/uploads\\\/2022\\\/09\\\/Cafusal-arquivo-e1662125517315.jpeg\",\"width\":1200,\"height\":800,\"caption\":\"A primeira rodada ser\u00e1 no Gin\u00e1sio Municipal Nelson Brancher\"},{\"@type\":\"BreadcrumbList\",\"@id\":\"https:\\\/\\\/folhapopular.info\\\/index.php\\\/2022\\\/09\\\/02\\\/cafusal-comeca-dia-10-de-setembro-em-lajeado\\\/#breadcrumb\",\"itemListElement\":[{\"@type\":\"ListItem\",\"position\":1,\"name\":\"In\u00edcio\",\"item\":\"https:\\\/\\\/folhapopular.info\\\/\"},{\"@type\":\"ListItem\",\"position\":2,\"name\":\"Cafusal come\u00e7a dia 10 de setembro em Lajeado\"}]},{\"@type\":\"WebSite\",\"@id\":\"https:\\\/\\\/folhapopular.info\\\/#website\",\"url\":\"https:\\\/\\\/folhapopular.info\\\/\",\"name\":\"Folha Popular\",\"description\":\"Onde voc\u00ea tem vez e voz\",\"potentialAction\":[{\"@type\":\"SearchAction\",\"target\":{\"@type\":\"EntryPoint\",\"urlTemplate\":\"https:\\\/\\\/folhapopular.info\\\/?s={search_term_string}\"},\"query-input\":{\"@type\":\"PropertyValueSpecification\",\"valueRequired\":true,\"valueName\":\"search_term_string\"}}],\"inLanguage\":\"pt-BR\"},{\"@type\":\"Person\",\"@id\":\"https:\\\/\\\/folhapopular.info\\\/#\\\/schema\\\/person\\\/2814e8a0df7643585a9ca38bc6eb9d4b\",\"name\":\"Reda\u00e7\u00e3o Folha Popular\",\"image\":{\"@type\":\"ImageObject\",\"inLanguage\":\"pt-BR\",\"@id\":\"https:\\\/\\\/folhapopular.info\\\/wp-content\\\/uploads\\\/2026\\\/04\\\/Folha-1.webp\",\"url\":\"https:\\\/\\\/folhapopular.info\\\/wp-content\\\/uploads\\\/2026\\\/04\\\/Folha-1.webp\",\"contentUrl\":\"https:\\\/\\\/folhapopular.info\\\/wp-content\\\/uploads\\\/2026\\\/04\\\/Folha-1.webp\",\"caption\":\"Reda\u00e7\u00e3o Folha Popular\"},\"url\":\"https:\\\/\\\/folhapopular.info\\\/index.php\\\/author\\\/redacao\\\/\"}]}<\/script>\n<!-- \/ Yoast SEO plugin. -->","yoast_head_json":{"title":"Cafusal come\u00e7a dia 10 de setembro em Lajeado - Folha Popular","robots":{"index":"index","follow":"follow","max-snippet":"max-snippet:-1","max-image-preview":"max-image-preview:large","max-video-preview":"max-video-preview:-1"},"canonical":"https:\/\/folhapopular.info\/index.php\/2022\/09\/02\/cafusal-comeca-dia-10-de-setembro-em-lajeado\/","og_locale":"pt_BR","og_type":"article","og_title":"Cafusal come\u00e7a dia 10 de setembro em Lajeado - Folha Popular","og_description":"O Campeonato de Futsal de Lajeado (Cafusal) das categorias Sub-14 e Sub-16 come\u00e7a no dia 10 de setembro. Promovido pela Prefeitura de Lajeado, por meio da Secretaria da Cultura, Esporte e Lazer (Secel), o evento tem in\u00edcio a partir das 13h. A primeira rodada ser\u00e1 no Gin\u00e1sio Municipal Nelson Brancher. As categorias s\u00e3o Sub-14 (nascidos [&hellip;]","og_url":"https:\/\/folhapopular.info\/index.php\/2022\/09\/02\/cafusal-comeca-dia-10-de-setembro-em-lajeado\/","og_site_name":"Folha Popular","article_published_time":"2022-09-02T13:33:19+00:00","article_modified_time":"2022-09-02T13:34:01+00:00","og_image":[{"width":1200,"height":800,"url":"http:\/\/folhapopular.info\/wp-content\/uploads\/2022\/09\/Cafusal-arquivo-e1662125517315.jpeg","type":"image\/jpeg"}],"author":"Reda\u00e7\u00e3o Folha Popular","twitter_card":"summary_large_image","twitter_misc":{"Escrito por":"Reda\u00e7\u00e3o Folha Popular","Est. tempo de leitura":"1 minuto"},"schema":{"@context":"https:\/\/schema.org","@graph":[{"@type":"Article","@id":"https:\/\/folhapopular.info\/index.php\/2022\/09\/02\/cafusal-comeca-dia-10-de-setembro-em-lajeado\/#article","isPartOf":{"@id":"https:\/\/folhapopular.info\/index.php\/2022\/09\/02\/cafusal-comeca-dia-10-de-setembro-em-lajeado\/"},"author":{"name":"Reda\u00e7\u00e3o Folha Popular","@id":"https:\/\/folhapopular.info\/#\/schema\/person\/2814e8a0df7643585a9ca38bc6eb9d4b"},"headline":"Cafusal come\u00e7a dia 10 de setembro em Lajeado","datePublished":"2022-09-02T13:33:19+00:00","dateModified":"2022-09-02T13:34:01+00:00","mainEntityOfPage":{"@id":"https:\/\/folhapopular.info\/index.php\/2022\/09\/02\/cafusal-comeca-dia-10-de-setembro-em-lajeado\/"},"wordCount":137,"commentCount":0,"image":{"@id":"https:\/\/folhapopular.info\/index.php\/2022\/09\/02\/cafusal-comeca-dia-10-de-setembro-em-lajeado\/#primaryimage"},"thumbnailUrl":"https:\/\/folhapopular.info\/wp-content\/uploads\/2022\/09\/Cafusal-arquivo-e1662125517315.jpeg","keywords":["10 de setembro","Esporte","Lajeado"],"articleSection":["Esportes","Futsal"],"inLanguage":"pt-BR","potentialAction":[{"@type":"CommentAction","name":"Comment","target":["https:\/\/folhapopular.info\/index.php\/2022\/09\/02\/cafusal-comeca-dia-10-de-setembro-em-lajeado\/#respond"]}]},{"@type":"WebPage","@id":"https:\/\/folhapopular.info\/index.php\/2022\/09\/02\/cafusal-comeca-dia-10-de-setembro-em-lajeado\/","url":"https:\/\/folhapopular.info\/index.php\/2022\/09\/02\/cafusal-comeca-dia-10-de-setembro-em-lajeado\/","name":"Cafusal come\u00e7a dia 10 de setembro em Lajeado - Folha Popular","isPartOf":{"@id":"https:\/\/folhapopular.info\/#website"},"primaryImageOfPage":{"@id":"https:\/\/folhapopular.info\/index.php\/2022\/09\/02\/cafusal-comeca-dia-10-de-setembro-em-lajeado\/#primaryimage"},"image":{"@id":"https:\/\/folhapopular.info\/index.php\/2022\/09\/02\/cafusal-comeca-dia-10-de-setembro-em-lajeado\/#primaryimage"},"thumbnailUrl":"https:\/\/folhapopular.info\/wp-content\/uploads\/2022\/09\/Cafusal-arquivo-e1662125517315.jpeg","datePublished":"2022-09-02T13:33:19+00:00","dateModified":"2022-09-02T13:34:01+00:00","author":{"@id":"https:\/\/folhapopular.info\/#\/schema\/person\/2814e8a0df7643585a9ca38bc6eb9d4b"},"breadcrumb":{"@id":"https:\/\/folhapopular.info\/index.php\/2022\/09\/02\/cafusal-comeca-dia-10-de-setembro-em-lajeado\/#breadcrumb"},"inLanguage":"pt-BR","potentialAction":[{"@type":"ReadAction","target":["https:\/\/folhapopular.info\/index.php\/2022\/09\/02\/cafusal-comeca-dia-10-de-setembro-em-lajeado\/"]}]},{"@type":"ImageObject","inLanguage":"pt-BR","@id":"https:\/\/folhapopular.info\/index.php\/2022\/09\/02\/cafusal-comeca-dia-10-de-setembro-em-lajeado\/#primaryimage","url":"https:\/\/folhapopular.info\/wp-content\/uploads\/2022\/09\/Cafusal-arquivo-e1662125517315.jpeg","contentUrl":"https:\/\/folhapopular.info\/wp-content\/uploads\/2022\/09\/Cafusal-arquivo-e1662125517315.jpeg","width":1200,"height":800,"caption":"A primeira rodada ser\u00e1 no Gin\u00e1sio Municipal Nelson Brancher"},{"@type":"BreadcrumbList","@id":"https:\/\/folhapopular.info\/index.php\/2022\/09\/02\/cafusal-comeca-dia-10-de-setembro-em-lajeado\/#breadcrumb","itemListElement":[{"@type":"ListItem","position":1,"name":"In\u00edcio","item":"https:\/\/folhapopular.info\/"},{"@type":"ListItem","position":2,"name":"Cafusal come\u00e7a dia 10 de setembro em Lajeado"}]},{"@type":"WebSite","@id":"https:\/\/folhapopular.info\/#website","url":"https:\/\/folhapopular.info\/","name":"Folha Popular","description":"Onde voc\u00ea tem vez e voz","potentialAction":[{"@type":"SearchAction","target":{"@type":"EntryPoint","urlTemplate":"https:\/\/folhapopular.info\/?s={search_term_string}"},"query-input":{"@type":"PropertyValueSpecification","valueRequired":true,"valueName":"search_term_string"}}],"inLanguage":"pt-BR"},{"@type":"Person","@id":"https:\/\/folhapopular.info\/#\/schema\/person\/2814e8a0df7643585a9ca38bc6eb9d4b","name":"Reda\u00e7\u00e3o Folha Popular","image":{"@type":"ImageObject","inLanguage":"pt-BR","@id":"https:\/\/folhapopular.info\/wp-content\/uploads\/2026\/04\/Folha-1.webp","url":"https:\/\/folhapopular.info\/wp-content\/uploads\/2026\/04\/Folha-1.webp","contentUrl":"https:\/\/folhapopular.info\/wp-content\/uploads\/2026\/04\/Folha-1.webp","caption":"Reda\u00e7\u00e3o Folha Popular"},"url":"https:\/\/folhapopular.info\/index.php\/author\/redacao\/"}]}},"jetpack_featured_media_url":"https:\/\/folhapopular.info\/wp-content\/uploads\/2022\/09\/Cafusal-arquivo-e1662125517315.jpeg","jetpack_sharing_enabled":true,"amp_enabled":true,"_links":{"self":[{"href":"https:\/\/folhapopular.info\/index.php\/wp-json\/wp\/v2\/posts\/111962","targetHints":{"allow":["GET"]}}],"collection":[{"href":"https:\/\/folhapopular.info\/index.php\/wp-json\/wp\/v2\/posts"}],"about":[{"href":"https:\/\/folhapopular.info\/index.php\/wp-json\/wp\/v2\/types\/post"}],"author":[{"embeddable":true,"href":"https:\/\/folhapopular.info\/index.php\/wp-json\/wp\/v2\/users\/8"}],"replies":[{"embeddable":true,"href":"https:\/\/folhapopular.info\/index.php\/wp-json\/wp\/v2\/comments?post=111962"}],"version-history":[{"count":0,"href":"https:\/\/folhapopular.info\/index.php\/wp-json\/wp\/v2\/posts\/111962\/revisions"}],"wp:featuredmedia":[{"embeddable":true,"href":"https:\/\/folhapopular.info\/index.php\/wp-json\/wp\/v2\/media\/111963"}],"wp:attachment":[{"href":"https:\/\/folhapopular.info\/index.php\/wp-json\/wp\/v2\/media?parent=111962"}],"wp:term":[{"taxonomy":"category","embeddable":true,"href":"https:\/\/folhapopular.info\/index.php\/wp-json\/wp\/v2\/categories?post=111962"},{"taxonomy":"post_tag","embeddable":true,"href":"https:\/\/folhapopular.info\/index.php\/wp-json\/wp\/v2\/tags?post=111962"}],"curies":[{"name":"wp","href":"https:\/\/api.w.org\/{rel}","templated":true}]}}