{"id":111974,"date":"2022-09-02T15:20:17","date_gmt":"2022-09-02T18:20:17","guid":{"rendered":"https:\/\/folhapopular.info\/?p=111974"},"modified":"2022-09-02T15:20:22","modified_gmt":"2022-09-02T18:20:22","slug":"copa-via-esporte-kalber-inicia-neste-fim-de-semana","status":"publish","type":"post","link":"https:\/\/folhapopular.info\/index.php\/2022\/09\/02\/copa-via-esporte-kalber-inicia-neste-fim-de-semana\/","title":{"rendered":"Copa Via Esporte\/Kalber inicia neste fim de semana"},"content":{"rendered":"\n<p>A 5\u00aa Copa Via Esporte\/Kalber Uniformes inicia neste domingo (4\/9) com as categorias Aspirantes e Titulares. Ambas valer\u00e3o pontos. O certame ter\u00e1 participa\u00e7\u00e3o de cinco equipes: Juventude de Brochier, Po\u00e7o das Antas, 11 Amigos de Po\u00e7o das Antas, Boa Vista de Teut\u00f4nia e Gua\u00edba de Paverama. Os Aspirantes jogam \u00e0s 13h30. O primeiro quadro entra em campo \u00e0s 15h30.<\/p>\n\n\n\n<p>Em Po\u00e7o das Antas ter\u00e1 o confronto cl\u00e1ssico: Po\u00e7o das Antas x 11 Amigos. Os times jogaram a Ta\u00e7a da Amizade 2022.<\/p>\n\n\n\n<p>Em Boa Vista, Teut\u00f4nia, ap\u00f3s dois anos, o Boa Vista entra em campo novamente e enfrenta o Juventude de Brochier. O time de Brochier \u00e9 o atual campe\u00e3o do certame. <\/p>\n\n\n\n<p>Nesta rodada folga o Gua\u00edba de Paverama, que tamb\u00e9m retorna aos campos ap\u00f3s um per\u00edodo de portas fechadas.<\/p>\n\n\n\n<p>Todos jogam contra todos em turno \u00fanico na primeira fase. Os quatro primeiros colocados se classificam para a fase semifinal, que ser\u00e1 em dois turnos (ida e volta). O primeiro colocado enfrenta o quarto e o segundo colocado encara o terceiro.<\/p>\n\n\n\n<p>Na categoria Aspirantes, os times puderam inscrever 25 atletas da casa \u2013 19 jogadores de idade livre e seis menores de 18 anos. Nos Titulares, os times tamb\u00e9m puderam inscrever 25 atletas \u2013 19 da casa e seis de fora. O goleiro pode ser a s\u00e9tima op\u00e7\u00e3o de fora. Em cada rodada devem jogar apenas tr\u00eas atletas de fora, mais o goleiro.<\/p>\n\n\n\n<p><strong><mark style=\"background-color:#fcb900\" class=\"has-inline-color\">5\u00aa COPA VIA ESPORTE\/KALBER UNIFORMES 2022<\/mark><\/strong><\/p>\n\n\n\n<p><strong>1\u00aa rodada \u2013 4\/9<\/strong><\/p>\n\n\n\n<p>Po\u00e7o das Antas Po\u00e7o das Antas x 11 Amigos<\/p>\n\n\n\n<p>Teut\u00f4nia Boa Vista x Juventude de Brochier<\/p>\n\n\n\n<p>Folga: Gua\u00edba<\/p>\n","protected":false},"excerpt":{"rendered":"<p>A 5\u00aa Copa Via Esporte\/Kalber Uniformes inicia neste domingo (4\/9) com as categorias Aspirantes e Titulares. Ambas valer\u00e3o pontos. O certame ter\u00e1 participa\u00e7\u00e3o de cinco equipes: Juventude de Brochier, Po\u00e7o das Antas, 11 Amigos de Po\u00e7o das Antas, Boa Vista de Teut\u00f4nia e Gua\u00edba de Paverama. Os Aspirantes jogam \u00e0s 13h30. O primeiro quadro entra [&hellip;]<\/p>\n","protected":false},"author":601,"featured_media":107798,"comment_status":"open","ping_status":"open","sticky":false,"template":"","format":"standard","meta":{"pmpro_default_level":"","_jetpack_memberships_contains_paid_content":false,"footnotes":""},"categories":[5,240],"tags":[9459,5302,9877,315],"class_list":{"0":"post-111974","1":"post","2":"type-post","3":"status-publish","4":"format-standard","5":"has-post-thumbnail","7":"category-esportes","8":"category-futebol-amador","9":"tag-certame","10":"tag-copa-via-esporte","11":"tag-kalber-uniformes","12":"tag-regiao","13":"pmpro-has-access"},"yoast_head":"<!-- This site is optimized with the Yoast SEO plugin v27.5 - https:\/\/yoast.com\/product\/yoast-seo-wordpress\/ -->\n<title>Copa Via Esporte\/Kalber inicia neste fim de semana - Folha Popular<\/title>\n<meta name=\"robots\" content=\"index, follow, max-snippet:-1, max-image-preview:large, max-video-preview:-1\" \/>\n<link rel=\"canonical\" href=\"https:\/\/folhapopular.info\/index.php\/2022\/09\/02\/copa-via-esporte-kalber-inicia-neste-fim-de-semana\/\" \/>\n<meta property=\"og:locale\" content=\"pt_BR\" \/>\n<meta property=\"og:type\" content=\"article\" \/>\n<meta property=\"og:title\" content=\"Copa Via Esporte\/Kalber inicia neste fim de semana - Folha Popular\" \/>\n<meta property=\"og:description\" content=\"A 5\u00aa Copa Via Esporte\/Kalber Uniformes inicia neste domingo (4\/9) com as categorias Aspirantes e Titulares. Ambas valer\u00e3o pontos. O certame ter\u00e1 participa\u00e7\u00e3o de cinco equipes: Juventude de Brochier, Po\u00e7o das Antas, 11 Amigos de Po\u00e7o das Antas, Boa Vista de Teut\u00f4nia e Gua\u00edba de Paverama. Os Aspirantes jogam \u00e0s 13h30. O primeiro quadro entra [&hellip;]\" \/>\n<meta property=\"og:url\" content=\"https:\/\/folhapopular.info\/index.php\/2022\/09\/02\/copa-via-esporte-kalber-inicia-neste-fim-de-semana\/\" \/>\n<meta property=\"og:site_name\" content=\"Folha Popular\" \/>\n<meta property=\"article:published_time\" content=\"2022-09-02T18:20:17+00:00\" \/>\n<meta property=\"article:modified_time\" content=\"2022-09-02T18:20:22+00:00\" \/>\n<meta property=\"og:image\" content=\"http:\/\/folhapopular.info\/wp-content\/uploads\/2022\/07\/WhatsApp-Image-2022-07-03-at-10.04.55-e1656941446710.jpeg\" \/>\n\t<meta property=\"og:image:width\" content=\"800\" \/>\n\t<meta property=\"og:image:height\" content=\"600\" \/>\n\t<meta property=\"og:image:type\" content=\"image\/jpeg\" \/>\n<meta name=\"author\" content=\"Carla Beckmann\" \/>\n<meta name=\"twitter:card\" content=\"summary_large_image\" \/>\n<meta name=\"twitter:label1\" content=\"Escrito por\" \/>\n\t<meta name=\"twitter:data1\" content=\"Carla Beckmann\" \/>\n\t<meta name=\"twitter:label2\" content=\"Est. tempo de leitura\" \/>\n\t<meta name=\"twitter:data2\" content=\"2 minutos\" \/>\n<script type=\"application\/ld+json\" class=\"yoast-schema-graph\">{\"@context\":\"https:\\\/\\\/schema.org\",\"@graph\":[{\"@type\":\"Article\",\"@id\":\"https:\\\/\\\/folhapopular.info\\\/index.php\\\/2022\\\/09\\\/02\\\/copa-via-esporte-kalber-inicia-neste-fim-de-semana\\\/#article\",\"isPartOf\":{\"@id\":\"https:\\\/\\\/folhapopular.info\\\/index.php\\\/2022\\\/09\\\/02\\\/copa-via-esporte-kalber-inicia-neste-fim-de-semana\\\/\"},\"author\":{\"name\":\"Carla Beckmann\",\"@id\":\"https:\\\/\\\/folhapopular.info\\\/#\\\/schema\\\/person\\\/c9138938e4781f3e1ca513f9bea5659c\"},\"headline\":\"Copa Via Esporte\\\/Kalber inicia neste fim de semana\",\"datePublished\":\"2022-09-02T18:20:17+00:00\",\"dateModified\":\"2022-09-02T18:20:22+00:00\",\"mainEntityOfPage\":{\"@id\":\"https:\\\/\\\/folhapopular.info\\\/index.php\\\/2022\\\/09\\\/02\\\/copa-via-esporte-kalber-inicia-neste-fim-de-semana\\\/\"},\"wordCount\":277,\"commentCount\":0,\"image\":{\"@id\":\"https:\\\/\\\/folhapopular.info\\\/index.php\\\/2022\\\/09\\\/02\\\/copa-via-esporte-kalber-inicia-neste-fim-de-semana\\\/#primaryimage\"},\"thumbnailUrl\":\"https:\\\/\\\/folhapopular.info\\\/wp-content\\\/uploads\\\/2022\\\/07\\\/WhatsApp-Image-2022-07-03-at-10.04.55-e1656941446710.jpeg\",\"keywords\":[\"Certame\",\"Copa Via Esporte\",\"Kalber Uniformes\",\"Regi\u00e3o\"],\"articleSection\":[\"Esportes\",\"Futebol Amador\"],\"inLanguage\":\"pt-BR\",\"potentialAction\":[{\"@type\":\"CommentAction\",\"name\":\"Comment\",\"target\":[\"https:\\\/\\\/folhapopular.info\\\/index.php\\\/2022\\\/09\\\/02\\\/copa-via-esporte-kalber-inicia-neste-fim-de-semana\\\/#respond\"]}]},{\"@type\":\"WebPage\",\"@id\":\"https:\\\/\\\/folhapopular.info\\\/index.php\\\/2022\\\/09\\\/02\\\/copa-via-esporte-kalber-inicia-neste-fim-de-semana\\\/\",\"url\":\"https:\\\/\\\/folhapopular.info\\\/index.php\\\/2022\\\/09\\\/02\\\/copa-via-esporte-kalber-inicia-neste-fim-de-semana\\\/\",\"name\":\"Copa Via Esporte\\\/Kalber inicia neste fim de semana - Folha Popular\",\"isPartOf\":{\"@id\":\"https:\\\/\\\/folhapopular.info\\\/#website\"},\"primaryImageOfPage\":{\"@id\":\"https:\\\/\\\/folhapopular.info\\\/index.php\\\/2022\\\/09\\\/02\\\/copa-via-esporte-kalber-inicia-neste-fim-de-semana\\\/#primaryimage\"},\"image\":{\"@id\":\"https:\\\/\\\/folhapopular.info\\\/index.php\\\/2022\\\/09\\\/02\\\/copa-via-esporte-kalber-inicia-neste-fim-de-semana\\\/#primaryimage\"},\"thumbnailUrl\":\"https:\\\/\\\/folhapopular.info\\\/wp-content\\\/uploads\\\/2022\\\/07\\\/WhatsApp-Image-2022-07-03-at-10.04.55-e1656941446710.jpeg\",\"datePublished\":\"2022-09-02T18:20:17+00:00\",\"dateModified\":\"2022-09-02T18:20:22+00:00\",\"author\":{\"@id\":\"https:\\\/\\\/folhapopular.info\\\/#\\\/schema\\\/person\\\/c9138938e4781f3e1ca513f9bea5659c\"},\"breadcrumb\":{\"@id\":\"https:\\\/\\\/folhapopular.info\\\/index.php\\\/2022\\\/09\\\/02\\\/copa-via-esporte-kalber-inicia-neste-fim-de-semana\\\/#breadcrumb\"},\"inLanguage\":\"pt-BR\",\"potentialAction\":[{\"@type\":\"ReadAction\",\"target\":[\"https:\\\/\\\/folhapopular.info\\\/index.php\\\/2022\\\/09\\\/02\\\/copa-via-esporte-kalber-inicia-neste-fim-de-semana\\\/\"]}]},{\"@type\":\"ImageObject\",\"inLanguage\":\"pt-BR\",\"@id\":\"https:\\\/\\\/folhapopular.info\\\/index.php\\\/2022\\\/09\\\/02\\\/copa-via-esporte-kalber-inicia-neste-fim-de-semana\\\/#primaryimage\",\"url\":\"https:\\\/\\\/folhapopular.info\\\/wp-content\\\/uploads\\\/2022\\\/07\\\/WhatsApp-Image-2022-07-03-at-10.04.55-e1656941446710.jpeg\",\"contentUrl\":\"https:\\\/\\\/folhapopular.info\\\/wp-content\\\/uploads\\\/2022\\\/07\\\/WhatsApp-Image-2022-07-03-at-10.04.55-e1656941446710.jpeg\",\"width\":800,\"height\":600,\"caption\":\"Juventude de Brochier \u00e9 o atual campe\u00e3o do certame \\\/ Cr\u00e9dito: Bianca Let\u00edcia Fritscher \\\/ Especial FP \\\/ Arquivo FP\"},{\"@type\":\"BreadcrumbList\",\"@id\":\"https:\\\/\\\/folhapopular.info\\\/index.php\\\/2022\\\/09\\\/02\\\/copa-via-esporte-kalber-inicia-neste-fim-de-semana\\\/#breadcrumb\",\"itemListElement\":[{\"@type\":\"ListItem\",\"position\":1,\"name\":\"In\u00edcio\",\"item\":\"https:\\\/\\\/folhapopular.info\\\/\"},{\"@type\":\"ListItem\",\"position\":2,\"name\":\"Copa Via Esporte\\\/Kalber inicia neste fim de semana\"}]},{\"@type\":\"WebSite\",\"@id\":\"https:\\\/\\\/folhapopular.info\\\/#website\",\"url\":\"https:\\\/\\\/folhapopular.info\\\/\",\"name\":\"Folha Popular\",\"description\":\"Onde voc\u00ea tem vez e voz\",\"potentialAction\":[{\"@type\":\"SearchAction\",\"target\":{\"@type\":\"EntryPoint\",\"urlTemplate\":\"https:\\\/\\\/folhapopular.info\\\/?s={search_term_string}\"},\"query-input\":{\"@type\":\"PropertyValueSpecification\",\"valueRequired\":true,\"valueName\":\"search_term_string\"}}],\"inLanguage\":\"pt-BR\"},{\"@type\":\"Person\",\"@id\":\"https:\\\/\\\/folhapopular.info\\\/#\\\/schema\\\/person\\\/c9138938e4781f3e1ca513f9bea5659c\",\"name\":\"Carla Beckmann\",\"image\":{\"@type\":\"ImageObject\",\"inLanguage\":\"pt-BR\",\"@id\":\"https:\\\/\\\/secure.gravatar.com\\\/avatar\\\/790078f6ade9f70c31db5a673b88c15df0904c2847c456b3599f72843ac11eb9?s=96&d=mm&r=g\",\"url\":\"https:\\\/\\\/secure.gravatar.com\\\/avatar\\\/790078f6ade9f70c31db5a673b88c15df0904c2847c456b3599f72843ac11eb9?s=96&d=mm&r=g\",\"contentUrl\":\"https:\\\/\\\/secure.gravatar.com\\\/avatar\\\/790078f6ade9f70c31db5a673b88c15df0904c2847c456b3599f72843ac11eb9?s=96&d=mm&r=g\",\"caption\":\"Carla Beckmann\"},\"url\":\"https:\\\/\\\/folhapopular.info\\\/index.php\\\/author\\\/carlabeckmann03gmail-com\\\/\"}]}<\/script>\n<!-- \/ Yoast SEO plugin. -->","yoast_head_json":{"title":"Copa Via Esporte\/Kalber inicia neste fim de semana - Folha Popular","robots":{"index":"index","follow":"follow","max-snippet":"max-snippet:-1","max-image-preview":"max-image-preview:large","max-video-preview":"max-video-preview:-1"},"canonical":"https:\/\/folhapopular.info\/index.php\/2022\/09\/02\/copa-via-esporte-kalber-inicia-neste-fim-de-semana\/","og_locale":"pt_BR","og_type":"article","og_title":"Copa Via Esporte\/Kalber inicia neste fim de semana - Folha Popular","og_description":"A 5\u00aa Copa Via Esporte\/Kalber Uniformes inicia neste domingo (4\/9) com as categorias Aspirantes e Titulares. Ambas valer\u00e3o pontos. O certame ter\u00e1 participa\u00e7\u00e3o de cinco equipes: Juventude de Brochier, Po\u00e7o das Antas, 11 Amigos de Po\u00e7o das Antas, Boa Vista de Teut\u00f4nia e Gua\u00edba de Paverama. Os Aspirantes jogam \u00e0s 13h30. O primeiro quadro entra [&hellip;]","og_url":"https:\/\/folhapopular.info\/index.php\/2022\/09\/02\/copa-via-esporte-kalber-inicia-neste-fim-de-semana\/","og_site_name":"Folha Popular","article_published_time":"2022-09-02T18:20:17+00:00","article_modified_time":"2022-09-02T18:20:22+00:00","og_image":[{"width":800,"height":600,"url":"http:\/\/folhapopular.info\/wp-content\/uploads\/2022\/07\/WhatsApp-Image-2022-07-03-at-10.04.55-e1656941446710.jpeg","type":"image\/jpeg"}],"author":"Carla Beckmann","twitter_card":"summary_large_image","twitter_misc":{"Escrito por":"Carla Beckmann","Est. tempo de leitura":"2 minutos"},"schema":{"@context":"https:\/\/schema.org","@graph":[{"@type":"Article","@id":"https:\/\/folhapopular.info\/index.php\/2022\/09\/02\/copa-via-esporte-kalber-inicia-neste-fim-de-semana\/#article","isPartOf":{"@id":"https:\/\/folhapopular.info\/index.php\/2022\/09\/02\/copa-via-esporte-kalber-inicia-neste-fim-de-semana\/"},"author":{"name":"Carla Beckmann","@id":"https:\/\/folhapopular.info\/#\/schema\/person\/c9138938e4781f3e1ca513f9bea5659c"},"headline":"Copa Via Esporte\/Kalber inicia neste fim de semana","datePublished":"2022-09-02T18:20:17+00:00","dateModified":"2022-09-02T18:20:22+00:00","mainEntityOfPage":{"@id":"https:\/\/folhapopular.info\/index.php\/2022\/09\/02\/copa-via-esporte-kalber-inicia-neste-fim-de-semana\/"},"wordCount":277,"commentCount":0,"image":{"@id":"https:\/\/folhapopular.info\/index.php\/2022\/09\/02\/copa-via-esporte-kalber-inicia-neste-fim-de-semana\/#primaryimage"},"thumbnailUrl":"https:\/\/folhapopular.info\/wp-content\/uploads\/2022\/07\/WhatsApp-Image-2022-07-03-at-10.04.55-e1656941446710.jpeg","keywords":["Certame","Copa Via Esporte","Kalber Uniformes","Regi\u00e3o"],"articleSection":["Esportes","Futebol Amador"],"inLanguage":"pt-BR","potentialAction":[{"@type":"CommentAction","name":"Comment","target":["https:\/\/folhapopular.info\/index.php\/2022\/09\/02\/copa-via-esporte-kalber-inicia-neste-fim-de-semana\/#respond"]}]},{"@type":"WebPage","@id":"https:\/\/folhapopular.info\/index.php\/2022\/09\/02\/copa-via-esporte-kalber-inicia-neste-fim-de-semana\/","url":"https:\/\/folhapopular.info\/index.php\/2022\/09\/02\/copa-via-esporte-kalber-inicia-neste-fim-de-semana\/","name":"Copa Via Esporte\/Kalber inicia neste fim de semana - Folha Popular","isPartOf":{"@id":"https:\/\/folhapopular.info\/#website"},"primaryImageOfPage":{"@id":"https:\/\/folhapopular.info\/index.php\/2022\/09\/02\/copa-via-esporte-kalber-inicia-neste-fim-de-semana\/#primaryimage"},"image":{"@id":"https:\/\/folhapopular.info\/index.php\/2022\/09\/02\/copa-via-esporte-kalber-inicia-neste-fim-de-semana\/#primaryimage"},"thumbnailUrl":"https:\/\/folhapopular.info\/wp-content\/uploads\/2022\/07\/WhatsApp-Image-2022-07-03-at-10.04.55-e1656941446710.jpeg","datePublished":"2022-09-02T18:20:17+00:00","dateModified":"2022-09-02T18:20:22+00:00","author":{"@id":"https:\/\/folhapopular.info\/#\/schema\/person\/c9138938e4781f3e1ca513f9bea5659c"},"breadcrumb":{"@id":"https:\/\/folhapopular.info\/index.php\/2022\/09\/02\/copa-via-esporte-kalber-inicia-neste-fim-de-semana\/#breadcrumb"},"inLanguage":"pt-BR","potentialAction":[{"@type":"ReadAction","target":["https:\/\/folhapopular.info\/index.php\/2022\/09\/02\/copa-via-esporte-kalber-inicia-neste-fim-de-semana\/"]}]},{"@type":"ImageObject","inLanguage":"pt-BR","@id":"https:\/\/folhapopular.info\/index.php\/2022\/09\/02\/copa-via-esporte-kalber-inicia-neste-fim-de-semana\/#primaryimage","url":"https:\/\/folhapopular.info\/wp-content\/uploads\/2022\/07\/WhatsApp-Image-2022-07-03-at-10.04.55-e1656941446710.jpeg","contentUrl":"https:\/\/folhapopular.info\/wp-content\/uploads\/2022\/07\/WhatsApp-Image-2022-07-03-at-10.04.55-e1656941446710.jpeg","width":800,"height":600,"caption":"Juventude de Brochier \u00e9 o atual campe\u00e3o do certame \/ Cr\u00e9dito: Bianca Let\u00edcia Fritscher \/ Especial FP \/ Arquivo FP"},{"@type":"BreadcrumbList","@id":"https:\/\/folhapopular.info\/index.php\/2022\/09\/02\/copa-via-esporte-kalber-inicia-neste-fim-de-semana\/#breadcrumb","itemListElement":[{"@type":"ListItem","position":1,"name":"In\u00edcio","item":"https:\/\/folhapopular.info\/"},{"@type":"ListItem","position":2,"name":"Copa Via Esporte\/Kalber inicia neste fim de semana"}]},{"@type":"WebSite","@id":"https:\/\/folhapopular.info\/#website","url":"https:\/\/folhapopular.info\/","name":"Folha Popular","description":"Onde voc\u00ea tem vez e voz","potentialAction":[{"@type":"SearchAction","target":{"@type":"EntryPoint","urlTemplate":"https:\/\/folhapopular.info\/?s={search_term_string}"},"query-input":{"@type":"PropertyValueSpecification","valueRequired":true,"valueName":"search_term_string"}}],"inLanguage":"pt-BR"},{"@type":"Person","@id":"https:\/\/folhapopular.info\/#\/schema\/person\/c9138938e4781f3e1ca513f9bea5659c","name":"Carla Beckmann","image":{"@type":"ImageObject","inLanguage":"pt-BR","@id":"https:\/\/secure.gravatar.com\/avatar\/790078f6ade9f70c31db5a673b88c15df0904c2847c456b3599f72843ac11eb9?s=96&d=mm&r=g","url":"https:\/\/secure.gravatar.com\/avatar\/790078f6ade9f70c31db5a673b88c15df0904c2847c456b3599f72843ac11eb9?s=96&d=mm&r=g","contentUrl":"https:\/\/secure.gravatar.com\/avatar\/790078f6ade9f70c31db5a673b88c15df0904c2847c456b3599f72843ac11eb9?s=96&d=mm&r=g","caption":"Carla Beckmann"},"url":"https:\/\/folhapopular.info\/index.php\/author\/carlabeckmann03gmail-com\/"}]}},"jetpack_featured_media_url":"https:\/\/folhapopular.info\/wp-content\/uploads\/2022\/07\/WhatsApp-Image-2022-07-03-at-10.04.55-e1656941446710.jpeg","jetpack_sharing_enabled":true,"amp_enabled":true,"_links":{"self":[{"href":"https:\/\/folhapopular.info\/index.php\/wp-json\/wp\/v2\/posts\/111974","targetHints":{"allow":["GET"]}}],"collection":[{"href":"https:\/\/folhapopular.info\/index.php\/wp-json\/wp\/v2\/posts"}],"about":[{"href":"https:\/\/folhapopular.info\/index.php\/wp-json\/wp\/v2\/types\/post"}],"author":[{"embeddable":true,"href":"https:\/\/folhapopular.info\/index.php\/wp-json\/wp\/v2\/users\/601"}],"replies":[{"embeddable":true,"href":"https:\/\/folhapopular.info\/index.php\/wp-json\/wp\/v2\/comments?post=111974"}],"version-history":[{"count":0,"href":"https:\/\/folhapopular.info\/index.php\/wp-json\/wp\/v2\/posts\/111974\/revisions"}],"wp:featuredmedia":[{"embeddable":true,"href":"https:\/\/folhapopular.info\/index.php\/wp-json\/wp\/v2\/media\/107798"}],"wp:attachment":[{"href":"https:\/\/folhapopular.info\/index.php\/wp-json\/wp\/v2\/media?parent=111974"}],"wp:term":[{"taxonomy":"category","embeddable":true,"href":"https:\/\/folhapopular.info\/index.php\/wp-json\/wp\/v2\/categories?post=111974"},{"taxonomy":"post_tag","embeddable":true,"href":"https:\/\/folhapopular.info\/index.php\/wp-json\/wp\/v2\/tags?post=111974"}],"curies":[{"name":"wp","href":"https:\/\/api.w.org\/{rel}","templated":true}]}}