{"id":111991,"date":"2022-09-03T06:56:47","date_gmt":"2022-09-03T09:56:47","guid":{"rendered":"https:\/\/folhapopular.info\/?p=111991"},"modified":"2022-09-03T06:56:52","modified_gmt":"2022-09-03T09:56:52","slug":"individuo-e-preso-por-porte-ilegal-de-arma-de-fogo-no-interior-de-cruzeiro-do-sul","status":"publish","type":"post","link":"https:\/\/folhapopular.info\/index.php\/2022\/09\/03\/individuo-e-preso-por-porte-ilegal-de-arma-de-fogo-no-interior-de-cruzeiro-do-sul\/","title":{"rendered":"Indiv\u00edduo \u00e9 preso por porte ilegal de arma de fogo no interior de Cruzeiro do Sul"},"content":{"rendered":"\n<p>Um indiv\u00edduo (32) foi preso por porte ilegal de arma de fogo nessa sexta-feira (2\/9), no interior de Cruzeiro do Sul. <\/p>\n\n\n\n<p>A Brigada Militar recebeu uma den\u00fancia que o sujeito traficava drogas. Ele foi localizado dentro de seu ve\u00edculo, em via p\u00fablica. Durante revista pessoal foi encontrado, em sua cintura, uma pistola Taurus municiada com 20 muni\u00e7\u00f5es. No interior de seu ve\u00edculo foi localizado um rev\u00f3lver calibre 38. <\/p>\n\n\n\n<p>Diante dos fatos foi dada voz de pris\u00e3o ao indiv\u00edduo e ele foi encaminhado \u00e0 Delegacia de Pol\u00edcia de Cruzeiro do Sul para provid\u00eancias legais. <\/p>\n\n\n\n<p>Ele j\u00e1 possu\u00eda antecedentes criminais por tr\u00e1fico de entorpecentes, recepta\u00e7\u00e3o e corrup\u00e7\u00e3o de menores.<\/p>\n","protected":false},"excerpt":{"rendered":"<p>Um indiv\u00edduo (32) foi preso por porte ilegal de arma de fogo nessa sexta-feira (2\/9), no interior de Cruzeiro do Sul. A Brigada Militar recebeu uma den\u00fancia que o sujeito traficava drogas. Ele foi localizado dentro de seu ve\u00edculo, em via p\u00fablica. Durante revista pessoal foi encontrado, em sua cintura, uma pistola Taurus municiada com [&hellip;]<\/p>\n","protected":false},"author":8,"featured_media":111992,"comment_status":"open","ping_status":"open","sticky":false,"template":"","format":"standard","meta":{"pmpro_default_level":"","_jetpack_memberships_contains_paid_content":false,"footnotes":""},"categories":[7],"tags":[1833,1989,2657,107],"class_list":{"0":"post-111991","1":"post","2":"type-post","3":"status-publish","4":"format-standard","5":"has-post-thumbnail","7":"category-seguranca","8":"tag-arma-de-fogo","9":"tag-cruzeiro-do-sul","10":"tag-porte-ilegal","11":"tag-prisao","12":"pmpro-has-access"},"yoast_head":"<!-- This site is optimized with the Yoast SEO plugin v27.5 - https:\/\/yoast.com\/product\/yoast-seo-wordpress\/ -->\n<title>Indiv\u00edduo \u00e9 preso por porte ilegal de arma de fogo no interior de Cruzeiro do Sul - Folha Popular<\/title>\n<meta name=\"robots\" content=\"index, follow, max-snippet:-1, max-image-preview:large, max-video-preview:-1\" \/>\n<link rel=\"canonical\" href=\"https:\/\/folhapopular.info\/index.php\/2022\/09\/03\/individuo-e-preso-por-porte-ilegal-de-arma-de-fogo-no-interior-de-cruzeiro-do-sul\/\" \/>\n<meta property=\"og:locale\" content=\"pt_BR\" \/>\n<meta property=\"og:type\" content=\"article\" \/>\n<meta property=\"og:title\" content=\"Indiv\u00edduo \u00e9 preso por porte ilegal de arma de fogo no interior de Cruzeiro do Sul - Folha Popular\" \/>\n<meta property=\"og:description\" content=\"Um indiv\u00edduo (32) foi preso por porte ilegal de arma de fogo nessa sexta-feira (2\/9), no interior de Cruzeiro do Sul. A Brigada Militar recebeu uma den\u00fancia que o sujeito traficava drogas. Ele foi localizado dentro de seu ve\u00edculo, em via p\u00fablica. Durante revista pessoal foi encontrado, em sua cintura, uma pistola Taurus municiada com [&hellip;]\" \/>\n<meta property=\"og:url\" content=\"https:\/\/folhapopular.info\/index.php\/2022\/09\/03\/individuo-e-preso-por-porte-ilegal-de-arma-de-fogo-no-interior-de-cruzeiro-do-sul\/\" \/>\n<meta property=\"og:site_name\" content=\"Folha Popular\" \/>\n<meta property=\"article:published_time\" content=\"2022-09-03T09:56:47+00:00\" \/>\n<meta property=\"article:modified_time\" content=\"2022-09-03T09:56:52+00:00\" \/>\n<meta property=\"og:image\" content=\"http:\/\/folhapopular.info\/wp-content\/uploads\/2022\/09\/WhatsApp-Image-2022-09-02-at-22.13.37-e1662198936192.jpeg\" \/>\n\t<meta property=\"og:image:width\" content=\"1200\" \/>\n\t<meta property=\"og:image:height\" content=\"892\" \/>\n\t<meta property=\"og:image:type\" content=\"image\/jpeg\" \/>\n<meta name=\"author\" content=\"Reda\u00e7\u00e3o Folha Popular\" \/>\n<meta name=\"twitter:card\" content=\"summary_large_image\" \/>\n<meta name=\"twitter:label1\" content=\"Escrito por\" \/>\n\t<meta name=\"twitter:data1\" content=\"Reda\u00e7\u00e3o Folha Popular\" \/>\n\t<meta name=\"twitter:label2\" content=\"Est. tempo de leitura\" \/>\n\t<meta name=\"twitter:data2\" content=\"1 minuto\" \/>\n<script type=\"application\/ld+json\" class=\"yoast-schema-graph\">{\"@context\":\"https:\\\/\\\/schema.org\",\"@graph\":[{\"@type\":\"Article\",\"@id\":\"https:\\\/\\\/folhapopular.info\\\/index.php\\\/2022\\\/09\\\/03\\\/individuo-e-preso-por-porte-ilegal-de-arma-de-fogo-no-interior-de-cruzeiro-do-sul\\\/#article\",\"isPartOf\":{\"@id\":\"https:\\\/\\\/folhapopular.info\\\/index.php\\\/2022\\\/09\\\/03\\\/individuo-e-preso-por-porte-ilegal-de-arma-de-fogo-no-interior-de-cruzeiro-do-sul\\\/\"},\"author\":{\"name\":\"Reda\u00e7\u00e3o Folha Popular\",\"@id\":\"https:\\\/\\\/folhapopular.info\\\/#\\\/schema\\\/person\\\/2814e8a0df7643585a9ca38bc6eb9d4b\"},\"headline\":\"Indiv\u00edduo \u00e9 preso por porte ilegal de arma de fogo no interior de Cruzeiro do Sul\",\"datePublished\":\"2022-09-03T09:56:47+00:00\",\"dateModified\":\"2022-09-03T09:56:52+00:00\",\"mainEntityOfPage\":{\"@id\":\"https:\\\/\\\/folhapopular.info\\\/index.php\\\/2022\\\/09\\\/03\\\/individuo-e-preso-por-porte-ilegal-de-arma-de-fogo-no-interior-de-cruzeiro-do-sul\\\/\"},\"wordCount\":133,\"commentCount\":0,\"image\":{\"@id\":\"https:\\\/\\\/folhapopular.info\\\/index.php\\\/2022\\\/09\\\/03\\\/individuo-e-preso-por-porte-ilegal-de-arma-de-fogo-no-interior-de-cruzeiro-do-sul\\\/#primaryimage\"},\"thumbnailUrl\":\"https:\\\/\\\/folhapopular.info\\\/wp-content\\\/uploads\\\/2022\\\/09\\\/WhatsApp-Image-2022-09-02-at-22.13.37-e1662198936192.jpeg\",\"keywords\":[\"arma de fogo\",\"Cruzeiro do Sul\",\"porte ilegal\",\"Pris\u00e3o\"],\"articleSection\":[\"Seguran\u00e7a\"],\"inLanguage\":\"pt-BR\",\"potentialAction\":[{\"@type\":\"CommentAction\",\"name\":\"Comment\",\"target\":[\"https:\\\/\\\/folhapopular.info\\\/index.php\\\/2022\\\/09\\\/03\\\/individuo-e-preso-por-porte-ilegal-de-arma-de-fogo-no-interior-de-cruzeiro-do-sul\\\/#respond\"]}]},{\"@type\":\"WebPage\",\"@id\":\"https:\\\/\\\/folhapopular.info\\\/index.php\\\/2022\\\/09\\\/03\\\/individuo-e-preso-por-porte-ilegal-de-arma-de-fogo-no-interior-de-cruzeiro-do-sul\\\/\",\"url\":\"https:\\\/\\\/folhapopular.info\\\/index.php\\\/2022\\\/09\\\/03\\\/individuo-e-preso-por-porte-ilegal-de-arma-de-fogo-no-interior-de-cruzeiro-do-sul\\\/\",\"name\":\"Indiv\u00edduo \u00e9 preso por porte ilegal de arma de fogo no interior de Cruzeiro do Sul - Folha Popular\",\"isPartOf\":{\"@id\":\"https:\\\/\\\/folhapopular.info\\\/#website\"},\"primaryImageOfPage\":{\"@id\":\"https:\\\/\\\/folhapopular.info\\\/index.php\\\/2022\\\/09\\\/03\\\/individuo-e-preso-por-porte-ilegal-de-arma-de-fogo-no-interior-de-cruzeiro-do-sul\\\/#primaryimage\"},\"image\":{\"@id\":\"https:\\\/\\\/folhapopular.info\\\/index.php\\\/2022\\\/09\\\/03\\\/individuo-e-preso-por-porte-ilegal-de-arma-de-fogo-no-interior-de-cruzeiro-do-sul\\\/#primaryimage\"},\"thumbnailUrl\":\"https:\\\/\\\/folhapopular.info\\\/wp-content\\\/uploads\\\/2022\\\/09\\\/WhatsApp-Image-2022-09-02-at-22.13.37-e1662198936192.jpeg\",\"datePublished\":\"2022-09-03T09:56:47+00:00\",\"dateModified\":\"2022-09-03T09:56:52+00:00\",\"author\":{\"@id\":\"https:\\\/\\\/folhapopular.info\\\/#\\\/schema\\\/person\\\/2814e8a0df7643585a9ca38bc6eb9d4b\"},\"breadcrumb\":{\"@id\":\"https:\\\/\\\/folhapopular.info\\\/index.php\\\/2022\\\/09\\\/03\\\/individuo-e-preso-por-porte-ilegal-de-arma-de-fogo-no-interior-de-cruzeiro-do-sul\\\/#breadcrumb\"},\"inLanguage\":\"pt-BR\",\"potentialAction\":[{\"@type\":\"ReadAction\",\"target\":[\"https:\\\/\\\/folhapopular.info\\\/index.php\\\/2022\\\/09\\\/03\\\/individuo-e-preso-por-porte-ilegal-de-arma-de-fogo-no-interior-de-cruzeiro-do-sul\\\/\"]}]},{\"@type\":\"ImageObject\",\"inLanguage\":\"pt-BR\",\"@id\":\"https:\\\/\\\/folhapopular.info\\\/index.php\\\/2022\\\/09\\\/03\\\/individuo-e-preso-por-porte-ilegal-de-arma-de-fogo-no-interior-de-cruzeiro-do-sul\\\/#primaryimage\",\"url\":\"https:\\\/\\\/folhapopular.info\\\/wp-content\\\/uploads\\\/2022\\\/09\\\/WhatsApp-Image-2022-09-02-at-22.13.37-e1662198936192.jpeg\",\"contentUrl\":\"https:\\\/\\\/folhapopular.info\\\/wp-content\\\/uploads\\\/2022\\\/09\\\/WhatsApp-Image-2022-09-02-at-22.13.37-e1662198936192.jpeg\",\"width\":1200,\"height\":892,\"caption\":\"Cr\u00e9dito: Brigada Militar \\\/ Divulga\u00e7\u00e3o\"},{\"@type\":\"BreadcrumbList\",\"@id\":\"https:\\\/\\\/folhapopular.info\\\/index.php\\\/2022\\\/09\\\/03\\\/individuo-e-preso-por-porte-ilegal-de-arma-de-fogo-no-interior-de-cruzeiro-do-sul\\\/#breadcrumb\",\"itemListElement\":[{\"@type\":\"ListItem\",\"position\":1,\"name\":\"In\u00edcio\",\"item\":\"https:\\\/\\\/folhapopular.info\\\/\"},{\"@type\":\"ListItem\",\"position\":2,\"name\":\"Indiv\u00edduo \u00e9 preso por porte ilegal de arma de fogo no interior de Cruzeiro do Sul\"}]},{\"@type\":\"WebSite\",\"@id\":\"https:\\\/\\\/folhapopular.info\\\/#website\",\"url\":\"https:\\\/\\\/folhapopular.info\\\/\",\"name\":\"Folha Popular\",\"description\":\"Onde voc\u00ea tem vez e voz\",\"potentialAction\":[{\"@type\":\"SearchAction\",\"target\":{\"@type\":\"EntryPoint\",\"urlTemplate\":\"https:\\\/\\\/folhapopular.info\\\/?s={search_term_string}\"},\"query-input\":{\"@type\":\"PropertyValueSpecification\",\"valueRequired\":true,\"valueName\":\"search_term_string\"}}],\"inLanguage\":\"pt-BR\"},{\"@type\":\"Person\",\"@id\":\"https:\\\/\\\/folhapopular.info\\\/#\\\/schema\\\/person\\\/2814e8a0df7643585a9ca38bc6eb9d4b\",\"name\":\"Reda\u00e7\u00e3o Folha Popular\",\"image\":{\"@type\":\"ImageObject\",\"inLanguage\":\"pt-BR\",\"@id\":\"https:\\\/\\\/folhapopular.info\\\/wp-content\\\/uploads\\\/2026\\\/04\\\/Folha-1.webp\",\"url\":\"https:\\\/\\\/folhapopular.info\\\/wp-content\\\/uploads\\\/2026\\\/04\\\/Folha-1.webp\",\"contentUrl\":\"https:\\\/\\\/folhapopular.info\\\/wp-content\\\/uploads\\\/2026\\\/04\\\/Folha-1.webp\",\"caption\":\"Reda\u00e7\u00e3o Folha Popular\"},\"url\":\"https:\\\/\\\/folhapopular.info\\\/index.php\\\/author\\\/redacao\\\/\"}]}<\/script>\n<!-- \/ Yoast SEO plugin. -->","yoast_head_json":{"title":"Indiv\u00edduo \u00e9 preso por porte ilegal de arma de fogo no interior de Cruzeiro do Sul - Folha Popular","robots":{"index":"index","follow":"follow","max-snippet":"max-snippet:-1","max-image-preview":"max-image-preview:large","max-video-preview":"max-video-preview:-1"},"canonical":"https:\/\/folhapopular.info\/index.php\/2022\/09\/03\/individuo-e-preso-por-porte-ilegal-de-arma-de-fogo-no-interior-de-cruzeiro-do-sul\/","og_locale":"pt_BR","og_type":"article","og_title":"Indiv\u00edduo \u00e9 preso por porte ilegal de arma de fogo no interior de Cruzeiro do Sul - Folha Popular","og_description":"Um indiv\u00edduo (32) foi preso por porte ilegal de arma de fogo nessa sexta-feira (2\/9), no interior de Cruzeiro do Sul. A Brigada Militar recebeu uma den\u00fancia que o sujeito traficava drogas. Ele foi localizado dentro de seu ve\u00edculo, em via p\u00fablica. Durante revista pessoal foi encontrado, em sua cintura, uma pistola Taurus municiada com [&hellip;]","og_url":"https:\/\/folhapopular.info\/index.php\/2022\/09\/03\/individuo-e-preso-por-porte-ilegal-de-arma-de-fogo-no-interior-de-cruzeiro-do-sul\/","og_site_name":"Folha Popular","article_published_time":"2022-09-03T09:56:47+00:00","article_modified_time":"2022-09-03T09:56:52+00:00","og_image":[{"width":1200,"height":892,"url":"http:\/\/folhapopular.info\/wp-content\/uploads\/2022\/09\/WhatsApp-Image-2022-09-02-at-22.13.37-e1662198936192.jpeg","type":"image\/jpeg"}],"author":"Reda\u00e7\u00e3o Folha Popular","twitter_card":"summary_large_image","twitter_misc":{"Escrito por":"Reda\u00e7\u00e3o Folha Popular","Est. tempo de leitura":"1 minuto"},"schema":{"@context":"https:\/\/schema.org","@graph":[{"@type":"Article","@id":"https:\/\/folhapopular.info\/index.php\/2022\/09\/03\/individuo-e-preso-por-porte-ilegal-de-arma-de-fogo-no-interior-de-cruzeiro-do-sul\/#article","isPartOf":{"@id":"https:\/\/folhapopular.info\/index.php\/2022\/09\/03\/individuo-e-preso-por-porte-ilegal-de-arma-de-fogo-no-interior-de-cruzeiro-do-sul\/"},"author":{"name":"Reda\u00e7\u00e3o Folha Popular","@id":"https:\/\/folhapopular.info\/#\/schema\/person\/2814e8a0df7643585a9ca38bc6eb9d4b"},"headline":"Indiv\u00edduo \u00e9 preso por porte ilegal de arma de fogo no interior de Cruzeiro do Sul","datePublished":"2022-09-03T09:56:47+00:00","dateModified":"2022-09-03T09:56:52+00:00","mainEntityOfPage":{"@id":"https:\/\/folhapopular.info\/index.php\/2022\/09\/03\/individuo-e-preso-por-porte-ilegal-de-arma-de-fogo-no-interior-de-cruzeiro-do-sul\/"},"wordCount":133,"commentCount":0,"image":{"@id":"https:\/\/folhapopular.info\/index.php\/2022\/09\/03\/individuo-e-preso-por-porte-ilegal-de-arma-de-fogo-no-interior-de-cruzeiro-do-sul\/#primaryimage"},"thumbnailUrl":"https:\/\/folhapopular.info\/wp-content\/uploads\/2022\/09\/WhatsApp-Image-2022-09-02-at-22.13.37-e1662198936192.jpeg","keywords":["arma de fogo","Cruzeiro do Sul","porte ilegal","Pris\u00e3o"],"articleSection":["Seguran\u00e7a"],"inLanguage":"pt-BR","potentialAction":[{"@type":"CommentAction","name":"Comment","target":["https:\/\/folhapopular.info\/index.php\/2022\/09\/03\/individuo-e-preso-por-porte-ilegal-de-arma-de-fogo-no-interior-de-cruzeiro-do-sul\/#respond"]}]},{"@type":"WebPage","@id":"https:\/\/folhapopular.info\/index.php\/2022\/09\/03\/individuo-e-preso-por-porte-ilegal-de-arma-de-fogo-no-interior-de-cruzeiro-do-sul\/","url":"https:\/\/folhapopular.info\/index.php\/2022\/09\/03\/individuo-e-preso-por-porte-ilegal-de-arma-de-fogo-no-interior-de-cruzeiro-do-sul\/","name":"Indiv\u00edduo \u00e9 preso por porte ilegal de arma de fogo no interior de Cruzeiro do Sul - Folha Popular","isPartOf":{"@id":"https:\/\/folhapopular.info\/#website"},"primaryImageOfPage":{"@id":"https:\/\/folhapopular.info\/index.php\/2022\/09\/03\/individuo-e-preso-por-porte-ilegal-de-arma-de-fogo-no-interior-de-cruzeiro-do-sul\/#primaryimage"},"image":{"@id":"https:\/\/folhapopular.info\/index.php\/2022\/09\/03\/individuo-e-preso-por-porte-ilegal-de-arma-de-fogo-no-interior-de-cruzeiro-do-sul\/#primaryimage"},"thumbnailUrl":"https:\/\/folhapopular.info\/wp-content\/uploads\/2022\/09\/WhatsApp-Image-2022-09-02-at-22.13.37-e1662198936192.jpeg","datePublished":"2022-09-03T09:56:47+00:00","dateModified":"2022-09-03T09:56:52+00:00","author":{"@id":"https:\/\/folhapopular.info\/#\/schema\/person\/2814e8a0df7643585a9ca38bc6eb9d4b"},"breadcrumb":{"@id":"https:\/\/folhapopular.info\/index.php\/2022\/09\/03\/individuo-e-preso-por-porte-ilegal-de-arma-de-fogo-no-interior-de-cruzeiro-do-sul\/#breadcrumb"},"inLanguage":"pt-BR","potentialAction":[{"@type":"ReadAction","target":["https:\/\/folhapopular.info\/index.php\/2022\/09\/03\/individuo-e-preso-por-porte-ilegal-de-arma-de-fogo-no-interior-de-cruzeiro-do-sul\/"]}]},{"@type":"ImageObject","inLanguage":"pt-BR","@id":"https:\/\/folhapopular.info\/index.php\/2022\/09\/03\/individuo-e-preso-por-porte-ilegal-de-arma-de-fogo-no-interior-de-cruzeiro-do-sul\/#primaryimage","url":"https:\/\/folhapopular.info\/wp-content\/uploads\/2022\/09\/WhatsApp-Image-2022-09-02-at-22.13.37-e1662198936192.jpeg","contentUrl":"https:\/\/folhapopular.info\/wp-content\/uploads\/2022\/09\/WhatsApp-Image-2022-09-02-at-22.13.37-e1662198936192.jpeg","width":1200,"height":892,"caption":"Cr\u00e9dito: Brigada Militar \/ Divulga\u00e7\u00e3o"},{"@type":"BreadcrumbList","@id":"https:\/\/folhapopular.info\/index.php\/2022\/09\/03\/individuo-e-preso-por-porte-ilegal-de-arma-de-fogo-no-interior-de-cruzeiro-do-sul\/#breadcrumb","itemListElement":[{"@type":"ListItem","position":1,"name":"In\u00edcio","item":"https:\/\/folhapopular.info\/"},{"@type":"ListItem","position":2,"name":"Indiv\u00edduo \u00e9 preso por porte ilegal de arma de fogo no interior de Cruzeiro do Sul"}]},{"@type":"WebSite","@id":"https:\/\/folhapopular.info\/#website","url":"https:\/\/folhapopular.info\/","name":"Folha Popular","description":"Onde voc\u00ea tem vez e voz","potentialAction":[{"@type":"SearchAction","target":{"@type":"EntryPoint","urlTemplate":"https:\/\/folhapopular.info\/?s={search_term_string}"},"query-input":{"@type":"PropertyValueSpecification","valueRequired":true,"valueName":"search_term_string"}}],"inLanguage":"pt-BR"},{"@type":"Person","@id":"https:\/\/folhapopular.info\/#\/schema\/person\/2814e8a0df7643585a9ca38bc6eb9d4b","name":"Reda\u00e7\u00e3o Folha Popular","image":{"@type":"ImageObject","inLanguage":"pt-BR","@id":"https:\/\/folhapopular.info\/wp-content\/uploads\/2026\/04\/Folha-1.webp","url":"https:\/\/folhapopular.info\/wp-content\/uploads\/2026\/04\/Folha-1.webp","contentUrl":"https:\/\/folhapopular.info\/wp-content\/uploads\/2026\/04\/Folha-1.webp","caption":"Reda\u00e7\u00e3o Folha Popular"},"url":"https:\/\/folhapopular.info\/index.php\/author\/redacao\/"}]}},"jetpack_featured_media_url":"https:\/\/folhapopular.info\/wp-content\/uploads\/2022\/09\/WhatsApp-Image-2022-09-02-at-22.13.37-e1662198936192.jpeg","jetpack_sharing_enabled":true,"amp_enabled":true,"_links":{"self":[{"href":"https:\/\/folhapopular.info\/index.php\/wp-json\/wp\/v2\/posts\/111991","targetHints":{"allow":["GET"]}}],"collection":[{"href":"https:\/\/folhapopular.info\/index.php\/wp-json\/wp\/v2\/posts"}],"about":[{"href":"https:\/\/folhapopular.info\/index.php\/wp-json\/wp\/v2\/types\/post"}],"author":[{"embeddable":true,"href":"https:\/\/folhapopular.info\/index.php\/wp-json\/wp\/v2\/users\/8"}],"replies":[{"embeddable":true,"href":"https:\/\/folhapopular.info\/index.php\/wp-json\/wp\/v2\/comments?post=111991"}],"version-history":[{"count":0,"href":"https:\/\/folhapopular.info\/index.php\/wp-json\/wp\/v2\/posts\/111991\/revisions"}],"wp:featuredmedia":[{"embeddable":true,"href":"https:\/\/folhapopular.info\/index.php\/wp-json\/wp\/v2\/media\/111992"}],"wp:attachment":[{"href":"https:\/\/folhapopular.info\/index.php\/wp-json\/wp\/v2\/media?parent=111991"}],"wp:term":[{"taxonomy":"category","embeddable":true,"href":"https:\/\/folhapopular.info\/index.php\/wp-json\/wp\/v2\/categories?post=111991"},{"taxonomy":"post_tag","embeddable":true,"href":"https:\/\/folhapopular.info\/index.php\/wp-json\/wp\/v2\/tags?post=111991"}],"curies":[{"name":"wp","href":"https:\/\/api.w.org\/{rel}","templated":true}]}}