{"id":112085,"date":"2022-09-05T10:46:10","date_gmt":"2022-09-05T13:46:10","guid":{"rendered":"https:\/\/folhapopular.info\/?p=112085"},"modified":"2022-09-05T10:57:38","modified_gmt":"2022-09-05T13:57:38","slug":"rodovias-estaduais-do-vale-terao-intervencoes-na-semana-da-patria","status":"publish","type":"post","link":"https:\/\/folhapopular.info\/index.php\/2022\/09\/05\/rodovias-estaduais-do-vale-terao-intervencoes-na-semana-da-patria\/","title":{"rendered":"Rodovias estaduais do Vale ter\u00e3o interven\u00e7\u00f5es na Semana da P\u00e1tria"},"content":{"rendered":"\n<p>A Empresa Ga\u00facha de Rodovias (EGR) alerta para interven\u00e7\u00f5es em rodovias do Vale do Taquari na Semana da P\u00e1tria. <\/p>\n\n\n\n<p>De segunda-feira (5\/9) a sexta (9\/9) ser\u00e3o sete interven\u00e7\u00f5es, incluindo reparos localizados, manuten\u00e7\u00e3o do pavimento, al\u00e9m de ro\u00e7adas, limpeza de margens e tapa buracos.<\/p>\n\n\n\n<p>No Vale do Taquari, os condutores precisam redobrar a aten\u00e7\u00e3o em virtude das obras na RSC-453, do quil\u00f4metro 2 at\u00e9 o quil\u00f4metro 7, entre Ven\u00e2ncio Aires e Mato Leit\u00e3o. <\/p>\n\n\n\n<p>Em Mu\u00e7um, haver\u00e1 manuten\u00e7\u00e3o do pavimento do quil\u00f4metro 87 ao 90 da ERS-129, e uma opera\u00e7\u00e3o tapa-buracos em toda a extens\u00e3o das rodovias ERS-129 e ERS-130.<\/p>\n\n\n\n<p>As equipes tamb\u00e9m estar\u00e3o atuando na conserva\u00e7\u00e3o rotineira, por meio de ro\u00e7ada e limpeza de margens, na ERS-129, do quil\u00f4metro 82 ao 128, entre Mu\u00e7um e Guapor\u00e9; na ERS-130, do quil\u00f4metro 69 ao 82, entre Lajeado e Arroio do Meio e na RSC-453, do quil\u00f4metro 38 ao 61, entre Estrela e Westf\u00e1lia.<\/p>\n\n\n\n<p>Por conta da presen\u00e7a de trabalhadores e m\u00e1quinas na pista executando esses servi\u00e7os, a EGR alerta a popula\u00e7\u00e3o para redobrar a aten\u00e7\u00e3o, respeitar a sinaliza\u00e7\u00e3o e os limites de velocidade em fun\u00e7\u00e3o de poss\u00edveis interrup\u00e7\u00f5es no fluxo decorrente da ado\u00e7\u00e3o de bloqueios ou tr\u00e1fego intercalado. Essas medidas podem ocasionar lentid\u00e3o ou reten\u00e7\u00e3o sinalizada de ve\u00edculos.<\/p>\n\n\n\n<p><strong>CONFIRA A RELA\u00c7\u00c3O DE TODOS OS SERVI\u00c7OS, OS TRECHOS E MUNIC\u00cdPIOS ENVOLVIDOS:<\/strong><\/p>\n\n\n\n<ul class=\"wp-block-list\"><li>Obras de constru\u00e7\u00e3o de rotat\u00f3rias:<br>RSC-287 &#8211; travessia urbana de Montenegro: obras nos dois sentidos do quil\u00f4metro dois.<br>Tr\u00e2nsito: O avan\u00e7o das obras provocou o bloqueio no acesso de ve\u00edculos \u00e0 rua coronel Ant\u00f4nio In\u00e1cio, no bairro Santo Ant\u00f4nio. O acesso \u00e0 rodovia pela Rua 14 de Julho tamb\u00e9m est\u00e1 interrompido. A orienta\u00e7\u00e3o \u00e9 para que o ingresso ao bairro seja pela Estrada Get\u00falio Vargas, junto \u00e0 loja taQi. No sentido interior-capital, os bloqueios seguem nas ruas Jo\u00e3o Pessoa e Ernesto Zietlow. As ruas Ramiro Barcelos e Coronel Ant\u00f4nio In\u00e1cio s\u00e3o alternativas para ingressar no centro da cidade. Em virtude da retirada tempor\u00e1ria de quatro lumin\u00e1rias no canteiro central, motoristas, pedestres e ciclistas devem redobrar a aten\u00e7\u00e3o \u00e0 noite.<\/li><\/ul>\n\n\n\n<ul class=\"wp-block-list\"><li>Obras de constru\u00e7\u00e3o de al\u00e7a de acesso:<br>ERS-122, obras no quil\u00f4metro 82, no entroncamento com a RSC-453, em Caxias do Sul.<br>Tr\u00e2nsito: Cuidado redobrado \u00e0s margens da rodovia em virtude das escava\u00e7\u00f5es e terraplanagem no terreno.<\/li><\/ul>\n\n\n\n<ul class=\"wp-block-list\"><li>Constru\u00e7\u00e3o de vias de acesso:<br>ERS-115, nos quil\u00f4metros 16 e 17, em Tr\u00eas Coroas;<\/li><\/ul>\n\n\n\n<ul class=\"wp-block-list\"><li>Reparos localizados:<br>RSC-453, do quil\u00f4metro zero ao 15, entre Ven\u00e2ncio Aires e Mato Leit\u00e3o;<br>ERS-239, do quil\u00f4metro 52 ao 54, em Taquara;<br>ERS-020, do quil\u00f4metro 78 ao 80, em S\u00e3o Francisco de Paula;<br>ERS-122, no quil\u00f4metro 91 e 96, em Flores da Cunha.<\/li><\/ul>\n\n\n\n<ul class=\"wp-block-list\"><li>Manuten\u00e7\u00e3o no pavimento:<br>ERS-129, do quil\u00f4metro 87 ao 90, em Mu\u00e7um;<br>ERS-466, do quil\u00f4metro zero ao quatro, em, Canela;<br>ERS-474, do quil\u00f4metro 14 ao 15, em Santo Ant\u00f4nio da Patrulha; (pavimenta\u00e7\u00e3o do acostamento entre os quil\u00f4metros 15 e 18);<br>ERS-135, no quil\u00f4metro 68, em Erechim.<br>RSC-453, no quil\u00f4metro 94, em Garibaldi.<\/li><\/ul>\n\n\n\n<ul class=\"wp-block-list\"><li>Tapa-buracos:<br>ERS-129, ERS-130 e ERS-135, em toda a extens\u00e3o das rodovias.<\/li><\/ul>\n\n\n\n<ul class=\"wp-block-list\"><li>Conserva\u00e7\u00e3o rotineira, ro\u00e7ada e limpeza de margens:<br>ERS-129, do quil\u00f4metro 82 ao 128, entre Mu\u00e7um e Guapor\u00e9;<br>ERS-130, do quil\u00f4metro 69 ao 82, entre Lajeado e Arroio do Meio;<br>RSC-453, do quil\u00f4metro 38 ao 61, entre Estrela e Westf\u00e1lia;<br>ERS-239, do quil\u00f4metro 44 ao 51, entre Parob\u00e9 e Taquara;<br>ERS-235, do quil\u00f4metro 59 ao 64, em S\u00e3o Francisco de Paula;<br>ERS-474, do quil\u00f4metro sete ao 20, em Santo Ant\u00f4nio da Patrulha;<br>ERS-122, do quil\u00f4metro 18 ao 39, entre S\u00e3o Sebasti\u00e3o do Ca\u00ed e S\u00e3o Vendelino;<br>ERS-784, do quil\u00f4metro zero ao 13, entre Cidreira e Balne\u00e1rio Pinhal;<br>ERS-122, do quil\u00f4metro 105 ao 110, em Flores da Cunha;<br>ERS-135, do quil\u00f4metro nove ao 17, entre Passo Fundo e Coxilha.<\/li><\/ul>\n","protected":false},"excerpt":{"rendered":"<p>A Empresa Ga\u00facha de Rodovias (EGR) alerta para interven\u00e7\u00f5es em rodovias do Vale do Taquari na Semana da P\u00e1tria. De segunda-feira (5\/9) a sexta (9\/9) ser\u00e3o sete interven\u00e7\u00f5es, incluindo reparos localizados, manuten\u00e7\u00e3o do pavimento, al\u00e9m de ro\u00e7adas, limpeza de margens e tapa buracos. No Vale do Taquari, os condutores precisam redobrar a aten\u00e7\u00e3o em virtude [&hellip;]<\/p>\n","protected":false},"author":8,"featured_media":112087,"comment_status":"open","ping_status":"open","sticky":false,"template":"","format":"standard","meta":{"pmpro_default_level":"","_jetpack_memberships_contains_paid_content":false,"footnotes":""},"categories":[7],"tags":[8949,315,8372,156],"class_list":{"0":"post-112085","1":"post","2":"type-post","3":"status-publish","4":"format-standard","5":"has-post-thumbnail","7":"category-seguranca","8":"tag-egr","9":"tag-regiao","10":"tag-rodovias-estaduais","11":"tag-vale-do-taquari","12":"pmpro-has-access"},"yoast_head":"<!-- This site is optimized with the Yoast SEO plugin v27.5 - https:\/\/yoast.com\/product\/yoast-seo-wordpress\/ -->\n<title>Rodovias estaduais do Vale ter\u00e3o interven\u00e7\u00f5es na Semana da P\u00e1tria - Folha Popular<\/title>\n<meta name=\"robots\" content=\"index, follow, max-snippet:-1, max-image-preview:large, max-video-preview:-1\" \/>\n<link rel=\"canonical\" href=\"https:\/\/folhapopular.info\/index.php\/2022\/09\/05\/rodovias-estaduais-do-vale-terao-intervencoes-na-semana-da-patria\/\" \/>\n<meta property=\"og:locale\" content=\"pt_BR\" \/>\n<meta property=\"og:type\" content=\"article\" \/>\n<meta property=\"og:title\" content=\"Rodovias estaduais do Vale ter\u00e3o interven\u00e7\u00f5es na Semana da P\u00e1tria - Folha Popular\" \/>\n<meta property=\"og:description\" content=\"A Empresa Ga\u00facha de Rodovias (EGR) alerta para interven\u00e7\u00f5es em rodovias do Vale do Taquari na Semana da P\u00e1tria. De segunda-feira (5\/9) a sexta (9\/9) ser\u00e3o sete interven\u00e7\u00f5es, incluindo reparos localizados, manuten\u00e7\u00e3o do pavimento, al\u00e9m de ro\u00e7adas, limpeza de margens e tapa buracos. No Vale do Taquari, os condutores precisam redobrar a aten\u00e7\u00e3o em virtude [&hellip;]\" \/>\n<meta property=\"og:url\" content=\"https:\/\/folhapopular.info\/index.php\/2022\/09\/05\/rodovias-estaduais-do-vale-terao-intervencoes-na-semana-da-patria\/\" \/>\n<meta property=\"og:site_name\" content=\"Folha Popular\" \/>\n<meta property=\"article:published_time\" content=\"2022-09-05T13:46:10+00:00\" \/>\n<meta property=\"article:modified_time\" content=\"2022-09-05T13:57:38+00:00\" \/>\n<meta property=\"og:image\" content=\"http:\/\/folhapopular.info\/wp-content\/uploads\/2022\/09\/WhatsApp-Image-2022-09-05-at-09.31.00.jpeg\" \/>\n\t<meta property=\"og:image:width\" content=\"1152\" \/>\n\t<meta property=\"og:image:height\" content=\"837\" \/>\n\t<meta property=\"og:image:type\" content=\"image\/jpeg\" \/>\n<meta name=\"author\" content=\"Reda\u00e7\u00e3o Folha Popular\" \/>\n<meta name=\"twitter:card\" content=\"summary_large_image\" \/>\n<meta name=\"twitter:label1\" content=\"Escrito por\" \/>\n\t<meta name=\"twitter:data1\" content=\"Reda\u00e7\u00e3o Folha Popular\" \/>\n\t<meta name=\"twitter:label2\" content=\"Est. tempo de leitura\" \/>\n\t<meta name=\"twitter:data2\" content=\"4 minutos\" \/>\n<script type=\"application\/ld+json\" class=\"yoast-schema-graph\">{\"@context\":\"https:\\\/\\\/schema.org\",\"@graph\":[{\"@type\":\"Article\",\"@id\":\"https:\\\/\\\/folhapopular.info\\\/index.php\\\/2022\\\/09\\\/05\\\/rodovias-estaduais-do-vale-terao-intervencoes-na-semana-da-patria\\\/#article\",\"isPartOf\":{\"@id\":\"https:\\\/\\\/folhapopular.info\\\/index.php\\\/2022\\\/09\\\/05\\\/rodovias-estaduais-do-vale-terao-intervencoes-na-semana-da-patria\\\/\"},\"author\":{\"name\":\"Reda\u00e7\u00e3o Folha Popular\",\"@id\":\"https:\\\/\\\/folhapopular.info\\\/#\\\/schema\\\/person\\\/2814e8a0df7643585a9ca38bc6eb9d4b\"},\"headline\":\"Rodovias estaduais do Vale ter\u00e3o interven\u00e7\u00f5es na Semana da P\u00e1tria\",\"datePublished\":\"2022-09-05T13:46:10+00:00\",\"dateModified\":\"2022-09-05T13:57:38+00:00\",\"mainEntityOfPage\":{\"@id\":\"https:\\\/\\\/folhapopular.info\\\/index.php\\\/2022\\\/09\\\/05\\\/rodovias-estaduais-do-vale-terao-intervencoes-na-semana-da-patria\\\/\"},\"wordCount\":677,\"commentCount\":0,\"image\":{\"@id\":\"https:\\\/\\\/folhapopular.info\\\/index.php\\\/2022\\\/09\\\/05\\\/rodovias-estaduais-do-vale-terao-intervencoes-na-semana-da-patria\\\/#primaryimage\"},\"thumbnailUrl\":\"https:\\\/\\\/folhapopular.info\\\/wp-content\\\/uploads\\\/2022\\\/09\\\/WhatsApp-Image-2022-09-05-at-09.31.00.jpeg\",\"keywords\":[\"EGR\",\"Regi\u00e3o\",\"Rodovias estaduais\",\"Vale do Taquari\"],\"articleSection\":[\"Seguran\u00e7a\"],\"inLanguage\":\"pt-BR\",\"potentialAction\":[{\"@type\":\"CommentAction\",\"name\":\"Comment\",\"target\":[\"https:\\\/\\\/folhapopular.info\\\/index.php\\\/2022\\\/09\\\/05\\\/rodovias-estaduais-do-vale-terao-intervencoes-na-semana-da-patria\\\/#respond\"]}]},{\"@type\":\"WebPage\",\"@id\":\"https:\\\/\\\/folhapopular.info\\\/index.php\\\/2022\\\/09\\\/05\\\/rodovias-estaduais-do-vale-terao-intervencoes-na-semana-da-patria\\\/\",\"url\":\"https:\\\/\\\/folhapopular.info\\\/index.php\\\/2022\\\/09\\\/05\\\/rodovias-estaduais-do-vale-terao-intervencoes-na-semana-da-patria\\\/\",\"name\":\"Rodovias estaduais do Vale ter\u00e3o interven\u00e7\u00f5es na Semana da P\u00e1tria - Folha Popular\",\"isPartOf\":{\"@id\":\"https:\\\/\\\/folhapopular.info\\\/#website\"},\"primaryImageOfPage\":{\"@id\":\"https:\\\/\\\/folhapopular.info\\\/index.php\\\/2022\\\/09\\\/05\\\/rodovias-estaduais-do-vale-terao-intervencoes-na-semana-da-patria\\\/#primaryimage\"},\"image\":{\"@id\":\"https:\\\/\\\/folhapopular.info\\\/index.php\\\/2022\\\/09\\\/05\\\/rodovias-estaduais-do-vale-terao-intervencoes-na-semana-da-patria\\\/#primaryimage\"},\"thumbnailUrl\":\"https:\\\/\\\/folhapopular.info\\\/wp-content\\\/uploads\\\/2022\\\/09\\\/WhatsApp-Image-2022-09-05-at-09.31.00.jpeg\",\"datePublished\":\"2022-09-05T13:46:10+00:00\",\"dateModified\":\"2022-09-05T13:57:38+00:00\",\"author\":{\"@id\":\"https:\\\/\\\/folhapopular.info\\\/#\\\/schema\\\/person\\\/2814e8a0df7643585a9ca38bc6eb9d4b\"},\"breadcrumb\":{\"@id\":\"https:\\\/\\\/folhapopular.info\\\/index.php\\\/2022\\\/09\\\/05\\\/rodovias-estaduais-do-vale-terao-intervencoes-na-semana-da-patria\\\/#breadcrumb\"},\"inLanguage\":\"pt-BR\",\"potentialAction\":[{\"@type\":\"ReadAction\",\"target\":[\"https:\\\/\\\/folhapopular.info\\\/index.php\\\/2022\\\/09\\\/05\\\/rodovias-estaduais-do-vale-terao-intervencoes-na-semana-da-patria\\\/\"]}]},{\"@type\":\"ImageObject\",\"inLanguage\":\"pt-BR\",\"@id\":\"https:\\\/\\\/folhapopular.info\\\/index.php\\\/2022\\\/09\\\/05\\\/rodovias-estaduais-do-vale-terao-intervencoes-na-semana-da-patria\\\/#primaryimage\",\"url\":\"https:\\\/\\\/folhapopular.info\\\/wp-content\\\/uploads\\\/2022\\\/09\\\/WhatsApp-Image-2022-09-05-at-09.31.00.jpeg\",\"contentUrl\":\"https:\\\/\\\/folhapopular.info\\\/wp-content\\\/uploads\\\/2022\\\/09\\\/WhatsApp-Image-2022-09-05-at-09.31.00.jpeg\",\"width\":1152,\"height\":837,\"caption\":\"Motoristas devem estar atentos aos trechos onde h\u00e1 obras \\\/ Cr\u00e9dito da foto: Raphael Nunes \\\/ EGR\"},{\"@type\":\"BreadcrumbList\",\"@id\":\"https:\\\/\\\/folhapopular.info\\\/index.php\\\/2022\\\/09\\\/05\\\/rodovias-estaduais-do-vale-terao-intervencoes-na-semana-da-patria\\\/#breadcrumb\",\"itemListElement\":[{\"@type\":\"ListItem\",\"position\":1,\"name\":\"In\u00edcio\",\"item\":\"https:\\\/\\\/folhapopular.info\\\/\"},{\"@type\":\"ListItem\",\"position\":2,\"name\":\"Rodovias estaduais do Vale ter\u00e3o interven\u00e7\u00f5es na Semana da P\u00e1tria\"}]},{\"@type\":\"WebSite\",\"@id\":\"https:\\\/\\\/folhapopular.info\\\/#website\",\"url\":\"https:\\\/\\\/folhapopular.info\\\/\",\"name\":\"Folha Popular\",\"description\":\"Onde voc\u00ea tem vez e voz\",\"potentialAction\":[{\"@type\":\"SearchAction\",\"target\":{\"@type\":\"EntryPoint\",\"urlTemplate\":\"https:\\\/\\\/folhapopular.info\\\/?s={search_term_string}\"},\"query-input\":{\"@type\":\"PropertyValueSpecification\",\"valueRequired\":true,\"valueName\":\"search_term_string\"}}],\"inLanguage\":\"pt-BR\"},{\"@type\":\"Person\",\"@id\":\"https:\\\/\\\/folhapopular.info\\\/#\\\/schema\\\/person\\\/2814e8a0df7643585a9ca38bc6eb9d4b\",\"name\":\"Reda\u00e7\u00e3o Folha Popular\",\"image\":{\"@type\":\"ImageObject\",\"inLanguage\":\"pt-BR\",\"@id\":\"https:\\\/\\\/folhapopular.info\\\/wp-content\\\/uploads\\\/2026\\\/04\\\/Folha-1.webp\",\"url\":\"https:\\\/\\\/folhapopular.info\\\/wp-content\\\/uploads\\\/2026\\\/04\\\/Folha-1.webp\",\"contentUrl\":\"https:\\\/\\\/folhapopular.info\\\/wp-content\\\/uploads\\\/2026\\\/04\\\/Folha-1.webp\",\"caption\":\"Reda\u00e7\u00e3o Folha Popular\"},\"url\":\"https:\\\/\\\/folhapopular.info\\\/index.php\\\/author\\\/redacao\\\/\"}]}<\/script>\n<!-- \/ Yoast SEO plugin. -->","yoast_head_json":{"title":"Rodovias estaduais do Vale ter\u00e3o interven\u00e7\u00f5es na Semana da P\u00e1tria - Folha Popular","robots":{"index":"index","follow":"follow","max-snippet":"max-snippet:-1","max-image-preview":"max-image-preview:large","max-video-preview":"max-video-preview:-1"},"canonical":"https:\/\/folhapopular.info\/index.php\/2022\/09\/05\/rodovias-estaduais-do-vale-terao-intervencoes-na-semana-da-patria\/","og_locale":"pt_BR","og_type":"article","og_title":"Rodovias estaduais do Vale ter\u00e3o interven\u00e7\u00f5es na Semana da P\u00e1tria - Folha Popular","og_description":"A Empresa Ga\u00facha de Rodovias (EGR) alerta para interven\u00e7\u00f5es em rodovias do Vale do Taquari na Semana da P\u00e1tria. De segunda-feira (5\/9) a sexta (9\/9) ser\u00e3o sete interven\u00e7\u00f5es, incluindo reparos localizados, manuten\u00e7\u00e3o do pavimento, al\u00e9m de ro\u00e7adas, limpeza de margens e tapa buracos. No Vale do Taquari, os condutores precisam redobrar a aten\u00e7\u00e3o em virtude [&hellip;]","og_url":"https:\/\/folhapopular.info\/index.php\/2022\/09\/05\/rodovias-estaduais-do-vale-terao-intervencoes-na-semana-da-patria\/","og_site_name":"Folha Popular","article_published_time":"2022-09-05T13:46:10+00:00","article_modified_time":"2022-09-05T13:57:38+00:00","og_image":[{"width":1152,"height":837,"url":"http:\/\/folhapopular.info\/wp-content\/uploads\/2022\/09\/WhatsApp-Image-2022-09-05-at-09.31.00.jpeg","type":"image\/jpeg"}],"author":"Reda\u00e7\u00e3o Folha Popular","twitter_card":"summary_large_image","twitter_misc":{"Escrito por":"Reda\u00e7\u00e3o Folha Popular","Est. tempo de leitura":"4 minutos"},"schema":{"@context":"https:\/\/schema.org","@graph":[{"@type":"Article","@id":"https:\/\/folhapopular.info\/index.php\/2022\/09\/05\/rodovias-estaduais-do-vale-terao-intervencoes-na-semana-da-patria\/#article","isPartOf":{"@id":"https:\/\/folhapopular.info\/index.php\/2022\/09\/05\/rodovias-estaduais-do-vale-terao-intervencoes-na-semana-da-patria\/"},"author":{"name":"Reda\u00e7\u00e3o Folha Popular","@id":"https:\/\/folhapopular.info\/#\/schema\/person\/2814e8a0df7643585a9ca38bc6eb9d4b"},"headline":"Rodovias estaduais do Vale ter\u00e3o interven\u00e7\u00f5es na Semana da P\u00e1tria","datePublished":"2022-09-05T13:46:10+00:00","dateModified":"2022-09-05T13:57:38+00:00","mainEntityOfPage":{"@id":"https:\/\/folhapopular.info\/index.php\/2022\/09\/05\/rodovias-estaduais-do-vale-terao-intervencoes-na-semana-da-patria\/"},"wordCount":677,"commentCount":0,"image":{"@id":"https:\/\/folhapopular.info\/index.php\/2022\/09\/05\/rodovias-estaduais-do-vale-terao-intervencoes-na-semana-da-patria\/#primaryimage"},"thumbnailUrl":"https:\/\/folhapopular.info\/wp-content\/uploads\/2022\/09\/WhatsApp-Image-2022-09-05-at-09.31.00.jpeg","keywords":["EGR","Regi\u00e3o","Rodovias estaduais","Vale do Taquari"],"articleSection":["Seguran\u00e7a"],"inLanguage":"pt-BR","potentialAction":[{"@type":"CommentAction","name":"Comment","target":["https:\/\/folhapopular.info\/index.php\/2022\/09\/05\/rodovias-estaduais-do-vale-terao-intervencoes-na-semana-da-patria\/#respond"]}]},{"@type":"WebPage","@id":"https:\/\/folhapopular.info\/index.php\/2022\/09\/05\/rodovias-estaduais-do-vale-terao-intervencoes-na-semana-da-patria\/","url":"https:\/\/folhapopular.info\/index.php\/2022\/09\/05\/rodovias-estaduais-do-vale-terao-intervencoes-na-semana-da-patria\/","name":"Rodovias estaduais do Vale ter\u00e3o interven\u00e7\u00f5es na Semana da P\u00e1tria - Folha Popular","isPartOf":{"@id":"https:\/\/folhapopular.info\/#website"},"primaryImageOfPage":{"@id":"https:\/\/folhapopular.info\/index.php\/2022\/09\/05\/rodovias-estaduais-do-vale-terao-intervencoes-na-semana-da-patria\/#primaryimage"},"image":{"@id":"https:\/\/folhapopular.info\/index.php\/2022\/09\/05\/rodovias-estaduais-do-vale-terao-intervencoes-na-semana-da-patria\/#primaryimage"},"thumbnailUrl":"https:\/\/folhapopular.info\/wp-content\/uploads\/2022\/09\/WhatsApp-Image-2022-09-05-at-09.31.00.jpeg","datePublished":"2022-09-05T13:46:10+00:00","dateModified":"2022-09-05T13:57:38+00:00","author":{"@id":"https:\/\/folhapopular.info\/#\/schema\/person\/2814e8a0df7643585a9ca38bc6eb9d4b"},"breadcrumb":{"@id":"https:\/\/folhapopular.info\/index.php\/2022\/09\/05\/rodovias-estaduais-do-vale-terao-intervencoes-na-semana-da-patria\/#breadcrumb"},"inLanguage":"pt-BR","potentialAction":[{"@type":"ReadAction","target":["https:\/\/folhapopular.info\/index.php\/2022\/09\/05\/rodovias-estaduais-do-vale-terao-intervencoes-na-semana-da-patria\/"]}]},{"@type":"ImageObject","inLanguage":"pt-BR","@id":"https:\/\/folhapopular.info\/index.php\/2022\/09\/05\/rodovias-estaduais-do-vale-terao-intervencoes-na-semana-da-patria\/#primaryimage","url":"https:\/\/folhapopular.info\/wp-content\/uploads\/2022\/09\/WhatsApp-Image-2022-09-05-at-09.31.00.jpeg","contentUrl":"https:\/\/folhapopular.info\/wp-content\/uploads\/2022\/09\/WhatsApp-Image-2022-09-05-at-09.31.00.jpeg","width":1152,"height":837,"caption":"Motoristas devem estar atentos aos trechos onde h\u00e1 obras \/ Cr\u00e9dito da foto: Raphael Nunes \/ EGR"},{"@type":"BreadcrumbList","@id":"https:\/\/folhapopular.info\/index.php\/2022\/09\/05\/rodovias-estaduais-do-vale-terao-intervencoes-na-semana-da-patria\/#breadcrumb","itemListElement":[{"@type":"ListItem","position":1,"name":"In\u00edcio","item":"https:\/\/folhapopular.info\/"},{"@type":"ListItem","position":2,"name":"Rodovias estaduais do Vale ter\u00e3o interven\u00e7\u00f5es na Semana da P\u00e1tria"}]},{"@type":"WebSite","@id":"https:\/\/folhapopular.info\/#website","url":"https:\/\/folhapopular.info\/","name":"Folha Popular","description":"Onde voc\u00ea tem vez e voz","potentialAction":[{"@type":"SearchAction","target":{"@type":"EntryPoint","urlTemplate":"https:\/\/folhapopular.info\/?s={search_term_string}"},"query-input":{"@type":"PropertyValueSpecification","valueRequired":true,"valueName":"search_term_string"}}],"inLanguage":"pt-BR"},{"@type":"Person","@id":"https:\/\/folhapopular.info\/#\/schema\/person\/2814e8a0df7643585a9ca38bc6eb9d4b","name":"Reda\u00e7\u00e3o Folha Popular","image":{"@type":"ImageObject","inLanguage":"pt-BR","@id":"https:\/\/folhapopular.info\/wp-content\/uploads\/2026\/04\/Folha-1.webp","url":"https:\/\/folhapopular.info\/wp-content\/uploads\/2026\/04\/Folha-1.webp","contentUrl":"https:\/\/folhapopular.info\/wp-content\/uploads\/2026\/04\/Folha-1.webp","caption":"Reda\u00e7\u00e3o Folha Popular"},"url":"https:\/\/folhapopular.info\/index.php\/author\/redacao\/"}]}},"jetpack_featured_media_url":"https:\/\/folhapopular.info\/wp-content\/uploads\/2022\/09\/WhatsApp-Image-2022-09-05-at-09.31.00.jpeg","jetpack_sharing_enabled":true,"amp_enabled":true,"_links":{"self":[{"href":"https:\/\/folhapopular.info\/index.php\/wp-json\/wp\/v2\/posts\/112085","targetHints":{"allow":["GET"]}}],"collection":[{"href":"https:\/\/folhapopular.info\/index.php\/wp-json\/wp\/v2\/posts"}],"about":[{"href":"https:\/\/folhapopular.info\/index.php\/wp-json\/wp\/v2\/types\/post"}],"author":[{"embeddable":true,"href":"https:\/\/folhapopular.info\/index.php\/wp-json\/wp\/v2\/users\/8"}],"replies":[{"embeddable":true,"href":"https:\/\/folhapopular.info\/index.php\/wp-json\/wp\/v2\/comments?post=112085"}],"version-history":[{"count":0,"href":"https:\/\/folhapopular.info\/index.php\/wp-json\/wp\/v2\/posts\/112085\/revisions"}],"wp:featuredmedia":[{"embeddable":true,"href":"https:\/\/folhapopular.info\/index.php\/wp-json\/wp\/v2\/media\/112087"}],"wp:attachment":[{"href":"https:\/\/folhapopular.info\/index.php\/wp-json\/wp\/v2\/media?parent=112085"}],"wp:term":[{"taxonomy":"category","embeddable":true,"href":"https:\/\/folhapopular.info\/index.php\/wp-json\/wp\/v2\/categories?post=112085"},{"taxonomy":"post_tag","embeddable":true,"href":"https:\/\/folhapopular.info\/index.php\/wp-json\/wp\/v2\/tags?post=112085"}],"curies":[{"name":"wp","href":"https:\/\/api.w.org\/{rel}","templated":true}]}}