{"id":112091,"date":"2022-09-05T11:03:36","date_gmt":"2022-09-05T14:03:36","guid":{"rendered":"https:\/\/folhapopular.info\/?p=112091"},"modified":"2022-09-09T10:48:00","modified_gmt":"2022-09-09T13:48:00","slug":"otelio-drebes-palestra-em-teutonia-no-dia-13","status":"publish","type":"post","link":"https:\/\/folhapopular.info\/index.php\/2022\/09\/05\/otelio-drebes-palestra-em-teutonia-no-dia-13\/","title":{"rendered":"Otelio Drebes palestra em Teut\u00f4nia no dia 13"},"content":{"rendered":"\n<p>O empres\u00e1rio Otelio Drebes palestrar\u00e1 em Teut\u00f4nia no dia 13 de setembro (ter\u00e7a-feira). O evento ser\u00e1 realizado na Associa\u00e7\u00e3o Pro-Desenvolvimento de Languiru (APDL), localizado na Avenida Um Leste, 185, Bairro Languiru, a partir das 19h. O evento conta com apoio da Prefeitura de Teut\u00f4nia.<\/p>\n\n\n\n<p>Drebes \u00e9 fundador das Lojas Lebes, uma das maiores redes de varejo da regi\u00e3o Sul do Brasil. O empres\u00e1rio ga\u00facho, de 88 anos, conta com anos na estrada. As suas palestras trazem uma fala divertida, fazendo com que as pessoas reflitam sobre as suas vidas, mas tamb\u00e9m se divirtam e deem risadas. <\/p>\n\n\n\n<p>A inten\u00e7\u00e3o por tr\u00e1s de suas palestras \u00e9 retribuir ao mundo aquilo que conquistou, mostrando que apesar de todos os imprevistos da vida, sempre \u00e9 poss\u00edvel nos reinventar e encontrar motivos para sorrir.<\/p>\n\n\n\n<p>Para participar, \u00e9 necess\u00e1rio realizar a inscri\u00e7\u00e3o atrav\u00e9s do site&nbsp;<a href=\"http:\/\/www.oteliodrebes.com.br\/\" target=\"_blank\" rel=\"noreferrer noopener\">www.oteliodrebes.com.br<\/a>&nbsp;ou WhatsApp (51) 99648-3163. O ingresso para o evento ser\u00e1 um alimento n\u00e3o perec\u00edvel, que ser\u00e1 destinado para a Secretaria de Assist\u00eancia Social e Habita\u00e7\u00e3o.<\/p>\n","protected":false},"excerpt":{"rendered":"<p>O empres\u00e1rio Otelio Drebes palestrar\u00e1 em Teut\u00f4nia no dia 13 de setembro (ter\u00e7a-feira). O evento ser\u00e1 realizado na Associa\u00e7\u00e3o Pro-Desenvolvimento de Languiru (APDL), localizado na Avenida Um Leste, 185, Bairro Languiru, a partir das 19h. O evento conta com apoio da Prefeitura de Teut\u00f4nia. Drebes \u00e9 fundador das Lojas Lebes, uma das maiores redes de [&hellip;]<\/p>\n","protected":false},"author":8,"featured_media":112092,"comment_status":"open","ping_status":"open","sticky":false,"template":"","format":"standard","meta":{"pmpro_default_level":"","_jetpack_memberships_contains_paid_content":false,"footnotes":""},"categories":[2,3],"tags":[461,45,26],"class_list":{"0":"post-112091","1":"post","2":"type-post","3":"status-publish","4":"format-standard","5":"has-post-thumbnail","7":"category-featured","8":"category-geral","9":"tag-otelio-drebes","10":"tag-palestra","11":"tag-teutonia","12":"pmpro-has-access"},"yoast_head":"<!-- This site is optimized with the Yoast SEO plugin v27.5 - https:\/\/yoast.com\/product\/yoast-seo-wordpress\/ -->\n<title>Otelio Drebes palestra em Teut\u00f4nia no dia 13 - Folha Popular<\/title>\n<meta name=\"robots\" content=\"index, follow, max-snippet:-1, max-image-preview:large, max-video-preview:-1\" \/>\n<link rel=\"canonical\" href=\"https:\/\/folhapopular.info\/index.php\/2022\/09\/05\/otelio-drebes-palestra-em-teutonia-no-dia-13\/\" \/>\n<meta property=\"og:locale\" content=\"pt_BR\" \/>\n<meta property=\"og:type\" content=\"article\" \/>\n<meta property=\"og:title\" content=\"Otelio Drebes palestra em Teut\u00f4nia no dia 13 - Folha Popular\" \/>\n<meta property=\"og:description\" content=\"O empres\u00e1rio Otelio Drebes palestrar\u00e1 em Teut\u00f4nia no dia 13 de setembro (ter\u00e7a-feira). O evento ser\u00e1 realizado na Associa\u00e7\u00e3o Pro-Desenvolvimento de Languiru (APDL), localizado na Avenida Um Leste, 185, Bairro Languiru, a partir das 19h. O evento conta com apoio da Prefeitura de Teut\u00f4nia. Drebes \u00e9 fundador das Lojas Lebes, uma das maiores redes de [&hellip;]\" \/>\n<meta property=\"og:url\" content=\"https:\/\/folhapopular.info\/index.php\/2022\/09\/05\/otelio-drebes-palestra-em-teutonia-no-dia-13\/\" \/>\n<meta property=\"og:site_name\" content=\"Folha Popular\" \/>\n<meta property=\"article:published_time\" content=\"2022-09-05T14:03:36+00:00\" \/>\n<meta property=\"article:modified_time\" content=\"2022-09-09T13:48:00+00:00\" \/>\n<meta property=\"og:image\" content=\"http:\/\/folhapopular.info\/wp-content\/uploads\/2022\/09\/Palestra-Otelio-Drebes-2-e1662731267982.jpeg\" \/>\n\t<meta property=\"og:image:width\" content=\"1280\" \/>\n\t<meta property=\"og:image:height\" content=\"707\" \/>\n\t<meta property=\"og:image:type\" content=\"image\/jpeg\" \/>\n<meta name=\"author\" content=\"Reda\u00e7\u00e3o Folha Popular\" \/>\n<meta name=\"twitter:card\" content=\"summary_large_image\" \/>\n<meta name=\"twitter:label1\" content=\"Escrito por\" \/>\n\t<meta name=\"twitter:data1\" content=\"Reda\u00e7\u00e3o Folha Popular\" \/>\n\t<meta name=\"twitter:label2\" content=\"Est. tempo de leitura\" \/>\n\t<meta name=\"twitter:data2\" content=\"1 minuto\" \/>\n<script type=\"application\/ld+json\" class=\"yoast-schema-graph\">{\"@context\":\"https:\\\/\\\/schema.org\",\"@graph\":[{\"@type\":\"Article\",\"@id\":\"https:\\\/\\\/folhapopular.info\\\/index.php\\\/2022\\\/09\\\/05\\\/otelio-drebes-palestra-em-teutonia-no-dia-13\\\/#article\",\"isPartOf\":{\"@id\":\"https:\\\/\\\/folhapopular.info\\\/index.php\\\/2022\\\/09\\\/05\\\/otelio-drebes-palestra-em-teutonia-no-dia-13\\\/\"},\"author\":{\"name\":\"Reda\u00e7\u00e3o Folha Popular\",\"@id\":\"https:\\\/\\\/folhapopular.info\\\/#\\\/schema\\\/person\\\/2814e8a0df7643585a9ca38bc6eb9d4b\"},\"headline\":\"Otelio Drebes palestra em Teut\u00f4nia no dia 13\",\"datePublished\":\"2022-09-05T14:03:36+00:00\",\"dateModified\":\"2022-09-09T13:48:00+00:00\",\"mainEntityOfPage\":{\"@id\":\"https:\\\/\\\/folhapopular.info\\\/index.php\\\/2022\\\/09\\\/05\\\/otelio-drebes-palestra-em-teutonia-no-dia-13\\\/\"},\"wordCount\":189,\"commentCount\":0,\"image\":{\"@id\":\"https:\\\/\\\/folhapopular.info\\\/index.php\\\/2022\\\/09\\\/05\\\/otelio-drebes-palestra-em-teutonia-no-dia-13\\\/#primaryimage\"},\"thumbnailUrl\":\"https:\\\/\\\/folhapopular.info\\\/wp-content\\\/uploads\\\/2022\\\/09\\\/Palestra-Otelio-Drebes-2-e1662731267982.jpeg\",\"keywords\":[\"Otelio Drebes\",\"palestra\",\"Teut\u00f4nia\"],\"articleSection\":[\"Destaques\",\"Geral\"],\"inLanguage\":\"pt-BR\",\"potentialAction\":[{\"@type\":\"CommentAction\",\"name\":\"Comment\",\"target\":[\"https:\\\/\\\/folhapopular.info\\\/index.php\\\/2022\\\/09\\\/05\\\/otelio-drebes-palestra-em-teutonia-no-dia-13\\\/#respond\"]}]},{\"@type\":\"WebPage\",\"@id\":\"https:\\\/\\\/folhapopular.info\\\/index.php\\\/2022\\\/09\\\/05\\\/otelio-drebes-palestra-em-teutonia-no-dia-13\\\/\",\"url\":\"https:\\\/\\\/folhapopular.info\\\/index.php\\\/2022\\\/09\\\/05\\\/otelio-drebes-palestra-em-teutonia-no-dia-13\\\/\",\"name\":\"Otelio Drebes palestra em Teut\u00f4nia no dia 13 - Folha Popular\",\"isPartOf\":{\"@id\":\"https:\\\/\\\/folhapopular.info\\\/#website\"},\"primaryImageOfPage\":{\"@id\":\"https:\\\/\\\/folhapopular.info\\\/index.php\\\/2022\\\/09\\\/05\\\/otelio-drebes-palestra-em-teutonia-no-dia-13\\\/#primaryimage\"},\"image\":{\"@id\":\"https:\\\/\\\/folhapopular.info\\\/index.php\\\/2022\\\/09\\\/05\\\/otelio-drebes-palestra-em-teutonia-no-dia-13\\\/#primaryimage\"},\"thumbnailUrl\":\"https:\\\/\\\/folhapopular.info\\\/wp-content\\\/uploads\\\/2022\\\/09\\\/Palestra-Otelio-Drebes-2-e1662731267982.jpeg\",\"datePublished\":\"2022-09-05T14:03:36+00:00\",\"dateModified\":\"2022-09-09T13:48:00+00:00\",\"author\":{\"@id\":\"https:\\\/\\\/folhapopular.info\\\/#\\\/schema\\\/person\\\/2814e8a0df7643585a9ca38bc6eb9d4b\"},\"breadcrumb\":{\"@id\":\"https:\\\/\\\/folhapopular.info\\\/index.php\\\/2022\\\/09\\\/05\\\/otelio-drebes-palestra-em-teutonia-no-dia-13\\\/#breadcrumb\"},\"inLanguage\":\"pt-BR\",\"potentialAction\":[{\"@type\":\"ReadAction\",\"target\":[\"https:\\\/\\\/folhapopular.info\\\/index.php\\\/2022\\\/09\\\/05\\\/otelio-drebes-palestra-em-teutonia-no-dia-13\\\/\"]}]},{\"@type\":\"ImageObject\",\"inLanguage\":\"pt-BR\",\"@id\":\"https:\\\/\\\/folhapopular.info\\\/index.php\\\/2022\\\/09\\\/05\\\/otelio-drebes-palestra-em-teutonia-no-dia-13\\\/#primaryimage\",\"url\":\"https:\\\/\\\/folhapopular.info\\\/wp-content\\\/uploads\\\/2022\\\/09\\\/Palestra-Otelio-Drebes-2-e1662731267982.jpeg\",\"contentUrl\":\"https:\\\/\\\/folhapopular.info\\\/wp-content\\\/uploads\\\/2022\\\/09\\\/Palestra-Otelio-Drebes-2-e1662731267982.jpeg\",\"width\":1280,\"height\":707},{\"@type\":\"BreadcrumbList\",\"@id\":\"https:\\\/\\\/folhapopular.info\\\/index.php\\\/2022\\\/09\\\/05\\\/otelio-drebes-palestra-em-teutonia-no-dia-13\\\/#breadcrumb\",\"itemListElement\":[{\"@type\":\"ListItem\",\"position\":1,\"name\":\"In\u00edcio\",\"item\":\"https:\\\/\\\/folhapopular.info\\\/\"},{\"@type\":\"ListItem\",\"position\":2,\"name\":\"Otelio Drebes palestra em Teut\u00f4nia no dia 13\"}]},{\"@type\":\"WebSite\",\"@id\":\"https:\\\/\\\/folhapopular.info\\\/#website\",\"url\":\"https:\\\/\\\/folhapopular.info\\\/\",\"name\":\"Folha Popular\",\"description\":\"Onde voc\u00ea tem vez e voz\",\"potentialAction\":[{\"@type\":\"SearchAction\",\"target\":{\"@type\":\"EntryPoint\",\"urlTemplate\":\"https:\\\/\\\/folhapopular.info\\\/?s={search_term_string}\"},\"query-input\":{\"@type\":\"PropertyValueSpecification\",\"valueRequired\":true,\"valueName\":\"search_term_string\"}}],\"inLanguage\":\"pt-BR\"},{\"@type\":\"Person\",\"@id\":\"https:\\\/\\\/folhapopular.info\\\/#\\\/schema\\\/person\\\/2814e8a0df7643585a9ca38bc6eb9d4b\",\"name\":\"Reda\u00e7\u00e3o Folha Popular\",\"image\":{\"@type\":\"ImageObject\",\"inLanguage\":\"pt-BR\",\"@id\":\"https:\\\/\\\/folhapopular.info\\\/wp-content\\\/uploads\\\/2026\\\/04\\\/Folha-1.webp\",\"url\":\"https:\\\/\\\/folhapopular.info\\\/wp-content\\\/uploads\\\/2026\\\/04\\\/Folha-1.webp\",\"contentUrl\":\"https:\\\/\\\/folhapopular.info\\\/wp-content\\\/uploads\\\/2026\\\/04\\\/Folha-1.webp\",\"caption\":\"Reda\u00e7\u00e3o Folha Popular\"},\"url\":\"https:\\\/\\\/folhapopular.info\\\/index.php\\\/author\\\/redacao\\\/\"}]}<\/script>\n<!-- \/ Yoast SEO plugin. -->","yoast_head_json":{"title":"Otelio Drebes palestra em Teut\u00f4nia no dia 13 - Folha Popular","robots":{"index":"index","follow":"follow","max-snippet":"max-snippet:-1","max-image-preview":"max-image-preview:large","max-video-preview":"max-video-preview:-1"},"canonical":"https:\/\/folhapopular.info\/index.php\/2022\/09\/05\/otelio-drebes-palestra-em-teutonia-no-dia-13\/","og_locale":"pt_BR","og_type":"article","og_title":"Otelio Drebes palestra em Teut\u00f4nia no dia 13 - Folha Popular","og_description":"O empres\u00e1rio Otelio Drebes palestrar\u00e1 em Teut\u00f4nia no dia 13 de setembro (ter\u00e7a-feira). O evento ser\u00e1 realizado na Associa\u00e7\u00e3o Pro-Desenvolvimento de Languiru (APDL), localizado na Avenida Um Leste, 185, Bairro Languiru, a partir das 19h. O evento conta com apoio da Prefeitura de Teut\u00f4nia. Drebes \u00e9 fundador das Lojas Lebes, uma das maiores redes de [&hellip;]","og_url":"https:\/\/folhapopular.info\/index.php\/2022\/09\/05\/otelio-drebes-palestra-em-teutonia-no-dia-13\/","og_site_name":"Folha Popular","article_published_time":"2022-09-05T14:03:36+00:00","article_modified_time":"2022-09-09T13:48:00+00:00","og_image":[{"width":1280,"height":707,"url":"http:\/\/folhapopular.info\/wp-content\/uploads\/2022\/09\/Palestra-Otelio-Drebes-2-e1662731267982.jpeg","type":"image\/jpeg"}],"author":"Reda\u00e7\u00e3o Folha Popular","twitter_card":"summary_large_image","twitter_misc":{"Escrito por":"Reda\u00e7\u00e3o Folha Popular","Est. tempo de leitura":"1 minuto"},"schema":{"@context":"https:\/\/schema.org","@graph":[{"@type":"Article","@id":"https:\/\/folhapopular.info\/index.php\/2022\/09\/05\/otelio-drebes-palestra-em-teutonia-no-dia-13\/#article","isPartOf":{"@id":"https:\/\/folhapopular.info\/index.php\/2022\/09\/05\/otelio-drebes-palestra-em-teutonia-no-dia-13\/"},"author":{"name":"Reda\u00e7\u00e3o Folha Popular","@id":"https:\/\/folhapopular.info\/#\/schema\/person\/2814e8a0df7643585a9ca38bc6eb9d4b"},"headline":"Otelio Drebes palestra em Teut\u00f4nia no dia 13","datePublished":"2022-09-05T14:03:36+00:00","dateModified":"2022-09-09T13:48:00+00:00","mainEntityOfPage":{"@id":"https:\/\/folhapopular.info\/index.php\/2022\/09\/05\/otelio-drebes-palestra-em-teutonia-no-dia-13\/"},"wordCount":189,"commentCount":0,"image":{"@id":"https:\/\/folhapopular.info\/index.php\/2022\/09\/05\/otelio-drebes-palestra-em-teutonia-no-dia-13\/#primaryimage"},"thumbnailUrl":"https:\/\/folhapopular.info\/wp-content\/uploads\/2022\/09\/Palestra-Otelio-Drebes-2-e1662731267982.jpeg","keywords":["Otelio Drebes","palestra","Teut\u00f4nia"],"articleSection":["Destaques","Geral"],"inLanguage":"pt-BR","potentialAction":[{"@type":"CommentAction","name":"Comment","target":["https:\/\/folhapopular.info\/index.php\/2022\/09\/05\/otelio-drebes-palestra-em-teutonia-no-dia-13\/#respond"]}]},{"@type":"WebPage","@id":"https:\/\/folhapopular.info\/index.php\/2022\/09\/05\/otelio-drebes-palestra-em-teutonia-no-dia-13\/","url":"https:\/\/folhapopular.info\/index.php\/2022\/09\/05\/otelio-drebes-palestra-em-teutonia-no-dia-13\/","name":"Otelio Drebes palestra em Teut\u00f4nia no dia 13 - Folha Popular","isPartOf":{"@id":"https:\/\/folhapopular.info\/#website"},"primaryImageOfPage":{"@id":"https:\/\/folhapopular.info\/index.php\/2022\/09\/05\/otelio-drebes-palestra-em-teutonia-no-dia-13\/#primaryimage"},"image":{"@id":"https:\/\/folhapopular.info\/index.php\/2022\/09\/05\/otelio-drebes-palestra-em-teutonia-no-dia-13\/#primaryimage"},"thumbnailUrl":"https:\/\/folhapopular.info\/wp-content\/uploads\/2022\/09\/Palestra-Otelio-Drebes-2-e1662731267982.jpeg","datePublished":"2022-09-05T14:03:36+00:00","dateModified":"2022-09-09T13:48:00+00:00","author":{"@id":"https:\/\/folhapopular.info\/#\/schema\/person\/2814e8a0df7643585a9ca38bc6eb9d4b"},"breadcrumb":{"@id":"https:\/\/folhapopular.info\/index.php\/2022\/09\/05\/otelio-drebes-palestra-em-teutonia-no-dia-13\/#breadcrumb"},"inLanguage":"pt-BR","potentialAction":[{"@type":"ReadAction","target":["https:\/\/folhapopular.info\/index.php\/2022\/09\/05\/otelio-drebes-palestra-em-teutonia-no-dia-13\/"]}]},{"@type":"ImageObject","inLanguage":"pt-BR","@id":"https:\/\/folhapopular.info\/index.php\/2022\/09\/05\/otelio-drebes-palestra-em-teutonia-no-dia-13\/#primaryimage","url":"https:\/\/folhapopular.info\/wp-content\/uploads\/2022\/09\/Palestra-Otelio-Drebes-2-e1662731267982.jpeg","contentUrl":"https:\/\/folhapopular.info\/wp-content\/uploads\/2022\/09\/Palestra-Otelio-Drebes-2-e1662731267982.jpeg","width":1280,"height":707},{"@type":"BreadcrumbList","@id":"https:\/\/folhapopular.info\/index.php\/2022\/09\/05\/otelio-drebes-palestra-em-teutonia-no-dia-13\/#breadcrumb","itemListElement":[{"@type":"ListItem","position":1,"name":"In\u00edcio","item":"https:\/\/folhapopular.info\/"},{"@type":"ListItem","position":2,"name":"Otelio Drebes palestra em Teut\u00f4nia no dia 13"}]},{"@type":"WebSite","@id":"https:\/\/folhapopular.info\/#website","url":"https:\/\/folhapopular.info\/","name":"Folha Popular","description":"Onde voc\u00ea tem vez e voz","potentialAction":[{"@type":"SearchAction","target":{"@type":"EntryPoint","urlTemplate":"https:\/\/folhapopular.info\/?s={search_term_string}"},"query-input":{"@type":"PropertyValueSpecification","valueRequired":true,"valueName":"search_term_string"}}],"inLanguage":"pt-BR"},{"@type":"Person","@id":"https:\/\/folhapopular.info\/#\/schema\/person\/2814e8a0df7643585a9ca38bc6eb9d4b","name":"Reda\u00e7\u00e3o Folha Popular","image":{"@type":"ImageObject","inLanguage":"pt-BR","@id":"https:\/\/folhapopular.info\/wp-content\/uploads\/2026\/04\/Folha-1.webp","url":"https:\/\/folhapopular.info\/wp-content\/uploads\/2026\/04\/Folha-1.webp","contentUrl":"https:\/\/folhapopular.info\/wp-content\/uploads\/2026\/04\/Folha-1.webp","caption":"Reda\u00e7\u00e3o Folha Popular"},"url":"https:\/\/folhapopular.info\/index.php\/author\/redacao\/"}]}},"jetpack_featured_media_url":"https:\/\/folhapopular.info\/wp-content\/uploads\/2022\/09\/Palestra-Otelio-Drebes-2-e1662731267982.jpeg","jetpack_sharing_enabled":true,"amp_enabled":true,"_links":{"self":[{"href":"https:\/\/folhapopular.info\/index.php\/wp-json\/wp\/v2\/posts\/112091","targetHints":{"allow":["GET"]}}],"collection":[{"href":"https:\/\/folhapopular.info\/index.php\/wp-json\/wp\/v2\/posts"}],"about":[{"href":"https:\/\/folhapopular.info\/index.php\/wp-json\/wp\/v2\/types\/post"}],"author":[{"embeddable":true,"href":"https:\/\/folhapopular.info\/index.php\/wp-json\/wp\/v2\/users\/8"}],"replies":[{"embeddable":true,"href":"https:\/\/folhapopular.info\/index.php\/wp-json\/wp\/v2\/comments?post=112091"}],"version-history":[{"count":0,"href":"https:\/\/folhapopular.info\/index.php\/wp-json\/wp\/v2\/posts\/112091\/revisions"}],"wp:featuredmedia":[{"embeddable":true,"href":"https:\/\/folhapopular.info\/index.php\/wp-json\/wp\/v2\/media\/112092"}],"wp:attachment":[{"href":"https:\/\/folhapopular.info\/index.php\/wp-json\/wp\/v2\/media?parent=112091"}],"wp:term":[{"taxonomy":"category","embeddable":true,"href":"https:\/\/folhapopular.info\/index.php\/wp-json\/wp\/v2\/categories?post=112091"},{"taxonomy":"post_tag","embeddable":true,"href":"https:\/\/folhapopular.info\/index.php\/wp-json\/wp\/v2\/tags?post=112091"}],"curies":[{"name":"wp","href":"https:\/\/api.w.org\/{rel}","templated":true}]}}