{"id":112137,"date":"2022-09-05T17:06:54","date_gmt":"2022-09-05T20:06:54","guid":{"rendered":"https:\/\/folhapopular.info\/?p=112137"},"modified":"2022-09-05T17:06:57","modified_gmt":"2022-09-05T20:06:57","slug":"lajeado-proporciona-curso-de-redes-sociais-para-idosos","status":"publish","type":"post","link":"https:\/\/folhapopular.info\/index.php\/2022\/09\/05\/lajeado-proporciona-curso-de-redes-sociais-para-idosos\/","title":{"rendered":"Lajeado proporciona curso de redes sociais para idosos"},"content":{"rendered":"\n<p>A Secretaria da Cultura, Esporte e Lazer (Secel) de Lajeado est\u00e1 proporcionando o curso \u201cRedes Sociais no Celular para Idosos\u201d. O curso \u00e9 gratuito e ocorrer\u00e1 na Casa de Cultura de Lajeado, nas quartas-feiras, das 9h as 10h30.<\/p>\n\n\n\n<p>Ser\u00e3o duas turmas de cinco participantes cada, e as aulas ser\u00e3o ministradas pela professora B\u00e1rbara Corr\u00eaa, da empresa Vomo que Vomo &#8211; cursos para a melhor idade.<\/p>\n\n\n\n<p>As inscri\u00e7\u00f5es podem ser feitas at\u00e9 o dia 23 de setembro. As aulas da primeira turma iniciam no dia 28 de setembro, e as da segunda turma no dia 16 de novembro. <\/p>\n\n\n\n<p>Cada participante dever\u00e1 trazer o seu celular para a aula. As inscri\u00e7\u00f5es podem ser realizadas na Casa de Cultura de Lajeado ou pelo telefone (51) 3982-1081.<\/p>\n","protected":false},"excerpt":{"rendered":"<p>A Secretaria da Cultura, Esporte e Lazer (Secel) de Lajeado est\u00e1 proporcionando o curso \u201cRedes Sociais no Celular para Idosos\u201d. O curso \u00e9 gratuito e ocorrer\u00e1 na Casa de Cultura de Lajeado, nas quartas-feiras, das 9h as 10h30. Ser\u00e3o duas turmas de cinco participantes cada, e as aulas ser\u00e3o ministradas pela professora B\u00e1rbara Corr\u00eaa, da [&hellip;]<\/p>\n","protected":false},"author":8,"featured_media":112138,"comment_status":"open","ping_status":"open","sticky":false,"template":"","format":"standard","meta":{"pmpro_default_level":"","_jetpack_memberships_contains_paid_content":false,"footnotes":""},"categories":[2,3],"tags":[364,599,27,6157],"class_list":{"0":"post-112137","1":"post","2":"type-post","3":"status-publish","4":"format-standard","5":"has-post-thumbnail","7":"category-featured","8":"category-geral","9":"tag-curso","10":"tag-idosos","11":"tag-lajeado","12":"tag-redes-sociais","13":"pmpro-has-access"},"yoast_head":"<!-- This site is optimized with the Yoast SEO plugin v27.5 - https:\/\/yoast.com\/product\/yoast-seo-wordpress\/ -->\n<title>Lajeado proporciona curso de redes sociais para idosos - Folha Popular<\/title>\n<meta name=\"robots\" content=\"index, follow, max-snippet:-1, max-image-preview:large, max-video-preview:-1\" \/>\n<link rel=\"canonical\" href=\"https:\/\/folhapopular.info\/index.php\/2022\/09\/05\/lajeado-proporciona-curso-de-redes-sociais-para-idosos\/\" \/>\n<meta property=\"og:locale\" content=\"pt_BR\" \/>\n<meta property=\"og:type\" content=\"article\" \/>\n<meta property=\"og:title\" content=\"Lajeado proporciona curso de redes sociais para idosos - Folha Popular\" \/>\n<meta property=\"og:description\" content=\"A Secretaria da Cultura, Esporte e Lazer (Secel) de Lajeado est\u00e1 proporcionando o curso \u201cRedes Sociais no Celular para Idosos\u201d. O curso \u00e9 gratuito e ocorrer\u00e1 na Casa de Cultura de Lajeado, nas quartas-feiras, das 9h as 10h30. Ser\u00e3o duas turmas de cinco participantes cada, e as aulas ser\u00e3o ministradas pela professora B\u00e1rbara Corr\u00eaa, da [&hellip;]\" \/>\n<meta property=\"og:url\" content=\"https:\/\/folhapopular.info\/index.php\/2022\/09\/05\/lajeado-proporciona-curso-de-redes-sociais-para-idosos\/\" \/>\n<meta property=\"og:site_name\" content=\"Folha Popular\" \/>\n<meta property=\"article:published_time\" content=\"2022-09-05T20:06:54+00:00\" \/>\n<meta property=\"article:modified_time\" content=\"2022-09-05T20:06:57+00:00\" \/>\n<meta property=\"og:image\" content=\"http:\/\/folhapopular.info\/wp-content\/uploads\/2022\/09\/pexels-anna-shvets-5257224-scaled-e1662408353536.jpg\" \/>\n\t<meta property=\"og:image:width\" content=\"1200\" \/>\n\t<meta property=\"og:image:height\" content=\"800\" \/>\n\t<meta property=\"og:image:type\" content=\"image\/jpeg\" \/>\n<meta name=\"author\" content=\"Reda\u00e7\u00e3o Folha Popular\" \/>\n<meta name=\"twitter:card\" content=\"summary_large_image\" \/>\n<meta name=\"twitter:label1\" content=\"Escrito por\" \/>\n\t<meta name=\"twitter:data1\" content=\"Reda\u00e7\u00e3o Folha Popular\" \/>\n\t<meta name=\"twitter:label2\" content=\"Est. tempo de leitura\" \/>\n\t<meta name=\"twitter:data2\" content=\"1 minuto\" \/>\n<script type=\"application\/ld+json\" class=\"yoast-schema-graph\">{\"@context\":\"https:\\\/\\\/schema.org\",\"@graph\":[{\"@type\":\"Article\",\"@id\":\"https:\\\/\\\/folhapopular.info\\\/index.php\\\/2022\\\/09\\\/05\\\/lajeado-proporciona-curso-de-redes-sociais-para-idosos\\\/#article\",\"isPartOf\":{\"@id\":\"https:\\\/\\\/folhapopular.info\\\/index.php\\\/2022\\\/09\\\/05\\\/lajeado-proporciona-curso-de-redes-sociais-para-idosos\\\/\"},\"author\":{\"name\":\"Reda\u00e7\u00e3o Folha Popular\",\"@id\":\"https:\\\/\\\/folhapopular.info\\\/#\\\/schema\\\/person\\\/2814e8a0df7643585a9ca38bc6eb9d4b\"},\"headline\":\"Lajeado proporciona curso de redes sociais para idosos\",\"datePublished\":\"2022-09-05T20:06:54+00:00\",\"dateModified\":\"2022-09-05T20:06:57+00:00\",\"mainEntityOfPage\":{\"@id\":\"https:\\\/\\\/folhapopular.info\\\/index.php\\\/2022\\\/09\\\/05\\\/lajeado-proporciona-curso-de-redes-sociais-para-idosos\\\/\"},\"wordCount\":132,\"commentCount\":0,\"image\":{\"@id\":\"https:\\\/\\\/folhapopular.info\\\/index.php\\\/2022\\\/09\\\/05\\\/lajeado-proporciona-curso-de-redes-sociais-para-idosos\\\/#primaryimage\"},\"thumbnailUrl\":\"https:\\\/\\\/folhapopular.info\\\/wp-content\\\/uploads\\\/2022\\\/09\\\/pexels-anna-shvets-5257224-scaled-e1662408353536.jpg\",\"keywords\":[\"Curso\",\"Idosos\",\"Lajeado\",\"Redes Sociais\"],\"articleSection\":[\"Destaques\",\"Geral\"],\"inLanguage\":\"pt-BR\",\"potentialAction\":[{\"@type\":\"CommentAction\",\"name\":\"Comment\",\"target\":[\"https:\\\/\\\/folhapopular.info\\\/index.php\\\/2022\\\/09\\\/05\\\/lajeado-proporciona-curso-de-redes-sociais-para-idosos\\\/#respond\"]}]},{\"@type\":\"WebPage\",\"@id\":\"https:\\\/\\\/folhapopular.info\\\/index.php\\\/2022\\\/09\\\/05\\\/lajeado-proporciona-curso-de-redes-sociais-para-idosos\\\/\",\"url\":\"https:\\\/\\\/folhapopular.info\\\/index.php\\\/2022\\\/09\\\/05\\\/lajeado-proporciona-curso-de-redes-sociais-para-idosos\\\/\",\"name\":\"Lajeado proporciona curso de redes sociais para idosos - Folha Popular\",\"isPartOf\":{\"@id\":\"https:\\\/\\\/folhapopular.info\\\/#website\"},\"primaryImageOfPage\":{\"@id\":\"https:\\\/\\\/folhapopular.info\\\/index.php\\\/2022\\\/09\\\/05\\\/lajeado-proporciona-curso-de-redes-sociais-para-idosos\\\/#primaryimage\"},\"image\":{\"@id\":\"https:\\\/\\\/folhapopular.info\\\/index.php\\\/2022\\\/09\\\/05\\\/lajeado-proporciona-curso-de-redes-sociais-para-idosos\\\/#primaryimage\"},\"thumbnailUrl\":\"https:\\\/\\\/folhapopular.info\\\/wp-content\\\/uploads\\\/2022\\\/09\\\/pexels-anna-shvets-5257224-scaled-e1662408353536.jpg\",\"datePublished\":\"2022-09-05T20:06:54+00:00\",\"dateModified\":\"2022-09-05T20:06:57+00:00\",\"author\":{\"@id\":\"https:\\\/\\\/folhapopular.info\\\/#\\\/schema\\\/person\\\/2814e8a0df7643585a9ca38bc6eb9d4b\"},\"breadcrumb\":{\"@id\":\"https:\\\/\\\/folhapopular.info\\\/index.php\\\/2022\\\/09\\\/05\\\/lajeado-proporciona-curso-de-redes-sociais-para-idosos\\\/#breadcrumb\"},\"inLanguage\":\"pt-BR\",\"potentialAction\":[{\"@type\":\"ReadAction\",\"target\":[\"https:\\\/\\\/folhapopular.info\\\/index.php\\\/2022\\\/09\\\/05\\\/lajeado-proporciona-curso-de-redes-sociais-para-idosos\\\/\"]}]},{\"@type\":\"ImageObject\",\"inLanguage\":\"pt-BR\",\"@id\":\"https:\\\/\\\/folhapopular.info\\\/index.php\\\/2022\\\/09\\\/05\\\/lajeado-proporciona-curso-de-redes-sociais-para-idosos\\\/#primaryimage\",\"url\":\"https:\\\/\\\/folhapopular.info\\\/wp-content\\\/uploads\\\/2022\\\/09\\\/pexels-anna-shvets-5257224-scaled-e1662408353536.jpg\",\"contentUrl\":\"https:\\\/\\\/folhapopular.info\\\/wp-content\\\/uploads\\\/2022\\\/09\\\/pexels-anna-shvets-5257224-scaled-e1662408353536.jpg\",\"width\":1200,\"height\":800,\"caption\":\"Cr\u00e9dito: Anna Shvets \\\/ Divulga\u00e7\u00e3o\"},{\"@type\":\"BreadcrumbList\",\"@id\":\"https:\\\/\\\/folhapopular.info\\\/index.php\\\/2022\\\/09\\\/05\\\/lajeado-proporciona-curso-de-redes-sociais-para-idosos\\\/#breadcrumb\",\"itemListElement\":[{\"@type\":\"ListItem\",\"position\":1,\"name\":\"In\u00edcio\",\"item\":\"https:\\\/\\\/folhapopular.info\\\/\"},{\"@type\":\"ListItem\",\"position\":2,\"name\":\"Lajeado proporciona curso de redes sociais para idosos\"}]},{\"@type\":\"WebSite\",\"@id\":\"https:\\\/\\\/folhapopular.info\\\/#website\",\"url\":\"https:\\\/\\\/folhapopular.info\\\/\",\"name\":\"Folha Popular\",\"description\":\"Onde voc\u00ea tem vez e voz\",\"potentialAction\":[{\"@type\":\"SearchAction\",\"target\":{\"@type\":\"EntryPoint\",\"urlTemplate\":\"https:\\\/\\\/folhapopular.info\\\/?s={search_term_string}\"},\"query-input\":{\"@type\":\"PropertyValueSpecification\",\"valueRequired\":true,\"valueName\":\"search_term_string\"}}],\"inLanguage\":\"pt-BR\"},{\"@type\":\"Person\",\"@id\":\"https:\\\/\\\/folhapopular.info\\\/#\\\/schema\\\/person\\\/2814e8a0df7643585a9ca38bc6eb9d4b\",\"name\":\"Reda\u00e7\u00e3o Folha Popular\",\"image\":{\"@type\":\"ImageObject\",\"inLanguage\":\"pt-BR\",\"@id\":\"https:\\\/\\\/folhapopular.info\\\/wp-content\\\/uploads\\\/2026\\\/04\\\/Folha-1.webp\",\"url\":\"https:\\\/\\\/folhapopular.info\\\/wp-content\\\/uploads\\\/2026\\\/04\\\/Folha-1.webp\",\"contentUrl\":\"https:\\\/\\\/folhapopular.info\\\/wp-content\\\/uploads\\\/2026\\\/04\\\/Folha-1.webp\",\"caption\":\"Reda\u00e7\u00e3o Folha Popular\"},\"url\":\"https:\\\/\\\/folhapopular.info\\\/index.php\\\/author\\\/redacao\\\/\"}]}<\/script>\n<!-- \/ Yoast SEO plugin. -->","yoast_head_json":{"title":"Lajeado proporciona curso de redes sociais para idosos - Folha Popular","robots":{"index":"index","follow":"follow","max-snippet":"max-snippet:-1","max-image-preview":"max-image-preview:large","max-video-preview":"max-video-preview:-1"},"canonical":"https:\/\/folhapopular.info\/index.php\/2022\/09\/05\/lajeado-proporciona-curso-de-redes-sociais-para-idosos\/","og_locale":"pt_BR","og_type":"article","og_title":"Lajeado proporciona curso de redes sociais para idosos - Folha Popular","og_description":"A Secretaria da Cultura, Esporte e Lazer (Secel) de Lajeado est\u00e1 proporcionando o curso \u201cRedes Sociais no Celular para Idosos\u201d. O curso \u00e9 gratuito e ocorrer\u00e1 na Casa de Cultura de Lajeado, nas quartas-feiras, das 9h as 10h30. Ser\u00e3o duas turmas de cinco participantes cada, e as aulas ser\u00e3o ministradas pela professora B\u00e1rbara Corr\u00eaa, da [&hellip;]","og_url":"https:\/\/folhapopular.info\/index.php\/2022\/09\/05\/lajeado-proporciona-curso-de-redes-sociais-para-idosos\/","og_site_name":"Folha Popular","article_published_time":"2022-09-05T20:06:54+00:00","article_modified_time":"2022-09-05T20:06:57+00:00","og_image":[{"width":1200,"height":800,"url":"http:\/\/folhapopular.info\/wp-content\/uploads\/2022\/09\/pexels-anna-shvets-5257224-scaled-e1662408353536.jpg","type":"image\/jpeg"}],"author":"Reda\u00e7\u00e3o Folha Popular","twitter_card":"summary_large_image","twitter_misc":{"Escrito por":"Reda\u00e7\u00e3o Folha Popular","Est. tempo de leitura":"1 minuto"},"schema":{"@context":"https:\/\/schema.org","@graph":[{"@type":"Article","@id":"https:\/\/folhapopular.info\/index.php\/2022\/09\/05\/lajeado-proporciona-curso-de-redes-sociais-para-idosos\/#article","isPartOf":{"@id":"https:\/\/folhapopular.info\/index.php\/2022\/09\/05\/lajeado-proporciona-curso-de-redes-sociais-para-idosos\/"},"author":{"name":"Reda\u00e7\u00e3o Folha Popular","@id":"https:\/\/folhapopular.info\/#\/schema\/person\/2814e8a0df7643585a9ca38bc6eb9d4b"},"headline":"Lajeado proporciona curso de redes sociais para idosos","datePublished":"2022-09-05T20:06:54+00:00","dateModified":"2022-09-05T20:06:57+00:00","mainEntityOfPage":{"@id":"https:\/\/folhapopular.info\/index.php\/2022\/09\/05\/lajeado-proporciona-curso-de-redes-sociais-para-idosos\/"},"wordCount":132,"commentCount":0,"image":{"@id":"https:\/\/folhapopular.info\/index.php\/2022\/09\/05\/lajeado-proporciona-curso-de-redes-sociais-para-idosos\/#primaryimage"},"thumbnailUrl":"https:\/\/folhapopular.info\/wp-content\/uploads\/2022\/09\/pexels-anna-shvets-5257224-scaled-e1662408353536.jpg","keywords":["Curso","Idosos","Lajeado","Redes Sociais"],"articleSection":["Destaques","Geral"],"inLanguage":"pt-BR","potentialAction":[{"@type":"CommentAction","name":"Comment","target":["https:\/\/folhapopular.info\/index.php\/2022\/09\/05\/lajeado-proporciona-curso-de-redes-sociais-para-idosos\/#respond"]}]},{"@type":"WebPage","@id":"https:\/\/folhapopular.info\/index.php\/2022\/09\/05\/lajeado-proporciona-curso-de-redes-sociais-para-idosos\/","url":"https:\/\/folhapopular.info\/index.php\/2022\/09\/05\/lajeado-proporciona-curso-de-redes-sociais-para-idosos\/","name":"Lajeado proporciona curso de redes sociais para idosos - Folha Popular","isPartOf":{"@id":"https:\/\/folhapopular.info\/#website"},"primaryImageOfPage":{"@id":"https:\/\/folhapopular.info\/index.php\/2022\/09\/05\/lajeado-proporciona-curso-de-redes-sociais-para-idosos\/#primaryimage"},"image":{"@id":"https:\/\/folhapopular.info\/index.php\/2022\/09\/05\/lajeado-proporciona-curso-de-redes-sociais-para-idosos\/#primaryimage"},"thumbnailUrl":"https:\/\/folhapopular.info\/wp-content\/uploads\/2022\/09\/pexels-anna-shvets-5257224-scaled-e1662408353536.jpg","datePublished":"2022-09-05T20:06:54+00:00","dateModified":"2022-09-05T20:06:57+00:00","author":{"@id":"https:\/\/folhapopular.info\/#\/schema\/person\/2814e8a0df7643585a9ca38bc6eb9d4b"},"breadcrumb":{"@id":"https:\/\/folhapopular.info\/index.php\/2022\/09\/05\/lajeado-proporciona-curso-de-redes-sociais-para-idosos\/#breadcrumb"},"inLanguage":"pt-BR","potentialAction":[{"@type":"ReadAction","target":["https:\/\/folhapopular.info\/index.php\/2022\/09\/05\/lajeado-proporciona-curso-de-redes-sociais-para-idosos\/"]}]},{"@type":"ImageObject","inLanguage":"pt-BR","@id":"https:\/\/folhapopular.info\/index.php\/2022\/09\/05\/lajeado-proporciona-curso-de-redes-sociais-para-idosos\/#primaryimage","url":"https:\/\/folhapopular.info\/wp-content\/uploads\/2022\/09\/pexels-anna-shvets-5257224-scaled-e1662408353536.jpg","contentUrl":"https:\/\/folhapopular.info\/wp-content\/uploads\/2022\/09\/pexels-anna-shvets-5257224-scaled-e1662408353536.jpg","width":1200,"height":800,"caption":"Cr\u00e9dito: Anna Shvets \/ Divulga\u00e7\u00e3o"},{"@type":"BreadcrumbList","@id":"https:\/\/folhapopular.info\/index.php\/2022\/09\/05\/lajeado-proporciona-curso-de-redes-sociais-para-idosos\/#breadcrumb","itemListElement":[{"@type":"ListItem","position":1,"name":"In\u00edcio","item":"https:\/\/folhapopular.info\/"},{"@type":"ListItem","position":2,"name":"Lajeado proporciona curso de redes sociais para idosos"}]},{"@type":"WebSite","@id":"https:\/\/folhapopular.info\/#website","url":"https:\/\/folhapopular.info\/","name":"Folha Popular","description":"Onde voc\u00ea tem vez e voz","potentialAction":[{"@type":"SearchAction","target":{"@type":"EntryPoint","urlTemplate":"https:\/\/folhapopular.info\/?s={search_term_string}"},"query-input":{"@type":"PropertyValueSpecification","valueRequired":true,"valueName":"search_term_string"}}],"inLanguage":"pt-BR"},{"@type":"Person","@id":"https:\/\/folhapopular.info\/#\/schema\/person\/2814e8a0df7643585a9ca38bc6eb9d4b","name":"Reda\u00e7\u00e3o Folha Popular","image":{"@type":"ImageObject","inLanguage":"pt-BR","@id":"https:\/\/folhapopular.info\/wp-content\/uploads\/2026\/04\/Folha-1.webp","url":"https:\/\/folhapopular.info\/wp-content\/uploads\/2026\/04\/Folha-1.webp","contentUrl":"https:\/\/folhapopular.info\/wp-content\/uploads\/2026\/04\/Folha-1.webp","caption":"Reda\u00e7\u00e3o Folha Popular"},"url":"https:\/\/folhapopular.info\/index.php\/author\/redacao\/"}]}},"jetpack_featured_media_url":"https:\/\/folhapopular.info\/wp-content\/uploads\/2022\/09\/pexels-anna-shvets-5257224-scaled-e1662408353536.jpg","jetpack_sharing_enabled":true,"amp_enabled":true,"_links":{"self":[{"href":"https:\/\/folhapopular.info\/index.php\/wp-json\/wp\/v2\/posts\/112137","targetHints":{"allow":["GET"]}}],"collection":[{"href":"https:\/\/folhapopular.info\/index.php\/wp-json\/wp\/v2\/posts"}],"about":[{"href":"https:\/\/folhapopular.info\/index.php\/wp-json\/wp\/v2\/types\/post"}],"author":[{"embeddable":true,"href":"https:\/\/folhapopular.info\/index.php\/wp-json\/wp\/v2\/users\/8"}],"replies":[{"embeddable":true,"href":"https:\/\/folhapopular.info\/index.php\/wp-json\/wp\/v2\/comments?post=112137"}],"version-history":[{"count":0,"href":"https:\/\/folhapopular.info\/index.php\/wp-json\/wp\/v2\/posts\/112137\/revisions"}],"wp:featuredmedia":[{"embeddable":true,"href":"https:\/\/folhapopular.info\/index.php\/wp-json\/wp\/v2\/media\/112138"}],"wp:attachment":[{"href":"https:\/\/folhapopular.info\/index.php\/wp-json\/wp\/v2\/media?parent=112137"}],"wp:term":[{"taxonomy":"category","embeddable":true,"href":"https:\/\/folhapopular.info\/index.php\/wp-json\/wp\/v2\/categories?post=112137"},{"taxonomy":"post_tag","embeddable":true,"href":"https:\/\/folhapopular.info\/index.php\/wp-json\/wp\/v2\/tags?post=112137"}],"curies":[{"name":"wp","href":"https:\/\/api.w.org\/{rel}","templated":true}]}}