{"id":112264,"date":"2022-09-07T12:06:29","date_gmt":"2022-09-07T15:06:29","guid":{"rendered":"https:\/\/folhapopular.info\/?p=112264"},"modified":"2022-09-07T12:06:43","modified_gmt":"2022-09-07T15:06:43","slug":"brigada-militar-de-estrela-prende-tres-homens-apreende-arma-de-fogo","status":"publish","type":"post","link":"https:\/\/folhapopular.info\/index.php\/2022\/09\/07\/brigada-militar-de-estrela-prende-tres-homens-apreende-arma-de-fogo\/","title":{"rendered":"Brigada Militar de Estrela prende tr\u00eas homens apreende arma de fogo"},"content":{"rendered":"\n<p>Nesta quarta-feira (7\/9), por volta de 1h da madrugada, a Brigada Militar de Estrela recebeu a liga\u00e7\u00e3o de uma mulher informando que seu ex-companheiro, contra quem tem Medida Protetiva, estaria indo assassin\u00e1-la em sua resid\u00eancia, no Bairro Nova Morada. Que o ex estaria com outros indiv\u00edduos, em dois carros, sendo eles um Monza e um Kadet, ambos de cor branca. <\/p>\n\n\n\n<p>A guarni\u00e7\u00e3o estava em deslocamento para averigua\u00e7\u00e3o, quando os ve\u00edculos foram localizados, via sistema de videomonitoramento, entrando no p\u00f3rtico da cidade, sendo poss\u00edvel a abordagem do ve\u00edculo Kadet, em frente \u00e0 rodovi\u00e1ria, na Avenida Rio Branco. No ve\u00edculo encontravam-se dois homens que foram revistados e identificados. Em revista veicular foi localizada, embaixo do banco do caroneiro, uma arma de fogo, calibre 38, municiada com quaro muni\u00e7\u00f5es intactas e uma deflagrada. Indagado sobre quem estaria no ve\u00edculo Monza, informou que seria seu irm\u00e3o (ex-companheiro da v\u00edtima) e que estariam indo para sua casa, no Bairro das Ind\u00fastrias. <\/p>\n\n\n\n<p>Diante dos fatos, foi dada voz de pris\u00e3o aos dois indiv\u00edduos, que foram conduzidos \u00e0 UPA e DPPA de Lajeado, onde foram autuados em flagrante por porte ilegal de arma de fogo. Quando o flagrante estava sendo lavrado, o irm\u00e3o do autor compareceu na DPPA e foi preso por descumprir a medida protetiva. Al\u00e9m da arma de fogo e do ve\u00edculo, foram apreendidos tr\u00eas aparelhos celulares.<\/p>\n","protected":false},"excerpt":{"rendered":"<p>Nesta quarta-feira (7\/9), por volta de 1h da madrugada, a Brigada Militar de Estrela recebeu a liga\u00e7\u00e3o de uma mulher informando que seu ex-companheiro, contra quem tem Medida Protetiva, estaria indo assassin\u00e1-la em sua resid\u00eancia, no Bairro Nova Morada. Que o ex estaria com outros indiv\u00edduos, em dois carros, sendo eles um Monza e um [&hellip;]<\/p>\n","protected":false},"author":8,"featured_media":112265,"comment_status":"open","ping_status":"open","sticky":false,"template":"","format":"standard","meta":{"pmpro_default_level":"","_jetpack_memberships_contains_paid_content":false,"footnotes":""},"categories":[7],"tags":[112,1833,251,8],"class_list":{"0":"post-112264","1":"post","2":"type-post","3":"status-publish","4":"format-standard","5":"has-post-thumbnail","7":"category-seguranca","8":"tag-apreensao","9":"tag-arma-de-fogo","10":"tag-brigada-militar","11":"tag-estrela","12":"pmpro-has-access"},"yoast_head":"<!-- This site is optimized with the Yoast SEO plugin v27.5 - https:\/\/yoast.com\/product\/yoast-seo-wordpress\/ -->\n<title>Brigada Militar de Estrela prende tr\u00eas homens apreende arma de fogo - Folha Popular<\/title>\n<meta name=\"robots\" content=\"index, follow, max-snippet:-1, max-image-preview:large, max-video-preview:-1\" \/>\n<link rel=\"canonical\" href=\"https:\/\/folhapopular.info\/index.php\/2022\/09\/07\/brigada-militar-de-estrela-prende-tres-homens-apreende-arma-de-fogo\/\" \/>\n<meta property=\"og:locale\" content=\"pt_BR\" \/>\n<meta property=\"og:type\" content=\"article\" \/>\n<meta property=\"og:title\" content=\"Brigada Militar de Estrela prende tr\u00eas homens apreende arma de fogo - Folha Popular\" \/>\n<meta property=\"og:description\" content=\"Nesta quarta-feira (7\/9), por volta de 1h da madrugada, a Brigada Militar de Estrela recebeu a liga\u00e7\u00e3o de uma mulher informando que seu ex-companheiro, contra quem tem Medida Protetiva, estaria indo assassin\u00e1-la em sua resid\u00eancia, no Bairro Nova Morada. Que o ex estaria com outros indiv\u00edduos, em dois carros, sendo eles um Monza e um [&hellip;]\" \/>\n<meta property=\"og:url\" content=\"https:\/\/folhapopular.info\/index.php\/2022\/09\/07\/brigada-militar-de-estrela-prende-tres-homens-apreende-arma-de-fogo\/\" \/>\n<meta property=\"og:site_name\" content=\"Folha Popular\" \/>\n<meta property=\"article:published_time\" content=\"2022-09-07T15:06:29+00:00\" \/>\n<meta property=\"article:modified_time\" content=\"2022-09-07T15:06:43+00:00\" \/>\n<meta property=\"og:image\" content=\"http:\/\/folhapopular.info\/wp-content\/uploads\/2022\/09\/WhatsApp-Image-2022-09-07-at-10.58.21-e1662563132241.jpeg\" \/>\n\t<meta property=\"og:image:width\" content=\"900\" \/>\n\t<meta property=\"og:image:height\" content=\"1200\" \/>\n\t<meta property=\"og:image:type\" content=\"image\/jpeg\" \/>\n<meta name=\"author\" content=\"Reda\u00e7\u00e3o Folha Popular\" \/>\n<meta name=\"twitter:card\" content=\"summary_large_image\" \/>\n<meta name=\"twitter:label1\" content=\"Escrito por\" \/>\n\t<meta name=\"twitter:data1\" content=\"Reda\u00e7\u00e3o Folha Popular\" \/>\n\t<meta name=\"twitter:label2\" content=\"Est. tempo de leitura\" \/>\n\t<meta name=\"twitter:data2\" content=\"2 minutos\" \/>\n<script type=\"application\/ld+json\" class=\"yoast-schema-graph\">{\"@context\":\"https:\\\/\\\/schema.org\",\"@graph\":[{\"@type\":\"Article\",\"@id\":\"https:\\\/\\\/folhapopular.info\\\/index.php\\\/2022\\\/09\\\/07\\\/brigada-militar-de-estrela-prende-tres-homens-apreende-arma-de-fogo\\\/#article\",\"isPartOf\":{\"@id\":\"https:\\\/\\\/folhapopular.info\\\/index.php\\\/2022\\\/09\\\/07\\\/brigada-militar-de-estrela-prende-tres-homens-apreende-arma-de-fogo\\\/\"},\"author\":{\"name\":\"Reda\u00e7\u00e3o Folha Popular\",\"@id\":\"https:\\\/\\\/folhapopular.info\\\/#\\\/schema\\\/person\\\/2814e8a0df7643585a9ca38bc6eb9d4b\"},\"headline\":\"Brigada Militar de Estrela prende tr\u00eas homens apreende arma de fogo\",\"datePublished\":\"2022-09-07T15:06:29+00:00\",\"dateModified\":\"2022-09-07T15:06:43+00:00\",\"mainEntityOfPage\":{\"@id\":\"https:\\\/\\\/folhapopular.info\\\/index.php\\\/2022\\\/09\\\/07\\\/brigada-militar-de-estrela-prende-tres-homens-apreende-arma-de-fogo\\\/\"},\"wordCount\":253,\"commentCount\":0,\"image\":{\"@id\":\"https:\\\/\\\/folhapopular.info\\\/index.php\\\/2022\\\/09\\\/07\\\/brigada-militar-de-estrela-prende-tres-homens-apreende-arma-de-fogo\\\/#primaryimage\"},\"thumbnailUrl\":\"https:\\\/\\\/folhapopular.info\\\/wp-content\\\/uploads\\\/2022\\\/09\\\/WhatsApp-Image-2022-09-07-at-10.58.21-e1662563132241.jpeg\",\"keywords\":[\"Apreens\u00e3o\",\"arma de fogo\",\"Brigada Militar\",\"Estrela\"],\"articleSection\":[\"Seguran\u00e7a\"],\"inLanguage\":\"pt-BR\",\"potentialAction\":[{\"@type\":\"CommentAction\",\"name\":\"Comment\",\"target\":[\"https:\\\/\\\/folhapopular.info\\\/index.php\\\/2022\\\/09\\\/07\\\/brigada-militar-de-estrela-prende-tres-homens-apreende-arma-de-fogo\\\/#respond\"]}]},{\"@type\":\"WebPage\",\"@id\":\"https:\\\/\\\/folhapopular.info\\\/index.php\\\/2022\\\/09\\\/07\\\/brigada-militar-de-estrela-prende-tres-homens-apreende-arma-de-fogo\\\/\",\"url\":\"https:\\\/\\\/folhapopular.info\\\/index.php\\\/2022\\\/09\\\/07\\\/brigada-militar-de-estrela-prende-tres-homens-apreende-arma-de-fogo\\\/\",\"name\":\"Brigada Militar de Estrela prende tr\u00eas homens apreende arma de fogo - Folha Popular\",\"isPartOf\":{\"@id\":\"https:\\\/\\\/folhapopular.info\\\/#website\"},\"primaryImageOfPage\":{\"@id\":\"https:\\\/\\\/folhapopular.info\\\/index.php\\\/2022\\\/09\\\/07\\\/brigada-militar-de-estrela-prende-tres-homens-apreende-arma-de-fogo\\\/#primaryimage\"},\"image\":{\"@id\":\"https:\\\/\\\/folhapopular.info\\\/index.php\\\/2022\\\/09\\\/07\\\/brigada-militar-de-estrela-prende-tres-homens-apreende-arma-de-fogo\\\/#primaryimage\"},\"thumbnailUrl\":\"https:\\\/\\\/folhapopular.info\\\/wp-content\\\/uploads\\\/2022\\\/09\\\/WhatsApp-Image-2022-09-07-at-10.58.21-e1662563132241.jpeg\",\"datePublished\":\"2022-09-07T15:06:29+00:00\",\"dateModified\":\"2022-09-07T15:06:43+00:00\",\"author\":{\"@id\":\"https:\\\/\\\/folhapopular.info\\\/#\\\/schema\\\/person\\\/2814e8a0df7643585a9ca38bc6eb9d4b\"},\"breadcrumb\":{\"@id\":\"https:\\\/\\\/folhapopular.info\\\/index.php\\\/2022\\\/09\\\/07\\\/brigada-militar-de-estrela-prende-tres-homens-apreende-arma-de-fogo\\\/#breadcrumb\"},\"inLanguage\":\"pt-BR\",\"potentialAction\":[{\"@type\":\"ReadAction\",\"target\":[\"https:\\\/\\\/folhapopular.info\\\/index.php\\\/2022\\\/09\\\/07\\\/brigada-militar-de-estrela-prende-tres-homens-apreende-arma-de-fogo\\\/\"]}]},{\"@type\":\"ImageObject\",\"inLanguage\":\"pt-BR\",\"@id\":\"https:\\\/\\\/folhapopular.info\\\/index.php\\\/2022\\\/09\\\/07\\\/brigada-militar-de-estrela-prende-tres-homens-apreende-arma-de-fogo\\\/#primaryimage\",\"url\":\"https:\\\/\\\/folhapopular.info\\\/wp-content\\\/uploads\\\/2022\\\/09\\\/WhatsApp-Image-2022-09-07-at-10.58.21-e1662563132241.jpeg\",\"contentUrl\":\"https:\\\/\\\/folhapopular.info\\\/wp-content\\\/uploads\\\/2022\\\/09\\\/WhatsApp-Image-2022-09-07-at-10.58.21-e1662563132241.jpeg\",\"width\":900,\"height\":1200,\"caption\":\"Cr\u00e9dito: Brigada Miliar \\\/ Divulga\u00e7\u00e3o\"},{\"@type\":\"BreadcrumbList\",\"@id\":\"https:\\\/\\\/folhapopular.info\\\/index.php\\\/2022\\\/09\\\/07\\\/brigada-militar-de-estrela-prende-tres-homens-apreende-arma-de-fogo\\\/#breadcrumb\",\"itemListElement\":[{\"@type\":\"ListItem\",\"position\":1,\"name\":\"In\u00edcio\",\"item\":\"https:\\\/\\\/folhapopular.info\\\/\"},{\"@type\":\"ListItem\",\"position\":2,\"name\":\"Brigada Militar de Estrela prende tr\u00eas homens apreende arma de fogo\"}]},{\"@type\":\"WebSite\",\"@id\":\"https:\\\/\\\/folhapopular.info\\\/#website\",\"url\":\"https:\\\/\\\/folhapopular.info\\\/\",\"name\":\"Folha Popular\",\"description\":\"Onde voc\u00ea tem vez e voz\",\"potentialAction\":[{\"@type\":\"SearchAction\",\"target\":{\"@type\":\"EntryPoint\",\"urlTemplate\":\"https:\\\/\\\/folhapopular.info\\\/?s={search_term_string}\"},\"query-input\":{\"@type\":\"PropertyValueSpecification\",\"valueRequired\":true,\"valueName\":\"search_term_string\"}}],\"inLanguage\":\"pt-BR\"},{\"@type\":\"Person\",\"@id\":\"https:\\\/\\\/folhapopular.info\\\/#\\\/schema\\\/person\\\/2814e8a0df7643585a9ca38bc6eb9d4b\",\"name\":\"Reda\u00e7\u00e3o Folha Popular\",\"image\":{\"@type\":\"ImageObject\",\"inLanguage\":\"pt-BR\",\"@id\":\"https:\\\/\\\/folhapopular.info\\\/wp-content\\\/uploads\\\/2026\\\/04\\\/Folha-1.webp\",\"url\":\"https:\\\/\\\/folhapopular.info\\\/wp-content\\\/uploads\\\/2026\\\/04\\\/Folha-1.webp\",\"contentUrl\":\"https:\\\/\\\/folhapopular.info\\\/wp-content\\\/uploads\\\/2026\\\/04\\\/Folha-1.webp\",\"caption\":\"Reda\u00e7\u00e3o Folha Popular\"},\"url\":\"https:\\\/\\\/folhapopular.info\\\/index.php\\\/author\\\/redacao\\\/\"}]}<\/script>\n<!-- \/ Yoast SEO plugin. -->","yoast_head_json":{"title":"Brigada Militar de Estrela prende tr\u00eas homens apreende arma de fogo - Folha Popular","robots":{"index":"index","follow":"follow","max-snippet":"max-snippet:-1","max-image-preview":"max-image-preview:large","max-video-preview":"max-video-preview:-1"},"canonical":"https:\/\/folhapopular.info\/index.php\/2022\/09\/07\/brigada-militar-de-estrela-prende-tres-homens-apreende-arma-de-fogo\/","og_locale":"pt_BR","og_type":"article","og_title":"Brigada Militar de Estrela prende tr\u00eas homens apreende arma de fogo - Folha Popular","og_description":"Nesta quarta-feira (7\/9), por volta de 1h da madrugada, a Brigada Militar de Estrela recebeu a liga\u00e7\u00e3o de uma mulher informando que seu ex-companheiro, contra quem tem Medida Protetiva, estaria indo assassin\u00e1-la em sua resid\u00eancia, no Bairro Nova Morada. Que o ex estaria com outros indiv\u00edduos, em dois carros, sendo eles um Monza e um [&hellip;]","og_url":"https:\/\/folhapopular.info\/index.php\/2022\/09\/07\/brigada-militar-de-estrela-prende-tres-homens-apreende-arma-de-fogo\/","og_site_name":"Folha Popular","article_published_time":"2022-09-07T15:06:29+00:00","article_modified_time":"2022-09-07T15:06:43+00:00","og_image":[{"width":900,"height":1200,"url":"http:\/\/folhapopular.info\/wp-content\/uploads\/2022\/09\/WhatsApp-Image-2022-09-07-at-10.58.21-e1662563132241.jpeg","type":"image\/jpeg"}],"author":"Reda\u00e7\u00e3o Folha Popular","twitter_card":"summary_large_image","twitter_misc":{"Escrito por":"Reda\u00e7\u00e3o Folha Popular","Est. tempo de leitura":"2 minutos"},"schema":{"@context":"https:\/\/schema.org","@graph":[{"@type":"Article","@id":"https:\/\/folhapopular.info\/index.php\/2022\/09\/07\/brigada-militar-de-estrela-prende-tres-homens-apreende-arma-de-fogo\/#article","isPartOf":{"@id":"https:\/\/folhapopular.info\/index.php\/2022\/09\/07\/brigada-militar-de-estrela-prende-tres-homens-apreende-arma-de-fogo\/"},"author":{"name":"Reda\u00e7\u00e3o Folha Popular","@id":"https:\/\/folhapopular.info\/#\/schema\/person\/2814e8a0df7643585a9ca38bc6eb9d4b"},"headline":"Brigada Militar de Estrela prende tr\u00eas homens apreende arma de fogo","datePublished":"2022-09-07T15:06:29+00:00","dateModified":"2022-09-07T15:06:43+00:00","mainEntityOfPage":{"@id":"https:\/\/folhapopular.info\/index.php\/2022\/09\/07\/brigada-militar-de-estrela-prende-tres-homens-apreende-arma-de-fogo\/"},"wordCount":253,"commentCount":0,"image":{"@id":"https:\/\/folhapopular.info\/index.php\/2022\/09\/07\/brigada-militar-de-estrela-prende-tres-homens-apreende-arma-de-fogo\/#primaryimage"},"thumbnailUrl":"https:\/\/folhapopular.info\/wp-content\/uploads\/2022\/09\/WhatsApp-Image-2022-09-07-at-10.58.21-e1662563132241.jpeg","keywords":["Apreens\u00e3o","arma de fogo","Brigada Militar","Estrela"],"articleSection":["Seguran\u00e7a"],"inLanguage":"pt-BR","potentialAction":[{"@type":"CommentAction","name":"Comment","target":["https:\/\/folhapopular.info\/index.php\/2022\/09\/07\/brigada-militar-de-estrela-prende-tres-homens-apreende-arma-de-fogo\/#respond"]}]},{"@type":"WebPage","@id":"https:\/\/folhapopular.info\/index.php\/2022\/09\/07\/brigada-militar-de-estrela-prende-tres-homens-apreende-arma-de-fogo\/","url":"https:\/\/folhapopular.info\/index.php\/2022\/09\/07\/brigada-militar-de-estrela-prende-tres-homens-apreende-arma-de-fogo\/","name":"Brigada Militar de Estrela prende tr\u00eas homens apreende arma de fogo - Folha Popular","isPartOf":{"@id":"https:\/\/folhapopular.info\/#website"},"primaryImageOfPage":{"@id":"https:\/\/folhapopular.info\/index.php\/2022\/09\/07\/brigada-militar-de-estrela-prende-tres-homens-apreende-arma-de-fogo\/#primaryimage"},"image":{"@id":"https:\/\/folhapopular.info\/index.php\/2022\/09\/07\/brigada-militar-de-estrela-prende-tres-homens-apreende-arma-de-fogo\/#primaryimage"},"thumbnailUrl":"https:\/\/folhapopular.info\/wp-content\/uploads\/2022\/09\/WhatsApp-Image-2022-09-07-at-10.58.21-e1662563132241.jpeg","datePublished":"2022-09-07T15:06:29+00:00","dateModified":"2022-09-07T15:06:43+00:00","author":{"@id":"https:\/\/folhapopular.info\/#\/schema\/person\/2814e8a0df7643585a9ca38bc6eb9d4b"},"breadcrumb":{"@id":"https:\/\/folhapopular.info\/index.php\/2022\/09\/07\/brigada-militar-de-estrela-prende-tres-homens-apreende-arma-de-fogo\/#breadcrumb"},"inLanguage":"pt-BR","potentialAction":[{"@type":"ReadAction","target":["https:\/\/folhapopular.info\/index.php\/2022\/09\/07\/brigada-militar-de-estrela-prende-tres-homens-apreende-arma-de-fogo\/"]}]},{"@type":"ImageObject","inLanguage":"pt-BR","@id":"https:\/\/folhapopular.info\/index.php\/2022\/09\/07\/brigada-militar-de-estrela-prende-tres-homens-apreende-arma-de-fogo\/#primaryimage","url":"https:\/\/folhapopular.info\/wp-content\/uploads\/2022\/09\/WhatsApp-Image-2022-09-07-at-10.58.21-e1662563132241.jpeg","contentUrl":"https:\/\/folhapopular.info\/wp-content\/uploads\/2022\/09\/WhatsApp-Image-2022-09-07-at-10.58.21-e1662563132241.jpeg","width":900,"height":1200,"caption":"Cr\u00e9dito: Brigada Miliar \/ Divulga\u00e7\u00e3o"},{"@type":"BreadcrumbList","@id":"https:\/\/folhapopular.info\/index.php\/2022\/09\/07\/brigada-militar-de-estrela-prende-tres-homens-apreende-arma-de-fogo\/#breadcrumb","itemListElement":[{"@type":"ListItem","position":1,"name":"In\u00edcio","item":"https:\/\/folhapopular.info\/"},{"@type":"ListItem","position":2,"name":"Brigada Militar de Estrela prende tr\u00eas homens apreende arma de fogo"}]},{"@type":"WebSite","@id":"https:\/\/folhapopular.info\/#website","url":"https:\/\/folhapopular.info\/","name":"Folha Popular","description":"Onde voc\u00ea tem vez e voz","potentialAction":[{"@type":"SearchAction","target":{"@type":"EntryPoint","urlTemplate":"https:\/\/folhapopular.info\/?s={search_term_string}"},"query-input":{"@type":"PropertyValueSpecification","valueRequired":true,"valueName":"search_term_string"}}],"inLanguage":"pt-BR"},{"@type":"Person","@id":"https:\/\/folhapopular.info\/#\/schema\/person\/2814e8a0df7643585a9ca38bc6eb9d4b","name":"Reda\u00e7\u00e3o Folha Popular","image":{"@type":"ImageObject","inLanguage":"pt-BR","@id":"https:\/\/folhapopular.info\/wp-content\/uploads\/2026\/04\/Folha-1.webp","url":"https:\/\/folhapopular.info\/wp-content\/uploads\/2026\/04\/Folha-1.webp","contentUrl":"https:\/\/folhapopular.info\/wp-content\/uploads\/2026\/04\/Folha-1.webp","caption":"Reda\u00e7\u00e3o Folha Popular"},"url":"https:\/\/folhapopular.info\/index.php\/author\/redacao\/"}]}},"jetpack_featured_media_url":"https:\/\/folhapopular.info\/wp-content\/uploads\/2022\/09\/WhatsApp-Image-2022-09-07-at-10.58.21-e1662563132241.jpeg","jetpack_sharing_enabled":true,"amp_enabled":true,"_links":{"self":[{"href":"https:\/\/folhapopular.info\/index.php\/wp-json\/wp\/v2\/posts\/112264","targetHints":{"allow":["GET"]}}],"collection":[{"href":"https:\/\/folhapopular.info\/index.php\/wp-json\/wp\/v2\/posts"}],"about":[{"href":"https:\/\/folhapopular.info\/index.php\/wp-json\/wp\/v2\/types\/post"}],"author":[{"embeddable":true,"href":"https:\/\/folhapopular.info\/index.php\/wp-json\/wp\/v2\/users\/8"}],"replies":[{"embeddable":true,"href":"https:\/\/folhapopular.info\/index.php\/wp-json\/wp\/v2\/comments?post=112264"}],"version-history":[{"count":0,"href":"https:\/\/folhapopular.info\/index.php\/wp-json\/wp\/v2\/posts\/112264\/revisions"}],"wp:featuredmedia":[{"embeddable":true,"href":"https:\/\/folhapopular.info\/index.php\/wp-json\/wp\/v2\/media\/112265"}],"wp:attachment":[{"href":"https:\/\/folhapopular.info\/index.php\/wp-json\/wp\/v2\/media?parent=112264"}],"wp:term":[{"taxonomy":"category","embeddable":true,"href":"https:\/\/folhapopular.info\/index.php\/wp-json\/wp\/v2\/categories?post=112264"},{"taxonomy":"post_tag","embeddable":true,"href":"https:\/\/folhapopular.info\/index.php\/wp-json\/wp\/v2\/tags?post=112264"}],"curies":[{"name":"wp","href":"https:\/\/api.w.org\/{rel}","templated":true}]}}