{"id":112277,"date":"2022-09-07T14:17:26","date_gmt":"2022-09-07T17:17:26","guid":{"rendered":"https:\/\/folhapopular.info\/?p=112277"},"modified":"2022-09-07T14:17:28","modified_gmt":"2022-09-07T17:17:28","slug":"primeira-rodada-do-municipal-de-futsal-de-westfalia-teve-24-gols","status":"publish","type":"post","link":"https:\/\/folhapopular.info\/index.php\/2022\/09\/07\/primeira-rodada-do-municipal-de-futsal-de-westfalia-teve-24-gols\/","title":{"rendered":"Primeira rodada do Municipal de Futsal de Westf\u00e1lia teve 24 gols"},"content":{"rendered":"\n<p>Foi aberto oficialmente o 11\u00ba Campeonato Municipal de Futsal de Westf\u00e1lia na noite dessa ter\u00e7a-feira (6\/9). Sediada no Gin\u00e1sio Municipal de Linha Paissandu, a primeira rodada contou com uma partida pela categoria Veterano e duas pela categoria For\u00e7a Livre. As redes balan\u00e7aram 24 vezes. <\/p>\n\n\n\n<p><strong><mark style=\"background-color:#ff6900\" class=\"has-inline-color\">MUNICIPAL DE FUTSAL DE WESTF\u00c1LIA <\/mark><\/strong><\/p>\n\n\n\n<p><strong>1\u00aa rodada &#8211; 6\/9 &#8211; Palmeira <\/strong><\/p>\n\n\n\n<p>Veterano Juventude 4&#215;1 Palmeiras<\/p>\n\n\n\n<p>For\u00e7a Livre Juventude 4&#215;3 Flamengo\/Largados<\/p>\n\n\n\n<p>For\u00e7a Livre Fluminense B 4&#215;8 Palmeiras<\/p>\n\n\n\n<p>Amanh\u00e3, quinta-feira (8\/9), acontece a segunda rodada da competi\u00e7\u00e3o, com partidas sediadas no Esporte Clube Juventude, em Linha Berlim, a partir das 20h. <\/p>\n\n\n\n<p><strong>2\u00aa rodada &#8211; 8\/9 &#8211; Juventude da Berlim <\/strong><\/p>\n\n\n\n<p>Master Fluminense x Flamengo<\/p>\n\n\n\n<p>Feminino Juventude x Palmeiras<\/p>\n\n\n\n<p>Feminino Flamengo x Fluminense\/Palas Athen FC<\/p>\n","protected":false},"excerpt":{"rendered":"<p>Foi aberto oficialmente o 11\u00ba Campeonato Municipal de Futsal de Westf\u00e1lia na noite dessa ter\u00e7a-feira (6\/9). Sediada no Gin\u00e1sio Municipal de Linha Paissandu, a primeira rodada contou com uma partida pela categoria Veterano e duas pela categoria For\u00e7a Livre. As redes balan\u00e7aram 24 vezes. MUNICIPAL DE FUTSAL DE WESTF\u00c1LIA 1\u00aa rodada &#8211; 6\/9 &#8211; Palmeira [&hellip;]<\/p>\n","protected":false},"author":8,"featured_media":112278,"comment_status":"open","ping_status":"open","sticky":false,"template":"","format":"standard","meta":{"pmpro_default_level":"","_jetpack_memberships_contains_paid_content":false,"footnotes":""},"categories":[5,530],"tags":[137,31,8469,9898],"class_list":{"0":"post-112277","1":"post","2":"type-post","3":"status-publish","4":"format-standard","5":"has-post-thumbnail","7":"category-esportes","8":"category-futsal","9":"tag-esporte","10":"tag-futsal","11":"tag-primeira-rodada","12":"tag-westalia","13":"pmpro-has-access"},"yoast_head":"<!-- This site is optimized with the Yoast SEO plugin v27.5 - https:\/\/yoast.com\/product\/yoast-seo-wordpress\/ -->\n<title>Primeira rodada do Municipal de Futsal de Westf\u00e1lia teve 24 gols - Folha Popular<\/title>\n<meta name=\"robots\" content=\"index, follow, max-snippet:-1, max-image-preview:large, max-video-preview:-1\" \/>\n<link rel=\"canonical\" href=\"https:\/\/folhapopular.info\/index.php\/2022\/09\/07\/primeira-rodada-do-municipal-de-futsal-de-westfalia-teve-24-gols\/\" \/>\n<meta property=\"og:locale\" content=\"pt_BR\" \/>\n<meta property=\"og:type\" content=\"article\" \/>\n<meta property=\"og:title\" content=\"Primeira rodada do Municipal de Futsal de Westf\u00e1lia teve 24 gols - Folha Popular\" \/>\n<meta property=\"og:description\" content=\"Foi aberto oficialmente o 11\u00ba Campeonato Municipal de Futsal de Westf\u00e1lia na noite dessa ter\u00e7a-feira (6\/9). Sediada no Gin\u00e1sio Municipal de Linha Paissandu, a primeira rodada contou com uma partida pela categoria Veterano e duas pela categoria For\u00e7a Livre. As redes balan\u00e7aram 24 vezes. MUNICIPAL DE FUTSAL DE WESTF\u00c1LIA 1\u00aa rodada &#8211; 6\/9 &#8211; Palmeira [&hellip;]\" \/>\n<meta property=\"og:url\" content=\"https:\/\/folhapopular.info\/index.php\/2022\/09\/07\/primeira-rodada-do-municipal-de-futsal-de-westfalia-teve-24-gols\/\" \/>\n<meta property=\"og:site_name\" content=\"Folha Popular\" \/>\n<meta property=\"article:published_time\" content=\"2022-09-07T17:17:26+00:00\" \/>\n<meta property=\"article:modified_time\" content=\"2022-09-07T17:17:28+00:00\" \/>\n<meta property=\"og:image\" content=\"http:\/\/folhapopular.info\/wp-content\/uploads\/2022\/09\/WhatsApp-Image-2022-09-07-at-12.53.30-e1662566560151.jpeg\" \/>\n\t<meta property=\"og:image:width\" content=\"1200\" \/>\n\t<meta property=\"og:image:height\" content=\"802\" \/>\n\t<meta property=\"og:image:type\" content=\"image\/jpeg\" \/>\n<meta name=\"author\" content=\"Reda\u00e7\u00e3o Folha Popular\" \/>\n<meta name=\"twitter:card\" content=\"summary_large_image\" \/>\n<meta name=\"twitter:label1\" content=\"Escrito por\" \/>\n\t<meta name=\"twitter:data1\" content=\"Reda\u00e7\u00e3o Folha Popular\" \/>\n\t<meta name=\"twitter:label2\" content=\"Est. tempo de leitura\" \/>\n\t<meta name=\"twitter:data2\" content=\"1 minuto\" \/>\n<script type=\"application\/ld+json\" class=\"yoast-schema-graph\">{\"@context\":\"https:\\\/\\\/schema.org\",\"@graph\":[{\"@type\":\"Article\",\"@id\":\"https:\\\/\\\/folhapopular.info\\\/index.php\\\/2022\\\/09\\\/07\\\/primeira-rodada-do-municipal-de-futsal-de-westfalia-teve-24-gols\\\/#article\",\"isPartOf\":{\"@id\":\"https:\\\/\\\/folhapopular.info\\\/index.php\\\/2022\\\/09\\\/07\\\/primeira-rodada-do-municipal-de-futsal-de-westfalia-teve-24-gols\\\/\"},\"author\":{\"name\":\"Reda\u00e7\u00e3o Folha Popular\",\"@id\":\"https:\\\/\\\/folhapopular.info\\\/#\\\/schema\\\/person\\\/2814e8a0df7643585a9ca38bc6eb9d4b\"},\"headline\":\"Primeira rodada do Municipal de Futsal de Westf\u00e1lia teve 24 gols\",\"datePublished\":\"2022-09-07T17:17:26+00:00\",\"dateModified\":\"2022-09-07T17:17:28+00:00\",\"mainEntityOfPage\":{\"@id\":\"https:\\\/\\\/folhapopular.info\\\/index.php\\\/2022\\\/09\\\/07\\\/primeira-rodada-do-municipal-de-futsal-de-westfalia-teve-24-gols\\\/\"},\"wordCount\":129,\"commentCount\":0,\"image\":{\"@id\":\"https:\\\/\\\/folhapopular.info\\\/index.php\\\/2022\\\/09\\\/07\\\/primeira-rodada-do-municipal-de-futsal-de-westfalia-teve-24-gols\\\/#primaryimage\"},\"thumbnailUrl\":\"https:\\\/\\\/folhapopular.info\\\/wp-content\\\/uploads\\\/2022\\\/09\\\/WhatsApp-Image-2022-09-07-at-12.53.30-e1662566560151.jpeg\",\"keywords\":[\"Esporte\",\"Futsal\",\"Primeira rodada\",\"West\u00e1lia\"],\"articleSection\":[\"Esportes\",\"Futsal\"],\"inLanguage\":\"pt-BR\",\"potentialAction\":[{\"@type\":\"CommentAction\",\"name\":\"Comment\",\"target\":[\"https:\\\/\\\/folhapopular.info\\\/index.php\\\/2022\\\/09\\\/07\\\/primeira-rodada-do-municipal-de-futsal-de-westfalia-teve-24-gols\\\/#respond\"]}]},{\"@type\":\"WebPage\",\"@id\":\"https:\\\/\\\/folhapopular.info\\\/index.php\\\/2022\\\/09\\\/07\\\/primeira-rodada-do-municipal-de-futsal-de-westfalia-teve-24-gols\\\/\",\"url\":\"https:\\\/\\\/folhapopular.info\\\/index.php\\\/2022\\\/09\\\/07\\\/primeira-rodada-do-municipal-de-futsal-de-westfalia-teve-24-gols\\\/\",\"name\":\"Primeira rodada do Municipal de Futsal de Westf\u00e1lia teve 24 gols - Folha Popular\",\"isPartOf\":{\"@id\":\"https:\\\/\\\/folhapopular.info\\\/#website\"},\"primaryImageOfPage\":{\"@id\":\"https:\\\/\\\/folhapopular.info\\\/index.php\\\/2022\\\/09\\\/07\\\/primeira-rodada-do-municipal-de-futsal-de-westfalia-teve-24-gols\\\/#primaryimage\"},\"image\":{\"@id\":\"https:\\\/\\\/folhapopular.info\\\/index.php\\\/2022\\\/09\\\/07\\\/primeira-rodada-do-municipal-de-futsal-de-westfalia-teve-24-gols\\\/#primaryimage\"},\"thumbnailUrl\":\"https:\\\/\\\/folhapopular.info\\\/wp-content\\\/uploads\\\/2022\\\/09\\\/WhatsApp-Image-2022-09-07-at-12.53.30-e1662566560151.jpeg\",\"datePublished\":\"2022-09-07T17:17:26+00:00\",\"dateModified\":\"2022-09-07T17:17:28+00:00\",\"author\":{\"@id\":\"https:\\\/\\\/folhapopular.info\\\/#\\\/schema\\\/person\\\/2814e8a0df7643585a9ca38bc6eb9d4b\"},\"breadcrumb\":{\"@id\":\"https:\\\/\\\/folhapopular.info\\\/index.php\\\/2022\\\/09\\\/07\\\/primeira-rodada-do-municipal-de-futsal-de-westfalia-teve-24-gols\\\/#breadcrumb\"},\"inLanguage\":\"pt-BR\",\"potentialAction\":[{\"@type\":\"ReadAction\",\"target\":[\"https:\\\/\\\/folhapopular.info\\\/index.php\\\/2022\\\/09\\\/07\\\/primeira-rodada-do-municipal-de-futsal-de-westfalia-teve-24-gols\\\/\"]}]},{\"@type\":\"ImageObject\",\"inLanguage\":\"pt-BR\",\"@id\":\"https:\\\/\\\/folhapopular.info\\\/index.php\\\/2022\\\/09\\\/07\\\/primeira-rodada-do-municipal-de-futsal-de-westfalia-teve-24-gols\\\/#primaryimage\",\"url\":\"https:\\\/\\\/folhapopular.info\\\/wp-content\\\/uploads\\\/2022\\\/09\\\/WhatsApp-Image-2022-09-07-at-12.53.30-e1662566560151.jpeg\",\"contentUrl\":\"https:\\\/\\\/folhapopular.info\\\/wp-content\\\/uploads\\\/2022\\\/09\\\/WhatsApp-Image-2022-09-07-at-12.53.30-e1662566560151.jpeg\",\"width\":1200,\"height\":802,\"caption\":\"Competi\u00e7\u00e3o segue com a segunda rodada nesta quinta \\\/ Cr\u00e9dito: Paloma Valandro \\\/ Divulga\u00e7\u00e3o\"},{\"@type\":\"BreadcrumbList\",\"@id\":\"https:\\\/\\\/folhapopular.info\\\/index.php\\\/2022\\\/09\\\/07\\\/primeira-rodada-do-municipal-de-futsal-de-westfalia-teve-24-gols\\\/#breadcrumb\",\"itemListElement\":[{\"@type\":\"ListItem\",\"position\":1,\"name\":\"In\u00edcio\",\"item\":\"https:\\\/\\\/folhapopular.info\\\/\"},{\"@type\":\"ListItem\",\"position\":2,\"name\":\"Primeira rodada do Municipal de Futsal de Westf\u00e1lia teve 24 gols\"}]},{\"@type\":\"WebSite\",\"@id\":\"https:\\\/\\\/folhapopular.info\\\/#website\",\"url\":\"https:\\\/\\\/folhapopular.info\\\/\",\"name\":\"Folha Popular\",\"description\":\"Onde voc\u00ea tem vez e voz\",\"potentialAction\":[{\"@type\":\"SearchAction\",\"target\":{\"@type\":\"EntryPoint\",\"urlTemplate\":\"https:\\\/\\\/folhapopular.info\\\/?s={search_term_string}\"},\"query-input\":{\"@type\":\"PropertyValueSpecification\",\"valueRequired\":true,\"valueName\":\"search_term_string\"}}],\"inLanguage\":\"pt-BR\"},{\"@type\":\"Person\",\"@id\":\"https:\\\/\\\/folhapopular.info\\\/#\\\/schema\\\/person\\\/2814e8a0df7643585a9ca38bc6eb9d4b\",\"name\":\"Reda\u00e7\u00e3o Folha Popular\",\"image\":{\"@type\":\"ImageObject\",\"inLanguage\":\"pt-BR\",\"@id\":\"https:\\\/\\\/folhapopular.info\\\/wp-content\\\/uploads\\\/2026\\\/04\\\/Folha-1.webp\",\"url\":\"https:\\\/\\\/folhapopular.info\\\/wp-content\\\/uploads\\\/2026\\\/04\\\/Folha-1.webp\",\"contentUrl\":\"https:\\\/\\\/folhapopular.info\\\/wp-content\\\/uploads\\\/2026\\\/04\\\/Folha-1.webp\",\"caption\":\"Reda\u00e7\u00e3o Folha Popular\"},\"url\":\"https:\\\/\\\/folhapopular.info\\\/index.php\\\/author\\\/redacao\\\/\"}]}<\/script>\n<!-- \/ Yoast SEO plugin. -->","yoast_head_json":{"title":"Primeira rodada do Municipal de Futsal de Westf\u00e1lia teve 24 gols - Folha Popular","robots":{"index":"index","follow":"follow","max-snippet":"max-snippet:-1","max-image-preview":"max-image-preview:large","max-video-preview":"max-video-preview:-1"},"canonical":"https:\/\/folhapopular.info\/index.php\/2022\/09\/07\/primeira-rodada-do-municipal-de-futsal-de-westfalia-teve-24-gols\/","og_locale":"pt_BR","og_type":"article","og_title":"Primeira rodada do Municipal de Futsal de Westf\u00e1lia teve 24 gols - Folha Popular","og_description":"Foi aberto oficialmente o 11\u00ba Campeonato Municipal de Futsal de Westf\u00e1lia na noite dessa ter\u00e7a-feira (6\/9). Sediada no Gin\u00e1sio Municipal de Linha Paissandu, a primeira rodada contou com uma partida pela categoria Veterano e duas pela categoria For\u00e7a Livre. As redes balan\u00e7aram 24 vezes. MUNICIPAL DE FUTSAL DE WESTF\u00c1LIA 1\u00aa rodada &#8211; 6\/9 &#8211; Palmeira [&hellip;]","og_url":"https:\/\/folhapopular.info\/index.php\/2022\/09\/07\/primeira-rodada-do-municipal-de-futsal-de-westfalia-teve-24-gols\/","og_site_name":"Folha Popular","article_published_time":"2022-09-07T17:17:26+00:00","article_modified_time":"2022-09-07T17:17:28+00:00","og_image":[{"width":1200,"height":802,"url":"http:\/\/folhapopular.info\/wp-content\/uploads\/2022\/09\/WhatsApp-Image-2022-09-07-at-12.53.30-e1662566560151.jpeg","type":"image\/jpeg"}],"author":"Reda\u00e7\u00e3o Folha Popular","twitter_card":"summary_large_image","twitter_misc":{"Escrito por":"Reda\u00e7\u00e3o Folha Popular","Est. tempo de leitura":"1 minuto"},"schema":{"@context":"https:\/\/schema.org","@graph":[{"@type":"Article","@id":"https:\/\/folhapopular.info\/index.php\/2022\/09\/07\/primeira-rodada-do-municipal-de-futsal-de-westfalia-teve-24-gols\/#article","isPartOf":{"@id":"https:\/\/folhapopular.info\/index.php\/2022\/09\/07\/primeira-rodada-do-municipal-de-futsal-de-westfalia-teve-24-gols\/"},"author":{"name":"Reda\u00e7\u00e3o Folha Popular","@id":"https:\/\/folhapopular.info\/#\/schema\/person\/2814e8a0df7643585a9ca38bc6eb9d4b"},"headline":"Primeira rodada do Municipal de Futsal de Westf\u00e1lia teve 24 gols","datePublished":"2022-09-07T17:17:26+00:00","dateModified":"2022-09-07T17:17:28+00:00","mainEntityOfPage":{"@id":"https:\/\/folhapopular.info\/index.php\/2022\/09\/07\/primeira-rodada-do-municipal-de-futsal-de-westfalia-teve-24-gols\/"},"wordCount":129,"commentCount":0,"image":{"@id":"https:\/\/folhapopular.info\/index.php\/2022\/09\/07\/primeira-rodada-do-municipal-de-futsal-de-westfalia-teve-24-gols\/#primaryimage"},"thumbnailUrl":"https:\/\/folhapopular.info\/wp-content\/uploads\/2022\/09\/WhatsApp-Image-2022-09-07-at-12.53.30-e1662566560151.jpeg","keywords":["Esporte","Futsal","Primeira rodada","West\u00e1lia"],"articleSection":["Esportes","Futsal"],"inLanguage":"pt-BR","potentialAction":[{"@type":"CommentAction","name":"Comment","target":["https:\/\/folhapopular.info\/index.php\/2022\/09\/07\/primeira-rodada-do-municipal-de-futsal-de-westfalia-teve-24-gols\/#respond"]}]},{"@type":"WebPage","@id":"https:\/\/folhapopular.info\/index.php\/2022\/09\/07\/primeira-rodada-do-municipal-de-futsal-de-westfalia-teve-24-gols\/","url":"https:\/\/folhapopular.info\/index.php\/2022\/09\/07\/primeira-rodada-do-municipal-de-futsal-de-westfalia-teve-24-gols\/","name":"Primeira rodada do Municipal de Futsal de Westf\u00e1lia teve 24 gols - Folha Popular","isPartOf":{"@id":"https:\/\/folhapopular.info\/#website"},"primaryImageOfPage":{"@id":"https:\/\/folhapopular.info\/index.php\/2022\/09\/07\/primeira-rodada-do-municipal-de-futsal-de-westfalia-teve-24-gols\/#primaryimage"},"image":{"@id":"https:\/\/folhapopular.info\/index.php\/2022\/09\/07\/primeira-rodada-do-municipal-de-futsal-de-westfalia-teve-24-gols\/#primaryimage"},"thumbnailUrl":"https:\/\/folhapopular.info\/wp-content\/uploads\/2022\/09\/WhatsApp-Image-2022-09-07-at-12.53.30-e1662566560151.jpeg","datePublished":"2022-09-07T17:17:26+00:00","dateModified":"2022-09-07T17:17:28+00:00","author":{"@id":"https:\/\/folhapopular.info\/#\/schema\/person\/2814e8a0df7643585a9ca38bc6eb9d4b"},"breadcrumb":{"@id":"https:\/\/folhapopular.info\/index.php\/2022\/09\/07\/primeira-rodada-do-municipal-de-futsal-de-westfalia-teve-24-gols\/#breadcrumb"},"inLanguage":"pt-BR","potentialAction":[{"@type":"ReadAction","target":["https:\/\/folhapopular.info\/index.php\/2022\/09\/07\/primeira-rodada-do-municipal-de-futsal-de-westfalia-teve-24-gols\/"]}]},{"@type":"ImageObject","inLanguage":"pt-BR","@id":"https:\/\/folhapopular.info\/index.php\/2022\/09\/07\/primeira-rodada-do-municipal-de-futsal-de-westfalia-teve-24-gols\/#primaryimage","url":"https:\/\/folhapopular.info\/wp-content\/uploads\/2022\/09\/WhatsApp-Image-2022-09-07-at-12.53.30-e1662566560151.jpeg","contentUrl":"https:\/\/folhapopular.info\/wp-content\/uploads\/2022\/09\/WhatsApp-Image-2022-09-07-at-12.53.30-e1662566560151.jpeg","width":1200,"height":802,"caption":"Competi\u00e7\u00e3o segue com a segunda rodada nesta quinta \/ Cr\u00e9dito: Paloma Valandro \/ Divulga\u00e7\u00e3o"},{"@type":"BreadcrumbList","@id":"https:\/\/folhapopular.info\/index.php\/2022\/09\/07\/primeira-rodada-do-municipal-de-futsal-de-westfalia-teve-24-gols\/#breadcrumb","itemListElement":[{"@type":"ListItem","position":1,"name":"In\u00edcio","item":"https:\/\/folhapopular.info\/"},{"@type":"ListItem","position":2,"name":"Primeira rodada do Municipal de Futsal de Westf\u00e1lia teve 24 gols"}]},{"@type":"WebSite","@id":"https:\/\/folhapopular.info\/#website","url":"https:\/\/folhapopular.info\/","name":"Folha Popular","description":"Onde voc\u00ea tem vez e voz","potentialAction":[{"@type":"SearchAction","target":{"@type":"EntryPoint","urlTemplate":"https:\/\/folhapopular.info\/?s={search_term_string}"},"query-input":{"@type":"PropertyValueSpecification","valueRequired":true,"valueName":"search_term_string"}}],"inLanguage":"pt-BR"},{"@type":"Person","@id":"https:\/\/folhapopular.info\/#\/schema\/person\/2814e8a0df7643585a9ca38bc6eb9d4b","name":"Reda\u00e7\u00e3o Folha Popular","image":{"@type":"ImageObject","inLanguage":"pt-BR","@id":"https:\/\/folhapopular.info\/wp-content\/uploads\/2026\/04\/Folha-1.webp","url":"https:\/\/folhapopular.info\/wp-content\/uploads\/2026\/04\/Folha-1.webp","contentUrl":"https:\/\/folhapopular.info\/wp-content\/uploads\/2026\/04\/Folha-1.webp","caption":"Reda\u00e7\u00e3o Folha Popular"},"url":"https:\/\/folhapopular.info\/index.php\/author\/redacao\/"}]}},"jetpack_featured_media_url":"https:\/\/folhapopular.info\/wp-content\/uploads\/2022\/09\/WhatsApp-Image-2022-09-07-at-12.53.30-e1662566560151.jpeg","jetpack_sharing_enabled":true,"amp_enabled":true,"_links":{"self":[{"href":"https:\/\/folhapopular.info\/index.php\/wp-json\/wp\/v2\/posts\/112277","targetHints":{"allow":["GET"]}}],"collection":[{"href":"https:\/\/folhapopular.info\/index.php\/wp-json\/wp\/v2\/posts"}],"about":[{"href":"https:\/\/folhapopular.info\/index.php\/wp-json\/wp\/v2\/types\/post"}],"author":[{"embeddable":true,"href":"https:\/\/folhapopular.info\/index.php\/wp-json\/wp\/v2\/users\/8"}],"replies":[{"embeddable":true,"href":"https:\/\/folhapopular.info\/index.php\/wp-json\/wp\/v2\/comments?post=112277"}],"version-history":[{"count":0,"href":"https:\/\/folhapopular.info\/index.php\/wp-json\/wp\/v2\/posts\/112277\/revisions"}],"wp:featuredmedia":[{"embeddable":true,"href":"https:\/\/folhapopular.info\/index.php\/wp-json\/wp\/v2\/media\/112278"}],"wp:attachment":[{"href":"https:\/\/folhapopular.info\/index.php\/wp-json\/wp\/v2\/media?parent=112277"}],"wp:term":[{"taxonomy":"category","embeddable":true,"href":"https:\/\/folhapopular.info\/index.php\/wp-json\/wp\/v2\/categories?post=112277"},{"taxonomy":"post_tag","embeddable":true,"href":"https:\/\/folhapopular.info\/index.php\/wp-json\/wp\/v2\/tags?post=112277"}],"curies":[{"name":"wp","href":"https:\/\/api.w.org\/{rel}","templated":true}]}}