{"id":112462,"date":"2022-09-10T09:40:48","date_gmt":"2022-09-10T12:40:48","guid":{"rendered":"https:\/\/folhapopular.info\/?p=112462"},"modified":"2022-09-10T09:40:50","modified_gmt":"2022-09-10T12:40:50","slug":"semana-farroupilha-inicia-hoje-em-teutonia","status":"publish","type":"post","link":"https:\/\/folhapopular.info\/index.php\/2022\/09\/10\/semana-farroupilha-inicia-hoje-em-teutonia\/","title":{"rendered":"Semana Farroupilha inicia hoje em Teut\u00f4nia"},"content":{"rendered":"\n<p>A 6\u00aa edi\u00e7\u00e3o do Acampamento Farroupilha j\u00e1 come\u00e7ou em Teut\u00f4nia e promete diversas atra\u00e7\u00f5es. <\/p>\n\n\n\n<p>Conforme o secret\u00e1rio municipal de Juventude, Esporte e Lazer, Luias Henrique Werrman, 23 piquetes est\u00e3o participando no Centro Administrativo. &#8220;\u00c9 um evento que vem melhorando a cada ano. Ano passado j\u00e1 surpreendemos, claro, dentro do que o momento permitiu&#8221;, pontua.<\/p>\n\n\n\n<p>O subsecret\u00e1rio de Ind\u00fastria, Com\u00e9rcio e Turismo, Br\u00e1ulio Selomar Horn, afirma que muitas atividades culturais tiveram que ser canceladas devido ao arquivamento do projeto de capta\u00e7\u00e3o de recursos pelo governo do estado. &#8220;A programa\u00e7\u00e3o precisou ser enxugada, mas ainda assim conseguimos apoio de empresas e cooperativas para fazer o evento acontecer&#8221;, completa.<\/p>\n\n\n\n<p>As celebra\u00e7\u00f5es farroupilhas iniciaram em Teut\u00f4nia junto ao feriado de 7 de setembro, quando foram unificadas as Chamas Crioula e da P\u00e1tria.<\/p>\n\n\n\n<p><strong>Final de semana<\/strong><\/p>\n\n\n\n<p>A abertura oficial da 16\u00aa Semana Farroupilha de Teut\u00f4nia ocorre hoje (10\/9), \u00e0s 16h, no acampamento, no Centro Administrativo. <\/p>\n\n\n\n<p>Antes, \u00e0s 14h30, ocorre a cavalgada com a Chama Crioula, que neste ano teve sua sa\u00edda alterada para o bairro Canabarro, no CTG Porteira dos Pampas. <\/p>\n\n\n\n<p>\u00c0s 20h haver\u00e1 a participa\u00e7\u00e3o de Anderson, Jeferson e banda e, \u00e0s 23h, show com Os Buenachos.<\/p>\n\n\n\n<p>No domingo (11\/9) os gaiteiros do N\u00facleo de Cultura passar\u00e3o de piquete em piquete. \u00c0s 15h ocorre o torneio da Vaca Parada.<\/p>\n\n\n\n<p><strong>Agenda cultural teutoniense<\/strong><\/p>\n\n\n\n<p>Conforme o subsecret\u00e1rio, o munic\u00edpio vem tentando trazer um evento cultural importante todos os meses. &#8220;J\u00e1 tivemos o Festival de Balonismo, que foi fant\u00e1stico, e agora a Semana Farroupilha. Ainda, teremos show com os \u00edcones nacionais Israel e Rodolffo, a primeira edi\u00e7\u00e3o da Teutober Fest e o Skate Downhill em novembro&#8221;, completa. <\/p>\n\n\n\n<p><\/p>\n\n\n\n<p><strong>O programa na \u00edntegra voc\u00ea confere abaixo:<\/strong><\/p>\n\n\n\n<figure class=\"wp-block-embed is-type-video is-provider-youtube wp-block-embed-youtube wp-embed-aspect-16-9 wp-has-aspect-ratio\"><div class=\"wp-block-embed__wrapper\">\n<div class=\"youtube-embed\" data-video_id=\"hfYau1Dvye8\"><iframe loading=\"lazy\" title=\"Semana Farroupilha inicia hoje em Teut\u00f4nia\" width=\"696\" height=\"392\" src=\"https:\/\/www.youtube.com\/embed\/hfYau1Dvye8?feature=oembed&#038;enablejsapi=1\" frameborder=\"0\" allow=\"accelerometer; autoplay; clipboard-write; encrypted-media; gyroscope; picture-in-picture\" allowfullscreen><\/iframe><\/div>\n<\/div><\/figure>\n\n\n\n<p><\/p>\n","protected":false},"excerpt":{"rendered":"<p>A 6\u00aa edi\u00e7\u00e3o do Acampamento Farroupilha j\u00e1 come\u00e7ou em Teut\u00f4nia e promete diversas atra\u00e7\u00f5es. Conforme o secret\u00e1rio municipal de Juventude, Esporte e Lazer, Luias Henrique Werrman, 23 piquetes est\u00e3o participando no Centro Administrativo. &#8220;\u00c9 um evento que vem melhorando a cada ano. Ano passado j\u00e1 surpreendemos, claro, dentro do que o momento permitiu&#8221;, pontua. O [&hellip;]<\/p>\n","protected":false},"author":8,"featured_media":112483,"comment_status":"open","ping_status":"open","sticky":false,"template":"","format":"standard","meta":{"pmpro_default_level":"","_jetpack_memberships_contains_paid_content":false,"footnotes":""},"categories":[2],"tags":[],"class_list":{"0":"post-112462","1":"post","2":"type-post","3":"status-publish","4":"format-standard","5":"has-post-thumbnail","7":"category-featured","8":"pmpro-has-access"},"yoast_head":"<!-- This site is optimized with the Yoast SEO plugin v27.5 - https:\/\/yoast.com\/product\/yoast-seo-wordpress\/ -->\n<title>Semana Farroupilha inicia hoje em Teut\u00f4nia - Folha Popular<\/title>\n<meta name=\"description\" content=\"As celebra\u00e7\u00f5es farroupilhas iniciaram em Teut\u00f4nia junto ao feriado de 7 de setembro, quando foram unificadas as Chamas Crioula e da P\u00e1tria.\" \/>\n<meta name=\"robots\" content=\"index, follow, max-snippet:-1, max-image-preview:large, max-video-preview:-1\" \/>\n<link rel=\"canonical\" href=\"https:\/\/folhapopular.info\/index.php\/2022\/09\/10\/semana-farroupilha-inicia-hoje-em-teutonia\/\" \/>\n<meta property=\"og:locale\" content=\"pt_BR\" \/>\n<meta property=\"og:type\" content=\"article\" \/>\n<meta property=\"og:title\" content=\"Semana Farroupilha inicia hoje em Teut\u00f4nia - Folha Popular\" \/>\n<meta property=\"og:description\" content=\"As celebra\u00e7\u00f5es farroupilhas iniciaram em Teut\u00f4nia junto ao feriado de 7 de setembro, quando foram unificadas as Chamas Crioula e da P\u00e1tria.\" \/>\n<meta property=\"og:url\" content=\"https:\/\/folhapopular.info\/index.php\/2022\/09\/10\/semana-farroupilha-inicia-hoje-em-teutonia\/\" \/>\n<meta property=\"og:site_name\" content=\"Folha Popular\" \/>\n<meta property=\"article:published_time\" content=\"2022-09-10T12:40:48+00:00\" \/>\n<meta property=\"article:modified_time\" content=\"2022-09-10T12:40:50+00:00\" \/>\n<meta property=\"og:image\" content=\"http:\/\/folhapopular.info\/wp-content\/uploads\/2022\/09\/WhatsApp-Image-2022-09-10-at-08.22.24-e1662812088337.jpeg\" \/>\n\t<meta property=\"og:image:width\" content=\"1024\" \/>\n\t<meta property=\"og:image:height\" content=\"558\" \/>\n\t<meta property=\"og:image:type\" content=\"image\/jpeg\" \/>\n<meta name=\"author\" content=\"Reda\u00e7\u00e3o Folha Popular\" \/>\n<meta name=\"twitter:card\" content=\"summary_large_image\" \/>\n<meta name=\"twitter:label1\" content=\"Escrito por\" \/>\n\t<meta name=\"twitter:data1\" content=\"Reda\u00e7\u00e3o Folha Popular\" \/>\n\t<meta name=\"twitter:label2\" content=\"Est. tempo de leitura\" \/>\n\t<meta name=\"twitter:data2\" content=\"2 minutos\" \/>\n<script type=\"application\/ld+json\" class=\"yoast-schema-graph\">{\"@context\":\"https:\\\/\\\/schema.org\",\"@graph\":[{\"@type\":\"Article\",\"@id\":\"https:\\\/\\\/folhapopular.info\\\/index.php\\\/2022\\\/09\\\/10\\\/semana-farroupilha-inicia-hoje-em-teutonia\\\/#article\",\"isPartOf\":{\"@id\":\"https:\\\/\\\/folhapopular.info\\\/index.php\\\/2022\\\/09\\\/10\\\/semana-farroupilha-inicia-hoje-em-teutonia\\\/\"},\"author\":{\"name\":\"Reda\u00e7\u00e3o Folha Popular\",\"@id\":\"https:\\\/\\\/folhapopular.info\\\/#\\\/schema\\\/person\\\/2814e8a0df7643585a9ca38bc6eb9d4b\"},\"headline\":\"Semana Farroupilha inicia hoje em Teut\u00f4nia\",\"datePublished\":\"2022-09-10T12:40:48+00:00\",\"dateModified\":\"2022-09-10T12:40:50+00:00\",\"mainEntityOfPage\":{\"@id\":\"https:\\\/\\\/folhapopular.info\\\/index.php\\\/2022\\\/09\\\/10\\\/semana-farroupilha-inicia-hoje-em-teutonia\\\/\"},\"wordCount\":309,\"commentCount\":0,\"image\":{\"@id\":\"https:\\\/\\\/folhapopular.info\\\/index.php\\\/2022\\\/09\\\/10\\\/semana-farroupilha-inicia-hoje-em-teutonia\\\/#primaryimage\"},\"thumbnailUrl\":\"https:\\\/\\\/folhapopular.info\\\/wp-content\\\/uploads\\\/2022\\\/09\\\/WhatsApp-Image-2022-09-10-at-08.22.24-e1662812088337.jpeg\",\"articleSection\":[\"Destaques\"],\"inLanguage\":\"pt-BR\",\"potentialAction\":[{\"@type\":\"CommentAction\",\"name\":\"Comment\",\"target\":[\"https:\\\/\\\/folhapopular.info\\\/index.php\\\/2022\\\/09\\\/10\\\/semana-farroupilha-inicia-hoje-em-teutonia\\\/#respond\"]}]},{\"@type\":\"WebPage\",\"@id\":\"https:\\\/\\\/folhapopular.info\\\/index.php\\\/2022\\\/09\\\/10\\\/semana-farroupilha-inicia-hoje-em-teutonia\\\/\",\"url\":\"https:\\\/\\\/folhapopular.info\\\/index.php\\\/2022\\\/09\\\/10\\\/semana-farroupilha-inicia-hoje-em-teutonia\\\/\",\"name\":\"Semana Farroupilha inicia hoje em Teut\u00f4nia - Folha Popular\",\"isPartOf\":{\"@id\":\"https:\\\/\\\/folhapopular.info\\\/#website\"},\"primaryImageOfPage\":{\"@id\":\"https:\\\/\\\/folhapopular.info\\\/index.php\\\/2022\\\/09\\\/10\\\/semana-farroupilha-inicia-hoje-em-teutonia\\\/#primaryimage\"},\"image\":{\"@id\":\"https:\\\/\\\/folhapopular.info\\\/index.php\\\/2022\\\/09\\\/10\\\/semana-farroupilha-inicia-hoje-em-teutonia\\\/#primaryimage\"},\"thumbnailUrl\":\"https:\\\/\\\/folhapopular.info\\\/wp-content\\\/uploads\\\/2022\\\/09\\\/WhatsApp-Image-2022-09-10-at-08.22.24-e1662812088337.jpeg\",\"datePublished\":\"2022-09-10T12:40:48+00:00\",\"dateModified\":\"2022-09-10T12:40:50+00:00\",\"author\":{\"@id\":\"https:\\\/\\\/folhapopular.info\\\/#\\\/schema\\\/person\\\/2814e8a0df7643585a9ca38bc6eb9d4b\"},\"description\":\"As celebra\u00e7\u00f5es farroupilhas iniciaram em Teut\u00f4nia junto ao feriado de 7 de setembro, quando foram unificadas as Chamas Crioula e da P\u00e1tria.\",\"breadcrumb\":{\"@id\":\"https:\\\/\\\/folhapopular.info\\\/index.php\\\/2022\\\/09\\\/10\\\/semana-farroupilha-inicia-hoje-em-teutonia\\\/#breadcrumb\"},\"inLanguage\":\"pt-BR\",\"potentialAction\":[{\"@type\":\"ReadAction\",\"target\":[\"https:\\\/\\\/folhapopular.info\\\/index.php\\\/2022\\\/09\\\/10\\\/semana-farroupilha-inicia-hoje-em-teutonia\\\/\"]}]},{\"@type\":\"ImageObject\",\"inLanguage\":\"pt-BR\",\"@id\":\"https:\\\/\\\/folhapopular.info\\\/index.php\\\/2022\\\/09\\\/10\\\/semana-farroupilha-inicia-hoje-em-teutonia\\\/#primaryimage\",\"url\":\"https:\\\/\\\/folhapopular.info\\\/wp-content\\\/uploads\\\/2022\\\/09\\\/WhatsApp-Image-2022-09-10-at-08.22.24-e1662812088337.jpeg\",\"contentUrl\":\"https:\\\/\\\/folhapopular.info\\\/wp-content\\\/uploads\\\/2022\\\/09\\\/WhatsApp-Image-2022-09-10-at-08.22.24-e1662812088337.jpeg\",\"width\":1024,\"height\":558,\"caption\":\"Secret\u00e1rio municipal de Juventude, Esporte e Lazer e subsecret\u00e1rio de Ind\u00fastria, Com\u00e9rcio e Turismo compareceram \u00e0 R\u00e1dio Popular. Cr\u00e9ditos: Lucas Leandro Brune\"},{\"@type\":\"BreadcrumbList\",\"@id\":\"https:\\\/\\\/folhapopular.info\\\/index.php\\\/2022\\\/09\\\/10\\\/semana-farroupilha-inicia-hoje-em-teutonia\\\/#breadcrumb\",\"itemListElement\":[{\"@type\":\"ListItem\",\"position\":1,\"name\":\"In\u00edcio\",\"item\":\"https:\\\/\\\/folhapopular.info\\\/\"},{\"@type\":\"ListItem\",\"position\":2,\"name\":\"Semana Farroupilha inicia hoje em Teut\u00f4nia\"}]},{\"@type\":\"WebSite\",\"@id\":\"https:\\\/\\\/folhapopular.info\\\/#website\",\"url\":\"https:\\\/\\\/folhapopular.info\\\/\",\"name\":\"Folha Popular\",\"description\":\"Onde voc\u00ea tem vez e voz\",\"potentialAction\":[{\"@type\":\"SearchAction\",\"target\":{\"@type\":\"EntryPoint\",\"urlTemplate\":\"https:\\\/\\\/folhapopular.info\\\/?s={search_term_string}\"},\"query-input\":{\"@type\":\"PropertyValueSpecification\",\"valueRequired\":true,\"valueName\":\"search_term_string\"}}],\"inLanguage\":\"pt-BR\"},{\"@type\":\"Person\",\"@id\":\"https:\\\/\\\/folhapopular.info\\\/#\\\/schema\\\/person\\\/2814e8a0df7643585a9ca38bc6eb9d4b\",\"name\":\"Reda\u00e7\u00e3o Folha Popular\",\"image\":{\"@type\":\"ImageObject\",\"inLanguage\":\"pt-BR\",\"@id\":\"https:\\\/\\\/folhapopular.info\\\/wp-content\\\/uploads\\\/2026\\\/04\\\/Folha-1.webp\",\"url\":\"https:\\\/\\\/folhapopular.info\\\/wp-content\\\/uploads\\\/2026\\\/04\\\/Folha-1.webp\",\"contentUrl\":\"https:\\\/\\\/folhapopular.info\\\/wp-content\\\/uploads\\\/2026\\\/04\\\/Folha-1.webp\",\"caption\":\"Reda\u00e7\u00e3o Folha Popular\"},\"url\":\"https:\\\/\\\/folhapopular.info\\\/index.php\\\/author\\\/redacao\\\/\"}]}<\/script>\n<!-- \/ Yoast SEO plugin. -->","yoast_head_json":{"title":"Semana Farroupilha inicia hoje em Teut\u00f4nia - Folha Popular","description":"As celebra\u00e7\u00f5es farroupilhas iniciaram em Teut\u00f4nia junto ao feriado de 7 de setembro, quando foram unificadas as Chamas Crioula e da P\u00e1tria.","robots":{"index":"index","follow":"follow","max-snippet":"max-snippet:-1","max-image-preview":"max-image-preview:large","max-video-preview":"max-video-preview:-1"},"canonical":"https:\/\/folhapopular.info\/index.php\/2022\/09\/10\/semana-farroupilha-inicia-hoje-em-teutonia\/","og_locale":"pt_BR","og_type":"article","og_title":"Semana Farroupilha inicia hoje em Teut\u00f4nia - Folha Popular","og_description":"As celebra\u00e7\u00f5es farroupilhas iniciaram em Teut\u00f4nia junto ao feriado de 7 de setembro, quando foram unificadas as Chamas Crioula e da P\u00e1tria.","og_url":"https:\/\/folhapopular.info\/index.php\/2022\/09\/10\/semana-farroupilha-inicia-hoje-em-teutonia\/","og_site_name":"Folha Popular","article_published_time":"2022-09-10T12:40:48+00:00","article_modified_time":"2022-09-10T12:40:50+00:00","og_image":[{"width":1024,"height":558,"url":"http:\/\/folhapopular.info\/wp-content\/uploads\/2022\/09\/WhatsApp-Image-2022-09-10-at-08.22.24-e1662812088337.jpeg","type":"image\/jpeg"}],"author":"Reda\u00e7\u00e3o Folha Popular","twitter_card":"summary_large_image","twitter_misc":{"Escrito por":"Reda\u00e7\u00e3o Folha Popular","Est. tempo de leitura":"2 minutos"},"schema":{"@context":"https:\/\/schema.org","@graph":[{"@type":"Article","@id":"https:\/\/folhapopular.info\/index.php\/2022\/09\/10\/semana-farroupilha-inicia-hoje-em-teutonia\/#article","isPartOf":{"@id":"https:\/\/folhapopular.info\/index.php\/2022\/09\/10\/semana-farroupilha-inicia-hoje-em-teutonia\/"},"author":{"name":"Reda\u00e7\u00e3o Folha Popular","@id":"https:\/\/folhapopular.info\/#\/schema\/person\/2814e8a0df7643585a9ca38bc6eb9d4b"},"headline":"Semana Farroupilha inicia hoje em Teut\u00f4nia","datePublished":"2022-09-10T12:40:48+00:00","dateModified":"2022-09-10T12:40:50+00:00","mainEntityOfPage":{"@id":"https:\/\/folhapopular.info\/index.php\/2022\/09\/10\/semana-farroupilha-inicia-hoje-em-teutonia\/"},"wordCount":309,"commentCount":0,"image":{"@id":"https:\/\/folhapopular.info\/index.php\/2022\/09\/10\/semana-farroupilha-inicia-hoje-em-teutonia\/#primaryimage"},"thumbnailUrl":"https:\/\/folhapopular.info\/wp-content\/uploads\/2022\/09\/WhatsApp-Image-2022-09-10-at-08.22.24-e1662812088337.jpeg","articleSection":["Destaques"],"inLanguage":"pt-BR","potentialAction":[{"@type":"CommentAction","name":"Comment","target":["https:\/\/folhapopular.info\/index.php\/2022\/09\/10\/semana-farroupilha-inicia-hoje-em-teutonia\/#respond"]}]},{"@type":"WebPage","@id":"https:\/\/folhapopular.info\/index.php\/2022\/09\/10\/semana-farroupilha-inicia-hoje-em-teutonia\/","url":"https:\/\/folhapopular.info\/index.php\/2022\/09\/10\/semana-farroupilha-inicia-hoje-em-teutonia\/","name":"Semana Farroupilha inicia hoje em Teut\u00f4nia - Folha Popular","isPartOf":{"@id":"https:\/\/folhapopular.info\/#website"},"primaryImageOfPage":{"@id":"https:\/\/folhapopular.info\/index.php\/2022\/09\/10\/semana-farroupilha-inicia-hoje-em-teutonia\/#primaryimage"},"image":{"@id":"https:\/\/folhapopular.info\/index.php\/2022\/09\/10\/semana-farroupilha-inicia-hoje-em-teutonia\/#primaryimage"},"thumbnailUrl":"https:\/\/folhapopular.info\/wp-content\/uploads\/2022\/09\/WhatsApp-Image-2022-09-10-at-08.22.24-e1662812088337.jpeg","datePublished":"2022-09-10T12:40:48+00:00","dateModified":"2022-09-10T12:40:50+00:00","author":{"@id":"https:\/\/folhapopular.info\/#\/schema\/person\/2814e8a0df7643585a9ca38bc6eb9d4b"},"description":"As celebra\u00e7\u00f5es farroupilhas iniciaram em Teut\u00f4nia junto ao feriado de 7 de setembro, quando foram unificadas as Chamas Crioula e da P\u00e1tria.","breadcrumb":{"@id":"https:\/\/folhapopular.info\/index.php\/2022\/09\/10\/semana-farroupilha-inicia-hoje-em-teutonia\/#breadcrumb"},"inLanguage":"pt-BR","potentialAction":[{"@type":"ReadAction","target":["https:\/\/folhapopular.info\/index.php\/2022\/09\/10\/semana-farroupilha-inicia-hoje-em-teutonia\/"]}]},{"@type":"ImageObject","inLanguage":"pt-BR","@id":"https:\/\/folhapopular.info\/index.php\/2022\/09\/10\/semana-farroupilha-inicia-hoje-em-teutonia\/#primaryimage","url":"https:\/\/folhapopular.info\/wp-content\/uploads\/2022\/09\/WhatsApp-Image-2022-09-10-at-08.22.24-e1662812088337.jpeg","contentUrl":"https:\/\/folhapopular.info\/wp-content\/uploads\/2022\/09\/WhatsApp-Image-2022-09-10-at-08.22.24-e1662812088337.jpeg","width":1024,"height":558,"caption":"Secret\u00e1rio municipal de Juventude, Esporte e Lazer e subsecret\u00e1rio de Ind\u00fastria, Com\u00e9rcio e Turismo compareceram \u00e0 R\u00e1dio Popular. Cr\u00e9ditos: Lucas Leandro Brune"},{"@type":"BreadcrumbList","@id":"https:\/\/folhapopular.info\/index.php\/2022\/09\/10\/semana-farroupilha-inicia-hoje-em-teutonia\/#breadcrumb","itemListElement":[{"@type":"ListItem","position":1,"name":"In\u00edcio","item":"https:\/\/folhapopular.info\/"},{"@type":"ListItem","position":2,"name":"Semana Farroupilha inicia hoje em Teut\u00f4nia"}]},{"@type":"WebSite","@id":"https:\/\/folhapopular.info\/#website","url":"https:\/\/folhapopular.info\/","name":"Folha Popular","description":"Onde voc\u00ea tem vez e voz","potentialAction":[{"@type":"SearchAction","target":{"@type":"EntryPoint","urlTemplate":"https:\/\/folhapopular.info\/?s={search_term_string}"},"query-input":{"@type":"PropertyValueSpecification","valueRequired":true,"valueName":"search_term_string"}}],"inLanguage":"pt-BR"},{"@type":"Person","@id":"https:\/\/folhapopular.info\/#\/schema\/person\/2814e8a0df7643585a9ca38bc6eb9d4b","name":"Reda\u00e7\u00e3o Folha Popular","image":{"@type":"ImageObject","inLanguage":"pt-BR","@id":"https:\/\/folhapopular.info\/wp-content\/uploads\/2026\/04\/Folha-1.webp","url":"https:\/\/folhapopular.info\/wp-content\/uploads\/2026\/04\/Folha-1.webp","contentUrl":"https:\/\/folhapopular.info\/wp-content\/uploads\/2026\/04\/Folha-1.webp","caption":"Reda\u00e7\u00e3o Folha Popular"},"url":"https:\/\/folhapopular.info\/index.php\/author\/redacao\/"}]}},"jetpack_featured_media_url":"https:\/\/folhapopular.info\/wp-content\/uploads\/2022\/09\/WhatsApp-Image-2022-09-10-at-08.22.24-e1662812088337.jpeg","jetpack_sharing_enabled":true,"amp_enabled":true,"_links":{"self":[{"href":"https:\/\/folhapopular.info\/index.php\/wp-json\/wp\/v2\/posts\/112462","targetHints":{"allow":["GET"]}}],"collection":[{"href":"https:\/\/folhapopular.info\/index.php\/wp-json\/wp\/v2\/posts"}],"about":[{"href":"https:\/\/folhapopular.info\/index.php\/wp-json\/wp\/v2\/types\/post"}],"author":[{"embeddable":true,"href":"https:\/\/folhapopular.info\/index.php\/wp-json\/wp\/v2\/users\/8"}],"replies":[{"embeddable":true,"href":"https:\/\/folhapopular.info\/index.php\/wp-json\/wp\/v2\/comments?post=112462"}],"version-history":[{"count":0,"href":"https:\/\/folhapopular.info\/index.php\/wp-json\/wp\/v2\/posts\/112462\/revisions"}],"wp:featuredmedia":[{"embeddable":true,"href":"https:\/\/folhapopular.info\/index.php\/wp-json\/wp\/v2\/media\/112483"}],"wp:attachment":[{"href":"https:\/\/folhapopular.info\/index.php\/wp-json\/wp\/v2\/media?parent=112462"}],"wp:term":[{"taxonomy":"category","embeddable":true,"href":"https:\/\/folhapopular.info\/index.php\/wp-json\/wp\/v2\/categories?post=112462"},{"taxonomy":"post_tag","embeddable":true,"href":"https:\/\/folhapopular.info\/index.php\/wp-json\/wp\/v2\/tags?post=112462"}],"curies":[{"name":"wp","href":"https:\/\/api.w.org\/{rel}","templated":true}]}}