{"id":112504,"date":"2022-09-11T09:30:41","date_gmt":"2022-09-11T12:30:41","guid":{"rendered":"https:\/\/folhapopular.info\/?p=112504"},"modified":"2022-09-11T09:51:46","modified_gmt":"2022-09-11T12:51:46","slug":"acampamento-farroupilha-de-teutonia-e-oficialmente-aberto","status":"publish","type":"post","link":"https:\/\/folhapopular.info\/index.php\/2022\/09\/11\/acampamento-farroupilha-de-teutonia-e-oficialmente-aberto\/","title":{"rendered":"Acampamento Farroupilha de Teut\u00f4nia \u00e9 oficialmente aberto"},"content":{"rendered":"\n<p>O 6\u00ba Acampamento Farroupilha de Teut\u00f4nia foi oficialmente aberto nesse s\u00e1bado (10\/9).<\/p>\n\n\n\n<p>A programa\u00e7\u00e3o iniciou com a Cavalgada da Chama Crioula. O desfile teve sa\u00edda no CTG Porteira dos Pampas, no Bairro Canabarro, e seguiu at\u00e9 o Centro Administrativo.<\/p>\n\n\n\n<p>No local, o acendimento do candieiro oficial do Acampamento Farroupilha abriu oficialmente a programa\u00e7\u00e3o. O momento contou ainda com apresenta\u00e7\u00e3o do Coral Municipal e a declama\u00e7\u00e3o da poesia \u201cCandieiro Farroupilha\u201d, por Carlos Peixoto.<\/p>\n\n\n\n<p>\u00c0 noite, os primeiros shows animaram o Acampamento. Subiram ao palco Jeferson, Anderson &amp; Banda e depois Os Buenachos.<\/p>\n\n\n\n<figure class=\"wp-block-image size-large\"><img loading=\"lazy\" decoding=\"async\" width=\"1024\" height=\"683\" src=\"https:\/\/folhapopular.info\/wp-content\/uploads\/2022\/09\/306437726_388627243444574_4286192457885236659_n-1024x683.jpg\" alt=\"\" class=\"wp-image-112506\" srcset=\"https:\/\/folhapopular.info\/wp-content\/uploads\/2022\/09\/306437726_388627243444574_4286192457885236659_n-1024x683.jpg 1024w, https:\/\/folhapopular.info\/wp-content\/uploads\/2022\/09\/306437726_388627243444574_4286192457885236659_n-300x200.jpg 300w, https:\/\/folhapopular.info\/wp-content\/uploads\/2022\/09\/306437726_388627243444574_4286192457885236659_n-768x512.jpg 768w, https:\/\/folhapopular.info\/wp-content\/uploads\/2022\/09\/306437726_388627243444574_4286192457885236659_n-696x464.jpg 696w, https:\/\/folhapopular.info\/wp-content\/uploads\/2022\/09\/306437726_388627243444574_4286192457885236659_n-1068x712.jpg 1068w, https:\/\/folhapopular.info\/wp-content\/uploads\/2022\/09\/306437726_388627243444574_4286192457885236659_n.jpg 1440w\" sizes=\"auto, (max-width: 1024px) 100vw, 1024px\" \/><figcaption>Cavalgada da Chama Crioula deu in\u00edcio \u00e0 programa\u00e7\u00e3o<\/figcaption><\/figure>\n","protected":false},"excerpt":{"rendered":"<p>O 6\u00ba Acampamento Farroupilha de Teut\u00f4nia foi oficialmente aberto nesse s\u00e1bado (10\/9). A programa\u00e7\u00e3o iniciou com a Cavalgada da Chama Crioula. O desfile teve sa\u00edda no CTG Porteira dos Pampas, no Bairro Canabarro, e seguiu at\u00e9 o Centro Administrativo. No local, o acendimento do candieiro oficial do Acampamento Farroupilha abriu oficialmente a programa\u00e7\u00e3o. O momento [&hellip;]<\/p>\n","protected":false},"author":8,"featured_media":112505,"comment_status":"open","ping_status":"open","sticky":false,"template":"","format":"standard","meta":{"pmpro_default_level":"","_jetpack_memberships_contains_paid_content":false,"footnotes":""},"categories":[2,3],"tags":[980,26],"class_list":{"0":"post-112504","1":"post","2":"type-post","3":"status-publish","4":"format-standard","5":"has-post-thumbnail","7":"category-featured","8":"category-geral","9":"tag-acampamento-farroupilha","10":"tag-teutonia","11":"pmpro-has-access"},"yoast_head":"<!-- This site is optimized with the Yoast SEO plugin v27.5 - https:\/\/yoast.com\/product\/yoast-seo-wordpress\/ -->\n<title>Acampamento Farroupilha de Teut\u00f4nia \u00e9 oficialmente aberto - Folha Popular<\/title>\n<meta name=\"robots\" content=\"index, follow, max-snippet:-1, max-image-preview:large, max-video-preview:-1\" \/>\n<link rel=\"canonical\" href=\"https:\/\/folhapopular.info\/index.php\/2022\/09\/11\/acampamento-farroupilha-de-teutonia-e-oficialmente-aberto\/\" \/>\n<meta property=\"og:locale\" content=\"pt_BR\" \/>\n<meta property=\"og:type\" content=\"article\" \/>\n<meta property=\"og:title\" content=\"Acampamento Farroupilha de Teut\u00f4nia \u00e9 oficialmente aberto - Folha Popular\" \/>\n<meta property=\"og:description\" content=\"O 6\u00ba Acampamento Farroupilha de Teut\u00f4nia foi oficialmente aberto nesse s\u00e1bado (10\/9). A programa\u00e7\u00e3o iniciou com a Cavalgada da Chama Crioula. O desfile teve sa\u00edda no CTG Porteira dos Pampas, no Bairro Canabarro, e seguiu at\u00e9 o Centro Administrativo. No local, o acendimento do candieiro oficial do Acampamento Farroupilha abriu oficialmente a programa\u00e7\u00e3o. O momento [&hellip;]\" \/>\n<meta property=\"og:url\" content=\"https:\/\/folhapopular.info\/index.php\/2022\/09\/11\/acampamento-farroupilha-de-teutonia-e-oficialmente-aberto\/\" \/>\n<meta property=\"og:site_name\" content=\"Folha Popular\" \/>\n<meta property=\"article:published_time\" content=\"2022-09-11T12:30:41+00:00\" \/>\n<meta property=\"article:modified_time\" content=\"2022-09-11T12:51:46+00:00\" \/>\n<meta property=\"og:image\" content=\"http:\/\/folhapopular.info\/wp-content\/uploads\/2022\/09\/306319515_388627423444556_6919644822285104789_n.jpg\" \/>\n\t<meta property=\"og:image:width\" content=\"1440\" \/>\n\t<meta property=\"og:image:height\" content=\"960\" \/>\n\t<meta property=\"og:image:type\" content=\"image\/jpeg\" \/>\n<meta name=\"author\" content=\"Reda\u00e7\u00e3o Folha Popular\" \/>\n<meta name=\"twitter:card\" content=\"summary_large_image\" \/>\n<meta name=\"twitter:label1\" content=\"Escrito por\" \/>\n\t<meta name=\"twitter:data1\" content=\"Reda\u00e7\u00e3o Folha Popular\" \/>\n\t<meta name=\"twitter:label2\" content=\"Est. tempo de leitura\" \/>\n\t<meta name=\"twitter:data2\" content=\"1 minuto\" \/>\n<script type=\"application\/ld+json\" class=\"yoast-schema-graph\">{\"@context\":\"https:\\\/\\\/schema.org\",\"@graph\":[{\"@type\":\"Article\",\"@id\":\"https:\\\/\\\/folhapopular.info\\\/index.php\\\/2022\\\/09\\\/11\\\/acampamento-farroupilha-de-teutonia-e-oficialmente-aberto\\\/#article\",\"isPartOf\":{\"@id\":\"https:\\\/\\\/folhapopular.info\\\/index.php\\\/2022\\\/09\\\/11\\\/acampamento-farroupilha-de-teutonia-e-oficialmente-aberto\\\/\"},\"author\":{\"name\":\"Reda\u00e7\u00e3o Folha Popular\",\"@id\":\"https:\\\/\\\/folhapopular.info\\\/#\\\/schema\\\/person\\\/2814e8a0df7643585a9ca38bc6eb9d4b\"},\"headline\":\"Acampamento Farroupilha de Teut\u00f4nia \u00e9 oficialmente aberto\",\"datePublished\":\"2022-09-11T12:30:41+00:00\",\"dateModified\":\"2022-09-11T12:51:46+00:00\",\"mainEntityOfPage\":{\"@id\":\"https:\\\/\\\/folhapopular.info\\\/index.php\\\/2022\\\/09\\\/11\\\/acampamento-farroupilha-de-teutonia-e-oficialmente-aberto\\\/\"},\"wordCount\":111,\"commentCount\":0,\"image\":{\"@id\":\"https:\\\/\\\/folhapopular.info\\\/index.php\\\/2022\\\/09\\\/11\\\/acampamento-farroupilha-de-teutonia-e-oficialmente-aberto\\\/#primaryimage\"},\"thumbnailUrl\":\"https:\\\/\\\/folhapopular.info\\\/wp-content\\\/uploads\\\/2022\\\/09\\\/306319515_388627423444556_6919644822285104789_n.jpg\",\"keywords\":[\"Acampamento Farroupilha\",\"Teut\u00f4nia\"],\"articleSection\":[\"Destaques\",\"Geral\"],\"inLanguage\":\"pt-BR\",\"potentialAction\":[{\"@type\":\"CommentAction\",\"name\":\"Comment\",\"target\":[\"https:\\\/\\\/folhapopular.info\\\/index.php\\\/2022\\\/09\\\/11\\\/acampamento-farroupilha-de-teutonia-e-oficialmente-aberto\\\/#respond\"]}]},{\"@type\":\"WebPage\",\"@id\":\"https:\\\/\\\/folhapopular.info\\\/index.php\\\/2022\\\/09\\\/11\\\/acampamento-farroupilha-de-teutonia-e-oficialmente-aberto\\\/\",\"url\":\"https:\\\/\\\/folhapopular.info\\\/index.php\\\/2022\\\/09\\\/11\\\/acampamento-farroupilha-de-teutonia-e-oficialmente-aberto\\\/\",\"name\":\"Acampamento Farroupilha de Teut\u00f4nia \u00e9 oficialmente aberto - Folha Popular\",\"isPartOf\":{\"@id\":\"https:\\\/\\\/folhapopular.info\\\/#website\"},\"primaryImageOfPage\":{\"@id\":\"https:\\\/\\\/folhapopular.info\\\/index.php\\\/2022\\\/09\\\/11\\\/acampamento-farroupilha-de-teutonia-e-oficialmente-aberto\\\/#primaryimage\"},\"image\":{\"@id\":\"https:\\\/\\\/folhapopular.info\\\/index.php\\\/2022\\\/09\\\/11\\\/acampamento-farroupilha-de-teutonia-e-oficialmente-aberto\\\/#primaryimage\"},\"thumbnailUrl\":\"https:\\\/\\\/folhapopular.info\\\/wp-content\\\/uploads\\\/2022\\\/09\\\/306319515_388627423444556_6919644822285104789_n.jpg\",\"datePublished\":\"2022-09-11T12:30:41+00:00\",\"dateModified\":\"2022-09-11T12:51:46+00:00\",\"author\":{\"@id\":\"https:\\\/\\\/folhapopular.info\\\/#\\\/schema\\\/person\\\/2814e8a0df7643585a9ca38bc6eb9d4b\"},\"breadcrumb\":{\"@id\":\"https:\\\/\\\/folhapopular.info\\\/index.php\\\/2022\\\/09\\\/11\\\/acampamento-farroupilha-de-teutonia-e-oficialmente-aberto\\\/#breadcrumb\"},\"inLanguage\":\"pt-BR\",\"potentialAction\":[{\"@type\":\"ReadAction\",\"target\":[\"https:\\\/\\\/folhapopular.info\\\/index.php\\\/2022\\\/09\\\/11\\\/acampamento-farroupilha-de-teutonia-e-oficialmente-aberto\\\/\"]}]},{\"@type\":\"ImageObject\",\"inLanguage\":\"pt-BR\",\"@id\":\"https:\\\/\\\/folhapopular.info\\\/index.php\\\/2022\\\/09\\\/11\\\/acampamento-farroupilha-de-teutonia-e-oficialmente-aberto\\\/#primaryimage\",\"url\":\"https:\\\/\\\/folhapopular.info\\\/wp-content\\\/uploads\\\/2022\\\/09\\\/306319515_388627423444556_6919644822285104789_n.jpg\",\"contentUrl\":\"https:\\\/\\\/folhapopular.info\\\/wp-content\\\/uploads\\\/2022\\\/09\\\/306319515_388627423444556_6919644822285104789_n.jpg\",\"width\":1440,\"height\":960,\"caption\":\"Acampamento recebe os visitantes no Centro Administreativo\"},{\"@type\":\"BreadcrumbList\",\"@id\":\"https:\\\/\\\/folhapopular.info\\\/index.php\\\/2022\\\/09\\\/11\\\/acampamento-farroupilha-de-teutonia-e-oficialmente-aberto\\\/#breadcrumb\",\"itemListElement\":[{\"@type\":\"ListItem\",\"position\":1,\"name\":\"In\u00edcio\",\"item\":\"https:\\\/\\\/folhapopular.info\\\/\"},{\"@type\":\"ListItem\",\"position\":2,\"name\":\"Acampamento Farroupilha de Teut\u00f4nia \u00e9 oficialmente aberto\"}]},{\"@type\":\"WebSite\",\"@id\":\"https:\\\/\\\/folhapopular.info\\\/#website\",\"url\":\"https:\\\/\\\/folhapopular.info\\\/\",\"name\":\"Folha Popular\",\"description\":\"Onde voc\u00ea tem vez e voz\",\"potentialAction\":[{\"@type\":\"SearchAction\",\"target\":{\"@type\":\"EntryPoint\",\"urlTemplate\":\"https:\\\/\\\/folhapopular.info\\\/?s={search_term_string}\"},\"query-input\":{\"@type\":\"PropertyValueSpecification\",\"valueRequired\":true,\"valueName\":\"search_term_string\"}}],\"inLanguage\":\"pt-BR\"},{\"@type\":\"Person\",\"@id\":\"https:\\\/\\\/folhapopular.info\\\/#\\\/schema\\\/person\\\/2814e8a0df7643585a9ca38bc6eb9d4b\",\"name\":\"Reda\u00e7\u00e3o Folha Popular\",\"image\":{\"@type\":\"ImageObject\",\"inLanguage\":\"pt-BR\",\"@id\":\"https:\\\/\\\/folhapopular.info\\\/wp-content\\\/uploads\\\/2026\\\/04\\\/Folha-1.webp\",\"url\":\"https:\\\/\\\/folhapopular.info\\\/wp-content\\\/uploads\\\/2026\\\/04\\\/Folha-1.webp\",\"contentUrl\":\"https:\\\/\\\/folhapopular.info\\\/wp-content\\\/uploads\\\/2026\\\/04\\\/Folha-1.webp\",\"caption\":\"Reda\u00e7\u00e3o Folha Popular\"},\"url\":\"https:\\\/\\\/folhapopular.info\\\/index.php\\\/author\\\/redacao\\\/\"}]}<\/script>\n<!-- \/ Yoast SEO plugin. -->","yoast_head_json":{"title":"Acampamento Farroupilha de Teut\u00f4nia \u00e9 oficialmente aberto - Folha Popular","robots":{"index":"index","follow":"follow","max-snippet":"max-snippet:-1","max-image-preview":"max-image-preview:large","max-video-preview":"max-video-preview:-1"},"canonical":"https:\/\/folhapopular.info\/index.php\/2022\/09\/11\/acampamento-farroupilha-de-teutonia-e-oficialmente-aberto\/","og_locale":"pt_BR","og_type":"article","og_title":"Acampamento Farroupilha de Teut\u00f4nia \u00e9 oficialmente aberto - Folha Popular","og_description":"O 6\u00ba Acampamento Farroupilha de Teut\u00f4nia foi oficialmente aberto nesse s\u00e1bado (10\/9). A programa\u00e7\u00e3o iniciou com a Cavalgada da Chama Crioula. O desfile teve sa\u00edda no CTG Porteira dos Pampas, no Bairro Canabarro, e seguiu at\u00e9 o Centro Administrativo. No local, o acendimento do candieiro oficial do Acampamento Farroupilha abriu oficialmente a programa\u00e7\u00e3o. O momento [&hellip;]","og_url":"https:\/\/folhapopular.info\/index.php\/2022\/09\/11\/acampamento-farroupilha-de-teutonia-e-oficialmente-aberto\/","og_site_name":"Folha Popular","article_published_time":"2022-09-11T12:30:41+00:00","article_modified_time":"2022-09-11T12:51:46+00:00","og_image":[{"width":1440,"height":960,"url":"http:\/\/folhapopular.info\/wp-content\/uploads\/2022\/09\/306319515_388627423444556_6919644822285104789_n.jpg","type":"image\/jpeg"}],"author":"Reda\u00e7\u00e3o Folha Popular","twitter_card":"summary_large_image","twitter_misc":{"Escrito por":"Reda\u00e7\u00e3o Folha Popular","Est. tempo de leitura":"1 minuto"},"schema":{"@context":"https:\/\/schema.org","@graph":[{"@type":"Article","@id":"https:\/\/folhapopular.info\/index.php\/2022\/09\/11\/acampamento-farroupilha-de-teutonia-e-oficialmente-aberto\/#article","isPartOf":{"@id":"https:\/\/folhapopular.info\/index.php\/2022\/09\/11\/acampamento-farroupilha-de-teutonia-e-oficialmente-aberto\/"},"author":{"name":"Reda\u00e7\u00e3o Folha Popular","@id":"https:\/\/folhapopular.info\/#\/schema\/person\/2814e8a0df7643585a9ca38bc6eb9d4b"},"headline":"Acampamento Farroupilha de Teut\u00f4nia \u00e9 oficialmente aberto","datePublished":"2022-09-11T12:30:41+00:00","dateModified":"2022-09-11T12:51:46+00:00","mainEntityOfPage":{"@id":"https:\/\/folhapopular.info\/index.php\/2022\/09\/11\/acampamento-farroupilha-de-teutonia-e-oficialmente-aberto\/"},"wordCount":111,"commentCount":0,"image":{"@id":"https:\/\/folhapopular.info\/index.php\/2022\/09\/11\/acampamento-farroupilha-de-teutonia-e-oficialmente-aberto\/#primaryimage"},"thumbnailUrl":"https:\/\/folhapopular.info\/wp-content\/uploads\/2022\/09\/306319515_388627423444556_6919644822285104789_n.jpg","keywords":["Acampamento Farroupilha","Teut\u00f4nia"],"articleSection":["Destaques","Geral"],"inLanguage":"pt-BR","potentialAction":[{"@type":"CommentAction","name":"Comment","target":["https:\/\/folhapopular.info\/index.php\/2022\/09\/11\/acampamento-farroupilha-de-teutonia-e-oficialmente-aberto\/#respond"]}]},{"@type":"WebPage","@id":"https:\/\/folhapopular.info\/index.php\/2022\/09\/11\/acampamento-farroupilha-de-teutonia-e-oficialmente-aberto\/","url":"https:\/\/folhapopular.info\/index.php\/2022\/09\/11\/acampamento-farroupilha-de-teutonia-e-oficialmente-aberto\/","name":"Acampamento Farroupilha de Teut\u00f4nia \u00e9 oficialmente aberto - Folha Popular","isPartOf":{"@id":"https:\/\/folhapopular.info\/#website"},"primaryImageOfPage":{"@id":"https:\/\/folhapopular.info\/index.php\/2022\/09\/11\/acampamento-farroupilha-de-teutonia-e-oficialmente-aberto\/#primaryimage"},"image":{"@id":"https:\/\/folhapopular.info\/index.php\/2022\/09\/11\/acampamento-farroupilha-de-teutonia-e-oficialmente-aberto\/#primaryimage"},"thumbnailUrl":"https:\/\/folhapopular.info\/wp-content\/uploads\/2022\/09\/306319515_388627423444556_6919644822285104789_n.jpg","datePublished":"2022-09-11T12:30:41+00:00","dateModified":"2022-09-11T12:51:46+00:00","author":{"@id":"https:\/\/folhapopular.info\/#\/schema\/person\/2814e8a0df7643585a9ca38bc6eb9d4b"},"breadcrumb":{"@id":"https:\/\/folhapopular.info\/index.php\/2022\/09\/11\/acampamento-farroupilha-de-teutonia-e-oficialmente-aberto\/#breadcrumb"},"inLanguage":"pt-BR","potentialAction":[{"@type":"ReadAction","target":["https:\/\/folhapopular.info\/index.php\/2022\/09\/11\/acampamento-farroupilha-de-teutonia-e-oficialmente-aberto\/"]}]},{"@type":"ImageObject","inLanguage":"pt-BR","@id":"https:\/\/folhapopular.info\/index.php\/2022\/09\/11\/acampamento-farroupilha-de-teutonia-e-oficialmente-aberto\/#primaryimage","url":"https:\/\/folhapopular.info\/wp-content\/uploads\/2022\/09\/306319515_388627423444556_6919644822285104789_n.jpg","contentUrl":"https:\/\/folhapopular.info\/wp-content\/uploads\/2022\/09\/306319515_388627423444556_6919644822285104789_n.jpg","width":1440,"height":960,"caption":"Acampamento recebe os visitantes no Centro Administreativo"},{"@type":"BreadcrumbList","@id":"https:\/\/folhapopular.info\/index.php\/2022\/09\/11\/acampamento-farroupilha-de-teutonia-e-oficialmente-aberto\/#breadcrumb","itemListElement":[{"@type":"ListItem","position":1,"name":"In\u00edcio","item":"https:\/\/folhapopular.info\/"},{"@type":"ListItem","position":2,"name":"Acampamento Farroupilha de Teut\u00f4nia \u00e9 oficialmente aberto"}]},{"@type":"WebSite","@id":"https:\/\/folhapopular.info\/#website","url":"https:\/\/folhapopular.info\/","name":"Folha Popular","description":"Onde voc\u00ea tem vez e voz","potentialAction":[{"@type":"SearchAction","target":{"@type":"EntryPoint","urlTemplate":"https:\/\/folhapopular.info\/?s={search_term_string}"},"query-input":{"@type":"PropertyValueSpecification","valueRequired":true,"valueName":"search_term_string"}}],"inLanguage":"pt-BR"},{"@type":"Person","@id":"https:\/\/folhapopular.info\/#\/schema\/person\/2814e8a0df7643585a9ca38bc6eb9d4b","name":"Reda\u00e7\u00e3o Folha Popular","image":{"@type":"ImageObject","inLanguage":"pt-BR","@id":"https:\/\/folhapopular.info\/wp-content\/uploads\/2026\/04\/Folha-1.webp","url":"https:\/\/folhapopular.info\/wp-content\/uploads\/2026\/04\/Folha-1.webp","contentUrl":"https:\/\/folhapopular.info\/wp-content\/uploads\/2026\/04\/Folha-1.webp","caption":"Reda\u00e7\u00e3o Folha Popular"},"url":"https:\/\/folhapopular.info\/index.php\/author\/redacao\/"}]}},"jetpack_featured_media_url":"https:\/\/folhapopular.info\/wp-content\/uploads\/2022\/09\/306319515_388627423444556_6919644822285104789_n.jpg","jetpack_sharing_enabled":true,"amp_enabled":true,"_links":{"self":[{"href":"https:\/\/folhapopular.info\/index.php\/wp-json\/wp\/v2\/posts\/112504","targetHints":{"allow":["GET"]}}],"collection":[{"href":"https:\/\/folhapopular.info\/index.php\/wp-json\/wp\/v2\/posts"}],"about":[{"href":"https:\/\/folhapopular.info\/index.php\/wp-json\/wp\/v2\/types\/post"}],"author":[{"embeddable":true,"href":"https:\/\/folhapopular.info\/index.php\/wp-json\/wp\/v2\/users\/8"}],"replies":[{"embeddable":true,"href":"https:\/\/folhapopular.info\/index.php\/wp-json\/wp\/v2\/comments?post=112504"}],"version-history":[{"count":0,"href":"https:\/\/folhapopular.info\/index.php\/wp-json\/wp\/v2\/posts\/112504\/revisions"}],"wp:featuredmedia":[{"embeddable":true,"href":"https:\/\/folhapopular.info\/index.php\/wp-json\/wp\/v2\/media\/112505"}],"wp:attachment":[{"href":"https:\/\/folhapopular.info\/index.php\/wp-json\/wp\/v2\/media?parent=112504"}],"wp:term":[{"taxonomy":"category","embeddable":true,"href":"https:\/\/folhapopular.info\/index.php\/wp-json\/wp\/v2\/categories?post=112504"},{"taxonomy":"post_tag","embeddable":true,"href":"https:\/\/folhapopular.info\/index.php\/wp-json\/wp\/v2\/tags?post=112504"}],"curies":[{"name":"wp","href":"https:\/\/api.w.org\/{rel}","templated":true}]}}