{"id":112520,"date":"2022-09-11T15:02:30","date_gmt":"2022-09-11T18:02:30","guid":{"rendered":"https:\/\/folhapopular.info\/?p=112520"},"modified":"2022-09-11T18:54:40","modified_gmt":"2022-09-11T21:54:40","slug":"rudibar-vence-e-retoma-a-lideranca-dos-veteranos-no-regional","status":"publish","type":"post","link":"https:\/\/folhapopular.info\/index.php\/2022\/09\/11\/rudibar-vence-e-retoma-a-lideranca-dos-veteranos-no-regional\/","title":{"rendered":"Rudibar vence e retoma a lideran\u00e7a dos Veteranos no Regional"},"content":{"rendered":"\n<p>O Regional de Veteranos \u2013 Copa Certel Sicredi 2022 realizou sua 4\u00aa rodada na manh\u00e3 deste domingo (11\/9).<\/p>\n\n\n\n<p>O Rudibar recebeu a Assespe para o confronto entre vice-l\u00edder e l\u00edder. Com gols de Saulo e Zico, o Rudibar venceu e conquistou os tr\u00eas pontos. Com a vit\u00f3ria, assumiu a lideran\u00e7a, que havia deixado escapar para a Assespe na rodada passada. A Assespe retornou para a vice-lideran\u00e7a.<\/p>\n\n\n\n<p>Completando a rodada, Ouro Verde e Unidos empataram em 2 a 2. Em Mato Leit\u00e3o, o Fluminense venceu o Fortes e Livres por 3 a 0. Nesta rodada a folga foi do Estudiantes.<\/p>\n\n\n\n<p><strong>Resultados<\/strong><\/p>\n\n\n\n<figure class=\"wp-block-table\"><table><tbody><tr><td>4\u00aa rodada &#8211; 11\/09<\/td><\/tr><tr><td>Local<\/td><td><\/td><td>Confronto<\/td><td><\/td><\/tr><tr><td>Encantado<\/td><td>Ouro Verde<\/td><td>2<\/td><td>X<\/td><td>2<\/td><td>Unidos<\/td><\/tr><tr><td>Mato Leit\u00e3o<\/td><td>Fluminense<\/td><td>3<\/td><td>X<\/td><td>0<\/td><td>Fortes e Livres<\/td><\/tr><tr><td>Bom Retiro do Sul<\/td><td>Rudibar<\/td><td>2<\/td><td>X<\/td><td>0<\/td><td>Assespe<\/td><\/tr><tr><td><\/td><td>Folga: Estudiantes (Lajeado)<\/td><td><\/td><td><\/td><td><\/td><td><\/td><\/tr><\/tbody><\/table><\/figure>\n\n\n\n<p><strong>Classifica\u00e7\u00e3o<\/strong><\/p>\n\n\n\n<figure class=\"wp-block-table\"><table><tbody><tr><td>Classifica\u00e7\u00e3o VETERANOS<\/td><td><\/td><\/tr><tr><td><\/td><td>EQUIPES<\/td><td>PG<\/td><td>J<\/td><td>V<\/td><td>E<\/td><td>D<\/td><td>GP<\/td><td>GS<\/td><td>SG<\/td><td>%<\/td><td><\/td><\/tr><tr><td>1\u00ba<\/td><td>Rudibar<\/td><td>9<\/td><td>4<\/td><td>3<\/td><td>0<\/td><td>1<\/td><td>8<\/td><td>4<\/td><td>4<\/td><td>75<\/td><td><\/td><\/tr><tr><td>2\u00ba<\/td><td>Assespe<\/td><td>7<\/td><td>4<\/td><td>2<\/td><td>1<\/td><td>1<\/td><td>4<\/td><td>3<\/td><td>1<\/td><td>58<\/td><td><\/td><\/tr><tr><td>3\u00ba<\/td><td>Fluminense<\/td><td>6<\/td><td>3<\/td><td>2<\/td><td>0<\/td><td>1<\/td><td>4<\/td><td>1<\/td><td>3<\/td><td>67<\/td><td><\/td><\/tr><tr><td>4\u00ba<\/td><td>Estudiantes<\/td><td>4<\/td><td>3<\/td><td>1<\/td><td>1<\/td><td>1<\/td><td>5<\/td><td>4<\/td><td>1<\/td><td>44<\/td><td><\/td><\/tr><tr><td>5\u00ba<\/td><td>Unidos<\/td><td>4<\/td><td>3<\/td><td>1<\/td><td>1<\/td><td>1<\/td><td>5<\/td><td>5<\/td><td>0<\/td><td>44<\/td><td><\/td><\/tr><tr><td>6\u00ba<\/td><td>Ouro Verde<\/td><td>4<\/td><td>4<\/td><td>1<\/td><td>1<\/td><td>2<\/td><td>5<\/td><td>8<\/td><td>-3<\/td><td>33<\/td><td><\/td><\/tr><tr><td>7\u00ba<\/td><td>Fortes e Livres<\/td><td>0<\/td><td>3<\/td><td>0<\/td><td>0<\/td><td>3<\/td><td>1<\/td><td>7<\/td><td>-6<\/td><td>0<\/td><td><\/td><\/tr><\/tbody><\/table><\/figure>\n","protected":false},"excerpt":{"rendered":"<p>O Regional de Veteranos \u2013 Copa Certel Sicredi 2022 realizou sua 4\u00aa rodada na manh\u00e3 deste domingo (11\/9). O Rudibar recebeu a Assespe para o confronto entre vice-l\u00edder e l\u00edder. Com gols de Saulo e Zico, o Rudibar venceu e conquistou os tr\u00eas pontos. Com a vit\u00f3ria, assumiu a lideran\u00e7a, que havia deixado escapar para [&hellip;]<\/p>\n","protected":false},"author":8,"featured_media":112521,"comment_status":"open","ping_status":"open","sticky":false,"template":"","format":"standard","meta":{"pmpro_default_level":"","_jetpack_memberships_contains_paid_content":false,"footnotes":""},"categories":[5],"tags":[],"class_list":{"0":"post-112520","1":"post","2":"type-post","3":"status-publish","4":"format-standard","5":"has-post-thumbnail","7":"category-esportes","8":"pmpro-has-access"},"yoast_head":"<!-- This site is optimized with the Yoast SEO plugin v27.5 - https:\/\/yoast.com\/product\/yoast-seo-wordpress\/ -->\n<title>Rudibar vence e retoma a lideran\u00e7a dos Veteranos no Regional - Folha Popular<\/title>\n<meta name=\"robots\" content=\"index, follow, max-snippet:-1, max-image-preview:large, max-video-preview:-1\" \/>\n<link rel=\"canonical\" href=\"https:\/\/folhapopular.info\/index.php\/2022\/09\/11\/rudibar-vence-e-retoma-a-lideranca-dos-veteranos-no-regional\/\" \/>\n<meta property=\"og:locale\" content=\"pt_BR\" \/>\n<meta property=\"og:type\" content=\"article\" \/>\n<meta property=\"og:title\" content=\"Rudibar vence e retoma a lideran\u00e7a dos Veteranos no Regional - Folha Popular\" \/>\n<meta property=\"og:description\" content=\"O Regional de Veteranos \u2013 Copa Certel Sicredi 2022 realizou sua 4\u00aa rodada na manh\u00e3 deste domingo (11\/9). O Rudibar recebeu a Assespe para o confronto entre vice-l\u00edder e l\u00edder. Com gols de Saulo e Zico, o Rudibar venceu e conquistou os tr\u00eas pontos. Com a vit\u00f3ria, assumiu a lideran\u00e7a, que havia deixado escapar para [&hellip;]\" \/>\n<meta property=\"og:url\" content=\"https:\/\/folhapopular.info\/index.php\/2022\/09\/11\/rudibar-vence-e-retoma-a-lideranca-dos-veteranos-no-regional\/\" \/>\n<meta property=\"og:site_name\" content=\"Folha Popular\" \/>\n<meta property=\"article:published_time\" content=\"2022-09-11T18:02:30+00:00\" \/>\n<meta property=\"article:modified_time\" content=\"2022-09-11T21:54:40+00:00\" \/>\n<meta property=\"og:image\" content=\"http:\/\/folhapopular.info\/wp-content\/uploads\/2022\/09\/WhatsApp-Image-2022-09-11-at-14.16.34.jpeg\" \/>\n\t<meta property=\"og:image:width\" content=\"1280\" \/>\n\t<meta property=\"og:image:height\" content=\"960\" \/>\n\t<meta property=\"og:image:type\" content=\"image\/jpeg\" \/>\n<meta name=\"author\" content=\"Reda\u00e7\u00e3o Folha Popular\" \/>\n<meta name=\"twitter:card\" content=\"summary_large_image\" \/>\n<meta name=\"twitter:label1\" content=\"Escrito por\" \/>\n\t<meta name=\"twitter:data1\" content=\"Reda\u00e7\u00e3o Folha Popular\" \/>\n\t<meta name=\"twitter:label2\" content=\"Est. tempo de leitura\" \/>\n\t<meta name=\"twitter:data2\" content=\"2 minutos\" \/>\n<script type=\"application\/ld+json\" class=\"yoast-schema-graph\">{\"@context\":\"https:\\\/\\\/schema.org\",\"@graph\":[{\"@type\":\"Article\",\"@id\":\"https:\\\/\\\/folhapopular.info\\\/index.php\\\/2022\\\/09\\\/11\\\/rudibar-vence-e-retoma-a-lideranca-dos-veteranos-no-regional\\\/#article\",\"isPartOf\":{\"@id\":\"https:\\\/\\\/folhapopular.info\\\/index.php\\\/2022\\\/09\\\/11\\\/rudibar-vence-e-retoma-a-lideranca-dos-veteranos-no-regional\\\/\"},\"author\":{\"name\":\"Reda\u00e7\u00e3o Folha Popular\",\"@id\":\"https:\\\/\\\/folhapopular.info\\\/#\\\/schema\\\/person\\\/2814e8a0df7643585a9ca38bc6eb9d4b\"},\"headline\":\"Rudibar vence e retoma a lideran\u00e7a dos Veteranos no Regional\",\"datePublished\":\"2022-09-11T18:02:30+00:00\",\"dateModified\":\"2022-09-11T21:54:40+00:00\",\"mainEntityOfPage\":{\"@id\":\"https:\\\/\\\/folhapopular.info\\\/index.php\\\/2022\\\/09\\\/11\\\/rudibar-vence-e-retoma-a-lideranca-dos-veteranos-no-regional\\\/\"},\"wordCount\":163,\"commentCount\":0,\"image\":{\"@id\":\"https:\\\/\\\/folhapopular.info\\\/index.php\\\/2022\\\/09\\\/11\\\/rudibar-vence-e-retoma-a-lideranca-dos-veteranos-no-regional\\\/#primaryimage\"},\"thumbnailUrl\":\"https:\\\/\\\/folhapopular.info\\\/wp-content\\\/uploads\\\/2022\\\/09\\\/WhatsApp-Image-2022-09-11-at-14.16.34.jpeg\",\"articleSection\":[\"Esportes\"],\"inLanguage\":\"pt-BR\",\"potentialAction\":[{\"@type\":\"CommentAction\",\"name\":\"Comment\",\"target\":[\"https:\\\/\\\/folhapopular.info\\\/index.php\\\/2022\\\/09\\\/11\\\/rudibar-vence-e-retoma-a-lideranca-dos-veteranos-no-regional\\\/#respond\"]}]},{\"@type\":\"WebPage\",\"@id\":\"https:\\\/\\\/folhapopular.info\\\/index.php\\\/2022\\\/09\\\/11\\\/rudibar-vence-e-retoma-a-lideranca-dos-veteranos-no-regional\\\/\",\"url\":\"https:\\\/\\\/folhapopular.info\\\/index.php\\\/2022\\\/09\\\/11\\\/rudibar-vence-e-retoma-a-lideranca-dos-veteranos-no-regional\\\/\",\"name\":\"Rudibar vence e retoma a lideran\u00e7a dos Veteranos no Regional - Folha Popular\",\"isPartOf\":{\"@id\":\"https:\\\/\\\/folhapopular.info\\\/#website\"},\"primaryImageOfPage\":{\"@id\":\"https:\\\/\\\/folhapopular.info\\\/index.php\\\/2022\\\/09\\\/11\\\/rudibar-vence-e-retoma-a-lideranca-dos-veteranos-no-regional\\\/#primaryimage\"},\"image\":{\"@id\":\"https:\\\/\\\/folhapopular.info\\\/index.php\\\/2022\\\/09\\\/11\\\/rudibar-vence-e-retoma-a-lideranca-dos-veteranos-no-regional\\\/#primaryimage\"},\"thumbnailUrl\":\"https:\\\/\\\/folhapopular.info\\\/wp-content\\\/uploads\\\/2022\\\/09\\\/WhatsApp-Image-2022-09-11-at-14.16.34.jpeg\",\"datePublished\":\"2022-09-11T18:02:30+00:00\",\"dateModified\":\"2022-09-11T21:54:40+00:00\",\"author\":{\"@id\":\"https:\\\/\\\/folhapopular.info\\\/#\\\/schema\\\/person\\\/2814e8a0df7643585a9ca38bc6eb9d4b\"},\"breadcrumb\":{\"@id\":\"https:\\\/\\\/folhapopular.info\\\/index.php\\\/2022\\\/09\\\/11\\\/rudibar-vence-e-retoma-a-lideranca-dos-veteranos-no-regional\\\/#breadcrumb\"},\"inLanguage\":\"pt-BR\",\"potentialAction\":[{\"@type\":\"ReadAction\",\"target\":[\"https:\\\/\\\/folhapopular.info\\\/index.php\\\/2022\\\/09\\\/11\\\/rudibar-vence-e-retoma-a-lideranca-dos-veteranos-no-regional\\\/\"]}]},{\"@type\":\"ImageObject\",\"inLanguage\":\"pt-BR\",\"@id\":\"https:\\\/\\\/folhapopular.info\\\/index.php\\\/2022\\\/09\\\/11\\\/rudibar-vence-e-retoma-a-lideranca-dos-veteranos-no-regional\\\/#primaryimage\",\"url\":\"https:\\\/\\\/folhapopular.info\\\/wp-content\\\/uploads\\\/2022\\\/09\\\/WhatsApp-Image-2022-09-11-at-14.16.34.jpeg\",\"contentUrl\":\"https:\\\/\\\/folhapopular.info\\\/wp-content\\\/uploads\\\/2022\\\/09\\\/WhatsApp-Image-2022-09-11-at-14.16.34.jpeg\",\"width\":1280,\"height\":960,\"caption\":\"Equipe do Rudibar venceu fora de casa e garantiu a lideran\u00e7a\"},{\"@type\":\"BreadcrumbList\",\"@id\":\"https:\\\/\\\/folhapopular.info\\\/index.php\\\/2022\\\/09\\\/11\\\/rudibar-vence-e-retoma-a-lideranca-dos-veteranos-no-regional\\\/#breadcrumb\",\"itemListElement\":[{\"@type\":\"ListItem\",\"position\":1,\"name\":\"In\u00edcio\",\"item\":\"https:\\\/\\\/folhapopular.info\\\/\"},{\"@type\":\"ListItem\",\"position\":2,\"name\":\"Rudibar vence e retoma a lideran\u00e7a dos Veteranos no Regional\"}]},{\"@type\":\"WebSite\",\"@id\":\"https:\\\/\\\/folhapopular.info\\\/#website\",\"url\":\"https:\\\/\\\/folhapopular.info\\\/\",\"name\":\"Folha Popular\",\"description\":\"Onde voc\u00ea tem vez e voz\",\"potentialAction\":[{\"@type\":\"SearchAction\",\"target\":{\"@type\":\"EntryPoint\",\"urlTemplate\":\"https:\\\/\\\/folhapopular.info\\\/?s={search_term_string}\"},\"query-input\":{\"@type\":\"PropertyValueSpecification\",\"valueRequired\":true,\"valueName\":\"search_term_string\"}}],\"inLanguage\":\"pt-BR\"},{\"@type\":\"Person\",\"@id\":\"https:\\\/\\\/folhapopular.info\\\/#\\\/schema\\\/person\\\/2814e8a0df7643585a9ca38bc6eb9d4b\",\"name\":\"Reda\u00e7\u00e3o Folha Popular\",\"image\":{\"@type\":\"ImageObject\",\"inLanguage\":\"pt-BR\",\"@id\":\"https:\\\/\\\/folhapopular.info\\\/wp-content\\\/uploads\\\/2026\\\/04\\\/Folha-1.webp\",\"url\":\"https:\\\/\\\/folhapopular.info\\\/wp-content\\\/uploads\\\/2026\\\/04\\\/Folha-1.webp\",\"contentUrl\":\"https:\\\/\\\/folhapopular.info\\\/wp-content\\\/uploads\\\/2026\\\/04\\\/Folha-1.webp\",\"caption\":\"Reda\u00e7\u00e3o Folha Popular\"},\"url\":\"https:\\\/\\\/folhapopular.info\\\/index.php\\\/author\\\/redacao\\\/\"}]}<\/script>\n<!-- \/ Yoast SEO plugin. -->","yoast_head_json":{"title":"Rudibar vence e retoma a lideran\u00e7a dos Veteranos no Regional - Folha Popular","robots":{"index":"index","follow":"follow","max-snippet":"max-snippet:-1","max-image-preview":"max-image-preview:large","max-video-preview":"max-video-preview:-1"},"canonical":"https:\/\/folhapopular.info\/index.php\/2022\/09\/11\/rudibar-vence-e-retoma-a-lideranca-dos-veteranos-no-regional\/","og_locale":"pt_BR","og_type":"article","og_title":"Rudibar vence e retoma a lideran\u00e7a dos Veteranos no Regional - Folha Popular","og_description":"O Regional de Veteranos \u2013 Copa Certel Sicredi 2022 realizou sua 4\u00aa rodada na manh\u00e3 deste domingo (11\/9). O Rudibar recebeu a Assespe para o confronto entre vice-l\u00edder e l\u00edder. Com gols de Saulo e Zico, o Rudibar venceu e conquistou os tr\u00eas pontos. Com a vit\u00f3ria, assumiu a lideran\u00e7a, que havia deixado escapar para [&hellip;]","og_url":"https:\/\/folhapopular.info\/index.php\/2022\/09\/11\/rudibar-vence-e-retoma-a-lideranca-dos-veteranos-no-regional\/","og_site_name":"Folha Popular","article_published_time":"2022-09-11T18:02:30+00:00","article_modified_time":"2022-09-11T21:54:40+00:00","og_image":[{"width":1280,"height":960,"url":"http:\/\/folhapopular.info\/wp-content\/uploads\/2022\/09\/WhatsApp-Image-2022-09-11-at-14.16.34.jpeg","type":"image\/jpeg"}],"author":"Reda\u00e7\u00e3o Folha Popular","twitter_card":"summary_large_image","twitter_misc":{"Escrito por":"Reda\u00e7\u00e3o Folha Popular","Est. tempo de leitura":"2 minutos"},"schema":{"@context":"https:\/\/schema.org","@graph":[{"@type":"Article","@id":"https:\/\/folhapopular.info\/index.php\/2022\/09\/11\/rudibar-vence-e-retoma-a-lideranca-dos-veteranos-no-regional\/#article","isPartOf":{"@id":"https:\/\/folhapopular.info\/index.php\/2022\/09\/11\/rudibar-vence-e-retoma-a-lideranca-dos-veteranos-no-regional\/"},"author":{"name":"Reda\u00e7\u00e3o Folha Popular","@id":"https:\/\/folhapopular.info\/#\/schema\/person\/2814e8a0df7643585a9ca38bc6eb9d4b"},"headline":"Rudibar vence e retoma a lideran\u00e7a dos Veteranos no Regional","datePublished":"2022-09-11T18:02:30+00:00","dateModified":"2022-09-11T21:54:40+00:00","mainEntityOfPage":{"@id":"https:\/\/folhapopular.info\/index.php\/2022\/09\/11\/rudibar-vence-e-retoma-a-lideranca-dos-veteranos-no-regional\/"},"wordCount":163,"commentCount":0,"image":{"@id":"https:\/\/folhapopular.info\/index.php\/2022\/09\/11\/rudibar-vence-e-retoma-a-lideranca-dos-veteranos-no-regional\/#primaryimage"},"thumbnailUrl":"https:\/\/folhapopular.info\/wp-content\/uploads\/2022\/09\/WhatsApp-Image-2022-09-11-at-14.16.34.jpeg","articleSection":["Esportes"],"inLanguage":"pt-BR","potentialAction":[{"@type":"CommentAction","name":"Comment","target":["https:\/\/folhapopular.info\/index.php\/2022\/09\/11\/rudibar-vence-e-retoma-a-lideranca-dos-veteranos-no-regional\/#respond"]}]},{"@type":"WebPage","@id":"https:\/\/folhapopular.info\/index.php\/2022\/09\/11\/rudibar-vence-e-retoma-a-lideranca-dos-veteranos-no-regional\/","url":"https:\/\/folhapopular.info\/index.php\/2022\/09\/11\/rudibar-vence-e-retoma-a-lideranca-dos-veteranos-no-regional\/","name":"Rudibar vence e retoma a lideran\u00e7a dos Veteranos no Regional - Folha Popular","isPartOf":{"@id":"https:\/\/folhapopular.info\/#website"},"primaryImageOfPage":{"@id":"https:\/\/folhapopular.info\/index.php\/2022\/09\/11\/rudibar-vence-e-retoma-a-lideranca-dos-veteranos-no-regional\/#primaryimage"},"image":{"@id":"https:\/\/folhapopular.info\/index.php\/2022\/09\/11\/rudibar-vence-e-retoma-a-lideranca-dos-veteranos-no-regional\/#primaryimage"},"thumbnailUrl":"https:\/\/folhapopular.info\/wp-content\/uploads\/2022\/09\/WhatsApp-Image-2022-09-11-at-14.16.34.jpeg","datePublished":"2022-09-11T18:02:30+00:00","dateModified":"2022-09-11T21:54:40+00:00","author":{"@id":"https:\/\/folhapopular.info\/#\/schema\/person\/2814e8a0df7643585a9ca38bc6eb9d4b"},"breadcrumb":{"@id":"https:\/\/folhapopular.info\/index.php\/2022\/09\/11\/rudibar-vence-e-retoma-a-lideranca-dos-veteranos-no-regional\/#breadcrumb"},"inLanguage":"pt-BR","potentialAction":[{"@type":"ReadAction","target":["https:\/\/folhapopular.info\/index.php\/2022\/09\/11\/rudibar-vence-e-retoma-a-lideranca-dos-veteranos-no-regional\/"]}]},{"@type":"ImageObject","inLanguage":"pt-BR","@id":"https:\/\/folhapopular.info\/index.php\/2022\/09\/11\/rudibar-vence-e-retoma-a-lideranca-dos-veteranos-no-regional\/#primaryimage","url":"https:\/\/folhapopular.info\/wp-content\/uploads\/2022\/09\/WhatsApp-Image-2022-09-11-at-14.16.34.jpeg","contentUrl":"https:\/\/folhapopular.info\/wp-content\/uploads\/2022\/09\/WhatsApp-Image-2022-09-11-at-14.16.34.jpeg","width":1280,"height":960,"caption":"Equipe do Rudibar venceu fora de casa e garantiu a lideran\u00e7a"},{"@type":"BreadcrumbList","@id":"https:\/\/folhapopular.info\/index.php\/2022\/09\/11\/rudibar-vence-e-retoma-a-lideranca-dos-veteranos-no-regional\/#breadcrumb","itemListElement":[{"@type":"ListItem","position":1,"name":"In\u00edcio","item":"https:\/\/folhapopular.info\/"},{"@type":"ListItem","position":2,"name":"Rudibar vence e retoma a lideran\u00e7a dos Veteranos no Regional"}]},{"@type":"WebSite","@id":"https:\/\/folhapopular.info\/#website","url":"https:\/\/folhapopular.info\/","name":"Folha Popular","description":"Onde voc\u00ea tem vez e voz","potentialAction":[{"@type":"SearchAction","target":{"@type":"EntryPoint","urlTemplate":"https:\/\/folhapopular.info\/?s={search_term_string}"},"query-input":{"@type":"PropertyValueSpecification","valueRequired":true,"valueName":"search_term_string"}}],"inLanguage":"pt-BR"},{"@type":"Person","@id":"https:\/\/folhapopular.info\/#\/schema\/person\/2814e8a0df7643585a9ca38bc6eb9d4b","name":"Reda\u00e7\u00e3o Folha Popular","image":{"@type":"ImageObject","inLanguage":"pt-BR","@id":"https:\/\/folhapopular.info\/wp-content\/uploads\/2026\/04\/Folha-1.webp","url":"https:\/\/folhapopular.info\/wp-content\/uploads\/2026\/04\/Folha-1.webp","contentUrl":"https:\/\/folhapopular.info\/wp-content\/uploads\/2026\/04\/Folha-1.webp","caption":"Reda\u00e7\u00e3o Folha Popular"},"url":"https:\/\/folhapopular.info\/index.php\/author\/redacao\/"}]}},"jetpack_featured_media_url":"https:\/\/folhapopular.info\/wp-content\/uploads\/2022\/09\/WhatsApp-Image-2022-09-11-at-14.16.34.jpeg","jetpack_sharing_enabled":true,"amp_enabled":true,"_links":{"self":[{"href":"https:\/\/folhapopular.info\/index.php\/wp-json\/wp\/v2\/posts\/112520","targetHints":{"allow":["GET"]}}],"collection":[{"href":"https:\/\/folhapopular.info\/index.php\/wp-json\/wp\/v2\/posts"}],"about":[{"href":"https:\/\/folhapopular.info\/index.php\/wp-json\/wp\/v2\/types\/post"}],"author":[{"embeddable":true,"href":"https:\/\/folhapopular.info\/index.php\/wp-json\/wp\/v2\/users\/8"}],"replies":[{"embeddable":true,"href":"https:\/\/folhapopular.info\/index.php\/wp-json\/wp\/v2\/comments?post=112520"}],"version-history":[{"count":0,"href":"https:\/\/folhapopular.info\/index.php\/wp-json\/wp\/v2\/posts\/112520\/revisions"}],"wp:featuredmedia":[{"embeddable":true,"href":"https:\/\/folhapopular.info\/index.php\/wp-json\/wp\/v2\/media\/112521"}],"wp:attachment":[{"href":"https:\/\/folhapopular.info\/index.php\/wp-json\/wp\/v2\/media?parent=112520"}],"wp:term":[{"taxonomy":"category","embeddable":true,"href":"https:\/\/folhapopular.info\/index.php\/wp-json\/wp\/v2\/categories?post=112520"},{"taxonomy":"post_tag","embeddable":true,"href":"https:\/\/folhapopular.info\/index.php\/wp-json\/wp\/v2\/tags?post=112520"}],"curies":[{"name":"wp","href":"https:\/\/api.w.org\/{rel}","templated":true}]}}