{"id":112526,"date":"2022-09-11T18:12:22","date_gmt":"2022-09-11T21:12:22","guid":{"rendered":"https:\/\/folhapopular.info\/?p=112526"},"modified":"2022-09-12T10:17:50","modified_gmt":"2022-09-12T13:17:50","slug":"regional-ja-tem-12-classificados-para-as-oitavas-na-categoria-titulares","status":"publish","type":"post","link":"https:\/\/folhapopular.info\/index.php\/2022\/09\/11\/regional-ja-tem-12-classificados-para-as-oitavas-na-categoria-titulares\/","title":{"rendered":"Regional j\u00e1 tem 12 classificados para as oitavas na categoria Titulares"},"content":{"rendered":"\n<p>O Regional Aslivata &#8211; Copa Certel Sicredi chegou \u00e0 sua 4\u00aa rodada neste domingo (11\/9). Com os resultados, 12 equipes j\u00e1 est\u00e3o classificadas na categoria titulares para as oitavas de final. <\/p>\n\n\n\n<p>Cinco equipes ainda disputam as quatro \u00faltimas vagas. Quem ainda precisa buscar sua classifica\u00e7\u00e3o: Forquetense, Miss\u00f5es, Fortes e Livres, Juventude-Gua, Minuano. O Ouro Verde est\u00e1 eliminado.<\/p>\n\n\n\n<p><strong>Chave A<\/strong><\/p>\n\n\n\n<p>Na Chave A os jogos iniciaram no feriado (7\/9) com o confronto antecipado entre Rui Barbosa e Estudiantes, que terminou com a vit\u00f3ria por 2 a 1 do Estudiantes.<\/p>\n\n\n\n<p>Em Encantado, Ouro Verde e Taquariense se mantiveram em 0 a 0 a maior parte do tempo. Foi aso 42min do 2\u00ba tempo que Bruco Costa abriu o placar pro time de Taquari, finalizando em 1 a 0 para o Taquariense.<\/p>\n\n\n\n<p>Em Westf\u00e1lia, Juventude da Berlim e S\u00e3o Rafael ficaram no 0 a 0.<\/p>\n\n\n\n<p><strong>Chave B<\/strong><\/p>\n\n\n\n<p>Na Chave B, o Canabarrense goleou o Fortes e Livres. Aos 42min do 1\u00ba tempo, Vargas, o craque do jogo, em uma bate rebate dentro da \u00e1rea colocou para dentro. Logo no in\u00edcio do 2\u00ba tempo, ele de novo, de p\u00eanalti Vargas fez o 2 a 0. Em seguida, Felipe ampliou para o time teutoniense: 3 a 0. Para finalizar a vit\u00f3ria, Igor, aos 39min do 2\u00ba tempo, colocou na rede.<\/p>\n\n\n\n<p>Em Capit\u00e3o, com gols de Cear\u00e1, Giba e Vitinho, o 7 de setembro venceu o Forquetense por 3 a 0.<\/p>\n\n\n\n<p>Em Soledade, o Ecas venceu o Miss\u00f5es por 1 a 0. O gol foi de Dioguinho, aos 37min do 1\u00ba tempo.<\/p>\n\n\n\n<p><strong>Chave C<\/strong><\/p>\n\n\n\n<p>Pela Chave C, Fluminense e Minuano fizeram sua disputa e o jogo permaneceu no 0 a 0 por grande parte do tempo. Foi no \u00faltimo minuto do 2\u00ba tempo, de p\u00eanalti, que Gustavo fez o 1 a 0 pra o Fluminense decretando a vit\u00f3ria.<\/p>\n\n\n\n<p>Em Marques de Souza, o Brasil derrubou um dos \u00faltimos invictos do Regional. Com gols de Mucellin, William e Gui Pereira o clube abriu o 3 a 0. O Palanque ainda descontou de p\u00eanalti com Patrick, mas n\u00e3o foi suficiente, fim de jogo: 3 a 1 para o Brasil.<\/p>\n\n\n\n<p>Fechando a rodada, o Boavistense recebeu o Juventude de Guapor\u00e9. O time de Boa Vista do Sul abriu o placar logo aos 9min do 1\u00ba tempo, com Lucas Brunello. O segundo gol veio aos 30min do 2\u00ba tempo com Maiquinho, fechando o placar em 2 a 0.<\/p>\n\n\n\n<p><strong>Resultados<\/strong><\/p>\n\n\n\n<figure class=\"wp-block-table\"><table><tbody><tr><td>5\u00aa rodada &#8211; 7 e 11\/09<\/td><td><\/td><td><\/td><td><\/td><td><\/td><td><\/td><td><\/td><\/tr><tr><td>Chave<\/td><td>Local<\/td><td><\/td><td>Titulares<\/td><td><\/td><\/tr><tr><td>A<\/td><td>Encantado<\/td><td>Ouro Verde<\/td><td>0<\/td><td>X<\/td><td>1<\/td><td>Taquariense<\/td><\/tr><tr><td>A<\/td><td>Arroio do Meio (7\/9)<\/td><td>Rui Barbosa-AM<\/td><td>1<\/td><td>X<\/td><td>2<\/td><td>Estudiantes<\/td><\/tr><tr><td>A<\/td><td>Westf\u00e1lia<\/td><td>Juventude-We<\/td><td>0<\/td><td>X<\/td><td>0<\/td><td>S\u00e3o Rafael<\/td><\/tr><tr><td>B<\/td><td>Teut\u00f4nia<\/td><td>Canabarrense<\/td><td>4<\/td><td>X<\/td><td>0<\/td><td>Fortes e Livres<\/td><\/tr><tr><td>B<\/td><td>Capit\u00e3o<\/td><td>7 de Setembro-Cap<\/td><td>3<\/td><td>X<\/td><td>0<\/td><td>Forquetense<\/td><\/tr><tr><td>B<\/td><td>Soledade<\/td><td>Miss\u00f5es<\/td><td>0<\/td><td>X<\/td><td>1<\/td><td>Ecas<\/td><\/tr><tr><td>C<\/td><td>Mato Leit\u00e3o<\/td><td>Fluminense<\/td><td>1<\/td><td>X<\/td><td>0<\/td><td>Minuano<\/td><\/tr><tr><td>C<\/td><td>Marques de Souza<\/td><td>Brasil<\/td><td>3<\/td><td>X<\/td><td>1<\/td><td>Palanque<\/td><\/tr><tr><td>C<\/td><td>Boa Vista do Sul<\/td><td>Boavistense<\/td><td>2<\/td><td>X<\/td><td>0<\/td><td>Juventude-Guap<\/td><\/tr><\/tbody><\/table><\/figure>\n\n\n\n<p><strong>Classifica\u00e7\u00e3o<\/strong><\/p>\n\n\n\n<figure class=\"wp-block-table\"><table><tbody><tr><td>Classifica\u00e7\u00e3o TITULARES<\/td><td><\/td><\/tr><tr><td><\/td><td>EQUIPES<\/td><td>PG<\/td><td>J<\/td><td>V<\/td><td>E<\/td><td>D<\/td><td>GP<\/td><td>GS<\/td><td>SG<\/td><td>%<\/td><td>DI<\/td><\/tr><tr><td>1\u00ba<\/td><td>Estudiantes<\/td><td>15<\/td><td>5<\/td><td>5<\/td><td>0<\/td><td>0<\/td><td>11<\/td><td>2<\/td><td>9<\/td><td>100<\/td><td>210<\/td><\/tr><tr><td>2\u00ba<\/td><td>7 de Setembro-Cap<\/td><td>13<\/td><td>5<\/td><td>4<\/td><td>1<\/td><td>0<\/td><td>12<\/td><td>2<\/td><td>10<\/td><td>87<\/td><td>50<\/td><\/tr><tr><td>3\u00ba<\/td><td>Juventude-We<\/td><td>10<\/td><td>5<\/td><td>3<\/td><td>1<\/td><td>1<\/td><td>11<\/td><td>6<\/td><td>5<\/td><td>67<\/td><td>80<\/td><\/tr><tr><td>4\u00ba<\/td><td>Ecas<\/td><td>10<\/td><td>5<\/td><td>3<\/td><td>1<\/td><td>1<\/td><td>6<\/td><td>3<\/td><td>3<\/td><td>67<\/td><td>150<\/td><\/tr><tr><td>5\u00ba<\/td><td>Brasil<\/td><td>10<\/td><td>5<\/td><td>3<\/td><td>1<\/td><td>1<\/td><td>6<\/td><td>2<\/td><td>4<\/td><td>67<\/td><td>180<\/td><\/tr><tr><td>6\u00ba<\/td><td>Palanque<\/td><td>10<\/td><td>5<\/td><td>3<\/td><td>1<\/td><td>1<\/td><td>8<\/td><td>6<\/td><td>2<\/td><td>67<\/td><td>190<\/td><\/tr><tr><td>7\u00ba<\/td><td>Fluminense<\/td><td>8<\/td><td>5<\/td><td>2<\/td><td>2<\/td><td>1<\/td><td>3<\/td><td>1<\/td><td>2<\/td><td>53<\/td><td>170<\/td><\/tr><tr><td>8\u00ba<\/td><td>S\u00e3o Rafael<\/td><td>7<\/td><td>5<\/td><td>2<\/td><td>1<\/td><td>2<\/td><td>4<\/td><td>3<\/td><td>1<\/td><td>47<\/td><td>140<\/td><\/tr><tr><td>9\u00ba<\/td><td>Boavistense<\/td><td>7<\/td><td>5<\/td><td>2<\/td><td>1<\/td><td>2<\/td><td>6<\/td><td>5<\/td><td>1<\/td><td>47<\/td><td>150<\/td><\/tr><tr><td>10\u00ba<\/td><td>Rui Barbosa-AM<\/td><td>6<\/td><td>5<\/td><td>2<\/td><td>0<\/td><td>3<\/td><td>5<\/td><td>7<\/td><td>-2<\/td><td>40<\/td><td>140<\/td><\/tr><tr><td>11\u00ba<\/td><td>Canabarrense<\/td><td>6<\/td><td>5<\/td><td>2<\/td><td>0<\/td><td>3<\/td><td>6<\/td><td>5<\/td><td>1<\/td><td>40<\/td><td>170<\/td><\/tr><tr><td>12\u00ba<\/td><td>Taquariense<\/td><td>6<\/td><td>5<\/td><td>2<\/td><td>0<\/td><td>3<\/td><td>3<\/td><td>7<\/td><td>-4<\/td><td>40<\/td><td>180<\/td><\/tr><tr><td>13\u00ba<\/td><td>Forquetense<\/td><td>5<\/td><td>5<\/td><td>1<\/td><td>2<\/td><td>2<\/td><td>4<\/td><td>8<\/td><td>-4<\/td><td>33<\/td><td>120<\/td><\/tr><tr><td>14\u00ba<\/td><td>Miss\u00f5es<\/td><td>4<\/td><td>5<\/td><td>1<\/td><td>1<\/td><td>3<\/td><td>3<\/td><td>7<\/td><td>-4<\/td><td>27<\/td><td>150<\/td><\/tr><tr><td>15\u00ba<\/td><td>Fortes e Livres<\/td><td>4<\/td><td>5<\/td><td>1<\/td><td>1<\/td><td>3<\/td><td>4<\/td><td>10<\/td><td>-6<\/td><td>27<\/td><td>160<\/td><\/tr><tr><td>16\u00ba<\/td><td>Juventude-Guap<\/td><td>4<\/td><td>5<\/td><td>1<\/td><td>1<\/td><td>3<\/td><td>3<\/td><td>7<\/td><td>-4<\/td><td>27<\/td><td>170<\/td><\/tr><tr><td>17\u00ba<\/td><td>Minuano<\/td><td>2<\/td><td>5<\/td><td>0<\/td><td>2<\/td><td>3<\/td><td>4<\/td><td>9<\/td><td>-5<\/td><td>13<\/td><td>120<\/td><\/tr><tr><td>18\u00ba<\/td><td>Ouro Verde-Enc<\/td><td>0<\/td><td>5<\/td><td>0<\/td><td>0<\/td><td>5<\/td><td>4<\/td><td>13<\/td><td>-9<\/td><td>0<\/td><td>190<\/td><\/tr><\/tbody><\/table><\/figure>\n","protected":false},"excerpt":{"rendered":"<p>O Regional Aslivata &#8211; Copa Certel Sicredi chegou \u00e0 sua 4\u00aa rodada neste domingo (11\/9). Com os resultados, 12 equipes j\u00e1 est\u00e3o classificadas na categoria titulares para as oitavas de final. Cinco equipes ainda disputam as quatro \u00faltimas vagas. Quem ainda precisa buscar sua classifica\u00e7\u00e3o: Forquetense, Miss\u00f5es, Fortes e Livres, Juventude-Gua, Minuano. O Ouro Verde [&hellip;]<\/p>\n","protected":false},"author":8,"featured_media":112527,"comment_status":"open","ping_status":"open","sticky":false,"template":"","format":"standard","meta":{"pmpro_default_level":"","_jetpack_memberships_contains_paid_content":false,"footnotes":""},"categories":[5,240,3,288],"tags":[318,315,994,865],"class_list":{"0":"post-112526","1":"post","2":"type-post","3":"status-publish","4":"format-standard","5":"has-post-thumbnail","7":"category-esportes","8":"category-futebol-amador","9":"category-geral","10":"category-regional-da-aslivata","11":"tag-copa-certel-sicredi","12":"tag-regiao","13":"tag-regional-aslivata","14":"tag-titulares","15":"pmpro-has-access"},"yoast_head":"<!-- This site is optimized with the Yoast SEO plugin v27.5 - https:\/\/yoast.com\/product\/yoast-seo-wordpress\/ -->\n<title>Regional j\u00e1 tem 12 classificados para as oitavas na categoria Titulares - Folha Popular<\/title>\n<meta name=\"robots\" content=\"index, follow, max-snippet:-1, max-image-preview:large, max-video-preview:-1\" \/>\n<link rel=\"canonical\" href=\"https:\/\/folhapopular.info\/index.php\/2022\/09\/11\/regional-ja-tem-12-classificados-para-as-oitavas-na-categoria-titulares\/\" \/>\n<meta property=\"og:locale\" content=\"pt_BR\" \/>\n<meta property=\"og:type\" content=\"article\" \/>\n<meta property=\"og:title\" content=\"Regional j\u00e1 tem 12 classificados para as oitavas na categoria Titulares - Folha Popular\" \/>\n<meta property=\"og:description\" content=\"O Regional Aslivata &#8211; Copa Certel Sicredi chegou \u00e0 sua 4\u00aa rodada neste domingo (11\/9). Com os resultados, 12 equipes j\u00e1 est\u00e3o classificadas na categoria titulares para as oitavas de final. Cinco equipes ainda disputam as quatro \u00faltimas vagas. Quem ainda precisa buscar sua classifica\u00e7\u00e3o: Forquetense, Miss\u00f5es, Fortes e Livres, Juventude-Gua, Minuano. O Ouro Verde [&hellip;]\" \/>\n<meta property=\"og:url\" content=\"https:\/\/folhapopular.info\/index.php\/2022\/09\/11\/regional-ja-tem-12-classificados-para-as-oitavas-na-categoria-titulares\/\" \/>\n<meta property=\"og:site_name\" content=\"Folha Popular\" \/>\n<meta property=\"article:published_time\" content=\"2022-09-11T21:12:22+00:00\" \/>\n<meta property=\"article:modified_time\" content=\"2022-09-12T13:17:50+00:00\" \/>\n<meta property=\"og:image\" content=\"http:\/\/folhapopular.info\/wp-content\/uploads\/2022\/09\/WhatsApp-Image-2022-09-11-at-17.01.45-e1662930698848.jpeg\" \/>\n\t<meta property=\"og:image:width\" content=\"1200\" \/>\n\t<meta property=\"og:image:height\" content=\"900\" \/>\n\t<meta property=\"og:image:type\" content=\"image\/jpeg\" \/>\n<meta name=\"author\" content=\"Reda\u00e7\u00e3o Folha Popular\" \/>\n<meta name=\"twitter:card\" content=\"summary_large_image\" \/>\n<meta name=\"twitter:label1\" content=\"Escrito por\" \/>\n\t<meta name=\"twitter:data1\" content=\"Reda\u00e7\u00e3o Folha Popular\" \/>\n\t<meta name=\"twitter:label2\" content=\"Est. tempo de leitura\" \/>\n\t<meta name=\"twitter:data2\" content=\"4 minutos\" \/>\n<script type=\"application\/ld+json\" class=\"yoast-schema-graph\">{\"@context\":\"https:\\\/\\\/schema.org\",\"@graph\":[{\"@type\":\"Article\",\"@id\":\"https:\\\/\\\/folhapopular.info\\\/index.php\\\/2022\\\/09\\\/11\\\/regional-ja-tem-12-classificados-para-as-oitavas-na-categoria-titulares\\\/#article\",\"isPartOf\":{\"@id\":\"https:\\\/\\\/folhapopular.info\\\/index.php\\\/2022\\\/09\\\/11\\\/regional-ja-tem-12-classificados-para-as-oitavas-na-categoria-titulares\\\/\"},\"author\":{\"name\":\"Reda\u00e7\u00e3o Folha Popular\",\"@id\":\"https:\\\/\\\/folhapopular.info\\\/#\\\/schema\\\/person\\\/2814e8a0df7643585a9ca38bc6eb9d4b\"},\"headline\":\"Regional j\u00e1 tem 12 classificados para as oitavas na categoria Titulares\",\"datePublished\":\"2022-09-11T21:12:22+00:00\",\"dateModified\":\"2022-09-12T13:17:50+00:00\",\"mainEntityOfPage\":{\"@id\":\"https:\\\/\\\/folhapopular.info\\\/index.php\\\/2022\\\/09\\\/11\\\/regional-ja-tem-12-classificados-para-as-oitavas-na-categoria-titulares\\\/\"},\"wordCount\":504,\"commentCount\":0,\"image\":{\"@id\":\"https:\\\/\\\/folhapopular.info\\\/index.php\\\/2022\\\/09\\\/11\\\/regional-ja-tem-12-classificados-para-as-oitavas-na-categoria-titulares\\\/#primaryimage\"},\"thumbnailUrl\":\"https:\\\/\\\/folhapopular.info\\\/wp-content\\\/uploads\\\/2022\\\/09\\\/WhatsApp-Image-2022-09-11-at-17.01.45-e1662930698848.jpeg\",\"keywords\":[\"Copa Certel Sicredi\",\"Regi\u00e3o\",\"Regional Aslivata\",\"Titulares\"],\"articleSection\":[\"Esportes\",\"Futebol Amador\",\"Geral\",\"Regional da Aslivata\"],\"inLanguage\":\"pt-BR\",\"potentialAction\":[{\"@type\":\"CommentAction\",\"name\":\"Comment\",\"target\":[\"https:\\\/\\\/folhapopular.info\\\/index.php\\\/2022\\\/09\\\/11\\\/regional-ja-tem-12-classificados-para-as-oitavas-na-categoria-titulares\\\/#respond\"]}]},{\"@type\":\"WebPage\",\"@id\":\"https:\\\/\\\/folhapopular.info\\\/index.php\\\/2022\\\/09\\\/11\\\/regional-ja-tem-12-classificados-para-as-oitavas-na-categoria-titulares\\\/\",\"url\":\"https:\\\/\\\/folhapopular.info\\\/index.php\\\/2022\\\/09\\\/11\\\/regional-ja-tem-12-classificados-para-as-oitavas-na-categoria-titulares\\\/\",\"name\":\"Regional j\u00e1 tem 12 classificados para as oitavas na categoria Titulares - Folha Popular\",\"isPartOf\":{\"@id\":\"https:\\\/\\\/folhapopular.info\\\/#website\"},\"primaryImageOfPage\":{\"@id\":\"https:\\\/\\\/folhapopular.info\\\/index.php\\\/2022\\\/09\\\/11\\\/regional-ja-tem-12-classificados-para-as-oitavas-na-categoria-titulares\\\/#primaryimage\"},\"image\":{\"@id\":\"https:\\\/\\\/folhapopular.info\\\/index.php\\\/2022\\\/09\\\/11\\\/regional-ja-tem-12-classificados-para-as-oitavas-na-categoria-titulares\\\/#primaryimage\"},\"thumbnailUrl\":\"https:\\\/\\\/folhapopular.info\\\/wp-content\\\/uploads\\\/2022\\\/09\\\/WhatsApp-Image-2022-09-11-at-17.01.45-e1662930698848.jpeg\",\"datePublished\":\"2022-09-11T21:12:22+00:00\",\"dateModified\":\"2022-09-12T13:17:50+00:00\",\"author\":{\"@id\":\"https:\\\/\\\/folhapopular.info\\\/#\\\/schema\\\/person\\\/2814e8a0df7643585a9ca38bc6eb9d4b\"},\"breadcrumb\":{\"@id\":\"https:\\\/\\\/folhapopular.info\\\/index.php\\\/2022\\\/09\\\/11\\\/regional-ja-tem-12-classificados-para-as-oitavas-na-categoria-titulares\\\/#breadcrumb\"},\"inLanguage\":\"pt-BR\",\"potentialAction\":[{\"@type\":\"ReadAction\",\"target\":[\"https:\\\/\\\/folhapopular.info\\\/index.php\\\/2022\\\/09\\\/11\\\/regional-ja-tem-12-classificados-para-as-oitavas-na-categoria-titulares\\\/\"]}]},{\"@type\":\"ImageObject\",\"inLanguage\":\"pt-BR\",\"@id\":\"https:\\\/\\\/folhapopular.info\\\/index.php\\\/2022\\\/09\\\/11\\\/regional-ja-tem-12-classificados-para-as-oitavas-na-categoria-titulares\\\/#primaryimage\",\"url\":\"https:\\\/\\\/folhapopular.info\\\/wp-content\\\/uploads\\\/2022\\\/09\\\/WhatsApp-Image-2022-09-11-at-17.01.45-e1662930698848.jpeg\",\"contentUrl\":\"https:\\\/\\\/folhapopular.info\\\/wp-content\\\/uploads\\\/2022\\\/09\\\/WhatsApp-Image-2022-09-11-at-17.01.45-e1662930698848.jpeg\",\"width\":1200,\"height\":900,\"caption\":\"Canabarrense goleou o Fortes e Livres e garantiu sua classifica\u00e7\u00e3o \\\/ Cr\u00e9dito da foto: Carla Beckmann\"},{\"@type\":\"BreadcrumbList\",\"@id\":\"https:\\\/\\\/folhapopular.info\\\/index.php\\\/2022\\\/09\\\/11\\\/regional-ja-tem-12-classificados-para-as-oitavas-na-categoria-titulares\\\/#breadcrumb\",\"itemListElement\":[{\"@type\":\"ListItem\",\"position\":1,\"name\":\"In\u00edcio\",\"item\":\"https:\\\/\\\/folhapopular.info\\\/\"},{\"@type\":\"ListItem\",\"position\":2,\"name\":\"Regional j\u00e1 tem 12 classificados para as oitavas na categoria Titulares\"}]},{\"@type\":\"WebSite\",\"@id\":\"https:\\\/\\\/folhapopular.info\\\/#website\",\"url\":\"https:\\\/\\\/folhapopular.info\\\/\",\"name\":\"Folha Popular\",\"description\":\"Onde voc\u00ea tem vez e voz\",\"potentialAction\":[{\"@type\":\"SearchAction\",\"target\":{\"@type\":\"EntryPoint\",\"urlTemplate\":\"https:\\\/\\\/folhapopular.info\\\/?s={search_term_string}\"},\"query-input\":{\"@type\":\"PropertyValueSpecification\",\"valueRequired\":true,\"valueName\":\"search_term_string\"}}],\"inLanguage\":\"pt-BR\"},{\"@type\":\"Person\",\"@id\":\"https:\\\/\\\/folhapopular.info\\\/#\\\/schema\\\/person\\\/2814e8a0df7643585a9ca38bc6eb9d4b\",\"name\":\"Reda\u00e7\u00e3o Folha Popular\",\"image\":{\"@type\":\"ImageObject\",\"inLanguage\":\"pt-BR\",\"@id\":\"https:\\\/\\\/folhapopular.info\\\/wp-content\\\/uploads\\\/2026\\\/04\\\/Folha-1.webp\",\"url\":\"https:\\\/\\\/folhapopular.info\\\/wp-content\\\/uploads\\\/2026\\\/04\\\/Folha-1.webp\",\"contentUrl\":\"https:\\\/\\\/folhapopular.info\\\/wp-content\\\/uploads\\\/2026\\\/04\\\/Folha-1.webp\",\"caption\":\"Reda\u00e7\u00e3o Folha Popular\"},\"url\":\"https:\\\/\\\/folhapopular.info\\\/index.php\\\/author\\\/redacao\\\/\"}]}<\/script>\n<!-- \/ Yoast SEO plugin. -->","yoast_head_json":{"title":"Regional j\u00e1 tem 12 classificados para as oitavas na categoria Titulares - Folha Popular","robots":{"index":"index","follow":"follow","max-snippet":"max-snippet:-1","max-image-preview":"max-image-preview:large","max-video-preview":"max-video-preview:-1"},"canonical":"https:\/\/folhapopular.info\/index.php\/2022\/09\/11\/regional-ja-tem-12-classificados-para-as-oitavas-na-categoria-titulares\/","og_locale":"pt_BR","og_type":"article","og_title":"Regional j\u00e1 tem 12 classificados para as oitavas na categoria Titulares - Folha Popular","og_description":"O Regional Aslivata &#8211; Copa Certel Sicredi chegou \u00e0 sua 4\u00aa rodada neste domingo (11\/9). Com os resultados, 12 equipes j\u00e1 est\u00e3o classificadas na categoria titulares para as oitavas de final. Cinco equipes ainda disputam as quatro \u00faltimas vagas. Quem ainda precisa buscar sua classifica\u00e7\u00e3o: Forquetense, Miss\u00f5es, Fortes e Livres, Juventude-Gua, Minuano. O Ouro Verde [&hellip;]","og_url":"https:\/\/folhapopular.info\/index.php\/2022\/09\/11\/regional-ja-tem-12-classificados-para-as-oitavas-na-categoria-titulares\/","og_site_name":"Folha Popular","article_published_time":"2022-09-11T21:12:22+00:00","article_modified_time":"2022-09-12T13:17:50+00:00","og_image":[{"width":1200,"height":900,"url":"http:\/\/folhapopular.info\/wp-content\/uploads\/2022\/09\/WhatsApp-Image-2022-09-11-at-17.01.45-e1662930698848.jpeg","type":"image\/jpeg"}],"author":"Reda\u00e7\u00e3o Folha Popular","twitter_card":"summary_large_image","twitter_misc":{"Escrito por":"Reda\u00e7\u00e3o Folha Popular","Est. tempo de leitura":"4 minutos"},"schema":{"@context":"https:\/\/schema.org","@graph":[{"@type":"Article","@id":"https:\/\/folhapopular.info\/index.php\/2022\/09\/11\/regional-ja-tem-12-classificados-para-as-oitavas-na-categoria-titulares\/#article","isPartOf":{"@id":"https:\/\/folhapopular.info\/index.php\/2022\/09\/11\/regional-ja-tem-12-classificados-para-as-oitavas-na-categoria-titulares\/"},"author":{"name":"Reda\u00e7\u00e3o Folha Popular","@id":"https:\/\/folhapopular.info\/#\/schema\/person\/2814e8a0df7643585a9ca38bc6eb9d4b"},"headline":"Regional j\u00e1 tem 12 classificados para as oitavas na categoria Titulares","datePublished":"2022-09-11T21:12:22+00:00","dateModified":"2022-09-12T13:17:50+00:00","mainEntityOfPage":{"@id":"https:\/\/folhapopular.info\/index.php\/2022\/09\/11\/regional-ja-tem-12-classificados-para-as-oitavas-na-categoria-titulares\/"},"wordCount":504,"commentCount":0,"image":{"@id":"https:\/\/folhapopular.info\/index.php\/2022\/09\/11\/regional-ja-tem-12-classificados-para-as-oitavas-na-categoria-titulares\/#primaryimage"},"thumbnailUrl":"https:\/\/folhapopular.info\/wp-content\/uploads\/2022\/09\/WhatsApp-Image-2022-09-11-at-17.01.45-e1662930698848.jpeg","keywords":["Copa Certel Sicredi","Regi\u00e3o","Regional Aslivata","Titulares"],"articleSection":["Esportes","Futebol Amador","Geral","Regional da Aslivata"],"inLanguage":"pt-BR","potentialAction":[{"@type":"CommentAction","name":"Comment","target":["https:\/\/folhapopular.info\/index.php\/2022\/09\/11\/regional-ja-tem-12-classificados-para-as-oitavas-na-categoria-titulares\/#respond"]}]},{"@type":"WebPage","@id":"https:\/\/folhapopular.info\/index.php\/2022\/09\/11\/regional-ja-tem-12-classificados-para-as-oitavas-na-categoria-titulares\/","url":"https:\/\/folhapopular.info\/index.php\/2022\/09\/11\/regional-ja-tem-12-classificados-para-as-oitavas-na-categoria-titulares\/","name":"Regional j\u00e1 tem 12 classificados para as oitavas na categoria Titulares - Folha Popular","isPartOf":{"@id":"https:\/\/folhapopular.info\/#website"},"primaryImageOfPage":{"@id":"https:\/\/folhapopular.info\/index.php\/2022\/09\/11\/regional-ja-tem-12-classificados-para-as-oitavas-na-categoria-titulares\/#primaryimage"},"image":{"@id":"https:\/\/folhapopular.info\/index.php\/2022\/09\/11\/regional-ja-tem-12-classificados-para-as-oitavas-na-categoria-titulares\/#primaryimage"},"thumbnailUrl":"https:\/\/folhapopular.info\/wp-content\/uploads\/2022\/09\/WhatsApp-Image-2022-09-11-at-17.01.45-e1662930698848.jpeg","datePublished":"2022-09-11T21:12:22+00:00","dateModified":"2022-09-12T13:17:50+00:00","author":{"@id":"https:\/\/folhapopular.info\/#\/schema\/person\/2814e8a0df7643585a9ca38bc6eb9d4b"},"breadcrumb":{"@id":"https:\/\/folhapopular.info\/index.php\/2022\/09\/11\/regional-ja-tem-12-classificados-para-as-oitavas-na-categoria-titulares\/#breadcrumb"},"inLanguage":"pt-BR","potentialAction":[{"@type":"ReadAction","target":["https:\/\/folhapopular.info\/index.php\/2022\/09\/11\/regional-ja-tem-12-classificados-para-as-oitavas-na-categoria-titulares\/"]}]},{"@type":"ImageObject","inLanguage":"pt-BR","@id":"https:\/\/folhapopular.info\/index.php\/2022\/09\/11\/regional-ja-tem-12-classificados-para-as-oitavas-na-categoria-titulares\/#primaryimage","url":"https:\/\/folhapopular.info\/wp-content\/uploads\/2022\/09\/WhatsApp-Image-2022-09-11-at-17.01.45-e1662930698848.jpeg","contentUrl":"https:\/\/folhapopular.info\/wp-content\/uploads\/2022\/09\/WhatsApp-Image-2022-09-11-at-17.01.45-e1662930698848.jpeg","width":1200,"height":900,"caption":"Canabarrense goleou o Fortes e Livres e garantiu sua classifica\u00e7\u00e3o \/ Cr\u00e9dito da foto: Carla Beckmann"},{"@type":"BreadcrumbList","@id":"https:\/\/folhapopular.info\/index.php\/2022\/09\/11\/regional-ja-tem-12-classificados-para-as-oitavas-na-categoria-titulares\/#breadcrumb","itemListElement":[{"@type":"ListItem","position":1,"name":"In\u00edcio","item":"https:\/\/folhapopular.info\/"},{"@type":"ListItem","position":2,"name":"Regional j\u00e1 tem 12 classificados para as oitavas na categoria Titulares"}]},{"@type":"WebSite","@id":"https:\/\/folhapopular.info\/#website","url":"https:\/\/folhapopular.info\/","name":"Folha Popular","description":"Onde voc\u00ea tem vez e voz","potentialAction":[{"@type":"SearchAction","target":{"@type":"EntryPoint","urlTemplate":"https:\/\/folhapopular.info\/?s={search_term_string}"},"query-input":{"@type":"PropertyValueSpecification","valueRequired":true,"valueName":"search_term_string"}}],"inLanguage":"pt-BR"},{"@type":"Person","@id":"https:\/\/folhapopular.info\/#\/schema\/person\/2814e8a0df7643585a9ca38bc6eb9d4b","name":"Reda\u00e7\u00e3o Folha Popular","image":{"@type":"ImageObject","inLanguage":"pt-BR","@id":"https:\/\/folhapopular.info\/wp-content\/uploads\/2026\/04\/Folha-1.webp","url":"https:\/\/folhapopular.info\/wp-content\/uploads\/2026\/04\/Folha-1.webp","contentUrl":"https:\/\/folhapopular.info\/wp-content\/uploads\/2026\/04\/Folha-1.webp","caption":"Reda\u00e7\u00e3o Folha Popular"},"url":"https:\/\/folhapopular.info\/index.php\/author\/redacao\/"}]}},"jetpack_featured_media_url":"https:\/\/folhapopular.info\/wp-content\/uploads\/2022\/09\/WhatsApp-Image-2022-09-11-at-17.01.45-e1662930698848.jpeg","jetpack_sharing_enabled":true,"amp_enabled":true,"_links":{"self":[{"href":"https:\/\/folhapopular.info\/index.php\/wp-json\/wp\/v2\/posts\/112526","targetHints":{"allow":["GET"]}}],"collection":[{"href":"https:\/\/folhapopular.info\/index.php\/wp-json\/wp\/v2\/posts"}],"about":[{"href":"https:\/\/folhapopular.info\/index.php\/wp-json\/wp\/v2\/types\/post"}],"author":[{"embeddable":true,"href":"https:\/\/folhapopular.info\/index.php\/wp-json\/wp\/v2\/users\/8"}],"replies":[{"embeddable":true,"href":"https:\/\/folhapopular.info\/index.php\/wp-json\/wp\/v2\/comments?post=112526"}],"version-history":[{"count":0,"href":"https:\/\/folhapopular.info\/index.php\/wp-json\/wp\/v2\/posts\/112526\/revisions"}],"wp:featuredmedia":[{"embeddable":true,"href":"https:\/\/folhapopular.info\/index.php\/wp-json\/wp\/v2\/media\/112527"}],"wp:attachment":[{"href":"https:\/\/folhapopular.info\/index.php\/wp-json\/wp\/v2\/media?parent=112526"}],"wp:term":[{"taxonomy":"category","embeddable":true,"href":"https:\/\/folhapopular.info\/index.php\/wp-json\/wp\/v2\/categories?post=112526"},{"taxonomy":"post_tag","embeddable":true,"href":"https:\/\/folhapopular.info\/index.php\/wp-json\/wp\/v2\/tags?post=112526"}],"curies":[{"name":"wp","href":"https:\/\/api.w.org\/{rel}","templated":true}]}}