{"id":112548,"date":"2022-09-12T11:09:21","date_gmt":"2022-09-12T14:09:21","guid":{"rendered":"https:\/\/folhapopular.info\/?p=112548"},"modified":"2022-09-12T11:18:08","modified_gmt":"2022-09-12T14:18:08","slug":"ultimos-dias-para-cadastro-dos-estudantes-de-paverama-no-passe-livre-estudantil","status":"publish","type":"post","link":"https:\/\/folhapopular.info\/index.php\/2022\/09\/12\/ultimos-dias-para-cadastro-dos-estudantes-de-paverama-no-passe-livre-estudantil\/","title":{"rendered":"\u00daltimos dias para cadastro dos estudantes de Paverama no Passe Livre Estudantil"},"content":{"rendered":"\n<p>A prefeitura de Paverama realiza, at\u00e9 a pr\u00f3xima quarta-feira (14\/9), o cadastro e a atualiza\u00e7\u00e3o de estudantes do munic\u00edpio no Passe Livre Estudantil, oferecido pelo governo estadual.<\/p>\n\n\n\n<p>Os interessados em receber o benef\u00edcio devem comprovar renda per capita de at\u00e9 1,5 sal\u00e1rio-m\u00ednimo, estudar em cidade diferente da de resid\u00eancia e comprovar frequ\u00eancia no ensino m\u00e9dio noturno, universidades ou cursos t\u00e9cnico.<\/p>\n\n\n\n<p>A Funda\u00e7\u00e3o Estadual de Planejamento Metropolitano e Regional (Metroplan) fica respons\u00e1vel pela avalia\u00e7\u00e3o e posterior repasse de recursos ao munic\u00edpio, para posterior destina\u00e7\u00e3o aos alunos.<\/p>\n\n\n\n<p>O servi\u00e7o \u00e9 realizado junto \u00e0 secretaria de Educa\u00e7\u00e3o, Cultura, Desporto e Lazer, das 8h \u00e0s 12h e das 13h30 \u00e0s 17h. Mais informa\u00e7\u00f5es pelo (51) 3761-1515.<\/p>\n","protected":false},"excerpt":{"rendered":"<p>A prefeitura de Paverama realiza, at\u00e9 a pr\u00f3xima quarta-feira (14\/9), o cadastro e a atualiza\u00e7\u00e3o de estudantes do munic\u00edpio no Passe Livre Estudantil, oferecido pelo governo estadual. Os interessados em receber o benef\u00edcio devem comprovar renda per capita de at\u00e9 1,5 sal\u00e1rio-m\u00ednimo, estudar em cidade diferente da de resid\u00eancia e comprovar frequ\u00eancia no ensino m\u00e9dio [&hellip;]<\/p>\n","protected":false},"author":8,"featured_media":112554,"comment_status":"open","ping_status":"open","sticky":false,"template":"","format":"standard","meta":{"pmpro_default_level":"","_jetpack_memberships_contains_paid_content":false,"footnotes":""},"categories":[2],"tags":[2751,46],"class_list":{"0":"post-112548","1":"post","2":"type-post","3":"status-publish","4":"format-standard","5":"has-post-thumbnail","7":"category-featured","8":"tag-passe-livre-estudantil","9":"tag-paverama","10":"pmpro-has-access"},"yoast_head":"<!-- This site is optimized with the Yoast SEO plugin v27.5 - https:\/\/yoast.com\/product\/yoast-seo-wordpress\/ -->\n<title>\u00daltimos dias para cadastro dos estudantes de Paverama no Passe Livre Estudantil - Folha Popular<\/title>\n<meta name=\"description\" content=\"O servi\u00e7o \u00e9 realizado junto \u00e0 secretaria de Educa\u00e7\u00e3o, Cultura, Desporto e Lazer, das 8h \u00e0s 12h e das 13h30 \u00e0s 17h.\" \/>\n<meta name=\"robots\" content=\"index, follow, max-snippet:-1, max-image-preview:large, max-video-preview:-1\" \/>\n<link rel=\"canonical\" href=\"https:\/\/folhapopular.info\/index.php\/2022\/09\/12\/ultimos-dias-para-cadastro-dos-estudantes-de-paverama-no-passe-livre-estudantil\/\" \/>\n<meta property=\"og:locale\" content=\"pt_BR\" \/>\n<meta property=\"og:type\" content=\"article\" \/>\n<meta property=\"og:title\" content=\"\u00daltimos dias para cadastro dos estudantes de Paverama no Passe Livre Estudantil - Folha Popular\" \/>\n<meta property=\"og:description\" content=\"O servi\u00e7o \u00e9 realizado junto \u00e0 secretaria de Educa\u00e7\u00e3o, Cultura, Desporto e Lazer, das 8h \u00e0s 12h e das 13h30 \u00e0s 17h.\" \/>\n<meta property=\"og:url\" content=\"https:\/\/folhapopular.info\/index.php\/2022\/09\/12\/ultimos-dias-para-cadastro-dos-estudantes-de-paverama-no-passe-livre-estudantil\/\" \/>\n<meta property=\"og:site_name\" content=\"Folha Popular\" \/>\n<meta property=\"article:published_time\" content=\"2022-09-12T14:09:21+00:00\" \/>\n<meta property=\"article:modified_time\" content=\"2022-09-12T14:18:08+00:00\" \/>\n<meta property=\"og:image\" content=\"http:\/\/folhapopular.info\/wp-content\/uploads\/2022\/09\/passe-livre-estudantil-e1662991977844.png\" \/>\n\t<meta property=\"og:image:width\" content=\"394\" \/>\n\t<meta property=\"og:image:height\" content=\"128\" \/>\n\t<meta property=\"og:image:type\" content=\"image\/png\" \/>\n<meta name=\"author\" content=\"Reda\u00e7\u00e3o Folha Popular\" \/>\n<meta name=\"twitter:card\" content=\"summary_large_image\" \/>\n<meta name=\"twitter:label1\" content=\"Escrito por\" \/>\n\t<meta name=\"twitter:data1\" content=\"Reda\u00e7\u00e3o Folha Popular\" \/>\n\t<meta name=\"twitter:label2\" content=\"Est. tempo de leitura\" \/>\n\t<meta name=\"twitter:data2\" content=\"1 minuto\" \/>\n<script type=\"application\/ld+json\" class=\"yoast-schema-graph\">{\"@context\":\"https:\\\/\\\/schema.org\",\"@graph\":[{\"@type\":\"Article\",\"@id\":\"https:\\\/\\\/folhapopular.info\\\/index.php\\\/2022\\\/09\\\/12\\\/ultimos-dias-para-cadastro-dos-estudantes-de-paverama-no-passe-livre-estudantil\\\/#article\",\"isPartOf\":{\"@id\":\"https:\\\/\\\/folhapopular.info\\\/index.php\\\/2022\\\/09\\\/12\\\/ultimos-dias-para-cadastro-dos-estudantes-de-paverama-no-passe-livre-estudantil\\\/\"},\"author\":{\"name\":\"Reda\u00e7\u00e3o Folha Popular\",\"@id\":\"https:\\\/\\\/folhapopular.info\\\/#\\\/schema\\\/person\\\/2814e8a0df7643585a9ca38bc6eb9d4b\"},\"headline\":\"\u00daltimos dias para cadastro dos estudantes de Paverama no Passe Livre Estudantil\",\"datePublished\":\"2022-09-12T14:09:21+00:00\",\"dateModified\":\"2022-09-12T14:18:08+00:00\",\"mainEntityOfPage\":{\"@id\":\"https:\\\/\\\/folhapopular.info\\\/index.php\\\/2022\\\/09\\\/12\\\/ultimos-dias-para-cadastro-dos-estudantes-de-paverama-no-passe-livre-estudantil\\\/\"},\"wordCount\":137,\"commentCount\":0,\"image\":{\"@id\":\"https:\\\/\\\/folhapopular.info\\\/index.php\\\/2022\\\/09\\\/12\\\/ultimos-dias-para-cadastro-dos-estudantes-de-paverama-no-passe-livre-estudantil\\\/#primaryimage\"},\"thumbnailUrl\":\"https:\\\/\\\/folhapopular.info\\\/wp-content\\\/uploads\\\/2022\\\/09\\\/passe-livre-estudantil-e1662991977844.png\",\"keywords\":[\"Passe Livre Estudantil\",\"Paverama\"],\"articleSection\":[\"Destaques\"],\"inLanguage\":\"pt-BR\",\"potentialAction\":[{\"@type\":\"CommentAction\",\"name\":\"Comment\",\"target\":[\"https:\\\/\\\/folhapopular.info\\\/index.php\\\/2022\\\/09\\\/12\\\/ultimos-dias-para-cadastro-dos-estudantes-de-paverama-no-passe-livre-estudantil\\\/#respond\"]}]},{\"@type\":\"WebPage\",\"@id\":\"https:\\\/\\\/folhapopular.info\\\/index.php\\\/2022\\\/09\\\/12\\\/ultimos-dias-para-cadastro-dos-estudantes-de-paverama-no-passe-livre-estudantil\\\/\",\"url\":\"https:\\\/\\\/folhapopular.info\\\/index.php\\\/2022\\\/09\\\/12\\\/ultimos-dias-para-cadastro-dos-estudantes-de-paverama-no-passe-livre-estudantil\\\/\",\"name\":\"\u00daltimos dias para cadastro dos estudantes de Paverama no Passe Livre Estudantil - Folha Popular\",\"isPartOf\":{\"@id\":\"https:\\\/\\\/folhapopular.info\\\/#website\"},\"primaryImageOfPage\":{\"@id\":\"https:\\\/\\\/folhapopular.info\\\/index.php\\\/2022\\\/09\\\/12\\\/ultimos-dias-para-cadastro-dos-estudantes-de-paverama-no-passe-livre-estudantil\\\/#primaryimage\"},\"image\":{\"@id\":\"https:\\\/\\\/folhapopular.info\\\/index.php\\\/2022\\\/09\\\/12\\\/ultimos-dias-para-cadastro-dos-estudantes-de-paverama-no-passe-livre-estudantil\\\/#primaryimage\"},\"thumbnailUrl\":\"https:\\\/\\\/folhapopular.info\\\/wp-content\\\/uploads\\\/2022\\\/09\\\/passe-livre-estudantil-e1662991977844.png\",\"datePublished\":\"2022-09-12T14:09:21+00:00\",\"dateModified\":\"2022-09-12T14:18:08+00:00\",\"author\":{\"@id\":\"https:\\\/\\\/folhapopular.info\\\/#\\\/schema\\\/person\\\/2814e8a0df7643585a9ca38bc6eb9d4b\"},\"description\":\"O servi\u00e7o \u00e9 realizado junto \u00e0 secretaria de Educa\u00e7\u00e3o, Cultura, Desporto e Lazer, das 8h \u00e0s 12h e das 13h30 \u00e0s 17h.\",\"breadcrumb\":{\"@id\":\"https:\\\/\\\/folhapopular.info\\\/index.php\\\/2022\\\/09\\\/12\\\/ultimos-dias-para-cadastro-dos-estudantes-de-paverama-no-passe-livre-estudantil\\\/#breadcrumb\"},\"inLanguage\":\"pt-BR\",\"potentialAction\":[{\"@type\":\"ReadAction\",\"target\":[\"https:\\\/\\\/folhapopular.info\\\/index.php\\\/2022\\\/09\\\/12\\\/ultimos-dias-para-cadastro-dos-estudantes-de-paverama-no-passe-livre-estudantil\\\/\"]}]},{\"@type\":\"ImageObject\",\"inLanguage\":\"pt-BR\",\"@id\":\"https:\\\/\\\/folhapopular.info\\\/index.php\\\/2022\\\/09\\\/12\\\/ultimos-dias-para-cadastro-dos-estudantes-de-paverama-no-passe-livre-estudantil\\\/#primaryimage\",\"url\":\"https:\\\/\\\/folhapopular.info\\\/wp-content\\\/uploads\\\/2022\\\/09\\\/passe-livre-estudantil-e1662991977844.png\",\"contentUrl\":\"https:\\\/\\\/folhapopular.info\\\/wp-content\\\/uploads\\\/2022\\\/09\\\/passe-livre-estudantil-e1662991977844.png\",\"width\":394,\"height\":128,\"caption\":\"Cadastros e atualiza\u00e7\u00f5es encerram nesta quarta-feira. Cr\u00e9ditos: Divulga\u00e7\u00e3o\"},{\"@type\":\"BreadcrumbList\",\"@id\":\"https:\\\/\\\/folhapopular.info\\\/index.php\\\/2022\\\/09\\\/12\\\/ultimos-dias-para-cadastro-dos-estudantes-de-paverama-no-passe-livre-estudantil\\\/#breadcrumb\",\"itemListElement\":[{\"@type\":\"ListItem\",\"position\":1,\"name\":\"In\u00edcio\",\"item\":\"https:\\\/\\\/folhapopular.info\\\/\"},{\"@type\":\"ListItem\",\"position\":2,\"name\":\"\u00daltimos dias para cadastro dos estudantes de Paverama no Passe Livre Estudantil\"}]},{\"@type\":\"WebSite\",\"@id\":\"https:\\\/\\\/folhapopular.info\\\/#website\",\"url\":\"https:\\\/\\\/folhapopular.info\\\/\",\"name\":\"Folha Popular\",\"description\":\"Onde voc\u00ea tem vez e voz\",\"potentialAction\":[{\"@type\":\"SearchAction\",\"target\":{\"@type\":\"EntryPoint\",\"urlTemplate\":\"https:\\\/\\\/folhapopular.info\\\/?s={search_term_string}\"},\"query-input\":{\"@type\":\"PropertyValueSpecification\",\"valueRequired\":true,\"valueName\":\"search_term_string\"}}],\"inLanguage\":\"pt-BR\"},{\"@type\":\"Person\",\"@id\":\"https:\\\/\\\/folhapopular.info\\\/#\\\/schema\\\/person\\\/2814e8a0df7643585a9ca38bc6eb9d4b\",\"name\":\"Reda\u00e7\u00e3o Folha Popular\",\"image\":{\"@type\":\"ImageObject\",\"inLanguage\":\"pt-BR\",\"@id\":\"https:\\\/\\\/folhapopular.info\\\/wp-content\\\/uploads\\\/2026\\\/04\\\/Folha-1.webp\",\"url\":\"https:\\\/\\\/folhapopular.info\\\/wp-content\\\/uploads\\\/2026\\\/04\\\/Folha-1.webp\",\"contentUrl\":\"https:\\\/\\\/folhapopular.info\\\/wp-content\\\/uploads\\\/2026\\\/04\\\/Folha-1.webp\",\"caption\":\"Reda\u00e7\u00e3o Folha Popular\"},\"url\":\"https:\\\/\\\/folhapopular.info\\\/index.php\\\/author\\\/redacao\\\/\"}]}<\/script>\n<!-- \/ Yoast SEO plugin. -->","yoast_head_json":{"title":"\u00daltimos dias para cadastro dos estudantes de Paverama no Passe Livre Estudantil - Folha Popular","description":"O servi\u00e7o \u00e9 realizado junto \u00e0 secretaria de Educa\u00e7\u00e3o, Cultura, Desporto e Lazer, das 8h \u00e0s 12h e das 13h30 \u00e0s 17h.","robots":{"index":"index","follow":"follow","max-snippet":"max-snippet:-1","max-image-preview":"max-image-preview:large","max-video-preview":"max-video-preview:-1"},"canonical":"https:\/\/folhapopular.info\/index.php\/2022\/09\/12\/ultimos-dias-para-cadastro-dos-estudantes-de-paverama-no-passe-livre-estudantil\/","og_locale":"pt_BR","og_type":"article","og_title":"\u00daltimos dias para cadastro dos estudantes de Paverama no Passe Livre Estudantil - Folha Popular","og_description":"O servi\u00e7o \u00e9 realizado junto \u00e0 secretaria de Educa\u00e7\u00e3o, Cultura, Desporto e Lazer, das 8h \u00e0s 12h e das 13h30 \u00e0s 17h.","og_url":"https:\/\/folhapopular.info\/index.php\/2022\/09\/12\/ultimos-dias-para-cadastro-dos-estudantes-de-paverama-no-passe-livre-estudantil\/","og_site_name":"Folha Popular","article_published_time":"2022-09-12T14:09:21+00:00","article_modified_time":"2022-09-12T14:18:08+00:00","og_image":[{"width":394,"height":128,"url":"http:\/\/folhapopular.info\/wp-content\/uploads\/2022\/09\/passe-livre-estudantil-e1662991977844.png","type":"image\/png"}],"author":"Reda\u00e7\u00e3o Folha Popular","twitter_card":"summary_large_image","twitter_misc":{"Escrito por":"Reda\u00e7\u00e3o Folha Popular","Est. tempo de leitura":"1 minuto"},"schema":{"@context":"https:\/\/schema.org","@graph":[{"@type":"Article","@id":"https:\/\/folhapopular.info\/index.php\/2022\/09\/12\/ultimos-dias-para-cadastro-dos-estudantes-de-paverama-no-passe-livre-estudantil\/#article","isPartOf":{"@id":"https:\/\/folhapopular.info\/index.php\/2022\/09\/12\/ultimos-dias-para-cadastro-dos-estudantes-de-paverama-no-passe-livre-estudantil\/"},"author":{"name":"Reda\u00e7\u00e3o Folha Popular","@id":"https:\/\/folhapopular.info\/#\/schema\/person\/2814e8a0df7643585a9ca38bc6eb9d4b"},"headline":"\u00daltimos dias para cadastro dos estudantes de Paverama no Passe Livre Estudantil","datePublished":"2022-09-12T14:09:21+00:00","dateModified":"2022-09-12T14:18:08+00:00","mainEntityOfPage":{"@id":"https:\/\/folhapopular.info\/index.php\/2022\/09\/12\/ultimos-dias-para-cadastro-dos-estudantes-de-paverama-no-passe-livre-estudantil\/"},"wordCount":137,"commentCount":0,"image":{"@id":"https:\/\/folhapopular.info\/index.php\/2022\/09\/12\/ultimos-dias-para-cadastro-dos-estudantes-de-paverama-no-passe-livre-estudantil\/#primaryimage"},"thumbnailUrl":"https:\/\/folhapopular.info\/wp-content\/uploads\/2022\/09\/passe-livre-estudantil-e1662991977844.png","keywords":["Passe Livre Estudantil","Paverama"],"articleSection":["Destaques"],"inLanguage":"pt-BR","potentialAction":[{"@type":"CommentAction","name":"Comment","target":["https:\/\/folhapopular.info\/index.php\/2022\/09\/12\/ultimos-dias-para-cadastro-dos-estudantes-de-paverama-no-passe-livre-estudantil\/#respond"]}]},{"@type":"WebPage","@id":"https:\/\/folhapopular.info\/index.php\/2022\/09\/12\/ultimos-dias-para-cadastro-dos-estudantes-de-paverama-no-passe-livre-estudantil\/","url":"https:\/\/folhapopular.info\/index.php\/2022\/09\/12\/ultimos-dias-para-cadastro-dos-estudantes-de-paverama-no-passe-livre-estudantil\/","name":"\u00daltimos dias para cadastro dos estudantes de Paverama no Passe Livre Estudantil - Folha Popular","isPartOf":{"@id":"https:\/\/folhapopular.info\/#website"},"primaryImageOfPage":{"@id":"https:\/\/folhapopular.info\/index.php\/2022\/09\/12\/ultimos-dias-para-cadastro-dos-estudantes-de-paverama-no-passe-livre-estudantil\/#primaryimage"},"image":{"@id":"https:\/\/folhapopular.info\/index.php\/2022\/09\/12\/ultimos-dias-para-cadastro-dos-estudantes-de-paverama-no-passe-livre-estudantil\/#primaryimage"},"thumbnailUrl":"https:\/\/folhapopular.info\/wp-content\/uploads\/2022\/09\/passe-livre-estudantil-e1662991977844.png","datePublished":"2022-09-12T14:09:21+00:00","dateModified":"2022-09-12T14:18:08+00:00","author":{"@id":"https:\/\/folhapopular.info\/#\/schema\/person\/2814e8a0df7643585a9ca38bc6eb9d4b"},"description":"O servi\u00e7o \u00e9 realizado junto \u00e0 secretaria de Educa\u00e7\u00e3o, Cultura, Desporto e Lazer, das 8h \u00e0s 12h e das 13h30 \u00e0s 17h.","breadcrumb":{"@id":"https:\/\/folhapopular.info\/index.php\/2022\/09\/12\/ultimos-dias-para-cadastro-dos-estudantes-de-paverama-no-passe-livre-estudantil\/#breadcrumb"},"inLanguage":"pt-BR","potentialAction":[{"@type":"ReadAction","target":["https:\/\/folhapopular.info\/index.php\/2022\/09\/12\/ultimos-dias-para-cadastro-dos-estudantes-de-paverama-no-passe-livre-estudantil\/"]}]},{"@type":"ImageObject","inLanguage":"pt-BR","@id":"https:\/\/folhapopular.info\/index.php\/2022\/09\/12\/ultimos-dias-para-cadastro-dos-estudantes-de-paverama-no-passe-livre-estudantil\/#primaryimage","url":"https:\/\/folhapopular.info\/wp-content\/uploads\/2022\/09\/passe-livre-estudantil-e1662991977844.png","contentUrl":"https:\/\/folhapopular.info\/wp-content\/uploads\/2022\/09\/passe-livre-estudantil-e1662991977844.png","width":394,"height":128,"caption":"Cadastros e atualiza\u00e7\u00f5es encerram nesta quarta-feira. Cr\u00e9ditos: Divulga\u00e7\u00e3o"},{"@type":"BreadcrumbList","@id":"https:\/\/folhapopular.info\/index.php\/2022\/09\/12\/ultimos-dias-para-cadastro-dos-estudantes-de-paverama-no-passe-livre-estudantil\/#breadcrumb","itemListElement":[{"@type":"ListItem","position":1,"name":"In\u00edcio","item":"https:\/\/folhapopular.info\/"},{"@type":"ListItem","position":2,"name":"\u00daltimos dias para cadastro dos estudantes de Paverama no Passe Livre Estudantil"}]},{"@type":"WebSite","@id":"https:\/\/folhapopular.info\/#website","url":"https:\/\/folhapopular.info\/","name":"Folha Popular","description":"Onde voc\u00ea tem vez e voz","potentialAction":[{"@type":"SearchAction","target":{"@type":"EntryPoint","urlTemplate":"https:\/\/folhapopular.info\/?s={search_term_string}"},"query-input":{"@type":"PropertyValueSpecification","valueRequired":true,"valueName":"search_term_string"}}],"inLanguage":"pt-BR"},{"@type":"Person","@id":"https:\/\/folhapopular.info\/#\/schema\/person\/2814e8a0df7643585a9ca38bc6eb9d4b","name":"Reda\u00e7\u00e3o Folha Popular","image":{"@type":"ImageObject","inLanguage":"pt-BR","@id":"https:\/\/folhapopular.info\/wp-content\/uploads\/2026\/04\/Folha-1.webp","url":"https:\/\/folhapopular.info\/wp-content\/uploads\/2026\/04\/Folha-1.webp","contentUrl":"https:\/\/folhapopular.info\/wp-content\/uploads\/2026\/04\/Folha-1.webp","caption":"Reda\u00e7\u00e3o Folha Popular"},"url":"https:\/\/folhapopular.info\/index.php\/author\/redacao\/"}]}},"jetpack_featured_media_url":"https:\/\/folhapopular.info\/wp-content\/uploads\/2022\/09\/passe-livre-estudantil-e1662991977844.png","jetpack_sharing_enabled":true,"amp_enabled":true,"_links":{"self":[{"href":"https:\/\/folhapopular.info\/index.php\/wp-json\/wp\/v2\/posts\/112548","targetHints":{"allow":["GET"]}}],"collection":[{"href":"https:\/\/folhapopular.info\/index.php\/wp-json\/wp\/v2\/posts"}],"about":[{"href":"https:\/\/folhapopular.info\/index.php\/wp-json\/wp\/v2\/types\/post"}],"author":[{"embeddable":true,"href":"https:\/\/folhapopular.info\/index.php\/wp-json\/wp\/v2\/users\/8"}],"replies":[{"embeddable":true,"href":"https:\/\/folhapopular.info\/index.php\/wp-json\/wp\/v2\/comments?post=112548"}],"version-history":[{"count":0,"href":"https:\/\/folhapopular.info\/index.php\/wp-json\/wp\/v2\/posts\/112548\/revisions"}],"wp:featuredmedia":[{"embeddable":true,"href":"https:\/\/folhapopular.info\/index.php\/wp-json\/wp\/v2\/media\/112554"}],"wp:attachment":[{"href":"https:\/\/folhapopular.info\/index.php\/wp-json\/wp\/v2\/media?parent=112548"}],"wp:term":[{"taxonomy":"category","embeddable":true,"href":"https:\/\/folhapopular.info\/index.php\/wp-json\/wp\/v2\/categories?post=112548"},{"taxonomy":"post_tag","embeddable":true,"href":"https:\/\/folhapopular.info\/index.php\/wp-json\/wp\/v2\/tags?post=112548"}],"curies":[{"name":"wp","href":"https:\/\/api.w.org\/{rel}","templated":true}]}}