{"id":112575,"date":"2022-09-12T16:17:39","date_gmt":"2022-09-12T19:17:39","guid":{"rendered":"https:\/\/folhapopular.info\/?p=112575"},"modified":"2022-09-12T16:53:53","modified_gmt":"2022-09-12T19:53:53","slug":"primeiros-dias-de-acampamento-farroupilha-movimentam-o-centro-administrativo-em-teutonia","status":"publish","type":"post","link":"https:\/\/folhapopular.info\/index.php\/2022\/09\/12\/primeiros-dias-de-acampamento-farroupilha-movimentam-o-centro-administrativo-em-teutonia\/","title":{"rendered":"Primeiros dias de Acampamento Farroupilha movimentam o Centro Administrativo em Teut\u00f4nia"},"content":{"rendered":"\n<p>Aberto oficialmente no s\u00e1bado (10\/9), o Acampamento Farroupilha j\u00e1 trouxe grande movimento ao Centro Administrativo de Teut\u00f4nia em seu primeiro fim de semana. <\/p>\n\n\n\n<p>A noite de s\u00e1bado teve seus primeiros show. Subiram ao palco Jeferson, Anderson &amp; Banda, e na sequ\u00eancia, Os Buenachos.<\/p>\n\n\n\n<p>Al\u00e9m disso, os piquetes proporcionaram um verdadeiro culto \u00e0 tradi\u00e7\u00e3o por meio de comidas t\u00edpicas, m\u00fasica, dan\u00e7as e muita integra\u00e7\u00e3o.<\/p>\n\n\n\n<p>Antes disso, uma cerim\u00f4nia deu in\u00edcio \u00e0 programa\u00e7\u00e3o. O ato iniciou com a Cavalgada da Chama Crioula. A sa\u00edda foi no CTG Porteira dos Pampas, em Canabarro, e seguiu at\u00e9 o Acampamento, no Centro Administrativo.<\/p>\n\n\n\n<p>No local, foi realizado o acendimento do candieiro oficial do Acampamento Farroupilha. O ato contou ainda com apresenta\u00e7\u00e3o do Coral Municipal e a declama\u00e7\u00e3o da poesia \u201cCandieiro Farroupilha\u201d, por Carlos Peixoto.<\/p>\n\n\n\n<p>O secret\u00e1rio de Juventude, Cultura, Esporte e Lazer de Teut\u00f4nia, Luias Wermann, avalia com positividade o primeiro fim de semana do evento. \u201cTempo colaborou em todos os dias, apenas na sexta feira deu uma pancada de chuva para aben\u00e7oar o evento\u201d, considera.<\/p>\n\n\n\n<p>Segundo ele, o fato do desfile ter come\u00e7ado no Bairro Canabarro trouxe mais ades\u00e3o ao momento. \u201cAlegria do pessoal no bairro Canabarro em receber a cavalgada\u201d, comenta.<\/p>\n\n\n\n<p>Salienta que o s\u00e1bado e domingo ensolarados atra\u00edram o p\u00fablico que pode aproveitar os piquetes em fam\u00edlia. \u201cApesar do frio s\u00e1bado \u00e0 noite, o show com os Buenachos teve um bom p\u00fablico presente\u201d, pondera. Para animar ainda mais o domingo, os gaiteiros dos N\u00facleos de Cultura visitaram os piquetes com muita m\u00fasica.<\/p>\n\n\n\n<p>Durante a semana, os piquetes realizam suas atividades em seus espa\u00e7os. A programa\u00e7\u00e3o retorna na quinta-feira (15\/9), com uma roda de conversa promovida pela Cooperativa Languiru. O momento ser\u00e1 com Juliano Souza e Alan Coutinho para falar sobre doma e la\u00e7o comprido, a partir das 19h30.<\/p>\n\n\n\n<p>Na sexta-feira (16\/9), voltam as programa\u00e7\u00f5es art\u00edsticas e shows. \u00c0s 19h tem Noite da Fuma\u00e7a. \u00c0s 20h apresenta\u00e7\u00e3o da Invernada Art\u00edstica do CTG Porteira dos Pampas. E \u00e0s 22h show com Os Centauros.<\/p>\n\n\n\n<p>No s\u00e1bado (17\/9), a partir das 19h30 tem show com Luz de Candieiro. \u00c0s 22h \u00e9 a vez das Invernadas Art\u00edsticas do CTG Rinc\u00e3o das Coxilhas. E fechando a noite, \u00e0s 22h30, tem Os Bertussi.<\/p>\n\n\n\n<p>O Acampamento e a Semana Farroupilha encerram no dia 20 de setembro (ter\u00e7a-feira) com o tradicional Desfile Farroupilha. A sa\u00edda est\u00e1 marcada para as 9h, no Agrocenter Languiru. \u00c0s 10h30 acontece o culto e missa campeira. E o encerramento est\u00e1 marcado para as 18h.<\/p>\n\n\n\n<p><strong>Viver as tradi\u00e7\u00f5es<\/strong><\/p>\n\n\n\n<p>Para quem \u00e9 apaixonado pelo tradicionalismo, o Acampamento Farroupilha \u00e9 mais que um evento. \u00c9 o momento de vivenciar com intensidade e dedica\u00e7\u00e3o a cultura gaud\u00e9ria. S\u00e3o dias dedicados ao piquete, \u00e0 culin\u00e1ria, aos momentos de integra\u00e7\u00e3o e troca.<\/p>\n\n\n\n<p>Ailton Lemos de Oliveira (58) \u00e9 um destes apaixonados. Ele integra o Piquete Popular, de Teut\u00f4nia, e participou de todas as edi\u00e7\u00f5es do evento. \u201cSomos sempre os primeiros a fazer o piquete\u201d, conta orgulhoso.<\/p>\n\n\n\n<p>Ele explica que o gosto pela cultura ga\u00facha \u00e9 uma tradi\u00e7\u00e3o que j\u00e1 vem dos pais dele e que foi sendo repassada de gera\u00e7\u00e3o em gera\u00e7\u00e3o. \u201cUma tradi\u00e7\u00e3o que nunca podemos deixar fora, uma cultura que n\u00e3o podemos deixar cair. Temos sempre que ser ativos nestas culturas campeiras\u201d, declara.<\/p>\n\n\n\n<p>Ele considera que a lida e a vida no piquete \u00e9 mais \u00e0 vontade, com fogo no ch\u00e3o, e sempre tendo um chimarr\u00e3o \u00e0 m\u00e3o. \u201cHoje j\u00e1 fiz um entrevero para 20 pessoas, estamos todos juntos sempre\u201d, conta.<\/p>\n\n\n\n<p>Por dois anos o Acampamento Farroupilha esteve limitado devido \u00e0 pandemia. Pela primeira vez ap\u00f3s a emerg\u00eancia sanit\u00e1ria ele volta a ocorrer nos moldes normais. Oliveira afirma que j\u00e1 \u00e9 um momento bem diferente. \u201cO pessoal estava com vontade de sair para fazer isso, porque estava tudo meio preso. Sentimos falta de n\u00e3o poder fazer durante a pandemia. Esse agora est\u00e1 a todo vapor, com 22 piquetes, estamos bem e tranquilos\u201d, avalia.<\/p>\n\n\n\n<p>Mas al\u00e9m de receber tradicionalistas e participantes dos piquetes, os espa\u00e7os atraem tamb\u00e9m a curiosidade e visita do p\u00fablico em geral, que vem conhecer o Acampamento e participar dos shows. Oliveira afirma que todos s\u00e3o bem-vindos e bem recebidos nos piquetes. \u201cOs visitantes v\u00e3o passando, temos chimarr\u00e3o, assamos uma carne. Eu mesmo tinha uma lingui\u00e7a campeira aqui, e fizemos um caf\u00e9 com gente que nem \u00e9 dos piquetes, que estavam a\u00ed visitando. Ent\u00e3o pode chegar que \u00e9 bem-vindo aqui\u201d, pontua.<\/p>\n\n\n\n<figure class=\"wp-block-image size-large\"><img loading=\"lazy\" decoding=\"async\" width=\"1024\" height=\"683\" src=\"https:\/\/folhapopular.info\/wp-content\/uploads\/2022\/09\/Acampamento-Farroupilha_Div-1024x683.jpg\" alt=\"\" class=\"wp-image-112577\" srcset=\"https:\/\/folhapopular.info\/wp-content\/uploads\/2022\/09\/Acampamento-Farroupilha_Div-1024x683.jpg 1024w, https:\/\/folhapopular.info\/wp-content\/uploads\/2022\/09\/Acampamento-Farroupilha_Div-300x200.jpg 300w, https:\/\/folhapopular.info\/wp-content\/uploads\/2022\/09\/Acampamento-Farroupilha_Div-768x512.jpg 768w, https:\/\/folhapopular.info\/wp-content\/uploads\/2022\/09\/Acampamento-Farroupilha_Div-696x464.jpg 696w, https:\/\/folhapopular.info\/wp-content\/uploads\/2022\/09\/Acampamento-Farroupilha_Div-1068x712.jpg 1068w, https:\/\/folhapopular.info\/wp-content\/uploads\/2022\/09\/Acampamento-Farroupilha_Div.jpg 1440w\" sizes=\"auto, (max-width: 1024px) 100vw, 1024px\" \/><figcaption>Primeiros dias atra\u00edram visitantes ao Acampamento<\/figcaption><\/figure>\n","protected":false},"excerpt":{"rendered":"<p>Aberto oficialmente no s\u00e1bado (10\/9), o Acampamento Farroupilha j\u00e1 trouxe grande movimento ao Centro Administrativo de Teut\u00f4nia em seu primeiro fim de semana. A noite de s\u00e1bado teve seus primeiros show. Subiram ao palco Jeferson, Anderson &amp; Banda, e na sequ\u00eancia, Os Buenachos. Al\u00e9m disso, os piquetes proporcionaram um verdadeiro culto \u00e0 tradi\u00e7\u00e3o por meio [&hellip;]<\/p>\n","protected":false},"author":5,"featured_media":112576,"comment_status":"open","ping_status":"open","sticky":false,"template":"","format":"standard","meta":{"pmpro_default_level":"","_jetpack_memberships_contains_paid_content":false,"footnotes":""},"categories":[2,3],"tags":[980,26],"class_list":{"0":"post-112575","1":"post","2":"type-post","3":"status-publish","4":"format-standard","5":"has-post-thumbnail","7":"category-featured","8":"category-geral","9":"tag-acampamento-farroupilha","10":"tag-teutonia","11":"pmpro-has-access"},"yoast_head":"<!-- This site is optimized with the Yoast SEO plugin v27.5 - https:\/\/yoast.com\/product\/yoast-seo-wordpress\/ -->\n<title>Primeiros dias de Acampamento Farroupilha movimentam o Centro Administrativo em Teut\u00f4nia - Folha Popular<\/title>\n<meta name=\"robots\" content=\"index, follow, max-snippet:-1, max-image-preview:large, max-video-preview:-1\" \/>\n<link rel=\"canonical\" href=\"https:\/\/folhapopular.info\/index.php\/2022\/09\/12\/primeiros-dias-de-acampamento-farroupilha-movimentam-o-centro-administrativo-em-teutonia\/\" \/>\n<meta property=\"og:locale\" content=\"pt_BR\" \/>\n<meta property=\"og:type\" content=\"article\" \/>\n<meta property=\"og:title\" content=\"Primeiros dias de Acampamento Farroupilha movimentam o Centro Administrativo em Teut\u00f4nia - Folha Popular\" \/>\n<meta property=\"og:description\" content=\"Aberto oficialmente no s\u00e1bado (10\/9), o Acampamento Farroupilha j\u00e1 trouxe grande movimento ao Centro Administrativo de Teut\u00f4nia em seu primeiro fim de semana. A noite de s\u00e1bado teve seus primeiros show. Subiram ao palco Jeferson, Anderson &amp; Banda, e na sequ\u00eancia, Os Buenachos. Al\u00e9m disso, os piquetes proporcionaram um verdadeiro culto \u00e0 tradi\u00e7\u00e3o por meio [&hellip;]\" \/>\n<meta property=\"og:url\" content=\"https:\/\/folhapopular.info\/index.php\/2022\/09\/12\/primeiros-dias-de-acampamento-farroupilha-movimentam-o-centro-administrativo-em-teutonia\/\" \/>\n<meta property=\"og:site_name\" content=\"Folha Popular\" \/>\n<meta property=\"article:published_time\" content=\"2022-09-12T19:17:39+00:00\" \/>\n<meta property=\"article:modified_time\" content=\"2022-09-12T19:53:53+00:00\" \/>\n<meta property=\"og:image\" content=\"http:\/\/folhapopular.info\/wp-content\/uploads\/2022\/09\/2022_09_12_Piquete-Popular_PG-scaled-e1663010109830.jpg\" \/>\n\t<meta property=\"og:image:width\" content=\"1200\" \/>\n\t<meta property=\"og:image:height\" content=\"797\" \/>\n\t<meta property=\"og:image:type\" content=\"image\/jpeg\" \/>\n<meta name=\"author\" content=\"Paloma Cristine Griesang\" \/>\n<meta name=\"twitter:card\" content=\"summary_large_image\" \/>\n<meta name=\"twitter:label1\" content=\"Escrito por\" \/>\n\t<meta name=\"twitter:data1\" content=\"Paloma Cristine Griesang\" \/>\n\t<meta name=\"twitter:label2\" content=\"Est. tempo de leitura\" \/>\n\t<meta name=\"twitter:data2\" content=\"5 minutos\" \/>\n<script type=\"application\/ld+json\" class=\"yoast-schema-graph\">{\"@context\":\"https:\\\/\\\/schema.org\",\"@graph\":[{\"@type\":\"Article\",\"@id\":\"https:\\\/\\\/folhapopular.info\\\/index.php\\\/2022\\\/09\\\/12\\\/primeiros-dias-de-acampamento-farroupilha-movimentam-o-centro-administrativo-em-teutonia\\\/#article\",\"isPartOf\":{\"@id\":\"https:\\\/\\\/folhapopular.info\\\/index.php\\\/2022\\\/09\\\/12\\\/primeiros-dias-de-acampamento-farroupilha-movimentam-o-centro-administrativo-em-teutonia\\\/\"},\"author\":{\"name\":\"Paloma Cristine Griesang\",\"@id\":\"https:\\\/\\\/folhapopular.info\\\/#\\\/schema\\\/person\\\/6441c3adb14a6337552a9700ef5698d2\"},\"headline\":\"Primeiros dias de Acampamento Farroupilha movimentam o Centro Administrativo em Teut\u00f4nia\",\"datePublished\":\"2022-09-12T19:17:39+00:00\",\"dateModified\":\"2022-09-12T19:53:53+00:00\",\"mainEntityOfPage\":{\"@id\":\"https:\\\/\\\/folhapopular.info\\\/index.php\\\/2022\\\/09\\\/12\\\/primeiros-dias-de-acampamento-farroupilha-movimentam-o-centro-administrativo-em-teutonia\\\/\"},\"wordCount\":789,\"commentCount\":0,\"image\":{\"@id\":\"https:\\\/\\\/folhapopular.info\\\/index.php\\\/2022\\\/09\\\/12\\\/primeiros-dias-de-acampamento-farroupilha-movimentam-o-centro-administrativo-em-teutonia\\\/#primaryimage\"},\"thumbnailUrl\":\"https:\\\/\\\/folhapopular.info\\\/wp-content\\\/uploads\\\/2022\\\/09\\\/2022_09_12_Piquete-Popular_PG-scaled-e1663010109830.jpg\",\"keywords\":[\"Acampamento Farroupilha\",\"Teut\u00f4nia\"],\"articleSection\":[\"Destaques\",\"Geral\"],\"inLanguage\":\"pt-BR\",\"potentialAction\":[{\"@type\":\"CommentAction\",\"name\":\"Comment\",\"target\":[\"https:\\\/\\\/folhapopular.info\\\/index.php\\\/2022\\\/09\\\/12\\\/primeiros-dias-de-acampamento-farroupilha-movimentam-o-centro-administrativo-em-teutonia\\\/#respond\"]}]},{\"@type\":\"WebPage\",\"@id\":\"https:\\\/\\\/folhapopular.info\\\/index.php\\\/2022\\\/09\\\/12\\\/primeiros-dias-de-acampamento-farroupilha-movimentam-o-centro-administrativo-em-teutonia\\\/\",\"url\":\"https:\\\/\\\/folhapopular.info\\\/index.php\\\/2022\\\/09\\\/12\\\/primeiros-dias-de-acampamento-farroupilha-movimentam-o-centro-administrativo-em-teutonia\\\/\",\"name\":\"Primeiros dias de Acampamento Farroupilha movimentam o Centro Administrativo em Teut\u00f4nia - Folha Popular\",\"isPartOf\":{\"@id\":\"https:\\\/\\\/folhapopular.info\\\/#website\"},\"primaryImageOfPage\":{\"@id\":\"https:\\\/\\\/folhapopular.info\\\/index.php\\\/2022\\\/09\\\/12\\\/primeiros-dias-de-acampamento-farroupilha-movimentam-o-centro-administrativo-em-teutonia\\\/#primaryimage\"},\"image\":{\"@id\":\"https:\\\/\\\/folhapopular.info\\\/index.php\\\/2022\\\/09\\\/12\\\/primeiros-dias-de-acampamento-farroupilha-movimentam-o-centro-administrativo-em-teutonia\\\/#primaryimage\"},\"thumbnailUrl\":\"https:\\\/\\\/folhapopular.info\\\/wp-content\\\/uploads\\\/2022\\\/09\\\/2022_09_12_Piquete-Popular_PG-scaled-e1663010109830.jpg\",\"datePublished\":\"2022-09-12T19:17:39+00:00\",\"dateModified\":\"2022-09-12T19:53:53+00:00\",\"author\":{\"@id\":\"https:\\\/\\\/folhapopular.info\\\/#\\\/schema\\\/person\\\/6441c3adb14a6337552a9700ef5698d2\"},\"breadcrumb\":{\"@id\":\"https:\\\/\\\/folhapopular.info\\\/index.php\\\/2022\\\/09\\\/12\\\/primeiros-dias-de-acampamento-farroupilha-movimentam-o-centro-administrativo-em-teutonia\\\/#breadcrumb\"},\"inLanguage\":\"pt-BR\",\"potentialAction\":[{\"@type\":\"ReadAction\",\"target\":[\"https:\\\/\\\/folhapopular.info\\\/index.php\\\/2022\\\/09\\\/12\\\/primeiros-dias-de-acampamento-farroupilha-movimentam-o-centro-administrativo-em-teutonia\\\/\"]}]},{\"@type\":\"ImageObject\",\"inLanguage\":\"pt-BR\",\"@id\":\"https:\\\/\\\/folhapopular.info\\\/index.php\\\/2022\\\/09\\\/12\\\/primeiros-dias-de-acampamento-farroupilha-movimentam-o-centro-administrativo-em-teutonia\\\/#primaryimage\",\"url\":\"https:\\\/\\\/folhapopular.info\\\/wp-content\\\/uploads\\\/2022\\\/09\\\/2022_09_12_Piquete-Popular_PG-scaled-e1663010109830.jpg\",\"contentUrl\":\"https:\\\/\\\/folhapopular.info\\\/wp-content\\\/uploads\\\/2022\\\/09\\\/2022_09_12_Piquete-Popular_PG-scaled-e1663010109830.jpg\",\"width\":1200,\"height\":797,\"caption\":\"No Piquete Popular, Ailton Lemos de Oliveira (e) recebe a todos com entusiasmo \\\/ Cr\u00e9dito da foto: Paloma Griesang\"},{\"@type\":\"BreadcrumbList\",\"@id\":\"https:\\\/\\\/folhapopular.info\\\/index.php\\\/2022\\\/09\\\/12\\\/primeiros-dias-de-acampamento-farroupilha-movimentam-o-centro-administrativo-em-teutonia\\\/#breadcrumb\",\"itemListElement\":[{\"@type\":\"ListItem\",\"position\":1,\"name\":\"In\u00edcio\",\"item\":\"https:\\\/\\\/folhapopular.info\\\/\"},{\"@type\":\"ListItem\",\"position\":2,\"name\":\"Primeiros dias de Acampamento Farroupilha movimentam o Centro Administrativo em Teut\u00f4nia\"}]},{\"@type\":\"WebSite\",\"@id\":\"https:\\\/\\\/folhapopular.info\\\/#website\",\"url\":\"https:\\\/\\\/folhapopular.info\\\/\",\"name\":\"Folha Popular\",\"description\":\"Onde voc\u00ea tem vez e voz\",\"potentialAction\":[{\"@type\":\"SearchAction\",\"target\":{\"@type\":\"EntryPoint\",\"urlTemplate\":\"https:\\\/\\\/folhapopular.info\\\/?s={search_term_string}\"},\"query-input\":{\"@type\":\"PropertyValueSpecification\",\"valueRequired\":true,\"valueName\":\"search_term_string\"}}],\"inLanguage\":\"pt-BR\"},{\"@type\":\"Person\",\"@id\":\"https:\\\/\\\/folhapopular.info\\\/#\\\/schema\\\/person\\\/6441c3adb14a6337552a9700ef5698d2\",\"name\":\"Paloma Cristine Griesang\",\"image\":{\"@type\":\"ImageObject\",\"inLanguage\":\"pt-BR\",\"@id\":\"https:\\\/\\\/secure.gravatar.com\\\/avatar\\\/7a1c3f1e1b05846882a13987cf3bd04239fe0ea8fd472d7d16d7f21c265005a5?s=96&d=mm&r=g\",\"url\":\"https:\\\/\\\/secure.gravatar.com\\\/avatar\\\/7a1c3f1e1b05846882a13987cf3bd04239fe0ea8fd472d7d16d7f21c265005a5?s=96&d=mm&r=g\",\"contentUrl\":\"https:\\\/\\\/secure.gravatar.com\\\/avatar\\\/7a1c3f1e1b05846882a13987cf3bd04239fe0ea8fd472d7d16d7f21c265005a5?s=96&d=mm&r=g\",\"caption\":\"Paloma Cristine Griesang\"},\"url\":\"https:\\\/\\\/folhapopular.info\\\/index.php\\\/author\\\/paloma-griesang\\\/\"}]}<\/script>\n<!-- \/ Yoast SEO plugin. -->","yoast_head_json":{"title":"Primeiros dias de Acampamento Farroupilha movimentam o Centro Administrativo em Teut\u00f4nia - Folha Popular","robots":{"index":"index","follow":"follow","max-snippet":"max-snippet:-1","max-image-preview":"max-image-preview:large","max-video-preview":"max-video-preview:-1"},"canonical":"https:\/\/folhapopular.info\/index.php\/2022\/09\/12\/primeiros-dias-de-acampamento-farroupilha-movimentam-o-centro-administrativo-em-teutonia\/","og_locale":"pt_BR","og_type":"article","og_title":"Primeiros dias de Acampamento Farroupilha movimentam o Centro Administrativo em Teut\u00f4nia - Folha Popular","og_description":"Aberto oficialmente no s\u00e1bado (10\/9), o Acampamento Farroupilha j\u00e1 trouxe grande movimento ao Centro Administrativo de Teut\u00f4nia em seu primeiro fim de semana. A noite de s\u00e1bado teve seus primeiros show. Subiram ao palco Jeferson, Anderson &amp; Banda, e na sequ\u00eancia, Os Buenachos. Al\u00e9m disso, os piquetes proporcionaram um verdadeiro culto \u00e0 tradi\u00e7\u00e3o por meio [&hellip;]","og_url":"https:\/\/folhapopular.info\/index.php\/2022\/09\/12\/primeiros-dias-de-acampamento-farroupilha-movimentam-o-centro-administrativo-em-teutonia\/","og_site_name":"Folha Popular","article_published_time":"2022-09-12T19:17:39+00:00","article_modified_time":"2022-09-12T19:53:53+00:00","og_image":[{"width":1200,"height":797,"url":"http:\/\/folhapopular.info\/wp-content\/uploads\/2022\/09\/2022_09_12_Piquete-Popular_PG-scaled-e1663010109830.jpg","type":"image\/jpeg"}],"author":"Paloma Cristine Griesang","twitter_card":"summary_large_image","twitter_misc":{"Escrito por":"Paloma Cristine Griesang","Est. tempo de leitura":"5 minutos"},"schema":{"@context":"https:\/\/schema.org","@graph":[{"@type":"Article","@id":"https:\/\/folhapopular.info\/index.php\/2022\/09\/12\/primeiros-dias-de-acampamento-farroupilha-movimentam-o-centro-administrativo-em-teutonia\/#article","isPartOf":{"@id":"https:\/\/folhapopular.info\/index.php\/2022\/09\/12\/primeiros-dias-de-acampamento-farroupilha-movimentam-o-centro-administrativo-em-teutonia\/"},"author":{"name":"Paloma Cristine Griesang","@id":"https:\/\/folhapopular.info\/#\/schema\/person\/6441c3adb14a6337552a9700ef5698d2"},"headline":"Primeiros dias de Acampamento Farroupilha movimentam o Centro Administrativo em Teut\u00f4nia","datePublished":"2022-09-12T19:17:39+00:00","dateModified":"2022-09-12T19:53:53+00:00","mainEntityOfPage":{"@id":"https:\/\/folhapopular.info\/index.php\/2022\/09\/12\/primeiros-dias-de-acampamento-farroupilha-movimentam-o-centro-administrativo-em-teutonia\/"},"wordCount":789,"commentCount":0,"image":{"@id":"https:\/\/folhapopular.info\/index.php\/2022\/09\/12\/primeiros-dias-de-acampamento-farroupilha-movimentam-o-centro-administrativo-em-teutonia\/#primaryimage"},"thumbnailUrl":"https:\/\/folhapopular.info\/wp-content\/uploads\/2022\/09\/2022_09_12_Piquete-Popular_PG-scaled-e1663010109830.jpg","keywords":["Acampamento Farroupilha","Teut\u00f4nia"],"articleSection":["Destaques","Geral"],"inLanguage":"pt-BR","potentialAction":[{"@type":"CommentAction","name":"Comment","target":["https:\/\/folhapopular.info\/index.php\/2022\/09\/12\/primeiros-dias-de-acampamento-farroupilha-movimentam-o-centro-administrativo-em-teutonia\/#respond"]}]},{"@type":"WebPage","@id":"https:\/\/folhapopular.info\/index.php\/2022\/09\/12\/primeiros-dias-de-acampamento-farroupilha-movimentam-o-centro-administrativo-em-teutonia\/","url":"https:\/\/folhapopular.info\/index.php\/2022\/09\/12\/primeiros-dias-de-acampamento-farroupilha-movimentam-o-centro-administrativo-em-teutonia\/","name":"Primeiros dias de Acampamento Farroupilha movimentam o Centro Administrativo em Teut\u00f4nia - Folha Popular","isPartOf":{"@id":"https:\/\/folhapopular.info\/#website"},"primaryImageOfPage":{"@id":"https:\/\/folhapopular.info\/index.php\/2022\/09\/12\/primeiros-dias-de-acampamento-farroupilha-movimentam-o-centro-administrativo-em-teutonia\/#primaryimage"},"image":{"@id":"https:\/\/folhapopular.info\/index.php\/2022\/09\/12\/primeiros-dias-de-acampamento-farroupilha-movimentam-o-centro-administrativo-em-teutonia\/#primaryimage"},"thumbnailUrl":"https:\/\/folhapopular.info\/wp-content\/uploads\/2022\/09\/2022_09_12_Piquete-Popular_PG-scaled-e1663010109830.jpg","datePublished":"2022-09-12T19:17:39+00:00","dateModified":"2022-09-12T19:53:53+00:00","author":{"@id":"https:\/\/folhapopular.info\/#\/schema\/person\/6441c3adb14a6337552a9700ef5698d2"},"breadcrumb":{"@id":"https:\/\/folhapopular.info\/index.php\/2022\/09\/12\/primeiros-dias-de-acampamento-farroupilha-movimentam-o-centro-administrativo-em-teutonia\/#breadcrumb"},"inLanguage":"pt-BR","potentialAction":[{"@type":"ReadAction","target":["https:\/\/folhapopular.info\/index.php\/2022\/09\/12\/primeiros-dias-de-acampamento-farroupilha-movimentam-o-centro-administrativo-em-teutonia\/"]}]},{"@type":"ImageObject","inLanguage":"pt-BR","@id":"https:\/\/folhapopular.info\/index.php\/2022\/09\/12\/primeiros-dias-de-acampamento-farroupilha-movimentam-o-centro-administrativo-em-teutonia\/#primaryimage","url":"https:\/\/folhapopular.info\/wp-content\/uploads\/2022\/09\/2022_09_12_Piquete-Popular_PG-scaled-e1663010109830.jpg","contentUrl":"https:\/\/folhapopular.info\/wp-content\/uploads\/2022\/09\/2022_09_12_Piquete-Popular_PG-scaled-e1663010109830.jpg","width":1200,"height":797,"caption":"No Piquete Popular, Ailton Lemos de Oliveira (e) recebe a todos com entusiasmo \/ Cr\u00e9dito da foto: Paloma Griesang"},{"@type":"BreadcrumbList","@id":"https:\/\/folhapopular.info\/index.php\/2022\/09\/12\/primeiros-dias-de-acampamento-farroupilha-movimentam-o-centro-administrativo-em-teutonia\/#breadcrumb","itemListElement":[{"@type":"ListItem","position":1,"name":"In\u00edcio","item":"https:\/\/folhapopular.info\/"},{"@type":"ListItem","position":2,"name":"Primeiros dias de Acampamento Farroupilha movimentam o Centro Administrativo em Teut\u00f4nia"}]},{"@type":"WebSite","@id":"https:\/\/folhapopular.info\/#website","url":"https:\/\/folhapopular.info\/","name":"Folha Popular","description":"Onde voc\u00ea tem vez e voz","potentialAction":[{"@type":"SearchAction","target":{"@type":"EntryPoint","urlTemplate":"https:\/\/folhapopular.info\/?s={search_term_string}"},"query-input":{"@type":"PropertyValueSpecification","valueRequired":true,"valueName":"search_term_string"}}],"inLanguage":"pt-BR"},{"@type":"Person","@id":"https:\/\/folhapopular.info\/#\/schema\/person\/6441c3adb14a6337552a9700ef5698d2","name":"Paloma Cristine Griesang","image":{"@type":"ImageObject","inLanguage":"pt-BR","@id":"https:\/\/secure.gravatar.com\/avatar\/7a1c3f1e1b05846882a13987cf3bd04239fe0ea8fd472d7d16d7f21c265005a5?s=96&d=mm&r=g","url":"https:\/\/secure.gravatar.com\/avatar\/7a1c3f1e1b05846882a13987cf3bd04239fe0ea8fd472d7d16d7f21c265005a5?s=96&d=mm&r=g","contentUrl":"https:\/\/secure.gravatar.com\/avatar\/7a1c3f1e1b05846882a13987cf3bd04239fe0ea8fd472d7d16d7f21c265005a5?s=96&d=mm&r=g","caption":"Paloma Cristine Griesang"},"url":"https:\/\/folhapopular.info\/index.php\/author\/paloma-griesang\/"}]}},"jetpack_featured_media_url":"https:\/\/folhapopular.info\/wp-content\/uploads\/2022\/09\/2022_09_12_Piquete-Popular_PG-scaled-e1663010109830.jpg","jetpack_sharing_enabled":true,"amp_enabled":true,"_links":{"self":[{"href":"https:\/\/folhapopular.info\/index.php\/wp-json\/wp\/v2\/posts\/112575","targetHints":{"allow":["GET"]}}],"collection":[{"href":"https:\/\/folhapopular.info\/index.php\/wp-json\/wp\/v2\/posts"}],"about":[{"href":"https:\/\/folhapopular.info\/index.php\/wp-json\/wp\/v2\/types\/post"}],"author":[{"embeddable":true,"href":"https:\/\/folhapopular.info\/index.php\/wp-json\/wp\/v2\/users\/5"}],"replies":[{"embeddable":true,"href":"https:\/\/folhapopular.info\/index.php\/wp-json\/wp\/v2\/comments?post=112575"}],"version-history":[{"count":0,"href":"https:\/\/folhapopular.info\/index.php\/wp-json\/wp\/v2\/posts\/112575\/revisions"}],"wp:featuredmedia":[{"embeddable":true,"href":"https:\/\/folhapopular.info\/index.php\/wp-json\/wp\/v2\/media\/112576"}],"wp:attachment":[{"href":"https:\/\/folhapopular.info\/index.php\/wp-json\/wp\/v2\/media?parent=112575"}],"wp:term":[{"taxonomy":"category","embeddable":true,"href":"https:\/\/folhapopular.info\/index.php\/wp-json\/wp\/v2\/categories?post=112575"},{"taxonomy":"post_tag","embeddable":true,"href":"https:\/\/folhapopular.info\/index.php\/wp-json\/wp\/v2\/tags?post=112575"}],"curies":[{"name":"wp","href":"https:\/\/api.w.org\/{rel}","templated":true}]}}