{"id":112589,"date":"2022-09-12T17:16:15","date_gmt":"2022-09-12T20:16:15","guid":{"rendered":"https:\/\/folhapopular.info\/?p=112589"},"modified":"2022-09-12T17:16:18","modified_gmt":"2022-09-12T20:16:18","slug":"1a-rodada-do-municipal-de-futsal-inaugura-ginasio-em-poco-das-antas","status":"publish","type":"post","link":"https:\/\/folhapopular.info\/index.php\/2022\/09\/12\/1a-rodada-do-municipal-de-futsal-inaugura-ginasio-em-poco-das-antas\/","title":{"rendered":"1\u00aa rodada do Municipal de Futsal inaugura gin\u00e1sio em Po\u00e7o das Antas"},"content":{"rendered":"\n<p>A reinaugura\u00e7\u00e3o do gin\u00e1sio municipal de Po\u00e7o das Antas ocorreu na sexta-feira (9\/9). O evento contou com solenidade de inaugura\u00e7\u00e3o e a primeira rodada do Campeonato Municipal de Futsal.<\/p>\n\n\n\n<p>A prefeita de Po\u00e7o das Antas, V\u00e2nia Brackmann, destacou a import\u00e2ncia do gin\u00e1sio para a manuten\u00e7\u00e3o do desporto, do lazer, e por consequ\u00eancia, da qualidade de vida da comunidade. A chefe do Executivo listou as diversas atividades que s\u00e3o realizadas no local, que \u00e9 aproveitado de diferentes formas por diversos p\u00fablicos e faixas et\u00e1rias.<\/p>\n\n\n\n<p>V\u00e2nia salientou que as obras do gin\u00e1sio foram agilizadas para que sua reinaugura\u00e7\u00e3o coincidisse com a rodada de abertura da 21\u00aa Ta\u00e7a Municipal de Futsal, e que alguns detalhes que restam por fazer ainda ser\u00e3o providenciados.<\/p>\n\n\n\n<p>Ap\u00f3s o pronunciamento ocorreu o desenlace da fita inaugural, seguido pelo chute simb\u00f3lico realizado pela prefeita municipal, pelo vice-prefeito, Laurentino Flach e pelo presidente da C\u00e2mara de Vereadores de Po\u00e7o das Antas, Maicon Stuermer.<\/p>\n\n\n\n<p>Assim foi dado in\u00edcio \u00e0 21\u00aa Ta\u00e7a Municipal de Futsal. A primeira rodada do campeonato foi disputada nas categorias Sub-19, Feminino, Veterano e For\u00e7a Livre.<\/p>\n\n\n\n<p><strong>Melhorias<\/strong><br>Entre as melhorias realizadas no gin\u00e1sio de junho a agosto desse ano, est\u00e3o: reparos nas paredes; pintura interna e externa; coloca\u00e7\u00e3o de novos pisos; manuten\u00e7\u00e3o no telhado para mais isolamento t\u00e9rmico e ac\u00fastico; instala\u00e7\u00e3o de novos refletores, como tamb\u00e9m lixamento, pintura e instala\u00e7\u00e3o de nova rede na quadra.<\/p>\n\n\n\n<p>Com a nova pintura, a quadra atende as modalidades poliesportivas: futsal, v\u00f4lei, handebol e basquete. Para a modalidade de basquete, ainda ser\u00e3o instaladas tabelas junto ao local. A respons\u00e1vel pela obra foi a ASM Construtora Ltda.<\/p>\n\n\n\n<p>Parte dos recursos utilizados para a obra foram provenientes do conv\u00eanio firmado entre o Munic\u00edpio de Po\u00e7o das Antas e o Governo do Estado do Rio Grande do Sul por meio do programa Avan\u00e7ar Esporte, desenvolvido pela Secretaria de Esporte e Lazer do Estado, no eixo do\u00a0Programa Estadual de Infraestrutura Esportiva,\u00a0na linha da Recupera\u00e7\u00e3o de Espa\u00e7os Esportivos.<\/p>\n\n\n\n<p>Al\u00e9m disso, a obra tamb\u00e9m contou com contrapartida financeira da municipalidade, por meio da Secretaria da Educa\u00e7\u00e3o, Cultura, Desporto e Turismo.<\/p>\n\n\n\n<p><strong>1\u00aa Rodada \u2013 Gin\u00e1sio Municipal<\/strong><br>(20h) Sub-19 &#8211; La M\u00e1fia\/Imperium Center Parts\u00a0<strong>7&#215;2<\/strong>\u00a0ABMF\/Sorriso Autocenter<br>(20h50) Feminino &#8211; Flamengo\u00a0<strong>1&#215;2<\/strong>\u00a0F.C. Estrela<br>(21h40) Veterano &#8211; Po\u00e7o\u00a0<strong>2&#215;1<\/strong>\u00a0Saidera<br>(22h30) For\u00e7a Livre &#8211; Embaixadores<strong>\u00a02&#215;8<\/strong>\u00a0Zenit F.C.\/Carv\u00e3o Deuner<\/p>\n\n\n\n<p>A pr\u00f3xima rodada ser\u00e1 na sexta-feira (16\/9) no Cebovi em Boa Vista, com jogos a partir das 20h. Os confrontos ser\u00e3o pelas categorias Sub-19, Feminino e For\u00e7a Livre:<\/p>\n\n\n\n<p><strong>2\u00aa Rodada &#8211; Cebovi<\/strong><br>(20h) Sub-19 | La M\u00e1fia\/Imperium Center Parts x Amigos do Bola<br>(20h50) Feminino | F.C. Estrela x ABMF\/Bauhaus<br>(21h40) For\u00e7a Livre | Sporting\/Gera\u00e7\u00e3o Pr\u00f3pria\/Mastec x Zenit F.C.\/Carv\u00e3o Deuner<br>(22h30) For\u00e7a Livre | Carv\u00e3o Wilke\/Parisa x BB Contabilidade<\/p>\n\n\n\n<p>A 21\u00aa Ta\u00e7a Municipal de Futsal conta com 17 equipes divididas em quatro categorias. O certame \u00e9 organizado pela Secretaria da Educa\u00e7\u00e3o, Cultura, Desporto e Turismo de Po\u00e7o das Antas, e conta com apoio da Liga Esportiva de Po\u00e7o das Antas (LEPA).<\/p>\n","protected":false},"excerpt":{"rendered":"<p>A reinaugura\u00e7\u00e3o do gin\u00e1sio municipal de Po\u00e7o das Antas ocorreu na sexta-feira (9\/9). O evento contou com solenidade de inaugura\u00e7\u00e3o e a primeira rodada do Campeonato Municipal de Futsal. A prefeita de Po\u00e7o das Antas, V\u00e2nia Brackmann, destacou a import\u00e2ncia do gin\u00e1sio para a manuten\u00e7\u00e3o do desporto, do lazer, e por consequ\u00eancia, da qualidade de [&hellip;]<\/p>\n","protected":false},"author":8,"featured_media":112590,"comment_status":"open","ping_status":"open","sticky":false,"template":"","format":"standard","meta":{"pmpro_default_level":"","_jetpack_memberships_contains_paid_content":false,"footnotes":""},"categories":[3],"tags":[5366,3341,1646,40],"class_list":{"0":"post-112589","1":"post","2":"type-post","3":"status-publish","4":"format-standard","5":"has-post-thumbnail","7":"category-geral","8":"tag-comunidade","9":"tag-ginasio-municipal","10":"tag-municipal-de-futsal","11":"tag-poco-das-antas","12":"pmpro-has-access"},"yoast_head":"<!-- This site is optimized with the Yoast SEO plugin v27.5 - https:\/\/yoast.com\/product\/yoast-seo-wordpress\/ -->\n<title>1\u00aa rodada do Municipal de Futsal inaugura gin\u00e1sio em Po\u00e7o das Antas - Folha Popular<\/title>\n<meta name=\"robots\" content=\"index, follow, max-snippet:-1, max-image-preview:large, max-video-preview:-1\" \/>\n<link rel=\"canonical\" href=\"https:\/\/folhapopular.info\/index.php\/2022\/09\/12\/1a-rodada-do-municipal-de-futsal-inaugura-ginasio-em-poco-das-antas\/\" \/>\n<meta property=\"og:locale\" content=\"pt_BR\" \/>\n<meta property=\"og:type\" content=\"article\" \/>\n<meta property=\"og:title\" content=\"1\u00aa rodada do Municipal de Futsal inaugura gin\u00e1sio em Po\u00e7o das Antas - Folha Popular\" \/>\n<meta property=\"og:description\" content=\"A reinaugura\u00e7\u00e3o do gin\u00e1sio municipal de Po\u00e7o das Antas ocorreu na sexta-feira (9\/9). O evento contou com solenidade de inaugura\u00e7\u00e3o e a primeira rodada do Campeonato Municipal de Futsal. A prefeita de Po\u00e7o das Antas, V\u00e2nia Brackmann, destacou a import\u00e2ncia do gin\u00e1sio para a manuten\u00e7\u00e3o do desporto, do lazer, e por consequ\u00eancia, da qualidade de [&hellip;]\" \/>\n<meta property=\"og:url\" content=\"https:\/\/folhapopular.info\/index.php\/2022\/09\/12\/1a-rodada-do-municipal-de-futsal-inaugura-ginasio-em-poco-das-antas\/\" \/>\n<meta property=\"og:site_name\" content=\"Folha Popular\" \/>\n<meta property=\"article:published_time\" content=\"2022-09-12T20:16:15+00:00\" \/>\n<meta property=\"article:modified_time\" content=\"2022-09-12T20:16:18+00:00\" \/>\n<meta property=\"og:image\" content=\"http:\/\/folhapopular.info\/wp-content\/uploads\/2022\/09\/2-Ginasio-Municipal-reinaugurado-com-rodada-de-futsal-scaled-e1663013215965.jpg\" \/>\n\t<meta property=\"og:image:width\" content=\"1200\" \/>\n\t<meta property=\"og:image:height\" content=\"800\" \/>\n\t<meta property=\"og:image:type\" content=\"image\/jpeg\" \/>\n<meta name=\"author\" content=\"Reda\u00e7\u00e3o Folha Popular\" \/>\n<meta name=\"twitter:card\" content=\"summary_large_image\" \/>\n<meta name=\"twitter:label1\" content=\"Escrito por\" \/>\n\t<meta name=\"twitter:data1\" content=\"Reda\u00e7\u00e3o Folha Popular\" \/>\n\t<meta name=\"twitter:label2\" content=\"Est. tempo de leitura\" \/>\n\t<meta name=\"twitter:data2\" content=\"3 minutos\" \/>\n<script type=\"application\/ld+json\" class=\"yoast-schema-graph\">{\"@context\":\"https:\\\/\\\/schema.org\",\"@graph\":[{\"@type\":\"Article\",\"@id\":\"https:\\\/\\\/folhapopular.info\\\/index.php\\\/2022\\\/09\\\/12\\\/1a-rodada-do-municipal-de-futsal-inaugura-ginasio-em-poco-das-antas\\\/#article\",\"isPartOf\":{\"@id\":\"https:\\\/\\\/folhapopular.info\\\/index.php\\\/2022\\\/09\\\/12\\\/1a-rodada-do-municipal-de-futsal-inaugura-ginasio-em-poco-das-antas\\\/\"},\"author\":{\"name\":\"Reda\u00e7\u00e3o Folha Popular\",\"@id\":\"https:\\\/\\\/folhapopular.info\\\/#\\\/schema\\\/person\\\/2814e8a0df7643585a9ca38bc6eb9d4b\"},\"headline\":\"1\u00aa rodada do Municipal de Futsal inaugura gin\u00e1sio em Po\u00e7o das Antas\",\"datePublished\":\"2022-09-12T20:16:15+00:00\",\"dateModified\":\"2022-09-12T20:16:18+00:00\",\"mainEntityOfPage\":{\"@id\":\"https:\\\/\\\/folhapopular.info\\\/index.php\\\/2022\\\/09\\\/12\\\/1a-rodada-do-municipal-de-futsal-inaugura-ginasio-em-poco-das-antas\\\/\"},\"wordCount\":566,\"commentCount\":0,\"image\":{\"@id\":\"https:\\\/\\\/folhapopular.info\\\/index.php\\\/2022\\\/09\\\/12\\\/1a-rodada-do-municipal-de-futsal-inaugura-ginasio-em-poco-das-antas\\\/#primaryimage\"},\"thumbnailUrl\":\"https:\\\/\\\/folhapopular.info\\\/wp-content\\\/uploads\\\/2022\\\/09\\\/2-Ginasio-Municipal-reinaugurado-com-rodada-de-futsal-scaled-e1663013215965.jpg\",\"keywords\":[\"Comunidade\",\"Gin\u00e1sio Municipal\",\"Municipal de Futsal\",\"Po\u00e7o das Antas\"],\"articleSection\":[\"Geral\"],\"inLanguage\":\"pt-BR\",\"potentialAction\":[{\"@type\":\"CommentAction\",\"name\":\"Comment\",\"target\":[\"https:\\\/\\\/folhapopular.info\\\/index.php\\\/2022\\\/09\\\/12\\\/1a-rodada-do-municipal-de-futsal-inaugura-ginasio-em-poco-das-antas\\\/#respond\"]}]},{\"@type\":\"WebPage\",\"@id\":\"https:\\\/\\\/folhapopular.info\\\/index.php\\\/2022\\\/09\\\/12\\\/1a-rodada-do-municipal-de-futsal-inaugura-ginasio-em-poco-das-antas\\\/\",\"url\":\"https:\\\/\\\/folhapopular.info\\\/index.php\\\/2022\\\/09\\\/12\\\/1a-rodada-do-municipal-de-futsal-inaugura-ginasio-em-poco-das-antas\\\/\",\"name\":\"1\u00aa rodada do Municipal de Futsal inaugura gin\u00e1sio em Po\u00e7o das Antas - Folha Popular\",\"isPartOf\":{\"@id\":\"https:\\\/\\\/folhapopular.info\\\/#website\"},\"primaryImageOfPage\":{\"@id\":\"https:\\\/\\\/folhapopular.info\\\/index.php\\\/2022\\\/09\\\/12\\\/1a-rodada-do-municipal-de-futsal-inaugura-ginasio-em-poco-das-antas\\\/#primaryimage\"},\"image\":{\"@id\":\"https:\\\/\\\/folhapopular.info\\\/index.php\\\/2022\\\/09\\\/12\\\/1a-rodada-do-municipal-de-futsal-inaugura-ginasio-em-poco-das-antas\\\/#primaryimage\"},\"thumbnailUrl\":\"https:\\\/\\\/folhapopular.info\\\/wp-content\\\/uploads\\\/2022\\\/09\\\/2-Ginasio-Municipal-reinaugurado-com-rodada-de-futsal-scaled-e1663013215965.jpg\",\"datePublished\":\"2022-09-12T20:16:15+00:00\",\"dateModified\":\"2022-09-12T20:16:18+00:00\",\"author\":{\"@id\":\"https:\\\/\\\/folhapopular.info\\\/#\\\/schema\\\/person\\\/2814e8a0df7643585a9ca38bc6eb9d4b\"},\"breadcrumb\":{\"@id\":\"https:\\\/\\\/folhapopular.info\\\/index.php\\\/2022\\\/09\\\/12\\\/1a-rodada-do-municipal-de-futsal-inaugura-ginasio-em-poco-das-antas\\\/#breadcrumb\"},\"inLanguage\":\"pt-BR\",\"potentialAction\":[{\"@type\":\"ReadAction\",\"target\":[\"https:\\\/\\\/folhapopular.info\\\/index.php\\\/2022\\\/09\\\/12\\\/1a-rodada-do-municipal-de-futsal-inaugura-ginasio-em-poco-das-antas\\\/\"]}]},{\"@type\":\"ImageObject\",\"inLanguage\":\"pt-BR\",\"@id\":\"https:\\\/\\\/folhapopular.info\\\/index.php\\\/2022\\\/09\\\/12\\\/1a-rodada-do-municipal-de-futsal-inaugura-ginasio-em-poco-das-antas\\\/#primaryimage\",\"url\":\"https:\\\/\\\/folhapopular.info\\\/wp-content\\\/uploads\\\/2022\\\/09\\\/2-Ginasio-Municipal-reinaugurado-com-rodada-de-futsal-scaled-e1663013215965.jpg\",\"contentUrl\":\"https:\\\/\\\/folhapopular.info\\\/wp-content\\\/uploads\\\/2022\\\/09\\\/2-Ginasio-Municipal-reinaugurado-com-rodada-de-futsal-scaled-e1663013215965.jpg\",\"width\":1200,\"height\":800,\"caption\":\"Autoridades realizaram o desenlace da fita inaugural \\\/ Cr\u00e9dito: Assessoria de Comunica\u00e7\u00e3o (ASCOM) de Po\u00e7o das Antas \\\/ Divulga\u00e7\u00e3o\"},{\"@type\":\"BreadcrumbList\",\"@id\":\"https:\\\/\\\/folhapopular.info\\\/index.php\\\/2022\\\/09\\\/12\\\/1a-rodada-do-municipal-de-futsal-inaugura-ginasio-em-poco-das-antas\\\/#breadcrumb\",\"itemListElement\":[{\"@type\":\"ListItem\",\"position\":1,\"name\":\"In\u00edcio\",\"item\":\"https:\\\/\\\/folhapopular.info\\\/\"},{\"@type\":\"ListItem\",\"position\":2,\"name\":\"1\u00aa rodada do Municipal de Futsal inaugura gin\u00e1sio em Po\u00e7o das Antas\"}]},{\"@type\":\"WebSite\",\"@id\":\"https:\\\/\\\/folhapopular.info\\\/#website\",\"url\":\"https:\\\/\\\/folhapopular.info\\\/\",\"name\":\"Folha Popular\",\"description\":\"Onde voc\u00ea tem vez e voz\",\"potentialAction\":[{\"@type\":\"SearchAction\",\"target\":{\"@type\":\"EntryPoint\",\"urlTemplate\":\"https:\\\/\\\/folhapopular.info\\\/?s={search_term_string}\"},\"query-input\":{\"@type\":\"PropertyValueSpecification\",\"valueRequired\":true,\"valueName\":\"search_term_string\"}}],\"inLanguage\":\"pt-BR\"},{\"@type\":\"Person\",\"@id\":\"https:\\\/\\\/folhapopular.info\\\/#\\\/schema\\\/person\\\/2814e8a0df7643585a9ca38bc6eb9d4b\",\"name\":\"Reda\u00e7\u00e3o Folha Popular\",\"image\":{\"@type\":\"ImageObject\",\"inLanguage\":\"pt-BR\",\"@id\":\"https:\\\/\\\/folhapopular.info\\\/wp-content\\\/uploads\\\/2026\\\/04\\\/Folha-1.webp\",\"url\":\"https:\\\/\\\/folhapopular.info\\\/wp-content\\\/uploads\\\/2026\\\/04\\\/Folha-1.webp\",\"contentUrl\":\"https:\\\/\\\/folhapopular.info\\\/wp-content\\\/uploads\\\/2026\\\/04\\\/Folha-1.webp\",\"caption\":\"Reda\u00e7\u00e3o Folha Popular\"},\"url\":\"https:\\\/\\\/folhapopular.info\\\/index.php\\\/author\\\/redacao\\\/\"}]}<\/script>\n<!-- \/ Yoast SEO plugin. -->","yoast_head_json":{"title":"1\u00aa rodada do Municipal de Futsal inaugura gin\u00e1sio em Po\u00e7o das Antas - Folha Popular","robots":{"index":"index","follow":"follow","max-snippet":"max-snippet:-1","max-image-preview":"max-image-preview:large","max-video-preview":"max-video-preview:-1"},"canonical":"https:\/\/folhapopular.info\/index.php\/2022\/09\/12\/1a-rodada-do-municipal-de-futsal-inaugura-ginasio-em-poco-das-antas\/","og_locale":"pt_BR","og_type":"article","og_title":"1\u00aa rodada do Municipal de Futsal inaugura gin\u00e1sio em Po\u00e7o das Antas - Folha Popular","og_description":"A reinaugura\u00e7\u00e3o do gin\u00e1sio municipal de Po\u00e7o das Antas ocorreu na sexta-feira (9\/9). O evento contou com solenidade de inaugura\u00e7\u00e3o e a primeira rodada do Campeonato Municipal de Futsal. A prefeita de Po\u00e7o das Antas, V\u00e2nia Brackmann, destacou a import\u00e2ncia do gin\u00e1sio para a manuten\u00e7\u00e3o do desporto, do lazer, e por consequ\u00eancia, da qualidade de [&hellip;]","og_url":"https:\/\/folhapopular.info\/index.php\/2022\/09\/12\/1a-rodada-do-municipal-de-futsal-inaugura-ginasio-em-poco-das-antas\/","og_site_name":"Folha Popular","article_published_time":"2022-09-12T20:16:15+00:00","article_modified_time":"2022-09-12T20:16:18+00:00","og_image":[{"width":1200,"height":800,"url":"http:\/\/folhapopular.info\/wp-content\/uploads\/2022\/09\/2-Ginasio-Municipal-reinaugurado-com-rodada-de-futsal-scaled-e1663013215965.jpg","type":"image\/jpeg"}],"author":"Reda\u00e7\u00e3o Folha Popular","twitter_card":"summary_large_image","twitter_misc":{"Escrito por":"Reda\u00e7\u00e3o Folha Popular","Est. tempo de leitura":"3 minutos"},"schema":{"@context":"https:\/\/schema.org","@graph":[{"@type":"Article","@id":"https:\/\/folhapopular.info\/index.php\/2022\/09\/12\/1a-rodada-do-municipal-de-futsal-inaugura-ginasio-em-poco-das-antas\/#article","isPartOf":{"@id":"https:\/\/folhapopular.info\/index.php\/2022\/09\/12\/1a-rodada-do-municipal-de-futsal-inaugura-ginasio-em-poco-das-antas\/"},"author":{"name":"Reda\u00e7\u00e3o Folha Popular","@id":"https:\/\/folhapopular.info\/#\/schema\/person\/2814e8a0df7643585a9ca38bc6eb9d4b"},"headline":"1\u00aa rodada do Municipal de Futsal inaugura gin\u00e1sio em Po\u00e7o das Antas","datePublished":"2022-09-12T20:16:15+00:00","dateModified":"2022-09-12T20:16:18+00:00","mainEntityOfPage":{"@id":"https:\/\/folhapopular.info\/index.php\/2022\/09\/12\/1a-rodada-do-municipal-de-futsal-inaugura-ginasio-em-poco-das-antas\/"},"wordCount":566,"commentCount":0,"image":{"@id":"https:\/\/folhapopular.info\/index.php\/2022\/09\/12\/1a-rodada-do-municipal-de-futsal-inaugura-ginasio-em-poco-das-antas\/#primaryimage"},"thumbnailUrl":"https:\/\/folhapopular.info\/wp-content\/uploads\/2022\/09\/2-Ginasio-Municipal-reinaugurado-com-rodada-de-futsal-scaled-e1663013215965.jpg","keywords":["Comunidade","Gin\u00e1sio Municipal","Municipal de Futsal","Po\u00e7o das Antas"],"articleSection":["Geral"],"inLanguage":"pt-BR","potentialAction":[{"@type":"CommentAction","name":"Comment","target":["https:\/\/folhapopular.info\/index.php\/2022\/09\/12\/1a-rodada-do-municipal-de-futsal-inaugura-ginasio-em-poco-das-antas\/#respond"]}]},{"@type":"WebPage","@id":"https:\/\/folhapopular.info\/index.php\/2022\/09\/12\/1a-rodada-do-municipal-de-futsal-inaugura-ginasio-em-poco-das-antas\/","url":"https:\/\/folhapopular.info\/index.php\/2022\/09\/12\/1a-rodada-do-municipal-de-futsal-inaugura-ginasio-em-poco-das-antas\/","name":"1\u00aa rodada do Municipal de Futsal inaugura gin\u00e1sio em Po\u00e7o das Antas - Folha Popular","isPartOf":{"@id":"https:\/\/folhapopular.info\/#website"},"primaryImageOfPage":{"@id":"https:\/\/folhapopular.info\/index.php\/2022\/09\/12\/1a-rodada-do-municipal-de-futsal-inaugura-ginasio-em-poco-das-antas\/#primaryimage"},"image":{"@id":"https:\/\/folhapopular.info\/index.php\/2022\/09\/12\/1a-rodada-do-municipal-de-futsal-inaugura-ginasio-em-poco-das-antas\/#primaryimage"},"thumbnailUrl":"https:\/\/folhapopular.info\/wp-content\/uploads\/2022\/09\/2-Ginasio-Municipal-reinaugurado-com-rodada-de-futsal-scaled-e1663013215965.jpg","datePublished":"2022-09-12T20:16:15+00:00","dateModified":"2022-09-12T20:16:18+00:00","author":{"@id":"https:\/\/folhapopular.info\/#\/schema\/person\/2814e8a0df7643585a9ca38bc6eb9d4b"},"breadcrumb":{"@id":"https:\/\/folhapopular.info\/index.php\/2022\/09\/12\/1a-rodada-do-municipal-de-futsal-inaugura-ginasio-em-poco-das-antas\/#breadcrumb"},"inLanguage":"pt-BR","potentialAction":[{"@type":"ReadAction","target":["https:\/\/folhapopular.info\/index.php\/2022\/09\/12\/1a-rodada-do-municipal-de-futsal-inaugura-ginasio-em-poco-das-antas\/"]}]},{"@type":"ImageObject","inLanguage":"pt-BR","@id":"https:\/\/folhapopular.info\/index.php\/2022\/09\/12\/1a-rodada-do-municipal-de-futsal-inaugura-ginasio-em-poco-das-antas\/#primaryimage","url":"https:\/\/folhapopular.info\/wp-content\/uploads\/2022\/09\/2-Ginasio-Municipal-reinaugurado-com-rodada-de-futsal-scaled-e1663013215965.jpg","contentUrl":"https:\/\/folhapopular.info\/wp-content\/uploads\/2022\/09\/2-Ginasio-Municipal-reinaugurado-com-rodada-de-futsal-scaled-e1663013215965.jpg","width":1200,"height":800,"caption":"Autoridades realizaram o desenlace da fita inaugural \/ Cr\u00e9dito: Assessoria de Comunica\u00e7\u00e3o (ASCOM) de Po\u00e7o das Antas \/ Divulga\u00e7\u00e3o"},{"@type":"BreadcrumbList","@id":"https:\/\/folhapopular.info\/index.php\/2022\/09\/12\/1a-rodada-do-municipal-de-futsal-inaugura-ginasio-em-poco-das-antas\/#breadcrumb","itemListElement":[{"@type":"ListItem","position":1,"name":"In\u00edcio","item":"https:\/\/folhapopular.info\/"},{"@type":"ListItem","position":2,"name":"1\u00aa rodada do Municipal de Futsal inaugura gin\u00e1sio em Po\u00e7o das Antas"}]},{"@type":"WebSite","@id":"https:\/\/folhapopular.info\/#website","url":"https:\/\/folhapopular.info\/","name":"Folha Popular","description":"Onde voc\u00ea tem vez e voz","potentialAction":[{"@type":"SearchAction","target":{"@type":"EntryPoint","urlTemplate":"https:\/\/folhapopular.info\/?s={search_term_string}"},"query-input":{"@type":"PropertyValueSpecification","valueRequired":true,"valueName":"search_term_string"}}],"inLanguage":"pt-BR"},{"@type":"Person","@id":"https:\/\/folhapopular.info\/#\/schema\/person\/2814e8a0df7643585a9ca38bc6eb9d4b","name":"Reda\u00e7\u00e3o Folha Popular","image":{"@type":"ImageObject","inLanguage":"pt-BR","@id":"https:\/\/folhapopular.info\/wp-content\/uploads\/2026\/04\/Folha-1.webp","url":"https:\/\/folhapopular.info\/wp-content\/uploads\/2026\/04\/Folha-1.webp","contentUrl":"https:\/\/folhapopular.info\/wp-content\/uploads\/2026\/04\/Folha-1.webp","caption":"Reda\u00e7\u00e3o Folha Popular"},"url":"https:\/\/folhapopular.info\/index.php\/author\/redacao\/"}]}},"jetpack_featured_media_url":"https:\/\/folhapopular.info\/wp-content\/uploads\/2022\/09\/2-Ginasio-Municipal-reinaugurado-com-rodada-de-futsal-scaled-e1663013215965.jpg","jetpack_sharing_enabled":true,"amp_enabled":true,"_links":{"self":[{"href":"https:\/\/folhapopular.info\/index.php\/wp-json\/wp\/v2\/posts\/112589","targetHints":{"allow":["GET"]}}],"collection":[{"href":"https:\/\/folhapopular.info\/index.php\/wp-json\/wp\/v2\/posts"}],"about":[{"href":"https:\/\/folhapopular.info\/index.php\/wp-json\/wp\/v2\/types\/post"}],"author":[{"embeddable":true,"href":"https:\/\/folhapopular.info\/index.php\/wp-json\/wp\/v2\/users\/8"}],"replies":[{"embeddable":true,"href":"https:\/\/folhapopular.info\/index.php\/wp-json\/wp\/v2\/comments?post=112589"}],"version-history":[{"count":0,"href":"https:\/\/folhapopular.info\/index.php\/wp-json\/wp\/v2\/posts\/112589\/revisions"}],"wp:featuredmedia":[{"embeddable":true,"href":"https:\/\/folhapopular.info\/index.php\/wp-json\/wp\/v2\/media\/112590"}],"wp:attachment":[{"href":"https:\/\/folhapopular.info\/index.php\/wp-json\/wp\/v2\/media?parent=112589"}],"wp:term":[{"taxonomy":"category","embeddable":true,"href":"https:\/\/folhapopular.info\/index.php\/wp-json\/wp\/v2\/categories?post=112589"},{"taxonomy":"post_tag","embeddable":true,"href":"https:\/\/folhapopular.info\/index.php\/wp-json\/wp\/v2\/tags?post=112589"}],"curies":[{"name":"wp","href":"https:\/\/api.w.org\/{rel}","templated":true}]}}