{"id":112597,"date":"2022-09-13T09:10:32","date_gmt":"2022-09-13T12:10:32","guid":{"rendered":"https:\/\/folhapopular.info\/?p=112597"},"modified":"2022-09-13T09:10:36","modified_gmt":"2022-09-13T12:10:36","slug":"concurso-fotografico-de-teutonia-esta-com-inscricoes-abertas","status":"publish","type":"post","link":"https:\/\/folhapopular.info\/index.php\/2022\/09\/13\/concurso-fotografico-de-teutonia-esta-com-inscricoes-abertas\/","title":{"rendered":"Concurso fotogr\u00e1fico de Teut\u00f4nia est\u00e1 com inscri\u00e7\u00f5es abertas"},"content":{"rendered":"\n<p>O concurso fotogr\u00e1fico de Teut\u00f4nia est\u00e1 com inscri\u00e7\u00f5es abertas de 12 de setembro a 5 de outubro. Podem participar fot\u00f3grafos profissionais e amadores residentes em Teut\u00f4nia ou n\u00e3o.<\/p>\n\n\n\n<p>Com o tema \u201cNossa Cultura representada ao longo do ano\u201d, os fot\u00f3grafos ter\u00e3o que se inspirar na cultura, gastronomia alem\u00e3, cordialidade e alegria do povo teutoniense, representados nos diferentes meses do ano para fazer seus registros.<br><br>Devem ser apresentadas fotos in\u00e9ditas no concurso, originais dentro do tema proposto e acompanhado da inscri\u00e7\u00e3o devidamente preenchida. Os registros devem ser realizados dentro do munic\u00edpio de Teut\u00f4nia.<br><br>As inscri\u00e7\u00f5es e entrega das fotografias devem ser feitas at\u00e9 o dia 5 de outubro, junto \u00e0 Secretaria de Juventude, Cultura, Esporte e Lazer, sala 17 do Centro Administrativo, das 7h30min \u00e0s 11h30min e das 13h \u00e0s 17h. <\/p>\n\n\n\n<p>O participante dever\u00e1 fazer a identifica\u00e7\u00e3o, no verso dos trabalhos, com: pseud\u00f4nimo, o t\u00edtulo da obra, identifica\u00e7\u00e3o do local da foto, em letra leg\u00edvel, e o m\u00eas ao qual a foto representa, pois as imagens ser\u00e3o escolhidas de acordo com o tema e representa\u00e7\u00e3o do m\u00eas do ano. A mesma foto poder\u00e1 ser inscrita em mais de um m\u00eas desde que haja c\u00f3pia e devida identifica\u00e7\u00e3o.<\/p>\n\n\n\n<p>As fotos devem ser entregues impressas em papel fotogr\u00e1fico, tamanho 20cm x 15cm, com identifica\u00e7\u00e3o. As imagens digitalizadas, tanto o arquivo bruto, como tamb\u00e9m o arquivo tratado, em no m\u00ednimo 6MP de resolu\u00e7\u00e3o, formato JPEG, em pen drive, o qual poder\u00e1 ser retirado na prefeitura, pelo inscrito, ap\u00f3s a conclus\u00e3o do concurso. <\/p>\n\n\n\n<p>N\u00e3o ser\u00e3o aceitas fotografias que j\u00e1 tenham sido inscritas em concursos anteriores, bem como, imagens com interfer\u00eancia eletr\u00f4nica. Ser\u00e1 autorizado apenas o tratamento b\u00e1sico de cor e reenquadramento, para manter a originalidade das fotografias.<br><br>As fotografias ser\u00e3o analisadas por cinco jurados, sendo profissionais da \u00e1rea e\/ou que tenham afinidade profissional com a \u00e1rea da fotografia. Os crit\u00e9rios observados ser\u00e3o a qualidade t\u00e9cnica e art\u00edstica das fotografias, criatividade, originalidade e a adequa\u00e7\u00e3o ao tema.<\/p>\n\n\n\n<p>As 12 melhores fotografias, selecionadas pelo corpo de jurados, ser\u00e3o divulgadas no Calend\u00e1rio de Eventos 2023. Dentre as 12, os jurados escolher\u00e3o as tr\u00eas primeiras colocadas, sendo que estas n\u00e3o participar\u00e3o da vota\u00e7\u00e3o popular. <\/p>\n\n\n\n<p>As outras nove fotografias selecionadas pelos jurados participar\u00e3o da vota\u00e7\u00e3o popular, que ocorrer\u00e1 na p\u00e1gina oficial do Facebook da Prefeitura.<\/p>\n\n\n\n<p>As 12 fotos selecionadas pelos jurados receber\u00e3o certificado de participa\u00e7\u00e3o no concurso.&nbsp;O resultado final ser\u00e1 anunciado no dia 11 de outubro de 2022.<\/p>\n\n\n\n<p>O Regulamento completo, ficha de inscri\u00e7\u00e3o e termos de autoriza\u00e7\u00e3o de imagem est\u00e3o dispon\u00edveis no site da Prefeitura,\u00a0<a href=\"http:\/\/www.teutoniars.gov.br\/\" target=\"_blank\" rel=\"noreferrer noopener\">www.teutoniars.gov.br<\/a>. Mais informa\u00e7\u00f5es podem ser obtidas junto \u00e0 Secretaria de Juventude, Cultura, Esporte e Lazer, sala 17 do Centro Administrativo, ou, ainda, pelo telefone (51) 3762-7700, ramal 188.<\/p>\n\n\n\n<p><strong>Premia\u00e7\u00e3o<\/strong><\/p>\n\n\n\n<p>Premia\u00e7\u00e3o do 1\u00ba ao 3\u00ba colocado por escolha dos jurados:<\/p>\n\n\n\n<p>&#8211; 1\u00ba lugar: R$ 800,00;<\/p>\n\n\n\n<p>&#8211; 2\u00ba lugar: R$ 500,00;<\/p>\n\n\n\n<p>&#8211; 3\u00ba lugar: R$ 400,00;<\/p>\n\n\n\n<p>Premia\u00e7\u00e3o do 1\u00b0 ao 3\u00b0 colocado pela vota\u00e7\u00e3o popular no Facebook:<\/p>\n\n\n\n<p>&#8211; 1\u00ba lugar: R$ 400,00;<\/p>\n\n\n\n<p>&#8211; 2\u00ba lugar: R$ 300,00;<\/p>\n\n\n\n<p>&#8211; 3\u00ba lugar: R$ 200,00.<\/p>\n","protected":false},"excerpt":{"rendered":"<p>O concurso fotogr\u00e1fico de Teut\u00f4nia est\u00e1 com inscri\u00e7\u00f5es abertas de 12 de setembro a 5 de outubro. Podem participar fot\u00f3grafos profissionais e amadores residentes em Teut\u00f4nia ou n\u00e3o. Com o tema \u201cNossa Cultura representada ao longo do ano\u201d, os fot\u00f3grafos ter\u00e3o que se inspirar na cultura, gastronomia alem\u00e3, cordialidade e alegria do povo teutoniense, representados [&hellip;]<\/p>\n","protected":false},"author":8,"featured_media":112598,"comment_status":"open","ping_status":"open","sticky":false,"template":"","format":"standard","meta":{"pmpro_default_level":"","_jetpack_memberships_contains_paid_content":false,"footnotes":""},"categories":[2,3],"tags":[],"class_list":{"0":"post-112597","1":"post","2":"type-post","3":"status-publish","4":"format-standard","5":"has-post-thumbnail","7":"category-featured","8":"category-geral","9":"pmpro-has-access"},"yoast_head":"<!-- This site is optimized with the Yoast SEO plugin v27.5 - https:\/\/yoast.com\/product\/yoast-seo-wordpress\/ -->\n<title>Concurso fotogr\u00e1fico de Teut\u00f4nia est\u00e1 com inscri\u00e7\u00f5es abertas - Folha Popular<\/title>\n<meta name=\"robots\" content=\"index, follow, max-snippet:-1, max-image-preview:large, max-video-preview:-1\" \/>\n<link rel=\"canonical\" href=\"https:\/\/folhapopular.info\/index.php\/2022\/09\/13\/concurso-fotografico-de-teutonia-esta-com-inscricoes-abertas\/\" \/>\n<meta property=\"og:locale\" content=\"pt_BR\" \/>\n<meta property=\"og:type\" content=\"article\" \/>\n<meta property=\"og:title\" content=\"Concurso fotogr\u00e1fico de Teut\u00f4nia est\u00e1 com inscri\u00e7\u00f5es abertas - Folha Popular\" \/>\n<meta property=\"og:description\" content=\"O concurso fotogr\u00e1fico de Teut\u00f4nia est\u00e1 com inscri\u00e7\u00f5es abertas de 12 de setembro a 5 de outubro. Podem participar fot\u00f3grafos profissionais e amadores residentes em Teut\u00f4nia ou n\u00e3o. Com o tema \u201cNossa Cultura representada ao longo do ano\u201d, os fot\u00f3grafos ter\u00e3o que se inspirar na cultura, gastronomia alem\u00e3, cordialidade e alegria do povo teutoniense, representados [&hellip;]\" \/>\n<meta property=\"og:url\" content=\"https:\/\/folhapopular.info\/index.php\/2022\/09\/13\/concurso-fotografico-de-teutonia-esta-com-inscricoes-abertas\/\" \/>\n<meta property=\"og:site_name\" content=\"Folha Popular\" \/>\n<meta property=\"article:published_time\" content=\"2022-09-13T12:10:32+00:00\" \/>\n<meta property=\"article:modified_time\" content=\"2022-09-13T12:10:36+00:00\" \/>\n<meta property=\"og:image\" content=\"http:\/\/folhapopular.info\/wp-content\/uploads\/2022\/09\/pexels-annushka-ahuja-8114356-scaled-e1663070845965.jpg\" \/>\n\t<meta property=\"og:image:width\" content=\"1200\" \/>\n\t<meta property=\"og:image:height\" content=\"800\" \/>\n\t<meta property=\"og:image:type\" content=\"image\/jpeg\" \/>\n<meta name=\"author\" content=\"Reda\u00e7\u00e3o Folha Popular\" \/>\n<meta name=\"twitter:card\" content=\"summary_large_image\" \/>\n<meta name=\"twitter:label1\" content=\"Escrito por\" \/>\n\t<meta name=\"twitter:data1\" content=\"Reda\u00e7\u00e3o Folha Popular\" \/>\n\t<meta name=\"twitter:label2\" content=\"Est. tempo de leitura\" \/>\n\t<meta name=\"twitter:data2\" content=\"3 minutos\" \/>\n<script type=\"application\/ld+json\" class=\"yoast-schema-graph\">{\"@context\":\"https:\\\/\\\/schema.org\",\"@graph\":[{\"@type\":\"Article\",\"@id\":\"https:\\\/\\\/folhapopular.info\\\/index.php\\\/2022\\\/09\\\/13\\\/concurso-fotografico-de-teutonia-esta-com-inscricoes-abertas\\\/#article\",\"isPartOf\":{\"@id\":\"https:\\\/\\\/folhapopular.info\\\/index.php\\\/2022\\\/09\\\/13\\\/concurso-fotografico-de-teutonia-esta-com-inscricoes-abertas\\\/\"},\"author\":{\"name\":\"Reda\u00e7\u00e3o Folha Popular\",\"@id\":\"https:\\\/\\\/folhapopular.info\\\/#\\\/schema\\\/person\\\/2814e8a0df7643585a9ca38bc6eb9d4b\"},\"headline\":\"Concurso fotogr\u00e1fico de Teut\u00f4nia est\u00e1 com inscri\u00e7\u00f5es abertas\",\"datePublished\":\"2022-09-13T12:10:32+00:00\",\"dateModified\":\"2022-09-13T12:10:36+00:00\",\"mainEntityOfPage\":{\"@id\":\"https:\\\/\\\/folhapopular.info\\\/index.php\\\/2022\\\/09\\\/13\\\/concurso-fotografico-de-teutonia-esta-com-inscricoes-abertas\\\/\"},\"wordCount\":548,\"commentCount\":0,\"image\":{\"@id\":\"https:\\\/\\\/folhapopular.info\\\/index.php\\\/2022\\\/09\\\/13\\\/concurso-fotografico-de-teutonia-esta-com-inscricoes-abertas\\\/#primaryimage\"},\"thumbnailUrl\":\"https:\\\/\\\/folhapopular.info\\\/wp-content\\\/uploads\\\/2022\\\/09\\\/pexels-annushka-ahuja-8114356-scaled-e1663070845965.jpg\",\"articleSection\":[\"Destaques\",\"Geral\"],\"inLanguage\":\"pt-BR\",\"potentialAction\":[{\"@type\":\"CommentAction\",\"name\":\"Comment\",\"target\":[\"https:\\\/\\\/folhapopular.info\\\/index.php\\\/2022\\\/09\\\/13\\\/concurso-fotografico-de-teutonia-esta-com-inscricoes-abertas\\\/#respond\"]}]},{\"@type\":\"WebPage\",\"@id\":\"https:\\\/\\\/folhapopular.info\\\/index.php\\\/2022\\\/09\\\/13\\\/concurso-fotografico-de-teutonia-esta-com-inscricoes-abertas\\\/\",\"url\":\"https:\\\/\\\/folhapopular.info\\\/index.php\\\/2022\\\/09\\\/13\\\/concurso-fotografico-de-teutonia-esta-com-inscricoes-abertas\\\/\",\"name\":\"Concurso fotogr\u00e1fico de Teut\u00f4nia est\u00e1 com inscri\u00e7\u00f5es abertas - Folha Popular\",\"isPartOf\":{\"@id\":\"https:\\\/\\\/folhapopular.info\\\/#website\"},\"primaryImageOfPage\":{\"@id\":\"https:\\\/\\\/folhapopular.info\\\/index.php\\\/2022\\\/09\\\/13\\\/concurso-fotografico-de-teutonia-esta-com-inscricoes-abertas\\\/#primaryimage\"},\"image\":{\"@id\":\"https:\\\/\\\/folhapopular.info\\\/index.php\\\/2022\\\/09\\\/13\\\/concurso-fotografico-de-teutonia-esta-com-inscricoes-abertas\\\/#primaryimage\"},\"thumbnailUrl\":\"https:\\\/\\\/folhapopular.info\\\/wp-content\\\/uploads\\\/2022\\\/09\\\/pexels-annushka-ahuja-8114356-scaled-e1663070845965.jpg\",\"datePublished\":\"2022-09-13T12:10:32+00:00\",\"dateModified\":\"2022-09-13T12:10:36+00:00\",\"author\":{\"@id\":\"https:\\\/\\\/folhapopular.info\\\/#\\\/schema\\\/person\\\/2814e8a0df7643585a9ca38bc6eb9d4b\"},\"breadcrumb\":{\"@id\":\"https:\\\/\\\/folhapopular.info\\\/index.php\\\/2022\\\/09\\\/13\\\/concurso-fotografico-de-teutonia-esta-com-inscricoes-abertas\\\/#breadcrumb\"},\"inLanguage\":\"pt-BR\",\"potentialAction\":[{\"@type\":\"ReadAction\",\"target\":[\"https:\\\/\\\/folhapopular.info\\\/index.php\\\/2022\\\/09\\\/13\\\/concurso-fotografico-de-teutonia-esta-com-inscricoes-abertas\\\/\"]}]},{\"@type\":\"ImageObject\",\"inLanguage\":\"pt-BR\",\"@id\":\"https:\\\/\\\/folhapopular.info\\\/index.php\\\/2022\\\/09\\\/13\\\/concurso-fotografico-de-teutonia-esta-com-inscricoes-abertas\\\/#primaryimage\",\"url\":\"https:\\\/\\\/folhapopular.info\\\/wp-content\\\/uploads\\\/2022\\\/09\\\/pexels-annushka-ahuja-8114356-scaled-e1663070845965.jpg\",\"contentUrl\":\"https:\\\/\\\/folhapopular.info\\\/wp-content\\\/uploads\\\/2022\\\/09\\\/pexels-annushka-ahuja-8114356-scaled-e1663070845965.jpg\",\"width\":1200,\"height\":800},{\"@type\":\"BreadcrumbList\",\"@id\":\"https:\\\/\\\/folhapopular.info\\\/index.php\\\/2022\\\/09\\\/13\\\/concurso-fotografico-de-teutonia-esta-com-inscricoes-abertas\\\/#breadcrumb\",\"itemListElement\":[{\"@type\":\"ListItem\",\"position\":1,\"name\":\"In\u00edcio\",\"item\":\"https:\\\/\\\/folhapopular.info\\\/\"},{\"@type\":\"ListItem\",\"position\":2,\"name\":\"Concurso fotogr\u00e1fico de Teut\u00f4nia est\u00e1 com inscri\u00e7\u00f5es abertas\"}]},{\"@type\":\"WebSite\",\"@id\":\"https:\\\/\\\/folhapopular.info\\\/#website\",\"url\":\"https:\\\/\\\/folhapopular.info\\\/\",\"name\":\"Folha Popular\",\"description\":\"Onde voc\u00ea tem vez e voz\",\"potentialAction\":[{\"@type\":\"SearchAction\",\"target\":{\"@type\":\"EntryPoint\",\"urlTemplate\":\"https:\\\/\\\/folhapopular.info\\\/?s={search_term_string}\"},\"query-input\":{\"@type\":\"PropertyValueSpecification\",\"valueRequired\":true,\"valueName\":\"search_term_string\"}}],\"inLanguage\":\"pt-BR\"},{\"@type\":\"Person\",\"@id\":\"https:\\\/\\\/folhapopular.info\\\/#\\\/schema\\\/person\\\/2814e8a0df7643585a9ca38bc6eb9d4b\",\"name\":\"Reda\u00e7\u00e3o Folha Popular\",\"image\":{\"@type\":\"ImageObject\",\"inLanguage\":\"pt-BR\",\"@id\":\"https:\\\/\\\/folhapopular.info\\\/wp-content\\\/uploads\\\/2026\\\/04\\\/Folha-1.webp\",\"url\":\"https:\\\/\\\/folhapopular.info\\\/wp-content\\\/uploads\\\/2026\\\/04\\\/Folha-1.webp\",\"contentUrl\":\"https:\\\/\\\/folhapopular.info\\\/wp-content\\\/uploads\\\/2026\\\/04\\\/Folha-1.webp\",\"caption\":\"Reda\u00e7\u00e3o Folha Popular\"},\"url\":\"https:\\\/\\\/folhapopular.info\\\/index.php\\\/author\\\/redacao\\\/\"}]}<\/script>\n<!-- \/ Yoast SEO plugin. -->","yoast_head_json":{"title":"Concurso fotogr\u00e1fico de Teut\u00f4nia est\u00e1 com inscri\u00e7\u00f5es abertas - Folha Popular","robots":{"index":"index","follow":"follow","max-snippet":"max-snippet:-1","max-image-preview":"max-image-preview:large","max-video-preview":"max-video-preview:-1"},"canonical":"https:\/\/folhapopular.info\/index.php\/2022\/09\/13\/concurso-fotografico-de-teutonia-esta-com-inscricoes-abertas\/","og_locale":"pt_BR","og_type":"article","og_title":"Concurso fotogr\u00e1fico de Teut\u00f4nia est\u00e1 com inscri\u00e7\u00f5es abertas - Folha Popular","og_description":"O concurso fotogr\u00e1fico de Teut\u00f4nia est\u00e1 com inscri\u00e7\u00f5es abertas de 12 de setembro a 5 de outubro. Podem participar fot\u00f3grafos profissionais e amadores residentes em Teut\u00f4nia ou n\u00e3o. Com o tema \u201cNossa Cultura representada ao longo do ano\u201d, os fot\u00f3grafos ter\u00e3o que se inspirar na cultura, gastronomia alem\u00e3, cordialidade e alegria do povo teutoniense, representados [&hellip;]","og_url":"https:\/\/folhapopular.info\/index.php\/2022\/09\/13\/concurso-fotografico-de-teutonia-esta-com-inscricoes-abertas\/","og_site_name":"Folha Popular","article_published_time":"2022-09-13T12:10:32+00:00","article_modified_time":"2022-09-13T12:10:36+00:00","og_image":[{"width":1200,"height":800,"url":"http:\/\/folhapopular.info\/wp-content\/uploads\/2022\/09\/pexels-annushka-ahuja-8114356-scaled-e1663070845965.jpg","type":"image\/jpeg"}],"author":"Reda\u00e7\u00e3o Folha Popular","twitter_card":"summary_large_image","twitter_misc":{"Escrito por":"Reda\u00e7\u00e3o Folha Popular","Est. tempo de leitura":"3 minutos"},"schema":{"@context":"https:\/\/schema.org","@graph":[{"@type":"Article","@id":"https:\/\/folhapopular.info\/index.php\/2022\/09\/13\/concurso-fotografico-de-teutonia-esta-com-inscricoes-abertas\/#article","isPartOf":{"@id":"https:\/\/folhapopular.info\/index.php\/2022\/09\/13\/concurso-fotografico-de-teutonia-esta-com-inscricoes-abertas\/"},"author":{"name":"Reda\u00e7\u00e3o Folha Popular","@id":"https:\/\/folhapopular.info\/#\/schema\/person\/2814e8a0df7643585a9ca38bc6eb9d4b"},"headline":"Concurso fotogr\u00e1fico de Teut\u00f4nia est\u00e1 com inscri\u00e7\u00f5es abertas","datePublished":"2022-09-13T12:10:32+00:00","dateModified":"2022-09-13T12:10:36+00:00","mainEntityOfPage":{"@id":"https:\/\/folhapopular.info\/index.php\/2022\/09\/13\/concurso-fotografico-de-teutonia-esta-com-inscricoes-abertas\/"},"wordCount":548,"commentCount":0,"image":{"@id":"https:\/\/folhapopular.info\/index.php\/2022\/09\/13\/concurso-fotografico-de-teutonia-esta-com-inscricoes-abertas\/#primaryimage"},"thumbnailUrl":"https:\/\/folhapopular.info\/wp-content\/uploads\/2022\/09\/pexels-annushka-ahuja-8114356-scaled-e1663070845965.jpg","articleSection":["Destaques","Geral"],"inLanguage":"pt-BR","potentialAction":[{"@type":"CommentAction","name":"Comment","target":["https:\/\/folhapopular.info\/index.php\/2022\/09\/13\/concurso-fotografico-de-teutonia-esta-com-inscricoes-abertas\/#respond"]}]},{"@type":"WebPage","@id":"https:\/\/folhapopular.info\/index.php\/2022\/09\/13\/concurso-fotografico-de-teutonia-esta-com-inscricoes-abertas\/","url":"https:\/\/folhapopular.info\/index.php\/2022\/09\/13\/concurso-fotografico-de-teutonia-esta-com-inscricoes-abertas\/","name":"Concurso fotogr\u00e1fico de Teut\u00f4nia est\u00e1 com inscri\u00e7\u00f5es abertas - Folha Popular","isPartOf":{"@id":"https:\/\/folhapopular.info\/#website"},"primaryImageOfPage":{"@id":"https:\/\/folhapopular.info\/index.php\/2022\/09\/13\/concurso-fotografico-de-teutonia-esta-com-inscricoes-abertas\/#primaryimage"},"image":{"@id":"https:\/\/folhapopular.info\/index.php\/2022\/09\/13\/concurso-fotografico-de-teutonia-esta-com-inscricoes-abertas\/#primaryimage"},"thumbnailUrl":"https:\/\/folhapopular.info\/wp-content\/uploads\/2022\/09\/pexels-annushka-ahuja-8114356-scaled-e1663070845965.jpg","datePublished":"2022-09-13T12:10:32+00:00","dateModified":"2022-09-13T12:10:36+00:00","author":{"@id":"https:\/\/folhapopular.info\/#\/schema\/person\/2814e8a0df7643585a9ca38bc6eb9d4b"},"breadcrumb":{"@id":"https:\/\/folhapopular.info\/index.php\/2022\/09\/13\/concurso-fotografico-de-teutonia-esta-com-inscricoes-abertas\/#breadcrumb"},"inLanguage":"pt-BR","potentialAction":[{"@type":"ReadAction","target":["https:\/\/folhapopular.info\/index.php\/2022\/09\/13\/concurso-fotografico-de-teutonia-esta-com-inscricoes-abertas\/"]}]},{"@type":"ImageObject","inLanguage":"pt-BR","@id":"https:\/\/folhapopular.info\/index.php\/2022\/09\/13\/concurso-fotografico-de-teutonia-esta-com-inscricoes-abertas\/#primaryimage","url":"https:\/\/folhapopular.info\/wp-content\/uploads\/2022\/09\/pexels-annushka-ahuja-8114356-scaled-e1663070845965.jpg","contentUrl":"https:\/\/folhapopular.info\/wp-content\/uploads\/2022\/09\/pexels-annushka-ahuja-8114356-scaled-e1663070845965.jpg","width":1200,"height":800},{"@type":"BreadcrumbList","@id":"https:\/\/folhapopular.info\/index.php\/2022\/09\/13\/concurso-fotografico-de-teutonia-esta-com-inscricoes-abertas\/#breadcrumb","itemListElement":[{"@type":"ListItem","position":1,"name":"In\u00edcio","item":"https:\/\/folhapopular.info\/"},{"@type":"ListItem","position":2,"name":"Concurso fotogr\u00e1fico de Teut\u00f4nia est\u00e1 com inscri\u00e7\u00f5es abertas"}]},{"@type":"WebSite","@id":"https:\/\/folhapopular.info\/#website","url":"https:\/\/folhapopular.info\/","name":"Folha Popular","description":"Onde voc\u00ea tem vez e voz","potentialAction":[{"@type":"SearchAction","target":{"@type":"EntryPoint","urlTemplate":"https:\/\/folhapopular.info\/?s={search_term_string}"},"query-input":{"@type":"PropertyValueSpecification","valueRequired":true,"valueName":"search_term_string"}}],"inLanguage":"pt-BR"},{"@type":"Person","@id":"https:\/\/folhapopular.info\/#\/schema\/person\/2814e8a0df7643585a9ca38bc6eb9d4b","name":"Reda\u00e7\u00e3o Folha Popular","image":{"@type":"ImageObject","inLanguage":"pt-BR","@id":"https:\/\/folhapopular.info\/wp-content\/uploads\/2026\/04\/Folha-1.webp","url":"https:\/\/folhapopular.info\/wp-content\/uploads\/2026\/04\/Folha-1.webp","contentUrl":"https:\/\/folhapopular.info\/wp-content\/uploads\/2026\/04\/Folha-1.webp","caption":"Reda\u00e7\u00e3o Folha Popular"},"url":"https:\/\/folhapopular.info\/index.php\/author\/redacao\/"}]}},"jetpack_featured_media_url":"https:\/\/folhapopular.info\/wp-content\/uploads\/2022\/09\/pexels-annushka-ahuja-8114356-scaled-e1663070845965.jpg","jetpack_sharing_enabled":true,"amp_enabled":true,"_links":{"self":[{"href":"https:\/\/folhapopular.info\/index.php\/wp-json\/wp\/v2\/posts\/112597","targetHints":{"allow":["GET"]}}],"collection":[{"href":"https:\/\/folhapopular.info\/index.php\/wp-json\/wp\/v2\/posts"}],"about":[{"href":"https:\/\/folhapopular.info\/index.php\/wp-json\/wp\/v2\/types\/post"}],"author":[{"embeddable":true,"href":"https:\/\/folhapopular.info\/index.php\/wp-json\/wp\/v2\/users\/8"}],"replies":[{"embeddable":true,"href":"https:\/\/folhapopular.info\/index.php\/wp-json\/wp\/v2\/comments?post=112597"}],"version-history":[{"count":0,"href":"https:\/\/folhapopular.info\/index.php\/wp-json\/wp\/v2\/posts\/112597\/revisions"}],"wp:featuredmedia":[{"embeddable":true,"href":"https:\/\/folhapopular.info\/index.php\/wp-json\/wp\/v2\/media\/112598"}],"wp:attachment":[{"href":"https:\/\/folhapopular.info\/index.php\/wp-json\/wp\/v2\/media?parent=112597"}],"wp:term":[{"taxonomy":"category","embeddable":true,"href":"https:\/\/folhapopular.info\/index.php\/wp-json\/wp\/v2\/categories?post=112597"},{"taxonomy":"post_tag","embeddable":true,"href":"https:\/\/folhapopular.info\/index.php\/wp-json\/wp\/v2\/tags?post=112597"}],"curies":[{"name":"wp","href":"https:\/\/api.w.org\/{rel}","templated":true}]}}