{"id":112656,"date":"2022-09-14T09:17:34","date_gmt":"2022-09-14T12:17:34","guid":{"rendered":"https:\/\/folhapopular.info\/?p=112656"},"modified":"2022-09-14T09:35:11","modified_gmt":"2022-09-14T12:35:11","slug":"equipe-teutoniense-de-atletismo-e-3o-lugar-geral-no-estadual-sub-16","status":"publish","type":"post","link":"https:\/\/folhapopular.info\/index.php\/2022\/09\/14\/equipe-teutoniense-de-atletismo-e-3o-lugar-geral-no-estadual-sub-16\/","title":{"rendered":"Equipe teutoniense de atletismo \u00e9 3\u00ba lugar geral no Estadual Sub-16"},"content":{"rendered":"\n<p>No s\u00e1bado (10\/9), a Equipe de Atletismo Col\u00e9gio Teut\u00f4nia\/Languiru\/Sicredi, que tamb\u00e9m conta com o apoio das Prefeituras de Teut\u00f4nia e Westf\u00e1lia, disputou o Campeonato Estadual de Atletismo Sub-16 na Sogipa, em Porto Alegre.<\/p>\n\n\n\n<p>Na oportunidade, o grupo conquistou o 3\u00ba lugar geral da competi\u00e7\u00e3o, ficando atr\u00e1s da campe\u00e3 Sogipa e vice-campe\u00e3o IENH. O naipe masculino foi vice-campe\u00e3o geral e o naipe feminino ficou em 4\u00ba lugar geral.<\/p>\n\n\n\n<p>Entre os destaques da competi\u00e7\u00e3o estiveram os atletas Matheus Carvalho, que conquistou quatro medalhas: ouro nos 1.000m rasos e nos 1.000m com obst\u00e1culos, prata no revezamento 4x75m e bronze nos 250m rasos.<\/p>\n\n\n\n<p>Oberdan Brune, tamb\u00e9m levou quatro medalhas: ouro no salto em altura, prata nos 100m com barreiras e no revezamento 4x75m, e bronze no salto em dist\u00e2ncia.<\/p>\n\n\n\n<p>Gustavo Rothmund, obteve tr\u00eas medalhas de prata: 1.000m rasos, 1.000m com obst\u00e1culos e revezamento 4x75m.<\/p>\n\n\n\n<p>Com a marca nos 1.000m com obst\u00e1culos, Matheus bateu o recorde da competi\u00e7\u00e3o e, de quebra, assume a lideran\u00e7a do ranking brasileiro Sub-16. Nos 1.000m rasos ele ocupa a 3\u00aa posi\u00e7\u00e3o do ranking nacional, a menos de um segundo do l\u00edder. Gustavo passa a ser o 4\u00ba colocado do ranking brasileiro na prova dos 1.000m com obst\u00e1culos; e Oberdan o 3\u00ba do ranking nacional nos 100m com barreiras.<\/p>\n\n\n\n<p>Entre os medalhistas ainda estiveram Vandressa Lindemann, prata no arremesso de peso e bronze no lan\u00e7amento de disco; Mathias Wink Sulzbach, prata nos 300m com barreiras; Miguel Janke Silva da Rosa, prata no revezamento 4x75m rasos; Samuel Silvestre da Luz, prata no lan\u00e7amento de martelo; Cauane Konrad, prata nos 300m com barreiras; e Diogo Rodrigues, bronze nos 100m com barreiras.<\/p>\n\n\n\n<p><strong>Classificat\u00f3ria para os JEBS do Rio de Janeiro<\/strong><\/p>\n\n\n\n<p>A Equipe de Atletismo Col\u00e9gio Teut\u00f4nia\/Languiru\/Sicredi volta a competir na pr\u00f3xima sexta-feira (16\/9), na Sogipa, em Porto Alegre, na seletiva das categorias Sub-12 e Sub-14 para o Jogos Escolares Brasileiros (JEBS), a serem disputados no Rio de Janeiro, em novembro.<\/p>\n\n\n\n<p>Na oportunidade, o professor e treinador Iurquen Roese acompanha os 20 atletas, estudantes do Col\u00e9gio Teut\u00f4nia, da Escola Estadual Gomes Freire de Andrade e das escolas municipais Bento Gon\u00e7alves e Leopoldo Klepker, de Teut\u00f4nia; e Vila Schmidt, de Westf\u00e1lia.<\/p>\n\n\n\n<p>Representam a equipe Isabelle Wieth\u00f6lter no salto em dist\u00e2ncia e salto em altura; Vandressa Lindemann no lan\u00e7amento de disco e arremesso de peso; Dafny Lais Staggemeier no lan\u00e7amento de disco e arremesso de peso; Mateus da Cruz no salto em altura e nos 75m rasos; Bernardo Ritter Rodrigues no salto em altura e salto em dist\u00e2ncia; Renan Ahlert no lan\u00e7amento de disco; Vanessa Wiland no arremesso de peso; Caique Gabriel Hergem\u00f6ller no lan\u00e7amento de disco e arremesso do martelo; Sofia Lassen Bayer no pentatlo; Cristiano Rothmund no hexatlo; Pedro Winter no arremesso de peso e salto em altura; Miguel Janke Silva da Rosa nos 75m rasos e 250m rasos; Valentina Barth nos 800m rasos; Murilo Brune no salto em dist\u00e2ncia; Gustavo Rothmund nos 800m rasos; Oliver Dupont nos 800m rasos; Ana Julia Lagemann nos 800m rasos; Diogo Rodrigues nos 80m com barreiras; e Gabriel Sulzbach nos 800m rasos.<\/p>\n","protected":false},"excerpt":{"rendered":"<p>No s\u00e1bado (10\/9), a Equipe de Atletismo Col\u00e9gio Teut\u00f4nia\/Languiru\/Sicredi, que tamb\u00e9m conta com o apoio das Prefeituras de Teut\u00f4nia e Westf\u00e1lia, disputou o Campeonato Estadual de Atletismo Sub-16 na Sogipa, em Porto Alegre. Na oportunidade, o grupo conquistou o 3\u00ba lugar geral da competi\u00e7\u00e3o, ficando atr\u00e1s da campe\u00e3 Sogipa e vice-campe\u00e3o IENH. O naipe masculino [&hellip;]<\/p>\n","protected":false},"author":8,"featured_media":112659,"comment_status":"open","ping_status":"open","sticky":false,"template":"","format":"standard","meta":{"pmpro_default_level":"","_jetpack_memberships_contains_paid_content":false,"footnotes":""},"categories":[5],"tags":[],"class_list":{"0":"post-112656","1":"post","2":"type-post","3":"status-publish","4":"format-standard","5":"has-post-thumbnail","7":"category-esportes","8":"pmpro-has-access"},"yoast_head":"<!-- This site is optimized with the Yoast SEO plugin v27.5 - https:\/\/yoast.com\/product\/yoast-seo-wordpress\/ -->\n<title>Equipe teutoniense de atletismo \u00e9 3\u00ba lugar geral no Estadual Sub-16 - Folha Popular<\/title>\n<meta name=\"robots\" content=\"index, follow, max-snippet:-1, max-image-preview:large, max-video-preview:-1\" \/>\n<link rel=\"canonical\" href=\"https:\/\/folhapopular.info\/index.php\/2022\/09\/14\/equipe-teutoniense-de-atletismo-e-3o-lugar-geral-no-estadual-sub-16\/\" \/>\n<meta property=\"og:locale\" content=\"pt_BR\" \/>\n<meta property=\"og:type\" content=\"article\" \/>\n<meta property=\"og:title\" content=\"Equipe teutoniense de atletismo \u00e9 3\u00ba lugar geral no Estadual Sub-16 - Folha Popular\" \/>\n<meta property=\"og:description\" content=\"No s\u00e1bado (10\/9), a Equipe de Atletismo Col\u00e9gio Teut\u00f4nia\/Languiru\/Sicredi, que tamb\u00e9m conta com o apoio das Prefeituras de Teut\u00f4nia e Westf\u00e1lia, disputou o Campeonato Estadual de Atletismo Sub-16 na Sogipa, em Porto Alegre. Na oportunidade, o grupo conquistou o 3\u00ba lugar geral da competi\u00e7\u00e3o, ficando atr\u00e1s da campe\u00e3 Sogipa e vice-campe\u00e3o IENH. O naipe masculino [&hellip;]\" \/>\n<meta property=\"og:url\" content=\"https:\/\/folhapopular.info\/index.php\/2022\/09\/14\/equipe-teutoniense-de-atletismo-e-3o-lugar-geral-no-estadual-sub-16\/\" \/>\n<meta property=\"og:site_name\" content=\"Folha Popular\" \/>\n<meta property=\"article:published_time\" content=\"2022-09-14T12:17:34+00:00\" \/>\n<meta property=\"article:modified_time\" content=\"2022-09-14T12:35:11+00:00\" \/>\n<meta property=\"og:image\" content=\"http:\/\/folhapopular.info\/wp-content\/uploads\/2022\/09\/1-JORNAL.jpeg\" \/>\n\t<meta property=\"og:image:width\" content=\"815\" \/>\n\t<meta property=\"og:image:height\" content=\"640\" \/>\n\t<meta property=\"og:image:type\" content=\"image\/jpeg\" \/>\n<meta name=\"author\" content=\"Reda\u00e7\u00e3o Folha Popular\" \/>\n<meta name=\"twitter:card\" content=\"summary_large_image\" \/>\n<meta name=\"twitter:label1\" content=\"Escrito por\" \/>\n\t<meta name=\"twitter:data1\" content=\"Reda\u00e7\u00e3o Folha Popular\" \/>\n\t<meta name=\"twitter:label2\" content=\"Est. tempo de leitura\" \/>\n\t<meta name=\"twitter:data2\" content=\"3 minutos\" \/>\n<script type=\"application\/ld+json\" class=\"yoast-schema-graph\">{\"@context\":\"https:\\\/\\\/schema.org\",\"@graph\":[{\"@type\":\"Article\",\"@id\":\"https:\\\/\\\/folhapopular.info\\\/index.php\\\/2022\\\/09\\\/14\\\/equipe-teutoniense-de-atletismo-e-3o-lugar-geral-no-estadual-sub-16\\\/#article\",\"isPartOf\":{\"@id\":\"https:\\\/\\\/folhapopular.info\\\/index.php\\\/2022\\\/09\\\/14\\\/equipe-teutoniense-de-atletismo-e-3o-lugar-geral-no-estadual-sub-16\\\/\"},\"author\":{\"name\":\"Reda\u00e7\u00e3o Folha Popular\",\"@id\":\"https:\\\/\\\/folhapopular.info\\\/#\\\/schema\\\/person\\\/2814e8a0df7643585a9ca38bc6eb9d4b\"},\"headline\":\"Equipe teutoniense de atletismo \u00e9 3\u00ba lugar geral no Estadual Sub-16\",\"datePublished\":\"2022-09-14T12:17:34+00:00\",\"dateModified\":\"2022-09-14T12:35:11+00:00\",\"mainEntityOfPage\":{\"@id\":\"https:\\\/\\\/folhapopular.info\\\/index.php\\\/2022\\\/09\\\/14\\\/equipe-teutoniense-de-atletismo-e-3o-lugar-geral-no-estadual-sub-16\\\/\"},\"wordCount\":554,\"commentCount\":0,\"image\":{\"@id\":\"https:\\\/\\\/folhapopular.info\\\/index.php\\\/2022\\\/09\\\/14\\\/equipe-teutoniense-de-atletismo-e-3o-lugar-geral-no-estadual-sub-16\\\/#primaryimage\"},\"thumbnailUrl\":\"https:\\\/\\\/folhapopular.info\\\/wp-content\\\/uploads\\\/2022\\\/09\\\/1-JORNAL.jpeg\",\"articleSection\":[\"Esportes\"],\"inLanguage\":\"pt-BR\",\"potentialAction\":[{\"@type\":\"CommentAction\",\"name\":\"Comment\",\"target\":[\"https:\\\/\\\/folhapopular.info\\\/index.php\\\/2022\\\/09\\\/14\\\/equipe-teutoniense-de-atletismo-e-3o-lugar-geral-no-estadual-sub-16\\\/#respond\"]}]},{\"@type\":\"WebPage\",\"@id\":\"https:\\\/\\\/folhapopular.info\\\/index.php\\\/2022\\\/09\\\/14\\\/equipe-teutoniense-de-atletismo-e-3o-lugar-geral-no-estadual-sub-16\\\/\",\"url\":\"https:\\\/\\\/folhapopular.info\\\/index.php\\\/2022\\\/09\\\/14\\\/equipe-teutoniense-de-atletismo-e-3o-lugar-geral-no-estadual-sub-16\\\/\",\"name\":\"Equipe teutoniense de atletismo \u00e9 3\u00ba lugar geral no Estadual Sub-16 - Folha Popular\",\"isPartOf\":{\"@id\":\"https:\\\/\\\/folhapopular.info\\\/#website\"},\"primaryImageOfPage\":{\"@id\":\"https:\\\/\\\/folhapopular.info\\\/index.php\\\/2022\\\/09\\\/14\\\/equipe-teutoniense-de-atletismo-e-3o-lugar-geral-no-estadual-sub-16\\\/#primaryimage\"},\"image\":{\"@id\":\"https:\\\/\\\/folhapopular.info\\\/index.php\\\/2022\\\/09\\\/14\\\/equipe-teutoniense-de-atletismo-e-3o-lugar-geral-no-estadual-sub-16\\\/#primaryimage\"},\"thumbnailUrl\":\"https:\\\/\\\/folhapopular.info\\\/wp-content\\\/uploads\\\/2022\\\/09\\\/1-JORNAL.jpeg\",\"datePublished\":\"2022-09-14T12:17:34+00:00\",\"dateModified\":\"2022-09-14T12:35:11+00:00\",\"author\":{\"@id\":\"https:\\\/\\\/folhapopular.info\\\/#\\\/schema\\\/person\\\/2814e8a0df7643585a9ca38bc6eb9d4b\"},\"breadcrumb\":{\"@id\":\"https:\\\/\\\/folhapopular.info\\\/index.php\\\/2022\\\/09\\\/14\\\/equipe-teutoniense-de-atletismo-e-3o-lugar-geral-no-estadual-sub-16\\\/#breadcrumb\"},\"inLanguage\":\"pt-BR\",\"potentialAction\":[{\"@type\":\"ReadAction\",\"target\":[\"https:\\\/\\\/folhapopular.info\\\/index.php\\\/2022\\\/09\\\/14\\\/equipe-teutoniense-de-atletismo-e-3o-lugar-geral-no-estadual-sub-16\\\/\"]}]},{\"@type\":\"ImageObject\",\"inLanguage\":\"pt-BR\",\"@id\":\"https:\\\/\\\/folhapopular.info\\\/index.php\\\/2022\\\/09\\\/14\\\/equipe-teutoniense-de-atletismo-e-3o-lugar-geral-no-estadual-sub-16\\\/#primaryimage\",\"url\":\"https:\\\/\\\/folhapopular.info\\\/wp-content\\\/uploads\\\/2022\\\/09\\\/1-JORNAL.jpeg\",\"contentUrl\":\"https:\\\/\\\/folhapopular.info\\\/wp-content\\\/uploads\\\/2022\\\/09\\\/1-JORNAL.jpeg\",\"width\":815,\"height\":640,\"caption\":\"Equipe de Atletismo Col\u00e9gio Teut\u00f4nia\\\/Languiru\\\/Sicredi, que tamb\u00e9m conta com o apoio das Prefeituras de Teut\u00f4nia e Westf\u00e1lia, disputou o Campeonato Estadual de Atletismo Sub-16 na Sogipa, em Porto Alegre \\\/ Cr\u00e9dito da foto: Iurquen Roese \\\/ Divulga\u00e7\u00e3o\"},{\"@type\":\"BreadcrumbList\",\"@id\":\"https:\\\/\\\/folhapopular.info\\\/index.php\\\/2022\\\/09\\\/14\\\/equipe-teutoniense-de-atletismo-e-3o-lugar-geral-no-estadual-sub-16\\\/#breadcrumb\",\"itemListElement\":[{\"@type\":\"ListItem\",\"position\":1,\"name\":\"In\u00edcio\",\"item\":\"https:\\\/\\\/folhapopular.info\\\/\"},{\"@type\":\"ListItem\",\"position\":2,\"name\":\"Equipe teutoniense de atletismo \u00e9 3\u00ba lugar geral no Estadual Sub-16\"}]},{\"@type\":\"WebSite\",\"@id\":\"https:\\\/\\\/folhapopular.info\\\/#website\",\"url\":\"https:\\\/\\\/folhapopular.info\\\/\",\"name\":\"Folha Popular\",\"description\":\"Onde voc\u00ea tem vez e voz\",\"potentialAction\":[{\"@type\":\"SearchAction\",\"target\":{\"@type\":\"EntryPoint\",\"urlTemplate\":\"https:\\\/\\\/folhapopular.info\\\/?s={search_term_string}\"},\"query-input\":{\"@type\":\"PropertyValueSpecification\",\"valueRequired\":true,\"valueName\":\"search_term_string\"}}],\"inLanguage\":\"pt-BR\"},{\"@type\":\"Person\",\"@id\":\"https:\\\/\\\/folhapopular.info\\\/#\\\/schema\\\/person\\\/2814e8a0df7643585a9ca38bc6eb9d4b\",\"name\":\"Reda\u00e7\u00e3o Folha Popular\",\"image\":{\"@type\":\"ImageObject\",\"inLanguage\":\"pt-BR\",\"@id\":\"https:\\\/\\\/folhapopular.info\\\/wp-content\\\/uploads\\\/2026\\\/04\\\/Folha-1.webp\",\"url\":\"https:\\\/\\\/folhapopular.info\\\/wp-content\\\/uploads\\\/2026\\\/04\\\/Folha-1.webp\",\"contentUrl\":\"https:\\\/\\\/folhapopular.info\\\/wp-content\\\/uploads\\\/2026\\\/04\\\/Folha-1.webp\",\"caption\":\"Reda\u00e7\u00e3o Folha Popular\"},\"url\":\"https:\\\/\\\/folhapopular.info\\\/index.php\\\/author\\\/redacao\\\/\"}]}<\/script>\n<!-- \/ Yoast SEO plugin. -->","yoast_head_json":{"title":"Equipe teutoniense de atletismo \u00e9 3\u00ba lugar geral no Estadual Sub-16 - Folha Popular","robots":{"index":"index","follow":"follow","max-snippet":"max-snippet:-1","max-image-preview":"max-image-preview:large","max-video-preview":"max-video-preview:-1"},"canonical":"https:\/\/folhapopular.info\/index.php\/2022\/09\/14\/equipe-teutoniense-de-atletismo-e-3o-lugar-geral-no-estadual-sub-16\/","og_locale":"pt_BR","og_type":"article","og_title":"Equipe teutoniense de atletismo \u00e9 3\u00ba lugar geral no Estadual Sub-16 - Folha Popular","og_description":"No s\u00e1bado (10\/9), a Equipe de Atletismo Col\u00e9gio Teut\u00f4nia\/Languiru\/Sicredi, que tamb\u00e9m conta com o apoio das Prefeituras de Teut\u00f4nia e Westf\u00e1lia, disputou o Campeonato Estadual de Atletismo Sub-16 na Sogipa, em Porto Alegre. Na oportunidade, o grupo conquistou o 3\u00ba lugar geral da competi\u00e7\u00e3o, ficando atr\u00e1s da campe\u00e3 Sogipa e vice-campe\u00e3o IENH. O naipe masculino [&hellip;]","og_url":"https:\/\/folhapopular.info\/index.php\/2022\/09\/14\/equipe-teutoniense-de-atletismo-e-3o-lugar-geral-no-estadual-sub-16\/","og_site_name":"Folha Popular","article_published_time":"2022-09-14T12:17:34+00:00","article_modified_time":"2022-09-14T12:35:11+00:00","og_image":[{"width":815,"height":640,"url":"http:\/\/folhapopular.info\/wp-content\/uploads\/2022\/09\/1-JORNAL.jpeg","type":"image\/jpeg"}],"author":"Reda\u00e7\u00e3o Folha Popular","twitter_card":"summary_large_image","twitter_misc":{"Escrito por":"Reda\u00e7\u00e3o Folha Popular","Est. tempo de leitura":"3 minutos"},"schema":{"@context":"https:\/\/schema.org","@graph":[{"@type":"Article","@id":"https:\/\/folhapopular.info\/index.php\/2022\/09\/14\/equipe-teutoniense-de-atletismo-e-3o-lugar-geral-no-estadual-sub-16\/#article","isPartOf":{"@id":"https:\/\/folhapopular.info\/index.php\/2022\/09\/14\/equipe-teutoniense-de-atletismo-e-3o-lugar-geral-no-estadual-sub-16\/"},"author":{"name":"Reda\u00e7\u00e3o Folha Popular","@id":"https:\/\/folhapopular.info\/#\/schema\/person\/2814e8a0df7643585a9ca38bc6eb9d4b"},"headline":"Equipe teutoniense de atletismo \u00e9 3\u00ba lugar geral no Estadual Sub-16","datePublished":"2022-09-14T12:17:34+00:00","dateModified":"2022-09-14T12:35:11+00:00","mainEntityOfPage":{"@id":"https:\/\/folhapopular.info\/index.php\/2022\/09\/14\/equipe-teutoniense-de-atletismo-e-3o-lugar-geral-no-estadual-sub-16\/"},"wordCount":554,"commentCount":0,"image":{"@id":"https:\/\/folhapopular.info\/index.php\/2022\/09\/14\/equipe-teutoniense-de-atletismo-e-3o-lugar-geral-no-estadual-sub-16\/#primaryimage"},"thumbnailUrl":"https:\/\/folhapopular.info\/wp-content\/uploads\/2022\/09\/1-JORNAL.jpeg","articleSection":["Esportes"],"inLanguage":"pt-BR","potentialAction":[{"@type":"CommentAction","name":"Comment","target":["https:\/\/folhapopular.info\/index.php\/2022\/09\/14\/equipe-teutoniense-de-atletismo-e-3o-lugar-geral-no-estadual-sub-16\/#respond"]}]},{"@type":"WebPage","@id":"https:\/\/folhapopular.info\/index.php\/2022\/09\/14\/equipe-teutoniense-de-atletismo-e-3o-lugar-geral-no-estadual-sub-16\/","url":"https:\/\/folhapopular.info\/index.php\/2022\/09\/14\/equipe-teutoniense-de-atletismo-e-3o-lugar-geral-no-estadual-sub-16\/","name":"Equipe teutoniense de atletismo \u00e9 3\u00ba lugar geral no Estadual Sub-16 - Folha Popular","isPartOf":{"@id":"https:\/\/folhapopular.info\/#website"},"primaryImageOfPage":{"@id":"https:\/\/folhapopular.info\/index.php\/2022\/09\/14\/equipe-teutoniense-de-atletismo-e-3o-lugar-geral-no-estadual-sub-16\/#primaryimage"},"image":{"@id":"https:\/\/folhapopular.info\/index.php\/2022\/09\/14\/equipe-teutoniense-de-atletismo-e-3o-lugar-geral-no-estadual-sub-16\/#primaryimage"},"thumbnailUrl":"https:\/\/folhapopular.info\/wp-content\/uploads\/2022\/09\/1-JORNAL.jpeg","datePublished":"2022-09-14T12:17:34+00:00","dateModified":"2022-09-14T12:35:11+00:00","author":{"@id":"https:\/\/folhapopular.info\/#\/schema\/person\/2814e8a0df7643585a9ca38bc6eb9d4b"},"breadcrumb":{"@id":"https:\/\/folhapopular.info\/index.php\/2022\/09\/14\/equipe-teutoniense-de-atletismo-e-3o-lugar-geral-no-estadual-sub-16\/#breadcrumb"},"inLanguage":"pt-BR","potentialAction":[{"@type":"ReadAction","target":["https:\/\/folhapopular.info\/index.php\/2022\/09\/14\/equipe-teutoniense-de-atletismo-e-3o-lugar-geral-no-estadual-sub-16\/"]}]},{"@type":"ImageObject","inLanguage":"pt-BR","@id":"https:\/\/folhapopular.info\/index.php\/2022\/09\/14\/equipe-teutoniense-de-atletismo-e-3o-lugar-geral-no-estadual-sub-16\/#primaryimage","url":"https:\/\/folhapopular.info\/wp-content\/uploads\/2022\/09\/1-JORNAL.jpeg","contentUrl":"https:\/\/folhapopular.info\/wp-content\/uploads\/2022\/09\/1-JORNAL.jpeg","width":815,"height":640,"caption":"Equipe de Atletismo Col\u00e9gio Teut\u00f4nia\/Languiru\/Sicredi, que tamb\u00e9m conta com o apoio das Prefeituras de Teut\u00f4nia e Westf\u00e1lia, disputou o Campeonato Estadual de Atletismo Sub-16 na Sogipa, em Porto Alegre \/ Cr\u00e9dito da foto: Iurquen Roese \/ Divulga\u00e7\u00e3o"},{"@type":"BreadcrumbList","@id":"https:\/\/folhapopular.info\/index.php\/2022\/09\/14\/equipe-teutoniense-de-atletismo-e-3o-lugar-geral-no-estadual-sub-16\/#breadcrumb","itemListElement":[{"@type":"ListItem","position":1,"name":"In\u00edcio","item":"https:\/\/folhapopular.info\/"},{"@type":"ListItem","position":2,"name":"Equipe teutoniense de atletismo \u00e9 3\u00ba lugar geral no Estadual Sub-16"}]},{"@type":"WebSite","@id":"https:\/\/folhapopular.info\/#website","url":"https:\/\/folhapopular.info\/","name":"Folha Popular","description":"Onde voc\u00ea tem vez e voz","potentialAction":[{"@type":"SearchAction","target":{"@type":"EntryPoint","urlTemplate":"https:\/\/folhapopular.info\/?s={search_term_string}"},"query-input":{"@type":"PropertyValueSpecification","valueRequired":true,"valueName":"search_term_string"}}],"inLanguage":"pt-BR"},{"@type":"Person","@id":"https:\/\/folhapopular.info\/#\/schema\/person\/2814e8a0df7643585a9ca38bc6eb9d4b","name":"Reda\u00e7\u00e3o Folha Popular","image":{"@type":"ImageObject","inLanguage":"pt-BR","@id":"https:\/\/folhapopular.info\/wp-content\/uploads\/2026\/04\/Folha-1.webp","url":"https:\/\/folhapopular.info\/wp-content\/uploads\/2026\/04\/Folha-1.webp","contentUrl":"https:\/\/folhapopular.info\/wp-content\/uploads\/2026\/04\/Folha-1.webp","caption":"Reda\u00e7\u00e3o Folha Popular"},"url":"https:\/\/folhapopular.info\/index.php\/author\/redacao\/"}]}},"jetpack_featured_media_url":"https:\/\/folhapopular.info\/wp-content\/uploads\/2022\/09\/1-JORNAL.jpeg","jetpack_sharing_enabled":true,"amp_enabled":true,"_links":{"self":[{"href":"https:\/\/folhapopular.info\/index.php\/wp-json\/wp\/v2\/posts\/112656","targetHints":{"allow":["GET"]}}],"collection":[{"href":"https:\/\/folhapopular.info\/index.php\/wp-json\/wp\/v2\/posts"}],"about":[{"href":"https:\/\/folhapopular.info\/index.php\/wp-json\/wp\/v2\/types\/post"}],"author":[{"embeddable":true,"href":"https:\/\/folhapopular.info\/index.php\/wp-json\/wp\/v2\/users\/8"}],"replies":[{"embeddable":true,"href":"https:\/\/folhapopular.info\/index.php\/wp-json\/wp\/v2\/comments?post=112656"}],"version-history":[{"count":0,"href":"https:\/\/folhapopular.info\/index.php\/wp-json\/wp\/v2\/posts\/112656\/revisions"}],"wp:featuredmedia":[{"embeddable":true,"href":"https:\/\/folhapopular.info\/index.php\/wp-json\/wp\/v2\/media\/112659"}],"wp:attachment":[{"href":"https:\/\/folhapopular.info\/index.php\/wp-json\/wp\/v2\/media?parent=112656"}],"wp:term":[{"taxonomy":"category","embeddable":true,"href":"https:\/\/folhapopular.info\/index.php\/wp-json\/wp\/v2\/categories?post=112656"},{"taxonomy":"post_tag","embeddable":true,"href":"https:\/\/folhapopular.info\/index.php\/wp-json\/wp\/v2\/tags?post=112656"}],"curies":[{"name":"wp","href":"https:\/\/api.w.org\/{rel}","templated":true}]}}