{"id":112723,"date":"2022-09-15T10:57:56","date_gmt":"2022-09-15T13:57:56","guid":{"rendered":"https:\/\/folhapopular.info\/?p=112723"},"modified":"2022-09-15T10:59:21","modified_gmt":"2022-09-15T13:59:21","slug":"teutonia-tem-baixa-cobertura-vacinal-contra-a-polio","status":"publish","type":"post","link":"https:\/\/folhapopular.info\/index.php\/2022\/09\/15\/teutonia-tem-baixa-cobertura-vacinal-contra-a-polio\/","title":{"rendered":"Teut\u00f4nia tem baixa cobertura vacinal contra a Polio"},"content":{"rendered":"\n<p>Teut\u00f4nia est\u00e1 com a vacina\u00e7\u00e3o contra a Poliomielite abaixo da meta que \u00e9 de 95%. O munic\u00edpio de est\u00e1 com cobertura baixa, com cerca de 49%.<\/p>\n\n\n\n<p>Por isso, a campanha de vacina\u00e7\u00e3o foi prorrogada at\u00e9 dia 30 de setembro. Desta forma, a Secretaria de Sa\u00fade ressalta a import\u00e2ncia do comprometimento de todas as fam\u00edlias para que as crian\u00e7as de 1 ano a 5 anos incompletos (04 anos, 11 meses e 29 dias) sejam vacinadas. A aplica\u00e7\u00e3o est\u00e1 dispon\u00edvel em todas as Unidades B\u00e1sicas de Sa\u00fade.<\/p>\n\n\n\n<p>O&nbsp;Minist\u00e9rio da Sa\u00fade&nbsp;e a Defesa Civil&nbsp;emitiram&nbsp;alerta de risco de reintrodu\u00e7\u00e3o do v\u00edrus causador da poliomielite no pa\u00eds. <\/p>\n\n\n\n<p>A poliomielite, tamb\u00e9m chamada de paralisia infantil, \u00e9 uma doen\u00e7a contagiosa aguda causada por um v\u00edrus presente no intestino, chamado poliov\u00edrus, que pode infectar crian\u00e7as e adultos por meio do contato direto com fezes ou com secre\u00e7\u00f5es eliminadas pela boca das pessoas infectadas e provocar ou n\u00e3o a paralisia. <\/p>\n\n\n\n<p>Nos casos graves, em que acontecem as paralisias musculares, os membros inferiores s\u00e3o os mais atingidos.<\/p>\n\n\n\n<p><strong>Transmiss\u00e3o<br><\/strong>A transmiss\u00e3o ocorre por contato direto pessoa a pessoa, pela via fecal-oral (mais frequentemente), por objetos, alimentos e \u00e1gua contaminados com fezes de doentes ou portadores, ou pela via oral-oral, por meio de got\u00edculas de secre\u00e7\u00f5es da orofaringe (ao falar, tossir ou espirrar). <\/p>\n\n\n\n<p>A falta de saneamento, as m\u00e1s condi\u00e7\u00f5es habitacionais e a higiene pessoal prec\u00e1ria constituem fatores que favorecem a transmiss\u00e3o do poliov\u00edrus.<\/p>\n\n\n\n<p><strong>Sintomas<br><\/strong>Os sintomas mais frequentes s\u00e3o febre, mal-estar, dor de cabe\u00e7a, de garganta e no corpo, v\u00f4mitos, diarreia, constipa\u00e7\u00e3o (pris\u00e3o de ventre), espasmos, rigidez na nuca e at\u00e9 mesmo meningite. Nas formas mais graves se instala a flacidez muscular, que afeta, em regra, um dos membros inferiores.<\/p>\n\n\n\n<p><strong>Tratamento<\/strong><br>N\u00e3o existe tratamento espec\u00edfico, todas as v\u00edtimas de cont\u00e1gio devem ser hospitalizadas, recebendo tratamento dos sintomas, de acordo com o quadro cl\u00ednico do paciente, ou seja, uma vez instaladas as sequelas as mesmas s\u00e3o permanentes e necessitam de suporte de reabilita\u00e7\u00e3o.<\/p>\n\n\n\n<p><strong>Sequelas<\/strong><\/p>\n\n\n\n<p><strong><\/strong>As sequelas da poliomielite est\u00e3o relacionadas com a infec\u00e7\u00e3o da medula e do c\u00e9rebro pelo poliov\u00edrus, normalmente s\u00e3o motoras e n\u00e3o tem cura. As principais s\u00e3o:<br>\u2013 problemas e dores nas articula\u00e7\u00f5es;<br>\u2013 p\u00e9 torto, conhecido como p\u00e9 equino, em que a pessoa n\u00e3o consegue andar porque o calcanhar n\u00e3o encosta no ch\u00e3o;<br>\u2013 crescimento diferente das pernas, o que faz com que a pessoa manque e incline-se para um lado, causando escoliose;<br>\u2013 osteoporose;<br>\u2013 paralisia de uma das pernas;<br>\u2013 paralisia dos m\u00fasculos da fala e da degluti\u00e7\u00e3o, o que provoca ac\u00famulo de secre\u00e7\u00f5es na boca e na garganta;<br>\u2013 dificuldade de falar;<br>\u2013 atrofia muscular;<br>\u2013 hipersensibilidade ao toque.<\/p>\n\n\n\n<p>As sequelas da poliomielite s\u00e3o tratadas atrav\u00e9s de fisioterapia, por meio da realiza\u00e7\u00e3o de exerc\u00edcios que ajudam a desenvolver a for\u00e7a dos m\u00fasculos afetados, al\u00e9m de ajudar na postura, melhorando assim a qualidade de vida e diminuindo os efeitos das sequelas. Al\u00e9m disso, pode ser indicado o uso de medicamentos para aliviar as dores musculares e das articula\u00e7\u00f5es.<\/p>\n\n\n\n<p><strong>Preven\u00e7\u00e3o<\/strong><\/p>\n\n\n\n<p>A vacina\u00e7\u00e3o \u00e9 a \u00fanica forma de preven\u00e7\u00e3o da poliomielite. Todas as crian\u00e7as menores de cinco anos de idade devem ser vacinadas conforme esquema de vacina\u00e7\u00e3o de rotina e na campanha nacional anual. O esquema vacinal contra a poliomielite \u00e9 de tr\u00eas doses da vacina injet\u00e1vel \u2013 VIP (aos 2, 4 e 6 meses) e mais duas doses de refor\u00e7o com a vacina oral bivalente \u2013 VOP (gotinha).<\/p>\n","protected":false},"excerpt":{"rendered":"<p>Teut\u00f4nia est\u00e1 com a vacina\u00e7\u00e3o contra a Poliomielite abaixo da meta que \u00e9 de 95%. O munic\u00edpio de est\u00e1 com cobertura baixa, com cerca de 49%. Por isso, a campanha de vacina\u00e7\u00e3o foi prorrogada at\u00e9 dia 30 de setembro. Desta forma, a Secretaria de Sa\u00fade ressalta a import\u00e2ncia do comprometimento de todas as fam\u00edlias para [&hellip;]<\/p>\n","protected":false},"author":8,"featured_media":112727,"comment_status":"open","ping_status":"open","sticky":false,"template":"","format":"standard","meta":{"pmpro_default_level":"","_jetpack_memberships_contains_paid_content":false,"footnotes":""},"categories":[2,3],"tags":[],"class_list":{"0":"post-112723","1":"post","2":"type-post","3":"status-publish","4":"format-standard","5":"has-post-thumbnail","7":"category-featured","8":"category-geral","9":"pmpro-has-access"},"yoast_head":"<!-- This site is optimized with the Yoast SEO plugin v27.5 - https:\/\/yoast.com\/product\/yoast-seo-wordpress\/ -->\n<title>Teut\u00f4nia tem baixa cobertura vacinal contra a Polio - Folha Popular<\/title>\n<meta name=\"robots\" content=\"index, follow, max-snippet:-1, max-image-preview:large, max-video-preview:-1\" \/>\n<link rel=\"canonical\" href=\"https:\/\/folhapopular.info\/index.php\/2022\/09\/15\/teutonia-tem-baixa-cobertura-vacinal-contra-a-polio\/\" \/>\n<meta property=\"og:locale\" content=\"pt_BR\" \/>\n<meta property=\"og:type\" content=\"article\" \/>\n<meta property=\"og:title\" content=\"Teut\u00f4nia tem baixa cobertura vacinal contra a Polio - Folha Popular\" \/>\n<meta property=\"og:description\" content=\"Teut\u00f4nia est\u00e1 com a vacina\u00e7\u00e3o contra a Poliomielite abaixo da meta que \u00e9 de 95%. O munic\u00edpio de est\u00e1 com cobertura baixa, com cerca de 49%. Por isso, a campanha de vacina\u00e7\u00e3o foi prorrogada at\u00e9 dia 30 de setembro. Desta forma, a Secretaria de Sa\u00fade ressalta a import\u00e2ncia do comprometimento de todas as fam\u00edlias para [&hellip;]\" \/>\n<meta property=\"og:url\" content=\"https:\/\/folhapopular.info\/index.php\/2022\/09\/15\/teutonia-tem-baixa-cobertura-vacinal-contra-a-polio\/\" \/>\n<meta property=\"og:site_name\" content=\"Folha Popular\" \/>\n<meta property=\"article:published_time\" content=\"2022-09-15T13:57:56+00:00\" \/>\n<meta property=\"article:modified_time\" content=\"2022-09-15T13:59:21+00:00\" \/>\n<meta property=\"og:image\" content=\"http:\/\/folhapopular.info\/wp-content\/uploads\/2022\/09\/vacina-polio.png\" \/>\n\t<meta property=\"og:image:width\" content=\"768\" \/>\n\t<meta property=\"og:image:height\" content=\"354\" \/>\n\t<meta property=\"og:image:type\" content=\"image\/png\" \/>\n<meta name=\"author\" content=\"Reda\u00e7\u00e3o Folha Popular\" \/>\n<meta name=\"twitter:card\" content=\"summary_large_image\" \/>\n<meta name=\"twitter:label1\" content=\"Escrito por\" \/>\n\t<meta name=\"twitter:data1\" content=\"Reda\u00e7\u00e3o Folha Popular\" \/>\n\t<meta name=\"twitter:label2\" content=\"Est. tempo de leitura\" \/>\n\t<meta name=\"twitter:data2\" content=\"4 minutos\" \/>\n<script type=\"application\/ld+json\" class=\"yoast-schema-graph\">{\"@context\":\"https:\\\/\\\/schema.org\",\"@graph\":[{\"@type\":\"Article\",\"@id\":\"https:\\\/\\\/folhapopular.info\\\/index.php\\\/2022\\\/09\\\/15\\\/teutonia-tem-baixa-cobertura-vacinal-contra-a-polio\\\/#article\",\"isPartOf\":{\"@id\":\"https:\\\/\\\/folhapopular.info\\\/index.php\\\/2022\\\/09\\\/15\\\/teutonia-tem-baixa-cobertura-vacinal-contra-a-polio\\\/\"},\"author\":{\"name\":\"Reda\u00e7\u00e3o Folha Popular\",\"@id\":\"https:\\\/\\\/folhapopular.info\\\/#\\\/schema\\\/person\\\/2814e8a0df7643585a9ca38bc6eb9d4b\"},\"headline\":\"Teut\u00f4nia tem baixa cobertura vacinal contra a Polio\",\"datePublished\":\"2022-09-15T13:57:56+00:00\",\"dateModified\":\"2022-09-15T13:59:21+00:00\",\"mainEntityOfPage\":{\"@id\":\"https:\\\/\\\/folhapopular.info\\\/index.php\\\/2022\\\/09\\\/15\\\/teutonia-tem-baixa-cobertura-vacinal-contra-a-polio\\\/\"},\"wordCount\":630,\"commentCount\":0,\"image\":{\"@id\":\"https:\\\/\\\/folhapopular.info\\\/index.php\\\/2022\\\/09\\\/15\\\/teutonia-tem-baixa-cobertura-vacinal-contra-a-polio\\\/#primaryimage\"},\"thumbnailUrl\":\"https:\\\/\\\/folhapopular.info\\\/wp-content\\\/uploads\\\/2022\\\/09\\\/vacina-polio.png\",\"articleSection\":[\"Destaques\",\"Geral\"],\"inLanguage\":\"pt-BR\",\"potentialAction\":[{\"@type\":\"CommentAction\",\"name\":\"Comment\",\"target\":[\"https:\\\/\\\/folhapopular.info\\\/index.php\\\/2022\\\/09\\\/15\\\/teutonia-tem-baixa-cobertura-vacinal-contra-a-polio\\\/#respond\"]}]},{\"@type\":\"WebPage\",\"@id\":\"https:\\\/\\\/folhapopular.info\\\/index.php\\\/2022\\\/09\\\/15\\\/teutonia-tem-baixa-cobertura-vacinal-contra-a-polio\\\/\",\"url\":\"https:\\\/\\\/folhapopular.info\\\/index.php\\\/2022\\\/09\\\/15\\\/teutonia-tem-baixa-cobertura-vacinal-contra-a-polio\\\/\",\"name\":\"Teut\u00f4nia tem baixa cobertura vacinal contra a Polio - Folha Popular\",\"isPartOf\":{\"@id\":\"https:\\\/\\\/folhapopular.info\\\/#website\"},\"primaryImageOfPage\":{\"@id\":\"https:\\\/\\\/folhapopular.info\\\/index.php\\\/2022\\\/09\\\/15\\\/teutonia-tem-baixa-cobertura-vacinal-contra-a-polio\\\/#primaryimage\"},\"image\":{\"@id\":\"https:\\\/\\\/folhapopular.info\\\/index.php\\\/2022\\\/09\\\/15\\\/teutonia-tem-baixa-cobertura-vacinal-contra-a-polio\\\/#primaryimage\"},\"thumbnailUrl\":\"https:\\\/\\\/folhapopular.info\\\/wp-content\\\/uploads\\\/2022\\\/09\\\/vacina-polio.png\",\"datePublished\":\"2022-09-15T13:57:56+00:00\",\"dateModified\":\"2022-09-15T13:59:21+00:00\",\"author\":{\"@id\":\"https:\\\/\\\/folhapopular.info\\\/#\\\/schema\\\/person\\\/2814e8a0df7643585a9ca38bc6eb9d4b\"},\"breadcrumb\":{\"@id\":\"https:\\\/\\\/folhapopular.info\\\/index.php\\\/2022\\\/09\\\/15\\\/teutonia-tem-baixa-cobertura-vacinal-contra-a-polio\\\/#breadcrumb\"},\"inLanguage\":\"pt-BR\",\"potentialAction\":[{\"@type\":\"ReadAction\",\"target\":[\"https:\\\/\\\/folhapopular.info\\\/index.php\\\/2022\\\/09\\\/15\\\/teutonia-tem-baixa-cobertura-vacinal-contra-a-polio\\\/\"]}]},{\"@type\":\"ImageObject\",\"inLanguage\":\"pt-BR\",\"@id\":\"https:\\\/\\\/folhapopular.info\\\/index.php\\\/2022\\\/09\\\/15\\\/teutonia-tem-baixa-cobertura-vacinal-contra-a-polio\\\/#primaryimage\",\"url\":\"https:\\\/\\\/folhapopular.info\\\/wp-content\\\/uploads\\\/2022\\\/09\\\/vacina-polio.png\",\"contentUrl\":\"https:\\\/\\\/folhapopular.info\\\/wp-content\\\/uploads\\\/2022\\\/09\\\/vacina-polio.png\",\"width\":768,\"height\":354,\"caption\":\"Vacina oral protege e garante que a doen\u00e7a n\u00e3o retorne ao pa\u00eds \\\/ Cr\u00e9dito da foto: Marcos Lopes \\\/ MG \\\/ Divulga\u00e7\u00e3o\"},{\"@type\":\"BreadcrumbList\",\"@id\":\"https:\\\/\\\/folhapopular.info\\\/index.php\\\/2022\\\/09\\\/15\\\/teutonia-tem-baixa-cobertura-vacinal-contra-a-polio\\\/#breadcrumb\",\"itemListElement\":[{\"@type\":\"ListItem\",\"position\":1,\"name\":\"In\u00edcio\",\"item\":\"https:\\\/\\\/folhapopular.info\\\/\"},{\"@type\":\"ListItem\",\"position\":2,\"name\":\"Teut\u00f4nia tem baixa cobertura vacinal contra a Polio\"}]},{\"@type\":\"WebSite\",\"@id\":\"https:\\\/\\\/folhapopular.info\\\/#website\",\"url\":\"https:\\\/\\\/folhapopular.info\\\/\",\"name\":\"Folha Popular\",\"description\":\"Onde voc\u00ea tem vez e voz\",\"potentialAction\":[{\"@type\":\"SearchAction\",\"target\":{\"@type\":\"EntryPoint\",\"urlTemplate\":\"https:\\\/\\\/folhapopular.info\\\/?s={search_term_string}\"},\"query-input\":{\"@type\":\"PropertyValueSpecification\",\"valueRequired\":true,\"valueName\":\"search_term_string\"}}],\"inLanguage\":\"pt-BR\"},{\"@type\":\"Person\",\"@id\":\"https:\\\/\\\/folhapopular.info\\\/#\\\/schema\\\/person\\\/2814e8a0df7643585a9ca38bc6eb9d4b\",\"name\":\"Reda\u00e7\u00e3o Folha Popular\",\"image\":{\"@type\":\"ImageObject\",\"inLanguage\":\"pt-BR\",\"@id\":\"https:\\\/\\\/folhapopular.info\\\/wp-content\\\/uploads\\\/2026\\\/04\\\/Folha-1.webp\",\"url\":\"https:\\\/\\\/folhapopular.info\\\/wp-content\\\/uploads\\\/2026\\\/04\\\/Folha-1.webp\",\"contentUrl\":\"https:\\\/\\\/folhapopular.info\\\/wp-content\\\/uploads\\\/2026\\\/04\\\/Folha-1.webp\",\"caption\":\"Reda\u00e7\u00e3o Folha Popular\"},\"url\":\"https:\\\/\\\/folhapopular.info\\\/index.php\\\/author\\\/redacao\\\/\"}]}<\/script>\n<!-- \/ Yoast SEO plugin. -->","yoast_head_json":{"title":"Teut\u00f4nia tem baixa cobertura vacinal contra a Polio - Folha Popular","robots":{"index":"index","follow":"follow","max-snippet":"max-snippet:-1","max-image-preview":"max-image-preview:large","max-video-preview":"max-video-preview:-1"},"canonical":"https:\/\/folhapopular.info\/index.php\/2022\/09\/15\/teutonia-tem-baixa-cobertura-vacinal-contra-a-polio\/","og_locale":"pt_BR","og_type":"article","og_title":"Teut\u00f4nia tem baixa cobertura vacinal contra a Polio - Folha Popular","og_description":"Teut\u00f4nia est\u00e1 com a vacina\u00e7\u00e3o contra a Poliomielite abaixo da meta que \u00e9 de 95%. O munic\u00edpio de est\u00e1 com cobertura baixa, com cerca de 49%. Por isso, a campanha de vacina\u00e7\u00e3o foi prorrogada at\u00e9 dia 30 de setembro. Desta forma, a Secretaria de Sa\u00fade ressalta a import\u00e2ncia do comprometimento de todas as fam\u00edlias para [&hellip;]","og_url":"https:\/\/folhapopular.info\/index.php\/2022\/09\/15\/teutonia-tem-baixa-cobertura-vacinal-contra-a-polio\/","og_site_name":"Folha Popular","article_published_time":"2022-09-15T13:57:56+00:00","article_modified_time":"2022-09-15T13:59:21+00:00","og_image":[{"width":768,"height":354,"url":"http:\/\/folhapopular.info\/wp-content\/uploads\/2022\/09\/vacina-polio.png","type":"image\/png"}],"author":"Reda\u00e7\u00e3o Folha Popular","twitter_card":"summary_large_image","twitter_misc":{"Escrito por":"Reda\u00e7\u00e3o Folha Popular","Est. tempo de leitura":"4 minutos"},"schema":{"@context":"https:\/\/schema.org","@graph":[{"@type":"Article","@id":"https:\/\/folhapopular.info\/index.php\/2022\/09\/15\/teutonia-tem-baixa-cobertura-vacinal-contra-a-polio\/#article","isPartOf":{"@id":"https:\/\/folhapopular.info\/index.php\/2022\/09\/15\/teutonia-tem-baixa-cobertura-vacinal-contra-a-polio\/"},"author":{"name":"Reda\u00e7\u00e3o Folha Popular","@id":"https:\/\/folhapopular.info\/#\/schema\/person\/2814e8a0df7643585a9ca38bc6eb9d4b"},"headline":"Teut\u00f4nia tem baixa cobertura vacinal contra a Polio","datePublished":"2022-09-15T13:57:56+00:00","dateModified":"2022-09-15T13:59:21+00:00","mainEntityOfPage":{"@id":"https:\/\/folhapopular.info\/index.php\/2022\/09\/15\/teutonia-tem-baixa-cobertura-vacinal-contra-a-polio\/"},"wordCount":630,"commentCount":0,"image":{"@id":"https:\/\/folhapopular.info\/index.php\/2022\/09\/15\/teutonia-tem-baixa-cobertura-vacinal-contra-a-polio\/#primaryimage"},"thumbnailUrl":"https:\/\/folhapopular.info\/wp-content\/uploads\/2022\/09\/vacina-polio.png","articleSection":["Destaques","Geral"],"inLanguage":"pt-BR","potentialAction":[{"@type":"CommentAction","name":"Comment","target":["https:\/\/folhapopular.info\/index.php\/2022\/09\/15\/teutonia-tem-baixa-cobertura-vacinal-contra-a-polio\/#respond"]}]},{"@type":"WebPage","@id":"https:\/\/folhapopular.info\/index.php\/2022\/09\/15\/teutonia-tem-baixa-cobertura-vacinal-contra-a-polio\/","url":"https:\/\/folhapopular.info\/index.php\/2022\/09\/15\/teutonia-tem-baixa-cobertura-vacinal-contra-a-polio\/","name":"Teut\u00f4nia tem baixa cobertura vacinal contra a Polio - Folha Popular","isPartOf":{"@id":"https:\/\/folhapopular.info\/#website"},"primaryImageOfPage":{"@id":"https:\/\/folhapopular.info\/index.php\/2022\/09\/15\/teutonia-tem-baixa-cobertura-vacinal-contra-a-polio\/#primaryimage"},"image":{"@id":"https:\/\/folhapopular.info\/index.php\/2022\/09\/15\/teutonia-tem-baixa-cobertura-vacinal-contra-a-polio\/#primaryimage"},"thumbnailUrl":"https:\/\/folhapopular.info\/wp-content\/uploads\/2022\/09\/vacina-polio.png","datePublished":"2022-09-15T13:57:56+00:00","dateModified":"2022-09-15T13:59:21+00:00","author":{"@id":"https:\/\/folhapopular.info\/#\/schema\/person\/2814e8a0df7643585a9ca38bc6eb9d4b"},"breadcrumb":{"@id":"https:\/\/folhapopular.info\/index.php\/2022\/09\/15\/teutonia-tem-baixa-cobertura-vacinal-contra-a-polio\/#breadcrumb"},"inLanguage":"pt-BR","potentialAction":[{"@type":"ReadAction","target":["https:\/\/folhapopular.info\/index.php\/2022\/09\/15\/teutonia-tem-baixa-cobertura-vacinal-contra-a-polio\/"]}]},{"@type":"ImageObject","inLanguage":"pt-BR","@id":"https:\/\/folhapopular.info\/index.php\/2022\/09\/15\/teutonia-tem-baixa-cobertura-vacinal-contra-a-polio\/#primaryimage","url":"https:\/\/folhapopular.info\/wp-content\/uploads\/2022\/09\/vacina-polio.png","contentUrl":"https:\/\/folhapopular.info\/wp-content\/uploads\/2022\/09\/vacina-polio.png","width":768,"height":354,"caption":"Vacina oral protege e garante que a doen\u00e7a n\u00e3o retorne ao pa\u00eds \/ Cr\u00e9dito da foto: Marcos Lopes \/ MG \/ Divulga\u00e7\u00e3o"},{"@type":"BreadcrumbList","@id":"https:\/\/folhapopular.info\/index.php\/2022\/09\/15\/teutonia-tem-baixa-cobertura-vacinal-contra-a-polio\/#breadcrumb","itemListElement":[{"@type":"ListItem","position":1,"name":"In\u00edcio","item":"https:\/\/folhapopular.info\/"},{"@type":"ListItem","position":2,"name":"Teut\u00f4nia tem baixa cobertura vacinal contra a Polio"}]},{"@type":"WebSite","@id":"https:\/\/folhapopular.info\/#website","url":"https:\/\/folhapopular.info\/","name":"Folha Popular","description":"Onde voc\u00ea tem vez e voz","potentialAction":[{"@type":"SearchAction","target":{"@type":"EntryPoint","urlTemplate":"https:\/\/folhapopular.info\/?s={search_term_string}"},"query-input":{"@type":"PropertyValueSpecification","valueRequired":true,"valueName":"search_term_string"}}],"inLanguage":"pt-BR"},{"@type":"Person","@id":"https:\/\/folhapopular.info\/#\/schema\/person\/2814e8a0df7643585a9ca38bc6eb9d4b","name":"Reda\u00e7\u00e3o Folha Popular","image":{"@type":"ImageObject","inLanguage":"pt-BR","@id":"https:\/\/folhapopular.info\/wp-content\/uploads\/2026\/04\/Folha-1.webp","url":"https:\/\/folhapopular.info\/wp-content\/uploads\/2026\/04\/Folha-1.webp","contentUrl":"https:\/\/folhapopular.info\/wp-content\/uploads\/2026\/04\/Folha-1.webp","caption":"Reda\u00e7\u00e3o Folha Popular"},"url":"https:\/\/folhapopular.info\/index.php\/author\/redacao\/"}]}},"jetpack_featured_media_url":"https:\/\/folhapopular.info\/wp-content\/uploads\/2022\/09\/vacina-polio.png","jetpack_sharing_enabled":true,"amp_enabled":true,"_links":{"self":[{"href":"https:\/\/folhapopular.info\/index.php\/wp-json\/wp\/v2\/posts\/112723","targetHints":{"allow":["GET"]}}],"collection":[{"href":"https:\/\/folhapopular.info\/index.php\/wp-json\/wp\/v2\/posts"}],"about":[{"href":"https:\/\/folhapopular.info\/index.php\/wp-json\/wp\/v2\/types\/post"}],"author":[{"embeddable":true,"href":"https:\/\/folhapopular.info\/index.php\/wp-json\/wp\/v2\/users\/8"}],"replies":[{"embeddable":true,"href":"https:\/\/folhapopular.info\/index.php\/wp-json\/wp\/v2\/comments?post=112723"}],"version-history":[{"count":0,"href":"https:\/\/folhapopular.info\/index.php\/wp-json\/wp\/v2\/posts\/112723\/revisions"}],"wp:featuredmedia":[{"embeddable":true,"href":"https:\/\/folhapopular.info\/index.php\/wp-json\/wp\/v2\/media\/112727"}],"wp:attachment":[{"href":"https:\/\/folhapopular.info\/index.php\/wp-json\/wp\/v2\/media?parent=112723"}],"wp:term":[{"taxonomy":"category","embeddable":true,"href":"https:\/\/folhapopular.info\/index.php\/wp-json\/wp\/v2\/categories?post=112723"},{"taxonomy":"post_tag","embeddable":true,"href":"https:\/\/folhapopular.info\/index.php\/wp-json\/wp\/v2\/tags?post=112723"}],"curies":[{"name":"wp","href":"https:\/\/api.w.org\/{rel}","templated":true}]}}