{"id":112926,"date":"2022-09-17T11:21:54","date_gmt":"2022-09-17T14:21:54","guid":{"rendered":"https:\/\/folhapopular.info\/?p=112926"},"modified":"2022-09-17T11:21:59","modified_gmt":"2022-09-17T14:21:59","slug":"soges-conhece-campeoes-da-copa-de-inverno-neste-sabado","status":"publish","type":"post","link":"https:\/\/folhapopular.info\/index.php\/2022\/09\/17\/soges-conhece-campeoes-da-copa-de-inverno-neste-sabado\/","title":{"rendered":"Soges conhece campe\u00f5es da Copa de Inverno neste s\u00e1bado"},"content":{"rendered":"\n<p>A Sociedade Gin\u00e1stica Estrela promove as finais da Copa de Inverno &#8211; 386 Business Park de Futebol Sete neste s\u00e1bado (17\/9). Os jogos ser\u00e3o nos campos 1 e 2. <\/p>\n\n\n\n<p>O Gal\u00e1cticos FC e o Sombras disputam o t\u00edtulo da S\u00e9rie Bronze do Grupo 1. Pelo Grupo 2, o Dinos FC e Os Kururus NC definem o t\u00edtulo. <\/p>\n\n\n\n<p>Pela S\u00e9rie Prata, o N\u00e1rnia FC enfrenta o Xtotz United 09 em busca do t\u00edtulo do Grupo 1. No outro jogo, pelo Grupo 2, Mangua\u00e7a FC e Cevadera United brigam pela ta\u00e7a. <\/p>\n\n\n\n<p>E pelo S\u00e9rie Ouro, o Saidera e o Super 10 Original disputam o t\u00edtulo do Grupo 1. Pelo Grupo 2, o Meia Boca Juniors e Bud Mustbe FC se enfrentam em busca do t\u00edtulo. <\/p>\n\n\n\n<p><strong><mark style=\"background-color:#fcb900\" class=\"has-inline-color\">COPA DE INVERNO &#8211; 386 BUSINESS PARK <\/mark><\/strong><\/p>\n\n\n\n<p><strong>Finais &#8211; 17\/9 &#8211; Campo 1 <\/strong><\/p>\n\n\n\n<p><strong>Grupo 1 <\/strong><\/p>\n\n\n\n<p>13:30 S\u00e9rie Bronze Gal\u00e1cticos FC x Sombras <\/p>\n\n\n\n<p>14h40 S\u00e9rie Prata N\u00e1rnia FT x Xtotz United 09 <\/p>\n\n\n\n<p>15h50 S\u00e9rie Ouro Saidera x Super 10 Original A <\/p>\n\n\n\n<p><strong>Finais &#8211; 17\/9 &#8211; Campo 2 <\/strong><\/p>\n\n\n\n<p><strong>Grupo 2 <\/strong><\/p>\n\n\n\n<p>13:00 S\u00e9rie Bronze Dinos FC x Os Kururus NC <\/p>\n\n\n\n<p>14:10 S\u00e9rie Prata Mangua\u00e7a FC x Cevadera United <\/p>\n\n\n\n<p>15:20 S\u00e9rie Ouro Meia Boca Juniors x Bud Mustbe FC <\/p>\n","protected":false},"excerpt":{"rendered":"<p>A Sociedade Gin\u00e1stica Estrela promove as finais da Copa de Inverno &#8211; 386 Business Park de Futebol Sete neste s\u00e1bado (17\/9). Os jogos ser\u00e3o nos campos 1 e 2. O Gal\u00e1cticos FC e o Sombras disputam o t\u00edtulo da S\u00e9rie Bronze do Grupo 1. Pelo Grupo 2, o Dinos FC e Os Kururus NC definem [&hellip;]<\/p>\n","protected":false},"author":601,"featured_media":112927,"comment_status":"open","ping_status":"open","sticky":false,"template":"","format":"standard","meta":{"pmpro_default_level":"","_jetpack_memberships_contains_paid_content":false,"footnotes":""},"categories":[5,6592],"tags":[8942,8,150,3671],"class_list":{"0":"post-112926","1":"post","2":"type-post","3":"status-publish","4":"format-standard","5":"has-post-thumbnail","7":"category-esportes","8":"category-futebol-sete","9":"tag-copa-de-inverno","10":"tag-estrela","11":"tag-finais","12":"tag-soges","13":"pmpro-has-access"},"yoast_head":"<!-- This site is optimized with the Yoast SEO plugin v27.5 - https:\/\/yoast.com\/product\/yoast-seo-wordpress\/ -->\n<title>Soges conhece campe\u00f5es da Copa de Inverno neste s\u00e1bado - Folha Popular<\/title>\n<meta name=\"robots\" content=\"index, follow, max-snippet:-1, max-image-preview:large, max-video-preview:-1\" \/>\n<link rel=\"canonical\" href=\"https:\/\/folhapopular.info\/index.php\/2022\/09\/17\/soges-conhece-campeoes-da-copa-de-inverno-neste-sabado\/\" \/>\n<meta property=\"og:locale\" content=\"pt_BR\" \/>\n<meta property=\"og:type\" content=\"article\" \/>\n<meta property=\"og:title\" content=\"Soges conhece campe\u00f5es da Copa de Inverno neste s\u00e1bado - Folha Popular\" \/>\n<meta property=\"og:description\" content=\"A Sociedade Gin\u00e1stica Estrela promove as finais da Copa de Inverno &#8211; 386 Business Park de Futebol Sete neste s\u00e1bado (17\/9). Os jogos ser\u00e3o nos campos 1 e 2. O Gal\u00e1cticos FC e o Sombras disputam o t\u00edtulo da S\u00e9rie Bronze do Grupo 1. Pelo Grupo 2, o Dinos FC e Os Kururus NC definem [&hellip;]\" \/>\n<meta property=\"og:url\" content=\"https:\/\/folhapopular.info\/index.php\/2022\/09\/17\/soges-conhece-campeoes-da-copa-de-inverno-neste-sabado\/\" \/>\n<meta property=\"og:site_name\" content=\"Folha Popular\" \/>\n<meta property=\"article:published_time\" content=\"2022-09-17T14:21:54+00:00\" \/>\n<meta property=\"article:modified_time\" content=\"2022-09-17T14:21:59+00:00\" \/>\n<meta property=\"og:image\" content=\"http:\/\/folhapopular.info\/wp-content\/uploads\/2022\/09\/WhatsApp-Image-2022-09-16-at-11.56.07-e1663424505568.jpeg\" \/>\n\t<meta property=\"og:image:width\" content=\"1200\" \/>\n\t<meta property=\"og:image:height\" content=\"900\" \/>\n\t<meta property=\"og:image:type\" content=\"image\/jpeg\" \/>\n<meta name=\"author\" content=\"Carla Beckmann\" \/>\n<meta name=\"twitter:card\" content=\"summary_large_image\" \/>\n<meta name=\"twitter:label1\" content=\"Escrito por\" \/>\n\t<meta name=\"twitter:data1\" content=\"Carla Beckmann\" \/>\n\t<meta name=\"twitter:label2\" content=\"Est. tempo de leitura\" \/>\n\t<meta name=\"twitter:data2\" content=\"2 minutos\" \/>\n<script type=\"application\/ld+json\" class=\"yoast-schema-graph\">{\"@context\":\"https:\\\/\\\/schema.org\",\"@graph\":[{\"@type\":\"Article\",\"@id\":\"https:\\\/\\\/folhapopular.info\\\/index.php\\\/2022\\\/09\\\/17\\\/soges-conhece-campeoes-da-copa-de-inverno-neste-sabado\\\/#article\",\"isPartOf\":{\"@id\":\"https:\\\/\\\/folhapopular.info\\\/index.php\\\/2022\\\/09\\\/17\\\/soges-conhece-campeoes-da-copa-de-inverno-neste-sabado\\\/\"},\"author\":{\"name\":\"Carla Beckmann\",\"@id\":\"https:\\\/\\\/folhapopular.info\\\/#\\\/schema\\\/person\\\/c9138938e4781f3e1ca513f9bea5659c\"},\"headline\":\"Soges conhece campe\u00f5es da Copa de Inverno neste s\u00e1bado\",\"datePublished\":\"2022-09-17T14:21:54+00:00\",\"dateModified\":\"2022-09-17T14:21:59+00:00\",\"mainEntityOfPage\":{\"@id\":\"https:\\\/\\\/folhapopular.info\\\/index.php\\\/2022\\\/09\\\/17\\\/soges-conhece-campeoes-da-copa-de-inverno-neste-sabado\\\/\"},\"wordCount\":208,\"commentCount\":0,\"image\":{\"@id\":\"https:\\\/\\\/folhapopular.info\\\/index.php\\\/2022\\\/09\\\/17\\\/soges-conhece-campeoes-da-copa-de-inverno-neste-sabado\\\/#primaryimage\"},\"thumbnailUrl\":\"https:\\\/\\\/folhapopular.info\\\/wp-content\\\/uploads\\\/2022\\\/09\\\/WhatsApp-Image-2022-09-16-at-11.56.07-e1663424505568.jpeg\",\"keywords\":[\"Copa de Inverno\",\"Estrela\",\"finais\",\"Soges\"],\"articleSection\":[\"Esportes\",\"Futebol Sete\"],\"inLanguage\":\"pt-BR\",\"potentialAction\":[{\"@type\":\"CommentAction\",\"name\":\"Comment\",\"target\":[\"https:\\\/\\\/folhapopular.info\\\/index.php\\\/2022\\\/09\\\/17\\\/soges-conhece-campeoes-da-copa-de-inverno-neste-sabado\\\/#respond\"]}]},{\"@type\":\"WebPage\",\"@id\":\"https:\\\/\\\/folhapopular.info\\\/index.php\\\/2022\\\/09\\\/17\\\/soges-conhece-campeoes-da-copa-de-inverno-neste-sabado\\\/\",\"url\":\"https:\\\/\\\/folhapopular.info\\\/index.php\\\/2022\\\/09\\\/17\\\/soges-conhece-campeoes-da-copa-de-inverno-neste-sabado\\\/\",\"name\":\"Soges conhece campe\u00f5es da Copa de Inverno neste s\u00e1bado - Folha Popular\",\"isPartOf\":{\"@id\":\"https:\\\/\\\/folhapopular.info\\\/#website\"},\"primaryImageOfPage\":{\"@id\":\"https:\\\/\\\/folhapopular.info\\\/index.php\\\/2022\\\/09\\\/17\\\/soges-conhece-campeoes-da-copa-de-inverno-neste-sabado\\\/#primaryimage\"},\"image\":{\"@id\":\"https:\\\/\\\/folhapopular.info\\\/index.php\\\/2022\\\/09\\\/17\\\/soges-conhece-campeoes-da-copa-de-inverno-neste-sabado\\\/#primaryimage\"},\"thumbnailUrl\":\"https:\\\/\\\/folhapopular.info\\\/wp-content\\\/uploads\\\/2022\\\/09\\\/WhatsApp-Image-2022-09-16-at-11.56.07-e1663424505568.jpeg\",\"datePublished\":\"2022-09-17T14:21:54+00:00\",\"dateModified\":\"2022-09-17T14:21:59+00:00\",\"author\":{\"@id\":\"https:\\\/\\\/folhapopular.info\\\/#\\\/schema\\\/person\\\/c9138938e4781f3e1ca513f9bea5659c\"},\"breadcrumb\":{\"@id\":\"https:\\\/\\\/folhapopular.info\\\/index.php\\\/2022\\\/09\\\/17\\\/soges-conhece-campeoes-da-copa-de-inverno-neste-sabado\\\/#breadcrumb\"},\"inLanguage\":\"pt-BR\",\"potentialAction\":[{\"@type\":\"ReadAction\",\"target\":[\"https:\\\/\\\/folhapopular.info\\\/index.php\\\/2022\\\/09\\\/17\\\/soges-conhece-campeoes-da-copa-de-inverno-neste-sabado\\\/\"]}]},{\"@type\":\"ImageObject\",\"inLanguage\":\"pt-BR\",\"@id\":\"https:\\\/\\\/folhapopular.info\\\/index.php\\\/2022\\\/09\\\/17\\\/soges-conhece-campeoes-da-copa-de-inverno-neste-sabado\\\/#primaryimage\",\"url\":\"https:\\\/\\\/folhapopular.info\\\/wp-content\\\/uploads\\\/2022\\\/09\\\/WhatsApp-Image-2022-09-16-at-11.56.07-e1663424505568.jpeg\",\"contentUrl\":\"https:\\\/\\\/folhapopular.info\\\/wp-content\\\/uploads\\\/2022\\\/09\\\/WhatsApp-Image-2022-09-16-at-11.56.07-e1663424505568.jpeg\",\"width\":1200,\"height\":900,\"caption\":\"Meia Boca Juniors est\u00e1 na final da S\u00e9rie Ouro do Grupo 2\"},{\"@type\":\"BreadcrumbList\",\"@id\":\"https:\\\/\\\/folhapopular.info\\\/index.php\\\/2022\\\/09\\\/17\\\/soges-conhece-campeoes-da-copa-de-inverno-neste-sabado\\\/#breadcrumb\",\"itemListElement\":[{\"@type\":\"ListItem\",\"position\":1,\"name\":\"In\u00edcio\",\"item\":\"https:\\\/\\\/folhapopular.info\\\/\"},{\"@type\":\"ListItem\",\"position\":2,\"name\":\"Soges conhece campe\u00f5es da Copa de Inverno neste s\u00e1bado\"}]},{\"@type\":\"WebSite\",\"@id\":\"https:\\\/\\\/folhapopular.info\\\/#website\",\"url\":\"https:\\\/\\\/folhapopular.info\\\/\",\"name\":\"Folha Popular\",\"description\":\"Onde voc\u00ea tem vez e voz\",\"potentialAction\":[{\"@type\":\"SearchAction\",\"target\":{\"@type\":\"EntryPoint\",\"urlTemplate\":\"https:\\\/\\\/folhapopular.info\\\/?s={search_term_string}\"},\"query-input\":{\"@type\":\"PropertyValueSpecification\",\"valueRequired\":true,\"valueName\":\"search_term_string\"}}],\"inLanguage\":\"pt-BR\"},{\"@type\":\"Person\",\"@id\":\"https:\\\/\\\/folhapopular.info\\\/#\\\/schema\\\/person\\\/c9138938e4781f3e1ca513f9bea5659c\",\"name\":\"Carla Beckmann\",\"image\":{\"@type\":\"ImageObject\",\"inLanguage\":\"pt-BR\",\"@id\":\"https:\\\/\\\/secure.gravatar.com\\\/avatar\\\/790078f6ade9f70c31db5a673b88c15df0904c2847c456b3599f72843ac11eb9?s=96&d=mm&r=g\",\"url\":\"https:\\\/\\\/secure.gravatar.com\\\/avatar\\\/790078f6ade9f70c31db5a673b88c15df0904c2847c456b3599f72843ac11eb9?s=96&d=mm&r=g\",\"contentUrl\":\"https:\\\/\\\/secure.gravatar.com\\\/avatar\\\/790078f6ade9f70c31db5a673b88c15df0904c2847c456b3599f72843ac11eb9?s=96&d=mm&r=g\",\"caption\":\"Carla Beckmann\"},\"url\":\"https:\\\/\\\/folhapopular.info\\\/index.php\\\/author\\\/carlabeckmann03gmail-com\\\/\"}]}<\/script>\n<!-- \/ Yoast SEO plugin. -->","yoast_head_json":{"title":"Soges conhece campe\u00f5es da Copa de Inverno neste s\u00e1bado - Folha Popular","robots":{"index":"index","follow":"follow","max-snippet":"max-snippet:-1","max-image-preview":"max-image-preview:large","max-video-preview":"max-video-preview:-1"},"canonical":"https:\/\/folhapopular.info\/index.php\/2022\/09\/17\/soges-conhece-campeoes-da-copa-de-inverno-neste-sabado\/","og_locale":"pt_BR","og_type":"article","og_title":"Soges conhece campe\u00f5es da Copa de Inverno neste s\u00e1bado - Folha Popular","og_description":"A Sociedade Gin\u00e1stica Estrela promove as finais da Copa de Inverno &#8211; 386 Business Park de Futebol Sete neste s\u00e1bado (17\/9). Os jogos ser\u00e3o nos campos 1 e 2. O Gal\u00e1cticos FC e o Sombras disputam o t\u00edtulo da S\u00e9rie Bronze do Grupo 1. Pelo Grupo 2, o Dinos FC e Os Kururus NC definem [&hellip;]","og_url":"https:\/\/folhapopular.info\/index.php\/2022\/09\/17\/soges-conhece-campeoes-da-copa-de-inverno-neste-sabado\/","og_site_name":"Folha Popular","article_published_time":"2022-09-17T14:21:54+00:00","article_modified_time":"2022-09-17T14:21:59+00:00","og_image":[{"width":1200,"height":900,"url":"http:\/\/folhapopular.info\/wp-content\/uploads\/2022\/09\/WhatsApp-Image-2022-09-16-at-11.56.07-e1663424505568.jpeg","type":"image\/jpeg"}],"author":"Carla Beckmann","twitter_card":"summary_large_image","twitter_misc":{"Escrito por":"Carla Beckmann","Est. tempo de leitura":"2 minutos"},"schema":{"@context":"https:\/\/schema.org","@graph":[{"@type":"Article","@id":"https:\/\/folhapopular.info\/index.php\/2022\/09\/17\/soges-conhece-campeoes-da-copa-de-inverno-neste-sabado\/#article","isPartOf":{"@id":"https:\/\/folhapopular.info\/index.php\/2022\/09\/17\/soges-conhece-campeoes-da-copa-de-inverno-neste-sabado\/"},"author":{"name":"Carla Beckmann","@id":"https:\/\/folhapopular.info\/#\/schema\/person\/c9138938e4781f3e1ca513f9bea5659c"},"headline":"Soges conhece campe\u00f5es da Copa de Inverno neste s\u00e1bado","datePublished":"2022-09-17T14:21:54+00:00","dateModified":"2022-09-17T14:21:59+00:00","mainEntityOfPage":{"@id":"https:\/\/folhapopular.info\/index.php\/2022\/09\/17\/soges-conhece-campeoes-da-copa-de-inverno-neste-sabado\/"},"wordCount":208,"commentCount":0,"image":{"@id":"https:\/\/folhapopular.info\/index.php\/2022\/09\/17\/soges-conhece-campeoes-da-copa-de-inverno-neste-sabado\/#primaryimage"},"thumbnailUrl":"https:\/\/folhapopular.info\/wp-content\/uploads\/2022\/09\/WhatsApp-Image-2022-09-16-at-11.56.07-e1663424505568.jpeg","keywords":["Copa de Inverno","Estrela","finais","Soges"],"articleSection":["Esportes","Futebol Sete"],"inLanguage":"pt-BR","potentialAction":[{"@type":"CommentAction","name":"Comment","target":["https:\/\/folhapopular.info\/index.php\/2022\/09\/17\/soges-conhece-campeoes-da-copa-de-inverno-neste-sabado\/#respond"]}]},{"@type":"WebPage","@id":"https:\/\/folhapopular.info\/index.php\/2022\/09\/17\/soges-conhece-campeoes-da-copa-de-inverno-neste-sabado\/","url":"https:\/\/folhapopular.info\/index.php\/2022\/09\/17\/soges-conhece-campeoes-da-copa-de-inverno-neste-sabado\/","name":"Soges conhece campe\u00f5es da Copa de Inverno neste s\u00e1bado - Folha Popular","isPartOf":{"@id":"https:\/\/folhapopular.info\/#website"},"primaryImageOfPage":{"@id":"https:\/\/folhapopular.info\/index.php\/2022\/09\/17\/soges-conhece-campeoes-da-copa-de-inverno-neste-sabado\/#primaryimage"},"image":{"@id":"https:\/\/folhapopular.info\/index.php\/2022\/09\/17\/soges-conhece-campeoes-da-copa-de-inverno-neste-sabado\/#primaryimage"},"thumbnailUrl":"https:\/\/folhapopular.info\/wp-content\/uploads\/2022\/09\/WhatsApp-Image-2022-09-16-at-11.56.07-e1663424505568.jpeg","datePublished":"2022-09-17T14:21:54+00:00","dateModified":"2022-09-17T14:21:59+00:00","author":{"@id":"https:\/\/folhapopular.info\/#\/schema\/person\/c9138938e4781f3e1ca513f9bea5659c"},"breadcrumb":{"@id":"https:\/\/folhapopular.info\/index.php\/2022\/09\/17\/soges-conhece-campeoes-da-copa-de-inverno-neste-sabado\/#breadcrumb"},"inLanguage":"pt-BR","potentialAction":[{"@type":"ReadAction","target":["https:\/\/folhapopular.info\/index.php\/2022\/09\/17\/soges-conhece-campeoes-da-copa-de-inverno-neste-sabado\/"]}]},{"@type":"ImageObject","inLanguage":"pt-BR","@id":"https:\/\/folhapopular.info\/index.php\/2022\/09\/17\/soges-conhece-campeoes-da-copa-de-inverno-neste-sabado\/#primaryimage","url":"https:\/\/folhapopular.info\/wp-content\/uploads\/2022\/09\/WhatsApp-Image-2022-09-16-at-11.56.07-e1663424505568.jpeg","contentUrl":"https:\/\/folhapopular.info\/wp-content\/uploads\/2022\/09\/WhatsApp-Image-2022-09-16-at-11.56.07-e1663424505568.jpeg","width":1200,"height":900,"caption":"Meia Boca Juniors est\u00e1 na final da S\u00e9rie Ouro do Grupo 2"},{"@type":"BreadcrumbList","@id":"https:\/\/folhapopular.info\/index.php\/2022\/09\/17\/soges-conhece-campeoes-da-copa-de-inverno-neste-sabado\/#breadcrumb","itemListElement":[{"@type":"ListItem","position":1,"name":"In\u00edcio","item":"https:\/\/folhapopular.info\/"},{"@type":"ListItem","position":2,"name":"Soges conhece campe\u00f5es da Copa de Inverno neste s\u00e1bado"}]},{"@type":"WebSite","@id":"https:\/\/folhapopular.info\/#website","url":"https:\/\/folhapopular.info\/","name":"Folha Popular","description":"Onde voc\u00ea tem vez e voz","potentialAction":[{"@type":"SearchAction","target":{"@type":"EntryPoint","urlTemplate":"https:\/\/folhapopular.info\/?s={search_term_string}"},"query-input":{"@type":"PropertyValueSpecification","valueRequired":true,"valueName":"search_term_string"}}],"inLanguage":"pt-BR"},{"@type":"Person","@id":"https:\/\/folhapopular.info\/#\/schema\/person\/c9138938e4781f3e1ca513f9bea5659c","name":"Carla Beckmann","image":{"@type":"ImageObject","inLanguage":"pt-BR","@id":"https:\/\/secure.gravatar.com\/avatar\/790078f6ade9f70c31db5a673b88c15df0904c2847c456b3599f72843ac11eb9?s=96&d=mm&r=g","url":"https:\/\/secure.gravatar.com\/avatar\/790078f6ade9f70c31db5a673b88c15df0904c2847c456b3599f72843ac11eb9?s=96&d=mm&r=g","contentUrl":"https:\/\/secure.gravatar.com\/avatar\/790078f6ade9f70c31db5a673b88c15df0904c2847c456b3599f72843ac11eb9?s=96&d=mm&r=g","caption":"Carla Beckmann"},"url":"https:\/\/folhapopular.info\/index.php\/author\/carlabeckmann03gmail-com\/"}]}},"jetpack_featured_media_url":"https:\/\/folhapopular.info\/wp-content\/uploads\/2022\/09\/WhatsApp-Image-2022-09-16-at-11.56.07-e1663424505568.jpeg","jetpack_sharing_enabled":true,"amp_enabled":true,"_links":{"self":[{"href":"https:\/\/folhapopular.info\/index.php\/wp-json\/wp\/v2\/posts\/112926","targetHints":{"allow":["GET"]}}],"collection":[{"href":"https:\/\/folhapopular.info\/index.php\/wp-json\/wp\/v2\/posts"}],"about":[{"href":"https:\/\/folhapopular.info\/index.php\/wp-json\/wp\/v2\/types\/post"}],"author":[{"embeddable":true,"href":"https:\/\/folhapopular.info\/index.php\/wp-json\/wp\/v2\/users\/601"}],"replies":[{"embeddable":true,"href":"https:\/\/folhapopular.info\/index.php\/wp-json\/wp\/v2\/comments?post=112926"}],"version-history":[{"count":0,"href":"https:\/\/folhapopular.info\/index.php\/wp-json\/wp\/v2\/posts\/112926\/revisions"}],"wp:featuredmedia":[{"embeddable":true,"href":"https:\/\/folhapopular.info\/index.php\/wp-json\/wp\/v2\/media\/112927"}],"wp:attachment":[{"href":"https:\/\/folhapopular.info\/index.php\/wp-json\/wp\/v2\/media?parent=112926"}],"wp:term":[{"taxonomy":"category","embeddable":true,"href":"https:\/\/folhapopular.info\/index.php\/wp-json\/wp\/v2\/categories?post=112926"},{"taxonomy":"post_tag","embeddable":true,"href":"https:\/\/folhapopular.info\/index.php\/wp-json\/wp\/v2\/tags?post=112926"}],"curies":[{"name":"wp","href":"https:\/\/api.w.org\/{rel}","templated":true}]}}