{"id":113002,"date":"2022-09-19T15:55:55","date_gmt":"2022-09-19T18:55:55","guid":{"rendered":"https:\/\/folhapopular.info\/?p=113002"},"modified":"2022-09-19T17:08:17","modified_gmt":"2022-09-19T20:08:17","slug":"conhecidos-os-jardins-mais-bonitos-de-colinas","status":"publish","type":"post","link":"https:\/\/folhapopular.info\/index.php\/2022\/09\/19\/conhecidos-os-jardins-mais-bonitos-de-colinas\/","title":{"rendered":"Conhecidos os jardins mais bonitos de Colinas"},"content":{"rendered":"\n<p>Os vencedores do Concurso Jardim Mais Bonito de Colinas foram divulgados neste s\u00e1bado (17\/9). O an\u00fancio ocorreu durante o 29\u00ba Blumentanzfest &#8211; baile organizado pelo Centro Cultural Morgenstern -, que comemora a chegada da primavera.<\/p>\n\n\n\n<p>A comiss\u00e3o julgadora foi integrada pela professora a advogada Luciana Turatti, pelo paisagista Paulo Ricardo Franz e pela subsecret\u00e1ria da Cultura de Teut\u00f4nia, Glaci Kunzel Dickel.<\/p>\n\n\n\n<div class=\"wp-block-jetpack-slideshow aligncenter\" data-effect=\"slide\"><div class=\"wp-block-jetpack-slideshow_container swiper-container\"><ul class=\"wp-block-jetpack-slideshow_swiper-wrapper swiper-wrapper\"><li class=\"wp-block-jetpack-slideshow_slide swiper-slide\"><figure><img loading=\"lazy\" decoding=\"async\" width=\"1024\" height=\"682\" alt=\"\" class=\"wp-block-jetpack-slideshow_image wp-image-113051\" data-id=\"113051\" src=\"https:\/\/folhapopular.info\/wp-content\/uploads\/2022\/09\/Jardim-Ecologico-zona-urbana-Cecilia-Ordis-Gerhardt-1024x682.jpg\" srcset=\"https:\/\/folhapopular.info\/wp-content\/uploads\/2022\/09\/Jardim-Ecologico-zona-urbana-Cecilia-Ordis-Gerhardt-1024x682.jpg 1024w, https:\/\/folhapopular.info\/wp-content\/uploads\/2022\/09\/Jardim-Ecologico-zona-urbana-Cecilia-Ordis-Gerhardt-300x200.jpg 300w, https:\/\/folhapopular.info\/wp-content\/uploads\/2022\/09\/Jardim-Ecologico-zona-urbana-Cecilia-Ordis-Gerhardt-768x512.jpg 768w, https:\/\/folhapopular.info\/wp-content\/uploads\/2022\/09\/Jardim-Ecologico-zona-urbana-Cecilia-Ordis-Gerhardt-1536x1024.jpg 1536w, https:\/\/folhapopular.info\/wp-content\/uploads\/2022\/09\/Jardim-Ecologico-zona-urbana-Cecilia-Ordis-Gerhardt-2048x1365.jpg 2048w, https:\/\/folhapopular.info\/wp-content\/uploads\/2022\/09\/Jardim-Ecologico-zona-urbana-Cecilia-Ordis-Gerhardt-696x464.jpg 696w, https:\/\/folhapopular.info\/wp-content\/uploads\/2022\/09\/Jardim-Ecologico-zona-urbana-Cecilia-Ordis-Gerhardt-1068x712.jpg 1068w, https:\/\/folhapopular.info\/wp-content\/uploads\/2022\/09\/Jardim-Ecologico-zona-urbana-Cecilia-Ordis-Gerhardt-1920x1279.jpg 1920w\" sizes=\"(max-width: 1024px) 100vw, 1024px\" \/><figcaption class=\"wp-block-jetpack-slideshow_caption gallery-caption\">Cec\u00edlia Ordis Gerhardt<\/figcaption><\/figure><\/li><li class=\"wp-block-jetpack-slideshow_slide swiper-slide\"><figure><img loading=\"lazy\" decoding=\"async\" width=\"1024\" height=\"683\" alt=\"\" class=\"wp-block-jetpack-slideshow_image wp-image-113050\" data-id=\"113050\" src=\"https:\/\/folhapopular.info\/wp-content\/uploads\/2022\/09\/Jardim-Ecologico-zona-rural-Josiane-e-Sidnei-Holz-1024x683.jpg\" srcset=\"https:\/\/folhapopular.info\/wp-content\/uploads\/2022\/09\/Jardim-Ecologico-zona-rural-Josiane-e-Sidnei-Holz-1024x683.jpg 1024w, https:\/\/folhapopular.info\/wp-content\/uploads\/2022\/09\/Jardim-Ecologico-zona-rural-Josiane-e-Sidnei-Holz-300x200.jpg 300w, https:\/\/folhapopular.info\/wp-content\/uploads\/2022\/09\/Jardim-Ecologico-zona-rural-Josiane-e-Sidnei-Holz-768x512.jpg 768w, https:\/\/folhapopular.info\/wp-content\/uploads\/2022\/09\/Jardim-Ecologico-zona-rural-Josiane-e-Sidnei-Holz-1536x1024.jpg 1536w, https:\/\/folhapopular.info\/wp-content\/uploads\/2022\/09\/Jardim-Ecologico-zona-rural-Josiane-e-Sidnei-Holz-2048x1366.jpg 2048w, https:\/\/folhapopular.info\/wp-content\/uploads\/2022\/09\/Jardim-Ecologico-zona-rural-Josiane-e-Sidnei-Holz-696x464.jpg 696w, https:\/\/folhapopular.info\/wp-content\/uploads\/2022\/09\/Jardim-Ecologico-zona-rural-Josiane-e-Sidnei-Holz-1068x712.jpg 1068w, https:\/\/folhapopular.info\/wp-content\/uploads\/2022\/09\/Jardim-Ecologico-zona-rural-Josiane-e-Sidnei-Holz-1920x1280.jpg 1920w\" sizes=\"(max-width: 1024px) 100vw, 1024px\" \/><figcaption class=\"wp-block-jetpack-slideshow_caption gallery-caption\">Josiane e Sidnei Holz<\/figcaption><\/figure><\/li><li class=\"wp-block-jetpack-slideshow_slide swiper-slide\"><figure><img loading=\"lazy\" decoding=\"async\" width=\"914\" height=\"653\" alt=\"\" class=\"wp-block-jetpack-slideshow_image wp-image-113041\" data-id=\"113041\" src=\"https:\/\/folhapopular.info\/wp-content\/uploads\/2022\/09\/Melhor-Vitrine-1o-lugar-Manas-Farma.jpeg\" srcset=\"https:\/\/folhapopular.info\/wp-content\/uploads\/2022\/09\/Melhor-Vitrine-1o-lugar-Manas-Farma.jpeg 914w, https:\/\/folhapopular.info\/wp-content\/uploads\/2022\/09\/Melhor-Vitrine-1o-lugar-Manas-Farma-300x214.jpeg 300w, https:\/\/folhapopular.info\/wp-content\/uploads\/2022\/09\/Melhor-Vitrine-1o-lugar-Manas-Farma-768x549.jpeg 768w, https:\/\/folhapopular.info\/wp-content\/uploads\/2022\/09\/Melhor-Vitrine-1o-lugar-Manas-Farma-696x497.jpeg 696w\" sizes=\"(max-width: 914px) 100vw, 914px\" \/><figcaption class=\"wp-block-jetpack-slideshow_caption gallery-caption\">Manas Farma<\/figcaption><\/figure><\/li><li class=\"wp-block-jetpack-slideshow_slide swiper-slide\"><figure><img loading=\"lazy\" decoding=\"async\" width=\"1024\" height=\"731\" alt=\"\" class=\"wp-block-jetpack-slideshow_image wp-image-113040\" data-id=\"113040\" src=\"https:\/\/folhapopular.info\/wp-content\/uploads\/2022\/09\/Melhor-Vitrine-2o-lugar-Floricultura-Cidade-Jardim-1024x731.jpeg\" srcset=\"https:\/\/folhapopular.info\/wp-content\/uploads\/2022\/09\/Melhor-Vitrine-2o-lugar-Floricultura-Cidade-Jardim-1024x731.jpeg 1024w, https:\/\/folhapopular.info\/wp-content\/uploads\/2022\/09\/Melhor-Vitrine-2o-lugar-Floricultura-Cidade-Jardim-300x214.jpeg 300w, https:\/\/folhapopular.info\/wp-content\/uploads\/2022\/09\/Melhor-Vitrine-2o-lugar-Floricultura-Cidade-Jardim-768x548.jpeg 768w, https:\/\/folhapopular.info\/wp-content\/uploads\/2022\/09\/Melhor-Vitrine-2o-lugar-Floricultura-Cidade-Jardim-696x497.jpeg 696w, https:\/\/folhapopular.info\/wp-content\/uploads\/2022\/09\/Melhor-Vitrine-2o-lugar-Floricultura-Cidade-Jardim-1068x763.jpeg 1068w, https:\/\/folhapopular.info\/wp-content\/uploads\/2022\/09\/Melhor-Vitrine-2o-lugar-Floricultura-Cidade-Jardim.jpeg 1182w\" sizes=\"(max-width: 1024px) 100vw, 1024px\" \/><figcaption class=\"wp-block-jetpack-slideshow_caption gallery-caption\">Floricultura Cidade Jardim<\/figcaption><\/figure><\/li><li class=\"wp-block-jetpack-slideshow_slide swiper-slide\"><figure><img loading=\"lazy\" decoding=\"async\" width=\"1024\" height=\"683\" alt=\"\" class=\"wp-block-jetpack-slideshow_image wp-image-113042\" data-id=\"113042\" src=\"https:\/\/folhapopular.info\/wp-content\/uploads\/2022\/09\/Melhor-aproveitamento-de-espaco-zona-urbana-Liris-Brentano-1024x683.jpg\" srcset=\"https:\/\/folhapopular.info\/wp-content\/uploads\/2022\/09\/Melhor-aproveitamento-de-espaco-zona-urbana-Liris-Brentano-1024x683.jpg 1024w, https:\/\/folhapopular.info\/wp-content\/uploads\/2022\/09\/Melhor-aproveitamento-de-espaco-zona-urbana-Liris-Brentano-300x200.jpg 300w, https:\/\/folhapopular.info\/wp-content\/uploads\/2022\/09\/Melhor-aproveitamento-de-espaco-zona-urbana-Liris-Brentano-768x512.jpg 768w, https:\/\/folhapopular.info\/wp-content\/uploads\/2022\/09\/Melhor-aproveitamento-de-espaco-zona-urbana-Liris-Brentano-1536x1024.jpg 1536w, https:\/\/folhapopular.info\/wp-content\/uploads\/2022\/09\/Melhor-aproveitamento-de-espaco-zona-urbana-Liris-Brentano-2048x1366.jpg 2048w, https:\/\/folhapopular.info\/wp-content\/uploads\/2022\/09\/Melhor-aproveitamento-de-espaco-zona-urbana-Liris-Brentano-696x464.jpg 696w, https:\/\/folhapopular.info\/wp-content\/uploads\/2022\/09\/Melhor-aproveitamento-de-espaco-zona-urbana-Liris-Brentano-1068x712.jpg 1068w, https:\/\/folhapopular.info\/wp-content\/uploads\/2022\/09\/Melhor-aproveitamento-de-espaco-zona-urbana-Liris-Brentano-1920x1280.jpg 1920w\" sizes=\"(max-width: 1024px) 100vw, 1024px\" \/><figcaption class=\"wp-block-jetpack-slideshow_caption gallery-caption\">Liris Brentano<\/figcaption><\/figure><\/li><li class=\"wp-block-jetpack-slideshow_slide swiper-slide\"><figure><img loading=\"lazy\" decoding=\"async\" width=\"1024\" height=\"683\" alt=\"\" class=\"wp-block-jetpack-slideshow_image wp-image-113043\" data-id=\"113043\" src=\"https:\/\/folhapopular.info\/wp-content\/uploads\/2022\/09\/Melhor-aproveitamento-de-espaco-zona-rural-Irene-Dannebrock-1024x683.jpg\" srcset=\"https:\/\/folhapopular.info\/wp-content\/uploads\/2022\/09\/Melhor-aproveitamento-de-espaco-zona-rural-Irene-Dannebrock-1024x683.jpg 1024w, https:\/\/folhapopular.info\/wp-content\/uploads\/2022\/09\/Melhor-aproveitamento-de-espaco-zona-rural-Irene-Dannebrock-300x200.jpg 300w, https:\/\/folhapopular.info\/wp-content\/uploads\/2022\/09\/Melhor-aproveitamento-de-espaco-zona-rural-Irene-Dannebrock-768x512.jpg 768w, https:\/\/folhapopular.info\/wp-content\/uploads\/2022\/09\/Melhor-aproveitamento-de-espaco-zona-rural-Irene-Dannebrock-1536x1024.jpg 1536w, https:\/\/folhapopular.info\/wp-content\/uploads\/2022\/09\/Melhor-aproveitamento-de-espaco-zona-rural-Irene-Dannebrock-2048x1366.jpg 2048w, https:\/\/folhapopular.info\/wp-content\/uploads\/2022\/09\/Melhor-aproveitamento-de-espaco-zona-rural-Irene-Dannebrock-696x464.jpg 696w, https:\/\/folhapopular.info\/wp-content\/uploads\/2022\/09\/Melhor-aproveitamento-de-espaco-zona-rural-Irene-Dannebrock-1068x712.jpg 1068w, https:\/\/folhapopular.info\/wp-content\/uploads\/2022\/09\/Melhor-aproveitamento-de-espaco-zona-rural-Irene-Dannebrock-1920x1280.jpg 1920w\" sizes=\"(max-width: 1024px) 100vw, 1024px\" \/><figcaption class=\"wp-block-jetpack-slideshow_caption gallery-caption\"> Irene Dannebrock<\/figcaption><\/figure><\/li><li class=\"wp-block-jetpack-slideshow_slide swiper-slide\"><figure><img loading=\"lazy\" decoding=\"async\" width=\"1024\" height=\"683\" alt=\"\" class=\"wp-block-jetpack-slideshow_image wp-image-113044\" data-id=\"113044\" src=\"https:\/\/folhapopular.info\/wp-content\/uploads\/2022\/09\/Jardim-Mais-Florido-zona-urbana-Loiva-Scholler-1024x683.jpg\" srcset=\"https:\/\/folhapopular.info\/wp-content\/uploads\/2022\/09\/Jardim-Mais-Florido-zona-urbana-Loiva-Scholler-1024x683.jpg 1024w, https:\/\/folhapopular.info\/wp-content\/uploads\/2022\/09\/Jardim-Mais-Florido-zona-urbana-Loiva-Scholler-300x200.jpg 300w, https:\/\/folhapopular.info\/wp-content\/uploads\/2022\/09\/Jardim-Mais-Florido-zona-urbana-Loiva-Scholler-768x512.jpg 768w, https:\/\/folhapopular.info\/wp-content\/uploads\/2022\/09\/Jardim-Mais-Florido-zona-urbana-Loiva-Scholler-1536x1024.jpg 1536w, https:\/\/folhapopular.info\/wp-content\/uploads\/2022\/09\/Jardim-Mais-Florido-zona-urbana-Loiva-Scholler-2048x1366.jpg 2048w, https:\/\/folhapopular.info\/wp-content\/uploads\/2022\/09\/Jardim-Mais-Florido-zona-urbana-Loiva-Scholler-696x464.jpg 696w, https:\/\/folhapopular.info\/wp-content\/uploads\/2022\/09\/Jardim-Mais-Florido-zona-urbana-Loiva-Scholler-1068x712.jpg 1068w, https:\/\/folhapopular.info\/wp-content\/uploads\/2022\/09\/Jardim-Mais-Florido-zona-urbana-Loiva-Scholler-1920x1280.jpg 1920w\" sizes=\"(max-width: 1024px) 100vw, 1024px\" \/><figcaption class=\"wp-block-jetpack-slideshow_caption gallery-caption\">Loiva Sch\u00f6ller<\/figcaption><\/figure><\/li><li class=\"wp-block-jetpack-slideshow_slide swiper-slide\"><figure><img loading=\"lazy\" decoding=\"async\" width=\"1024\" height=\"683\" alt=\"\" class=\"wp-block-jetpack-slideshow_image wp-image-113045\" data-id=\"113045\" src=\"https:\/\/folhapopular.info\/wp-content\/uploads\/2022\/09\/Jardim-Mais-Florido-zona-rural-Chelsi-Rother-1024x683.jpg\" srcset=\"https:\/\/folhapopular.info\/wp-content\/uploads\/2022\/09\/Jardim-Mais-Florido-zona-rural-Chelsi-Rother-1024x683.jpg 1024w, https:\/\/folhapopular.info\/wp-content\/uploads\/2022\/09\/Jardim-Mais-Florido-zona-rural-Chelsi-Rother-300x200.jpg 300w, https:\/\/folhapopular.info\/wp-content\/uploads\/2022\/09\/Jardim-Mais-Florido-zona-rural-Chelsi-Rother-768x512.jpg 768w, https:\/\/folhapopular.info\/wp-content\/uploads\/2022\/09\/Jardim-Mais-Florido-zona-rural-Chelsi-Rother-1536x1024.jpg 1536w, https:\/\/folhapopular.info\/wp-content\/uploads\/2022\/09\/Jardim-Mais-Florido-zona-rural-Chelsi-Rother-2048x1366.jpg 2048w, https:\/\/folhapopular.info\/wp-content\/uploads\/2022\/09\/Jardim-Mais-Florido-zona-rural-Chelsi-Rother-696x464.jpg 696w, https:\/\/folhapopular.info\/wp-content\/uploads\/2022\/09\/Jardim-Mais-Florido-zona-rural-Chelsi-Rother-1068x712.jpg 1068w, https:\/\/folhapopular.info\/wp-content\/uploads\/2022\/09\/Jardim-Mais-Florido-zona-rural-Chelsi-Rother-1920x1280.jpg 1920w\" sizes=\"(max-width: 1024px) 100vw, 1024px\" \/><figcaption class=\"wp-block-jetpack-slideshow_caption gallery-caption\">Chelsi Rother<\/figcaption><\/figure><\/li><li class=\"wp-block-jetpack-slideshow_slide swiper-slide\"><figure><img loading=\"lazy\" decoding=\"async\" width=\"1024\" height=\"683\" alt=\"\" class=\"wp-block-jetpack-slideshow_image wp-image-113047\" data-id=\"113047\" src=\"https:\/\/folhapopular.info\/wp-content\/uploads\/2022\/09\/Jardim-Mais-Bonito-de-Colinas-2o-lugar-Erci-Korner-1024x683.jpg\" srcset=\"https:\/\/folhapopular.info\/wp-content\/uploads\/2022\/09\/Jardim-Mais-Bonito-de-Colinas-2o-lugar-Erci-Korner-1024x683.jpg 1024w, https:\/\/folhapopular.info\/wp-content\/uploads\/2022\/09\/Jardim-Mais-Bonito-de-Colinas-2o-lugar-Erci-Korner-300x200.jpg 300w, https:\/\/folhapopular.info\/wp-content\/uploads\/2022\/09\/Jardim-Mais-Bonito-de-Colinas-2o-lugar-Erci-Korner-768x512.jpg 768w, https:\/\/folhapopular.info\/wp-content\/uploads\/2022\/09\/Jardim-Mais-Bonito-de-Colinas-2o-lugar-Erci-Korner-1536x1024.jpg 1536w, https:\/\/folhapopular.info\/wp-content\/uploads\/2022\/09\/Jardim-Mais-Bonito-de-Colinas-2o-lugar-Erci-Korner-2048x1365.jpg 2048w, https:\/\/folhapopular.info\/wp-content\/uploads\/2022\/09\/Jardim-Mais-Bonito-de-Colinas-2o-lugar-Erci-Korner-696x464.jpg 696w, https:\/\/folhapopular.info\/wp-content\/uploads\/2022\/09\/Jardim-Mais-Bonito-de-Colinas-2o-lugar-Erci-Korner-1068x712.jpg 1068w, https:\/\/folhapopular.info\/wp-content\/uploads\/2022\/09\/Jardim-Mais-Bonito-de-Colinas-2o-lugar-Erci-Korner-1920x1280.jpg 1920w\" sizes=\"(max-width: 1024px) 100vw, 1024px\" \/><figcaption class=\"wp-block-jetpack-slideshow_caption gallery-caption\">Erci K\u00f6rner<\/figcaption><\/figure><\/li><li class=\"wp-block-jetpack-slideshow_slide swiper-slide\"><figure><img loading=\"lazy\" decoding=\"async\" width=\"1024\" height=\"683\" alt=\"\" class=\"wp-block-jetpack-slideshow_image wp-image-113048\" data-id=\"113048\" src=\"https:\/\/folhapopular.info\/wp-content\/uploads\/2022\/09\/Jardim-HORS-CONCURS-Silvane-e-Mario-Andrade-1024x683.jpg\" srcset=\"https:\/\/folhapopular.info\/wp-content\/uploads\/2022\/09\/Jardim-HORS-CONCURS-Silvane-e-Mario-Andrade-1024x683.jpg 1024w, https:\/\/folhapopular.info\/wp-content\/uploads\/2022\/09\/Jardim-HORS-CONCURS-Silvane-e-Mario-Andrade-300x200.jpg 300w, https:\/\/folhapopular.info\/wp-content\/uploads\/2022\/09\/Jardim-HORS-CONCURS-Silvane-e-Mario-Andrade-768x512.jpg 768w, https:\/\/folhapopular.info\/wp-content\/uploads\/2022\/09\/Jardim-HORS-CONCURS-Silvane-e-Mario-Andrade-1536x1024.jpg 1536w, https:\/\/folhapopular.info\/wp-content\/uploads\/2022\/09\/Jardim-HORS-CONCURS-Silvane-e-Mario-Andrade-2048x1366.jpg 2048w, https:\/\/folhapopular.info\/wp-content\/uploads\/2022\/09\/Jardim-HORS-CONCURS-Silvane-e-Mario-Andrade-696x464.jpg 696w, https:\/\/folhapopular.info\/wp-content\/uploads\/2022\/09\/Jardim-HORS-CONCURS-Silvane-e-Mario-Andrade-1068x712.jpg 1068w, https:\/\/folhapopular.info\/wp-content\/uploads\/2022\/09\/Jardim-HORS-CONCURS-Silvane-e-Mario-Andrade-1920x1280.jpg 1920w\" sizes=\"(max-width: 1024px) 100vw, 1024px\" \/><figcaption class=\"wp-block-jetpack-slideshow_caption gallery-caption\">Silvane e Mario Andrade<\/figcaption><\/figure><\/li><li class=\"wp-block-jetpack-slideshow_slide swiper-slide\"><figure><img loading=\"lazy\" decoding=\"async\" width=\"1024\" height=\"683\" alt=\"\" class=\"wp-block-jetpack-slideshow_image wp-image-113049\" data-id=\"113049\" src=\"https:\/\/folhapopular.info\/wp-content\/uploads\/2022\/09\/Jardim-Mais-Bonito-de-Colinas-1o-lugar-Irineus-e-Gladis-Horst-1024x683.jpg\" srcset=\"https:\/\/folhapopular.info\/wp-content\/uploads\/2022\/09\/Jardim-Mais-Bonito-de-Colinas-1o-lugar-Irineus-e-Gladis-Horst-1024x683.jpg 1024w, https:\/\/folhapopular.info\/wp-content\/uploads\/2022\/09\/Jardim-Mais-Bonito-de-Colinas-1o-lugar-Irineus-e-Gladis-Horst-300x200.jpg 300w, https:\/\/folhapopular.info\/wp-content\/uploads\/2022\/09\/Jardim-Mais-Bonito-de-Colinas-1o-lugar-Irineus-e-Gladis-Horst-768x512.jpg 768w, https:\/\/folhapopular.info\/wp-content\/uploads\/2022\/09\/Jardim-Mais-Bonito-de-Colinas-1o-lugar-Irineus-e-Gladis-Horst-1536x1024.jpg 1536w, https:\/\/folhapopular.info\/wp-content\/uploads\/2022\/09\/Jardim-Mais-Bonito-de-Colinas-1o-lugar-Irineus-e-Gladis-Horst-2048x1366.jpg 2048w, https:\/\/folhapopular.info\/wp-content\/uploads\/2022\/09\/Jardim-Mais-Bonito-de-Colinas-1o-lugar-Irineus-e-Gladis-Horst-696x464.jpg 696w, https:\/\/folhapopular.info\/wp-content\/uploads\/2022\/09\/Jardim-Mais-Bonito-de-Colinas-1o-lugar-Irineus-e-Gladis-Horst-1068x712.jpg 1068w, https:\/\/folhapopular.info\/wp-content\/uploads\/2022\/09\/Jardim-Mais-Bonito-de-Colinas-1o-lugar-Irineus-e-Gladis-Horst-1920x1280.jpg 1920w\" sizes=\"(max-width: 1024px) 100vw, 1024px\" \/><figcaption class=\"wp-block-jetpack-slideshow_caption gallery-caption\">Irineus e Gladis Horst<\/figcaption><\/figure><\/li><\/ul><a class=\"wp-block-jetpack-slideshow_button-prev swiper-button-prev swiper-button-white\" role=\"button\"><\/a><a class=\"wp-block-jetpack-slideshow_button-next swiper-button-next swiper-button-white\" role=\"button\"><\/a><a aria-label=\"Pause Slideshow\" class=\"wp-block-jetpack-slideshow_button-pause\" role=\"button\"><\/a><div class=\"wp-block-jetpack-slideshow_pagination swiper-pagination swiper-pagination-white\"><\/div><\/div><\/div>\n\n\n\n<p><strong>Ganhadores e categorias<br><\/strong>Categoria Melhor aproveitamento de espa\u00e7o<br>Zona Rural &#8211; Irene Dannebrock<br>Zona Urbana &#8211; Liris Brentano<\/p>\n\n\n\n<p>Categoria Jardim mais ecol\u00f3gico<br>Zona Rural &#8211; Josiane e Sidnei Holz<br>Zona Urbana &#8211; Cec\u00edlia Ordis Gerhardt<\/p>\n\n\n\n<p>Categoria Jardim mais florido:<br>Zona Rural &#8211; Chelsi Rother<br>Zona Urbana &#8211; Loiva Sch\u00f6ller<\/p>\n\n\n\n<p>Jardim mais bonito de Colinas:<br>1\u00ba lugar &#8211; Irineu e Gladis Horst<br>2\u00ba lugar &#8211; Erci K\u00f6rner<\/p>\n\n\n\n<p>Jardim HORS-CONCURS<br>Silvane e Mario Andrade<\/p>\n\n\n\n<p>Melhor vitrine alusiva a Cidade Jardim<br>1\u00ba lugar &#8211; Manas Farma<br>2\u00ba lugar &#8211; Floricultra Cidade Jardim<\/p>\n\n\n\n<p>Os vencedores receberam uma medalha e um vale-compras de R$ 350,00.<\/p>\n","protected":false},"excerpt":{"rendered":"<p>Os vencedores do Concurso Jardim Mais Bonito de Colinas foram divulgados neste s\u00e1bado (17\/9). O an\u00fancio ocorreu durante o 29\u00ba Blumentanzfest &#8211; baile organizado pelo Centro Cultural Morgenstern -, que comemora a chegada da primavera. A comiss\u00e3o julgadora foi integrada pela professora a advogada Luciana Turatti, pelo paisagista Paulo Ricardo Franz e pela subsecret\u00e1ria da [&hellip;]<\/p>\n","protected":false},"author":8,"featured_media":113031,"comment_status":"open","ping_status":"open","sticky":false,"template":"","format":"standard","meta":{"pmpro_default_level":"","_jetpack_memberships_contains_paid_content":false,"footnotes":""},"categories":[2,3],"tags":[183,5041,4279],"class_list":{"0":"post-113002","1":"post","2":"type-post","3":"status-publish","4":"format-standard","5":"has-post-thumbnail","7":"category-featured","8":"category-geral","9":"tag-colinas","10":"tag-jardim-mais-bonito","11":"tag-vencedores","12":"pmpro-has-access"},"yoast_head":"<!-- This site is optimized with the Yoast SEO plugin v27.5 - https:\/\/yoast.com\/product\/yoast-seo-wordpress\/ -->\n<title>Conhecidos os jardins mais bonitos de Colinas - Folha Popular<\/title>\n<meta name=\"robots\" content=\"index, follow, max-snippet:-1, max-image-preview:large, max-video-preview:-1\" \/>\n<link rel=\"canonical\" href=\"https:\/\/folhapopular.info\/index.php\/2022\/09\/19\/conhecidos-os-jardins-mais-bonitos-de-colinas\/\" \/>\n<meta property=\"og:locale\" content=\"pt_BR\" \/>\n<meta property=\"og:type\" content=\"article\" \/>\n<meta property=\"og:title\" content=\"Conhecidos os jardins mais bonitos de Colinas - Folha Popular\" \/>\n<meta property=\"og:description\" content=\"Os vencedores do Concurso Jardim Mais Bonito de Colinas foram divulgados neste s\u00e1bado (17\/9). O an\u00fancio ocorreu durante o 29\u00ba Blumentanzfest &#8211; baile organizado pelo Centro Cultural Morgenstern -, que comemora a chegada da primavera. A comiss\u00e3o julgadora foi integrada pela professora a advogada Luciana Turatti, pelo paisagista Paulo Ricardo Franz e pela subsecret\u00e1ria da [&hellip;]\" \/>\n<meta property=\"og:url\" content=\"https:\/\/folhapopular.info\/index.php\/2022\/09\/19\/conhecidos-os-jardins-mais-bonitos-de-colinas\/\" \/>\n<meta property=\"og:site_name\" content=\"Folha Popular\" \/>\n<meta property=\"article:published_time\" content=\"2022-09-19T18:55:55+00:00\" \/>\n<meta property=\"article:modified_time\" content=\"2022-09-19T20:08:17+00:00\" \/>\n<meta property=\"og:image\" content=\"http:\/\/folhapopular.info\/wp-content\/uploads\/2022\/09\/WhatsApp-Image-2022-09-19-at-15.54.41.jpeg\" \/>\n\t<meta property=\"og:image:width\" content=\"750\" \/>\n\t<meta property=\"og:image:height\" content=\"625\" \/>\n\t<meta property=\"og:image:type\" content=\"image\/jpeg\" \/>\n<meta name=\"author\" content=\"Reda\u00e7\u00e3o Folha Popular\" \/>\n<meta name=\"twitter:card\" content=\"summary_large_image\" \/>\n<meta name=\"twitter:label1\" content=\"Escrito por\" \/>\n\t<meta name=\"twitter:data1\" content=\"Reda\u00e7\u00e3o Folha Popular\" \/>\n\t<meta name=\"twitter:label2\" content=\"Est. tempo de leitura\" \/>\n\t<meta name=\"twitter:data2\" content=\"4 minutos\" \/>\n<script type=\"application\/ld+json\" class=\"yoast-schema-graph\">{\"@context\":\"https:\\\/\\\/schema.org\",\"@graph\":[{\"@type\":\"Article\",\"@id\":\"https:\\\/\\\/folhapopular.info\\\/index.php\\\/2022\\\/09\\\/19\\\/conhecidos-os-jardins-mais-bonitos-de-colinas\\\/#article\",\"isPartOf\":{\"@id\":\"https:\\\/\\\/folhapopular.info\\\/index.php\\\/2022\\\/09\\\/19\\\/conhecidos-os-jardins-mais-bonitos-de-colinas\\\/\"},\"author\":{\"name\":\"Reda\u00e7\u00e3o Folha Popular\",\"@id\":\"https:\\\/\\\/folhapopular.info\\\/#\\\/schema\\\/person\\\/2814e8a0df7643585a9ca38bc6eb9d4b\"},\"headline\":\"Conhecidos os jardins mais bonitos de Colinas\",\"datePublished\":\"2022-09-19T18:55:55+00:00\",\"dateModified\":\"2022-09-19T20:08:17+00:00\",\"mainEntityOfPage\":{\"@id\":\"https:\\\/\\\/folhapopular.info\\\/index.php\\\/2022\\\/09\\\/19\\\/conhecidos-os-jardins-mais-bonitos-de-colinas\\\/\"},\"wordCount\":198,\"commentCount\":0,\"image\":{\"@id\":\"https:\\\/\\\/folhapopular.info\\\/index.php\\\/2022\\\/09\\\/19\\\/conhecidos-os-jardins-mais-bonitos-de-colinas\\\/#primaryimage\"},\"thumbnailUrl\":\"https:\\\/\\\/folhapopular.info\\\/wp-content\\\/uploads\\\/2022\\\/09\\\/WhatsApp-Image-2022-09-19-at-15.54.41.jpeg\",\"keywords\":[\"Colinas\",\"jardim mais bonito\",\"vencedores\"],\"articleSection\":[\"Destaques\",\"Geral\"],\"inLanguage\":\"pt-BR\",\"potentialAction\":[{\"@type\":\"CommentAction\",\"name\":\"Comment\",\"target\":[\"https:\\\/\\\/folhapopular.info\\\/index.php\\\/2022\\\/09\\\/19\\\/conhecidos-os-jardins-mais-bonitos-de-colinas\\\/#respond\"]}]},{\"@type\":\"WebPage\",\"@id\":\"https:\\\/\\\/folhapopular.info\\\/index.php\\\/2022\\\/09\\\/19\\\/conhecidos-os-jardins-mais-bonitos-de-colinas\\\/\",\"url\":\"https:\\\/\\\/folhapopular.info\\\/index.php\\\/2022\\\/09\\\/19\\\/conhecidos-os-jardins-mais-bonitos-de-colinas\\\/\",\"name\":\"Conhecidos os jardins mais bonitos de Colinas - Folha Popular\",\"isPartOf\":{\"@id\":\"https:\\\/\\\/folhapopular.info\\\/#website\"},\"primaryImageOfPage\":{\"@id\":\"https:\\\/\\\/folhapopular.info\\\/index.php\\\/2022\\\/09\\\/19\\\/conhecidos-os-jardins-mais-bonitos-de-colinas\\\/#primaryimage\"},\"image\":{\"@id\":\"https:\\\/\\\/folhapopular.info\\\/index.php\\\/2022\\\/09\\\/19\\\/conhecidos-os-jardins-mais-bonitos-de-colinas\\\/#primaryimage\"},\"thumbnailUrl\":\"https:\\\/\\\/folhapopular.info\\\/wp-content\\\/uploads\\\/2022\\\/09\\\/WhatsApp-Image-2022-09-19-at-15.54.41.jpeg\",\"datePublished\":\"2022-09-19T18:55:55+00:00\",\"dateModified\":\"2022-09-19T20:08:17+00:00\",\"author\":{\"@id\":\"https:\\\/\\\/folhapopular.info\\\/#\\\/schema\\\/person\\\/2814e8a0df7643585a9ca38bc6eb9d4b\"},\"breadcrumb\":{\"@id\":\"https:\\\/\\\/folhapopular.info\\\/index.php\\\/2022\\\/09\\\/19\\\/conhecidos-os-jardins-mais-bonitos-de-colinas\\\/#breadcrumb\"},\"inLanguage\":\"pt-BR\",\"potentialAction\":[{\"@type\":\"ReadAction\",\"target\":[\"https:\\\/\\\/folhapopular.info\\\/index.php\\\/2022\\\/09\\\/19\\\/conhecidos-os-jardins-mais-bonitos-de-colinas\\\/\"]}]},{\"@type\":\"ImageObject\",\"inLanguage\":\"pt-BR\",\"@id\":\"https:\\\/\\\/folhapopular.info\\\/index.php\\\/2022\\\/09\\\/19\\\/conhecidos-os-jardins-mais-bonitos-de-colinas\\\/#primaryimage\",\"url\":\"https:\\\/\\\/folhapopular.info\\\/wp-content\\\/uploads\\\/2022\\\/09\\\/WhatsApp-Image-2022-09-19-at-15.54.41.jpeg\",\"contentUrl\":\"https:\\\/\\\/folhapopular.info\\\/wp-content\\\/uploads\\\/2022\\\/09\\\/WhatsApp-Image-2022-09-19-at-15.54.41.jpeg\",\"width\":750,\"height\":625,\"caption\":\"Cr\u00e9dito: Divulga\u00e7\u00e3o\"},{\"@type\":\"BreadcrumbList\",\"@id\":\"https:\\\/\\\/folhapopular.info\\\/index.php\\\/2022\\\/09\\\/19\\\/conhecidos-os-jardins-mais-bonitos-de-colinas\\\/#breadcrumb\",\"itemListElement\":[{\"@type\":\"ListItem\",\"position\":1,\"name\":\"In\u00edcio\",\"item\":\"https:\\\/\\\/folhapopular.info\\\/\"},{\"@type\":\"ListItem\",\"position\":2,\"name\":\"Conhecidos os jardins mais bonitos de Colinas\"}]},{\"@type\":\"WebSite\",\"@id\":\"https:\\\/\\\/folhapopular.info\\\/#website\",\"url\":\"https:\\\/\\\/folhapopular.info\\\/\",\"name\":\"Folha Popular\",\"description\":\"Onde voc\u00ea tem vez e voz\",\"potentialAction\":[{\"@type\":\"SearchAction\",\"target\":{\"@type\":\"EntryPoint\",\"urlTemplate\":\"https:\\\/\\\/folhapopular.info\\\/?s={search_term_string}\"},\"query-input\":{\"@type\":\"PropertyValueSpecification\",\"valueRequired\":true,\"valueName\":\"search_term_string\"}}],\"inLanguage\":\"pt-BR\"},{\"@type\":\"Person\",\"@id\":\"https:\\\/\\\/folhapopular.info\\\/#\\\/schema\\\/person\\\/2814e8a0df7643585a9ca38bc6eb9d4b\",\"name\":\"Reda\u00e7\u00e3o Folha Popular\",\"image\":{\"@type\":\"ImageObject\",\"inLanguage\":\"pt-BR\",\"@id\":\"https:\\\/\\\/folhapopular.info\\\/wp-content\\\/uploads\\\/2026\\\/04\\\/Folha-1.webp\",\"url\":\"https:\\\/\\\/folhapopular.info\\\/wp-content\\\/uploads\\\/2026\\\/04\\\/Folha-1.webp\",\"contentUrl\":\"https:\\\/\\\/folhapopular.info\\\/wp-content\\\/uploads\\\/2026\\\/04\\\/Folha-1.webp\",\"caption\":\"Reda\u00e7\u00e3o Folha Popular\"},\"url\":\"https:\\\/\\\/folhapopular.info\\\/index.php\\\/author\\\/redacao\\\/\"}]}<\/script>\n<!-- \/ Yoast SEO plugin. -->","yoast_head_json":{"title":"Conhecidos os jardins mais bonitos de Colinas - Folha Popular","robots":{"index":"index","follow":"follow","max-snippet":"max-snippet:-1","max-image-preview":"max-image-preview:large","max-video-preview":"max-video-preview:-1"},"canonical":"https:\/\/folhapopular.info\/index.php\/2022\/09\/19\/conhecidos-os-jardins-mais-bonitos-de-colinas\/","og_locale":"pt_BR","og_type":"article","og_title":"Conhecidos os jardins mais bonitos de Colinas - Folha Popular","og_description":"Os vencedores do Concurso Jardim Mais Bonito de Colinas foram divulgados neste s\u00e1bado (17\/9). O an\u00fancio ocorreu durante o 29\u00ba Blumentanzfest &#8211; baile organizado pelo Centro Cultural Morgenstern -, que comemora a chegada da primavera. A comiss\u00e3o julgadora foi integrada pela professora a advogada Luciana Turatti, pelo paisagista Paulo Ricardo Franz e pela subsecret\u00e1ria da [&hellip;]","og_url":"https:\/\/folhapopular.info\/index.php\/2022\/09\/19\/conhecidos-os-jardins-mais-bonitos-de-colinas\/","og_site_name":"Folha Popular","article_published_time":"2022-09-19T18:55:55+00:00","article_modified_time":"2022-09-19T20:08:17+00:00","og_image":[{"width":750,"height":625,"url":"http:\/\/folhapopular.info\/wp-content\/uploads\/2022\/09\/WhatsApp-Image-2022-09-19-at-15.54.41.jpeg","type":"image\/jpeg"}],"author":"Reda\u00e7\u00e3o Folha Popular","twitter_card":"summary_large_image","twitter_misc":{"Escrito por":"Reda\u00e7\u00e3o Folha Popular","Est. tempo de leitura":"4 minutos"},"schema":{"@context":"https:\/\/schema.org","@graph":[{"@type":"Article","@id":"https:\/\/folhapopular.info\/index.php\/2022\/09\/19\/conhecidos-os-jardins-mais-bonitos-de-colinas\/#article","isPartOf":{"@id":"https:\/\/folhapopular.info\/index.php\/2022\/09\/19\/conhecidos-os-jardins-mais-bonitos-de-colinas\/"},"author":{"name":"Reda\u00e7\u00e3o Folha Popular","@id":"https:\/\/folhapopular.info\/#\/schema\/person\/2814e8a0df7643585a9ca38bc6eb9d4b"},"headline":"Conhecidos os jardins mais bonitos de Colinas","datePublished":"2022-09-19T18:55:55+00:00","dateModified":"2022-09-19T20:08:17+00:00","mainEntityOfPage":{"@id":"https:\/\/folhapopular.info\/index.php\/2022\/09\/19\/conhecidos-os-jardins-mais-bonitos-de-colinas\/"},"wordCount":198,"commentCount":0,"image":{"@id":"https:\/\/folhapopular.info\/index.php\/2022\/09\/19\/conhecidos-os-jardins-mais-bonitos-de-colinas\/#primaryimage"},"thumbnailUrl":"https:\/\/folhapopular.info\/wp-content\/uploads\/2022\/09\/WhatsApp-Image-2022-09-19-at-15.54.41.jpeg","keywords":["Colinas","jardim mais bonito","vencedores"],"articleSection":["Destaques","Geral"],"inLanguage":"pt-BR","potentialAction":[{"@type":"CommentAction","name":"Comment","target":["https:\/\/folhapopular.info\/index.php\/2022\/09\/19\/conhecidos-os-jardins-mais-bonitos-de-colinas\/#respond"]}]},{"@type":"WebPage","@id":"https:\/\/folhapopular.info\/index.php\/2022\/09\/19\/conhecidos-os-jardins-mais-bonitos-de-colinas\/","url":"https:\/\/folhapopular.info\/index.php\/2022\/09\/19\/conhecidos-os-jardins-mais-bonitos-de-colinas\/","name":"Conhecidos os jardins mais bonitos de Colinas - Folha Popular","isPartOf":{"@id":"https:\/\/folhapopular.info\/#website"},"primaryImageOfPage":{"@id":"https:\/\/folhapopular.info\/index.php\/2022\/09\/19\/conhecidos-os-jardins-mais-bonitos-de-colinas\/#primaryimage"},"image":{"@id":"https:\/\/folhapopular.info\/index.php\/2022\/09\/19\/conhecidos-os-jardins-mais-bonitos-de-colinas\/#primaryimage"},"thumbnailUrl":"https:\/\/folhapopular.info\/wp-content\/uploads\/2022\/09\/WhatsApp-Image-2022-09-19-at-15.54.41.jpeg","datePublished":"2022-09-19T18:55:55+00:00","dateModified":"2022-09-19T20:08:17+00:00","author":{"@id":"https:\/\/folhapopular.info\/#\/schema\/person\/2814e8a0df7643585a9ca38bc6eb9d4b"},"breadcrumb":{"@id":"https:\/\/folhapopular.info\/index.php\/2022\/09\/19\/conhecidos-os-jardins-mais-bonitos-de-colinas\/#breadcrumb"},"inLanguage":"pt-BR","potentialAction":[{"@type":"ReadAction","target":["https:\/\/folhapopular.info\/index.php\/2022\/09\/19\/conhecidos-os-jardins-mais-bonitos-de-colinas\/"]}]},{"@type":"ImageObject","inLanguage":"pt-BR","@id":"https:\/\/folhapopular.info\/index.php\/2022\/09\/19\/conhecidos-os-jardins-mais-bonitos-de-colinas\/#primaryimage","url":"https:\/\/folhapopular.info\/wp-content\/uploads\/2022\/09\/WhatsApp-Image-2022-09-19-at-15.54.41.jpeg","contentUrl":"https:\/\/folhapopular.info\/wp-content\/uploads\/2022\/09\/WhatsApp-Image-2022-09-19-at-15.54.41.jpeg","width":750,"height":625,"caption":"Cr\u00e9dito: Divulga\u00e7\u00e3o"},{"@type":"BreadcrumbList","@id":"https:\/\/folhapopular.info\/index.php\/2022\/09\/19\/conhecidos-os-jardins-mais-bonitos-de-colinas\/#breadcrumb","itemListElement":[{"@type":"ListItem","position":1,"name":"In\u00edcio","item":"https:\/\/folhapopular.info\/"},{"@type":"ListItem","position":2,"name":"Conhecidos os jardins mais bonitos de Colinas"}]},{"@type":"WebSite","@id":"https:\/\/folhapopular.info\/#website","url":"https:\/\/folhapopular.info\/","name":"Folha Popular","description":"Onde voc\u00ea tem vez e voz","potentialAction":[{"@type":"SearchAction","target":{"@type":"EntryPoint","urlTemplate":"https:\/\/folhapopular.info\/?s={search_term_string}"},"query-input":{"@type":"PropertyValueSpecification","valueRequired":true,"valueName":"search_term_string"}}],"inLanguage":"pt-BR"},{"@type":"Person","@id":"https:\/\/folhapopular.info\/#\/schema\/person\/2814e8a0df7643585a9ca38bc6eb9d4b","name":"Reda\u00e7\u00e3o Folha Popular","image":{"@type":"ImageObject","inLanguage":"pt-BR","@id":"https:\/\/folhapopular.info\/wp-content\/uploads\/2026\/04\/Folha-1.webp","url":"https:\/\/folhapopular.info\/wp-content\/uploads\/2026\/04\/Folha-1.webp","contentUrl":"https:\/\/folhapopular.info\/wp-content\/uploads\/2026\/04\/Folha-1.webp","caption":"Reda\u00e7\u00e3o Folha Popular"},"url":"https:\/\/folhapopular.info\/index.php\/author\/redacao\/"}]}},"jetpack_featured_media_url":"https:\/\/folhapopular.info\/wp-content\/uploads\/2022\/09\/WhatsApp-Image-2022-09-19-at-15.54.41.jpeg","jetpack_sharing_enabled":true,"amp_enabled":true,"_links":{"self":[{"href":"https:\/\/folhapopular.info\/index.php\/wp-json\/wp\/v2\/posts\/113002","targetHints":{"allow":["GET"]}}],"collection":[{"href":"https:\/\/folhapopular.info\/index.php\/wp-json\/wp\/v2\/posts"}],"about":[{"href":"https:\/\/folhapopular.info\/index.php\/wp-json\/wp\/v2\/types\/post"}],"author":[{"embeddable":true,"href":"https:\/\/folhapopular.info\/index.php\/wp-json\/wp\/v2\/users\/8"}],"replies":[{"embeddable":true,"href":"https:\/\/folhapopular.info\/index.php\/wp-json\/wp\/v2\/comments?post=113002"}],"version-history":[{"count":0,"href":"https:\/\/folhapopular.info\/index.php\/wp-json\/wp\/v2\/posts\/113002\/revisions"}],"wp:featuredmedia":[{"embeddable":true,"href":"https:\/\/folhapopular.info\/index.php\/wp-json\/wp\/v2\/media\/113031"}],"wp:attachment":[{"href":"https:\/\/folhapopular.info\/index.php\/wp-json\/wp\/v2\/media?parent=113002"}],"wp:term":[{"taxonomy":"category","embeddable":true,"href":"https:\/\/folhapopular.info\/index.php\/wp-json\/wp\/v2\/categories?post=113002"},{"taxonomy":"post_tag","embeddable":true,"href":"https:\/\/folhapopular.info\/index.php\/wp-json\/wp\/v2\/tags?post=113002"}],"curies":[{"name":"wp","href":"https:\/\/api.w.org\/{rel}","templated":true}]}}