{"id":113087,"date":"2022-09-21T09:24:16","date_gmt":"2022-09-21T12:24:16","guid":{"rendered":"https:\/\/folhapopular.info\/?p=113087"},"modified":"2022-09-21T09:40:22","modified_gmt":"2022-09-21T12:40:22","slug":"emef-olavo-bilac-comemora-50-anos-de-historia-em-westfalia","status":"publish","type":"post","link":"https:\/\/folhapopular.info\/index.php\/2022\/09\/21\/emef-olavo-bilac-comemora-50-anos-de-historia-em-westfalia\/","title":{"rendered":"Emef Olavo Bilac comemora 50 anos de hist\u00f3ria em Westf\u00e1lia"},"content":{"rendered":"\n<p>A Escola Municipal de Ensino Fundamental (Emef) Olavo Bilac, de Linha Berlim em Westf\u00e1lia celebrou 50 anos de hist\u00f3ria. O Jubileu de Ouro foi comemorado com uma programa\u00e7\u00e3o repleta de significado e emo\u00e7\u00e3o. A festa foi realizada no s\u00e1bado (17\/9), tendo por local o educand\u00e1rio e o Esporte Clube Juventude.<\/p>\n\n\n\n<p>A programa\u00e7\u00e3o festiva iniciou com solenidade. O momento contou com apresenta\u00e7\u00e3o do Grupo Instrumental de Westf\u00e1lia e houve pronunciamento de autoridades. Estudantes da EMEF Olavo Bilac emocionaram a comunidade escolar com apresenta\u00e7\u00f5es que retrataram a hist\u00f3ria e cantos. Tamb\u00e9m houve homenagens a ex-alunos, ex-diretores, ex-professores e ex-funcion\u00e1rios.<\/p>\n\n\n\n<p>Ao final da cerim\u00f4nia festiva, a comunidade escolar cantou os parab\u00e9ns \u00e0 escola, com bolo simb\u00f3lico. As fam\u00edlias dos estudantes ainda puderam visitar as depend\u00eancias da escola.<\/p>\n\n\n\n<p>A partir do meio-dia, a programa\u00e7\u00e3o seguiu no Esporte Clube Juventude, onde houve apresenta\u00e7\u00e3o dos Amigos de Teut\u00f4nia.<\/p>\n\n\n\n<div class=\"wp-block-jetpack-slideshow aligncenter\" data-effect=\"slide\"><div class=\"wp-block-jetpack-slideshow_container swiper-container\"><ul class=\"wp-block-jetpack-slideshow_swiper-wrapper swiper-wrapper\"><li class=\"wp-block-jetpack-slideshow_slide swiper-slide\"><figure><img loading=\"lazy\" decoding=\"async\" width=\"1200\" height=\"802\" alt=\"\" class=\"wp-block-jetpack-slideshow_image wp-image-113091\" data-id=\"113091\" src=\"https:\/\/folhapopular.info\/wp-content\/uploads\/2022\/09\/307562630_450694353761153_2980732092492898261_n-e1663762947691.jpg\" srcset=\"https:\/\/folhapopular.info\/wp-content\/uploads\/2022\/09\/307562630_450694353761153_2980732092492898261_n-e1663762947691.jpg 1200w, https:\/\/folhapopular.info\/wp-content\/uploads\/2022\/09\/307562630_450694353761153_2980732092492898261_n-e1663762947691-300x201.jpg 300w, https:\/\/folhapopular.info\/wp-content\/uploads\/2022\/09\/307562630_450694353761153_2980732092492898261_n-e1663762947691-1024x684.jpg 1024w, https:\/\/folhapopular.info\/wp-content\/uploads\/2022\/09\/307562630_450694353761153_2980732092492898261_n-e1663762947691-768x513.jpg 768w, https:\/\/folhapopular.info\/wp-content\/uploads\/2022\/09\/307562630_450694353761153_2980732092492898261_n-e1663762947691-696x465.jpg 696w, https:\/\/folhapopular.info\/wp-content\/uploads\/2022\/09\/307562630_450694353761153_2980732092492898261_n-e1663762947691-1068x714.jpg 1068w\" sizes=\"(max-width: 1200px) 100vw, 1200px\" \/><\/figure><\/li><li class=\"wp-block-jetpack-slideshow_slide swiper-slide\"><figure><img loading=\"lazy\" decoding=\"async\" width=\"1200\" height=\"802\" alt=\"\" class=\"wp-block-jetpack-slideshow_image wp-image-113090\" data-id=\"113090\" src=\"https:\/\/folhapopular.info\/wp-content\/uploads\/2022\/09\/307839535_450694610427794_2604531578942882760_n-e1663762970285.jpg\" srcset=\"https:\/\/folhapopular.info\/wp-content\/uploads\/2022\/09\/307839535_450694610427794_2604531578942882760_n-e1663762970285.jpg 1200w, https:\/\/folhapopular.info\/wp-content\/uploads\/2022\/09\/307839535_450694610427794_2604531578942882760_n-e1663762970285-300x201.jpg 300w, https:\/\/folhapopular.info\/wp-content\/uploads\/2022\/09\/307839535_450694610427794_2604531578942882760_n-e1663762970285-1024x684.jpg 1024w, https:\/\/folhapopular.info\/wp-content\/uploads\/2022\/09\/307839535_450694610427794_2604531578942882760_n-e1663762970285-768x513.jpg 768w, https:\/\/folhapopular.info\/wp-content\/uploads\/2022\/09\/307839535_450694610427794_2604531578942882760_n-e1663762970285-696x465.jpg 696w, https:\/\/folhapopular.info\/wp-content\/uploads\/2022\/09\/307839535_450694610427794_2604531578942882760_n-e1663762970285-1068x714.jpg 1068w\" sizes=\"(max-width: 1200px) 100vw, 1200px\" \/><\/figure><\/li><li class=\"wp-block-jetpack-slideshow_slide swiper-slide\"><figure><img loading=\"lazy\" decoding=\"async\" width=\"1200\" height=\"802\" alt=\"\" class=\"wp-block-jetpack-slideshow_image wp-image-113089\" data-id=\"113089\" src=\"https:\/\/folhapopular.info\/wp-content\/uploads\/2022\/09\/308013279_450694650427790_8244597105327203182_n-e1663762995436.jpg\" srcset=\"https:\/\/folhapopular.info\/wp-content\/uploads\/2022\/09\/308013279_450694650427790_8244597105327203182_n-e1663762995436.jpg 1200w, https:\/\/folhapopular.info\/wp-content\/uploads\/2022\/09\/308013279_450694650427790_8244597105327203182_n-e1663762995436-300x201.jpg 300w, https:\/\/folhapopular.info\/wp-content\/uploads\/2022\/09\/308013279_450694650427790_8244597105327203182_n-e1663762995436-1024x684.jpg 1024w, https:\/\/folhapopular.info\/wp-content\/uploads\/2022\/09\/308013279_450694650427790_8244597105327203182_n-e1663762995436-768x513.jpg 768w, https:\/\/folhapopular.info\/wp-content\/uploads\/2022\/09\/308013279_450694650427790_8244597105327203182_n-e1663762995436-696x465.jpg 696w, https:\/\/folhapopular.info\/wp-content\/uploads\/2022\/09\/308013279_450694650427790_8244597105327203182_n-e1663762995436-1068x714.jpg 1068w\" sizes=\"(max-width: 1200px) 100vw, 1200px\" \/><\/figure><\/li><li class=\"wp-block-jetpack-slideshow_slide swiper-slide\"><figure><img loading=\"lazy\" decoding=\"async\" width=\"1200\" height=\"802\" alt=\"\" class=\"wp-block-jetpack-slideshow_image wp-image-113088\" data-id=\"113088\" src=\"https:\/\/folhapopular.info\/wp-content\/uploads\/2022\/09\/307583091_450694800427775_6430000867507975665_n-e1663763019923.jpg\" srcset=\"https:\/\/folhapopular.info\/wp-content\/uploads\/2022\/09\/307583091_450694800427775_6430000867507975665_n-e1663763019923.jpg 1200w, https:\/\/folhapopular.info\/wp-content\/uploads\/2022\/09\/307583091_450694800427775_6430000867507975665_n-e1663763019923-300x201.jpg 300w, https:\/\/folhapopular.info\/wp-content\/uploads\/2022\/09\/307583091_450694800427775_6430000867507975665_n-e1663763019923-1024x684.jpg 1024w, https:\/\/folhapopular.info\/wp-content\/uploads\/2022\/09\/307583091_450694800427775_6430000867507975665_n-e1663763019923-768x513.jpg 768w, https:\/\/folhapopular.info\/wp-content\/uploads\/2022\/09\/307583091_450694800427775_6430000867507975665_n-e1663763019923-696x465.jpg 696w, https:\/\/folhapopular.info\/wp-content\/uploads\/2022\/09\/307583091_450694800427775_6430000867507975665_n-e1663763019923-1068x714.jpg 1068w\" sizes=\"(max-width: 1200px) 100vw, 1200px\" \/><\/figure><\/li><\/ul><a class=\"wp-block-jetpack-slideshow_button-prev swiper-button-prev swiper-button-white\" role=\"button\"><\/a><a class=\"wp-block-jetpack-slideshow_button-next swiper-button-next swiper-button-white\" role=\"button\"><\/a><a aria-label=\"Pause Slideshow\" class=\"wp-block-jetpack-slideshow_button-pause\" role=\"button\"><\/a><div class=\"wp-block-jetpack-slideshow_pagination swiper-pagination swiper-pagination-white\"><\/div><\/div><\/div>\n","protected":false},"excerpt":{"rendered":"<p>A Escola Municipal de Ensino Fundamental (Emef) Olavo Bilac, de Linha Berlim em Westf\u00e1lia celebrou 50 anos de hist\u00f3ria. O Jubileu de Ouro foi comemorado com uma programa\u00e7\u00e3o repleta de significado e emo\u00e7\u00e3o. A festa foi realizada no s\u00e1bado (17\/9), tendo por local o educand\u00e1rio e o Esporte Clube Juventude. A programa\u00e7\u00e3o festiva iniciou com [&hellip;]<\/p>\n","protected":false},"author":8,"featured_media":113092,"comment_status":"open","ping_status":"open","sticky":false,"template":"","format":"standard","meta":{"pmpro_default_level":"","_jetpack_memberships_contains_paid_content":false,"footnotes":""},"categories":[2,3],"tags":[7681,9978,25],"class_list":{"0":"post-113087","1":"post","2":"type-post","3":"status-publish","4":"format-standard","5":"has-post-thumbnail","7":"category-featured","8":"category-geral","9":"tag-50-anos","10":"tag-eme-olavo-bilac","11":"tag-westfalia","12":"pmpro-has-access"},"yoast_head":"<!-- This site is optimized with the Yoast SEO plugin v27.5 - https:\/\/yoast.com\/product\/yoast-seo-wordpress\/ -->\n<title>Emef Olavo Bilac comemora 50 anos de hist\u00f3ria em Westf\u00e1lia - Folha Popular<\/title>\n<meta name=\"robots\" content=\"index, follow, max-snippet:-1, max-image-preview:large, max-video-preview:-1\" \/>\n<link rel=\"canonical\" href=\"https:\/\/folhapopular.info\/index.php\/2022\/09\/21\/emef-olavo-bilac-comemora-50-anos-de-historia-em-westfalia\/\" \/>\n<meta property=\"og:locale\" content=\"pt_BR\" \/>\n<meta property=\"og:type\" content=\"article\" \/>\n<meta property=\"og:title\" content=\"Emef Olavo Bilac comemora 50 anos de hist\u00f3ria em Westf\u00e1lia - Folha Popular\" \/>\n<meta property=\"og:description\" content=\"A Escola Municipal de Ensino Fundamental (Emef) Olavo Bilac, de Linha Berlim em Westf\u00e1lia celebrou 50 anos de hist\u00f3ria. O Jubileu de Ouro foi comemorado com uma programa\u00e7\u00e3o repleta de significado e emo\u00e7\u00e3o. A festa foi realizada no s\u00e1bado (17\/9), tendo por local o educand\u00e1rio e o Esporte Clube Juventude. A programa\u00e7\u00e3o festiva iniciou com [&hellip;]\" \/>\n<meta property=\"og:url\" content=\"https:\/\/folhapopular.info\/index.php\/2022\/09\/21\/emef-olavo-bilac-comemora-50-anos-de-historia-em-westfalia\/\" \/>\n<meta property=\"og:site_name\" content=\"Folha Popular\" \/>\n<meta property=\"article:published_time\" content=\"2022-09-21T12:24:16+00:00\" \/>\n<meta property=\"article:modified_time\" content=\"2022-09-21T12:40:22+00:00\" \/>\n<meta property=\"og:image\" content=\"http:\/\/folhapopular.info\/wp-content\/uploads\/2022\/09\/307551378_450693370427918_6887760312899298178_n-e1663762908782.jpg\" \/>\n\t<meta property=\"og:image:width\" content=\"1200\" \/>\n\t<meta property=\"og:image:height\" content=\"802\" \/>\n\t<meta property=\"og:image:type\" content=\"image\/jpeg\" \/>\n<meta name=\"author\" content=\"Reda\u00e7\u00e3o Folha Popular\" \/>\n<meta name=\"twitter:card\" content=\"summary_large_image\" \/>\n<meta name=\"twitter:label1\" content=\"Escrito por\" \/>\n\t<meta name=\"twitter:data1\" content=\"Reda\u00e7\u00e3o Folha Popular\" \/>\n\t<meta name=\"twitter:label2\" content=\"Est. tempo de leitura\" \/>\n\t<meta name=\"twitter:data2\" content=\"2 minutos\" \/>\n<script type=\"application\/ld+json\" class=\"yoast-schema-graph\">{\"@context\":\"https:\\\/\\\/schema.org\",\"@graph\":[{\"@type\":\"Article\",\"@id\":\"https:\\\/\\\/folhapopular.info\\\/index.php\\\/2022\\\/09\\\/21\\\/emef-olavo-bilac-comemora-50-anos-de-historia-em-westfalia\\\/#article\",\"isPartOf\":{\"@id\":\"https:\\\/\\\/folhapopular.info\\\/index.php\\\/2022\\\/09\\\/21\\\/emef-olavo-bilac-comemora-50-anos-de-historia-em-westfalia\\\/\"},\"author\":{\"name\":\"Reda\u00e7\u00e3o Folha Popular\",\"@id\":\"https:\\\/\\\/folhapopular.info\\\/#\\\/schema\\\/person\\\/2814e8a0df7643585a9ca38bc6eb9d4b\"},\"headline\":\"Emef Olavo Bilac comemora 50 anos de hist\u00f3ria em Westf\u00e1lia\",\"datePublished\":\"2022-09-21T12:24:16+00:00\",\"dateModified\":\"2022-09-21T12:40:22+00:00\",\"mainEntityOfPage\":{\"@id\":\"https:\\\/\\\/folhapopular.info\\\/index.php\\\/2022\\\/09\\\/21\\\/emef-olavo-bilac-comemora-50-anos-de-historia-em-westfalia\\\/\"},\"wordCount\":171,\"commentCount\":0,\"image\":{\"@id\":\"https:\\\/\\\/folhapopular.info\\\/index.php\\\/2022\\\/09\\\/21\\\/emef-olavo-bilac-comemora-50-anos-de-historia-em-westfalia\\\/#primaryimage\"},\"thumbnailUrl\":\"https:\\\/\\\/folhapopular.info\\\/wp-content\\\/uploads\\\/2022\\\/09\\\/307551378_450693370427918_6887760312899298178_n-e1663762908782.jpg\",\"keywords\":[\"50 anos\",\"Eme Olavo Bilac\",\"Westf\u00e1lia\"],\"articleSection\":[\"Destaques\",\"Geral\"],\"inLanguage\":\"pt-BR\",\"potentialAction\":[{\"@type\":\"CommentAction\",\"name\":\"Comment\",\"target\":[\"https:\\\/\\\/folhapopular.info\\\/index.php\\\/2022\\\/09\\\/21\\\/emef-olavo-bilac-comemora-50-anos-de-historia-em-westfalia\\\/#respond\"]}]},{\"@type\":\"WebPage\",\"@id\":\"https:\\\/\\\/folhapopular.info\\\/index.php\\\/2022\\\/09\\\/21\\\/emef-olavo-bilac-comemora-50-anos-de-historia-em-westfalia\\\/\",\"url\":\"https:\\\/\\\/folhapopular.info\\\/index.php\\\/2022\\\/09\\\/21\\\/emef-olavo-bilac-comemora-50-anos-de-historia-em-westfalia\\\/\",\"name\":\"Emef Olavo Bilac comemora 50 anos de hist\u00f3ria em Westf\u00e1lia - Folha Popular\",\"isPartOf\":{\"@id\":\"https:\\\/\\\/folhapopular.info\\\/#website\"},\"primaryImageOfPage\":{\"@id\":\"https:\\\/\\\/folhapopular.info\\\/index.php\\\/2022\\\/09\\\/21\\\/emef-olavo-bilac-comemora-50-anos-de-historia-em-westfalia\\\/#primaryimage\"},\"image\":{\"@id\":\"https:\\\/\\\/folhapopular.info\\\/index.php\\\/2022\\\/09\\\/21\\\/emef-olavo-bilac-comemora-50-anos-de-historia-em-westfalia\\\/#primaryimage\"},\"thumbnailUrl\":\"https:\\\/\\\/folhapopular.info\\\/wp-content\\\/uploads\\\/2022\\\/09\\\/307551378_450693370427918_6887760312899298178_n-e1663762908782.jpg\",\"datePublished\":\"2022-09-21T12:24:16+00:00\",\"dateModified\":\"2022-09-21T12:40:22+00:00\",\"author\":{\"@id\":\"https:\\\/\\\/folhapopular.info\\\/#\\\/schema\\\/person\\\/2814e8a0df7643585a9ca38bc6eb9d4b\"},\"breadcrumb\":{\"@id\":\"https:\\\/\\\/folhapopular.info\\\/index.php\\\/2022\\\/09\\\/21\\\/emef-olavo-bilac-comemora-50-anos-de-historia-em-westfalia\\\/#breadcrumb\"},\"inLanguage\":\"pt-BR\",\"potentialAction\":[{\"@type\":\"ReadAction\",\"target\":[\"https:\\\/\\\/folhapopular.info\\\/index.php\\\/2022\\\/09\\\/21\\\/emef-olavo-bilac-comemora-50-anos-de-historia-em-westfalia\\\/\"]}]},{\"@type\":\"ImageObject\",\"inLanguage\":\"pt-BR\",\"@id\":\"https:\\\/\\\/folhapopular.info\\\/index.php\\\/2022\\\/09\\\/21\\\/emef-olavo-bilac-comemora-50-anos-de-historia-em-westfalia\\\/#primaryimage\",\"url\":\"https:\\\/\\\/folhapopular.info\\\/wp-content\\\/uploads\\\/2022\\\/09\\\/307551378_450693370427918_6887760312899298178_n-e1663762908782.jpg\",\"contentUrl\":\"https:\\\/\\\/folhapopular.info\\\/wp-content\\\/uploads\\\/2022\\\/09\\\/307551378_450693370427918_6887760312899298178_n-e1663762908782.jpg\",\"width\":1200,\"height\":802,\"caption\":\"Solenidade reuniu a comunidade escolar\"},{\"@type\":\"BreadcrumbList\",\"@id\":\"https:\\\/\\\/folhapopular.info\\\/index.php\\\/2022\\\/09\\\/21\\\/emef-olavo-bilac-comemora-50-anos-de-historia-em-westfalia\\\/#breadcrumb\",\"itemListElement\":[{\"@type\":\"ListItem\",\"position\":1,\"name\":\"In\u00edcio\",\"item\":\"https:\\\/\\\/folhapopular.info\\\/\"},{\"@type\":\"ListItem\",\"position\":2,\"name\":\"Emef Olavo Bilac comemora 50 anos de hist\u00f3ria em Westf\u00e1lia\"}]},{\"@type\":\"WebSite\",\"@id\":\"https:\\\/\\\/folhapopular.info\\\/#website\",\"url\":\"https:\\\/\\\/folhapopular.info\\\/\",\"name\":\"Folha Popular\",\"description\":\"Onde voc\u00ea tem vez e voz\",\"potentialAction\":[{\"@type\":\"SearchAction\",\"target\":{\"@type\":\"EntryPoint\",\"urlTemplate\":\"https:\\\/\\\/folhapopular.info\\\/?s={search_term_string}\"},\"query-input\":{\"@type\":\"PropertyValueSpecification\",\"valueRequired\":true,\"valueName\":\"search_term_string\"}}],\"inLanguage\":\"pt-BR\"},{\"@type\":\"Person\",\"@id\":\"https:\\\/\\\/folhapopular.info\\\/#\\\/schema\\\/person\\\/2814e8a0df7643585a9ca38bc6eb9d4b\",\"name\":\"Reda\u00e7\u00e3o Folha Popular\",\"image\":{\"@type\":\"ImageObject\",\"inLanguage\":\"pt-BR\",\"@id\":\"https:\\\/\\\/folhapopular.info\\\/wp-content\\\/uploads\\\/2026\\\/04\\\/Folha-1.webp\",\"url\":\"https:\\\/\\\/folhapopular.info\\\/wp-content\\\/uploads\\\/2026\\\/04\\\/Folha-1.webp\",\"contentUrl\":\"https:\\\/\\\/folhapopular.info\\\/wp-content\\\/uploads\\\/2026\\\/04\\\/Folha-1.webp\",\"caption\":\"Reda\u00e7\u00e3o Folha Popular\"},\"url\":\"https:\\\/\\\/folhapopular.info\\\/index.php\\\/author\\\/redacao\\\/\"}]}<\/script>\n<!-- \/ Yoast SEO plugin. -->","yoast_head_json":{"title":"Emef Olavo Bilac comemora 50 anos de hist\u00f3ria em Westf\u00e1lia - Folha Popular","robots":{"index":"index","follow":"follow","max-snippet":"max-snippet:-1","max-image-preview":"max-image-preview:large","max-video-preview":"max-video-preview:-1"},"canonical":"https:\/\/folhapopular.info\/index.php\/2022\/09\/21\/emef-olavo-bilac-comemora-50-anos-de-historia-em-westfalia\/","og_locale":"pt_BR","og_type":"article","og_title":"Emef Olavo Bilac comemora 50 anos de hist\u00f3ria em Westf\u00e1lia - Folha Popular","og_description":"A Escola Municipal de Ensino Fundamental (Emef) Olavo Bilac, de Linha Berlim em Westf\u00e1lia celebrou 50 anos de hist\u00f3ria. O Jubileu de Ouro foi comemorado com uma programa\u00e7\u00e3o repleta de significado e emo\u00e7\u00e3o. A festa foi realizada no s\u00e1bado (17\/9), tendo por local o educand\u00e1rio e o Esporte Clube Juventude. A programa\u00e7\u00e3o festiva iniciou com [&hellip;]","og_url":"https:\/\/folhapopular.info\/index.php\/2022\/09\/21\/emef-olavo-bilac-comemora-50-anos-de-historia-em-westfalia\/","og_site_name":"Folha Popular","article_published_time":"2022-09-21T12:24:16+00:00","article_modified_time":"2022-09-21T12:40:22+00:00","og_image":[{"width":1200,"height":802,"url":"http:\/\/folhapopular.info\/wp-content\/uploads\/2022\/09\/307551378_450693370427918_6887760312899298178_n-e1663762908782.jpg","type":"image\/jpeg"}],"author":"Reda\u00e7\u00e3o Folha Popular","twitter_card":"summary_large_image","twitter_misc":{"Escrito por":"Reda\u00e7\u00e3o Folha Popular","Est. tempo de leitura":"2 minutos"},"schema":{"@context":"https:\/\/schema.org","@graph":[{"@type":"Article","@id":"https:\/\/folhapopular.info\/index.php\/2022\/09\/21\/emef-olavo-bilac-comemora-50-anos-de-historia-em-westfalia\/#article","isPartOf":{"@id":"https:\/\/folhapopular.info\/index.php\/2022\/09\/21\/emef-olavo-bilac-comemora-50-anos-de-historia-em-westfalia\/"},"author":{"name":"Reda\u00e7\u00e3o Folha Popular","@id":"https:\/\/folhapopular.info\/#\/schema\/person\/2814e8a0df7643585a9ca38bc6eb9d4b"},"headline":"Emef Olavo Bilac comemora 50 anos de hist\u00f3ria em Westf\u00e1lia","datePublished":"2022-09-21T12:24:16+00:00","dateModified":"2022-09-21T12:40:22+00:00","mainEntityOfPage":{"@id":"https:\/\/folhapopular.info\/index.php\/2022\/09\/21\/emef-olavo-bilac-comemora-50-anos-de-historia-em-westfalia\/"},"wordCount":171,"commentCount":0,"image":{"@id":"https:\/\/folhapopular.info\/index.php\/2022\/09\/21\/emef-olavo-bilac-comemora-50-anos-de-historia-em-westfalia\/#primaryimage"},"thumbnailUrl":"https:\/\/folhapopular.info\/wp-content\/uploads\/2022\/09\/307551378_450693370427918_6887760312899298178_n-e1663762908782.jpg","keywords":["50 anos","Eme Olavo Bilac","Westf\u00e1lia"],"articleSection":["Destaques","Geral"],"inLanguage":"pt-BR","potentialAction":[{"@type":"CommentAction","name":"Comment","target":["https:\/\/folhapopular.info\/index.php\/2022\/09\/21\/emef-olavo-bilac-comemora-50-anos-de-historia-em-westfalia\/#respond"]}]},{"@type":"WebPage","@id":"https:\/\/folhapopular.info\/index.php\/2022\/09\/21\/emef-olavo-bilac-comemora-50-anos-de-historia-em-westfalia\/","url":"https:\/\/folhapopular.info\/index.php\/2022\/09\/21\/emef-olavo-bilac-comemora-50-anos-de-historia-em-westfalia\/","name":"Emef Olavo Bilac comemora 50 anos de hist\u00f3ria em Westf\u00e1lia - Folha Popular","isPartOf":{"@id":"https:\/\/folhapopular.info\/#website"},"primaryImageOfPage":{"@id":"https:\/\/folhapopular.info\/index.php\/2022\/09\/21\/emef-olavo-bilac-comemora-50-anos-de-historia-em-westfalia\/#primaryimage"},"image":{"@id":"https:\/\/folhapopular.info\/index.php\/2022\/09\/21\/emef-olavo-bilac-comemora-50-anos-de-historia-em-westfalia\/#primaryimage"},"thumbnailUrl":"https:\/\/folhapopular.info\/wp-content\/uploads\/2022\/09\/307551378_450693370427918_6887760312899298178_n-e1663762908782.jpg","datePublished":"2022-09-21T12:24:16+00:00","dateModified":"2022-09-21T12:40:22+00:00","author":{"@id":"https:\/\/folhapopular.info\/#\/schema\/person\/2814e8a0df7643585a9ca38bc6eb9d4b"},"breadcrumb":{"@id":"https:\/\/folhapopular.info\/index.php\/2022\/09\/21\/emef-olavo-bilac-comemora-50-anos-de-historia-em-westfalia\/#breadcrumb"},"inLanguage":"pt-BR","potentialAction":[{"@type":"ReadAction","target":["https:\/\/folhapopular.info\/index.php\/2022\/09\/21\/emef-olavo-bilac-comemora-50-anos-de-historia-em-westfalia\/"]}]},{"@type":"ImageObject","inLanguage":"pt-BR","@id":"https:\/\/folhapopular.info\/index.php\/2022\/09\/21\/emef-olavo-bilac-comemora-50-anos-de-historia-em-westfalia\/#primaryimage","url":"https:\/\/folhapopular.info\/wp-content\/uploads\/2022\/09\/307551378_450693370427918_6887760312899298178_n-e1663762908782.jpg","contentUrl":"https:\/\/folhapopular.info\/wp-content\/uploads\/2022\/09\/307551378_450693370427918_6887760312899298178_n-e1663762908782.jpg","width":1200,"height":802,"caption":"Solenidade reuniu a comunidade escolar"},{"@type":"BreadcrumbList","@id":"https:\/\/folhapopular.info\/index.php\/2022\/09\/21\/emef-olavo-bilac-comemora-50-anos-de-historia-em-westfalia\/#breadcrumb","itemListElement":[{"@type":"ListItem","position":1,"name":"In\u00edcio","item":"https:\/\/folhapopular.info\/"},{"@type":"ListItem","position":2,"name":"Emef Olavo Bilac comemora 50 anos de hist\u00f3ria em Westf\u00e1lia"}]},{"@type":"WebSite","@id":"https:\/\/folhapopular.info\/#website","url":"https:\/\/folhapopular.info\/","name":"Folha Popular","description":"Onde voc\u00ea tem vez e voz","potentialAction":[{"@type":"SearchAction","target":{"@type":"EntryPoint","urlTemplate":"https:\/\/folhapopular.info\/?s={search_term_string}"},"query-input":{"@type":"PropertyValueSpecification","valueRequired":true,"valueName":"search_term_string"}}],"inLanguage":"pt-BR"},{"@type":"Person","@id":"https:\/\/folhapopular.info\/#\/schema\/person\/2814e8a0df7643585a9ca38bc6eb9d4b","name":"Reda\u00e7\u00e3o Folha Popular","image":{"@type":"ImageObject","inLanguage":"pt-BR","@id":"https:\/\/folhapopular.info\/wp-content\/uploads\/2026\/04\/Folha-1.webp","url":"https:\/\/folhapopular.info\/wp-content\/uploads\/2026\/04\/Folha-1.webp","contentUrl":"https:\/\/folhapopular.info\/wp-content\/uploads\/2026\/04\/Folha-1.webp","caption":"Reda\u00e7\u00e3o Folha Popular"},"url":"https:\/\/folhapopular.info\/index.php\/author\/redacao\/"}]}},"jetpack_featured_media_url":"https:\/\/folhapopular.info\/wp-content\/uploads\/2022\/09\/307551378_450693370427918_6887760312899298178_n-e1663762908782.jpg","jetpack_sharing_enabled":true,"amp_enabled":true,"_links":{"self":[{"href":"https:\/\/folhapopular.info\/index.php\/wp-json\/wp\/v2\/posts\/113087","targetHints":{"allow":["GET"]}}],"collection":[{"href":"https:\/\/folhapopular.info\/index.php\/wp-json\/wp\/v2\/posts"}],"about":[{"href":"https:\/\/folhapopular.info\/index.php\/wp-json\/wp\/v2\/types\/post"}],"author":[{"embeddable":true,"href":"https:\/\/folhapopular.info\/index.php\/wp-json\/wp\/v2\/users\/8"}],"replies":[{"embeddable":true,"href":"https:\/\/folhapopular.info\/index.php\/wp-json\/wp\/v2\/comments?post=113087"}],"version-history":[{"count":0,"href":"https:\/\/folhapopular.info\/index.php\/wp-json\/wp\/v2\/posts\/113087\/revisions"}],"wp:featuredmedia":[{"embeddable":true,"href":"https:\/\/folhapopular.info\/index.php\/wp-json\/wp\/v2\/media\/113092"}],"wp:attachment":[{"href":"https:\/\/folhapopular.info\/index.php\/wp-json\/wp\/v2\/media?parent=113087"}],"wp:term":[{"taxonomy":"category","embeddable":true,"href":"https:\/\/folhapopular.info\/index.php\/wp-json\/wp\/v2\/categories?post=113087"},{"taxonomy":"post_tag","embeddable":true,"href":"https:\/\/folhapopular.info\/index.php\/wp-json\/wp\/v2\/tags?post=113087"}],"curies":[{"name":"wp","href":"https:\/\/api.w.org\/{rel}","templated":true}]}}