{"id":113100,"date":"2022-09-21T14:34:29","date_gmt":"2022-09-21T17:34:29","guid":{"rendered":"https:\/\/folhapopular.info\/?p=113100"},"modified":"2022-09-21T14:34:33","modified_gmt":"2022-09-21T17:34:33","slug":"mais-de-500-pessoas-participaram-do-desfile-farroupilha-de-teutonia","status":"publish","type":"post","link":"https:\/\/folhapopular.info\/index.php\/2022\/09\/21\/mais-de-500-pessoas-participaram-do-desfile-farroupilha-de-teutonia\/","title":{"rendered":"<strong>Mais de 500 pessoas participaram do Desfile Farroupilha de Teut\u00f4nia<\/strong>"},"content":{"rendered":"\n<p>O Desfile Farroupilha, realizado nesta ter\u00e7a-feira, dia 20, reuniu aproximadamente 250 cavaleiros, 140 alunos de escolas municipais, membros das entidades tradicionalistas e religiosas de Teut\u00f4nia, al\u00e9m de cavaleiros visitantes de Westf\u00e1lia, Po\u00e7o das Antas, Paverama, Fazenda Vilanova e Lajeado. O desfile percorreu as ruas Arthur Pilz, Pedro Schneider, 25 de Julho, Evaldo Hilgemann, Fernando Ferrari, Avenida 1 Leste, at\u00e9 o Centro Administrativo Municipal. <\/p>\n\n\n\n<p>Cerca de 2 mil pessoas prestigiaram a programa\u00e7\u00e3o do dia 20 de Setembro em Teut\u00f4nia. Al\u00e9m do desfile, que foi o momento mais aguardado da semana, este foi o primeiro ano em que houve a realiza\u00e7\u00e3o do Culto e Missa Campeira no Centro Administrativo, o qual atraiu muitas pessoas. Ap\u00f3s o t\u00e9rmino, o p\u00fablico visitou os piquetes, que promoveram diversas atra\u00e7\u00f5es ao longo da tarde, reunindo fam\u00edlias e amigos para comemorar o \u00faltimo dia da Semana Farroupilha. A programa\u00e7\u00e3o encerrou \u00e0s 18h com cerim\u00f4nia de extin\u00e7\u00e3o da Chama Crioula.<\/p>\n\n\n\n<div class=\"wp-block-jetpack-slideshow aligncenter\" data-effect=\"slide\"><div class=\"wp-block-jetpack-slideshow_container swiper-container\"><ul class=\"wp-block-jetpack-slideshow_swiper-wrapper swiper-wrapper\"><li class=\"wp-block-jetpack-slideshow_slide swiper-slide\"><figure><img loading=\"lazy\" decoding=\"async\" width=\"1024\" height=\"680\" alt=\"\" class=\"wp-block-jetpack-slideshow_image wp-image-113107\" data-id=\"113107\" src=\"https:\/\/folhapopular.info\/wp-content\/uploads\/2022\/09\/DSC0007-1024x680.jpg\" srcset=\"https:\/\/folhapopular.info\/wp-content\/uploads\/2022\/09\/DSC0007-1024x680.jpg 1024w, https:\/\/folhapopular.info\/wp-content\/uploads\/2022\/09\/DSC0007-300x199.jpg 300w, https:\/\/folhapopular.info\/wp-content\/uploads\/2022\/09\/DSC0007-768x510.jpg 768w, https:\/\/folhapopular.info\/wp-content\/uploads\/2022\/09\/DSC0007-1536x1020.jpg 1536w, https:\/\/folhapopular.info\/wp-content\/uploads\/2022\/09\/DSC0007-2048x1360.jpg 2048w, https:\/\/folhapopular.info\/wp-content\/uploads\/2022\/09\/DSC0007-696x462.jpg 696w, https:\/\/folhapopular.info\/wp-content\/uploads\/2022\/09\/DSC0007-1068x709.jpg 1068w, https:\/\/folhapopular.info\/wp-content\/uploads\/2022\/09\/DSC0007-1920x1275.jpg 1920w\" sizes=\"(max-width: 1024px) 100vw, 1024px\" \/><\/figure><\/li><li class=\"wp-block-jetpack-slideshow_slide swiper-slide\"><figure><img loading=\"lazy\" decoding=\"async\" width=\"1024\" height=\"680\" alt=\"\" class=\"wp-block-jetpack-slideshow_image wp-image-113108\" data-id=\"113108\" src=\"https:\/\/folhapopular.info\/wp-content\/uploads\/2022\/09\/DSC0017-1024x680.jpg\" srcset=\"https:\/\/folhapopular.info\/wp-content\/uploads\/2022\/09\/DSC0017-1024x680.jpg 1024w, https:\/\/folhapopular.info\/wp-content\/uploads\/2022\/09\/DSC0017-300x199.jpg 300w, https:\/\/folhapopular.info\/wp-content\/uploads\/2022\/09\/DSC0017-768x510.jpg 768w, https:\/\/folhapopular.info\/wp-content\/uploads\/2022\/09\/DSC0017-1536x1020.jpg 1536w, https:\/\/folhapopular.info\/wp-content\/uploads\/2022\/09\/DSC0017-2048x1360.jpg 2048w, https:\/\/folhapopular.info\/wp-content\/uploads\/2022\/09\/DSC0017-696x462.jpg 696w, https:\/\/folhapopular.info\/wp-content\/uploads\/2022\/09\/DSC0017-1068x709.jpg 1068w, https:\/\/folhapopular.info\/wp-content\/uploads\/2022\/09\/DSC0017-1920x1275.jpg 1920w\" sizes=\"(max-width: 1024px) 100vw, 1024px\" \/><\/figure><\/li><li class=\"wp-block-jetpack-slideshow_slide swiper-slide\"><figure><img loading=\"lazy\" decoding=\"async\" width=\"1024\" height=\"680\" alt=\"\" class=\"wp-block-jetpack-slideshow_image wp-image-113109\" data-id=\"113109\" src=\"https:\/\/folhapopular.info\/wp-content\/uploads\/2022\/09\/DSC0035-1024x680.jpg\" srcset=\"https:\/\/folhapopular.info\/wp-content\/uploads\/2022\/09\/DSC0035-1024x680.jpg 1024w, https:\/\/folhapopular.info\/wp-content\/uploads\/2022\/09\/DSC0035-300x199.jpg 300w, https:\/\/folhapopular.info\/wp-content\/uploads\/2022\/09\/DSC0035-768x510.jpg 768w, https:\/\/folhapopular.info\/wp-content\/uploads\/2022\/09\/DSC0035-1536x1020.jpg 1536w, https:\/\/folhapopular.info\/wp-content\/uploads\/2022\/09\/DSC0035-2048x1360.jpg 2048w, https:\/\/folhapopular.info\/wp-content\/uploads\/2022\/09\/DSC0035-696x462.jpg 696w, https:\/\/folhapopular.info\/wp-content\/uploads\/2022\/09\/DSC0035-1068x709.jpg 1068w, https:\/\/folhapopular.info\/wp-content\/uploads\/2022\/09\/DSC0035-1920x1275.jpg 1920w\" sizes=\"(max-width: 1024px) 100vw, 1024px\" \/><\/figure><\/li><li class=\"wp-block-jetpack-slideshow_slide swiper-slide\"><figure><img loading=\"lazy\" decoding=\"async\" width=\"1024\" height=\"680\" alt=\"\" class=\"wp-block-jetpack-slideshow_image wp-image-113110\" data-id=\"113110\" src=\"https:\/\/folhapopular.info\/wp-content\/uploads\/2022\/09\/DSC0052-1024x680.jpg\" srcset=\"https:\/\/folhapopular.info\/wp-content\/uploads\/2022\/09\/DSC0052-1024x680.jpg 1024w, https:\/\/folhapopular.info\/wp-content\/uploads\/2022\/09\/DSC0052-300x199.jpg 300w, https:\/\/folhapopular.info\/wp-content\/uploads\/2022\/09\/DSC0052-768x510.jpg 768w, https:\/\/folhapopular.info\/wp-content\/uploads\/2022\/09\/DSC0052-1536x1020.jpg 1536w, https:\/\/folhapopular.info\/wp-content\/uploads\/2022\/09\/DSC0052-2048x1360.jpg 2048w, https:\/\/folhapopular.info\/wp-content\/uploads\/2022\/09\/DSC0052-696x462.jpg 696w, https:\/\/folhapopular.info\/wp-content\/uploads\/2022\/09\/DSC0052-1068x709.jpg 1068w, https:\/\/folhapopular.info\/wp-content\/uploads\/2022\/09\/DSC0052-1920x1275.jpg 1920w\" sizes=\"(max-width: 1024px) 100vw, 1024px\" \/><\/figure><\/li><li class=\"wp-block-jetpack-slideshow_slide swiper-slide\"><figure><img loading=\"lazy\" decoding=\"async\" width=\"1024\" height=\"680\" alt=\"\" class=\"wp-block-jetpack-slideshow_image wp-image-113111\" data-id=\"113111\" src=\"https:\/\/folhapopular.info\/wp-content\/uploads\/2022\/09\/DSC0078-1024x680.jpg\" srcset=\"https:\/\/folhapopular.info\/wp-content\/uploads\/2022\/09\/DSC0078-1024x680.jpg 1024w, https:\/\/folhapopular.info\/wp-content\/uploads\/2022\/09\/DSC0078-300x199.jpg 300w, https:\/\/folhapopular.info\/wp-content\/uploads\/2022\/09\/DSC0078-768x510.jpg 768w, https:\/\/folhapopular.info\/wp-content\/uploads\/2022\/09\/DSC0078-1536x1020.jpg 1536w, https:\/\/folhapopular.info\/wp-content\/uploads\/2022\/09\/DSC0078-2048x1360.jpg 2048w, https:\/\/folhapopular.info\/wp-content\/uploads\/2022\/09\/DSC0078-696x462.jpg 696w, https:\/\/folhapopular.info\/wp-content\/uploads\/2022\/09\/DSC0078-1068x709.jpg 1068w, https:\/\/folhapopular.info\/wp-content\/uploads\/2022\/09\/DSC0078-1920x1275.jpg 1920w\" sizes=\"(max-width: 1024px) 100vw, 1024px\" \/><\/figure><\/li><li class=\"wp-block-jetpack-slideshow_slide swiper-slide\"><figure><img loading=\"lazy\" decoding=\"async\" width=\"1024\" height=\"680\" alt=\"\" class=\"wp-block-jetpack-slideshow_image wp-image-113112\" data-id=\"113112\" src=\"https:\/\/folhapopular.info\/wp-content\/uploads\/2022\/09\/DSC0094-1024x680.jpg\" srcset=\"https:\/\/folhapopular.info\/wp-content\/uploads\/2022\/09\/DSC0094-1024x680.jpg 1024w, https:\/\/folhapopular.info\/wp-content\/uploads\/2022\/09\/DSC0094-300x199.jpg 300w, https:\/\/folhapopular.info\/wp-content\/uploads\/2022\/09\/DSC0094-768x510.jpg 768w, https:\/\/folhapopular.info\/wp-content\/uploads\/2022\/09\/DSC0094-1536x1020.jpg 1536w, https:\/\/folhapopular.info\/wp-content\/uploads\/2022\/09\/DSC0094-2048x1360.jpg 2048w, https:\/\/folhapopular.info\/wp-content\/uploads\/2022\/09\/DSC0094-696x462.jpg 696w, https:\/\/folhapopular.info\/wp-content\/uploads\/2022\/09\/DSC0094-1068x709.jpg 1068w, https:\/\/folhapopular.info\/wp-content\/uploads\/2022\/09\/DSC0094-1920x1275.jpg 1920w\" sizes=\"(max-width: 1024px) 100vw, 1024px\" \/><\/figure><\/li><li class=\"wp-block-jetpack-slideshow_slide swiper-slide\"><figure><img loading=\"lazy\" decoding=\"async\" width=\"1024\" height=\"680\" alt=\"\" class=\"wp-block-jetpack-slideshow_image wp-image-113113\" data-id=\"113113\" src=\"https:\/\/folhapopular.info\/wp-content\/uploads\/2022\/09\/DSC0134-1024x680.jpg\" srcset=\"https:\/\/folhapopular.info\/wp-content\/uploads\/2022\/09\/DSC0134-1024x680.jpg 1024w, https:\/\/folhapopular.info\/wp-content\/uploads\/2022\/09\/DSC0134-300x199.jpg 300w, https:\/\/folhapopular.info\/wp-content\/uploads\/2022\/09\/DSC0134-768x510.jpg 768w, https:\/\/folhapopular.info\/wp-content\/uploads\/2022\/09\/DSC0134-1536x1020.jpg 1536w, https:\/\/folhapopular.info\/wp-content\/uploads\/2022\/09\/DSC0134-2048x1360.jpg 2048w, https:\/\/folhapopular.info\/wp-content\/uploads\/2022\/09\/DSC0134-696x462.jpg 696w, https:\/\/folhapopular.info\/wp-content\/uploads\/2022\/09\/DSC0134-1068x709.jpg 1068w, https:\/\/folhapopular.info\/wp-content\/uploads\/2022\/09\/DSC0134-1920x1275.jpg 1920w\" sizes=\"(max-width: 1024px) 100vw, 1024px\" \/><\/figure><\/li><li class=\"wp-block-jetpack-slideshow_slide swiper-slide\"><figure><img loading=\"lazy\" decoding=\"async\" width=\"1024\" height=\"680\" alt=\"\" class=\"wp-block-jetpack-slideshow_image wp-image-113114\" data-id=\"113114\" src=\"https:\/\/folhapopular.info\/wp-content\/uploads\/2022\/09\/DSC0161-1024x680.jpg\" srcset=\"https:\/\/folhapopular.info\/wp-content\/uploads\/2022\/09\/DSC0161-1024x680.jpg 1024w, https:\/\/folhapopular.info\/wp-content\/uploads\/2022\/09\/DSC0161-300x199.jpg 300w, https:\/\/folhapopular.info\/wp-content\/uploads\/2022\/09\/DSC0161-768x510.jpg 768w, https:\/\/folhapopular.info\/wp-content\/uploads\/2022\/09\/DSC0161-1536x1020.jpg 1536w, https:\/\/folhapopular.info\/wp-content\/uploads\/2022\/09\/DSC0161-2048x1360.jpg 2048w, https:\/\/folhapopular.info\/wp-content\/uploads\/2022\/09\/DSC0161-696x462.jpg 696w, https:\/\/folhapopular.info\/wp-content\/uploads\/2022\/09\/DSC0161-1068x709.jpg 1068w, https:\/\/folhapopular.info\/wp-content\/uploads\/2022\/09\/DSC0161-1920x1275.jpg 1920w\" sizes=\"(max-width: 1024px) 100vw, 1024px\" \/><\/figure><\/li><li class=\"wp-block-jetpack-slideshow_slide swiper-slide\"><figure><img loading=\"lazy\" decoding=\"async\" width=\"1024\" height=\"680\" alt=\"\" class=\"wp-block-jetpack-slideshow_image wp-image-113115\" data-id=\"113115\" src=\"https:\/\/folhapopular.info\/wp-content\/uploads\/2022\/09\/DSC0280-1024x680.jpg\" srcset=\"https:\/\/folhapopular.info\/wp-content\/uploads\/2022\/09\/DSC0280-1024x680.jpg 1024w, https:\/\/folhapopular.info\/wp-content\/uploads\/2022\/09\/DSC0280-300x199.jpg 300w, https:\/\/folhapopular.info\/wp-content\/uploads\/2022\/09\/DSC0280-768x510.jpg 768w, https:\/\/folhapopular.info\/wp-content\/uploads\/2022\/09\/DSC0280-1536x1020.jpg 1536w, https:\/\/folhapopular.info\/wp-content\/uploads\/2022\/09\/DSC0280-2048x1360.jpg 2048w, https:\/\/folhapopular.info\/wp-content\/uploads\/2022\/09\/DSC0280-696x462.jpg 696w, https:\/\/folhapopular.info\/wp-content\/uploads\/2022\/09\/DSC0280-1068x709.jpg 1068w, https:\/\/folhapopular.info\/wp-content\/uploads\/2022\/09\/DSC0280-1920x1275.jpg 1920w\" sizes=\"(max-width: 1024px) 100vw, 1024px\" \/><\/figure><\/li><\/ul><a class=\"wp-block-jetpack-slideshow_button-prev swiper-button-prev swiper-button-white\" role=\"button\"><\/a><a class=\"wp-block-jetpack-slideshow_button-next swiper-button-next swiper-button-white\" role=\"button\"><\/a><a aria-label=\"Pause Slideshow\" class=\"wp-block-jetpack-slideshow_button-pause\" role=\"button\"><\/a><div class=\"wp-block-jetpack-slideshow_pagination swiper-pagination swiper-pagination-white\"><\/div><\/div><\/div>\n","protected":false},"excerpt":{"rendered":"<p>O Desfile Farroupilha, realizado nesta ter\u00e7a-feira, dia 20, reuniu aproximadamente 250 cavaleiros, 140 alunos de escolas municipais, membros das entidades tradicionalistas e religiosas de Teut\u00f4nia, al\u00e9m de cavaleiros visitantes de Westf\u00e1lia, Po\u00e7o das Antas, Paverama, Fazenda Vilanova e Lajeado. O desfile percorreu as ruas Arthur Pilz, Pedro Schneider, 25 de Julho, Evaldo Hilgemann, Fernando Ferrari, [&hellip;]<\/p>\n","protected":false},"author":8,"featured_media":113103,"comment_status":"open","ping_status":"open","sticky":false,"template":"","format":"standard","meta":{"pmpro_default_level":"","_jetpack_memberships_contains_paid_content":false,"footnotes":""},"categories":[2,3],"tags":[3393,2737,1016,26],"class_list":{"0":"post-113100","1":"post","2":"type-post","3":"status-publish","4":"format-standard","5":"has-post-thumbnail","7":"category-featured","8":"category-geral","9":"tag-20-de-setembro","10":"tag-desfile","11":"tag-semana-farroupilha","12":"tag-teutonia","13":"pmpro-has-access"},"yoast_head":"<!-- This site is optimized with the Yoast SEO plugin v27.5 - https:\/\/yoast.com\/product\/yoast-seo-wordpress\/ -->\n<title>Mais de 500 pessoas participaram do Desfile Farroupilha de Teut\u00f4nia - Folha Popular<\/title>\n<meta name=\"robots\" content=\"index, follow, max-snippet:-1, max-image-preview:large, max-video-preview:-1\" \/>\n<link rel=\"canonical\" href=\"https:\/\/folhapopular.info\/index.php\/2022\/09\/21\/mais-de-500-pessoas-participaram-do-desfile-farroupilha-de-teutonia\/\" \/>\n<meta property=\"og:locale\" content=\"pt_BR\" \/>\n<meta property=\"og:type\" content=\"article\" \/>\n<meta property=\"og:title\" content=\"Mais de 500 pessoas participaram do Desfile Farroupilha de Teut\u00f4nia - Folha Popular\" \/>\n<meta property=\"og:description\" content=\"O Desfile Farroupilha, realizado nesta ter\u00e7a-feira, dia 20, reuniu aproximadamente 250 cavaleiros, 140 alunos de escolas municipais, membros das entidades tradicionalistas e religiosas de Teut\u00f4nia, al\u00e9m de cavaleiros visitantes de Westf\u00e1lia, Po\u00e7o das Antas, Paverama, Fazenda Vilanova e Lajeado. O desfile percorreu as ruas Arthur Pilz, Pedro Schneider, 25 de Julho, Evaldo Hilgemann, Fernando Ferrari, [&hellip;]\" \/>\n<meta property=\"og:url\" content=\"https:\/\/folhapopular.info\/index.php\/2022\/09\/21\/mais-de-500-pessoas-participaram-do-desfile-farroupilha-de-teutonia\/\" \/>\n<meta property=\"og:site_name\" content=\"Folha Popular\" \/>\n<meta property=\"article:published_time\" content=\"2022-09-21T17:34:29+00:00\" \/>\n<meta property=\"article:modified_time\" content=\"2022-09-21T17:34:33+00:00\" \/>\n<meta property=\"og:image\" content=\"http:\/\/folhapopular.info\/wp-content\/uploads\/2022\/09\/DSC0200-scaled-e1663780187306.jpg\" \/>\n\t<meta property=\"og:image:width\" content=\"1200\" \/>\n\t<meta property=\"og:image:height\" content=\"797\" \/>\n\t<meta property=\"og:image:type\" content=\"image\/jpeg\" \/>\n<meta name=\"author\" content=\"Reda\u00e7\u00e3o Folha Popular\" \/>\n<meta name=\"twitter:card\" content=\"summary_large_image\" \/>\n<meta name=\"twitter:label1\" content=\"Escrito por\" \/>\n\t<meta name=\"twitter:data1\" content=\"Reda\u00e7\u00e3o Folha Popular\" \/>\n\t<meta name=\"twitter:label2\" content=\"Est. tempo de leitura\" \/>\n\t<meta name=\"twitter:data2\" content=\"3 minutos\" \/>\n<script type=\"application\/ld+json\" class=\"yoast-schema-graph\">{\"@context\":\"https:\\\/\\\/schema.org\",\"@graph\":[{\"@type\":\"Article\",\"@id\":\"https:\\\/\\\/folhapopular.info\\\/index.php\\\/2022\\\/09\\\/21\\\/mais-de-500-pessoas-participaram-do-desfile-farroupilha-de-teutonia\\\/#article\",\"isPartOf\":{\"@id\":\"https:\\\/\\\/folhapopular.info\\\/index.php\\\/2022\\\/09\\\/21\\\/mais-de-500-pessoas-participaram-do-desfile-farroupilha-de-teutonia\\\/\"},\"author\":{\"name\":\"Reda\u00e7\u00e3o Folha Popular\",\"@id\":\"https:\\\/\\\/folhapopular.info\\\/#\\\/schema\\\/person\\\/2814e8a0df7643585a9ca38bc6eb9d4b\"},\"headline\":\"Mais de 500 pessoas participaram do Desfile Farroupilha de Teut\u00f4nia\",\"datePublished\":\"2022-09-21T17:34:29+00:00\",\"dateModified\":\"2022-09-21T17:34:33+00:00\",\"mainEntityOfPage\":{\"@id\":\"https:\\\/\\\/folhapopular.info\\\/index.php\\\/2022\\\/09\\\/21\\\/mais-de-500-pessoas-participaram-do-desfile-farroupilha-de-teutonia\\\/\"},\"wordCount\":172,\"commentCount\":0,\"image\":{\"@id\":\"https:\\\/\\\/folhapopular.info\\\/index.php\\\/2022\\\/09\\\/21\\\/mais-de-500-pessoas-participaram-do-desfile-farroupilha-de-teutonia\\\/#primaryimage\"},\"thumbnailUrl\":\"https:\\\/\\\/folhapopular.info\\\/wp-content\\\/uploads\\\/2022\\\/09\\\/DSC0200-scaled-e1663780187306.jpg\",\"keywords\":[\"20 de Setembro\",\"desfile\",\"Semana Farroupilha\",\"Teut\u00f4nia\"],\"articleSection\":[\"Destaques\",\"Geral\"],\"inLanguage\":\"pt-BR\",\"potentialAction\":[{\"@type\":\"CommentAction\",\"name\":\"Comment\",\"target\":[\"https:\\\/\\\/folhapopular.info\\\/index.php\\\/2022\\\/09\\\/21\\\/mais-de-500-pessoas-participaram-do-desfile-farroupilha-de-teutonia\\\/#respond\"]}]},{\"@type\":\"WebPage\",\"@id\":\"https:\\\/\\\/folhapopular.info\\\/index.php\\\/2022\\\/09\\\/21\\\/mais-de-500-pessoas-participaram-do-desfile-farroupilha-de-teutonia\\\/\",\"url\":\"https:\\\/\\\/folhapopular.info\\\/index.php\\\/2022\\\/09\\\/21\\\/mais-de-500-pessoas-participaram-do-desfile-farroupilha-de-teutonia\\\/\",\"name\":\"Mais de 500 pessoas participaram do Desfile Farroupilha de Teut\u00f4nia - Folha Popular\",\"isPartOf\":{\"@id\":\"https:\\\/\\\/folhapopular.info\\\/#website\"},\"primaryImageOfPage\":{\"@id\":\"https:\\\/\\\/folhapopular.info\\\/index.php\\\/2022\\\/09\\\/21\\\/mais-de-500-pessoas-participaram-do-desfile-farroupilha-de-teutonia\\\/#primaryimage\"},\"image\":{\"@id\":\"https:\\\/\\\/folhapopular.info\\\/index.php\\\/2022\\\/09\\\/21\\\/mais-de-500-pessoas-participaram-do-desfile-farroupilha-de-teutonia\\\/#primaryimage\"},\"thumbnailUrl\":\"https:\\\/\\\/folhapopular.info\\\/wp-content\\\/uploads\\\/2022\\\/09\\\/DSC0200-scaled-e1663780187306.jpg\",\"datePublished\":\"2022-09-21T17:34:29+00:00\",\"dateModified\":\"2022-09-21T17:34:33+00:00\",\"author\":{\"@id\":\"https:\\\/\\\/folhapopular.info\\\/#\\\/schema\\\/person\\\/2814e8a0df7643585a9ca38bc6eb9d4b\"},\"breadcrumb\":{\"@id\":\"https:\\\/\\\/folhapopular.info\\\/index.php\\\/2022\\\/09\\\/21\\\/mais-de-500-pessoas-participaram-do-desfile-farroupilha-de-teutonia\\\/#breadcrumb\"},\"inLanguage\":\"pt-BR\",\"potentialAction\":[{\"@type\":\"ReadAction\",\"target\":[\"https:\\\/\\\/folhapopular.info\\\/index.php\\\/2022\\\/09\\\/21\\\/mais-de-500-pessoas-participaram-do-desfile-farroupilha-de-teutonia\\\/\"]}]},{\"@type\":\"ImageObject\",\"inLanguage\":\"pt-BR\",\"@id\":\"https:\\\/\\\/folhapopular.info\\\/index.php\\\/2022\\\/09\\\/21\\\/mais-de-500-pessoas-participaram-do-desfile-farroupilha-de-teutonia\\\/#primaryimage\",\"url\":\"https:\\\/\\\/folhapopular.info\\\/wp-content\\\/uploads\\\/2022\\\/09\\\/DSC0200-scaled-e1663780187306.jpg\",\"contentUrl\":\"https:\\\/\\\/folhapopular.info\\\/wp-content\\\/uploads\\\/2022\\\/09\\\/DSC0200-scaled-e1663780187306.jpg\",\"width\":1200,\"height\":797,\"caption\":\"Desfile reuniu mais de 250 cavaleiros \\\/ Cr\u00e9dito: Carla Beckmann\"},{\"@type\":\"BreadcrumbList\",\"@id\":\"https:\\\/\\\/folhapopular.info\\\/index.php\\\/2022\\\/09\\\/21\\\/mais-de-500-pessoas-participaram-do-desfile-farroupilha-de-teutonia\\\/#breadcrumb\",\"itemListElement\":[{\"@type\":\"ListItem\",\"position\":1,\"name\":\"In\u00edcio\",\"item\":\"https:\\\/\\\/folhapopular.info\\\/\"},{\"@type\":\"ListItem\",\"position\":2,\"name\":\"Mais de 500 pessoas participaram do Desfile Farroupilha de Teut\u00f4nia\"}]},{\"@type\":\"WebSite\",\"@id\":\"https:\\\/\\\/folhapopular.info\\\/#website\",\"url\":\"https:\\\/\\\/folhapopular.info\\\/\",\"name\":\"Folha Popular\",\"description\":\"Onde voc\u00ea tem vez e voz\",\"potentialAction\":[{\"@type\":\"SearchAction\",\"target\":{\"@type\":\"EntryPoint\",\"urlTemplate\":\"https:\\\/\\\/folhapopular.info\\\/?s={search_term_string}\"},\"query-input\":{\"@type\":\"PropertyValueSpecification\",\"valueRequired\":true,\"valueName\":\"search_term_string\"}}],\"inLanguage\":\"pt-BR\"},{\"@type\":\"Person\",\"@id\":\"https:\\\/\\\/folhapopular.info\\\/#\\\/schema\\\/person\\\/2814e8a0df7643585a9ca38bc6eb9d4b\",\"name\":\"Reda\u00e7\u00e3o Folha Popular\",\"image\":{\"@type\":\"ImageObject\",\"inLanguage\":\"pt-BR\",\"@id\":\"https:\\\/\\\/folhapopular.info\\\/wp-content\\\/uploads\\\/2026\\\/04\\\/Folha-1.webp\",\"url\":\"https:\\\/\\\/folhapopular.info\\\/wp-content\\\/uploads\\\/2026\\\/04\\\/Folha-1.webp\",\"contentUrl\":\"https:\\\/\\\/folhapopular.info\\\/wp-content\\\/uploads\\\/2026\\\/04\\\/Folha-1.webp\",\"caption\":\"Reda\u00e7\u00e3o Folha Popular\"},\"url\":\"https:\\\/\\\/folhapopular.info\\\/index.php\\\/author\\\/redacao\\\/\"}]}<\/script>\n<!-- \/ Yoast SEO plugin. -->","yoast_head_json":{"title":"Mais de 500 pessoas participaram do Desfile Farroupilha de Teut\u00f4nia - Folha Popular","robots":{"index":"index","follow":"follow","max-snippet":"max-snippet:-1","max-image-preview":"max-image-preview:large","max-video-preview":"max-video-preview:-1"},"canonical":"https:\/\/folhapopular.info\/index.php\/2022\/09\/21\/mais-de-500-pessoas-participaram-do-desfile-farroupilha-de-teutonia\/","og_locale":"pt_BR","og_type":"article","og_title":"Mais de 500 pessoas participaram do Desfile Farroupilha de Teut\u00f4nia - Folha Popular","og_description":"O Desfile Farroupilha, realizado nesta ter\u00e7a-feira, dia 20, reuniu aproximadamente 250 cavaleiros, 140 alunos de escolas municipais, membros das entidades tradicionalistas e religiosas de Teut\u00f4nia, al\u00e9m de cavaleiros visitantes de Westf\u00e1lia, Po\u00e7o das Antas, Paverama, Fazenda Vilanova e Lajeado. O desfile percorreu as ruas Arthur Pilz, Pedro Schneider, 25 de Julho, Evaldo Hilgemann, Fernando Ferrari, [&hellip;]","og_url":"https:\/\/folhapopular.info\/index.php\/2022\/09\/21\/mais-de-500-pessoas-participaram-do-desfile-farroupilha-de-teutonia\/","og_site_name":"Folha Popular","article_published_time":"2022-09-21T17:34:29+00:00","article_modified_time":"2022-09-21T17:34:33+00:00","og_image":[{"width":1200,"height":797,"url":"http:\/\/folhapopular.info\/wp-content\/uploads\/2022\/09\/DSC0200-scaled-e1663780187306.jpg","type":"image\/jpeg"}],"author":"Reda\u00e7\u00e3o Folha Popular","twitter_card":"summary_large_image","twitter_misc":{"Escrito por":"Reda\u00e7\u00e3o Folha Popular","Est. tempo de leitura":"3 minutos"},"schema":{"@context":"https:\/\/schema.org","@graph":[{"@type":"Article","@id":"https:\/\/folhapopular.info\/index.php\/2022\/09\/21\/mais-de-500-pessoas-participaram-do-desfile-farroupilha-de-teutonia\/#article","isPartOf":{"@id":"https:\/\/folhapopular.info\/index.php\/2022\/09\/21\/mais-de-500-pessoas-participaram-do-desfile-farroupilha-de-teutonia\/"},"author":{"name":"Reda\u00e7\u00e3o Folha Popular","@id":"https:\/\/folhapopular.info\/#\/schema\/person\/2814e8a0df7643585a9ca38bc6eb9d4b"},"headline":"Mais de 500 pessoas participaram do Desfile Farroupilha de Teut\u00f4nia","datePublished":"2022-09-21T17:34:29+00:00","dateModified":"2022-09-21T17:34:33+00:00","mainEntityOfPage":{"@id":"https:\/\/folhapopular.info\/index.php\/2022\/09\/21\/mais-de-500-pessoas-participaram-do-desfile-farroupilha-de-teutonia\/"},"wordCount":172,"commentCount":0,"image":{"@id":"https:\/\/folhapopular.info\/index.php\/2022\/09\/21\/mais-de-500-pessoas-participaram-do-desfile-farroupilha-de-teutonia\/#primaryimage"},"thumbnailUrl":"https:\/\/folhapopular.info\/wp-content\/uploads\/2022\/09\/DSC0200-scaled-e1663780187306.jpg","keywords":["20 de Setembro","desfile","Semana Farroupilha","Teut\u00f4nia"],"articleSection":["Destaques","Geral"],"inLanguage":"pt-BR","potentialAction":[{"@type":"CommentAction","name":"Comment","target":["https:\/\/folhapopular.info\/index.php\/2022\/09\/21\/mais-de-500-pessoas-participaram-do-desfile-farroupilha-de-teutonia\/#respond"]}]},{"@type":"WebPage","@id":"https:\/\/folhapopular.info\/index.php\/2022\/09\/21\/mais-de-500-pessoas-participaram-do-desfile-farroupilha-de-teutonia\/","url":"https:\/\/folhapopular.info\/index.php\/2022\/09\/21\/mais-de-500-pessoas-participaram-do-desfile-farroupilha-de-teutonia\/","name":"Mais de 500 pessoas participaram do Desfile Farroupilha de Teut\u00f4nia - Folha Popular","isPartOf":{"@id":"https:\/\/folhapopular.info\/#website"},"primaryImageOfPage":{"@id":"https:\/\/folhapopular.info\/index.php\/2022\/09\/21\/mais-de-500-pessoas-participaram-do-desfile-farroupilha-de-teutonia\/#primaryimage"},"image":{"@id":"https:\/\/folhapopular.info\/index.php\/2022\/09\/21\/mais-de-500-pessoas-participaram-do-desfile-farroupilha-de-teutonia\/#primaryimage"},"thumbnailUrl":"https:\/\/folhapopular.info\/wp-content\/uploads\/2022\/09\/DSC0200-scaled-e1663780187306.jpg","datePublished":"2022-09-21T17:34:29+00:00","dateModified":"2022-09-21T17:34:33+00:00","author":{"@id":"https:\/\/folhapopular.info\/#\/schema\/person\/2814e8a0df7643585a9ca38bc6eb9d4b"},"breadcrumb":{"@id":"https:\/\/folhapopular.info\/index.php\/2022\/09\/21\/mais-de-500-pessoas-participaram-do-desfile-farroupilha-de-teutonia\/#breadcrumb"},"inLanguage":"pt-BR","potentialAction":[{"@type":"ReadAction","target":["https:\/\/folhapopular.info\/index.php\/2022\/09\/21\/mais-de-500-pessoas-participaram-do-desfile-farroupilha-de-teutonia\/"]}]},{"@type":"ImageObject","inLanguage":"pt-BR","@id":"https:\/\/folhapopular.info\/index.php\/2022\/09\/21\/mais-de-500-pessoas-participaram-do-desfile-farroupilha-de-teutonia\/#primaryimage","url":"https:\/\/folhapopular.info\/wp-content\/uploads\/2022\/09\/DSC0200-scaled-e1663780187306.jpg","contentUrl":"https:\/\/folhapopular.info\/wp-content\/uploads\/2022\/09\/DSC0200-scaled-e1663780187306.jpg","width":1200,"height":797,"caption":"Desfile reuniu mais de 250 cavaleiros \/ Cr\u00e9dito: Carla Beckmann"},{"@type":"BreadcrumbList","@id":"https:\/\/folhapopular.info\/index.php\/2022\/09\/21\/mais-de-500-pessoas-participaram-do-desfile-farroupilha-de-teutonia\/#breadcrumb","itemListElement":[{"@type":"ListItem","position":1,"name":"In\u00edcio","item":"https:\/\/folhapopular.info\/"},{"@type":"ListItem","position":2,"name":"Mais de 500 pessoas participaram do Desfile Farroupilha de Teut\u00f4nia"}]},{"@type":"WebSite","@id":"https:\/\/folhapopular.info\/#website","url":"https:\/\/folhapopular.info\/","name":"Folha Popular","description":"Onde voc\u00ea tem vez e voz","potentialAction":[{"@type":"SearchAction","target":{"@type":"EntryPoint","urlTemplate":"https:\/\/folhapopular.info\/?s={search_term_string}"},"query-input":{"@type":"PropertyValueSpecification","valueRequired":true,"valueName":"search_term_string"}}],"inLanguage":"pt-BR"},{"@type":"Person","@id":"https:\/\/folhapopular.info\/#\/schema\/person\/2814e8a0df7643585a9ca38bc6eb9d4b","name":"Reda\u00e7\u00e3o Folha Popular","image":{"@type":"ImageObject","inLanguage":"pt-BR","@id":"https:\/\/folhapopular.info\/wp-content\/uploads\/2026\/04\/Folha-1.webp","url":"https:\/\/folhapopular.info\/wp-content\/uploads\/2026\/04\/Folha-1.webp","contentUrl":"https:\/\/folhapopular.info\/wp-content\/uploads\/2026\/04\/Folha-1.webp","caption":"Reda\u00e7\u00e3o Folha Popular"},"url":"https:\/\/folhapopular.info\/index.php\/author\/redacao\/"}]}},"jetpack_featured_media_url":"https:\/\/folhapopular.info\/wp-content\/uploads\/2022\/09\/DSC0200-scaled-e1663780187306.jpg","jetpack_sharing_enabled":true,"amp_enabled":true,"_links":{"self":[{"href":"https:\/\/folhapopular.info\/index.php\/wp-json\/wp\/v2\/posts\/113100","targetHints":{"allow":["GET"]}}],"collection":[{"href":"https:\/\/folhapopular.info\/index.php\/wp-json\/wp\/v2\/posts"}],"about":[{"href":"https:\/\/folhapopular.info\/index.php\/wp-json\/wp\/v2\/types\/post"}],"author":[{"embeddable":true,"href":"https:\/\/folhapopular.info\/index.php\/wp-json\/wp\/v2\/users\/8"}],"replies":[{"embeddable":true,"href":"https:\/\/folhapopular.info\/index.php\/wp-json\/wp\/v2\/comments?post=113100"}],"version-history":[{"count":0,"href":"https:\/\/folhapopular.info\/index.php\/wp-json\/wp\/v2\/posts\/113100\/revisions"}],"wp:featuredmedia":[{"embeddable":true,"href":"https:\/\/folhapopular.info\/index.php\/wp-json\/wp\/v2\/media\/113103"}],"wp:attachment":[{"href":"https:\/\/folhapopular.info\/index.php\/wp-json\/wp\/v2\/media?parent=113100"}],"wp:term":[{"taxonomy":"category","embeddable":true,"href":"https:\/\/folhapopular.info\/index.php\/wp-json\/wp\/v2\/categories?post=113100"},{"taxonomy":"post_tag","embeddable":true,"href":"https:\/\/folhapopular.info\/index.php\/wp-json\/wp\/v2\/tags?post=113100"}],"curies":[{"name":"wp","href":"https:\/\/api.w.org\/{rel}","templated":true}]}}