{"id":113118,"date":"2022-09-21T14:56:25","date_gmt":"2022-09-21T17:56:25","guid":{"rendered":"https:\/\/folhapopular.info\/?p=113118"},"modified":"2022-09-21T14:56:51","modified_gmt":"2022-09-21T17:56:51","slug":"cavalgada-de-poco-das-antas-e-domingo","status":"publish","type":"post","link":"https:\/\/folhapopular.info\/index.php\/2022\/09\/21\/cavalgada-de-poco-das-antas-e-domingo\/","title":{"rendered":"Cavalgada de Po\u00e7o das Antas \u00e9 no domingo"},"content":{"rendered":"\n<p>A Cavalgada de Po\u00e7o das Antas &#8211; 2\u00aa Edi\u00e7\u00e3o ser\u00e1 no domingo (25\/9), e marcar\u00e1 as comemora\u00e7\u00f5es em homenagem ao M\u00eas Farroupilha e as tradi\u00e7\u00f5es ga\u00fachas no munic\u00edpio. <\/p>\n\n\n\n<p>A compra de cart\u00f5es j\u00e1 est\u00e1 dispon\u00edvel junto aos organizadores. Para mais informa\u00e7\u00f5es sobre pernoite e janta de s\u00e1bado para domingo, contate a Secretaria da Educa\u00e7\u00e3o, Cultura, Desporto e Turismo pelo (51) 99265-9739 ou (51) 3773-1122. <\/p>\n\n\n\n<p>O valor da janta ser\u00e1 dividido entre os participantes. Toda a comunidade local e regional est\u00e1 convidada a participar ou prestigiar a passagem do grupo de suas casas.<\/p>\n\n\n\n<p><strong>Confira a programa\u00e7\u00e3o:<\/strong><\/p>\n\n\n\n<p>8h &#8211; Caf\u00e9 da manh\u00e3 na Comunidade M\u00e3e de Deus em Boa Vista;<\/p>\n\n\n\n<p>9h &#8211; Sa\u00edda da cavalgada com destino \u00e0 Pra\u00e7a Municipal para breve solenidade;<\/p>\n\n\n\n<p>Meio-dia &#8211; Almo\u00e7o no Gin\u00e1sio Municipal (R$ 25,00 por pessoa &#8211; Card\u00e1pio: salsich\u00e3o, frango, p\u00e3o e saladas). \u00c9 necess\u00e1rio providenciar a compra antecipadamente;<\/p>\n\n\n\n<p>\u00c0 tarde &#8211; Apresenta\u00e7\u00e3o do Grupo de Dan\u00e7as Ga\u00fachas de Po\u00e7o das Antas<\/p>\n","protected":false},"excerpt":{"rendered":"<p>A Cavalgada de Po\u00e7o das Antas &#8211; 2\u00aa Edi\u00e7\u00e3o ser\u00e1 no domingo (25\/9), e marcar\u00e1 as comemora\u00e7\u00f5es em homenagem ao M\u00eas Farroupilha e as tradi\u00e7\u00f5es ga\u00fachas no munic\u00edpio. A compra de cart\u00f5es j\u00e1 est\u00e1 dispon\u00edvel junto aos organizadores. Para mais informa\u00e7\u00f5es sobre pernoite e janta de s\u00e1bado para domingo, contate a Secretaria da Educa\u00e7\u00e3o, Cultura, [&hellip;]<\/p>\n","protected":false},"author":8,"featured_media":113119,"comment_status":"open","ping_status":"open","sticky":false,"template":"","format":"standard","meta":{"pmpro_default_level":"","_jetpack_memberships_contains_paid_content":false,"footnotes":""},"categories":[2,3],"tags":[],"class_list":{"0":"post-113118","1":"post","2":"type-post","3":"status-publish","4":"format-standard","5":"has-post-thumbnail","7":"category-featured","8":"category-geral","9":"pmpro-has-access"},"yoast_head":"<!-- This site is optimized with the Yoast SEO plugin v27.5 - https:\/\/yoast.com\/product\/yoast-seo-wordpress\/ -->\n<title>Cavalgada de Po\u00e7o das Antas \u00e9 no domingo - Folha Popular<\/title>\n<meta name=\"robots\" content=\"index, follow, max-snippet:-1, max-image-preview:large, max-video-preview:-1\" \/>\n<link rel=\"canonical\" href=\"https:\/\/folhapopular.info\/index.php\/2022\/09\/21\/cavalgada-de-poco-das-antas-e-domingo\/\" \/>\n<meta property=\"og:locale\" content=\"pt_BR\" \/>\n<meta property=\"og:type\" content=\"article\" \/>\n<meta property=\"og:title\" content=\"Cavalgada de Po\u00e7o das Antas \u00e9 no domingo - Folha Popular\" \/>\n<meta property=\"og:description\" content=\"A Cavalgada de Po\u00e7o das Antas &#8211; 2\u00aa Edi\u00e7\u00e3o ser\u00e1 no domingo (25\/9), e marcar\u00e1 as comemora\u00e7\u00f5es em homenagem ao M\u00eas Farroupilha e as tradi\u00e7\u00f5es ga\u00fachas no munic\u00edpio. A compra de cart\u00f5es j\u00e1 est\u00e1 dispon\u00edvel junto aos organizadores. Para mais informa\u00e7\u00f5es sobre pernoite e janta de s\u00e1bado para domingo, contate a Secretaria da Educa\u00e7\u00e3o, Cultura, [&hellip;]\" \/>\n<meta property=\"og:url\" content=\"https:\/\/folhapopular.info\/index.php\/2022\/09\/21\/cavalgada-de-poco-das-antas-e-domingo\/\" \/>\n<meta property=\"og:site_name\" content=\"Folha Popular\" \/>\n<meta property=\"article:published_time\" content=\"2022-09-21T17:56:25+00:00\" \/>\n<meta property=\"article:modified_time\" content=\"2022-09-21T17:56:51+00:00\" \/>\n<meta property=\"og:image\" content=\"http:\/\/folhapopular.info\/wp-content\/uploads\/2022\/09\/1-Cavalgada-de-Poco-das-Antas-e-domingo-scaled-e1663782966279.jpg\" \/>\n\t<meta property=\"og:image:width\" content=\"1200\" \/>\n\t<meta property=\"og:image:height\" content=\"800\" \/>\n\t<meta property=\"og:image:type\" content=\"image\/jpeg\" \/>\n<meta name=\"author\" content=\"Reda\u00e7\u00e3o Folha Popular\" \/>\n<meta name=\"twitter:card\" content=\"summary_large_image\" \/>\n<meta name=\"twitter:label1\" content=\"Escrito por\" \/>\n\t<meta name=\"twitter:data1\" content=\"Reda\u00e7\u00e3o Folha Popular\" \/>\n\t<meta name=\"twitter:label2\" content=\"Est. tempo de leitura\" \/>\n\t<meta name=\"twitter:data2\" content=\"1 minuto\" \/>\n<script type=\"application\/ld+json\" class=\"yoast-schema-graph\">{\"@context\":\"https:\\\/\\\/schema.org\",\"@graph\":[{\"@type\":\"Article\",\"@id\":\"https:\\\/\\\/folhapopular.info\\\/index.php\\\/2022\\\/09\\\/21\\\/cavalgada-de-poco-das-antas-e-domingo\\\/#article\",\"isPartOf\":{\"@id\":\"https:\\\/\\\/folhapopular.info\\\/index.php\\\/2022\\\/09\\\/21\\\/cavalgada-de-poco-das-antas-e-domingo\\\/\"},\"author\":{\"name\":\"Reda\u00e7\u00e3o Folha Popular\",\"@id\":\"https:\\\/\\\/folhapopular.info\\\/#\\\/schema\\\/person\\\/2814e8a0df7643585a9ca38bc6eb9d4b\"},\"headline\":\"Cavalgada de Po\u00e7o das Antas \u00e9 no domingo\",\"datePublished\":\"2022-09-21T17:56:25+00:00\",\"dateModified\":\"2022-09-21T17:56:51+00:00\",\"mainEntityOfPage\":{\"@id\":\"https:\\\/\\\/folhapopular.info\\\/index.php\\\/2022\\\/09\\\/21\\\/cavalgada-de-poco-das-antas-e-domingo\\\/\"},\"wordCount\":183,\"commentCount\":0,\"image\":{\"@id\":\"https:\\\/\\\/folhapopular.info\\\/index.php\\\/2022\\\/09\\\/21\\\/cavalgada-de-poco-das-antas-e-domingo\\\/#primaryimage\"},\"thumbnailUrl\":\"https:\\\/\\\/folhapopular.info\\\/wp-content\\\/uploads\\\/2022\\\/09\\\/1-Cavalgada-de-Poco-das-Antas-e-domingo-scaled-e1663782966279.jpg\",\"articleSection\":[\"Destaques\",\"Geral\"],\"inLanguage\":\"pt-BR\",\"potentialAction\":[{\"@type\":\"CommentAction\",\"name\":\"Comment\",\"target\":[\"https:\\\/\\\/folhapopular.info\\\/index.php\\\/2022\\\/09\\\/21\\\/cavalgada-de-poco-das-antas-e-domingo\\\/#respond\"]}]},{\"@type\":\"WebPage\",\"@id\":\"https:\\\/\\\/folhapopular.info\\\/index.php\\\/2022\\\/09\\\/21\\\/cavalgada-de-poco-das-antas-e-domingo\\\/\",\"url\":\"https:\\\/\\\/folhapopular.info\\\/index.php\\\/2022\\\/09\\\/21\\\/cavalgada-de-poco-das-antas-e-domingo\\\/\",\"name\":\"Cavalgada de Po\u00e7o das Antas \u00e9 no domingo - Folha Popular\",\"isPartOf\":{\"@id\":\"https:\\\/\\\/folhapopular.info\\\/#website\"},\"primaryImageOfPage\":{\"@id\":\"https:\\\/\\\/folhapopular.info\\\/index.php\\\/2022\\\/09\\\/21\\\/cavalgada-de-poco-das-antas-e-domingo\\\/#primaryimage\"},\"image\":{\"@id\":\"https:\\\/\\\/folhapopular.info\\\/index.php\\\/2022\\\/09\\\/21\\\/cavalgada-de-poco-das-antas-e-domingo\\\/#primaryimage\"},\"thumbnailUrl\":\"https:\\\/\\\/folhapopular.info\\\/wp-content\\\/uploads\\\/2022\\\/09\\\/1-Cavalgada-de-Poco-das-Antas-e-domingo-scaled-e1663782966279.jpg\",\"datePublished\":\"2022-09-21T17:56:25+00:00\",\"dateModified\":\"2022-09-21T17:56:51+00:00\",\"author\":{\"@id\":\"https:\\\/\\\/folhapopular.info\\\/#\\\/schema\\\/person\\\/2814e8a0df7643585a9ca38bc6eb9d4b\"},\"breadcrumb\":{\"@id\":\"https:\\\/\\\/folhapopular.info\\\/index.php\\\/2022\\\/09\\\/21\\\/cavalgada-de-poco-das-antas-e-domingo\\\/#breadcrumb\"},\"inLanguage\":\"pt-BR\",\"potentialAction\":[{\"@type\":\"ReadAction\",\"target\":[\"https:\\\/\\\/folhapopular.info\\\/index.php\\\/2022\\\/09\\\/21\\\/cavalgada-de-poco-das-antas-e-domingo\\\/\"]}]},{\"@type\":\"ImageObject\",\"inLanguage\":\"pt-BR\",\"@id\":\"https:\\\/\\\/folhapopular.info\\\/index.php\\\/2022\\\/09\\\/21\\\/cavalgada-de-poco-das-antas-e-domingo\\\/#primaryimage\",\"url\":\"https:\\\/\\\/folhapopular.info\\\/wp-content\\\/uploads\\\/2022\\\/09\\\/1-Cavalgada-de-Poco-das-Antas-e-domingo-scaled-e1663782966279.jpg\",\"contentUrl\":\"https:\\\/\\\/folhapopular.info\\\/wp-content\\\/uploads\\\/2022\\\/09\\\/1-Cavalgada-de-Poco-das-Antas-e-domingo-scaled-e1663782966279.jpg\",\"width\":1200,\"height\":800,\"caption\":\"Comunidade est\u00e1 convidada a prestigiar a segunda edi\u00e7\u00e3o da programa\u00e7\u00e3o\"},{\"@type\":\"BreadcrumbList\",\"@id\":\"https:\\\/\\\/folhapopular.info\\\/index.php\\\/2022\\\/09\\\/21\\\/cavalgada-de-poco-das-antas-e-domingo\\\/#breadcrumb\",\"itemListElement\":[{\"@type\":\"ListItem\",\"position\":1,\"name\":\"In\u00edcio\",\"item\":\"https:\\\/\\\/folhapopular.info\\\/\"},{\"@type\":\"ListItem\",\"position\":2,\"name\":\"Cavalgada de Po\u00e7o das Antas \u00e9 no domingo\"}]},{\"@type\":\"WebSite\",\"@id\":\"https:\\\/\\\/folhapopular.info\\\/#website\",\"url\":\"https:\\\/\\\/folhapopular.info\\\/\",\"name\":\"Folha Popular\",\"description\":\"Onde voc\u00ea tem vez e voz\",\"potentialAction\":[{\"@type\":\"SearchAction\",\"target\":{\"@type\":\"EntryPoint\",\"urlTemplate\":\"https:\\\/\\\/folhapopular.info\\\/?s={search_term_string}\"},\"query-input\":{\"@type\":\"PropertyValueSpecification\",\"valueRequired\":true,\"valueName\":\"search_term_string\"}}],\"inLanguage\":\"pt-BR\"},{\"@type\":\"Person\",\"@id\":\"https:\\\/\\\/folhapopular.info\\\/#\\\/schema\\\/person\\\/2814e8a0df7643585a9ca38bc6eb9d4b\",\"name\":\"Reda\u00e7\u00e3o Folha Popular\",\"image\":{\"@type\":\"ImageObject\",\"inLanguage\":\"pt-BR\",\"@id\":\"https:\\\/\\\/folhapopular.info\\\/wp-content\\\/uploads\\\/2026\\\/04\\\/Folha-1.webp\",\"url\":\"https:\\\/\\\/folhapopular.info\\\/wp-content\\\/uploads\\\/2026\\\/04\\\/Folha-1.webp\",\"contentUrl\":\"https:\\\/\\\/folhapopular.info\\\/wp-content\\\/uploads\\\/2026\\\/04\\\/Folha-1.webp\",\"caption\":\"Reda\u00e7\u00e3o Folha Popular\"},\"url\":\"https:\\\/\\\/folhapopular.info\\\/index.php\\\/author\\\/redacao\\\/\"}]}<\/script>\n<!-- \/ Yoast SEO plugin. -->","yoast_head_json":{"title":"Cavalgada de Po\u00e7o das Antas \u00e9 no domingo - Folha Popular","robots":{"index":"index","follow":"follow","max-snippet":"max-snippet:-1","max-image-preview":"max-image-preview:large","max-video-preview":"max-video-preview:-1"},"canonical":"https:\/\/folhapopular.info\/index.php\/2022\/09\/21\/cavalgada-de-poco-das-antas-e-domingo\/","og_locale":"pt_BR","og_type":"article","og_title":"Cavalgada de Po\u00e7o das Antas \u00e9 no domingo - Folha Popular","og_description":"A Cavalgada de Po\u00e7o das Antas &#8211; 2\u00aa Edi\u00e7\u00e3o ser\u00e1 no domingo (25\/9), e marcar\u00e1 as comemora\u00e7\u00f5es em homenagem ao M\u00eas Farroupilha e as tradi\u00e7\u00f5es ga\u00fachas no munic\u00edpio. A compra de cart\u00f5es j\u00e1 est\u00e1 dispon\u00edvel junto aos organizadores. Para mais informa\u00e7\u00f5es sobre pernoite e janta de s\u00e1bado para domingo, contate a Secretaria da Educa\u00e7\u00e3o, Cultura, [&hellip;]","og_url":"https:\/\/folhapopular.info\/index.php\/2022\/09\/21\/cavalgada-de-poco-das-antas-e-domingo\/","og_site_name":"Folha Popular","article_published_time":"2022-09-21T17:56:25+00:00","article_modified_time":"2022-09-21T17:56:51+00:00","og_image":[{"width":1200,"height":800,"url":"http:\/\/folhapopular.info\/wp-content\/uploads\/2022\/09\/1-Cavalgada-de-Poco-das-Antas-e-domingo-scaled-e1663782966279.jpg","type":"image\/jpeg"}],"author":"Reda\u00e7\u00e3o Folha Popular","twitter_card":"summary_large_image","twitter_misc":{"Escrito por":"Reda\u00e7\u00e3o Folha Popular","Est. tempo de leitura":"1 minuto"},"schema":{"@context":"https:\/\/schema.org","@graph":[{"@type":"Article","@id":"https:\/\/folhapopular.info\/index.php\/2022\/09\/21\/cavalgada-de-poco-das-antas-e-domingo\/#article","isPartOf":{"@id":"https:\/\/folhapopular.info\/index.php\/2022\/09\/21\/cavalgada-de-poco-das-antas-e-domingo\/"},"author":{"name":"Reda\u00e7\u00e3o Folha Popular","@id":"https:\/\/folhapopular.info\/#\/schema\/person\/2814e8a0df7643585a9ca38bc6eb9d4b"},"headline":"Cavalgada de Po\u00e7o das Antas \u00e9 no domingo","datePublished":"2022-09-21T17:56:25+00:00","dateModified":"2022-09-21T17:56:51+00:00","mainEntityOfPage":{"@id":"https:\/\/folhapopular.info\/index.php\/2022\/09\/21\/cavalgada-de-poco-das-antas-e-domingo\/"},"wordCount":183,"commentCount":0,"image":{"@id":"https:\/\/folhapopular.info\/index.php\/2022\/09\/21\/cavalgada-de-poco-das-antas-e-domingo\/#primaryimage"},"thumbnailUrl":"https:\/\/folhapopular.info\/wp-content\/uploads\/2022\/09\/1-Cavalgada-de-Poco-das-Antas-e-domingo-scaled-e1663782966279.jpg","articleSection":["Destaques","Geral"],"inLanguage":"pt-BR","potentialAction":[{"@type":"CommentAction","name":"Comment","target":["https:\/\/folhapopular.info\/index.php\/2022\/09\/21\/cavalgada-de-poco-das-antas-e-domingo\/#respond"]}]},{"@type":"WebPage","@id":"https:\/\/folhapopular.info\/index.php\/2022\/09\/21\/cavalgada-de-poco-das-antas-e-domingo\/","url":"https:\/\/folhapopular.info\/index.php\/2022\/09\/21\/cavalgada-de-poco-das-antas-e-domingo\/","name":"Cavalgada de Po\u00e7o das Antas \u00e9 no domingo - Folha Popular","isPartOf":{"@id":"https:\/\/folhapopular.info\/#website"},"primaryImageOfPage":{"@id":"https:\/\/folhapopular.info\/index.php\/2022\/09\/21\/cavalgada-de-poco-das-antas-e-domingo\/#primaryimage"},"image":{"@id":"https:\/\/folhapopular.info\/index.php\/2022\/09\/21\/cavalgada-de-poco-das-antas-e-domingo\/#primaryimage"},"thumbnailUrl":"https:\/\/folhapopular.info\/wp-content\/uploads\/2022\/09\/1-Cavalgada-de-Poco-das-Antas-e-domingo-scaled-e1663782966279.jpg","datePublished":"2022-09-21T17:56:25+00:00","dateModified":"2022-09-21T17:56:51+00:00","author":{"@id":"https:\/\/folhapopular.info\/#\/schema\/person\/2814e8a0df7643585a9ca38bc6eb9d4b"},"breadcrumb":{"@id":"https:\/\/folhapopular.info\/index.php\/2022\/09\/21\/cavalgada-de-poco-das-antas-e-domingo\/#breadcrumb"},"inLanguage":"pt-BR","potentialAction":[{"@type":"ReadAction","target":["https:\/\/folhapopular.info\/index.php\/2022\/09\/21\/cavalgada-de-poco-das-antas-e-domingo\/"]}]},{"@type":"ImageObject","inLanguage":"pt-BR","@id":"https:\/\/folhapopular.info\/index.php\/2022\/09\/21\/cavalgada-de-poco-das-antas-e-domingo\/#primaryimage","url":"https:\/\/folhapopular.info\/wp-content\/uploads\/2022\/09\/1-Cavalgada-de-Poco-das-Antas-e-domingo-scaled-e1663782966279.jpg","contentUrl":"https:\/\/folhapopular.info\/wp-content\/uploads\/2022\/09\/1-Cavalgada-de-Poco-das-Antas-e-domingo-scaled-e1663782966279.jpg","width":1200,"height":800,"caption":"Comunidade est\u00e1 convidada a prestigiar a segunda edi\u00e7\u00e3o da programa\u00e7\u00e3o"},{"@type":"BreadcrumbList","@id":"https:\/\/folhapopular.info\/index.php\/2022\/09\/21\/cavalgada-de-poco-das-antas-e-domingo\/#breadcrumb","itemListElement":[{"@type":"ListItem","position":1,"name":"In\u00edcio","item":"https:\/\/folhapopular.info\/"},{"@type":"ListItem","position":2,"name":"Cavalgada de Po\u00e7o das Antas \u00e9 no domingo"}]},{"@type":"WebSite","@id":"https:\/\/folhapopular.info\/#website","url":"https:\/\/folhapopular.info\/","name":"Folha Popular","description":"Onde voc\u00ea tem vez e voz","potentialAction":[{"@type":"SearchAction","target":{"@type":"EntryPoint","urlTemplate":"https:\/\/folhapopular.info\/?s={search_term_string}"},"query-input":{"@type":"PropertyValueSpecification","valueRequired":true,"valueName":"search_term_string"}}],"inLanguage":"pt-BR"},{"@type":"Person","@id":"https:\/\/folhapopular.info\/#\/schema\/person\/2814e8a0df7643585a9ca38bc6eb9d4b","name":"Reda\u00e7\u00e3o Folha Popular","image":{"@type":"ImageObject","inLanguage":"pt-BR","@id":"https:\/\/folhapopular.info\/wp-content\/uploads\/2026\/04\/Folha-1.webp","url":"https:\/\/folhapopular.info\/wp-content\/uploads\/2026\/04\/Folha-1.webp","contentUrl":"https:\/\/folhapopular.info\/wp-content\/uploads\/2026\/04\/Folha-1.webp","caption":"Reda\u00e7\u00e3o Folha Popular"},"url":"https:\/\/folhapopular.info\/index.php\/author\/redacao\/"}]}},"jetpack_featured_media_url":"https:\/\/folhapopular.info\/wp-content\/uploads\/2022\/09\/1-Cavalgada-de-Poco-das-Antas-e-domingo-scaled-e1663782966279.jpg","jetpack_sharing_enabled":true,"amp_enabled":true,"_links":{"self":[{"href":"https:\/\/folhapopular.info\/index.php\/wp-json\/wp\/v2\/posts\/113118","targetHints":{"allow":["GET"]}}],"collection":[{"href":"https:\/\/folhapopular.info\/index.php\/wp-json\/wp\/v2\/posts"}],"about":[{"href":"https:\/\/folhapopular.info\/index.php\/wp-json\/wp\/v2\/types\/post"}],"author":[{"embeddable":true,"href":"https:\/\/folhapopular.info\/index.php\/wp-json\/wp\/v2\/users\/8"}],"replies":[{"embeddable":true,"href":"https:\/\/folhapopular.info\/index.php\/wp-json\/wp\/v2\/comments?post=113118"}],"version-history":[{"count":0,"href":"https:\/\/folhapopular.info\/index.php\/wp-json\/wp\/v2\/posts\/113118\/revisions"}],"wp:featuredmedia":[{"embeddable":true,"href":"https:\/\/folhapopular.info\/index.php\/wp-json\/wp\/v2\/media\/113119"}],"wp:attachment":[{"href":"https:\/\/folhapopular.info\/index.php\/wp-json\/wp\/v2\/media?parent=113118"}],"wp:term":[{"taxonomy":"category","embeddable":true,"href":"https:\/\/folhapopular.info\/index.php\/wp-json\/wp\/v2\/categories?post=113118"},{"taxonomy":"post_tag","embeddable":true,"href":"https:\/\/folhapopular.info\/index.php\/wp-json\/wp\/v2\/tags?post=113118"}],"curies":[{"name":"wp","href":"https:\/\/api.w.org\/{rel}","templated":true}]}}