{"id":113129,"date":"2022-09-21T17:07:35","date_gmt":"2022-09-21T20:07:35","guid":{"rendered":"https:\/\/folhapopular.info\/?p=113129"},"modified":"2022-09-21T17:08:33","modified_gmt":"2022-09-21T20:08:33","slug":"lajeado-realiza-3o-encontro-da-agrobiodiversidade-dos-vales","status":"publish","type":"post","link":"https:\/\/folhapopular.info\/index.php\/2022\/09\/21\/lajeado-realiza-3o-encontro-da-agrobiodiversidade-dos-vales\/","title":{"rendered":"Lajeado realiza 3\u00ba Encontro da Agrobiodiversidade dos Vales"},"content":{"rendered":"\n<p>A 3\u00aa edi\u00e7\u00e3o do Encontro da Agrobiodiversidade dos Vales quer reunir estudantes, professores, agricultores, extensionistas rurais, lideran\u00e7as, representantes de entidades e comunidade em geral no pr\u00f3ximo dia 7 de outubro, a partir das 8h30 na Univates em Lajeado.&nbsp;<\/p>\n\n\n\n<p>No encontro, a promo\u00e7\u00e3o de debates sobre a agrobiodiversidade como ferramenta para a produ\u00e7\u00e3o de soberania e seguran\u00e7a alimentar e nutricional, mantendo ativa a rede de entidades voltadas para a Agroecologia dos Vales. <\/p>\n\n\n\n<p>A atividade \u00e9 promovida pela Emater\/RS-Ascar, Univates e Articula\u00e7\u00e3o em Agroecologia do Vale do Taquari (AAVT) visando a troca de experi\u00eancias entre atores sociais envolvidos com a perspectiva de produ\u00e7\u00e3o e consumo de alimentos e diagn\u00f3stico de desafios e potencialidades nos sistemas produtivos em constru\u00e7\u00e3o nos Vales.<\/p>\n\n\n\n<p>As oficinas discutem saberes e pr\u00e1ticas dos povos ind\u00edgenas, inclus\u00e3o de plantas aliment\u00edcias n\u00e3o convencionais no dia a dia, flores na alimenta\u00e7\u00e3o, benef\u00edcios e aplicabilidade da compostagem, contribui\u00e7\u00e3o das plantas condimentares para a sa\u00fade, potencialidades na produ\u00e7\u00e3o de bioinsumos, frutas nativas na culin\u00e1ria e plantas nativas no paisagismo. <\/p>\n\n\n\n<p>Na ocasi\u00e3o tamb\u00e9m haver\u00e1 troca-troca de mudas e sementes crioulas e lanche comunit\u00e1rio.&nbsp;<\/p>\n\n\n\n<p>Autores que inscreveram resumos cient\u00edficos e relatos de experi\u00eancias dever\u00e3o ser informados do aceite at\u00e9 a pr\u00f3xima segunda-feira (26\/9). A apresenta\u00e7\u00e3o dos p\u00f4steres ser\u00e1 no dia do evento, a partir das 16h30 no hall do Pr\u00e9dio 11 da Univates. <\/p>\n\n\n\n<p>As inscri\u00e7\u00f5es podem ser feitas atrav\u00e9s do <a href=\"https:\/\/www.univates.br\/sistemas\/inscricoes\/processo-6184\">site da universidade<\/a> ao custo de R$ 10. <\/p>\n\n\n\n<p><strong>Confira o cronograma: <\/strong><\/p>\n\n\n\n<ul class=\"wp-block-list\"><li>9h \u00e0s 10h30 <\/li><\/ul>\n\n\n\n<p>Recep\u00e7\u00e3o e Palestra: Seguran\u00e7a Alimentar e Nutricional no Brasil<\/p>\n\n\n\n<ul class=\"wp-block-list\"><li>11h \u00e0s 12h30<\/li><\/ul>\n\n\n\n<p>Mesa Redonda: Desafios da produ\u00e7\u00e3o segura de alimentos<\/p>\n\n\n\n<ul class=\"wp-block-list\"><li>13h30 \u00e0s 14h30<\/li><\/ul>\n\n\n\n<p>Oficina 1 &#8211; Povos Ind\u00edgenas e Meio Ambiente: saberes e pr\u00e1ticas que contribuem para agrosociodiversidade no sul do Brasil<\/p>\n\n\n\n<p>Oficina 2 &#8211; Incluindo as Plantas aliment\u00edcias n\u00e3o convencionais (PANC) no dia a dia<\/p>\n\n\n\n<p>Oficina 3 &#8211; Flores na alimenta\u00e7\u00e3o<\/p>\n\n\n\n<p>Oficina 4 &#8211; Compostagem: benef\u00edcios e aplicabilidade<\/p>\n\n\n\n<p>Oficina 5 &#8211; Plantas Condimentares: contribuindo para a Sa\u00fade<\/p>\n\n\n\n<p>Oficina 6 &#8211; Bioinsumos: potencialidades da produ\u00e7\u00e3o on farm (ou na propriedade)<\/p>\n\n\n\n<p>Oficina 7 &#8211; Potencialidades das frutas nativas: O buti\u00e1 na culin\u00e1ria do dia-a-dia<\/p>\n\n\n\n<p>Oficina 8 &#8211; Plantas Nativas no Paisagismo<\/p>\n\n\n\n<ul class=\"wp-block-list\"><li>14h40 \u00e0s 16h30<\/li><\/ul>\n\n\n\n<p>Relatos: Experi\u00eancias inspiradoras<\/p>\n\n\n\n<ul class=\"wp-block-list\"><li>16h30 \u00e0s 18h30<\/li><\/ul>\n\n\n\n<p>Encerramento: Apresenta\u00e7\u00e3o dos p\u00f4steres, troca-troca de sementes, lanche comunit\u00e1rio<\/p>\n\n\n\n<p><\/p>\n","protected":false},"excerpt":{"rendered":"<p>A 3\u00aa edi\u00e7\u00e3o do Encontro da Agrobiodiversidade dos Vales quer reunir estudantes, professores, agricultores, extensionistas rurais, lideran\u00e7as, representantes de entidades e comunidade em geral no pr\u00f3ximo dia 7 de outubro, a partir das 8h30 na Univates em Lajeado.&nbsp; No encontro, a promo\u00e7\u00e3o de debates sobre a agrobiodiversidade como ferramenta para a produ\u00e7\u00e3o de soberania e [&hellip;]<\/p>\n","protected":false},"author":8,"featured_media":113140,"comment_status":"open","ping_status":"open","sticky":false,"template":"","format":"standard","meta":{"pmpro_default_level":"","_jetpack_memberships_contains_paid_content":false,"footnotes":""},"categories":[2,3],"tags":[2397,173,156],"class_list":{"0":"post-113129","1":"post","2":"type-post","3":"status-publish","4":"format-standard","5":"has-post-thumbnail","7":"category-featured","8":"category-geral","9":"tag-agroecologia","10":"tag-emater","11":"tag-vale-do-taquari","12":"pmpro-has-access"},"yoast_head":"<!-- This site is optimized with the Yoast SEO plugin v27.5 - https:\/\/yoast.com\/product\/yoast-seo-wordpress\/ -->\n<title>Lajeado realiza 3\u00ba Encontro da Agrobiodiversidade dos Vales - Folha Popular<\/title>\n<meta name=\"description\" content=\"As inscri\u00e7\u00f5es podem ser feitas atrav\u00e9s do site da Universidade do Vale do Taquari - UNIVATES ao custo de R$ 10.\" \/>\n<meta name=\"robots\" content=\"index, follow, max-snippet:-1, max-image-preview:large, max-video-preview:-1\" \/>\n<link rel=\"canonical\" href=\"https:\/\/folhapopular.info\/index.php\/2022\/09\/21\/lajeado-realiza-3o-encontro-da-agrobiodiversidade-dos-vales\/\" \/>\n<meta property=\"og:locale\" content=\"pt_BR\" \/>\n<meta property=\"og:type\" content=\"article\" \/>\n<meta property=\"og:title\" content=\"Lajeado realiza 3\u00ba Encontro da Agrobiodiversidade dos Vales - Folha Popular\" \/>\n<meta property=\"og:description\" content=\"As inscri\u00e7\u00f5es podem ser feitas atrav\u00e9s do site da Universidade do Vale do Taquari - UNIVATES ao custo de R$ 10.\" \/>\n<meta property=\"og:url\" content=\"https:\/\/folhapopular.info\/index.php\/2022\/09\/21\/lajeado-realiza-3o-encontro-da-agrobiodiversidade-dos-vales\/\" \/>\n<meta property=\"og:site_name\" content=\"Folha Popular\" \/>\n<meta property=\"article:published_time\" content=\"2022-09-21T20:07:35+00:00\" \/>\n<meta property=\"article:modified_time\" content=\"2022-09-21T20:08:33+00:00\" \/>\n<meta property=\"og:image\" content=\"http:\/\/folhapopular.info\/wp-content\/uploads\/2022\/09\/encontro_agrobiodiversidade_vales_lajeado-1-scaled.jpg\" \/>\n\t<meta property=\"og:image:width\" content=\"2560\" \/>\n\t<meta property=\"og:image:height\" content=\"1695\" \/>\n\t<meta property=\"og:image:type\" content=\"image\/jpeg\" \/>\n<meta name=\"author\" content=\"Reda\u00e7\u00e3o Folha Popular\" \/>\n<meta name=\"twitter:card\" content=\"summary_large_image\" \/>\n<meta name=\"twitter:label1\" content=\"Escrito por\" \/>\n\t<meta name=\"twitter:data1\" content=\"Reda\u00e7\u00e3o Folha Popular\" \/>\n\t<meta name=\"twitter:label2\" content=\"Est. tempo de leitura\" \/>\n\t<meta name=\"twitter:data2\" content=\"2 minutos\" \/>\n<script type=\"application\/ld+json\" class=\"yoast-schema-graph\">{\"@context\":\"https:\\\/\\\/schema.org\",\"@graph\":[{\"@type\":\"Article\",\"@id\":\"https:\\\/\\\/folhapopular.info\\\/index.php\\\/2022\\\/09\\\/21\\\/lajeado-realiza-3o-encontro-da-agrobiodiversidade-dos-vales\\\/#article\",\"isPartOf\":{\"@id\":\"https:\\\/\\\/folhapopular.info\\\/index.php\\\/2022\\\/09\\\/21\\\/lajeado-realiza-3o-encontro-da-agrobiodiversidade-dos-vales\\\/\"},\"author\":{\"name\":\"Reda\u00e7\u00e3o Folha Popular\",\"@id\":\"https:\\\/\\\/folhapopular.info\\\/#\\\/schema\\\/person\\\/2814e8a0df7643585a9ca38bc6eb9d4b\"},\"headline\":\"Lajeado realiza 3\u00ba Encontro da Agrobiodiversidade dos Vales\",\"datePublished\":\"2022-09-21T20:07:35+00:00\",\"dateModified\":\"2022-09-21T20:08:33+00:00\",\"mainEntityOfPage\":{\"@id\":\"https:\\\/\\\/folhapopular.info\\\/index.php\\\/2022\\\/09\\\/21\\\/lajeado-realiza-3o-encontro-da-agrobiodiversidade-dos-vales\\\/\"},\"wordCount\":413,\"commentCount\":0,\"image\":{\"@id\":\"https:\\\/\\\/folhapopular.info\\\/index.php\\\/2022\\\/09\\\/21\\\/lajeado-realiza-3o-encontro-da-agrobiodiversidade-dos-vales\\\/#primaryimage\"},\"thumbnailUrl\":\"https:\\\/\\\/folhapopular.info\\\/wp-content\\\/uploads\\\/2022\\\/09\\\/encontro_agrobiodiversidade_vales_lajeado-1-scaled.jpg\",\"keywords\":[\"Agroecologia\",\"Emater\",\"Vale do Taquari\"],\"articleSection\":[\"Destaques\",\"Geral\"],\"inLanguage\":\"pt-BR\",\"potentialAction\":[{\"@type\":\"CommentAction\",\"name\":\"Comment\",\"target\":[\"https:\\\/\\\/folhapopular.info\\\/index.php\\\/2022\\\/09\\\/21\\\/lajeado-realiza-3o-encontro-da-agrobiodiversidade-dos-vales\\\/#respond\"]}]},{\"@type\":\"WebPage\",\"@id\":\"https:\\\/\\\/folhapopular.info\\\/index.php\\\/2022\\\/09\\\/21\\\/lajeado-realiza-3o-encontro-da-agrobiodiversidade-dos-vales\\\/\",\"url\":\"https:\\\/\\\/folhapopular.info\\\/index.php\\\/2022\\\/09\\\/21\\\/lajeado-realiza-3o-encontro-da-agrobiodiversidade-dos-vales\\\/\",\"name\":\"Lajeado realiza 3\u00ba Encontro da Agrobiodiversidade dos Vales - Folha Popular\",\"isPartOf\":{\"@id\":\"https:\\\/\\\/folhapopular.info\\\/#website\"},\"primaryImageOfPage\":{\"@id\":\"https:\\\/\\\/folhapopular.info\\\/index.php\\\/2022\\\/09\\\/21\\\/lajeado-realiza-3o-encontro-da-agrobiodiversidade-dos-vales\\\/#primaryimage\"},\"image\":{\"@id\":\"https:\\\/\\\/folhapopular.info\\\/index.php\\\/2022\\\/09\\\/21\\\/lajeado-realiza-3o-encontro-da-agrobiodiversidade-dos-vales\\\/#primaryimage\"},\"thumbnailUrl\":\"https:\\\/\\\/folhapopular.info\\\/wp-content\\\/uploads\\\/2022\\\/09\\\/encontro_agrobiodiversidade_vales_lajeado-1-scaled.jpg\",\"datePublished\":\"2022-09-21T20:07:35+00:00\",\"dateModified\":\"2022-09-21T20:08:33+00:00\",\"author\":{\"@id\":\"https:\\\/\\\/folhapopular.info\\\/#\\\/schema\\\/person\\\/2814e8a0df7643585a9ca38bc6eb9d4b\"},\"description\":\"As inscri\u00e7\u00f5es podem ser feitas atrav\u00e9s do site da Universidade do Vale do Taquari - UNIVATES ao custo de R$ 10.\",\"breadcrumb\":{\"@id\":\"https:\\\/\\\/folhapopular.info\\\/index.php\\\/2022\\\/09\\\/21\\\/lajeado-realiza-3o-encontro-da-agrobiodiversidade-dos-vales\\\/#breadcrumb\"},\"inLanguage\":\"pt-BR\",\"potentialAction\":[{\"@type\":\"ReadAction\",\"target\":[\"https:\\\/\\\/folhapopular.info\\\/index.php\\\/2022\\\/09\\\/21\\\/lajeado-realiza-3o-encontro-da-agrobiodiversidade-dos-vales\\\/\"]}]},{\"@type\":\"ImageObject\",\"inLanguage\":\"pt-BR\",\"@id\":\"https:\\\/\\\/folhapopular.info\\\/index.php\\\/2022\\\/09\\\/21\\\/lajeado-realiza-3o-encontro-da-agrobiodiversidade-dos-vales\\\/#primaryimage\",\"url\":\"https:\\\/\\\/folhapopular.info\\\/wp-content\\\/uploads\\\/2022\\\/09\\\/encontro_agrobiodiversidade_vales_lajeado-1-scaled.jpg\",\"contentUrl\":\"https:\\\/\\\/folhapopular.info\\\/wp-content\\\/uploads\\\/2022\\\/09\\\/encontro_agrobiodiversidade_vales_lajeado-1-scaled.jpg\",\"width\":2560,\"height\":1695,\"caption\":\"Atividade ocorre em outubro na Univates. Cr\u00e9ditos: Divulga\u00e7\u00e3o\\\/Emater\\\/RS-Ascar\"},{\"@type\":\"BreadcrumbList\",\"@id\":\"https:\\\/\\\/folhapopular.info\\\/index.php\\\/2022\\\/09\\\/21\\\/lajeado-realiza-3o-encontro-da-agrobiodiversidade-dos-vales\\\/#breadcrumb\",\"itemListElement\":[{\"@type\":\"ListItem\",\"position\":1,\"name\":\"In\u00edcio\",\"item\":\"https:\\\/\\\/folhapopular.info\\\/\"},{\"@type\":\"ListItem\",\"position\":2,\"name\":\"Lajeado realiza 3\u00ba Encontro da Agrobiodiversidade dos Vales\"}]},{\"@type\":\"WebSite\",\"@id\":\"https:\\\/\\\/folhapopular.info\\\/#website\",\"url\":\"https:\\\/\\\/folhapopular.info\\\/\",\"name\":\"Folha Popular\",\"description\":\"Onde voc\u00ea tem vez e voz\",\"potentialAction\":[{\"@type\":\"SearchAction\",\"target\":{\"@type\":\"EntryPoint\",\"urlTemplate\":\"https:\\\/\\\/folhapopular.info\\\/?s={search_term_string}\"},\"query-input\":{\"@type\":\"PropertyValueSpecification\",\"valueRequired\":true,\"valueName\":\"search_term_string\"}}],\"inLanguage\":\"pt-BR\"},{\"@type\":\"Person\",\"@id\":\"https:\\\/\\\/folhapopular.info\\\/#\\\/schema\\\/person\\\/2814e8a0df7643585a9ca38bc6eb9d4b\",\"name\":\"Reda\u00e7\u00e3o Folha Popular\",\"image\":{\"@type\":\"ImageObject\",\"inLanguage\":\"pt-BR\",\"@id\":\"https:\\\/\\\/folhapopular.info\\\/wp-content\\\/uploads\\\/2026\\\/04\\\/Folha-1.webp\",\"url\":\"https:\\\/\\\/folhapopular.info\\\/wp-content\\\/uploads\\\/2026\\\/04\\\/Folha-1.webp\",\"contentUrl\":\"https:\\\/\\\/folhapopular.info\\\/wp-content\\\/uploads\\\/2026\\\/04\\\/Folha-1.webp\",\"caption\":\"Reda\u00e7\u00e3o Folha Popular\"},\"url\":\"https:\\\/\\\/folhapopular.info\\\/index.php\\\/author\\\/redacao\\\/\"}]}<\/script>\n<!-- \/ Yoast SEO plugin. -->","yoast_head_json":{"title":"Lajeado realiza 3\u00ba Encontro da Agrobiodiversidade dos Vales - Folha Popular","description":"As inscri\u00e7\u00f5es podem ser feitas atrav\u00e9s do site da Universidade do Vale do Taquari - UNIVATES ao custo de R$ 10.","robots":{"index":"index","follow":"follow","max-snippet":"max-snippet:-1","max-image-preview":"max-image-preview:large","max-video-preview":"max-video-preview:-1"},"canonical":"https:\/\/folhapopular.info\/index.php\/2022\/09\/21\/lajeado-realiza-3o-encontro-da-agrobiodiversidade-dos-vales\/","og_locale":"pt_BR","og_type":"article","og_title":"Lajeado realiza 3\u00ba Encontro da Agrobiodiversidade dos Vales - Folha Popular","og_description":"As inscri\u00e7\u00f5es podem ser feitas atrav\u00e9s do site da Universidade do Vale do Taquari - UNIVATES ao custo de R$ 10.","og_url":"https:\/\/folhapopular.info\/index.php\/2022\/09\/21\/lajeado-realiza-3o-encontro-da-agrobiodiversidade-dos-vales\/","og_site_name":"Folha Popular","article_published_time":"2022-09-21T20:07:35+00:00","article_modified_time":"2022-09-21T20:08:33+00:00","og_image":[{"width":2560,"height":1695,"url":"http:\/\/folhapopular.info\/wp-content\/uploads\/2022\/09\/encontro_agrobiodiversidade_vales_lajeado-1-scaled.jpg","type":"image\/jpeg"}],"author":"Reda\u00e7\u00e3o Folha Popular","twitter_card":"summary_large_image","twitter_misc":{"Escrito por":"Reda\u00e7\u00e3o Folha Popular","Est. tempo de leitura":"2 minutos"},"schema":{"@context":"https:\/\/schema.org","@graph":[{"@type":"Article","@id":"https:\/\/folhapopular.info\/index.php\/2022\/09\/21\/lajeado-realiza-3o-encontro-da-agrobiodiversidade-dos-vales\/#article","isPartOf":{"@id":"https:\/\/folhapopular.info\/index.php\/2022\/09\/21\/lajeado-realiza-3o-encontro-da-agrobiodiversidade-dos-vales\/"},"author":{"name":"Reda\u00e7\u00e3o Folha Popular","@id":"https:\/\/folhapopular.info\/#\/schema\/person\/2814e8a0df7643585a9ca38bc6eb9d4b"},"headline":"Lajeado realiza 3\u00ba Encontro da Agrobiodiversidade dos Vales","datePublished":"2022-09-21T20:07:35+00:00","dateModified":"2022-09-21T20:08:33+00:00","mainEntityOfPage":{"@id":"https:\/\/folhapopular.info\/index.php\/2022\/09\/21\/lajeado-realiza-3o-encontro-da-agrobiodiversidade-dos-vales\/"},"wordCount":413,"commentCount":0,"image":{"@id":"https:\/\/folhapopular.info\/index.php\/2022\/09\/21\/lajeado-realiza-3o-encontro-da-agrobiodiversidade-dos-vales\/#primaryimage"},"thumbnailUrl":"https:\/\/folhapopular.info\/wp-content\/uploads\/2022\/09\/encontro_agrobiodiversidade_vales_lajeado-1-scaled.jpg","keywords":["Agroecologia","Emater","Vale do Taquari"],"articleSection":["Destaques","Geral"],"inLanguage":"pt-BR","potentialAction":[{"@type":"CommentAction","name":"Comment","target":["https:\/\/folhapopular.info\/index.php\/2022\/09\/21\/lajeado-realiza-3o-encontro-da-agrobiodiversidade-dos-vales\/#respond"]}]},{"@type":"WebPage","@id":"https:\/\/folhapopular.info\/index.php\/2022\/09\/21\/lajeado-realiza-3o-encontro-da-agrobiodiversidade-dos-vales\/","url":"https:\/\/folhapopular.info\/index.php\/2022\/09\/21\/lajeado-realiza-3o-encontro-da-agrobiodiversidade-dos-vales\/","name":"Lajeado realiza 3\u00ba Encontro da Agrobiodiversidade dos Vales - Folha Popular","isPartOf":{"@id":"https:\/\/folhapopular.info\/#website"},"primaryImageOfPage":{"@id":"https:\/\/folhapopular.info\/index.php\/2022\/09\/21\/lajeado-realiza-3o-encontro-da-agrobiodiversidade-dos-vales\/#primaryimage"},"image":{"@id":"https:\/\/folhapopular.info\/index.php\/2022\/09\/21\/lajeado-realiza-3o-encontro-da-agrobiodiversidade-dos-vales\/#primaryimage"},"thumbnailUrl":"https:\/\/folhapopular.info\/wp-content\/uploads\/2022\/09\/encontro_agrobiodiversidade_vales_lajeado-1-scaled.jpg","datePublished":"2022-09-21T20:07:35+00:00","dateModified":"2022-09-21T20:08:33+00:00","author":{"@id":"https:\/\/folhapopular.info\/#\/schema\/person\/2814e8a0df7643585a9ca38bc6eb9d4b"},"description":"As inscri\u00e7\u00f5es podem ser feitas atrav\u00e9s do site da Universidade do Vale do Taquari - UNIVATES ao custo de R$ 10.","breadcrumb":{"@id":"https:\/\/folhapopular.info\/index.php\/2022\/09\/21\/lajeado-realiza-3o-encontro-da-agrobiodiversidade-dos-vales\/#breadcrumb"},"inLanguage":"pt-BR","potentialAction":[{"@type":"ReadAction","target":["https:\/\/folhapopular.info\/index.php\/2022\/09\/21\/lajeado-realiza-3o-encontro-da-agrobiodiversidade-dos-vales\/"]}]},{"@type":"ImageObject","inLanguage":"pt-BR","@id":"https:\/\/folhapopular.info\/index.php\/2022\/09\/21\/lajeado-realiza-3o-encontro-da-agrobiodiversidade-dos-vales\/#primaryimage","url":"https:\/\/folhapopular.info\/wp-content\/uploads\/2022\/09\/encontro_agrobiodiversidade_vales_lajeado-1-scaled.jpg","contentUrl":"https:\/\/folhapopular.info\/wp-content\/uploads\/2022\/09\/encontro_agrobiodiversidade_vales_lajeado-1-scaled.jpg","width":2560,"height":1695,"caption":"Atividade ocorre em outubro na Univates. Cr\u00e9ditos: Divulga\u00e7\u00e3o\/Emater\/RS-Ascar"},{"@type":"BreadcrumbList","@id":"https:\/\/folhapopular.info\/index.php\/2022\/09\/21\/lajeado-realiza-3o-encontro-da-agrobiodiversidade-dos-vales\/#breadcrumb","itemListElement":[{"@type":"ListItem","position":1,"name":"In\u00edcio","item":"https:\/\/folhapopular.info\/"},{"@type":"ListItem","position":2,"name":"Lajeado realiza 3\u00ba Encontro da Agrobiodiversidade dos Vales"}]},{"@type":"WebSite","@id":"https:\/\/folhapopular.info\/#website","url":"https:\/\/folhapopular.info\/","name":"Folha Popular","description":"Onde voc\u00ea tem vez e voz","potentialAction":[{"@type":"SearchAction","target":{"@type":"EntryPoint","urlTemplate":"https:\/\/folhapopular.info\/?s={search_term_string}"},"query-input":{"@type":"PropertyValueSpecification","valueRequired":true,"valueName":"search_term_string"}}],"inLanguage":"pt-BR"},{"@type":"Person","@id":"https:\/\/folhapopular.info\/#\/schema\/person\/2814e8a0df7643585a9ca38bc6eb9d4b","name":"Reda\u00e7\u00e3o Folha Popular","image":{"@type":"ImageObject","inLanguage":"pt-BR","@id":"https:\/\/folhapopular.info\/wp-content\/uploads\/2026\/04\/Folha-1.webp","url":"https:\/\/folhapopular.info\/wp-content\/uploads\/2026\/04\/Folha-1.webp","contentUrl":"https:\/\/folhapopular.info\/wp-content\/uploads\/2026\/04\/Folha-1.webp","caption":"Reda\u00e7\u00e3o Folha Popular"},"url":"https:\/\/folhapopular.info\/index.php\/author\/redacao\/"}]}},"jetpack_featured_media_url":"https:\/\/folhapopular.info\/wp-content\/uploads\/2022\/09\/encontro_agrobiodiversidade_vales_lajeado-1-scaled.jpg","jetpack_sharing_enabled":true,"amp_enabled":true,"_links":{"self":[{"href":"https:\/\/folhapopular.info\/index.php\/wp-json\/wp\/v2\/posts\/113129","targetHints":{"allow":["GET"]}}],"collection":[{"href":"https:\/\/folhapopular.info\/index.php\/wp-json\/wp\/v2\/posts"}],"about":[{"href":"https:\/\/folhapopular.info\/index.php\/wp-json\/wp\/v2\/types\/post"}],"author":[{"embeddable":true,"href":"https:\/\/folhapopular.info\/index.php\/wp-json\/wp\/v2\/users\/8"}],"replies":[{"embeddable":true,"href":"https:\/\/folhapopular.info\/index.php\/wp-json\/wp\/v2\/comments?post=113129"}],"version-history":[{"count":0,"href":"https:\/\/folhapopular.info\/index.php\/wp-json\/wp\/v2\/posts\/113129\/revisions"}],"wp:featuredmedia":[{"embeddable":true,"href":"https:\/\/folhapopular.info\/index.php\/wp-json\/wp\/v2\/media\/113140"}],"wp:attachment":[{"href":"https:\/\/folhapopular.info\/index.php\/wp-json\/wp\/v2\/media?parent=113129"}],"wp:term":[{"taxonomy":"category","embeddable":true,"href":"https:\/\/folhapopular.info\/index.php\/wp-json\/wp\/v2\/categories?post=113129"},{"taxonomy":"post_tag","embeddable":true,"href":"https:\/\/folhapopular.info\/index.php\/wp-json\/wp\/v2\/tags?post=113129"}],"curies":[{"name":"wp","href":"https:\/\/api.w.org\/{rel}","templated":true}]}}