{"id":113155,"date":"2022-09-22T08:24:28","date_gmt":"2022-09-22T11:24:28","guid":{"rendered":"https:\/\/folhapopular.info\/?p=113155"},"modified":"2022-09-22T08:54:43","modified_gmt":"2022-09-22T11:54:43","slug":"gato-do-mato-e-devolvido-a-natureza-em-teutonia","status":"publish","type":"post","link":"https:\/\/folhapopular.info\/index.php\/2022\/09\/22\/gato-do-mato-e-devolvido-a-natureza-em-teutonia\/","title":{"rendered":"Gato-do-mato \u00e9 devolvido \u00e0 natureza em Teut\u00f4nia"},"content":{"rendered":"\n<p>A Rede de Prote\u00e7\u00e3o Ambiental e de Animais (REPRAAS) e a Secretaria de Agricultura e Meio Ambiente de Teut\u00f4nia realizaram uma a\u00e7\u00e3o de reintegra\u00e7\u00e3o de um animal silvestre \u00e0 natureza no interior do munic\u00edpio. Ap\u00f3s a an\u00e1lise dos profissionais quanto ao local, o animal foi devolvido ao seu h\u00e1bitat, nas proximidades da localidade em que ocorreu o atropelamento.<\/p>\n\n\n\n<p>O gato-maracaj\u00e1, conhecido popularmente como gato-do-mato, foi acolhido e tratado ap\u00f3s ser atropelado por um ve\u00edculo, pr\u00f3ximo \u00e0 divisa com o munic\u00edpio de Westf\u00e1lia. Ele permaneceu em recupera\u00e7\u00e3o no Preservas \u2013 N\u00facleo de Conserva\u00e7\u00e3o e Reabilita\u00e7\u00e3o de Animais Silvestres do Hospital de Cl\u00ednicas Veterin\u00e1rias da Universidade Federal do Rio Grande do Sul (UFRGS), do dia 2 de agosto, quando foi atropelado, at\u00e9 o dia 31 de agosto, quando foi devolvido ao seu habitat.<\/p>\n\n\n\n<p>A Secret\u00e1ria de Agricultura e Meio Ambiente, L\u00eddia Margarete M\u00fcller Dhein, ressaltou a import\u00e2ncia da a\u00e7\u00e3o conjunta com a Rede de Prote\u00e7\u00e3o Ambiental e de Animais (REPRAAS). \u201cFicamos muito felizes pela recupera\u00e7\u00e3o do gato-do-mato, pois com o esfor\u00e7o de todos, desde o dia que foi recolhido para tratamento, reabilita\u00e7\u00e3o e devolu\u00e7\u00e3o \u00e0 natureza, foi poss\u00edvel dar uma segunda chance ao animal, preservando a esp\u00e9cie e cuidando da nossa fauna\u201d, destaca.<\/p>\n\n\n\n<figure class=\"wp-block-image size-large\"><img loading=\"lazy\" decoding=\"async\" width=\"1024\" height=\"683\" src=\"https:\/\/folhapopular.info\/wp-content\/uploads\/2022\/09\/2022_09_21_Gato-do-mato-e-devolvido-a-natureza-em-Teutonia-3-scaled-e1663845831666-1024x683.jpg\" alt=\"\" class=\"wp-image-113157\" srcset=\"https:\/\/folhapopular.info\/wp-content\/uploads\/2022\/09\/2022_09_21_Gato-do-mato-e-devolvido-a-natureza-em-Teutonia-3-scaled-e1663845831666-1024x683.jpg 1024w, https:\/\/folhapopular.info\/wp-content\/uploads\/2022\/09\/2022_09_21_Gato-do-mato-e-devolvido-a-natureza-em-Teutonia-3-scaled-e1663845831666-300x200.jpg 300w, https:\/\/folhapopular.info\/wp-content\/uploads\/2022\/09\/2022_09_21_Gato-do-mato-e-devolvido-a-natureza-em-Teutonia-3-scaled-e1663845831666-768x512.jpg 768w, https:\/\/folhapopular.info\/wp-content\/uploads\/2022\/09\/2022_09_21_Gato-do-mato-e-devolvido-a-natureza-em-Teutonia-3-scaled-e1663845831666-696x464.jpg 696w, https:\/\/folhapopular.info\/wp-content\/uploads\/2022\/09\/2022_09_21_Gato-do-mato-e-devolvido-a-natureza-em-Teutonia-3-scaled-e1663845831666-1068x712.jpg 1068w, https:\/\/folhapopular.info\/wp-content\/uploads\/2022\/09\/2022_09_21_Gato-do-mato-e-devolvido-a-natureza-em-Teutonia-3-scaled-e1663845831666.jpg 1200w\" sizes=\"auto, (max-width: 1024px) 100vw, 1024px\" \/><figcaption>Animal foi solto em local adequado \/ Cr\u00e9dito da foto: Egon Habel \/ Divulga\u00e7\u00e3o<\/figcaption><\/figure>\n","protected":false},"excerpt":{"rendered":"<p>A Rede de Prote\u00e7\u00e3o Ambiental e de Animais (REPRAAS) e a Secretaria de Agricultura e Meio Ambiente de Teut\u00f4nia realizaram uma a\u00e7\u00e3o de reintegra\u00e7\u00e3o de um animal silvestre \u00e0 natureza no interior do munic\u00edpio. Ap\u00f3s a an\u00e1lise dos profissionais quanto ao local, o animal foi devolvido ao seu h\u00e1bitat, nas proximidades da localidade em que [&hellip;]<\/p>\n","protected":false},"author":8,"featured_media":113156,"comment_status":"open","ping_status":"open","sticky":false,"template":"","format":"standard","meta":{"pmpro_default_level":"","_jetpack_memberships_contains_paid_content":false,"footnotes":""},"categories":[2,3],"tags":[9982,26],"class_list":{"0":"post-113155","1":"post","2":"type-post","3":"status-publish","4":"format-standard","5":"has-post-thumbnail","7":"category-featured","8":"category-geral","9":"tag-gato-do-mato","10":"tag-teutonia","11":"pmpro-has-access"},"yoast_head":"<!-- This site is optimized with the Yoast SEO plugin v27.5 - https:\/\/yoast.com\/product\/yoast-seo-wordpress\/ -->\n<title>Gato-do-mato \u00e9 devolvido \u00e0 natureza em Teut\u00f4nia - Folha Popular<\/title>\n<meta name=\"robots\" content=\"index, follow, max-snippet:-1, max-image-preview:large, max-video-preview:-1\" \/>\n<link rel=\"canonical\" href=\"https:\/\/folhapopular.info\/index.php\/2022\/09\/22\/gato-do-mato-e-devolvido-a-natureza-em-teutonia\/\" \/>\n<meta property=\"og:locale\" content=\"pt_BR\" \/>\n<meta property=\"og:type\" content=\"article\" \/>\n<meta property=\"og:title\" content=\"Gato-do-mato \u00e9 devolvido \u00e0 natureza em Teut\u00f4nia - Folha Popular\" \/>\n<meta property=\"og:description\" content=\"A Rede de Prote\u00e7\u00e3o Ambiental e de Animais (REPRAAS) e a Secretaria de Agricultura e Meio Ambiente de Teut\u00f4nia realizaram uma a\u00e7\u00e3o de reintegra\u00e7\u00e3o de um animal silvestre \u00e0 natureza no interior do munic\u00edpio. Ap\u00f3s a an\u00e1lise dos profissionais quanto ao local, o animal foi devolvido ao seu h\u00e1bitat, nas proximidades da localidade em que [&hellip;]\" \/>\n<meta property=\"og:url\" content=\"https:\/\/folhapopular.info\/index.php\/2022\/09\/22\/gato-do-mato-e-devolvido-a-natureza-em-teutonia\/\" \/>\n<meta property=\"og:site_name\" content=\"Folha Popular\" \/>\n<meta property=\"article:published_time\" content=\"2022-09-22T11:24:28+00:00\" \/>\n<meta property=\"article:modified_time\" content=\"2022-09-22T11:54:43+00:00\" \/>\n<meta property=\"og:image\" content=\"http:\/\/folhapopular.info\/wp-content\/uploads\/2022\/09\/2022_09_21_Gato-do-mato-e-devolvido-a-natureza-em-Teutonia-4-scaled-e1663845802643.jpg\" \/>\n\t<meta property=\"og:image:width\" content=\"1200\" \/>\n\t<meta property=\"og:image:height\" content=\"800\" \/>\n\t<meta property=\"og:image:type\" content=\"image\/jpeg\" \/>\n<meta name=\"author\" content=\"Reda\u00e7\u00e3o Folha Popular\" \/>\n<meta name=\"twitter:card\" content=\"summary_large_image\" \/>\n<meta name=\"twitter:label1\" content=\"Escrito por\" \/>\n\t<meta name=\"twitter:data1\" content=\"Reda\u00e7\u00e3o Folha Popular\" \/>\n\t<meta name=\"twitter:label2\" content=\"Est. tempo de leitura\" \/>\n\t<meta name=\"twitter:data2\" content=\"2 minutos\" \/>\n<script type=\"application\/ld+json\" class=\"yoast-schema-graph\">{\"@context\":\"https:\\\/\\\/schema.org\",\"@graph\":[{\"@type\":\"Article\",\"@id\":\"https:\\\/\\\/folhapopular.info\\\/index.php\\\/2022\\\/09\\\/22\\\/gato-do-mato-e-devolvido-a-natureza-em-teutonia\\\/#article\",\"isPartOf\":{\"@id\":\"https:\\\/\\\/folhapopular.info\\\/index.php\\\/2022\\\/09\\\/22\\\/gato-do-mato-e-devolvido-a-natureza-em-teutonia\\\/\"},\"author\":{\"name\":\"Reda\u00e7\u00e3o Folha Popular\",\"@id\":\"https:\\\/\\\/folhapopular.info\\\/#\\\/schema\\\/person\\\/2814e8a0df7643585a9ca38bc6eb9d4b\"},\"headline\":\"Gato-do-mato \u00e9 devolvido \u00e0 natureza em Teut\u00f4nia\",\"datePublished\":\"2022-09-22T11:24:28+00:00\",\"dateModified\":\"2022-09-22T11:54:43+00:00\",\"mainEntityOfPage\":{\"@id\":\"https:\\\/\\\/folhapopular.info\\\/index.php\\\/2022\\\/09\\\/22\\\/gato-do-mato-e-devolvido-a-natureza-em-teutonia\\\/\"},\"wordCount\":246,\"commentCount\":0,\"image\":{\"@id\":\"https:\\\/\\\/folhapopular.info\\\/index.php\\\/2022\\\/09\\\/22\\\/gato-do-mato-e-devolvido-a-natureza-em-teutonia\\\/#primaryimage\"},\"thumbnailUrl\":\"https:\\\/\\\/folhapopular.info\\\/wp-content\\\/uploads\\\/2022\\\/09\\\/2022_09_21_Gato-do-mato-e-devolvido-a-natureza-em-Teutonia-4-scaled-e1663845802643.jpg\",\"keywords\":[\"Gato-do-mato\",\"Teut\u00f4nia\"],\"articleSection\":[\"Destaques\",\"Geral\"],\"inLanguage\":\"pt-BR\",\"potentialAction\":[{\"@type\":\"CommentAction\",\"name\":\"Comment\",\"target\":[\"https:\\\/\\\/folhapopular.info\\\/index.php\\\/2022\\\/09\\\/22\\\/gato-do-mato-e-devolvido-a-natureza-em-teutonia\\\/#respond\"]}]},{\"@type\":\"WebPage\",\"@id\":\"https:\\\/\\\/folhapopular.info\\\/index.php\\\/2022\\\/09\\\/22\\\/gato-do-mato-e-devolvido-a-natureza-em-teutonia\\\/\",\"url\":\"https:\\\/\\\/folhapopular.info\\\/index.php\\\/2022\\\/09\\\/22\\\/gato-do-mato-e-devolvido-a-natureza-em-teutonia\\\/\",\"name\":\"Gato-do-mato \u00e9 devolvido \u00e0 natureza em Teut\u00f4nia - Folha Popular\",\"isPartOf\":{\"@id\":\"https:\\\/\\\/folhapopular.info\\\/#website\"},\"primaryImageOfPage\":{\"@id\":\"https:\\\/\\\/folhapopular.info\\\/index.php\\\/2022\\\/09\\\/22\\\/gato-do-mato-e-devolvido-a-natureza-em-teutonia\\\/#primaryimage\"},\"image\":{\"@id\":\"https:\\\/\\\/folhapopular.info\\\/index.php\\\/2022\\\/09\\\/22\\\/gato-do-mato-e-devolvido-a-natureza-em-teutonia\\\/#primaryimage\"},\"thumbnailUrl\":\"https:\\\/\\\/folhapopular.info\\\/wp-content\\\/uploads\\\/2022\\\/09\\\/2022_09_21_Gato-do-mato-e-devolvido-a-natureza-em-Teutonia-4-scaled-e1663845802643.jpg\",\"datePublished\":\"2022-09-22T11:24:28+00:00\",\"dateModified\":\"2022-09-22T11:54:43+00:00\",\"author\":{\"@id\":\"https:\\\/\\\/folhapopular.info\\\/#\\\/schema\\\/person\\\/2814e8a0df7643585a9ca38bc6eb9d4b\"},\"breadcrumb\":{\"@id\":\"https:\\\/\\\/folhapopular.info\\\/index.php\\\/2022\\\/09\\\/22\\\/gato-do-mato-e-devolvido-a-natureza-em-teutonia\\\/#breadcrumb\"},\"inLanguage\":\"pt-BR\",\"potentialAction\":[{\"@type\":\"ReadAction\",\"target\":[\"https:\\\/\\\/folhapopular.info\\\/index.php\\\/2022\\\/09\\\/22\\\/gato-do-mato-e-devolvido-a-natureza-em-teutonia\\\/\"]}]},{\"@type\":\"ImageObject\",\"inLanguage\":\"pt-BR\",\"@id\":\"https:\\\/\\\/folhapopular.info\\\/index.php\\\/2022\\\/09\\\/22\\\/gato-do-mato-e-devolvido-a-natureza-em-teutonia\\\/#primaryimage\",\"url\":\"https:\\\/\\\/folhapopular.info\\\/wp-content\\\/uploads\\\/2022\\\/09\\\/2022_09_21_Gato-do-mato-e-devolvido-a-natureza-em-Teutonia-4-scaled-e1663845802643.jpg\",\"contentUrl\":\"https:\\\/\\\/folhapopular.info\\\/wp-content\\\/uploads\\\/2022\\\/09\\\/2022_09_21_Gato-do-mato-e-devolvido-a-natureza-em-Teutonia-4-scaled-e1663845802643.jpg\",\"width\":1200,\"height\":800,\"caption\":\"Animal foi solto ap\u00f3s se recuperar de um atropelamento \\\/ Cr\u00e9dito da foto: Egon Habel \\\/ Divulga\u00e7\u00e3o\"},{\"@type\":\"BreadcrumbList\",\"@id\":\"https:\\\/\\\/folhapopular.info\\\/index.php\\\/2022\\\/09\\\/22\\\/gato-do-mato-e-devolvido-a-natureza-em-teutonia\\\/#breadcrumb\",\"itemListElement\":[{\"@type\":\"ListItem\",\"position\":1,\"name\":\"In\u00edcio\",\"item\":\"https:\\\/\\\/folhapopular.info\\\/\"},{\"@type\":\"ListItem\",\"position\":2,\"name\":\"Gato-do-mato \u00e9 devolvido \u00e0 natureza em Teut\u00f4nia\"}]},{\"@type\":\"WebSite\",\"@id\":\"https:\\\/\\\/folhapopular.info\\\/#website\",\"url\":\"https:\\\/\\\/folhapopular.info\\\/\",\"name\":\"Folha Popular\",\"description\":\"Onde voc\u00ea tem vez e voz\",\"potentialAction\":[{\"@type\":\"SearchAction\",\"target\":{\"@type\":\"EntryPoint\",\"urlTemplate\":\"https:\\\/\\\/folhapopular.info\\\/?s={search_term_string}\"},\"query-input\":{\"@type\":\"PropertyValueSpecification\",\"valueRequired\":true,\"valueName\":\"search_term_string\"}}],\"inLanguage\":\"pt-BR\"},{\"@type\":\"Person\",\"@id\":\"https:\\\/\\\/folhapopular.info\\\/#\\\/schema\\\/person\\\/2814e8a0df7643585a9ca38bc6eb9d4b\",\"name\":\"Reda\u00e7\u00e3o Folha Popular\",\"image\":{\"@type\":\"ImageObject\",\"inLanguage\":\"pt-BR\",\"@id\":\"https:\\\/\\\/folhapopular.info\\\/wp-content\\\/uploads\\\/2026\\\/04\\\/Folha-1.webp\",\"url\":\"https:\\\/\\\/folhapopular.info\\\/wp-content\\\/uploads\\\/2026\\\/04\\\/Folha-1.webp\",\"contentUrl\":\"https:\\\/\\\/folhapopular.info\\\/wp-content\\\/uploads\\\/2026\\\/04\\\/Folha-1.webp\",\"caption\":\"Reda\u00e7\u00e3o Folha Popular\"},\"url\":\"https:\\\/\\\/folhapopular.info\\\/index.php\\\/author\\\/redacao\\\/\"}]}<\/script>\n<!-- \/ Yoast SEO plugin. -->","yoast_head_json":{"title":"Gato-do-mato \u00e9 devolvido \u00e0 natureza em Teut\u00f4nia - Folha Popular","robots":{"index":"index","follow":"follow","max-snippet":"max-snippet:-1","max-image-preview":"max-image-preview:large","max-video-preview":"max-video-preview:-1"},"canonical":"https:\/\/folhapopular.info\/index.php\/2022\/09\/22\/gato-do-mato-e-devolvido-a-natureza-em-teutonia\/","og_locale":"pt_BR","og_type":"article","og_title":"Gato-do-mato \u00e9 devolvido \u00e0 natureza em Teut\u00f4nia - Folha Popular","og_description":"A Rede de Prote\u00e7\u00e3o Ambiental e de Animais (REPRAAS) e a Secretaria de Agricultura e Meio Ambiente de Teut\u00f4nia realizaram uma a\u00e7\u00e3o de reintegra\u00e7\u00e3o de um animal silvestre \u00e0 natureza no interior do munic\u00edpio. Ap\u00f3s a an\u00e1lise dos profissionais quanto ao local, o animal foi devolvido ao seu h\u00e1bitat, nas proximidades da localidade em que [&hellip;]","og_url":"https:\/\/folhapopular.info\/index.php\/2022\/09\/22\/gato-do-mato-e-devolvido-a-natureza-em-teutonia\/","og_site_name":"Folha Popular","article_published_time":"2022-09-22T11:24:28+00:00","article_modified_time":"2022-09-22T11:54:43+00:00","og_image":[{"width":1200,"height":800,"url":"http:\/\/folhapopular.info\/wp-content\/uploads\/2022\/09\/2022_09_21_Gato-do-mato-e-devolvido-a-natureza-em-Teutonia-4-scaled-e1663845802643.jpg","type":"image\/jpeg"}],"author":"Reda\u00e7\u00e3o Folha Popular","twitter_card":"summary_large_image","twitter_misc":{"Escrito por":"Reda\u00e7\u00e3o Folha Popular","Est. tempo de leitura":"2 minutos"},"schema":{"@context":"https:\/\/schema.org","@graph":[{"@type":"Article","@id":"https:\/\/folhapopular.info\/index.php\/2022\/09\/22\/gato-do-mato-e-devolvido-a-natureza-em-teutonia\/#article","isPartOf":{"@id":"https:\/\/folhapopular.info\/index.php\/2022\/09\/22\/gato-do-mato-e-devolvido-a-natureza-em-teutonia\/"},"author":{"name":"Reda\u00e7\u00e3o Folha Popular","@id":"https:\/\/folhapopular.info\/#\/schema\/person\/2814e8a0df7643585a9ca38bc6eb9d4b"},"headline":"Gato-do-mato \u00e9 devolvido \u00e0 natureza em Teut\u00f4nia","datePublished":"2022-09-22T11:24:28+00:00","dateModified":"2022-09-22T11:54:43+00:00","mainEntityOfPage":{"@id":"https:\/\/folhapopular.info\/index.php\/2022\/09\/22\/gato-do-mato-e-devolvido-a-natureza-em-teutonia\/"},"wordCount":246,"commentCount":0,"image":{"@id":"https:\/\/folhapopular.info\/index.php\/2022\/09\/22\/gato-do-mato-e-devolvido-a-natureza-em-teutonia\/#primaryimage"},"thumbnailUrl":"https:\/\/folhapopular.info\/wp-content\/uploads\/2022\/09\/2022_09_21_Gato-do-mato-e-devolvido-a-natureza-em-Teutonia-4-scaled-e1663845802643.jpg","keywords":["Gato-do-mato","Teut\u00f4nia"],"articleSection":["Destaques","Geral"],"inLanguage":"pt-BR","potentialAction":[{"@type":"CommentAction","name":"Comment","target":["https:\/\/folhapopular.info\/index.php\/2022\/09\/22\/gato-do-mato-e-devolvido-a-natureza-em-teutonia\/#respond"]}]},{"@type":"WebPage","@id":"https:\/\/folhapopular.info\/index.php\/2022\/09\/22\/gato-do-mato-e-devolvido-a-natureza-em-teutonia\/","url":"https:\/\/folhapopular.info\/index.php\/2022\/09\/22\/gato-do-mato-e-devolvido-a-natureza-em-teutonia\/","name":"Gato-do-mato \u00e9 devolvido \u00e0 natureza em Teut\u00f4nia - Folha Popular","isPartOf":{"@id":"https:\/\/folhapopular.info\/#website"},"primaryImageOfPage":{"@id":"https:\/\/folhapopular.info\/index.php\/2022\/09\/22\/gato-do-mato-e-devolvido-a-natureza-em-teutonia\/#primaryimage"},"image":{"@id":"https:\/\/folhapopular.info\/index.php\/2022\/09\/22\/gato-do-mato-e-devolvido-a-natureza-em-teutonia\/#primaryimage"},"thumbnailUrl":"https:\/\/folhapopular.info\/wp-content\/uploads\/2022\/09\/2022_09_21_Gato-do-mato-e-devolvido-a-natureza-em-Teutonia-4-scaled-e1663845802643.jpg","datePublished":"2022-09-22T11:24:28+00:00","dateModified":"2022-09-22T11:54:43+00:00","author":{"@id":"https:\/\/folhapopular.info\/#\/schema\/person\/2814e8a0df7643585a9ca38bc6eb9d4b"},"breadcrumb":{"@id":"https:\/\/folhapopular.info\/index.php\/2022\/09\/22\/gato-do-mato-e-devolvido-a-natureza-em-teutonia\/#breadcrumb"},"inLanguage":"pt-BR","potentialAction":[{"@type":"ReadAction","target":["https:\/\/folhapopular.info\/index.php\/2022\/09\/22\/gato-do-mato-e-devolvido-a-natureza-em-teutonia\/"]}]},{"@type":"ImageObject","inLanguage":"pt-BR","@id":"https:\/\/folhapopular.info\/index.php\/2022\/09\/22\/gato-do-mato-e-devolvido-a-natureza-em-teutonia\/#primaryimage","url":"https:\/\/folhapopular.info\/wp-content\/uploads\/2022\/09\/2022_09_21_Gato-do-mato-e-devolvido-a-natureza-em-Teutonia-4-scaled-e1663845802643.jpg","contentUrl":"https:\/\/folhapopular.info\/wp-content\/uploads\/2022\/09\/2022_09_21_Gato-do-mato-e-devolvido-a-natureza-em-Teutonia-4-scaled-e1663845802643.jpg","width":1200,"height":800,"caption":"Animal foi solto ap\u00f3s se recuperar de um atropelamento \/ Cr\u00e9dito da foto: Egon Habel \/ Divulga\u00e7\u00e3o"},{"@type":"BreadcrumbList","@id":"https:\/\/folhapopular.info\/index.php\/2022\/09\/22\/gato-do-mato-e-devolvido-a-natureza-em-teutonia\/#breadcrumb","itemListElement":[{"@type":"ListItem","position":1,"name":"In\u00edcio","item":"https:\/\/folhapopular.info\/"},{"@type":"ListItem","position":2,"name":"Gato-do-mato \u00e9 devolvido \u00e0 natureza em Teut\u00f4nia"}]},{"@type":"WebSite","@id":"https:\/\/folhapopular.info\/#website","url":"https:\/\/folhapopular.info\/","name":"Folha Popular","description":"Onde voc\u00ea tem vez e voz","potentialAction":[{"@type":"SearchAction","target":{"@type":"EntryPoint","urlTemplate":"https:\/\/folhapopular.info\/?s={search_term_string}"},"query-input":{"@type":"PropertyValueSpecification","valueRequired":true,"valueName":"search_term_string"}}],"inLanguage":"pt-BR"},{"@type":"Person","@id":"https:\/\/folhapopular.info\/#\/schema\/person\/2814e8a0df7643585a9ca38bc6eb9d4b","name":"Reda\u00e7\u00e3o Folha Popular","image":{"@type":"ImageObject","inLanguage":"pt-BR","@id":"https:\/\/folhapopular.info\/wp-content\/uploads\/2026\/04\/Folha-1.webp","url":"https:\/\/folhapopular.info\/wp-content\/uploads\/2026\/04\/Folha-1.webp","contentUrl":"https:\/\/folhapopular.info\/wp-content\/uploads\/2026\/04\/Folha-1.webp","caption":"Reda\u00e7\u00e3o Folha Popular"},"url":"https:\/\/folhapopular.info\/index.php\/author\/redacao\/"}]}},"jetpack_featured_media_url":"https:\/\/folhapopular.info\/wp-content\/uploads\/2022\/09\/2022_09_21_Gato-do-mato-e-devolvido-a-natureza-em-Teutonia-4-scaled-e1663845802643.jpg","jetpack_sharing_enabled":true,"amp_enabled":true,"_links":{"self":[{"href":"https:\/\/folhapopular.info\/index.php\/wp-json\/wp\/v2\/posts\/113155","targetHints":{"allow":["GET"]}}],"collection":[{"href":"https:\/\/folhapopular.info\/index.php\/wp-json\/wp\/v2\/posts"}],"about":[{"href":"https:\/\/folhapopular.info\/index.php\/wp-json\/wp\/v2\/types\/post"}],"author":[{"embeddable":true,"href":"https:\/\/folhapopular.info\/index.php\/wp-json\/wp\/v2\/users\/8"}],"replies":[{"embeddable":true,"href":"https:\/\/folhapopular.info\/index.php\/wp-json\/wp\/v2\/comments?post=113155"}],"version-history":[{"count":0,"href":"https:\/\/folhapopular.info\/index.php\/wp-json\/wp\/v2\/posts\/113155\/revisions"}],"wp:featuredmedia":[{"embeddable":true,"href":"https:\/\/folhapopular.info\/index.php\/wp-json\/wp\/v2\/media\/113156"}],"wp:attachment":[{"href":"https:\/\/folhapopular.info\/index.php\/wp-json\/wp\/v2\/media?parent=113155"}],"wp:term":[{"taxonomy":"category","embeddable":true,"href":"https:\/\/folhapopular.info\/index.php\/wp-json\/wp\/v2\/categories?post=113155"},{"taxonomy":"post_tag","embeddable":true,"href":"https:\/\/folhapopular.info\/index.php\/wp-json\/wp\/v2\/tags?post=113155"}],"curies":[{"name":"wp","href":"https:\/\/api.w.org\/{rel}","templated":true}]}}