{"id":113218,"date":"2022-09-22T17:09:16","date_gmt":"2022-09-22T20:09:16","guid":{"rendered":"https:\/\/folhapopular.info\/?p=113218"},"modified":"2022-09-22T17:09:19","modified_gmt":"2022-09-22T20:09:19","slug":"obras-na-vrs-835-em-paverama-exigem-atencao-dos-motoristas","status":"publish","type":"post","link":"https:\/\/folhapopular.info\/index.php\/2022\/09\/22\/obras-na-vrs-835-em-paverama-exigem-atencao-dos-motoristas\/","title":{"rendered":"Obras na VRS-835 em Paverama exigem aten\u00e7\u00e3o dos motoristas"},"content":{"rendered":"\n<p>As obras realizadas na rodovia VRS-835, em Paverama, progridem e exigem ainda mais aten\u00e7\u00e3o dos motoristas. M\u00e1quinas est\u00e3o sobre a pista para a coloca\u00e7\u00e3o de brita para a compacta\u00e7\u00e3o da base onde foi colocado a tubula\u00e7\u00e3o de drenagem pluvial, causando interrup\u00e7\u00f5es do tr\u00e2nsito em alguns instantes.<\/p>\n\n\n\n<p>Com a probabilidade de chuvas nos pr\u00f3ximos dias, motoristas devem estar atentos aos desn\u00edveis na pista e o barro causado pelas escava\u00e7\u00f5es no local. Em muitos pontos a estrada encontra-se em uma via apenas.<\/p>\n","protected":false},"excerpt":{"rendered":"<p>As obras realizadas na rodovia VRS-835, em Paverama, progridem e exigem ainda mais aten\u00e7\u00e3o dos motoristas. M\u00e1quinas est\u00e3o sobre a pista para a coloca\u00e7\u00e3o de brita para a compacta\u00e7\u00e3o da base onde foi colocado a tubula\u00e7\u00e3o de drenagem pluvial, causando interrup\u00e7\u00f5es do tr\u00e2nsito em alguns instantes. Com a probabilidade de chuvas nos pr\u00f3ximos dias, motoristas [&hellip;]<\/p>\n","protected":false},"author":8,"featured_media":113239,"comment_status":"open","ping_status":"open","sticky":false,"template":"","format":"standard","meta":{"pmpro_default_level":"","_jetpack_memberships_contains_paid_content":false,"footnotes":""},"categories":[2,3],"tags":[600,32,46,9294],"class_list":{"0":"post-113218","1":"post","2":"type-post","3":"status-publish","4":"format-standard","5":"has-post-thumbnail","7":"category-featured","8":"category-geral","9":"tag-motoristas","10":"tag-obras","11":"tag-paverama","12":"tag-vrs-835-2","13":"pmpro-has-access"},"yoast_head":"<!-- This site is optimized with the Yoast SEO plugin v27.5 - https:\/\/yoast.com\/product\/yoast-seo-wordpress\/ -->\n<title>Obras na VRS-835 em Paverama exigem aten\u00e7\u00e3o dos motoristas - Folha Popular<\/title>\n<meta name=\"robots\" content=\"index, follow, max-snippet:-1, max-image-preview:large, max-video-preview:-1\" \/>\n<link rel=\"canonical\" href=\"https:\/\/folhapopular.info\/index.php\/2022\/09\/22\/obras-na-vrs-835-em-paverama-exigem-atencao-dos-motoristas\/\" \/>\n<meta property=\"og:locale\" content=\"pt_BR\" \/>\n<meta property=\"og:type\" content=\"article\" \/>\n<meta property=\"og:title\" content=\"Obras na VRS-835 em Paverama exigem aten\u00e7\u00e3o dos motoristas - Folha Popular\" \/>\n<meta property=\"og:description\" content=\"As obras realizadas na rodovia VRS-835, em Paverama, progridem e exigem ainda mais aten\u00e7\u00e3o dos motoristas. M\u00e1quinas est\u00e3o sobre a pista para a coloca\u00e7\u00e3o de brita para a compacta\u00e7\u00e3o da base onde foi colocado a tubula\u00e7\u00e3o de drenagem pluvial, causando interrup\u00e7\u00f5es do tr\u00e2nsito em alguns instantes. Com a probabilidade de chuvas nos pr\u00f3ximos dias, motoristas [&hellip;]\" \/>\n<meta property=\"og:url\" content=\"https:\/\/folhapopular.info\/index.php\/2022\/09\/22\/obras-na-vrs-835-em-paverama-exigem-atencao-dos-motoristas\/\" \/>\n<meta property=\"og:site_name\" content=\"Folha Popular\" \/>\n<meta property=\"article:published_time\" content=\"2022-09-22T20:09:16+00:00\" \/>\n<meta property=\"article:modified_time\" content=\"2022-09-22T20:09:19+00:00\" \/>\n<meta property=\"og:image\" content=\"http:\/\/folhapopular.info\/wp-content\/uploads\/2022\/09\/DSCF8905-scaled-e1663877305683.jpg\" \/>\n\t<meta property=\"og:image:width\" content=\"1200\" \/>\n\t<meta property=\"og:image:height\" content=\"676\" \/>\n\t<meta property=\"og:image:type\" content=\"image\/jpeg\" \/>\n<meta name=\"author\" content=\"Reda\u00e7\u00e3o Folha Popular\" \/>\n<meta name=\"twitter:card\" content=\"summary_large_image\" \/>\n<meta name=\"twitter:label1\" content=\"Escrito por\" \/>\n\t<meta name=\"twitter:data1\" content=\"Reda\u00e7\u00e3o Folha Popular\" \/>\n\t<meta name=\"twitter:label2\" content=\"Est. tempo de leitura\" \/>\n\t<meta name=\"twitter:data2\" content=\"1 minuto\" \/>\n<script type=\"application\/ld+json\" class=\"yoast-schema-graph\">{\"@context\":\"https:\\\/\\\/schema.org\",\"@graph\":[{\"@type\":\"Article\",\"@id\":\"https:\\\/\\\/folhapopular.info\\\/index.php\\\/2022\\\/09\\\/22\\\/obras-na-vrs-835-em-paverama-exigem-atencao-dos-motoristas\\\/#article\",\"isPartOf\":{\"@id\":\"https:\\\/\\\/folhapopular.info\\\/index.php\\\/2022\\\/09\\\/22\\\/obras-na-vrs-835-em-paverama-exigem-atencao-dos-motoristas\\\/\"},\"author\":{\"name\":\"Reda\u00e7\u00e3o Folha Popular\",\"@id\":\"https:\\\/\\\/folhapopular.info\\\/#\\\/schema\\\/person\\\/2814e8a0df7643585a9ca38bc6eb9d4b\"},\"headline\":\"Obras na VRS-835 em Paverama exigem aten\u00e7\u00e3o dos motoristas\",\"datePublished\":\"2022-09-22T20:09:16+00:00\",\"dateModified\":\"2022-09-22T20:09:19+00:00\",\"mainEntityOfPage\":{\"@id\":\"https:\\\/\\\/folhapopular.info\\\/index.php\\\/2022\\\/09\\\/22\\\/obras-na-vrs-835-em-paverama-exigem-atencao-dos-motoristas\\\/\"},\"wordCount\":101,\"commentCount\":0,\"image\":{\"@id\":\"https:\\\/\\\/folhapopular.info\\\/index.php\\\/2022\\\/09\\\/22\\\/obras-na-vrs-835-em-paverama-exigem-atencao-dos-motoristas\\\/#primaryimage\"},\"thumbnailUrl\":\"https:\\\/\\\/folhapopular.info\\\/wp-content\\\/uploads\\\/2022\\\/09\\\/DSCF8905-scaled-e1663877305683.jpg\",\"keywords\":[\"Motoristas\",\"Obras\",\"Paverama\",\"VRS-835\"],\"articleSection\":[\"Destaques\",\"Geral\"],\"inLanguage\":\"pt-BR\",\"potentialAction\":[{\"@type\":\"CommentAction\",\"name\":\"Comment\",\"target\":[\"https:\\\/\\\/folhapopular.info\\\/index.php\\\/2022\\\/09\\\/22\\\/obras-na-vrs-835-em-paverama-exigem-atencao-dos-motoristas\\\/#respond\"]}]},{\"@type\":\"WebPage\",\"@id\":\"https:\\\/\\\/folhapopular.info\\\/index.php\\\/2022\\\/09\\\/22\\\/obras-na-vrs-835-em-paverama-exigem-atencao-dos-motoristas\\\/\",\"url\":\"https:\\\/\\\/folhapopular.info\\\/index.php\\\/2022\\\/09\\\/22\\\/obras-na-vrs-835-em-paverama-exigem-atencao-dos-motoristas\\\/\",\"name\":\"Obras na VRS-835 em Paverama exigem aten\u00e7\u00e3o dos motoristas - Folha Popular\",\"isPartOf\":{\"@id\":\"https:\\\/\\\/folhapopular.info\\\/#website\"},\"primaryImageOfPage\":{\"@id\":\"https:\\\/\\\/folhapopular.info\\\/index.php\\\/2022\\\/09\\\/22\\\/obras-na-vrs-835-em-paverama-exigem-atencao-dos-motoristas\\\/#primaryimage\"},\"image\":{\"@id\":\"https:\\\/\\\/folhapopular.info\\\/index.php\\\/2022\\\/09\\\/22\\\/obras-na-vrs-835-em-paverama-exigem-atencao-dos-motoristas\\\/#primaryimage\"},\"thumbnailUrl\":\"https:\\\/\\\/folhapopular.info\\\/wp-content\\\/uploads\\\/2022\\\/09\\\/DSCF8905-scaled-e1663877305683.jpg\",\"datePublished\":\"2022-09-22T20:09:16+00:00\",\"dateModified\":\"2022-09-22T20:09:19+00:00\",\"author\":{\"@id\":\"https:\\\/\\\/folhapopular.info\\\/#\\\/schema\\\/person\\\/2814e8a0df7643585a9ca38bc6eb9d4b\"},\"breadcrumb\":{\"@id\":\"https:\\\/\\\/folhapopular.info\\\/index.php\\\/2022\\\/09\\\/22\\\/obras-na-vrs-835-em-paverama-exigem-atencao-dos-motoristas\\\/#breadcrumb\"},\"inLanguage\":\"pt-BR\",\"potentialAction\":[{\"@type\":\"ReadAction\",\"target\":[\"https:\\\/\\\/folhapopular.info\\\/index.php\\\/2022\\\/09\\\/22\\\/obras-na-vrs-835-em-paverama-exigem-atencao-dos-motoristas\\\/\"]}]},{\"@type\":\"ImageObject\",\"inLanguage\":\"pt-BR\",\"@id\":\"https:\\\/\\\/folhapopular.info\\\/index.php\\\/2022\\\/09\\\/22\\\/obras-na-vrs-835-em-paverama-exigem-atencao-dos-motoristas\\\/#primaryimage\",\"url\":\"https:\\\/\\\/folhapopular.info\\\/wp-content\\\/uploads\\\/2022\\\/09\\\/DSCF8905-scaled-e1663877305683.jpg\",\"contentUrl\":\"https:\\\/\\\/folhapopular.info\\\/wp-content\\\/uploads\\\/2022\\\/09\\\/DSCF8905-scaled-e1663877305683.jpg\",\"width\":1200,\"height\":676,\"caption\":\"Cr\u00e9dito: Divulga\u00e7\u00e3o\"},{\"@type\":\"BreadcrumbList\",\"@id\":\"https:\\\/\\\/folhapopular.info\\\/index.php\\\/2022\\\/09\\\/22\\\/obras-na-vrs-835-em-paverama-exigem-atencao-dos-motoristas\\\/#breadcrumb\",\"itemListElement\":[{\"@type\":\"ListItem\",\"position\":1,\"name\":\"In\u00edcio\",\"item\":\"https:\\\/\\\/folhapopular.info\\\/\"},{\"@type\":\"ListItem\",\"position\":2,\"name\":\"Obras na VRS-835 em Paverama exigem aten\u00e7\u00e3o dos motoristas\"}]},{\"@type\":\"WebSite\",\"@id\":\"https:\\\/\\\/folhapopular.info\\\/#website\",\"url\":\"https:\\\/\\\/folhapopular.info\\\/\",\"name\":\"Folha Popular\",\"description\":\"Onde voc\u00ea tem vez e voz\",\"potentialAction\":[{\"@type\":\"SearchAction\",\"target\":{\"@type\":\"EntryPoint\",\"urlTemplate\":\"https:\\\/\\\/folhapopular.info\\\/?s={search_term_string}\"},\"query-input\":{\"@type\":\"PropertyValueSpecification\",\"valueRequired\":true,\"valueName\":\"search_term_string\"}}],\"inLanguage\":\"pt-BR\"},{\"@type\":\"Person\",\"@id\":\"https:\\\/\\\/folhapopular.info\\\/#\\\/schema\\\/person\\\/2814e8a0df7643585a9ca38bc6eb9d4b\",\"name\":\"Reda\u00e7\u00e3o Folha Popular\",\"image\":{\"@type\":\"ImageObject\",\"inLanguage\":\"pt-BR\",\"@id\":\"https:\\\/\\\/folhapopular.info\\\/wp-content\\\/uploads\\\/2026\\\/04\\\/Folha-1.webp\",\"url\":\"https:\\\/\\\/folhapopular.info\\\/wp-content\\\/uploads\\\/2026\\\/04\\\/Folha-1.webp\",\"contentUrl\":\"https:\\\/\\\/folhapopular.info\\\/wp-content\\\/uploads\\\/2026\\\/04\\\/Folha-1.webp\",\"caption\":\"Reda\u00e7\u00e3o Folha Popular\"},\"url\":\"https:\\\/\\\/folhapopular.info\\\/index.php\\\/author\\\/redacao\\\/\"}]}<\/script>\n<!-- \/ Yoast SEO plugin. -->","yoast_head_json":{"title":"Obras na VRS-835 em Paverama exigem aten\u00e7\u00e3o dos motoristas - Folha Popular","robots":{"index":"index","follow":"follow","max-snippet":"max-snippet:-1","max-image-preview":"max-image-preview:large","max-video-preview":"max-video-preview:-1"},"canonical":"https:\/\/folhapopular.info\/index.php\/2022\/09\/22\/obras-na-vrs-835-em-paverama-exigem-atencao-dos-motoristas\/","og_locale":"pt_BR","og_type":"article","og_title":"Obras na VRS-835 em Paverama exigem aten\u00e7\u00e3o dos motoristas - Folha Popular","og_description":"As obras realizadas na rodovia VRS-835, em Paverama, progridem e exigem ainda mais aten\u00e7\u00e3o dos motoristas. M\u00e1quinas est\u00e3o sobre a pista para a coloca\u00e7\u00e3o de brita para a compacta\u00e7\u00e3o da base onde foi colocado a tubula\u00e7\u00e3o de drenagem pluvial, causando interrup\u00e7\u00f5es do tr\u00e2nsito em alguns instantes. Com a probabilidade de chuvas nos pr\u00f3ximos dias, motoristas [&hellip;]","og_url":"https:\/\/folhapopular.info\/index.php\/2022\/09\/22\/obras-na-vrs-835-em-paverama-exigem-atencao-dos-motoristas\/","og_site_name":"Folha Popular","article_published_time":"2022-09-22T20:09:16+00:00","article_modified_time":"2022-09-22T20:09:19+00:00","og_image":[{"width":1200,"height":676,"url":"http:\/\/folhapopular.info\/wp-content\/uploads\/2022\/09\/DSCF8905-scaled-e1663877305683.jpg","type":"image\/jpeg"}],"author":"Reda\u00e7\u00e3o Folha Popular","twitter_card":"summary_large_image","twitter_misc":{"Escrito por":"Reda\u00e7\u00e3o Folha Popular","Est. tempo de leitura":"1 minuto"},"schema":{"@context":"https:\/\/schema.org","@graph":[{"@type":"Article","@id":"https:\/\/folhapopular.info\/index.php\/2022\/09\/22\/obras-na-vrs-835-em-paverama-exigem-atencao-dos-motoristas\/#article","isPartOf":{"@id":"https:\/\/folhapopular.info\/index.php\/2022\/09\/22\/obras-na-vrs-835-em-paverama-exigem-atencao-dos-motoristas\/"},"author":{"name":"Reda\u00e7\u00e3o Folha Popular","@id":"https:\/\/folhapopular.info\/#\/schema\/person\/2814e8a0df7643585a9ca38bc6eb9d4b"},"headline":"Obras na VRS-835 em Paverama exigem aten\u00e7\u00e3o dos motoristas","datePublished":"2022-09-22T20:09:16+00:00","dateModified":"2022-09-22T20:09:19+00:00","mainEntityOfPage":{"@id":"https:\/\/folhapopular.info\/index.php\/2022\/09\/22\/obras-na-vrs-835-em-paverama-exigem-atencao-dos-motoristas\/"},"wordCount":101,"commentCount":0,"image":{"@id":"https:\/\/folhapopular.info\/index.php\/2022\/09\/22\/obras-na-vrs-835-em-paverama-exigem-atencao-dos-motoristas\/#primaryimage"},"thumbnailUrl":"https:\/\/folhapopular.info\/wp-content\/uploads\/2022\/09\/DSCF8905-scaled-e1663877305683.jpg","keywords":["Motoristas","Obras","Paverama","VRS-835"],"articleSection":["Destaques","Geral"],"inLanguage":"pt-BR","potentialAction":[{"@type":"CommentAction","name":"Comment","target":["https:\/\/folhapopular.info\/index.php\/2022\/09\/22\/obras-na-vrs-835-em-paverama-exigem-atencao-dos-motoristas\/#respond"]}]},{"@type":"WebPage","@id":"https:\/\/folhapopular.info\/index.php\/2022\/09\/22\/obras-na-vrs-835-em-paverama-exigem-atencao-dos-motoristas\/","url":"https:\/\/folhapopular.info\/index.php\/2022\/09\/22\/obras-na-vrs-835-em-paverama-exigem-atencao-dos-motoristas\/","name":"Obras na VRS-835 em Paverama exigem aten\u00e7\u00e3o dos motoristas - Folha Popular","isPartOf":{"@id":"https:\/\/folhapopular.info\/#website"},"primaryImageOfPage":{"@id":"https:\/\/folhapopular.info\/index.php\/2022\/09\/22\/obras-na-vrs-835-em-paverama-exigem-atencao-dos-motoristas\/#primaryimage"},"image":{"@id":"https:\/\/folhapopular.info\/index.php\/2022\/09\/22\/obras-na-vrs-835-em-paverama-exigem-atencao-dos-motoristas\/#primaryimage"},"thumbnailUrl":"https:\/\/folhapopular.info\/wp-content\/uploads\/2022\/09\/DSCF8905-scaled-e1663877305683.jpg","datePublished":"2022-09-22T20:09:16+00:00","dateModified":"2022-09-22T20:09:19+00:00","author":{"@id":"https:\/\/folhapopular.info\/#\/schema\/person\/2814e8a0df7643585a9ca38bc6eb9d4b"},"breadcrumb":{"@id":"https:\/\/folhapopular.info\/index.php\/2022\/09\/22\/obras-na-vrs-835-em-paverama-exigem-atencao-dos-motoristas\/#breadcrumb"},"inLanguage":"pt-BR","potentialAction":[{"@type":"ReadAction","target":["https:\/\/folhapopular.info\/index.php\/2022\/09\/22\/obras-na-vrs-835-em-paverama-exigem-atencao-dos-motoristas\/"]}]},{"@type":"ImageObject","inLanguage":"pt-BR","@id":"https:\/\/folhapopular.info\/index.php\/2022\/09\/22\/obras-na-vrs-835-em-paverama-exigem-atencao-dos-motoristas\/#primaryimage","url":"https:\/\/folhapopular.info\/wp-content\/uploads\/2022\/09\/DSCF8905-scaled-e1663877305683.jpg","contentUrl":"https:\/\/folhapopular.info\/wp-content\/uploads\/2022\/09\/DSCF8905-scaled-e1663877305683.jpg","width":1200,"height":676,"caption":"Cr\u00e9dito: Divulga\u00e7\u00e3o"},{"@type":"BreadcrumbList","@id":"https:\/\/folhapopular.info\/index.php\/2022\/09\/22\/obras-na-vrs-835-em-paverama-exigem-atencao-dos-motoristas\/#breadcrumb","itemListElement":[{"@type":"ListItem","position":1,"name":"In\u00edcio","item":"https:\/\/folhapopular.info\/"},{"@type":"ListItem","position":2,"name":"Obras na VRS-835 em Paverama exigem aten\u00e7\u00e3o dos motoristas"}]},{"@type":"WebSite","@id":"https:\/\/folhapopular.info\/#website","url":"https:\/\/folhapopular.info\/","name":"Folha Popular","description":"Onde voc\u00ea tem vez e voz","potentialAction":[{"@type":"SearchAction","target":{"@type":"EntryPoint","urlTemplate":"https:\/\/folhapopular.info\/?s={search_term_string}"},"query-input":{"@type":"PropertyValueSpecification","valueRequired":true,"valueName":"search_term_string"}}],"inLanguage":"pt-BR"},{"@type":"Person","@id":"https:\/\/folhapopular.info\/#\/schema\/person\/2814e8a0df7643585a9ca38bc6eb9d4b","name":"Reda\u00e7\u00e3o Folha Popular","image":{"@type":"ImageObject","inLanguage":"pt-BR","@id":"https:\/\/folhapopular.info\/wp-content\/uploads\/2026\/04\/Folha-1.webp","url":"https:\/\/folhapopular.info\/wp-content\/uploads\/2026\/04\/Folha-1.webp","contentUrl":"https:\/\/folhapopular.info\/wp-content\/uploads\/2026\/04\/Folha-1.webp","caption":"Reda\u00e7\u00e3o Folha Popular"},"url":"https:\/\/folhapopular.info\/index.php\/author\/redacao\/"}]}},"jetpack_featured_media_url":"https:\/\/folhapopular.info\/wp-content\/uploads\/2022\/09\/DSCF8905-scaled-e1663877305683.jpg","jetpack_sharing_enabled":true,"amp_enabled":true,"_links":{"self":[{"href":"https:\/\/folhapopular.info\/index.php\/wp-json\/wp\/v2\/posts\/113218","targetHints":{"allow":["GET"]}}],"collection":[{"href":"https:\/\/folhapopular.info\/index.php\/wp-json\/wp\/v2\/posts"}],"about":[{"href":"https:\/\/folhapopular.info\/index.php\/wp-json\/wp\/v2\/types\/post"}],"author":[{"embeddable":true,"href":"https:\/\/folhapopular.info\/index.php\/wp-json\/wp\/v2\/users\/8"}],"replies":[{"embeddable":true,"href":"https:\/\/folhapopular.info\/index.php\/wp-json\/wp\/v2\/comments?post=113218"}],"version-history":[{"count":0,"href":"https:\/\/folhapopular.info\/index.php\/wp-json\/wp\/v2\/posts\/113218\/revisions"}],"wp:featuredmedia":[{"embeddable":true,"href":"https:\/\/folhapopular.info\/index.php\/wp-json\/wp\/v2\/media\/113239"}],"wp:attachment":[{"href":"https:\/\/folhapopular.info\/index.php\/wp-json\/wp\/v2\/media?parent=113218"}],"wp:term":[{"taxonomy":"category","embeddable":true,"href":"https:\/\/folhapopular.info\/index.php\/wp-json\/wp\/v2\/categories?post=113218"},{"taxonomy":"post_tag","embeddable":true,"href":"https:\/\/folhapopular.info\/index.php\/wp-json\/wp\/v2\/tags?post=113218"}],"curies":[{"name":"wp","href":"https:\/\/api.w.org\/{rel}","templated":true}]}}