{"id":113330,"date":"2022-09-24T08:24:33","date_gmt":"2022-09-24T11:24:33","guid":{"rendered":"https:\/\/folhapopular.info\/?p=113330"},"modified":"2022-09-24T08:24:36","modified_gmt":"2022-09-24T11:24:36","slug":"sede-do-lar-opa-haus-completa-30-anos-de-inauguracao","status":"publish","type":"post","link":"https:\/\/folhapopular.info\/index.php\/2022\/09\/24\/sede-do-lar-opa-haus-completa-30-anos-de-inauguracao\/","title":{"rendered":"Sede do Lar Opa Haus completa 30 anos de inaugura\u00e7\u00e3o"},"content":{"rendered":"<p>Um pr\u00e9dio pode ser muito mais que uma constru\u00e7\u00e3o e uma fachada bonita, pode ser lugar de encontros, intera\u00e7\u00f5es e tamb\u00e9m pode ser espa\u00e7o para diferentes momentos e sentimentos. Um exemplo disso \u00e9 o lar de idosos Opa Haus, cuja sede est\u00e1 completando 30 anos na quinta-feira (29\/9). O local foi erguido e inaugurado em&#8230; <\/p>\n<div class=\"pmpro\">\n<div class=\"pmpro_card pmpro_content_message\">\n<div class=\"pmpro_card_content\">Este conte\u00fado \u00e9 apenas para associados Grupo Popular &#8211; Conte\u00fado Total Anual e Grupo Popular &#8211; Conte\u00fado Total Mensal. <br \/><a href=\"https:\/\/folhapopular.info\/wp-login.php?action=register\">Cadastre-se<\/a><\/div>\n<div class=\"pmpro_card_actions pmpro_font-medium\">J\u00e1 se associou? <a href=\"https:\/\/folhapopular.info\/wp-login.php?redirect_to=https%3A%2F%2Ffolhapopular.info%2Findex.php%2F2022%2F09%2F24%2Fsede-do-lar-opa-haus-completa-30-anos-de-inauguracao%2F\">Acesse aqui<\/a><\/div>\n<\/div>\n<\/div>\n","protected":false},"excerpt":{"rendered":"<p>Um pr\u00e9dio pode ser muito mais que uma constru\u00e7\u00e3o e uma fachada bonita, pode ser lugar de encontros, intera\u00e7\u00f5es e tamb\u00e9m pode ser espa\u00e7o para diferentes momentos e sentimentos. Um exemplo disso \u00e9 o lar de idosos Opa Haus, cuja sede est\u00e1 completando 30 anos na quinta-feira (29\/9). O local foi erguido e inaugurado em... <\/p>\n<div class=\"pmpro\"><div class=\"pmpro_card pmpro_content_message\"><div class=\"pmpro_card_content\">Este conte\u00fado \u00e9 apenas para associados Grupo Popular - Conte\u00fado Total Anual e Grupo Popular - Conte\u00fado Total Mensal. <br \/><a href=\"https:\/\/folhapopular.info\/wp-login.php?action=register\">Cadastre-se<\/a><\/div><div class=\"pmpro_card_actions pmpro_font-medium\">J\u00e1 se associou? <a href=\"https:\/\/folhapopular.info\/wp-login.php?redirect_to=https%3A%2F%2Ffolhapopular.info%2Findex.php%2F2022%2F09%2F24%2Fsede-do-lar-opa-haus-completa-30-anos-de-inauguracao%2F\">Acesse aqui<\/a><\/div><\/div><\/div>","protected":false},"author":636,"featured_media":113331,"comment_status":"open","ping_status":"open","sticky":false,"template":"","format":"standard","meta":{"pmpro_default_level":"","_jetpack_memberships_contains_paid_content":false,"footnotes":""},"categories":[5990,2,3],"tags":[599,545,4795,2137],"class_list":{"0":"post-113330","1":"post","2":"type-post","3":"status-publish","4":"format-standard","5":"has-post-thumbnail","7":"category-conteudo-exclusivo","8":"category-featured","9":"category-geral","10":"tag-idosos","11":"tag-inauguracao","12":"tag-opa-haus","13":"tag-trabalho","14":"pmpro-level-required","15":"pmpro-level-2","16":"pmpro-level-4","17":"pmpro-level-5","18":"pmpro-no-access"},"yoast_head":"<!-- This site is optimized with the Yoast SEO plugin v27.5 - https:\/\/yoast.com\/product\/yoast-seo-wordpress\/ -->\n<title>Sede do Lar Opa Haus completa 30 anos de inaugura\u00e7\u00e3o - Folha Popular<\/title>\n<meta name=\"robots\" content=\"index, follow, max-snippet:-1, max-image-preview:large, max-video-preview:-1\" \/>\n<link rel=\"canonical\" href=\"https:\/\/folhapopular.info\/index.php\/2022\/09\/24\/sede-do-lar-opa-haus-completa-30-anos-de-inauguracao\/\" \/>\n<meta property=\"og:locale\" content=\"pt_BR\" \/>\n<meta property=\"og:type\" content=\"article\" \/>\n<meta property=\"og:title\" content=\"Sede do Lar Opa Haus completa 30 anos de inaugura\u00e7\u00e3o - Folha Popular\" \/>\n<meta property=\"og:description\" content=\"Um pr\u00e9dio pode ser muito mais que uma constru\u00e7\u00e3o e uma fachada bonita, pode ser lugar de encontros, intera\u00e7\u00f5es e tamb\u00e9m pode ser espa\u00e7o para diferentes momentos e sentimentos. Um exemplo disso \u00e9 o lar de idosos Opa Haus, cuja sede est\u00e1 completando 30 anos na quinta-feira (29\/9). O local foi erguido e inaugurado em [&hellip;]\" \/>\n<meta property=\"og:url\" content=\"https:\/\/folhapopular.info\/index.php\/2022\/09\/24\/sede-do-lar-opa-haus-completa-30-anos-de-inauguracao\/\" \/>\n<meta property=\"og:site_name\" content=\"Folha Popular\" \/>\n<meta property=\"article:published_time\" content=\"2022-09-24T11:24:33+00:00\" \/>\n<meta property=\"article:modified_time\" content=\"2022-09-24T11:24:36+00:00\" \/>\n<meta property=\"og:image\" content=\"http:\/\/folhapopular.info\/wp-content\/uploads\/2022\/09\/WhatsApp-Image-2022-09-23-at-17.06.31-e1664018368955.jpeg\" \/>\n\t<meta property=\"og:image:width\" content=\"1200\" \/>\n\t<meta property=\"og:image:height\" content=\"802\" \/>\n\t<meta property=\"og:image:type\" content=\"image\/jpeg\" \/>\n<meta name=\"author\" content=\"Keila Gr\u00e4ff Anhaia\" \/>\n<meta name=\"twitter:card\" content=\"summary_large_image\" \/>\n<meta name=\"twitter:label1\" content=\"Escrito por\" \/>\n\t<meta name=\"twitter:data1\" content=\"Keila Gr\u00e4ff Anhaia\" \/>\n\t<meta name=\"twitter:label2\" content=\"Est. tempo de leitura\" \/>\n\t<meta name=\"twitter:data2\" content=\"3 minutos\" \/>\n<script type=\"application\/ld+json\" class=\"yoast-schema-graph\">{\"@context\":\"https:\\\/\\\/schema.org\",\"@graph\":[{\"@type\":\"Article\",\"@id\":\"https:\\\/\\\/folhapopular.info\\\/index.php\\\/2022\\\/09\\\/24\\\/sede-do-lar-opa-haus-completa-30-anos-de-inauguracao\\\/#article\",\"isPartOf\":{\"@id\":\"https:\\\/\\\/folhapopular.info\\\/index.php\\\/2022\\\/09\\\/24\\\/sede-do-lar-opa-haus-completa-30-anos-de-inauguracao\\\/\"},\"author\":{\"name\":\"Keila Gr\u00e4ff Anhaia\",\"@id\":\"https:\\\/\\\/folhapopular.info\\\/#\\\/schema\\\/person\\\/9a5695747e1046d5fac310c552cf6260\"},\"headline\":\"Sede do Lar Opa Haus completa 30 anos de inaugura\u00e7\u00e3o\",\"datePublished\":\"2022-09-24T11:24:33+00:00\",\"dateModified\":\"2022-09-24T11:24:36+00:00\",\"mainEntityOfPage\":{\"@id\":\"https:\\\/\\\/folhapopular.info\\\/index.php\\\/2022\\\/09\\\/24\\\/sede-do-lar-opa-haus-completa-30-anos-de-inauguracao\\\/\"},\"wordCount\":478,\"commentCount\":0,\"image\":{\"@id\":\"https:\\\/\\\/folhapopular.info\\\/index.php\\\/2022\\\/09\\\/24\\\/sede-do-lar-opa-haus-completa-30-anos-de-inauguracao\\\/#primaryimage\"},\"thumbnailUrl\":\"https:\\\/\\\/folhapopular.info\\\/wp-content\\\/uploads\\\/2022\\\/09\\\/WhatsApp-Image-2022-09-23-at-17.06.31-e1664018368955.jpeg\",\"keywords\":[\"Idosos\",\"Inaugura\u00e7\u00e3o\",\"opa haus\",\"trabalho\"],\"articleSection\":[\"Conte\u00fado Exclusivo\",\"Destaques\",\"Geral\"],\"inLanguage\":\"pt-BR\",\"potentialAction\":[{\"@type\":\"CommentAction\",\"name\":\"Comment\",\"target\":[\"https:\\\/\\\/folhapopular.info\\\/index.php\\\/2022\\\/09\\\/24\\\/sede-do-lar-opa-haus-completa-30-anos-de-inauguracao\\\/#respond\"]}]},{\"@type\":\"WebPage\",\"@id\":\"https:\\\/\\\/folhapopular.info\\\/index.php\\\/2022\\\/09\\\/24\\\/sede-do-lar-opa-haus-completa-30-anos-de-inauguracao\\\/\",\"url\":\"https:\\\/\\\/folhapopular.info\\\/index.php\\\/2022\\\/09\\\/24\\\/sede-do-lar-opa-haus-completa-30-anos-de-inauguracao\\\/\",\"name\":\"Sede do Lar Opa Haus completa 30 anos de inaugura\u00e7\u00e3o - Folha Popular\",\"isPartOf\":{\"@id\":\"https:\\\/\\\/folhapopular.info\\\/#website\"},\"primaryImageOfPage\":{\"@id\":\"https:\\\/\\\/folhapopular.info\\\/index.php\\\/2022\\\/09\\\/24\\\/sede-do-lar-opa-haus-completa-30-anos-de-inauguracao\\\/#primaryimage\"},\"image\":{\"@id\":\"https:\\\/\\\/folhapopular.info\\\/index.php\\\/2022\\\/09\\\/24\\\/sede-do-lar-opa-haus-completa-30-anos-de-inauguracao\\\/#primaryimage\"},\"thumbnailUrl\":\"https:\\\/\\\/folhapopular.info\\\/wp-content\\\/uploads\\\/2022\\\/09\\\/WhatsApp-Image-2022-09-23-at-17.06.31-e1664018368955.jpeg\",\"datePublished\":\"2022-09-24T11:24:33+00:00\",\"dateModified\":\"2022-09-24T11:24:36+00:00\",\"author\":{\"@id\":\"https:\\\/\\\/folhapopular.info\\\/#\\\/schema\\\/person\\\/9a5695747e1046d5fac310c552cf6260\"},\"breadcrumb\":{\"@id\":\"https:\\\/\\\/folhapopular.info\\\/index.php\\\/2022\\\/09\\\/24\\\/sede-do-lar-opa-haus-completa-30-anos-de-inauguracao\\\/#breadcrumb\"},\"inLanguage\":\"pt-BR\",\"potentialAction\":[{\"@type\":\"ReadAction\",\"target\":[\"https:\\\/\\\/folhapopular.info\\\/index.php\\\/2022\\\/09\\\/24\\\/sede-do-lar-opa-haus-completa-30-anos-de-inauguracao\\\/\"]}]},{\"@type\":\"ImageObject\",\"inLanguage\":\"pt-BR\",\"@id\":\"https:\\\/\\\/folhapopular.info\\\/index.php\\\/2022\\\/09\\\/24\\\/sede-do-lar-opa-haus-completa-30-anos-de-inauguracao\\\/#primaryimage\",\"url\":\"https:\\\/\\\/folhapopular.info\\\/wp-content\\\/uploads\\\/2022\\\/09\\\/WhatsApp-Image-2022-09-23-at-17.06.31-e1664018368955.jpeg\",\"contentUrl\":\"https:\\\/\\\/folhapopular.info\\\/wp-content\\\/uploads\\\/2022\\\/09\\\/WhatsApp-Image-2022-09-23-at-17.06.31-e1664018368955.jpeg\",\"width\":1200,\"height\":802,\"caption\":\"H\u00e1 30 anos o pr\u00e9dio da sede do lar recebe e acolhe idosos \\\/ Cr\u00e9dito: J\u00falia Caroline Geib \\\/ Arquivo FP\"},{\"@type\":\"BreadcrumbList\",\"@id\":\"https:\\\/\\\/folhapopular.info\\\/index.php\\\/2022\\\/09\\\/24\\\/sede-do-lar-opa-haus-completa-30-anos-de-inauguracao\\\/#breadcrumb\",\"itemListElement\":[{\"@type\":\"ListItem\",\"position\":1,\"name\":\"In\u00edcio\",\"item\":\"https:\\\/\\\/folhapopular.info\\\/\"},{\"@type\":\"ListItem\",\"position\":2,\"name\":\"Sede do Lar Opa Haus completa 30 anos de inaugura\u00e7\u00e3o\"}]},{\"@type\":\"WebSite\",\"@id\":\"https:\\\/\\\/folhapopular.info\\\/#website\",\"url\":\"https:\\\/\\\/folhapopular.info\\\/\",\"name\":\"Folha Popular\",\"description\":\"Onde voc\u00ea tem vez e voz\",\"potentialAction\":[{\"@type\":\"SearchAction\",\"target\":{\"@type\":\"EntryPoint\",\"urlTemplate\":\"https:\\\/\\\/folhapopular.info\\\/?s={search_term_string}\"},\"query-input\":{\"@type\":\"PropertyValueSpecification\",\"valueRequired\":true,\"valueName\":\"search_term_string\"}}],\"inLanguage\":\"pt-BR\"},{\"@type\":\"Person\",\"@id\":\"https:\\\/\\\/folhapopular.info\\\/#\\\/schema\\\/person\\\/9a5695747e1046d5fac310c552cf6260\",\"name\":\"Keila Gr\u00e4ff Anhaia\",\"image\":{\"@type\":\"ImageObject\",\"inLanguage\":\"pt-BR\",\"@id\":\"https:\\\/\\\/secure.gravatar.com\\\/avatar\\\/498ef5bfb389bc7ded562ad94f835a056e934ab779eb2a595c461a735cf74fba?s=96&d=mm&r=g\",\"url\":\"https:\\\/\\\/secure.gravatar.com\\\/avatar\\\/498ef5bfb389bc7ded562ad94f835a056e934ab779eb2a595c461a735cf74fba?s=96&d=mm&r=g\",\"contentUrl\":\"https:\\\/\\\/secure.gravatar.com\\\/avatar\\\/498ef5bfb389bc7ded562ad94f835a056e934ab779eb2a595c461a735cf74fba?s=96&d=mm&r=g\",\"caption\":\"Keila Gr\u00e4ff Anhaia\"},\"url\":\"https:\\\/\\\/folhapopular.info\\\/index.php\\\/author\\\/graffkeilagmail-com\\\/\"}]}<\/script>\n<!-- \/ Yoast SEO plugin. -->","yoast_head_json":{"title":"Sede do Lar Opa Haus completa 30 anos de inaugura\u00e7\u00e3o - Folha Popular","robots":{"index":"index","follow":"follow","max-snippet":"max-snippet:-1","max-image-preview":"max-image-preview:large","max-video-preview":"max-video-preview:-1"},"canonical":"https:\/\/folhapopular.info\/index.php\/2022\/09\/24\/sede-do-lar-opa-haus-completa-30-anos-de-inauguracao\/","og_locale":"pt_BR","og_type":"article","og_title":"Sede do Lar Opa Haus completa 30 anos de inaugura\u00e7\u00e3o - Folha Popular","og_description":"Um pr\u00e9dio pode ser muito mais que uma constru\u00e7\u00e3o e uma fachada bonita, pode ser lugar de encontros, intera\u00e7\u00f5es e tamb\u00e9m pode ser espa\u00e7o para diferentes momentos e sentimentos. Um exemplo disso \u00e9 o lar de idosos Opa Haus, cuja sede est\u00e1 completando 30 anos na quinta-feira (29\/9). O local foi erguido e inaugurado em [&hellip;]","og_url":"https:\/\/folhapopular.info\/index.php\/2022\/09\/24\/sede-do-lar-opa-haus-completa-30-anos-de-inauguracao\/","og_site_name":"Folha Popular","article_published_time":"2022-09-24T11:24:33+00:00","article_modified_time":"2022-09-24T11:24:36+00:00","og_image":[{"width":1200,"height":802,"url":"http:\/\/folhapopular.info\/wp-content\/uploads\/2022\/09\/WhatsApp-Image-2022-09-23-at-17.06.31-e1664018368955.jpeg","type":"image\/jpeg"}],"author":"Keila Gr\u00e4ff Anhaia","twitter_card":"summary_large_image","twitter_misc":{"Escrito por":"Keila Gr\u00e4ff Anhaia","Est. tempo de leitura":"3 minutos"},"schema":{"@context":"https:\/\/schema.org","@graph":[{"@type":"Article","@id":"https:\/\/folhapopular.info\/index.php\/2022\/09\/24\/sede-do-lar-opa-haus-completa-30-anos-de-inauguracao\/#article","isPartOf":{"@id":"https:\/\/folhapopular.info\/index.php\/2022\/09\/24\/sede-do-lar-opa-haus-completa-30-anos-de-inauguracao\/"},"author":{"name":"Keila Gr\u00e4ff Anhaia","@id":"https:\/\/folhapopular.info\/#\/schema\/person\/9a5695747e1046d5fac310c552cf6260"},"headline":"Sede do Lar Opa Haus completa 30 anos de inaugura\u00e7\u00e3o","datePublished":"2022-09-24T11:24:33+00:00","dateModified":"2022-09-24T11:24:36+00:00","mainEntityOfPage":{"@id":"https:\/\/folhapopular.info\/index.php\/2022\/09\/24\/sede-do-lar-opa-haus-completa-30-anos-de-inauguracao\/"},"wordCount":478,"commentCount":0,"image":{"@id":"https:\/\/folhapopular.info\/index.php\/2022\/09\/24\/sede-do-lar-opa-haus-completa-30-anos-de-inauguracao\/#primaryimage"},"thumbnailUrl":"https:\/\/folhapopular.info\/wp-content\/uploads\/2022\/09\/WhatsApp-Image-2022-09-23-at-17.06.31-e1664018368955.jpeg","keywords":["Idosos","Inaugura\u00e7\u00e3o","opa haus","trabalho"],"articleSection":["Conte\u00fado Exclusivo","Destaques","Geral"],"inLanguage":"pt-BR","potentialAction":[{"@type":"CommentAction","name":"Comment","target":["https:\/\/folhapopular.info\/index.php\/2022\/09\/24\/sede-do-lar-opa-haus-completa-30-anos-de-inauguracao\/#respond"]}]},{"@type":"WebPage","@id":"https:\/\/folhapopular.info\/index.php\/2022\/09\/24\/sede-do-lar-opa-haus-completa-30-anos-de-inauguracao\/","url":"https:\/\/folhapopular.info\/index.php\/2022\/09\/24\/sede-do-lar-opa-haus-completa-30-anos-de-inauguracao\/","name":"Sede do Lar Opa Haus completa 30 anos de inaugura\u00e7\u00e3o - Folha Popular","isPartOf":{"@id":"https:\/\/folhapopular.info\/#website"},"primaryImageOfPage":{"@id":"https:\/\/folhapopular.info\/index.php\/2022\/09\/24\/sede-do-lar-opa-haus-completa-30-anos-de-inauguracao\/#primaryimage"},"image":{"@id":"https:\/\/folhapopular.info\/index.php\/2022\/09\/24\/sede-do-lar-opa-haus-completa-30-anos-de-inauguracao\/#primaryimage"},"thumbnailUrl":"https:\/\/folhapopular.info\/wp-content\/uploads\/2022\/09\/WhatsApp-Image-2022-09-23-at-17.06.31-e1664018368955.jpeg","datePublished":"2022-09-24T11:24:33+00:00","dateModified":"2022-09-24T11:24:36+00:00","author":{"@id":"https:\/\/folhapopular.info\/#\/schema\/person\/9a5695747e1046d5fac310c552cf6260"},"breadcrumb":{"@id":"https:\/\/folhapopular.info\/index.php\/2022\/09\/24\/sede-do-lar-opa-haus-completa-30-anos-de-inauguracao\/#breadcrumb"},"inLanguage":"pt-BR","potentialAction":[{"@type":"ReadAction","target":["https:\/\/folhapopular.info\/index.php\/2022\/09\/24\/sede-do-lar-opa-haus-completa-30-anos-de-inauguracao\/"]}]},{"@type":"ImageObject","inLanguage":"pt-BR","@id":"https:\/\/folhapopular.info\/index.php\/2022\/09\/24\/sede-do-lar-opa-haus-completa-30-anos-de-inauguracao\/#primaryimage","url":"https:\/\/folhapopular.info\/wp-content\/uploads\/2022\/09\/WhatsApp-Image-2022-09-23-at-17.06.31-e1664018368955.jpeg","contentUrl":"https:\/\/folhapopular.info\/wp-content\/uploads\/2022\/09\/WhatsApp-Image-2022-09-23-at-17.06.31-e1664018368955.jpeg","width":1200,"height":802,"caption":"H\u00e1 30 anos o pr\u00e9dio da sede do lar recebe e acolhe idosos \/ Cr\u00e9dito: J\u00falia Caroline Geib \/ Arquivo FP"},{"@type":"BreadcrumbList","@id":"https:\/\/folhapopular.info\/index.php\/2022\/09\/24\/sede-do-lar-opa-haus-completa-30-anos-de-inauguracao\/#breadcrumb","itemListElement":[{"@type":"ListItem","position":1,"name":"In\u00edcio","item":"https:\/\/folhapopular.info\/"},{"@type":"ListItem","position":2,"name":"Sede do Lar Opa Haus completa 30 anos de inaugura\u00e7\u00e3o"}]},{"@type":"WebSite","@id":"https:\/\/folhapopular.info\/#website","url":"https:\/\/folhapopular.info\/","name":"Folha Popular","description":"Onde voc\u00ea tem vez e voz","potentialAction":[{"@type":"SearchAction","target":{"@type":"EntryPoint","urlTemplate":"https:\/\/folhapopular.info\/?s={search_term_string}"},"query-input":{"@type":"PropertyValueSpecification","valueRequired":true,"valueName":"search_term_string"}}],"inLanguage":"pt-BR"},{"@type":"Person","@id":"https:\/\/folhapopular.info\/#\/schema\/person\/9a5695747e1046d5fac310c552cf6260","name":"Keila Gr\u00e4ff Anhaia","image":{"@type":"ImageObject","inLanguage":"pt-BR","@id":"https:\/\/secure.gravatar.com\/avatar\/498ef5bfb389bc7ded562ad94f835a056e934ab779eb2a595c461a735cf74fba?s=96&d=mm&r=g","url":"https:\/\/secure.gravatar.com\/avatar\/498ef5bfb389bc7ded562ad94f835a056e934ab779eb2a595c461a735cf74fba?s=96&d=mm&r=g","contentUrl":"https:\/\/secure.gravatar.com\/avatar\/498ef5bfb389bc7ded562ad94f835a056e934ab779eb2a595c461a735cf74fba?s=96&d=mm&r=g","caption":"Keila Gr\u00e4ff Anhaia"},"url":"https:\/\/folhapopular.info\/index.php\/author\/graffkeilagmail-com\/"}]}},"jetpack_featured_media_url":"https:\/\/folhapopular.info\/wp-content\/uploads\/2022\/09\/WhatsApp-Image-2022-09-23-at-17.06.31-e1664018368955.jpeg","jetpack_sharing_enabled":true,"amp_enabled":true,"_links":{"self":[{"href":"https:\/\/folhapopular.info\/index.php\/wp-json\/wp\/v2\/posts\/113330","targetHints":{"allow":["GET"]}}],"collection":[{"href":"https:\/\/folhapopular.info\/index.php\/wp-json\/wp\/v2\/posts"}],"about":[{"href":"https:\/\/folhapopular.info\/index.php\/wp-json\/wp\/v2\/types\/post"}],"author":[{"embeddable":true,"href":"https:\/\/folhapopular.info\/index.php\/wp-json\/wp\/v2\/users\/636"}],"replies":[{"embeddable":true,"href":"https:\/\/folhapopular.info\/index.php\/wp-json\/wp\/v2\/comments?post=113330"}],"version-history":[{"count":0,"href":"https:\/\/folhapopular.info\/index.php\/wp-json\/wp\/v2\/posts\/113330\/revisions"}],"wp:featuredmedia":[{"embeddable":true,"href":"https:\/\/folhapopular.info\/index.php\/wp-json\/wp\/v2\/media\/113331"}],"wp:attachment":[{"href":"https:\/\/folhapopular.info\/index.php\/wp-json\/wp\/v2\/media?parent=113330"}],"wp:term":[{"taxonomy":"category","embeddable":true,"href":"https:\/\/folhapopular.info\/index.php\/wp-json\/wp\/v2\/categories?post=113330"},{"taxonomy":"post_tag","embeddable":true,"href":"https:\/\/folhapopular.info\/index.php\/wp-json\/wp\/v2\/tags?post=113330"}],"curies":[{"name":"wp","href":"https:\/\/api.w.org\/{rel}","templated":true}]}}