{"id":113546,"date":"2022-09-27T09:11:18","date_gmt":"2022-09-27T12:11:18","guid":{"rendered":"https:\/\/folhapopular.info\/?p=113546"},"modified":"2022-09-27T09:30:20","modified_gmt":"2022-09-27T12:30:20","slug":"cavalgada-reune-mais-de-150-cavaleiros-em-poco-das-antas","status":"publish","type":"post","link":"https:\/\/folhapopular.info\/index.php\/2022\/09\/27\/cavalgada-reune-mais-de-150-cavaleiros-em-poco-das-antas\/","title":{"rendered":"Cavalgada re\u00fane mais de 150 cavaleiros em Po\u00e7o das Antas"},"content":{"rendered":"\n<p>O domingo (25\/9) foi dia de celebrar o tradicionalismo ga\u00facho em Po\u00e7o das Antas. A administra\u00e7\u00e3o municipal realizou mais uma Cavalgada de Po\u00e7o das Antas, movida pelo sucesso da edi\u00e7\u00e3o anterior. A programa\u00e7\u00e3o foi promovida pela Secretaria de Educa\u00e7\u00e3o, Cultura, Desporto e Turismo e integra uma s\u00e9rie de a\u00e7\u00f5es que visa valorizar as tradi\u00e7\u00f5es ga\u00fachas na cidade.<\/p>\n\n\n\n<p>A programa\u00e7\u00e3o iniciou com caf\u00e9 da manh\u00e3 servido aos participantes junto ao Espa\u00e7o Benjamim, na Comunidade M\u00e3e de Deus, em Boa Vista. Do local, partiram os mais de 150 cavaleiros em dire\u00e7\u00e3o \u00e0 Pra\u00e7a Municipal, recebendo o acolhimento e o prest\u00edgio das pessoas que acompanhavam de suas casas, ou reunidas em grupos ao longo do trajeto.<\/p>\n\n\n\n<p>O grupo de cavaleiros foi antecedido por dois ve\u00edculos: um tem\u00e1tico, que servia churrasco e tocava m\u00fasica gauchesca, e o outro que levava as autoridades municipais pelo trajeto, com a presen\u00e7a de representantes do Executivo, Legislativo, secret\u00e1rios municipais e as soberanas.<\/p>\n\n\n\n<p>O p\u00fablico j\u00e1 aguardava o grupo da cavalgada na Pra\u00e7a Municipal, onde uma solenidade reuniu autoridades e contou com o pronunciamento da prefeita de Po\u00e7o das Antas, V\u00e2nia Brackmann. A chefe do Executivo externou a sua satisfa\u00e7\u00e3o em receber tantos visitantes e tamb\u00e9m por ver pessoas da comunidade local aderindo \u00e0s iniciativas que garantem a manuten\u00e7\u00e3o da tradi\u00e7\u00e3o ga\u00facha no munic\u00edpio. V\u00e2nia considerou que esse tipo de programa\u00e7\u00e3o apresenta e fortalece os potenciais de Po\u00e7o das Antas, agradecendo o empenho de todos os envolvidos.<\/p>\n\n\n\n<p>Ap\u00f3s a solenidade, foi vez do Grupo de Dan\u00e7as Ga\u00fachas de Po\u00e7o das Antas realizar a sua apresenta\u00e7\u00e3o, sob a coordena\u00e7\u00e3o do professor Diego de Oliveira. Findado o momento solene e cultural, os participantes da cavalgada receberam um presente do Munic\u00edpio de Po\u00e7o das Antas e puderam se dirigir ao almo\u00e7o, servido no Restaurante Antbau.<\/p>\n\n\n\n<p><strong>Fortalecendo tradi\u00e7\u00f5es e o turismo<\/strong><\/p>\n\n\n\n<p>Entre os objetivos tra\u00e7ados pela administra\u00e7\u00e3o municipal por meio da Cavalgada est\u00e1 o incentivo \u00e0 integra\u00e7\u00e3o das pessoas para usufruir dos espa\u00e7os de lazer e de conv\u00edvio do Munic\u00edpio. Al\u00e9m disso, busca apresentar aos visitantes os potenciais tur\u00edsticos, econ\u00f4micos, sociais e culturais de Po\u00e7o das Antas. E tamb\u00e9m proporcionar \u00e0 comunidade local e regional um evento que seja a manifesta\u00e7\u00e3o do tradicionalismo, em respeito \u00e0 hist\u00f3ria do Rio Grande do Sul, garantindo a manuten\u00e7\u00e3o e a promo\u00e7\u00e3o dos movimentos tradicionalistas ga\u00fachos atrav\u00e9s de suas diversas formas de representa\u00e7\u00e3o. Conforme o Munic\u00edpio, tais metas est\u00e3o sendo alcan\u00e7adas.<\/p>\n","protected":false},"excerpt":{"rendered":"<p>O domingo (25\/9) foi dia de celebrar o tradicionalismo ga\u00facho em Po\u00e7o das Antas. A administra\u00e7\u00e3o municipal realizou mais uma Cavalgada de Po\u00e7o das Antas, movida pelo sucesso da edi\u00e7\u00e3o anterior. A programa\u00e7\u00e3o foi promovida pela Secretaria de Educa\u00e7\u00e3o, Cultura, Desporto e Turismo e integra uma s\u00e9rie de a\u00e7\u00f5es que visa valorizar as tradi\u00e7\u00f5es ga\u00fachas [&hellip;]<\/p>\n","protected":false},"author":8,"featured_media":113548,"comment_status":"open","ping_status":"open","sticky":false,"template":"","format":"standard","meta":{"pmpro_default_level":"","_jetpack_memberships_contains_paid_content":false,"footnotes":""},"categories":[2,3],"tags":[3384,40,77],"class_list":{"0":"post-113546","1":"post","2":"type-post","3":"status-publish","4":"format-standard","5":"has-post-thumbnail","7":"category-featured","8":"category-geral","9":"tag-cavalgada","10":"tag-poco-das-antas","11":"tag-tradicionalismo","12":"pmpro-has-access"},"yoast_head":"<!-- This site is optimized with the Yoast SEO plugin v27.5 - https:\/\/yoast.com\/product\/yoast-seo-wordpress\/ -->\n<title>Cavalgada re\u00fane mais de 150 cavaleiros em Po\u00e7o das Antas - Folha Popular<\/title>\n<meta name=\"robots\" content=\"index, follow, max-snippet:-1, max-image-preview:large, max-video-preview:-1\" \/>\n<link rel=\"canonical\" href=\"https:\/\/folhapopular.info\/index.php\/2022\/09\/27\/cavalgada-reune-mais-de-150-cavaleiros-em-poco-das-antas\/\" \/>\n<meta property=\"og:locale\" content=\"pt_BR\" \/>\n<meta property=\"og:type\" content=\"article\" \/>\n<meta property=\"og:title\" content=\"Cavalgada re\u00fane mais de 150 cavaleiros em Po\u00e7o das Antas - Folha Popular\" \/>\n<meta property=\"og:description\" content=\"O domingo (25\/9) foi dia de celebrar o tradicionalismo ga\u00facho em Po\u00e7o das Antas. A administra\u00e7\u00e3o municipal realizou mais uma Cavalgada de Po\u00e7o das Antas, movida pelo sucesso da edi\u00e7\u00e3o anterior. A programa\u00e7\u00e3o foi promovida pela Secretaria de Educa\u00e7\u00e3o, Cultura, Desporto e Turismo e integra uma s\u00e9rie de a\u00e7\u00f5es que visa valorizar as tradi\u00e7\u00f5es ga\u00fachas [&hellip;]\" \/>\n<meta property=\"og:url\" content=\"https:\/\/folhapopular.info\/index.php\/2022\/09\/27\/cavalgada-reune-mais-de-150-cavaleiros-em-poco-das-antas\/\" \/>\n<meta property=\"og:site_name\" content=\"Folha Popular\" \/>\n<meta property=\"article:published_time\" content=\"2022-09-27T12:11:18+00:00\" \/>\n<meta property=\"article:modified_time\" content=\"2022-09-27T12:30:20+00:00\" \/>\n<meta property=\"og:image\" content=\"http:\/\/folhapopular.info\/wp-content\/uploads\/2022\/09\/Cavalgada-Poco_Div-scaled-e1664280663459.jpg\" \/>\n\t<meta property=\"og:image:width\" content=\"1200\" \/>\n\t<meta property=\"og:image:height\" content=\"800\" \/>\n\t<meta property=\"og:image:type\" content=\"image\/jpeg\" \/>\n<meta name=\"author\" content=\"Reda\u00e7\u00e3o Folha Popular\" \/>\n<meta name=\"twitter:card\" content=\"summary_large_image\" \/>\n<meta name=\"twitter:label1\" content=\"Escrito por\" \/>\n\t<meta name=\"twitter:data1\" content=\"Reda\u00e7\u00e3o Folha Popular\" \/>\n\t<meta name=\"twitter:label2\" content=\"Est. tempo de leitura\" \/>\n\t<meta name=\"twitter:data2\" content=\"3 minutos\" \/>\n<script type=\"application\/ld+json\" class=\"yoast-schema-graph\">{\"@context\":\"https:\\\/\\\/schema.org\",\"@graph\":[{\"@type\":\"Article\",\"@id\":\"https:\\\/\\\/folhapopular.info\\\/index.php\\\/2022\\\/09\\\/27\\\/cavalgada-reune-mais-de-150-cavaleiros-em-poco-das-antas\\\/#article\",\"isPartOf\":{\"@id\":\"https:\\\/\\\/folhapopular.info\\\/index.php\\\/2022\\\/09\\\/27\\\/cavalgada-reune-mais-de-150-cavaleiros-em-poco-das-antas\\\/\"},\"author\":{\"name\":\"Reda\u00e7\u00e3o Folha Popular\",\"@id\":\"https:\\\/\\\/folhapopular.info\\\/#\\\/schema\\\/person\\\/2814e8a0df7643585a9ca38bc6eb9d4b\"},\"headline\":\"Cavalgada re\u00fane mais de 150 cavaleiros em Po\u00e7o das Antas\",\"datePublished\":\"2022-09-27T12:11:18+00:00\",\"dateModified\":\"2022-09-27T12:30:20+00:00\",\"mainEntityOfPage\":{\"@id\":\"https:\\\/\\\/folhapopular.info\\\/index.php\\\/2022\\\/09\\\/27\\\/cavalgada-reune-mais-de-150-cavaleiros-em-poco-das-antas\\\/\"},\"wordCount\":465,\"commentCount\":0,\"image\":{\"@id\":\"https:\\\/\\\/folhapopular.info\\\/index.php\\\/2022\\\/09\\\/27\\\/cavalgada-reune-mais-de-150-cavaleiros-em-poco-das-antas\\\/#primaryimage\"},\"thumbnailUrl\":\"https:\\\/\\\/folhapopular.info\\\/wp-content\\\/uploads\\\/2022\\\/09\\\/Cavalgada-Poco_Div-scaled-e1664280663459.jpg\",\"keywords\":[\"Cavalgada\",\"Po\u00e7o das Antas\",\"Tradicionalismo\"],\"articleSection\":[\"Destaques\",\"Geral\"],\"inLanguage\":\"pt-BR\",\"potentialAction\":[{\"@type\":\"CommentAction\",\"name\":\"Comment\",\"target\":[\"https:\\\/\\\/folhapopular.info\\\/index.php\\\/2022\\\/09\\\/27\\\/cavalgada-reune-mais-de-150-cavaleiros-em-poco-das-antas\\\/#respond\"]}]},{\"@type\":\"WebPage\",\"@id\":\"https:\\\/\\\/folhapopular.info\\\/index.php\\\/2022\\\/09\\\/27\\\/cavalgada-reune-mais-de-150-cavaleiros-em-poco-das-antas\\\/\",\"url\":\"https:\\\/\\\/folhapopular.info\\\/index.php\\\/2022\\\/09\\\/27\\\/cavalgada-reune-mais-de-150-cavaleiros-em-poco-das-antas\\\/\",\"name\":\"Cavalgada re\u00fane mais de 150 cavaleiros em Po\u00e7o das Antas - Folha Popular\",\"isPartOf\":{\"@id\":\"https:\\\/\\\/folhapopular.info\\\/#website\"},\"primaryImageOfPage\":{\"@id\":\"https:\\\/\\\/folhapopular.info\\\/index.php\\\/2022\\\/09\\\/27\\\/cavalgada-reune-mais-de-150-cavaleiros-em-poco-das-antas\\\/#primaryimage\"},\"image\":{\"@id\":\"https:\\\/\\\/folhapopular.info\\\/index.php\\\/2022\\\/09\\\/27\\\/cavalgada-reune-mais-de-150-cavaleiros-em-poco-das-antas\\\/#primaryimage\"},\"thumbnailUrl\":\"https:\\\/\\\/folhapopular.info\\\/wp-content\\\/uploads\\\/2022\\\/09\\\/Cavalgada-Poco_Div-scaled-e1664280663459.jpg\",\"datePublished\":\"2022-09-27T12:11:18+00:00\",\"dateModified\":\"2022-09-27T12:30:20+00:00\",\"author\":{\"@id\":\"https:\\\/\\\/folhapopular.info\\\/#\\\/schema\\\/person\\\/2814e8a0df7643585a9ca38bc6eb9d4b\"},\"breadcrumb\":{\"@id\":\"https:\\\/\\\/folhapopular.info\\\/index.php\\\/2022\\\/09\\\/27\\\/cavalgada-reune-mais-de-150-cavaleiros-em-poco-das-antas\\\/#breadcrumb\"},\"inLanguage\":\"pt-BR\",\"potentialAction\":[{\"@type\":\"ReadAction\",\"target\":[\"https:\\\/\\\/folhapopular.info\\\/index.php\\\/2022\\\/09\\\/27\\\/cavalgada-reune-mais-de-150-cavaleiros-em-poco-das-antas\\\/\"]}]},{\"@type\":\"ImageObject\",\"inLanguage\":\"pt-BR\",\"@id\":\"https:\\\/\\\/folhapopular.info\\\/index.php\\\/2022\\\/09\\\/27\\\/cavalgada-reune-mais-de-150-cavaleiros-em-poco-das-antas\\\/#primaryimage\",\"url\":\"https:\\\/\\\/folhapopular.info\\\/wp-content\\\/uploads\\\/2022\\\/09\\\/Cavalgada-Poco_Div-scaled-e1664280663459.jpg\",\"contentUrl\":\"https:\\\/\\\/folhapopular.info\\\/wp-content\\\/uploads\\\/2022\\\/09\\\/Cavalgada-Poco_Div-scaled-e1664280663459.jpg\",\"width\":1200,\"height\":800,\"caption\":\"Grupo fez o trajeto de Boa Vista at\u00e9 o Centro\"},{\"@type\":\"BreadcrumbList\",\"@id\":\"https:\\\/\\\/folhapopular.info\\\/index.php\\\/2022\\\/09\\\/27\\\/cavalgada-reune-mais-de-150-cavaleiros-em-poco-das-antas\\\/#breadcrumb\",\"itemListElement\":[{\"@type\":\"ListItem\",\"position\":1,\"name\":\"In\u00edcio\",\"item\":\"https:\\\/\\\/folhapopular.info\\\/\"},{\"@type\":\"ListItem\",\"position\":2,\"name\":\"Cavalgada re\u00fane mais de 150 cavaleiros em Po\u00e7o das Antas\"}]},{\"@type\":\"WebSite\",\"@id\":\"https:\\\/\\\/folhapopular.info\\\/#website\",\"url\":\"https:\\\/\\\/folhapopular.info\\\/\",\"name\":\"Folha Popular\",\"description\":\"Onde voc\u00ea tem vez e voz\",\"potentialAction\":[{\"@type\":\"SearchAction\",\"target\":{\"@type\":\"EntryPoint\",\"urlTemplate\":\"https:\\\/\\\/folhapopular.info\\\/?s={search_term_string}\"},\"query-input\":{\"@type\":\"PropertyValueSpecification\",\"valueRequired\":true,\"valueName\":\"search_term_string\"}}],\"inLanguage\":\"pt-BR\"},{\"@type\":\"Person\",\"@id\":\"https:\\\/\\\/folhapopular.info\\\/#\\\/schema\\\/person\\\/2814e8a0df7643585a9ca38bc6eb9d4b\",\"name\":\"Reda\u00e7\u00e3o Folha Popular\",\"image\":{\"@type\":\"ImageObject\",\"inLanguage\":\"pt-BR\",\"@id\":\"https:\\\/\\\/folhapopular.info\\\/wp-content\\\/uploads\\\/2026\\\/04\\\/Folha-1.webp\",\"url\":\"https:\\\/\\\/folhapopular.info\\\/wp-content\\\/uploads\\\/2026\\\/04\\\/Folha-1.webp\",\"contentUrl\":\"https:\\\/\\\/folhapopular.info\\\/wp-content\\\/uploads\\\/2026\\\/04\\\/Folha-1.webp\",\"caption\":\"Reda\u00e7\u00e3o Folha Popular\"},\"url\":\"https:\\\/\\\/folhapopular.info\\\/index.php\\\/author\\\/redacao\\\/\"}]}<\/script>\n<!-- \/ Yoast SEO plugin. -->","yoast_head_json":{"title":"Cavalgada re\u00fane mais de 150 cavaleiros em Po\u00e7o das Antas - Folha Popular","robots":{"index":"index","follow":"follow","max-snippet":"max-snippet:-1","max-image-preview":"max-image-preview:large","max-video-preview":"max-video-preview:-1"},"canonical":"https:\/\/folhapopular.info\/index.php\/2022\/09\/27\/cavalgada-reune-mais-de-150-cavaleiros-em-poco-das-antas\/","og_locale":"pt_BR","og_type":"article","og_title":"Cavalgada re\u00fane mais de 150 cavaleiros em Po\u00e7o das Antas - Folha Popular","og_description":"O domingo (25\/9) foi dia de celebrar o tradicionalismo ga\u00facho em Po\u00e7o das Antas. A administra\u00e7\u00e3o municipal realizou mais uma Cavalgada de Po\u00e7o das Antas, movida pelo sucesso da edi\u00e7\u00e3o anterior. A programa\u00e7\u00e3o foi promovida pela Secretaria de Educa\u00e7\u00e3o, Cultura, Desporto e Turismo e integra uma s\u00e9rie de a\u00e7\u00f5es que visa valorizar as tradi\u00e7\u00f5es ga\u00fachas [&hellip;]","og_url":"https:\/\/folhapopular.info\/index.php\/2022\/09\/27\/cavalgada-reune-mais-de-150-cavaleiros-em-poco-das-antas\/","og_site_name":"Folha Popular","article_published_time":"2022-09-27T12:11:18+00:00","article_modified_time":"2022-09-27T12:30:20+00:00","og_image":[{"width":1200,"height":800,"url":"http:\/\/folhapopular.info\/wp-content\/uploads\/2022\/09\/Cavalgada-Poco_Div-scaled-e1664280663459.jpg","type":"image\/jpeg"}],"author":"Reda\u00e7\u00e3o Folha Popular","twitter_card":"summary_large_image","twitter_misc":{"Escrito por":"Reda\u00e7\u00e3o Folha Popular","Est. tempo de leitura":"3 minutos"},"schema":{"@context":"https:\/\/schema.org","@graph":[{"@type":"Article","@id":"https:\/\/folhapopular.info\/index.php\/2022\/09\/27\/cavalgada-reune-mais-de-150-cavaleiros-em-poco-das-antas\/#article","isPartOf":{"@id":"https:\/\/folhapopular.info\/index.php\/2022\/09\/27\/cavalgada-reune-mais-de-150-cavaleiros-em-poco-das-antas\/"},"author":{"name":"Reda\u00e7\u00e3o Folha Popular","@id":"https:\/\/folhapopular.info\/#\/schema\/person\/2814e8a0df7643585a9ca38bc6eb9d4b"},"headline":"Cavalgada re\u00fane mais de 150 cavaleiros em Po\u00e7o das Antas","datePublished":"2022-09-27T12:11:18+00:00","dateModified":"2022-09-27T12:30:20+00:00","mainEntityOfPage":{"@id":"https:\/\/folhapopular.info\/index.php\/2022\/09\/27\/cavalgada-reune-mais-de-150-cavaleiros-em-poco-das-antas\/"},"wordCount":465,"commentCount":0,"image":{"@id":"https:\/\/folhapopular.info\/index.php\/2022\/09\/27\/cavalgada-reune-mais-de-150-cavaleiros-em-poco-das-antas\/#primaryimage"},"thumbnailUrl":"https:\/\/folhapopular.info\/wp-content\/uploads\/2022\/09\/Cavalgada-Poco_Div-scaled-e1664280663459.jpg","keywords":["Cavalgada","Po\u00e7o das Antas","Tradicionalismo"],"articleSection":["Destaques","Geral"],"inLanguage":"pt-BR","potentialAction":[{"@type":"CommentAction","name":"Comment","target":["https:\/\/folhapopular.info\/index.php\/2022\/09\/27\/cavalgada-reune-mais-de-150-cavaleiros-em-poco-das-antas\/#respond"]}]},{"@type":"WebPage","@id":"https:\/\/folhapopular.info\/index.php\/2022\/09\/27\/cavalgada-reune-mais-de-150-cavaleiros-em-poco-das-antas\/","url":"https:\/\/folhapopular.info\/index.php\/2022\/09\/27\/cavalgada-reune-mais-de-150-cavaleiros-em-poco-das-antas\/","name":"Cavalgada re\u00fane mais de 150 cavaleiros em Po\u00e7o das Antas - Folha Popular","isPartOf":{"@id":"https:\/\/folhapopular.info\/#website"},"primaryImageOfPage":{"@id":"https:\/\/folhapopular.info\/index.php\/2022\/09\/27\/cavalgada-reune-mais-de-150-cavaleiros-em-poco-das-antas\/#primaryimage"},"image":{"@id":"https:\/\/folhapopular.info\/index.php\/2022\/09\/27\/cavalgada-reune-mais-de-150-cavaleiros-em-poco-das-antas\/#primaryimage"},"thumbnailUrl":"https:\/\/folhapopular.info\/wp-content\/uploads\/2022\/09\/Cavalgada-Poco_Div-scaled-e1664280663459.jpg","datePublished":"2022-09-27T12:11:18+00:00","dateModified":"2022-09-27T12:30:20+00:00","author":{"@id":"https:\/\/folhapopular.info\/#\/schema\/person\/2814e8a0df7643585a9ca38bc6eb9d4b"},"breadcrumb":{"@id":"https:\/\/folhapopular.info\/index.php\/2022\/09\/27\/cavalgada-reune-mais-de-150-cavaleiros-em-poco-das-antas\/#breadcrumb"},"inLanguage":"pt-BR","potentialAction":[{"@type":"ReadAction","target":["https:\/\/folhapopular.info\/index.php\/2022\/09\/27\/cavalgada-reune-mais-de-150-cavaleiros-em-poco-das-antas\/"]}]},{"@type":"ImageObject","inLanguage":"pt-BR","@id":"https:\/\/folhapopular.info\/index.php\/2022\/09\/27\/cavalgada-reune-mais-de-150-cavaleiros-em-poco-das-antas\/#primaryimage","url":"https:\/\/folhapopular.info\/wp-content\/uploads\/2022\/09\/Cavalgada-Poco_Div-scaled-e1664280663459.jpg","contentUrl":"https:\/\/folhapopular.info\/wp-content\/uploads\/2022\/09\/Cavalgada-Poco_Div-scaled-e1664280663459.jpg","width":1200,"height":800,"caption":"Grupo fez o trajeto de Boa Vista at\u00e9 o Centro"},{"@type":"BreadcrumbList","@id":"https:\/\/folhapopular.info\/index.php\/2022\/09\/27\/cavalgada-reune-mais-de-150-cavaleiros-em-poco-das-antas\/#breadcrumb","itemListElement":[{"@type":"ListItem","position":1,"name":"In\u00edcio","item":"https:\/\/folhapopular.info\/"},{"@type":"ListItem","position":2,"name":"Cavalgada re\u00fane mais de 150 cavaleiros em Po\u00e7o das Antas"}]},{"@type":"WebSite","@id":"https:\/\/folhapopular.info\/#website","url":"https:\/\/folhapopular.info\/","name":"Folha Popular","description":"Onde voc\u00ea tem vez e voz","potentialAction":[{"@type":"SearchAction","target":{"@type":"EntryPoint","urlTemplate":"https:\/\/folhapopular.info\/?s={search_term_string}"},"query-input":{"@type":"PropertyValueSpecification","valueRequired":true,"valueName":"search_term_string"}}],"inLanguage":"pt-BR"},{"@type":"Person","@id":"https:\/\/folhapopular.info\/#\/schema\/person\/2814e8a0df7643585a9ca38bc6eb9d4b","name":"Reda\u00e7\u00e3o Folha Popular","image":{"@type":"ImageObject","inLanguage":"pt-BR","@id":"https:\/\/folhapopular.info\/wp-content\/uploads\/2026\/04\/Folha-1.webp","url":"https:\/\/folhapopular.info\/wp-content\/uploads\/2026\/04\/Folha-1.webp","contentUrl":"https:\/\/folhapopular.info\/wp-content\/uploads\/2026\/04\/Folha-1.webp","caption":"Reda\u00e7\u00e3o Folha Popular"},"url":"https:\/\/folhapopular.info\/index.php\/author\/redacao\/"}]}},"jetpack_featured_media_url":"https:\/\/folhapopular.info\/wp-content\/uploads\/2022\/09\/Cavalgada-Poco_Div-scaled-e1664280663459.jpg","jetpack_sharing_enabled":true,"amp_enabled":true,"_links":{"self":[{"href":"https:\/\/folhapopular.info\/index.php\/wp-json\/wp\/v2\/posts\/113546","targetHints":{"allow":["GET"]}}],"collection":[{"href":"https:\/\/folhapopular.info\/index.php\/wp-json\/wp\/v2\/posts"}],"about":[{"href":"https:\/\/folhapopular.info\/index.php\/wp-json\/wp\/v2\/types\/post"}],"author":[{"embeddable":true,"href":"https:\/\/folhapopular.info\/index.php\/wp-json\/wp\/v2\/users\/8"}],"replies":[{"embeddable":true,"href":"https:\/\/folhapopular.info\/index.php\/wp-json\/wp\/v2\/comments?post=113546"}],"version-history":[{"count":0,"href":"https:\/\/folhapopular.info\/index.php\/wp-json\/wp\/v2\/posts\/113546\/revisions"}],"wp:featuredmedia":[{"embeddable":true,"href":"https:\/\/folhapopular.info\/index.php\/wp-json\/wp\/v2\/media\/113548"}],"wp:attachment":[{"href":"https:\/\/folhapopular.info\/index.php\/wp-json\/wp\/v2\/media?parent=113546"}],"wp:term":[{"taxonomy":"category","embeddable":true,"href":"https:\/\/folhapopular.info\/index.php\/wp-json\/wp\/v2\/categories?post=113546"},{"taxonomy":"post_tag","embeddable":true,"href":"https:\/\/folhapopular.info\/index.php\/wp-json\/wp\/v2\/tags?post=113546"}],"curies":[{"name":"wp","href":"https:\/\/api.w.org\/{rel}","templated":true}]}}