{"id":113648,"date":"2022-09-28T16:00:12","date_gmt":"2022-09-28T19:00:12","guid":{"rendered":"https:\/\/folhapopular.info\/?p=113648"},"modified":"2022-09-28T16:00:15","modified_gmt":"2022-09-28T19:00:15","slug":"dalessandro-palestra-na-univates-em-novembro","status":"publish","type":"post","link":"https:\/\/folhapopular.info\/index.php\/2022\/09\/28\/dalessandro-palestra-na-univates-em-novembro\/","title":{"rendered":"D\u2019Alessandro palestra na Univates em novembro"},"content":{"rendered":"\n<p>No dia 10 de novembro (quinta-feira), \u00e0s 19h30, o ex-meio de campo do Sport Club Internacional Andr\u00e9s D\u2019Alessandro sobe ao palco do Teatro Univates para ministrar a palestra \u201cD\u2019Ale: o \u00eddolo como voc\u00ea nunca viu!\u201d. Ele abre seu cora\u00e7\u00e3o e fala sobre os bastidores do futebol, suas gl\u00f3rias e detalhes da sua carreira.\u00a0<\/p>\n\n\n\n<p>Os ingressos para o evento t\u00eam valores que variam de R$ 50,00 a R$ 150,00 e podem ser adquiridos diretamente no <a href=\"http:\/\/www.univates.br\/teatro\" target=\"_blank\" rel=\"noreferrer noopener\"><em>site<\/em> do Teatro Univates<\/a>. Para este espet\u00e1culo h\u00e1 um ponto de venda presencial, no Pr\u00e9dio 1 da Univates \u2012 avenida Avelino Talini, 171, Pr\u00e9dio 1, sala 110. O atendimento \u00e9 de segunda a sexta-feira, das 8h \u00e0s 12h e das 13h \u00e0s 22h, e aos s\u00e1bados, das 8h \u00e0s 12h. As formas de pagamento aceitas na compra do ingresso na Univates s\u00e3o cart\u00e3o de d\u00e9bito ou cr\u00e9dito e Pix.&nbsp;<\/p>\n\n\n\n<p>Em caso de d\u00favidas sobre a palestra, contate o Teatro Univates pelo telefone (51) 3714-7000, ramal 5946, ou pelo <em>e-mail<\/em> bilheteria@univates.br.\u00a0<\/p>\n\n\n\n<p><strong>Carreira&nbsp;<\/strong><\/p>\n\n\n\n<p>Se perguntarem a Andr\u00e9s Nicol\u00e1s D\u2019Alessandro sobre sua paix\u00e3o pelo futebol e de onde surgiu o interesse em ser um jogador profissional, ele responder\u00e1: \u201cAcho que nasci com o futebol na cabe\u00e7a\u201d. Foi assim, com a certeza de sua escolha e a obsess\u00e3o por vencer, que \u201c<em>El Cabez\u00f3n<\/em>\u201d sempre levou sua vida no mundo da bola.&nbsp;<\/p>\n\n\n\n<p>Dos primeiros passos no \u201c<em>baby f\u00fatbol<\/em>\u201d \u2012 esp\u00e9cie de futebol de sal\u00e3o praticado na Argentina \u2012 at\u00e9 os toques de classe com a camisa 15 da Sele\u00e7\u00e3o Argentina, D\u2019Alessandro enfrentou dificuldades, passou por maus momentos, mas nada, em absoluto, que o deixasse se abater ou desistir de seu destino no futebol. Foi aos nove anos que D\u2019Ale iniciou sua trajet\u00f3ria no futebol, nas escolinhas do River Plate.<\/p>\n\n\n\n<p>Ap\u00f3s 22 anos de atividade no futebol, D\u2019Alessandro encerrou sua carreira como jogador com a camisa do Internacional em abril de 2022, na vit\u00f3ria sobre o Fortaleza no Campeonato Brasileiro. O argentino \u00e9 o segundo futebolista com mais apresenta\u00e7\u00f5es na hist\u00f3ria do Clube, com 529 partidas. Marcou tamb\u00e9m 97 gols e 113 assist\u00eancias, conquistando 13 t\u00edtulos. Em 2010, campe\u00e3o e protagonista no t\u00edtulo da Copa Libertadores, foi eleito o melhor jogador em atividade na Am\u00e9rica do Sul.&nbsp;&nbsp;<\/p>\n\n\n\n<p>D\u2019Ale atuou ainda em outros cinco clubes durante sua trajet\u00f3ria: River Plate e San Lorenzo, da Argentina; Wolfsburg, da Alemanha; Portsmouth, da Inglaterra; e Real Zaragoza, da Espanha, al\u00e9m de ter defendido a Sele\u00e7\u00e3o Argentina, pela qual venceu o Mundial Sub-20, os Jogos Ol\u00edmpicos 2004 e chegou ao vice-campeonato da Copa Am\u00e9rica 2004.&nbsp;<\/p>\n\n\n\n<p><strong>Projetos sociais<\/strong><\/p>\n\n\n\n<p>Fora dos campos, D\u2019Ale tornou-se refer\u00eancia na \u00e1rea social ao desenvolver e executar, como embaixador, o evento Lance de Craque. Em seis edi\u00e7\u00f5es, a partir de 2014, o projeto arrecadou mais de R$ 3 milh\u00f5es, doados para 30 institui\u00e7\u00f5es sociais e entidades assistenciais do Rio Grande do Sul.&nbsp;&nbsp;<\/p>\n\n\n\n<p>O craque tamb\u00e9m \u00e9 embaixador do Instituto do C\u00e2ncer Infantil para toda Am\u00e9rica Latina (ICI). A institui\u00e7\u00e3o h\u00e1 30 anos assiste crian\u00e7as e adolescentes, de 0 a 19 anos, com c\u00e2ncer, visando a aumentar os \u00edndices de cura e a qualidade de vida dos pacientes e seus familiares.&nbsp;<\/p>\n\n\n\n<p><strong>Ao todo D\u2019Alessandro contabiliza:<\/strong><\/p>\n\n\n\n<ul class=\"wp-block-list\"><li>17 t\u00edtulos conquistados;<\/li><li>mais de 800 jogos como atleta profissional;&nbsp;<\/li><li>mais de 100 gols feitos;<\/li><li>o t\u00edtulo de \u201cRei da Am\u00e9rica\u201d em 2010.<\/li><\/ul>\n\n\n\n<p>Ele tamb\u00e9m ser\u00e1 comentarista do SportTV nas transmiss\u00f5es da Copa do Mundo Catar 2022.<\/p>\n","protected":false},"excerpt":{"rendered":"<p>No dia 10 de novembro (quinta-feira), \u00e0s 19h30, o ex-meio de campo do Sport Club Internacional Andr\u00e9s D\u2019Alessandro sobe ao palco do Teatro Univates para ministrar a palestra \u201cD\u2019Ale: o \u00eddolo como voc\u00ea nunca viu!\u201d. Ele abre seu cora\u00e7\u00e3o e fala sobre os bastidores do futebol, suas gl\u00f3rias e detalhes da sua carreira.\u00a0 Os ingressos [&hellip;]<\/p>\n","protected":false},"author":8,"featured_media":113649,"comment_status":"open","ping_status":"open","sticky":false,"template":"","format":"standard","meta":{"pmpro_default_level":"","_jetpack_memberships_contains_paid_content":false,"footnotes":""},"categories":[2,3],"tags":[],"class_list":{"0":"post-113648","1":"post","2":"type-post","3":"status-publish","4":"format-standard","5":"has-post-thumbnail","7":"category-featured","8":"category-geral","9":"pmpro-has-access"},"yoast_head":"<!-- This site is optimized with the Yoast SEO plugin v27.5 - https:\/\/yoast.com\/product\/yoast-seo-wordpress\/ -->\n<title>D\u2019Alessandro palestra na Univates em novembro - Folha Popular<\/title>\n<meta name=\"robots\" content=\"index, follow, max-snippet:-1, max-image-preview:large, max-video-preview:-1\" \/>\n<link rel=\"canonical\" href=\"https:\/\/folhapopular.info\/index.php\/2022\/09\/28\/dalessandro-palestra-na-univates-em-novembro\/\" \/>\n<meta property=\"og:locale\" content=\"pt_BR\" \/>\n<meta property=\"og:type\" content=\"article\" \/>\n<meta property=\"og:title\" content=\"D\u2019Alessandro palestra na Univates em novembro - Folha Popular\" \/>\n<meta property=\"og:description\" content=\"No dia 10 de novembro (quinta-feira), \u00e0s 19h30, o ex-meio de campo do Sport Club Internacional Andr\u00e9s D\u2019Alessandro sobe ao palco do Teatro Univates para ministrar a palestra \u201cD\u2019Ale: o \u00eddolo como voc\u00ea nunca viu!\u201d. Ele abre seu cora\u00e7\u00e3o e fala sobre os bastidores do futebol, suas gl\u00f3rias e detalhes da sua carreira.\u00a0 Os ingressos [&hellip;]\" \/>\n<meta property=\"og:url\" content=\"https:\/\/folhapopular.info\/index.php\/2022\/09\/28\/dalessandro-palestra-na-univates-em-novembro\/\" \/>\n<meta property=\"og:site_name\" content=\"Folha Popular\" \/>\n<meta property=\"article:published_time\" content=\"2022-09-28T19:00:12+00:00\" \/>\n<meta property=\"article:modified_time\" content=\"2022-09-28T19:00:15+00:00\" \/>\n<meta property=\"og:image\" content=\"http:\/\/folhapopular.info\/wp-content\/uploads\/2022\/09\/DAlessandro-palestra-na-Univates-Credito-DIvulgacao-e1664391604927.jpg\" \/>\n\t<meta property=\"og:image:width\" content=\"1200\" \/>\n\t<meta property=\"og:image:height\" content=\"800\" \/>\n\t<meta property=\"og:image:type\" content=\"image\/jpeg\" \/>\n<meta name=\"author\" content=\"Reda\u00e7\u00e3o Folha Popular\" \/>\n<meta name=\"twitter:card\" content=\"summary_large_image\" \/>\n<meta name=\"twitter:label1\" content=\"Escrito por\" \/>\n\t<meta name=\"twitter:data1\" content=\"Reda\u00e7\u00e3o Folha Popular\" \/>\n\t<meta name=\"twitter:label2\" content=\"Est. tempo de leitura\" \/>\n\t<meta name=\"twitter:data2\" content=\"4 minutos\" \/>\n<script type=\"application\/ld+json\" class=\"yoast-schema-graph\">{\"@context\":\"https:\\\/\\\/schema.org\",\"@graph\":[{\"@type\":\"Article\",\"@id\":\"https:\\\/\\\/folhapopular.info\\\/index.php\\\/2022\\\/09\\\/28\\\/dalessandro-palestra-na-univates-em-novembro\\\/#article\",\"isPartOf\":{\"@id\":\"https:\\\/\\\/folhapopular.info\\\/index.php\\\/2022\\\/09\\\/28\\\/dalessandro-palestra-na-univates-em-novembro\\\/\"},\"author\":{\"name\":\"Reda\u00e7\u00e3o Folha Popular\",\"@id\":\"https:\\\/\\\/folhapopular.info\\\/#\\\/schema\\\/person\\\/2814e8a0df7643585a9ca38bc6eb9d4b\"},\"headline\":\"D\u2019Alessandro palestra na Univates em novembro\",\"datePublished\":\"2022-09-28T19:00:12+00:00\",\"dateModified\":\"2022-09-28T19:00:15+00:00\",\"mainEntityOfPage\":{\"@id\":\"https:\\\/\\\/folhapopular.info\\\/index.php\\\/2022\\\/09\\\/28\\\/dalessandro-palestra-na-univates-em-novembro\\\/\"},\"wordCount\":603,\"commentCount\":0,\"image\":{\"@id\":\"https:\\\/\\\/folhapopular.info\\\/index.php\\\/2022\\\/09\\\/28\\\/dalessandro-palestra-na-univates-em-novembro\\\/#primaryimage\"},\"thumbnailUrl\":\"https:\\\/\\\/folhapopular.info\\\/wp-content\\\/uploads\\\/2022\\\/09\\\/DAlessandro-palestra-na-Univates-Credito-DIvulgacao-e1664391604927.jpg\",\"articleSection\":[\"Destaques\",\"Geral\"],\"inLanguage\":\"pt-BR\",\"potentialAction\":[{\"@type\":\"CommentAction\",\"name\":\"Comment\",\"target\":[\"https:\\\/\\\/folhapopular.info\\\/index.php\\\/2022\\\/09\\\/28\\\/dalessandro-palestra-na-univates-em-novembro\\\/#respond\"]}]},{\"@type\":\"WebPage\",\"@id\":\"https:\\\/\\\/folhapopular.info\\\/index.php\\\/2022\\\/09\\\/28\\\/dalessandro-palestra-na-univates-em-novembro\\\/\",\"url\":\"https:\\\/\\\/folhapopular.info\\\/index.php\\\/2022\\\/09\\\/28\\\/dalessandro-palestra-na-univates-em-novembro\\\/\",\"name\":\"D\u2019Alessandro palestra na Univates em novembro - Folha Popular\",\"isPartOf\":{\"@id\":\"https:\\\/\\\/folhapopular.info\\\/#website\"},\"primaryImageOfPage\":{\"@id\":\"https:\\\/\\\/folhapopular.info\\\/index.php\\\/2022\\\/09\\\/28\\\/dalessandro-palestra-na-univates-em-novembro\\\/#primaryimage\"},\"image\":{\"@id\":\"https:\\\/\\\/folhapopular.info\\\/index.php\\\/2022\\\/09\\\/28\\\/dalessandro-palestra-na-univates-em-novembro\\\/#primaryimage\"},\"thumbnailUrl\":\"https:\\\/\\\/folhapopular.info\\\/wp-content\\\/uploads\\\/2022\\\/09\\\/DAlessandro-palestra-na-Univates-Credito-DIvulgacao-e1664391604927.jpg\",\"datePublished\":\"2022-09-28T19:00:12+00:00\",\"dateModified\":\"2022-09-28T19:00:15+00:00\",\"author\":{\"@id\":\"https:\\\/\\\/folhapopular.info\\\/#\\\/schema\\\/person\\\/2814e8a0df7643585a9ca38bc6eb9d4b\"},\"breadcrumb\":{\"@id\":\"https:\\\/\\\/folhapopular.info\\\/index.php\\\/2022\\\/09\\\/28\\\/dalessandro-palestra-na-univates-em-novembro\\\/#breadcrumb\"},\"inLanguage\":\"pt-BR\",\"potentialAction\":[{\"@type\":\"ReadAction\",\"target\":[\"https:\\\/\\\/folhapopular.info\\\/index.php\\\/2022\\\/09\\\/28\\\/dalessandro-palestra-na-univates-em-novembro\\\/\"]}]},{\"@type\":\"ImageObject\",\"inLanguage\":\"pt-BR\",\"@id\":\"https:\\\/\\\/folhapopular.info\\\/index.php\\\/2022\\\/09\\\/28\\\/dalessandro-palestra-na-univates-em-novembro\\\/#primaryimage\",\"url\":\"https:\\\/\\\/folhapopular.info\\\/wp-content\\\/uploads\\\/2022\\\/09\\\/DAlessandro-palestra-na-Univates-Credito-DIvulgacao-e1664391604927.jpg\",\"contentUrl\":\"https:\\\/\\\/folhapopular.info\\\/wp-content\\\/uploads\\\/2022\\\/09\\\/DAlessandro-palestra-na-Univates-Credito-DIvulgacao-e1664391604927.jpg\",\"width\":1200,\"height\":800,\"caption\":\"Palestra conta a trajet\u00f3ria do atleta\"},{\"@type\":\"BreadcrumbList\",\"@id\":\"https:\\\/\\\/folhapopular.info\\\/index.php\\\/2022\\\/09\\\/28\\\/dalessandro-palestra-na-univates-em-novembro\\\/#breadcrumb\",\"itemListElement\":[{\"@type\":\"ListItem\",\"position\":1,\"name\":\"In\u00edcio\",\"item\":\"https:\\\/\\\/folhapopular.info\\\/\"},{\"@type\":\"ListItem\",\"position\":2,\"name\":\"D\u2019Alessandro palestra na Univates em novembro\"}]},{\"@type\":\"WebSite\",\"@id\":\"https:\\\/\\\/folhapopular.info\\\/#website\",\"url\":\"https:\\\/\\\/folhapopular.info\\\/\",\"name\":\"Folha Popular\",\"description\":\"Onde voc\u00ea tem vez e voz\",\"potentialAction\":[{\"@type\":\"SearchAction\",\"target\":{\"@type\":\"EntryPoint\",\"urlTemplate\":\"https:\\\/\\\/folhapopular.info\\\/?s={search_term_string}\"},\"query-input\":{\"@type\":\"PropertyValueSpecification\",\"valueRequired\":true,\"valueName\":\"search_term_string\"}}],\"inLanguage\":\"pt-BR\"},{\"@type\":\"Person\",\"@id\":\"https:\\\/\\\/folhapopular.info\\\/#\\\/schema\\\/person\\\/2814e8a0df7643585a9ca38bc6eb9d4b\",\"name\":\"Reda\u00e7\u00e3o Folha Popular\",\"image\":{\"@type\":\"ImageObject\",\"inLanguage\":\"pt-BR\",\"@id\":\"https:\\\/\\\/folhapopular.info\\\/wp-content\\\/uploads\\\/2026\\\/04\\\/Folha-1.webp\",\"url\":\"https:\\\/\\\/folhapopular.info\\\/wp-content\\\/uploads\\\/2026\\\/04\\\/Folha-1.webp\",\"contentUrl\":\"https:\\\/\\\/folhapopular.info\\\/wp-content\\\/uploads\\\/2026\\\/04\\\/Folha-1.webp\",\"caption\":\"Reda\u00e7\u00e3o Folha Popular\"},\"url\":\"https:\\\/\\\/folhapopular.info\\\/index.php\\\/author\\\/redacao\\\/\"}]}<\/script>\n<!-- \/ Yoast SEO plugin. -->","yoast_head_json":{"title":"D\u2019Alessandro palestra na Univates em novembro - Folha Popular","robots":{"index":"index","follow":"follow","max-snippet":"max-snippet:-1","max-image-preview":"max-image-preview:large","max-video-preview":"max-video-preview:-1"},"canonical":"https:\/\/folhapopular.info\/index.php\/2022\/09\/28\/dalessandro-palestra-na-univates-em-novembro\/","og_locale":"pt_BR","og_type":"article","og_title":"D\u2019Alessandro palestra na Univates em novembro - Folha Popular","og_description":"No dia 10 de novembro (quinta-feira), \u00e0s 19h30, o ex-meio de campo do Sport Club Internacional Andr\u00e9s D\u2019Alessandro sobe ao palco do Teatro Univates para ministrar a palestra \u201cD\u2019Ale: o \u00eddolo como voc\u00ea nunca viu!\u201d. Ele abre seu cora\u00e7\u00e3o e fala sobre os bastidores do futebol, suas gl\u00f3rias e detalhes da sua carreira.\u00a0 Os ingressos [&hellip;]","og_url":"https:\/\/folhapopular.info\/index.php\/2022\/09\/28\/dalessandro-palestra-na-univates-em-novembro\/","og_site_name":"Folha Popular","article_published_time":"2022-09-28T19:00:12+00:00","article_modified_time":"2022-09-28T19:00:15+00:00","og_image":[{"width":1200,"height":800,"url":"http:\/\/folhapopular.info\/wp-content\/uploads\/2022\/09\/DAlessandro-palestra-na-Univates-Credito-DIvulgacao-e1664391604927.jpg","type":"image\/jpeg"}],"author":"Reda\u00e7\u00e3o Folha Popular","twitter_card":"summary_large_image","twitter_misc":{"Escrito por":"Reda\u00e7\u00e3o Folha Popular","Est. tempo de leitura":"4 minutos"},"schema":{"@context":"https:\/\/schema.org","@graph":[{"@type":"Article","@id":"https:\/\/folhapopular.info\/index.php\/2022\/09\/28\/dalessandro-palestra-na-univates-em-novembro\/#article","isPartOf":{"@id":"https:\/\/folhapopular.info\/index.php\/2022\/09\/28\/dalessandro-palestra-na-univates-em-novembro\/"},"author":{"name":"Reda\u00e7\u00e3o Folha Popular","@id":"https:\/\/folhapopular.info\/#\/schema\/person\/2814e8a0df7643585a9ca38bc6eb9d4b"},"headline":"D\u2019Alessandro palestra na Univates em novembro","datePublished":"2022-09-28T19:00:12+00:00","dateModified":"2022-09-28T19:00:15+00:00","mainEntityOfPage":{"@id":"https:\/\/folhapopular.info\/index.php\/2022\/09\/28\/dalessandro-palestra-na-univates-em-novembro\/"},"wordCount":603,"commentCount":0,"image":{"@id":"https:\/\/folhapopular.info\/index.php\/2022\/09\/28\/dalessandro-palestra-na-univates-em-novembro\/#primaryimage"},"thumbnailUrl":"https:\/\/folhapopular.info\/wp-content\/uploads\/2022\/09\/DAlessandro-palestra-na-Univates-Credito-DIvulgacao-e1664391604927.jpg","articleSection":["Destaques","Geral"],"inLanguage":"pt-BR","potentialAction":[{"@type":"CommentAction","name":"Comment","target":["https:\/\/folhapopular.info\/index.php\/2022\/09\/28\/dalessandro-palestra-na-univates-em-novembro\/#respond"]}]},{"@type":"WebPage","@id":"https:\/\/folhapopular.info\/index.php\/2022\/09\/28\/dalessandro-palestra-na-univates-em-novembro\/","url":"https:\/\/folhapopular.info\/index.php\/2022\/09\/28\/dalessandro-palestra-na-univates-em-novembro\/","name":"D\u2019Alessandro palestra na Univates em novembro - Folha Popular","isPartOf":{"@id":"https:\/\/folhapopular.info\/#website"},"primaryImageOfPage":{"@id":"https:\/\/folhapopular.info\/index.php\/2022\/09\/28\/dalessandro-palestra-na-univates-em-novembro\/#primaryimage"},"image":{"@id":"https:\/\/folhapopular.info\/index.php\/2022\/09\/28\/dalessandro-palestra-na-univates-em-novembro\/#primaryimage"},"thumbnailUrl":"https:\/\/folhapopular.info\/wp-content\/uploads\/2022\/09\/DAlessandro-palestra-na-Univates-Credito-DIvulgacao-e1664391604927.jpg","datePublished":"2022-09-28T19:00:12+00:00","dateModified":"2022-09-28T19:00:15+00:00","author":{"@id":"https:\/\/folhapopular.info\/#\/schema\/person\/2814e8a0df7643585a9ca38bc6eb9d4b"},"breadcrumb":{"@id":"https:\/\/folhapopular.info\/index.php\/2022\/09\/28\/dalessandro-palestra-na-univates-em-novembro\/#breadcrumb"},"inLanguage":"pt-BR","potentialAction":[{"@type":"ReadAction","target":["https:\/\/folhapopular.info\/index.php\/2022\/09\/28\/dalessandro-palestra-na-univates-em-novembro\/"]}]},{"@type":"ImageObject","inLanguage":"pt-BR","@id":"https:\/\/folhapopular.info\/index.php\/2022\/09\/28\/dalessandro-palestra-na-univates-em-novembro\/#primaryimage","url":"https:\/\/folhapopular.info\/wp-content\/uploads\/2022\/09\/DAlessandro-palestra-na-Univates-Credito-DIvulgacao-e1664391604927.jpg","contentUrl":"https:\/\/folhapopular.info\/wp-content\/uploads\/2022\/09\/DAlessandro-palestra-na-Univates-Credito-DIvulgacao-e1664391604927.jpg","width":1200,"height":800,"caption":"Palestra conta a trajet\u00f3ria do atleta"},{"@type":"BreadcrumbList","@id":"https:\/\/folhapopular.info\/index.php\/2022\/09\/28\/dalessandro-palestra-na-univates-em-novembro\/#breadcrumb","itemListElement":[{"@type":"ListItem","position":1,"name":"In\u00edcio","item":"https:\/\/folhapopular.info\/"},{"@type":"ListItem","position":2,"name":"D\u2019Alessandro palestra na Univates em novembro"}]},{"@type":"WebSite","@id":"https:\/\/folhapopular.info\/#website","url":"https:\/\/folhapopular.info\/","name":"Folha Popular","description":"Onde voc\u00ea tem vez e voz","potentialAction":[{"@type":"SearchAction","target":{"@type":"EntryPoint","urlTemplate":"https:\/\/folhapopular.info\/?s={search_term_string}"},"query-input":{"@type":"PropertyValueSpecification","valueRequired":true,"valueName":"search_term_string"}}],"inLanguage":"pt-BR"},{"@type":"Person","@id":"https:\/\/folhapopular.info\/#\/schema\/person\/2814e8a0df7643585a9ca38bc6eb9d4b","name":"Reda\u00e7\u00e3o Folha Popular","image":{"@type":"ImageObject","inLanguage":"pt-BR","@id":"https:\/\/folhapopular.info\/wp-content\/uploads\/2026\/04\/Folha-1.webp","url":"https:\/\/folhapopular.info\/wp-content\/uploads\/2026\/04\/Folha-1.webp","contentUrl":"https:\/\/folhapopular.info\/wp-content\/uploads\/2026\/04\/Folha-1.webp","caption":"Reda\u00e7\u00e3o Folha Popular"},"url":"https:\/\/folhapopular.info\/index.php\/author\/redacao\/"}]}},"jetpack_featured_media_url":"https:\/\/folhapopular.info\/wp-content\/uploads\/2022\/09\/DAlessandro-palestra-na-Univates-Credito-DIvulgacao-e1664391604927.jpg","jetpack_sharing_enabled":true,"amp_enabled":true,"_links":{"self":[{"href":"https:\/\/folhapopular.info\/index.php\/wp-json\/wp\/v2\/posts\/113648","targetHints":{"allow":["GET"]}}],"collection":[{"href":"https:\/\/folhapopular.info\/index.php\/wp-json\/wp\/v2\/posts"}],"about":[{"href":"https:\/\/folhapopular.info\/index.php\/wp-json\/wp\/v2\/types\/post"}],"author":[{"embeddable":true,"href":"https:\/\/folhapopular.info\/index.php\/wp-json\/wp\/v2\/users\/8"}],"replies":[{"embeddable":true,"href":"https:\/\/folhapopular.info\/index.php\/wp-json\/wp\/v2\/comments?post=113648"}],"version-history":[{"count":0,"href":"https:\/\/folhapopular.info\/index.php\/wp-json\/wp\/v2\/posts\/113648\/revisions"}],"wp:featuredmedia":[{"embeddable":true,"href":"https:\/\/folhapopular.info\/index.php\/wp-json\/wp\/v2\/media\/113649"}],"wp:attachment":[{"href":"https:\/\/folhapopular.info\/index.php\/wp-json\/wp\/v2\/media?parent=113648"}],"wp:term":[{"taxonomy":"category","embeddable":true,"href":"https:\/\/folhapopular.info\/index.php\/wp-json\/wp\/v2\/categories?post=113648"},{"taxonomy":"post_tag","embeddable":true,"href":"https:\/\/folhapopular.info\/index.php\/wp-json\/wp\/v2\/tags?post=113648"}],"curies":[{"name":"wp","href":"https:\/\/api.w.org\/{rel}","templated":true}]}}