{"id":113760,"date":"2022-09-30T15:05:36","date_gmt":"2022-09-30T18:05:36","guid":{"rendered":"https:\/\/folhapopular.info\/?p=113760"},"modified":"2022-09-30T15:05:39","modified_gmt":"2022-09-30T18:05:39","slug":"cdl-lanca-a-campanha-lajeado-brilha-2022","status":"publish","type":"post","link":"https:\/\/folhapopular.info\/index.php\/2022\/09\/30\/cdl-lanca-a-campanha-lajeado-brilha-2022\/","title":{"rendered":"CDL lan\u00e7a a campanha Lajeado Brilha 2022"},"content":{"rendered":"\n<p>A C\u00e2mara de Dirigentes Lojistas (CDL) Lajeado lan\u00e7ou, nesta quarta-feira (28\/9), o Lajeado Brilha 2022. O evento, na sede da CDL, reuniu empres\u00e1rios, lideran\u00e7as e imprensa.<\/p>\n\n\n\n<p>Foi feita a apresenta\u00e7\u00e3o da premia\u00e7\u00e3o e das atra\u00e7\u00f5es da campanha natalina deste ano. Raspadinhas com pr\u00eamios instant\u00e2neos e um sistema completo de energia solar ser\u00e3o os principais atrativos para os consumidores fazerem suas compras no com\u00e9rcio de Lajeado. \u201cLajeado tem tudo. E com esses atrativos vamos movimentar ainda mais nossas empresas\u201d, destacou o presidente, Aquiles Mallmann.<\/p>\n\n\n\n<p>A promo\u00e7\u00e3o Lajeado Bilha 2022 come\u00e7a no dia 1\u00ba de novembro. As empresas t\u00eam at\u00e9 o dia 31 de outubro para garantir ades\u00e3o junto \u00e0 equipe comercial da CDL. Nas compras acima de R$ 100,00 os clientes j\u00e1 ganhar\u00e3o uma raspadinha, podendo ser contemplados com pr\u00eamios instant\u00e2neos de R$ 50,00 a R$ 400,00 para serem trocados por mercadorias em qualquer estabelecimento participante da campanha.<\/p>\n\n\n\n<p>No verso deste mesmo bilhete a pessoa preenche seus dados para concorrer ao pr\u00eamio final, um sistema completo de energia solar da SollarSul. \u201cVamos realizar o sonho de quem n\u00e3o v\u00ea a hora de diminuir a conta de luz. \u00c9 uma inova\u00e7\u00e3o que promete gerar desejo entre os consumidores. Al\u00e9m do apelo ecol\u00f3gico, a instala\u00e7\u00e3o das placas na resid\u00eancia do contemplado vai significar uma economia mensal de at\u00e9 95%, que no m\u00e9dio e longo prazo representa um excelente ganho financeiro\u201d, comentou Mallmann. O sorteio ser\u00e1 no dia 27 de dezembro.<\/p>\n\n\n\n<p>Secret\u00e1rio de Desenvolvimento Econ\u00f4mico, Turismo e Agricultura de Lajeado, Andr\u00e9 B\u00fccker elogiou o cont\u00ednuo engajamento da CDL Lajeado para melhorar os neg\u00f3cios do com\u00e9rcio e aproveitou para lembrar a uni\u00e3o dos atrativos com o Natal do Cora\u00e7\u00e3o. O presidente da C\u00e2mara de Vereadores, Deol\u00ed Graff, resumiu o evento em tr\u00eas palavras: parceria, economia e cultura, referindo os benef\u00edcios da campanha.<\/p>\n\n\n\n<p>O evento contou ainda com o case de sucesso da Run More, apresentado pelo diretor administrativo, comercial e industrial, Alexandre Dullius. Com f\u00e1brica em Estrela, a empresa existe desde 1996 e est\u00e1 em constante expans\u00e3o. Entre outros aspectos, o empres\u00e1rio compartilhou a trajet\u00f3ria, os processos industriais e log\u00edsticos da ind\u00fastria e a atua\u00e7\u00e3o no mercado.<\/p>\n\n\n\n<p><strong>Atra\u00e7\u00f5es culturais<\/strong><br>A CDL Lajeado tamb\u00e9m j\u00e1 confirmou as atividades culturais do per\u00edodo natalino. A programa\u00e7\u00e3o come\u00e7a com a Chegada do Papai Noel, dias 26 e 27 de novembro, no Gin\u00e1sio Professor Nelson Francisco Brancher. Ser\u00e3o duas exibi\u00e7\u00f5es do espet\u00e1culo \u201cO Fant\u00e1stico Livro do Natal\u201d, que j\u00e1 est\u00e1 mobilizando atores e outros profissionais com ensaios e preparativos desde agosto.<\/p>\n\n\n\n<p>Passeios de Cedelinho, Desfiles de Natal e Cortejo de Natal tamb\u00e9m v\u00e3o ocorrer durante o m\u00eas de dezembro. O Lajeado Bilha 2022 tem o patroc\u00ednio de Lojas Benoit, Brincasa, Sicredi Integra\u00e7\u00e3o RS\/MG, SollarSul e STR Supermercados.<\/p>\n","protected":false},"excerpt":{"rendered":"<p>A C\u00e2mara de Dirigentes Lojistas (CDL) Lajeado lan\u00e7ou, nesta quarta-feira (28\/9), o Lajeado Brilha 2022. O evento, na sede da CDL, reuniu empres\u00e1rios, lideran\u00e7as e imprensa. Foi feita a apresenta\u00e7\u00e3o da premia\u00e7\u00e3o e das atra\u00e7\u00f5es da campanha natalina deste ano. Raspadinhas com pr\u00eamios instant\u00e2neos e um sistema completo de energia solar ser\u00e3o os principais atrativos [&hellip;]<\/p>\n","protected":false},"author":8,"featured_media":113761,"comment_status":"open","ping_status":"open","sticky":false,"template":"","format":"standard","meta":{"pmpro_default_level":"","_jetpack_memberships_contains_paid_content":false,"footnotes":""},"categories":[2],"tags":[587,27,1267,1507],"class_list":{"0":"post-113760","1":"post","2":"type-post","3":"status-publish","4":"format-standard","5":"has-post-thumbnail","7":"category-featured","8":"tag-cdl","9":"tag-lajeado","10":"tag-lajeado-brilha","11":"tag-programacao","12":"pmpro-has-access"},"yoast_head":"<!-- This site is optimized with the Yoast SEO plugin v27.5 - https:\/\/yoast.com\/product\/yoast-seo-wordpress\/ -->\n<title>CDL lan\u00e7a a campanha Lajeado Brilha 2022 - Folha Popular<\/title>\n<meta name=\"robots\" content=\"index, follow, max-snippet:-1, max-image-preview:large, max-video-preview:-1\" \/>\n<link rel=\"canonical\" href=\"https:\/\/folhapopular.info\/index.php\/2022\/09\/30\/cdl-lanca-a-campanha-lajeado-brilha-2022\/\" \/>\n<meta property=\"og:locale\" content=\"pt_BR\" \/>\n<meta property=\"og:type\" content=\"article\" \/>\n<meta property=\"og:title\" content=\"CDL lan\u00e7a a campanha Lajeado Brilha 2022 - Folha Popular\" \/>\n<meta property=\"og:description\" content=\"A C\u00e2mara de Dirigentes Lojistas (CDL) Lajeado lan\u00e7ou, nesta quarta-feira (28\/9), o Lajeado Brilha 2022. O evento, na sede da CDL, reuniu empres\u00e1rios, lideran\u00e7as e imprensa. Foi feita a apresenta\u00e7\u00e3o da premia\u00e7\u00e3o e das atra\u00e7\u00f5es da campanha natalina deste ano. Raspadinhas com pr\u00eamios instant\u00e2neos e um sistema completo de energia solar ser\u00e3o os principais atrativos [&hellip;]\" \/>\n<meta property=\"og:url\" content=\"https:\/\/folhapopular.info\/index.php\/2022\/09\/30\/cdl-lanca-a-campanha-lajeado-brilha-2022\/\" \/>\n<meta property=\"og:site_name\" content=\"Folha Popular\" \/>\n<meta property=\"article:published_time\" content=\"2022-09-30T18:05:36+00:00\" \/>\n<meta property=\"article:modified_time\" content=\"2022-09-30T18:05:39+00:00\" \/>\n<meta property=\"og:image\" content=\"http:\/\/folhapopular.info\/wp-content\/uploads\/2022\/09\/413630_1033788_publico_6_-1-e1664561108210.jpg\" \/>\n\t<meta property=\"og:image:width\" content=\"1200\" \/>\n\t<meta property=\"og:image:height\" content=\"800\" \/>\n\t<meta property=\"og:image:type\" content=\"image\/jpeg\" \/>\n<meta name=\"author\" content=\"Reda\u00e7\u00e3o Folha Popular\" \/>\n<meta name=\"twitter:card\" content=\"summary_large_image\" \/>\n<meta name=\"twitter:label1\" content=\"Escrito por\" \/>\n\t<meta name=\"twitter:data1\" content=\"Reda\u00e7\u00e3o Folha Popular\" \/>\n\t<meta name=\"twitter:label2\" content=\"Est. tempo de leitura\" \/>\n\t<meta name=\"twitter:data2\" content=\"3 minutos\" \/>\n<script type=\"application\/ld+json\" class=\"yoast-schema-graph\">{\"@context\":\"https:\\\/\\\/schema.org\",\"@graph\":[{\"@type\":\"Article\",\"@id\":\"https:\\\/\\\/folhapopular.info\\\/index.php\\\/2022\\\/09\\\/30\\\/cdl-lanca-a-campanha-lajeado-brilha-2022\\\/#article\",\"isPartOf\":{\"@id\":\"https:\\\/\\\/folhapopular.info\\\/index.php\\\/2022\\\/09\\\/30\\\/cdl-lanca-a-campanha-lajeado-brilha-2022\\\/\"},\"author\":{\"name\":\"Reda\u00e7\u00e3o Folha Popular\",\"@id\":\"https:\\\/\\\/folhapopular.info\\\/#\\\/schema\\\/person\\\/2814e8a0df7643585a9ca38bc6eb9d4b\"},\"headline\":\"CDL lan\u00e7a a campanha Lajeado Brilha 2022\",\"datePublished\":\"2022-09-30T18:05:36+00:00\",\"dateModified\":\"2022-09-30T18:05:39+00:00\",\"mainEntityOfPage\":{\"@id\":\"https:\\\/\\\/folhapopular.info\\\/index.php\\\/2022\\\/09\\\/30\\\/cdl-lanca-a-campanha-lajeado-brilha-2022\\\/\"},\"wordCount\":498,\"commentCount\":0,\"image\":{\"@id\":\"https:\\\/\\\/folhapopular.info\\\/index.php\\\/2022\\\/09\\\/30\\\/cdl-lanca-a-campanha-lajeado-brilha-2022\\\/#primaryimage\"},\"thumbnailUrl\":\"https:\\\/\\\/folhapopular.info\\\/wp-content\\\/uploads\\\/2022\\\/09\\\/413630_1033788_publico_6_-1-e1664561108210.jpg\",\"keywords\":[\"CDL\",\"Lajeado\",\"Lajeado Brilha\",\"Programa\u00e7\u00e3o\"],\"articleSection\":[\"Destaques\"],\"inLanguage\":\"pt-BR\",\"potentialAction\":[{\"@type\":\"CommentAction\",\"name\":\"Comment\",\"target\":[\"https:\\\/\\\/folhapopular.info\\\/index.php\\\/2022\\\/09\\\/30\\\/cdl-lanca-a-campanha-lajeado-brilha-2022\\\/#respond\"]}]},{\"@type\":\"WebPage\",\"@id\":\"https:\\\/\\\/folhapopular.info\\\/index.php\\\/2022\\\/09\\\/30\\\/cdl-lanca-a-campanha-lajeado-brilha-2022\\\/\",\"url\":\"https:\\\/\\\/folhapopular.info\\\/index.php\\\/2022\\\/09\\\/30\\\/cdl-lanca-a-campanha-lajeado-brilha-2022\\\/\",\"name\":\"CDL lan\u00e7a a campanha Lajeado Brilha 2022 - Folha Popular\",\"isPartOf\":{\"@id\":\"https:\\\/\\\/folhapopular.info\\\/#website\"},\"primaryImageOfPage\":{\"@id\":\"https:\\\/\\\/folhapopular.info\\\/index.php\\\/2022\\\/09\\\/30\\\/cdl-lanca-a-campanha-lajeado-brilha-2022\\\/#primaryimage\"},\"image\":{\"@id\":\"https:\\\/\\\/folhapopular.info\\\/index.php\\\/2022\\\/09\\\/30\\\/cdl-lanca-a-campanha-lajeado-brilha-2022\\\/#primaryimage\"},\"thumbnailUrl\":\"https:\\\/\\\/folhapopular.info\\\/wp-content\\\/uploads\\\/2022\\\/09\\\/413630_1033788_publico_6_-1-e1664561108210.jpg\",\"datePublished\":\"2022-09-30T18:05:36+00:00\",\"dateModified\":\"2022-09-30T18:05:39+00:00\",\"author\":{\"@id\":\"https:\\\/\\\/folhapopular.info\\\/#\\\/schema\\\/person\\\/2814e8a0df7643585a9ca38bc6eb9d4b\"},\"breadcrumb\":{\"@id\":\"https:\\\/\\\/folhapopular.info\\\/index.php\\\/2022\\\/09\\\/30\\\/cdl-lanca-a-campanha-lajeado-brilha-2022\\\/#breadcrumb\"},\"inLanguage\":\"pt-BR\",\"potentialAction\":[{\"@type\":\"ReadAction\",\"target\":[\"https:\\\/\\\/folhapopular.info\\\/index.php\\\/2022\\\/09\\\/30\\\/cdl-lanca-a-campanha-lajeado-brilha-2022\\\/\"]}]},{\"@type\":\"ImageObject\",\"inLanguage\":\"pt-BR\",\"@id\":\"https:\\\/\\\/folhapopular.info\\\/index.php\\\/2022\\\/09\\\/30\\\/cdl-lanca-a-campanha-lajeado-brilha-2022\\\/#primaryimage\",\"url\":\"https:\\\/\\\/folhapopular.info\\\/wp-content\\\/uploads\\\/2022\\\/09\\\/413630_1033788_publico_6_-1-e1664561108210.jpg\",\"contentUrl\":\"https:\\\/\\\/folhapopular.info\\\/wp-content\\\/uploads\\\/2022\\\/09\\\/413630_1033788_publico_6_-1-e1664561108210.jpg\",\"width\":1200,\"height\":800,\"caption\":\"Evento teve a participa\u00e7\u00e3o de empres\u00e1rios, autoridades e imprensa \\\/ Cr\u00e9dito: Simone Rockenbach \\\/ Divulga\u00e7\u00e3o\"},{\"@type\":\"BreadcrumbList\",\"@id\":\"https:\\\/\\\/folhapopular.info\\\/index.php\\\/2022\\\/09\\\/30\\\/cdl-lanca-a-campanha-lajeado-brilha-2022\\\/#breadcrumb\",\"itemListElement\":[{\"@type\":\"ListItem\",\"position\":1,\"name\":\"In\u00edcio\",\"item\":\"https:\\\/\\\/folhapopular.info\\\/\"},{\"@type\":\"ListItem\",\"position\":2,\"name\":\"CDL lan\u00e7a a campanha Lajeado Brilha 2022\"}]},{\"@type\":\"WebSite\",\"@id\":\"https:\\\/\\\/folhapopular.info\\\/#website\",\"url\":\"https:\\\/\\\/folhapopular.info\\\/\",\"name\":\"Folha Popular\",\"description\":\"Onde voc\u00ea tem vez e voz\",\"potentialAction\":[{\"@type\":\"SearchAction\",\"target\":{\"@type\":\"EntryPoint\",\"urlTemplate\":\"https:\\\/\\\/folhapopular.info\\\/?s={search_term_string}\"},\"query-input\":{\"@type\":\"PropertyValueSpecification\",\"valueRequired\":true,\"valueName\":\"search_term_string\"}}],\"inLanguage\":\"pt-BR\"},{\"@type\":\"Person\",\"@id\":\"https:\\\/\\\/folhapopular.info\\\/#\\\/schema\\\/person\\\/2814e8a0df7643585a9ca38bc6eb9d4b\",\"name\":\"Reda\u00e7\u00e3o Folha Popular\",\"image\":{\"@type\":\"ImageObject\",\"inLanguage\":\"pt-BR\",\"@id\":\"https:\\\/\\\/folhapopular.info\\\/wp-content\\\/uploads\\\/2026\\\/04\\\/Folha-1.webp\",\"url\":\"https:\\\/\\\/folhapopular.info\\\/wp-content\\\/uploads\\\/2026\\\/04\\\/Folha-1.webp\",\"contentUrl\":\"https:\\\/\\\/folhapopular.info\\\/wp-content\\\/uploads\\\/2026\\\/04\\\/Folha-1.webp\",\"caption\":\"Reda\u00e7\u00e3o Folha Popular\"},\"url\":\"https:\\\/\\\/folhapopular.info\\\/index.php\\\/author\\\/redacao\\\/\"}]}<\/script>\n<!-- \/ Yoast SEO plugin. -->","yoast_head_json":{"title":"CDL lan\u00e7a a campanha Lajeado Brilha 2022 - Folha Popular","robots":{"index":"index","follow":"follow","max-snippet":"max-snippet:-1","max-image-preview":"max-image-preview:large","max-video-preview":"max-video-preview:-1"},"canonical":"https:\/\/folhapopular.info\/index.php\/2022\/09\/30\/cdl-lanca-a-campanha-lajeado-brilha-2022\/","og_locale":"pt_BR","og_type":"article","og_title":"CDL lan\u00e7a a campanha Lajeado Brilha 2022 - Folha Popular","og_description":"A C\u00e2mara de Dirigentes Lojistas (CDL) Lajeado lan\u00e7ou, nesta quarta-feira (28\/9), o Lajeado Brilha 2022. O evento, na sede da CDL, reuniu empres\u00e1rios, lideran\u00e7as e imprensa. Foi feita a apresenta\u00e7\u00e3o da premia\u00e7\u00e3o e das atra\u00e7\u00f5es da campanha natalina deste ano. Raspadinhas com pr\u00eamios instant\u00e2neos e um sistema completo de energia solar ser\u00e3o os principais atrativos [&hellip;]","og_url":"https:\/\/folhapopular.info\/index.php\/2022\/09\/30\/cdl-lanca-a-campanha-lajeado-brilha-2022\/","og_site_name":"Folha Popular","article_published_time":"2022-09-30T18:05:36+00:00","article_modified_time":"2022-09-30T18:05:39+00:00","og_image":[{"width":1200,"height":800,"url":"http:\/\/folhapopular.info\/wp-content\/uploads\/2022\/09\/413630_1033788_publico_6_-1-e1664561108210.jpg","type":"image\/jpeg"}],"author":"Reda\u00e7\u00e3o Folha Popular","twitter_card":"summary_large_image","twitter_misc":{"Escrito por":"Reda\u00e7\u00e3o Folha Popular","Est. tempo de leitura":"3 minutos"},"schema":{"@context":"https:\/\/schema.org","@graph":[{"@type":"Article","@id":"https:\/\/folhapopular.info\/index.php\/2022\/09\/30\/cdl-lanca-a-campanha-lajeado-brilha-2022\/#article","isPartOf":{"@id":"https:\/\/folhapopular.info\/index.php\/2022\/09\/30\/cdl-lanca-a-campanha-lajeado-brilha-2022\/"},"author":{"name":"Reda\u00e7\u00e3o Folha Popular","@id":"https:\/\/folhapopular.info\/#\/schema\/person\/2814e8a0df7643585a9ca38bc6eb9d4b"},"headline":"CDL lan\u00e7a a campanha Lajeado Brilha 2022","datePublished":"2022-09-30T18:05:36+00:00","dateModified":"2022-09-30T18:05:39+00:00","mainEntityOfPage":{"@id":"https:\/\/folhapopular.info\/index.php\/2022\/09\/30\/cdl-lanca-a-campanha-lajeado-brilha-2022\/"},"wordCount":498,"commentCount":0,"image":{"@id":"https:\/\/folhapopular.info\/index.php\/2022\/09\/30\/cdl-lanca-a-campanha-lajeado-brilha-2022\/#primaryimage"},"thumbnailUrl":"https:\/\/folhapopular.info\/wp-content\/uploads\/2022\/09\/413630_1033788_publico_6_-1-e1664561108210.jpg","keywords":["CDL","Lajeado","Lajeado Brilha","Programa\u00e7\u00e3o"],"articleSection":["Destaques"],"inLanguage":"pt-BR","potentialAction":[{"@type":"CommentAction","name":"Comment","target":["https:\/\/folhapopular.info\/index.php\/2022\/09\/30\/cdl-lanca-a-campanha-lajeado-brilha-2022\/#respond"]}]},{"@type":"WebPage","@id":"https:\/\/folhapopular.info\/index.php\/2022\/09\/30\/cdl-lanca-a-campanha-lajeado-brilha-2022\/","url":"https:\/\/folhapopular.info\/index.php\/2022\/09\/30\/cdl-lanca-a-campanha-lajeado-brilha-2022\/","name":"CDL lan\u00e7a a campanha Lajeado Brilha 2022 - Folha Popular","isPartOf":{"@id":"https:\/\/folhapopular.info\/#website"},"primaryImageOfPage":{"@id":"https:\/\/folhapopular.info\/index.php\/2022\/09\/30\/cdl-lanca-a-campanha-lajeado-brilha-2022\/#primaryimage"},"image":{"@id":"https:\/\/folhapopular.info\/index.php\/2022\/09\/30\/cdl-lanca-a-campanha-lajeado-brilha-2022\/#primaryimage"},"thumbnailUrl":"https:\/\/folhapopular.info\/wp-content\/uploads\/2022\/09\/413630_1033788_publico_6_-1-e1664561108210.jpg","datePublished":"2022-09-30T18:05:36+00:00","dateModified":"2022-09-30T18:05:39+00:00","author":{"@id":"https:\/\/folhapopular.info\/#\/schema\/person\/2814e8a0df7643585a9ca38bc6eb9d4b"},"breadcrumb":{"@id":"https:\/\/folhapopular.info\/index.php\/2022\/09\/30\/cdl-lanca-a-campanha-lajeado-brilha-2022\/#breadcrumb"},"inLanguage":"pt-BR","potentialAction":[{"@type":"ReadAction","target":["https:\/\/folhapopular.info\/index.php\/2022\/09\/30\/cdl-lanca-a-campanha-lajeado-brilha-2022\/"]}]},{"@type":"ImageObject","inLanguage":"pt-BR","@id":"https:\/\/folhapopular.info\/index.php\/2022\/09\/30\/cdl-lanca-a-campanha-lajeado-brilha-2022\/#primaryimage","url":"https:\/\/folhapopular.info\/wp-content\/uploads\/2022\/09\/413630_1033788_publico_6_-1-e1664561108210.jpg","contentUrl":"https:\/\/folhapopular.info\/wp-content\/uploads\/2022\/09\/413630_1033788_publico_6_-1-e1664561108210.jpg","width":1200,"height":800,"caption":"Evento teve a participa\u00e7\u00e3o de empres\u00e1rios, autoridades e imprensa \/ Cr\u00e9dito: Simone Rockenbach \/ Divulga\u00e7\u00e3o"},{"@type":"BreadcrumbList","@id":"https:\/\/folhapopular.info\/index.php\/2022\/09\/30\/cdl-lanca-a-campanha-lajeado-brilha-2022\/#breadcrumb","itemListElement":[{"@type":"ListItem","position":1,"name":"In\u00edcio","item":"https:\/\/folhapopular.info\/"},{"@type":"ListItem","position":2,"name":"CDL lan\u00e7a a campanha Lajeado Brilha 2022"}]},{"@type":"WebSite","@id":"https:\/\/folhapopular.info\/#website","url":"https:\/\/folhapopular.info\/","name":"Folha Popular","description":"Onde voc\u00ea tem vez e voz","potentialAction":[{"@type":"SearchAction","target":{"@type":"EntryPoint","urlTemplate":"https:\/\/folhapopular.info\/?s={search_term_string}"},"query-input":{"@type":"PropertyValueSpecification","valueRequired":true,"valueName":"search_term_string"}}],"inLanguage":"pt-BR"},{"@type":"Person","@id":"https:\/\/folhapopular.info\/#\/schema\/person\/2814e8a0df7643585a9ca38bc6eb9d4b","name":"Reda\u00e7\u00e3o Folha Popular","image":{"@type":"ImageObject","inLanguage":"pt-BR","@id":"https:\/\/folhapopular.info\/wp-content\/uploads\/2026\/04\/Folha-1.webp","url":"https:\/\/folhapopular.info\/wp-content\/uploads\/2026\/04\/Folha-1.webp","contentUrl":"https:\/\/folhapopular.info\/wp-content\/uploads\/2026\/04\/Folha-1.webp","caption":"Reda\u00e7\u00e3o Folha Popular"},"url":"https:\/\/folhapopular.info\/index.php\/author\/redacao\/"}]}},"jetpack_featured_media_url":"https:\/\/folhapopular.info\/wp-content\/uploads\/2022\/09\/413630_1033788_publico_6_-1-e1664561108210.jpg","jetpack_sharing_enabled":true,"amp_enabled":true,"_links":{"self":[{"href":"https:\/\/folhapopular.info\/index.php\/wp-json\/wp\/v2\/posts\/113760","targetHints":{"allow":["GET"]}}],"collection":[{"href":"https:\/\/folhapopular.info\/index.php\/wp-json\/wp\/v2\/posts"}],"about":[{"href":"https:\/\/folhapopular.info\/index.php\/wp-json\/wp\/v2\/types\/post"}],"author":[{"embeddable":true,"href":"https:\/\/folhapopular.info\/index.php\/wp-json\/wp\/v2\/users\/8"}],"replies":[{"embeddable":true,"href":"https:\/\/folhapopular.info\/index.php\/wp-json\/wp\/v2\/comments?post=113760"}],"version-history":[{"count":0,"href":"https:\/\/folhapopular.info\/index.php\/wp-json\/wp\/v2\/posts\/113760\/revisions"}],"wp:featuredmedia":[{"embeddable":true,"href":"https:\/\/folhapopular.info\/index.php\/wp-json\/wp\/v2\/media\/113761"}],"wp:attachment":[{"href":"https:\/\/folhapopular.info\/index.php\/wp-json\/wp\/v2\/media?parent=113760"}],"wp:term":[{"taxonomy":"category","embeddable":true,"href":"https:\/\/folhapopular.info\/index.php\/wp-json\/wp\/v2\/categories?post=113760"},{"taxonomy":"post_tag","embeddable":true,"href":"https:\/\/folhapopular.info\/index.php\/wp-json\/wp\/v2\/tags?post=113760"}],"curies":[{"name":"wp","href":"https:\/\/api.w.org\/{rel}","templated":true}]}}