{"id":113773,"date":"2022-09-30T15:25:52","date_gmt":"2022-09-30T18:25:52","guid":{"rendered":"https:\/\/folhapopular.info\/?p=113773"},"modified":"2022-09-30T15:48:44","modified_gmt":"2022-09-30T18:48:44","slug":"certel-recebe-autorizacao-para-inicio-das-obras-da-hidreletrica-bom-retiro","status":"publish","type":"post","link":"https:\/\/folhapopular.info\/index.php\/2022\/09\/30\/certel-recebe-autorizacao-para-inicio-das-obras-da-hidreletrica-bom-retiro\/","title":{"rendered":"Certel recebe autoriza\u00e7\u00e3o para in\u00edcio das obras da Hidrel\u00e9trica Bom Retiro"},"content":{"rendered":"\n<p>A Certel recebeu na manh\u00e3 desta sexat-feira (30\/9), da Secretaria Estadual do Meio Ambiente e Infraestrutura (Sema), a Licen\u00e7a de Instala\u00e7\u00e3o para constru\u00e7\u00e3o da Hidrel\u00e9trica Bom Retiro, no Rio Taquari, entre Bom Retiro do Sul e Cruzeiro do Sul. <\/p>\n\n\n\n<p>A secret\u00e1ria, Marjorie Kauffmann, recepcionou o presidente da Certel, Erineo Jos\u00e9 Hennemann, o vice-presidente, Daniel Luis Sechi e demais diretores na sede da Sema, em Porto Alegre, conferindo tamb\u00e9m \u00e0 Cooperativa a Licen\u00e7a Pr\u00e9via da linha de transmiss\u00e3o do empreendimento.<\/p>\n\n\n\n<p>Moradora em Lajeado, Marjorie afirmou sentir-se duplamente satisfeita em poder contribuir com uma maior oferta de energia para desenvolver o Vale do Taquari e tamb\u00e9m o Estado. Classificou a energia como fundamental para a qualidade de vida e citou a ampla gama de 100 mil fam\u00edlias que dever\u00e3o ser beneficiadas, o que denominou como \u2018espetacular\u2019. <\/p>\n\n\n\n<p>\u201cAinda mais que vamos contar com um ativo cujo impacto j\u00e1 estava posto pela barragem, que \u00e9 de simples nivelamento de fluxo d\u2019\u00e1gua para tr\u00e2nsito de navios e, agora, vai ser incorporado \u00e0 quest\u00e3o hidrel\u00e9trica. \u00c9 uma comemora\u00e7\u00e3o por completo, e aguardamos a implementa\u00e7\u00e3o e instala\u00e7\u00e3o do empreendimento, sabendo que todos os requisitos ambientais foram apreciados e cumpridos. Mais uma vez, a Certel inova nas suas atividades e mostra que n\u00e3o basta ser a maior e mais antiga Cooperativa de Infraesturutra do Pa\u00eds, mas que \u00e9 preciso olhar para a frente sempre. S\u00e3o pessoas que n\u00e3o pensam s\u00f3 no hoje, mas que t\u00eam a cabe\u00e7a aberta para o futuro. Isso \u00e9 o maior motivo de orgulho para os associados da Certel, pois a Cooperativa n\u00e3o parou e avan\u00e7a pari passu com o que Teut\u00f4nia, o Vale e o mundo precisam\u201d, explanou.<\/p>\n\n\n\n<p>Hennemann agradeceu pela agilidade na libera\u00e7\u00e3o da licen\u00e7a, visto que o projeto da hidrel\u00e9trica foi lan\u00e7ado a cerca de um m\u00eas. Tamb\u00e9m enfatizou sobre a importante contribui\u00e7\u00e3o que ser\u00e1 dada pela usina, ampliando a capacidade energ\u00e9tica do Vale e proporcionando tamb\u00e9m o fortalecimento da Cooperativa. <\/p>\n\n\n\n<p>\u201cFicamos muito felizes e, em nome do Conselho de Administra\u00e7\u00e3o e dos nossos aproximadamente 80 mil associados, quero reconhecer esse momento t\u00e3o especial que estamos vivenciando, pois significa a certid\u00e3o de nascimento da obra. O Vale do Taquari agradece e reconhece esta agilidade em liberar esse importante documento que agilizar\u00e1 as obras da hidrel\u00e9trica, que deve gerar em torno de 500 empregos diretos e indiretos\u201d, pontuou.<\/p>\n\n\n\n<p>Tamb\u00e9m estiveram presentes o superintendente da Certel, Ilvo Edgar Poersch, os diretores Julio Cesar Salecker e Ernani Alo\u00edsio Mallmann, o coordenador administrativo-financeiro, Cleverson Castro Ortiz de Oliveira, o propriet\u00e1rio do terreno, Leonel Pretto e o representante da Biolaw, Adriano Cunha.<\/p>\n","protected":false},"excerpt":{"rendered":"<p>A Certel recebeu na manh\u00e3 desta sexat-feira (30\/9), da Secretaria Estadual do Meio Ambiente e Infraestrutura (Sema), a Licen\u00e7a de Instala\u00e7\u00e3o para constru\u00e7\u00e3o da Hidrel\u00e9trica Bom Retiro, no Rio Taquari, entre Bom Retiro do Sul e Cruzeiro do Sul. A secret\u00e1ria, Marjorie Kauffmann, recepcionou o presidente da Certel, Erineo Jos\u00e9 Hennemann, o vice-presidente, Daniel Luis [&hellip;]<\/p>\n","protected":false},"author":8,"featured_media":113776,"comment_status":"open","ping_status":"open","sticky":false,"template":"","format":"standard","meta":{"pmpro_default_level":"","_jetpack_memberships_contains_paid_content":false,"footnotes":""},"categories":[2,3],"tags":[],"class_list":{"0":"post-113773","1":"post","2":"type-post","3":"status-publish","4":"format-standard","5":"has-post-thumbnail","7":"category-featured","8":"category-geral","9":"pmpro-has-access"},"yoast_head":"<!-- This site is optimized with the Yoast SEO plugin v27.5 - https:\/\/yoast.com\/product\/yoast-seo-wordpress\/ -->\n<title>Certel recebe autoriza\u00e7\u00e3o para in\u00edcio das obras da Hidrel\u00e9trica Bom Retiro - Folha Popular<\/title>\n<meta name=\"robots\" content=\"index, follow, max-snippet:-1, max-image-preview:large, max-video-preview:-1\" \/>\n<link rel=\"canonical\" href=\"https:\/\/folhapopular.info\/index.php\/2022\/09\/30\/certel-recebe-autorizacao-para-inicio-das-obras-da-hidreletrica-bom-retiro\/\" \/>\n<meta property=\"og:locale\" content=\"pt_BR\" \/>\n<meta property=\"og:type\" content=\"article\" \/>\n<meta property=\"og:title\" content=\"Certel recebe autoriza\u00e7\u00e3o para in\u00edcio das obras da Hidrel\u00e9trica Bom Retiro - Folha Popular\" \/>\n<meta property=\"og:description\" content=\"A Certel recebeu na manh\u00e3 desta sexat-feira (30\/9), da Secretaria Estadual do Meio Ambiente e Infraestrutura (Sema), a Licen\u00e7a de Instala\u00e7\u00e3o para constru\u00e7\u00e3o da Hidrel\u00e9trica Bom Retiro, no Rio Taquari, entre Bom Retiro do Sul e Cruzeiro do Sul. A secret\u00e1ria, Marjorie Kauffmann, recepcionou o presidente da Certel, Erineo Jos\u00e9 Hennemann, o vice-presidente, Daniel Luis [&hellip;]\" \/>\n<meta property=\"og:url\" content=\"https:\/\/folhapopular.info\/index.php\/2022\/09\/30\/certel-recebe-autorizacao-para-inicio-das-obras-da-hidreletrica-bom-retiro\/\" \/>\n<meta property=\"og:site_name\" content=\"Folha Popular\" \/>\n<meta property=\"article:published_time\" content=\"2022-09-30T18:25:52+00:00\" \/>\n<meta property=\"article:modified_time\" content=\"2022-09-30T18:48:44+00:00\" \/>\n<meta property=\"og:image\" content=\"http:\/\/folhapopular.info\/wp-content\/uploads\/2022\/09\/DSC_0932-scaled-e1664562342764.jpg\" \/>\n\t<meta property=\"og:image:width\" content=\"1200\" \/>\n\t<meta property=\"og:image:height\" content=\"800\" \/>\n\t<meta property=\"og:image:type\" content=\"image\/jpeg\" \/>\n<meta name=\"author\" content=\"Reda\u00e7\u00e3o Folha Popular\" \/>\n<meta name=\"twitter:card\" content=\"summary_large_image\" \/>\n<meta name=\"twitter:label1\" content=\"Escrito por\" \/>\n\t<meta name=\"twitter:data1\" content=\"Reda\u00e7\u00e3o Folha Popular\" \/>\n\t<meta name=\"twitter:label2\" content=\"Est. tempo de leitura\" \/>\n\t<meta name=\"twitter:data2\" content=\"3 minutos\" \/>\n<script type=\"application\/ld+json\" class=\"yoast-schema-graph\">{\"@context\":\"https:\\\/\\\/schema.org\",\"@graph\":[{\"@type\":\"Article\",\"@id\":\"https:\\\/\\\/folhapopular.info\\\/index.php\\\/2022\\\/09\\\/30\\\/certel-recebe-autorizacao-para-inicio-das-obras-da-hidreletrica-bom-retiro\\\/#article\",\"isPartOf\":{\"@id\":\"https:\\\/\\\/folhapopular.info\\\/index.php\\\/2022\\\/09\\\/30\\\/certel-recebe-autorizacao-para-inicio-das-obras-da-hidreletrica-bom-retiro\\\/\"},\"author\":{\"name\":\"Reda\u00e7\u00e3o Folha Popular\",\"@id\":\"https:\\\/\\\/folhapopular.info\\\/#\\\/schema\\\/person\\\/2814e8a0df7643585a9ca38bc6eb9d4b\"},\"headline\":\"Certel recebe autoriza\u00e7\u00e3o para in\u00edcio das obras da Hidrel\u00e9trica Bom Retiro\",\"datePublished\":\"2022-09-30T18:25:52+00:00\",\"dateModified\":\"2022-09-30T18:48:44+00:00\",\"mainEntityOfPage\":{\"@id\":\"https:\\\/\\\/folhapopular.info\\\/index.php\\\/2022\\\/09\\\/30\\\/certel-recebe-autorizacao-para-inicio-das-obras-da-hidreletrica-bom-retiro\\\/\"},\"wordCount\":474,\"commentCount\":0,\"image\":{\"@id\":\"https:\\\/\\\/folhapopular.info\\\/index.php\\\/2022\\\/09\\\/30\\\/certel-recebe-autorizacao-para-inicio-das-obras-da-hidreletrica-bom-retiro\\\/#primaryimage\"},\"thumbnailUrl\":\"https:\\\/\\\/folhapopular.info\\\/wp-content\\\/uploads\\\/2022\\\/09\\\/DSC_0932-scaled-e1664562342764.jpg\",\"articleSection\":[\"Destaques\",\"Geral\"],\"inLanguage\":\"pt-BR\",\"potentialAction\":[{\"@type\":\"CommentAction\",\"name\":\"Comment\",\"target\":[\"https:\\\/\\\/folhapopular.info\\\/index.php\\\/2022\\\/09\\\/30\\\/certel-recebe-autorizacao-para-inicio-das-obras-da-hidreletrica-bom-retiro\\\/#respond\"]}]},{\"@type\":\"WebPage\",\"@id\":\"https:\\\/\\\/folhapopular.info\\\/index.php\\\/2022\\\/09\\\/30\\\/certel-recebe-autorizacao-para-inicio-das-obras-da-hidreletrica-bom-retiro\\\/\",\"url\":\"https:\\\/\\\/folhapopular.info\\\/index.php\\\/2022\\\/09\\\/30\\\/certel-recebe-autorizacao-para-inicio-das-obras-da-hidreletrica-bom-retiro\\\/\",\"name\":\"Certel recebe autoriza\u00e7\u00e3o para in\u00edcio das obras da Hidrel\u00e9trica Bom Retiro - Folha Popular\",\"isPartOf\":{\"@id\":\"https:\\\/\\\/folhapopular.info\\\/#website\"},\"primaryImageOfPage\":{\"@id\":\"https:\\\/\\\/folhapopular.info\\\/index.php\\\/2022\\\/09\\\/30\\\/certel-recebe-autorizacao-para-inicio-das-obras-da-hidreletrica-bom-retiro\\\/#primaryimage\"},\"image\":{\"@id\":\"https:\\\/\\\/folhapopular.info\\\/index.php\\\/2022\\\/09\\\/30\\\/certel-recebe-autorizacao-para-inicio-das-obras-da-hidreletrica-bom-retiro\\\/#primaryimage\"},\"thumbnailUrl\":\"https:\\\/\\\/folhapopular.info\\\/wp-content\\\/uploads\\\/2022\\\/09\\\/DSC_0932-scaled-e1664562342764.jpg\",\"datePublished\":\"2022-09-30T18:25:52+00:00\",\"dateModified\":\"2022-09-30T18:48:44+00:00\",\"author\":{\"@id\":\"https:\\\/\\\/folhapopular.info\\\/#\\\/schema\\\/person\\\/2814e8a0df7643585a9ca38bc6eb9d4b\"},\"breadcrumb\":{\"@id\":\"https:\\\/\\\/folhapopular.info\\\/index.php\\\/2022\\\/09\\\/30\\\/certel-recebe-autorizacao-para-inicio-das-obras-da-hidreletrica-bom-retiro\\\/#breadcrumb\"},\"inLanguage\":\"pt-BR\",\"potentialAction\":[{\"@type\":\"ReadAction\",\"target\":[\"https:\\\/\\\/folhapopular.info\\\/index.php\\\/2022\\\/09\\\/30\\\/certel-recebe-autorizacao-para-inicio-das-obras-da-hidreletrica-bom-retiro\\\/\"]}]},{\"@type\":\"ImageObject\",\"inLanguage\":\"pt-BR\",\"@id\":\"https:\\\/\\\/folhapopular.info\\\/index.php\\\/2022\\\/09\\\/30\\\/certel-recebe-autorizacao-para-inicio-das-obras-da-hidreletrica-bom-retiro\\\/#primaryimage\",\"url\":\"https:\\\/\\\/folhapopular.info\\\/wp-content\\\/uploads\\\/2022\\\/09\\\/DSC_0932-scaled-e1664562342764.jpg\",\"contentUrl\":\"https:\\\/\\\/folhapopular.info\\\/wp-content\\\/uploads\\\/2022\\\/09\\\/DSC_0932-scaled-e1664562342764.jpg\",\"width\":1200,\"height\":800,\"caption\":\"Momento da assinatura das licen\u00e7as \\\/ Cr\u00e9dito da foto: Samuel Dickel B\u00fcnecker \\\/ Diulga\u00e7\u00e3o\"},{\"@type\":\"BreadcrumbList\",\"@id\":\"https:\\\/\\\/folhapopular.info\\\/index.php\\\/2022\\\/09\\\/30\\\/certel-recebe-autorizacao-para-inicio-das-obras-da-hidreletrica-bom-retiro\\\/#breadcrumb\",\"itemListElement\":[{\"@type\":\"ListItem\",\"position\":1,\"name\":\"In\u00edcio\",\"item\":\"https:\\\/\\\/folhapopular.info\\\/\"},{\"@type\":\"ListItem\",\"position\":2,\"name\":\"Certel recebe autoriza\u00e7\u00e3o para in\u00edcio das obras da Hidrel\u00e9trica Bom Retiro\"}]},{\"@type\":\"WebSite\",\"@id\":\"https:\\\/\\\/folhapopular.info\\\/#website\",\"url\":\"https:\\\/\\\/folhapopular.info\\\/\",\"name\":\"Folha Popular\",\"description\":\"Onde voc\u00ea tem vez e voz\",\"potentialAction\":[{\"@type\":\"SearchAction\",\"target\":{\"@type\":\"EntryPoint\",\"urlTemplate\":\"https:\\\/\\\/folhapopular.info\\\/?s={search_term_string}\"},\"query-input\":{\"@type\":\"PropertyValueSpecification\",\"valueRequired\":true,\"valueName\":\"search_term_string\"}}],\"inLanguage\":\"pt-BR\"},{\"@type\":\"Person\",\"@id\":\"https:\\\/\\\/folhapopular.info\\\/#\\\/schema\\\/person\\\/2814e8a0df7643585a9ca38bc6eb9d4b\",\"name\":\"Reda\u00e7\u00e3o Folha Popular\",\"image\":{\"@type\":\"ImageObject\",\"inLanguage\":\"pt-BR\",\"@id\":\"https:\\\/\\\/folhapopular.info\\\/wp-content\\\/uploads\\\/2026\\\/04\\\/Folha-1.webp\",\"url\":\"https:\\\/\\\/folhapopular.info\\\/wp-content\\\/uploads\\\/2026\\\/04\\\/Folha-1.webp\",\"contentUrl\":\"https:\\\/\\\/folhapopular.info\\\/wp-content\\\/uploads\\\/2026\\\/04\\\/Folha-1.webp\",\"caption\":\"Reda\u00e7\u00e3o Folha Popular\"},\"url\":\"https:\\\/\\\/folhapopular.info\\\/index.php\\\/author\\\/redacao\\\/\"}]}<\/script>\n<!-- \/ Yoast SEO plugin. -->","yoast_head_json":{"title":"Certel recebe autoriza\u00e7\u00e3o para in\u00edcio das obras da Hidrel\u00e9trica Bom Retiro - Folha Popular","robots":{"index":"index","follow":"follow","max-snippet":"max-snippet:-1","max-image-preview":"max-image-preview:large","max-video-preview":"max-video-preview:-1"},"canonical":"https:\/\/folhapopular.info\/index.php\/2022\/09\/30\/certel-recebe-autorizacao-para-inicio-das-obras-da-hidreletrica-bom-retiro\/","og_locale":"pt_BR","og_type":"article","og_title":"Certel recebe autoriza\u00e7\u00e3o para in\u00edcio das obras da Hidrel\u00e9trica Bom Retiro - Folha Popular","og_description":"A Certel recebeu na manh\u00e3 desta sexat-feira (30\/9), da Secretaria Estadual do Meio Ambiente e Infraestrutura (Sema), a Licen\u00e7a de Instala\u00e7\u00e3o para constru\u00e7\u00e3o da Hidrel\u00e9trica Bom Retiro, no Rio Taquari, entre Bom Retiro do Sul e Cruzeiro do Sul. A secret\u00e1ria, Marjorie Kauffmann, recepcionou o presidente da Certel, Erineo Jos\u00e9 Hennemann, o vice-presidente, Daniel Luis [&hellip;]","og_url":"https:\/\/folhapopular.info\/index.php\/2022\/09\/30\/certel-recebe-autorizacao-para-inicio-das-obras-da-hidreletrica-bom-retiro\/","og_site_name":"Folha Popular","article_published_time":"2022-09-30T18:25:52+00:00","article_modified_time":"2022-09-30T18:48:44+00:00","og_image":[{"width":1200,"height":800,"url":"http:\/\/folhapopular.info\/wp-content\/uploads\/2022\/09\/DSC_0932-scaled-e1664562342764.jpg","type":"image\/jpeg"}],"author":"Reda\u00e7\u00e3o Folha Popular","twitter_card":"summary_large_image","twitter_misc":{"Escrito por":"Reda\u00e7\u00e3o Folha Popular","Est. tempo de leitura":"3 minutos"},"schema":{"@context":"https:\/\/schema.org","@graph":[{"@type":"Article","@id":"https:\/\/folhapopular.info\/index.php\/2022\/09\/30\/certel-recebe-autorizacao-para-inicio-das-obras-da-hidreletrica-bom-retiro\/#article","isPartOf":{"@id":"https:\/\/folhapopular.info\/index.php\/2022\/09\/30\/certel-recebe-autorizacao-para-inicio-das-obras-da-hidreletrica-bom-retiro\/"},"author":{"name":"Reda\u00e7\u00e3o Folha Popular","@id":"https:\/\/folhapopular.info\/#\/schema\/person\/2814e8a0df7643585a9ca38bc6eb9d4b"},"headline":"Certel recebe autoriza\u00e7\u00e3o para in\u00edcio das obras da Hidrel\u00e9trica Bom Retiro","datePublished":"2022-09-30T18:25:52+00:00","dateModified":"2022-09-30T18:48:44+00:00","mainEntityOfPage":{"@id":"https:\/\/folhapopular.info\/index.php\/2022\/09\/30\/certel-recebe-autorizacao-para-inicio-das-obras-da-hidreletrica-bom-retiro\/"},"wordCount":474,"commentCount":0,"image":{"@id":"https:\/\/folhapopular.info\/index.php\/2022\/09\/30\/certel-recebe-autorizacao-para-inicio-das-obras-da-hidreletrica-bom-retiro\/#primaryimage"},"thumbnailUrl":"https:\/\/folhapopular.info\/wp-content\/uploads\/2022\/09\/DSC_0932-scaled-e1664562342764.jpg","articleSection":["Destaques","Geral"],"inLanguage":"pt-BR","potentialAction":[{"@type":"CommentAction","name":"Comment","target":["https:\/\/folhapopular.info\/index.php\/2022\/09\/30\/certel-recebe-autorizacao-para-inicio-das-obras-da-hidreletrica-bom-retiro\/#respond"]}]},{"@type":"WebPage","@id":"https:\/\/folhapopular.info\/index.php\/2022\/09\/30\/certel-recebe-autorizacao-para-inicio-das-obras-da-hidreletrica-bom-retiro\/","url":"https:\/\/folhapopular.info\/index.php\/2022\/09\/30\/certel-recebe-autorizacao-para-inicio-das-obras-da-hidreletrica-bom-retiro\/","name":"Certel recebe autoriza\u00e7\u00e3o para in\u00edcio das obras da Hidrel\u00e9trica Bom Retiro - Folha Popular","isPartOf":{"@id":"https:\/\/folhapopular.info\/#website"},"primaryImageOfPage":{"@id":"https:\/\/folhapopular.info\/index.php\/2022\/09\/30\/certel-recebe-autorizacao-para-inicio-das-obras-da-hidreletrica-bom-retiro\/#primaryimage"},"image":{"@id":"https:\/\/folhapopular.info\/index.php\/2022\/09\/30\/certel-recebe-autorizacao-para-inicio-das-obras-da-hidreletrica-bom-retiro\/#primaryimage"},"thumbnailUrl":"https:\/\/folhapopular.info\/wp-content\/uploads\/2022\/09\/DSC_0932-scaled-e1664562342764.jpg","datePublished":"2022-09-30T18:25:52+00:00","dateModified":"2022-09-30T18:48:44+00:00","author":{"@id":"https:\/\/folhapopular.info\/#\/schema\/person\/2814e8a0df7643585a9ca38bc6eb9d4b"},"breadcrumb":{"@id":"https:\/\/folhapopular.info\/index.php\/2022\/09\/30\/certel-recebe-autorizacao-para-inicio-das-obras-da-hidreletrica-bom-retiro\/#breadcrumb"},"inLanguage":"pt-BR","potentialAction":[{"@type":"ReadAction","target":["https:\/\/folhapopular.info\/index.php\/2022\/09\/30\/certel-recebe-autorizacao-para-inicio-das-obras-da-hidreletrica-bom-retiro\/"]}]},{"@type":"ImageObject","inLanguage":"pt-BR","@id":"https:\/\/folhapopular.info\/index.php\/2022\/09\/30\/certel-recebe-autorizacao-para-inicio-das-obras-da-hidreletrica-bom-retiro\/#primaryimage","url":"https:\/\/folhapopular.info\/wp-content\/uploads\/2022\/09\/DSC_0932-scaled-e1664562342764.jpg","contentUrl":"https:\/\/folhapopular.info\/wp-content\/uploads\/2022\/09\/DSC_0932-scaled-e1664562342764.jpg","width":1200,"height":800,"caption":"Momento da assinatura das licen\u00e7as \/ Cr\u00e9dito da foto: Samuel Dickel B\u00fcnecker \/ Diulga\u00e7\u00e3o"},{"@type":"BreadcrumbList","@id":"https:\/\/folhapopular.info\/index.php\/2022\/09\/30\/certel-recebe-autorizacao-para-inicio-das-obras-da-hidreletrica-bom-retiro\/#breadcrumb","itemListElement":[{"@type":"ListItem","position":1,"name":"In\u00edcio","item":"https:\/\/folhapopular.info\/"},{"@type":"ListItem","position":2,"name":"Certel recebe autoriza\u00e7\u00e3o para in\u00edcio das obras da Hidrel\u00e9trica Bom Retiro"}]},{"@type":"WebSite","@id":"https:\/\/folhapopular.info\/#website","url":"https:\/\/folhapopular.info\/","name":"Folha Popular","description":"Onde voc\u00ea tem vez e voz","potentialAction":[{"@type":"SearchAction","target":{"@type":"EntryPoint","urlTemplate":"https:\/\/folhapopular.info\/?s={search_term_string}"},"query-input":{"@type":"PropertyValueSpecification","valueRequired":true,"valueName":"search_term_string"}}],"inLanguage":"pt-BR"},{"@type":"Person","@id":"https:\/\/folhapopular.info\/#\/schema\/person\/2814e8a0df7643585a9ca38bc6eb9d4b","name":"Reda\u00e7\u00e3o Folha Popular","image":{"@type":"ImageObject","inLanguage":"pt-BR","@id":"https:\/\/folhapopular.info\/wp-content\/uploads\/2026\/04\/Folha-1.webp","url":"https:\/\/folhapopular.info\/wp-content\/uploads\/2026\/04\/Folha-1.webp","contentUrl":"https:\/\/folhapopular.info\/wp-content\/uploads\/2026\/04\/Folha-1.webp","caption":"Reda\u00e7\u00e3o Folha Popular"},"url":"https:\/\/folhapopular.info\/index.php\/author\/redacao\/"}]}},"jetpack_featured_media_url":"https:\/\/folhapopular.info\/wp-content\/uploads\/2022\/09\/DSC_0932-scaled-e1664562342764.jpg","jetpack_sharing_enabled":true,"amp_enabled":true,"_links":{"self":[{"href":"https:\/\/folhapopular.info\/index.php\/wp-json\/wp\/v2\/posts\/113773","targetHints":{"allow":["GET"]}}],"collection":[{"href":"https:\/\/folhapopular.info\/index.php\/wp-json\/wp\/v2\/posts"}],"about":[{"href":"https:\/\/folhapopular.info\/index.php\/wp-json\/wp\/v2\/types\/post"}],"author":[{"embeddable":true,"href":"https:\/\/folhapopular.info\/index.php\/wp-json\/wp\/v2\/users\/8"}],"replies":[{"embeddable":true,"href":"https:\/\/folhapopular.info\/index.php\/wp-json\/wp\/v2\/comments?post=113773"}],"version-history":[{"count":0,"href":"https:\/\/folhapopular.info\/index.php\/wp-json\/wp\/v2\/posts\/113773\/revisions"}],"wp:featuredmedia":[{"embeddable":true,"href":"https:\/\/folhapopular.info\/index.php\/wp-json\/wp\/v2\/media\/113776"}],"wp:attachment":[{"href":"https:\/\/folhapopular.info\/index.php\/wp-json\/wp\/v2\/media?parent=113773"}],"wp:term":[{"taxonomy":"category","embeddable":true,"href":"https:\/\/folhapopular.info\/index.php\/wp-json\/wp\/v2\/categories?post=113773"},{"taxonomy":"post_tag","embeddable":true,"href":"https:\/\/folhapopular.info\/index.php\/wp-json\/wp\/v2\/tags?post=113773"}],"curies":[{"name":"wp","href":"https:\/\/api.w.org\/{rel}","templated":true}]}}