{"id":113779,"date":"2022-09-30T15:43:43","date_gmt":"2022-09-30T18:43:43","guid":{"rendered":"https:\/\/folhapopular.info\/?p=113779"},"modified":"2022-09-30T15:43:48","modified_gmt":"2022-09-30T18:43:48","slug":"14a-edicao-premia-os-retratos-mais-belos-de-colinas","status":"publish","type":"post","link":"https:\/\/folhapopular.info\/index.php\/2022\/09\/30\/14a-edicao-premia-os-retratos-mais-belos-de-colinas\/","title":{"rendered":"14\u00aa edi\u00e7\u00e3o premia os retratos mais belos de Colinas"},"content":{"rendered":"\n<p>Colinas premiou, nesta semana, os dez primeiros lugares do 14\u00ba Concurso Fotogr\u00e1fico da cidade.<\/p>\n\n\n\n<p>Com o tema \u201cColinas conta sua hist\u00f3ria e suas belezas atrav\u00e9s da fotografia\u201d, a comiss\u00e3o julgadora, composta por tr\u00eas profissionais, avaliou coer\u00eancia com o tema proposto, qualidade t\u00e9cnica da foto (exposi\u00e7\u00e3o, abertura e enquadramento) e criatividade.<\/p>\n\n\n\n<p>O per\u00edodo de inscri\u00e7\u00f5es e entrega dos trabalhos foi de 21 de abril at\u00e9 16 de setembro. Artistas profissionais e amadores residentes ou n\u00e3o em Colinas puderam participar. Apenas fotografias in\u00e9ditas foram aceitas.<\/p>\n\n\n\n<p>O primeiro colocado recebeu R$ 700. O segundo, R$ 550 e o terceiro, R$ 400. J\u00e1 os posicionados entre o 4\u00ba e o 10\u00ba lugares receberam R$ 100 cada.<\/p>\n\n\n\n<div class=\"wp-block-jetpack-slideshow aligncenter\" data-effect=\"slide\"><div class=\"wp-block-jetpack-slideshow_container swiper-container\"><ul class=\"wp-block-jetpack-slideshow_swiper-wrapper swiper-wrapper\"><li class=\"wp-block-jetpack-slideshow_slide swiper-slide\"><figure><img loading=\"lazy\" decoding=\"async\" width=\"1024\" height=\"768\" alt=\"\" class=\"wp-block-jetpack-slideshow_image wp-image-113781\" data-id=\"113781\" src=\"https:\/\/folhapopular.info\/wp-content\/uploads\/2022\/09\/1o-lugar-1-1024x768.jpg\" srcset=\"https:\/\/folhapopular.info\/wp-content\/uploads\/2022\/09\/1o-lugar-1-1024x768.jpg 1024w, https:\/\/folhapopular.info\/wp-content\/uploads\/2022\/09\/1o-lugar-1-300x225.jpg 300w, https:\/\/folhapopular.info\/wp-content\/uploads\/2022\/09\/1o-lugar-1-768x576.jpg 768w, https:\/\/folhapopular.info\/wp-content\/uploads\/2022\/09\/1o-lugar-1-1536x1152.jpg 1536w, https:\/\/folhapopular.info\/wp-content\/uploads\/2022\/09\/1o-lugar-1-2048x1536.jpg 2048w, https:\/\/folhapopular.info\/wp-content\/uploads\/2022\/09\/1o-lugar-1-696x522.jpg 696w, https:\/\/folhapopular.info\/wp-content\/uploads\/2022\/09\/1o-lugar-1-1068x801.jpg 1068w, https:\/\/folhapopular.info\/wp-content\/uploads\/2022\/09\/1o-lugar-1-1920x1440.jpg 1920w\" sizes=\"(max-width: 1024px) 100vw, 1024px\" \/><figcaption class=\"wp-block-jetpack-slideshow_caption gallery-caption\">1\u00ba lugar: Caroline Tha\u00eds Martinho Pozocco<\/figcaption><\/figure><\/li><li class=\"wp-block-jetpack-slideshow_slide swiper-slide\"><figure><img loading=\"lazy\" decoding=\"async\" width=\"1024\" height=\"683\" alt=\"\" class=\"wp-block-jetpack-slideshow_image wp-image-113783\" data-id=\"113783\" src=\"https:\/\/folhapopular.info\/wp-content\/uploads\/2022\/09\/2o-lugar-1024x683.jpg\" srcset=\"https:\/\/folhapopular.info\/wp-content\/uploads\/2022\/09\/2o-lugar-1024x683.jpg 1024w, https:\/\/folhapopular.info\/wp-content\/uploads\/2022\/09\/2o-lugar-300x200.jpg 300w, https:\/\/folhapopular.info\/wp-content\/uploads\/2022\/09\/2o-lugar-768x512.jpg 768w, https:\/\/folhapopular.info\/wp-content\/uploads\/2022\/09\/2o-lugar-1536x1024.jpg 1536w, https:\/\/folhapopular.info\/wp-content\/uploads\/2022\/09\/2o-lugar-2048x1365.jpg 2048w, https:\/\/folhapopular.info\/wp-content\/uploads\/2022\/09\/2o-lugar-696x464.jpg 696w, https:\/\/folhapopular.info\/wp-content\/uploads\/2022\/09\/2o-lugar-1068x712.jpg 1068w, https:\/\/folhapopular.info\/wp-content\/uploads\/2022\/09\/2o-lugar-1920x1280.jpg 1920w\" sizes=\"(max-width: 1024px) 100vw, 1024px\" \/><figcaption class=\"wp-block-jetpack-slideshow_caption gallery-caption\">2\u00ba lugar: Jone Heinen<\/figcaption><\/figure><\/li><li class=\"wp-block-jetpack-slideshow_slide swiper-slide\"><figure><img loading=\"lazy\" decoding=\"async\" width=\"1024\" height=\"683\" alt=\"\" class=\"wp-block-jetpack-slideshow_image wp-image-113785\" data-id=\"113785\" src=\"https:\/\/folhapopular.info\/wp-content\/uploads\/2022\/09\/3o-lugar-1-1024x683.jpg\" srcset=\"https:\/\/folhapopular.info\/wp-content\/uploads\/2022\/09\/3o-lugar-1-1024x683.jpg 1024w, https:\/\/folhapopular.info\/wp-content\/uploads\/2022\/09\/3o-lugar-1-300x200.jpg 300w, https:\/\/folhapopular.info\/wp-content\/uploads\/2022\/09\/3o-lugar-1-768x512.jpg 768w, https:\/\/folhapopular.info\/wp-content\/uploads\/2022\/09\/3o-lugar-1-1536x1024.jpg 1536w, https:\/\/folhapopular.info\/wp-content\/uploads\/2022\/09\/3o-lugar-1-2048x1365.jpg 2048w, https:\/\/folhapopular.info\/wp-content\/uploads\/2022\/09\/3o-lugar-1-696x464.jpg 696w, https:\/\/folhapopular.info\/wp-content\/uploads\/2022\/09\/3o-lugar-1-1068x712.jpg 1068w, https:\/\/folhapopular.info\/wp-content\/uploads\/2022\/09\/3o-lugar-1-1920x1280.jpg 1920w\" sizes=\"(max-width: 1024px) 100vw, 1024px\" \/><figcaption class=\"wp-block-jetpack-slideshow_caption gallery-caption\">3\u00ba lugar: Claudia e Rodrigo Fotografias<\/figcaption><\/figure><\/li><\/ul><a class=\"wp-block-jetpack-slideshow_button-prev swiper-button-prev swiper-button-white\" role=\"button\"><\/a><a class=\"wp-block-jetpack-slideshow_button-next swiper-button-next swiper-button-white\" role=\"button\"><\/a><a aria-label=\"Pause Slideshow\" class=\"wp-block-jetpack-slideshow_button-pause\" role=\"button\"><\/a><div class=\"wp-block-jetpack-slideshow_pagination swiper-pagination swiper-pagination-white\"><\/div><\/div><\/div>\n\n\n\n<p><strong>Confira os vencedores:<\/strong><br>1\u00ba lugar: Caroline Tha\u00eds Martinho Pozocco<br>T\u00edtulo: Luz e sombra ao amanhecer<br>Local fotografado: Linha Ano Bom<br><br>2\u00ba lugar: Jone Heinen<br>T\u00edtulo: Travessia do Rio Taquari \u2013 onde tudo come\u00e7ou<br>Local fotografado: Linha Santo Ant\u00f4nio<br><br>3\u00ba lugar: Claudia e Rodrigo Fotografias<br>T\u00edtulo: \u201cDebulhando Hist\u00f3rias\u201d<br>Local fotografado: Fernando Ferrari<\/p>\n\n\n\n<p>4\u00ba lugar: Viviane Batistela Pereira<br>T\u00edtulo: F\u00e9<br>Local fotografado: Igreja Luterana<\/p>\n\n\n\n<p>5\u00ba lugar: Rafaela Gaspar Ritt<br>T\u00edtulo: Lembrando o come\u00e7o de Colinas<br>Local fotografado: Linha Westf\u00e1lia<\/p>\n\n\n\n<p>6\u00ba lugar: Jaqueline Terezinha Scotta<br>T\u00edtulo: Al\u00e9m do T\u00fanel<br>Local fotografado: Entrada fundos da Pra\u00e7a dos P\u00e1ssaros, t\u00fanel sob a Prefeitura<\/p>\n\n\n\n<p>7\u00ba lugar: Arthur Augusto Bertozzi Giongo<br>T\u00edtulo: A riqueza que brota do ch\u00e3o<br>Local fotografado: ERS &#8211; 129, Morreto<\/p>\n\n\n\n<p>8\u00ba lugar: Jone Heinen<br>T\u00edtulo: Remanso das \u00e1guas do rio que guarda hist\u00f3rias<br>Local fotografado: Prainha do Rio Taquari<\/p>\n\n\n\n<p>9\u00ba lugar: Gisele Schmidt<br>T\u00edtulo: Moldura Natural<br>Local fotografado: Linha Roncador<\/p>\n\n\n\n<p>10\u00ba lugar: Rafaela Gaspar Ritt<br>T\u00edtulo: Fim de tarde, um fusca e um bom caf\u00e9<br>Local fotografado: Caf\u00e9 na esquina das ruas General Os\u00f3rio e Parob\u00e9<\/p>\n","protected":false},"excerpt":{"rendered":"<p>Colinas premiou, nesta semana, os dez primeiros lugares do 14\u00ba Concurso Fotogr\u00e1fico da cidade. Com o tema \u201cColinas conta sua hist\u00f3ria e suas belezas atrav\u00e9s da fotografia\u201d, a comiss\u00e3o julgadora, composta por tr\u00eas profissionais, avaliou coer\u00eancia com o tema proposto, qualidade t\u00e9cnica da foto (exposi\u00e7\u00e3o, abertura e enquadramento) e criatividade. O per\u00edodo de inscri\u00e7\u00f5es e [&hellip;]<\/p>\n","protected":false},"author":8,"featured_media":113780,"comment_status":"open","ping_status":"open","sticky":false,"template":"","format":"standard","meta":{"pmpro_default_level":"","_jetpack_memberships_contains_paid_content":false,"footnotes":""},"categories":[2,3],"tags":[183,580,946],"class_list":{"0":"post-113779","1":"post","2":"type-post","3":"status-publish","4":"format-standard","5":"has-post-thumbnail","7":"category-featured","8":"category-geral","9":"tag-colinas","10":"tag-concurso-fotografico","11":"tag-inscricoes","12":"pmpro-has-access"},"yoast_head":"<!-- This site is optimized with the Yoast SEO plugin v27.5 - https:\/\/yoast.com\/product\/yoast-seo-wordpress\/ -->\n<title>14\u00aa edi\u00e7\u00e3o premia os retratos mais belos de Colinas - Folha Popular<\/title>\n<meta name=\"robots\" content=\"index, follow, max-snippet:-1, max-image-preview:large, max-video-preview:-1\" \/>\n<link rel=\"canonical\" href=\"https:\/\/folhapopular.info\/index.php\/2022\/09\/30\/14a-edicao-premia-os-retratos-mais-belos-de-colinas\/\" \/>\n<meta property=\"og:locale\" content=\"pt_BR\" \/>\n<meta property=\"og:type\" content=\"article\" \/>\n<meta property=\"og:title\" content=\"14\u00aa edi\u00e7\u00e3o premia os retratos mais belos de Colinas - Folha Popular\" \/>\n<meta property=\"og:description\" content=\"Colinas premiou, nesta semana, os dez primeiros lugares do 14\u00ba Concurso Fotogr\u00e1fico da cidade. Com o tema \u201cColinas conta sua hist\u00f3ria e suas belezas atrav\u00e9s da fotografia\u201d, a comiss\u00e3o julgadora, composta por tr\u00eas profissionais, avaliou coer\u00eancia com o tema proposto, qualidade t\u00e9cnica da foto (exposi\u00e7\u00e3o, abertura e enquadramento) e criatividade. O per\u00edodo de inscri\u00e7\u00f5es e [&hellip;]\" \/>\n<meta property=\"og:url\" content=\"https:\/\/folhapopular.info\/index.php\/2022\/09\/30\/14a-edicao-premia-os-retratos-mais-belos-de-colinas\/\" \/>\n<meta property=\"og:site_name\" content=\"Folha Popular\" \/>\n<meta property=\"article:published_time\" content=\"2022-09-30T18:43:43+00:00\" \/>\n<meta property=\"article:modified_time\" content=\"2022-09-30T18:43:48+00:00\" \/>\n<meta property=\"og:image\" content=\"http:\/\/folhapopular.info\/wp-content\/uploads\/2022\/09\/1o-lugar-scaled-e1664563101822.jpg\" \/>\n\t<meta property=\"og:image:width\" content=\"1200\" \/>\n\t<meta property=\"og:image:height\" content=\"900\" \/>\n\t<meta property=\"og:image:type\" content=\"image\/jpeg\" \/>\n<meta name=\"author\" content=\"Reda\u00e7\u00e3o Folha Popular\" \/>\n<meta name=\"twitter:card\" content=\"summary_large_image\" \/>\n<meta name=\"twitter:label1\" content=\"Escrito por\" \/>\n\t<meta name=\"twitter:data1\" content=\"Reda\u00e7\u00e3o Folha Popular\" \/>\n\t<meta name=\"twitter:label2\" content=\"Est. tempo de leitura\" \/>\n\t<meta name=\"twitter:data2\" content=\"3 minutos\" \/>\n<script type=\"application\/ld+json\" class=\"yoast-schema-graph\">{\"@context\":\"https:\\\/\\\/schema.org\",\"@graph\":[{\"@type\":\"Article\",\"@id\":\"https:\\\/\\\/folhapopular.info\\\/index.php\\\/2022\\\/09\\\/30\\\/14a-edicao-premia-os-retratos-mais-belos-de-colinas\\\/#article\",\"isPartOf\":{\"@id\":\"https:\\\/\\\/folhapopular.info\\\/index.php\\\/2022\\\/09\\\/30\\\/14a-edicao-premia-os-retratos-mais-belos-de-colinas\\\/\"},\"author\":{\"name\":\"Reda\u00e7\u00e3o Folha Popular\",\"@id\":\"https:\\\/\\\/folhapopular.info\\\/#\\\/schema\\\/person\\\/2814e8a0df7643585a9ca38bc6eb9d4b\"},\"headline\":\"14\u00aa edi\u00e7\u00e3o premia os retratos mais belos de Colinas\",\"datePublished\":\"2022-09-30T18:43:43+00:00\",\"dateModified\":\"2022-09-30T18:43:48+00:00\",\"mainEntityOfPage\":{\"@id\":\"https:\\\/\\\/folhapopular.info\\\/index.php\\\/2022\\\/09\\\/30\\\/14a-edicao-premia-os-retratos-mais-belos-de-colinas\\\/\"},\"wordCount\":306,\"commentCount\":0,\"image\":{\"@id\":\"https:\\\/\\\/folhapopular.info\\\/index.php\\\/2022\\\/09\\\/30\\\/14a-edicao-premia-os-retratos-mais-belos-de-colinas\\\/#primaryimage\"},\"thumbnailUrl\":\"https:\\\/\\\/folhapopular.info\\\/wp-content\\\/uploads\\\/2022\\\/09\\\/1o-lugar-scaled-e1664563101822.jpg\",\"keywords\":[\"Colinas\",\"Concurso Fotogr\u00e1fico\",\"Inscri\u00e7\u00f5es\"],\"articleSection\":[\"Destaques\",\"Geral\"],\"inLanguage\":\"pt-BR\",\"potentialAction\":[{\"@type\":\"CommentAction\",\"name\":\"Comment\",\"target\":[\"https:\\\/\\\/folhapopular.info\\\/index.php\\\/2022\\\/09\\\/30\\\/14a-edicao-premia-os-retratos-mais-belos-de-colinas\\\/#respond\"]}]},{\"@type\":\"WebPage\",\"@id\":\"https:\\\/\\\/folhapopular.info\\\/index.php\\\/2022\\\/09\\\/30\\\/14a-edicao-premia-os-retratos-mais-belos-de-colinas\\\/\",\"url\":\"https:\\\/\\\/folhapopular.info\\\/index.php\\\/2022\\\/09\\\/30\\\/14a-edicao-premia-os-retratos-mais-belos-de-colinas\\\/\",\"name\":\"14\u00aa edi\u00e7\u00e3o premia os retratos mais belos de Colinas - Folha Popular\",\"isPartOf\":{\"@id\":\"https:\\\/\\\/folhapopular.info\\\/#website\"},\"primaryImageOfPage\":{\"@id\":\"https:\\\/\\\/folhapopular.info\\\/index.php\\\/2022\\\/09\\\/30\\\/14a-edicao-premia-os-retratos-mais-belos-de-colinas\\\/#primaryimage\"},\"image\":{\"@id\":\"https:\\\/\\\/folhapopular.info\\\/index.php\\\/2022\\\/09\\\/30\\\/14a-edicao-premia-os-retratos-mais-belos-de-colinas\\\/#primaryimage\"},\"thumbnailUrl\":\"https:\\\/\\\/folhapopular.info\\\/wp-content\\\/uploads\\\/2022\\\/09\\\/1o-lugar-scaled-e1664563101822.jpg\",\"datePublished\":\"2022-09-30T18:43:43+00:00\",\"dateModified\":\"2022-09-30T18:43:48+00:00\",\"author\":{\"@id\":\"https:\\\/\\\/folhapopular.info\\\/#\\\/schema\\\/person\\\/2814e8a0df7643585a9ca38bc6eb9d4b\"},\"breadcrumb\":{\"@id\":\"https:\\\/\\\/folhapopular.info\\\/index.php\\\/2022\\\/09\\\/30\\\/14a-edicao-premia-os-retratos-mais-belos-de-colinas\\\/#breadcrumb\"},\"inLanguage\":\"pt-BR\",\"potentialAction\":[{\"@type\":\"ReadAction\",\"target\":[\"https:\\\/\\\/folhapopular.info\\\/index.php\\\/2022\\\/09\\\/30\\\/14a-edicao-premia-os-retratos-mais-belos-de-colinas\\\/\"]}]},{\"@type\":\"ImageObject\",\"inLanguage\":\"pt-BR\",\"@id\":\"https:\\\/\\\/folhapopular.info\\\/index.php\\\/2022\\\/09\\\/30\\\/14a-edicao-premia-os-retratos-mais-belos-de-colinas\\\/#primaryimage\",\"url\":\"https:\\\/\\\/folhapopular.info\\\/wp-content\\\/uploads\\\/2022\\\/09\\\/1o-lugar-scaled-e1664563101822.jpg\",\"contentUrl\":\"https:\\\/\\\/folhapopular.info\\\/wp-content\\\/uploads\\\/2022\\\/09\\\/1o-lugar-scaled-e1664563101822.jpg\",\"width\":1200,\"height\":900,\"caption\":\"Luz e sombra ao amanhecer \\\/ Cr\u00e9dito: Caroline Tha\u00eds Martinho Pozocco \\\/ Divulga\u00e7\u00e3o\"},{\"@type\":\"BreadcrumbList\",\"@id\":\"https:\\\/\\\/folhapopular.info\\\/index.php\\\/2022\\\/09\\\/30\\\/14a-edicao-premia-os-retratos-mais-belos-de-colinas\\\/#breadcrumb\",\"itemListElement\":[{\"@type\":\"ListItem\",\"position\":1,\"name\":\"In\u00edcio\",\"item\":\"https:\\\/\\\/folhapopular.info\\\/\"},{\"@type\":\"ListItem\",\"position\":2,\"name\":\"14\u00aa edi\u00e7\u00e3o premia os retratos mais belos de Colinas\"}]},{\"@type\":\"WebSite\",\"@id\":\"https:\\\/\\\/folhapopular.info\\\/#website\",\"url\":\"https:\\\/\\\/folhapopular.info\\\/\",\"name\":\"Folha Popular\",\"description\":\"Onde voc\u00ea tem vez e voz\",\"potentialAction\":[{\"@type\":\"SearchAction\",\"target\":{\"@type\":\"EntryPoint\",\"urlTemplate\":\"https:\\\/\\\/folhapopular.info\\\/?s={search_term_string}\"},\"query-input\":{\"@type\":\"PropertyValueSpecification\",\"valueRequired\":true,\"valueName\":\"search_term_string\"}}],\"inLanguage\":\"pt-BR\"},{\"@type\":\"Person\",\"@id\":\"https:\\\/\\\/folhapopular.info\\\/#\\\/schema\\\/person\\\/2814e8a0df7643585a9ca38bc6eb9d4b\",\"name\":\"Reda\u00e7\u00e3o Folha Popular\",\"image\":{\"@type\":\"ImageObject\",\"inLanguage\":\"pt-BR\",\"@id\":\"https:\\\/\\\/folhapopular.info\\\/wp-content\\\/uploads\\\/2026\\\/04\\\/Folha-1.webp\",\"url\":\"https:\\\/\\\/folhapopular.info\\\/wp-content\\\/uploads\\\/2026\\\/04\\\/Folha-1.webp\",\"contentUrl\":\"https:\\\/\\\/folhapopular.info\\\/wp-content\\\/uploads\\\/2026\\\/04\\\/Folha-1.webp\",\"caption\":\"Reda\u00e7\u00e3o Folha Popular\"},\"url\":\"https:\\\/\\\/folhapopular.info\\\/index.php\\\/author\\\/redacao\\\/\"}]}<\/script>\n<!-- \/ Yoast SEO plugin. -->","yoast_head_json":{"title":"14\u00aa edi\u00e7\u00e3o premia os retratos mais belos de Colinas - Folha Popular","robots":{"index":"index","follow":"follow","max-snippet":"max-snippet:-1","max-image-preview":"max-image-preview:large","max-video-preview":"max-video-preview:-1"},"canonical":"https:\/\/folhapopular.info\/index.php\/2022\/09\/30\/14a-edicao-premia-os-retratos-mais-belos-de-colinas\/","og_locale":"pt_BR","og_type":"article","og_title":"14\u00aa edi\u00e7\u00e3o premia os retratos mais belos de Colinas - Folha Popular","og_description":"Colinas premiou, nesta semana, os dez primeiros lugares do 14\u00ba Concurso Fotogr\u00e1fico da cidade. Com o tema \u201cColinas conta sua hist\u00f3ria e suas belezas atrav\u00e9s da fotografia\u201d, a comiss\u00e3o julgadora, composta por tr\u00eas profissionais, avaliou coer\u00eancia com o tema proposto, qualidade t\u00e9cnica da foto (exposi\u00e7\u00e3o, abertura e enquadramento) e criatividade. O per\u00edodo de inscri\u00e7\u00f5es e [&hellip;]","og_url":"https:\/\/folhapopular.info\/index.php\/2022\/09\/30\/14a-edicao-premia-os-retratos-mais-belos-de-colinas\/","og_site_name":"Folha Popular","article_published_time":"2022-09-30T18:43:43+00:00","article_modified_time":"2022-09-30T18:43:48+00:00","og_image":[{"width":1200,"height":900,"url":"http:\/\/folhapopular.info\/wp-content\/uploads\/2022\/09\/1o-lugar-scaled-e1664563101822.jpg","type":"image\/jpeg"}],"author":"Reda\u00e7\u00e3o Folha Popular","twitter_card":"summary_large_image","twitter_misc":{"Escrito por":"Reda\u00e7\u00e3o Folha Popular","Est. tempo de leitura":"3 minutos"},"schema":{"@context":"https:\/\/schema.org","@graph":[{"@type":"Article","@id":"https:\/\/folhapopular.info\/index.php\/2022\/09\/30\/14a-edicao-premia-os-retratos-mais-belos-de-colinas\/#article","isPartOf":{"@id":"https:\/\/folhapopular.info\/index.php\/2022\/09\/30\/14a-edicao-premia-os-retratos-mais-belos-de-colinas\/"},"author":{"name":"Reda\u00e7\u00e3o Folha Popular","@id":"https:\/\/folhapopular.info\/#\/schema\/person\/2814e8a0df7643585a9ca38bc6eb9d4b"},"headline":"14\u00aa edi\u00e7\u00e3o premia os retratos mais belos de Colinas","datePublished":"2022-09-30T18:43:43+00:00","dateModified":"2022-09-30T18:43:48+00:00","mainEntityOfPage":{"@id":"https:\/\/folhapopular.info\/index.php\/2022\/09\/30\/14a-edicao-premia-os-retratos-mais-belos-de-colinas\/"},"wordCount":306,"commentCount":0,"image":{"@id":"https:\/\/folhapopular.info\/index.php\/2022\/09\/30\/14a-edicao-premia-os-retratos-mais-belos-de-colinas\/#primaryimage"},"thumbnailUrl":"https:\/\/folhapopular.info\/wp-content\/uploads\/2022\/09\/1o-lugar-scaled-e1664563101822.jpg","keywords":["Colinas","Concurso Fotogr\u00e1fico","Inscri\u00e7\u00f5es"],"articleSection":["Destaques","Geral"],"inLanguage":"pt-BR","potentialAction":[{"@type":"CommentAction","name":"Comment","target":["https:\/\/folhapopular.info\/index.php\/2022\/09\/30\/14a-edicao-premia-os-retratos-mais-belos-de-colinas\/#respond"]}]},{"@type":"WebPage","@id":"https:\/\/folhapopular.info\/index.php\/2022\/09\/30\/14a-edicao-premia-os-retratos-mais-belos-de-colinas\/","url":"https:\/\/folhapopular.info\/index.php\/2022\/09\/30\/14a-edicao-premia-os-retratos-mais-belos-de-colinas\/","name":"14\u00aa edi\u00e7\u00e3o premia os retratos mais belos de Colinas - Folha Popular","isPartOf":{"@id":"https:\/\/folhapopular.info\/#website"},"primaryImageOfPage":{"@id":"https:\/\/folhapopular.info\/index.php\/2022\/09\/30\/14a-edicao-premia-os-retratos-mais-belos-de-colinas\/#primaryimage"},"image":{"@id":"https:\/\/folhapopular.info\/index.php\/2022\/09\/30\/14a-edicao-premia-os-retratos-mais-belos-de-colinas\/#primaryimage"},"thumbnailUrl":"https:\/\/folhapopular.info\/wp-content\/uploads\/2022\/09\/1o-lugar-scaled-e1664563101822.jpg","datePublished":"2022-09-30T18:43:43+00:00","dateModified":"2022-09-30T18:43:48+00:00","author":{"@id":"https:\/\/folhapopular.info\/#\/schema\/person\/2814e8a0df7643585a9ca38bc6eb9d4b"},"breadcrumb":{"@id":"https:\/\/folhapopular.info\/index.php\/2022\/09\/30\/14a-edicao-premia-os-retratos-mais-belos-de-colinas\/#breadcrumb"},"inLanguage":"pt-BR","potentialAction":[{"@type":"ReadAction","target":["https:\/\/folhapopular.info\/index.php\/2022\/09\/30\/14a-edicao-premia-os-retratos-mais-belos-de-colinas\/"]}]},{"@type":"ImageObject","inLanguage":"pt-BR","@id":"https:\/\/folhapopular.info\/index.php\/2022\/09\/30\/14a-edicao-premia-os-retratos-mais-belos-de-colinas\/#primaryimage","url":"https:\/\/folhapopular.info\/wp-content\/uploads\/2022\/09\/1o-lugar-scaled-e1664563101822.jpg","contentUrl":"https:\/\/folhapopular.info\/wp-content\/uploads\/2022\/09\/1o-lugar-scaled-e1664563101822.jpg","width":1200,"height":900,"caption":"Luz e sombra ao amanhecer \/ Cr\u00e9dito: Caroline Tha\u00eds Martinho Pozocco \/ Divulga\u00e7\u00e3o"},{"@type":"BreadcrumbList","@id":"https:\/\/folhapopular.info\/index.php\/2022\/09\/30\/14a-edicao-premia-os-retratos-mais-belos-de-colinas\/#breadcrumb","itemListElement":[{"@type":"ListItem","position":1,"name":"In\u00edcio","item":"https:\/\/folhapopular.info\/"},{"@type":"ListItem","position":2,"name":"14\u00aa edi\u00e7\u00e3o premia os retratos mais belos de Colinas"}]},{"@type":"WebSite","@id":"https:\/\/folhapopular.info\/#website","url":"https:\/\/folhapopular.info\/","name":"Folha Popular","description":"Onde voc\u00ea tem vez e voz","potentialAction":[{"@type":"SearchAction","target":{"@type":"EntryPoint","urlTemplate":"https:\/\/folhapopular.info\/?s={search_term_string}"},"query-input":{"@type":"PropertyValueSpecification","valueRequired":true,"valueName":"search_term_string"}}],"inLanguage":"pt-BR"},{"@type":"Person","@id":"https:\/\/folhapopular.info\/#\/schema\/person\/2814e8a0df7643585a9ca38bc6eb9d4b","name":"Reda\u00e7\u00e3o Folha Popular","image":{"@type":"ImageObject","inLanguage":"pt-BR","@id":"https:\/\/folhapopular.info\/wp-content\/uploads\/2026\/04\/Folha-1.webp","url":"https:\/\/folhapopular.info\/wp-content\/uploads\/2026\/04\/Folha-1.webp","contentUrl":"https:\/\/folhapopular.info\/wp-content\/uploads\/2026\/04\/Folha-1.webp","caption":"Reda\u00e7\u00e3o Folha Popular"},"url":"https:\/\/folhapopular.info\/index.php\/author\/redacao\/"}]}},"jetpack_featured_media_url":"https:\/\/folhapopular.info\/wp-content\/uploads\/2022\/09\/1o-lugar-scaled-e1664563101822.jpg","jetpack_sharing_enabled":true,"amp_enabled":true,"_links":{"self":[{"href":"https:\/\/folhapopular.info\/index.php\/wp-json\/wp\/v2\/posts\/113779","targetHints":{"allow":["GET"]}}],"collection":[{"href":"https:\/\/folhapopular.info\/index.php\/wp-json\/wp\/v2\/posts"}],"about":[{"href":"https:\/\/folhapopular.info\/index.php\/wp-json\/wp\/v2\/types\/post"}],"author":[{"embeddable":true,"href":"https:\/\/folhapopular.info\/index.php\/wp-json\/wp\/v2\/users\/8"}],"replies":[{"embeddable":true,"href":"https:\/\/folhapopular.info\/index.php\/wp-json\/wp\/v2\/comments?post=113779"}],"version-history":[{"count":0,"href":"https:\/\/folhapopular.info\/index.php\/wp-json\/wp\/v2\/posts\/113779\/revisions"}],"wp:featuredmedia":[{"embeddable":true,"href":"https:\/\/folhapopular.info\/index.php\/wp-json\/wp\/v2\/media\/113780"}],"wp:attachment":[{"href":"https:\/\/folhapopular.info\/index.php\/wp-json\/wp\/v2\/media?parent=113779"}],"wp:term":[{"taxonomy":"category","embeddable":true,"href":"https:\/\/folhapopular.info\/index.php\/wp-json\/wp\/v2\/categories?post=113779"},{"taxonomy":"post_tag","embeddable":true,"href":"https:\/\/folhapopular.info\/index.php\/wp-json\/wp\/v2\/tags?post=113779"}],"curies":[{"name":"wp","href":"https:\/\/api.w.org\/{rel}","templated":true}]}}