{"id":113803,"date":"2022-09-30T21:17:51","date_gmt":"2022-10-01T00:17:51","guid":{"rendered":"https:\/\/folhapopular.info\/?p=113803"},"modified":"2022-09-30T21:17:55","modified_gmt":"2022-10-01T00:17:55","slug":"saiba-quem-pretende-representar-o-vale-do-taquari","status":"publish","type":"post","link":"https:\/\/folhapopular.info\/index.php\/2022\/09\/30\/saiba-quem-pretende-representar-o-vale-do-taquari\/","title":{"rendered":"Saiba quem pretende representar o Vale do Taquari"},"content":{"rendered":"\n<p>O Vale do Taquari reivindica representantes na Assembleia Legislativa e na C\u00e2mara dos Deputados. Nesta elei\u00e7\u00e3o, a regi\u00e3o disp\u00f5e de 16 candidatos a deputado estadual e de 5 nomes para deputado federal. O Grupo Popular de Comunica\u00e7\u00e3o promoveu pain\u00e9is especiais para o eleitor conhecer cada um dos postulantes a uma das vagas.<\/p>\n\n\n\n<p>O deputado estadual \u00e9 o representante do povo nas Assembleias Legislativas, eleito para um mandato de quatro anos. Sua fun\u00e7\u00e3o principal \u00e9 legislar, ou seja, fazer as leis dos estados, de acordo com o que est\u00e1 definido na Constitui\u00e7\u00e3o Federal.<\/p>\n\n\n\n<p>Os deputados estaduais s\u00e3o eleitos por voto proporcional. Nesse sistema, n\u00e3o basta ter a maioria dos votos. \u00c9 levado em conta o quociente eleitoral, que inclui os votos do candidato, os da legenda e n\u00famero de vagas conquistadas pelos partidos na Casa.<\/p>\n\n\n\n<p>J\u00e1 no Distrito Federal, h\u00e1 a figura do deputado distrital, eleitos da mesma forma que os deputados estaduais para a C\u00e2mara Legislativa do DF. S\u00e3o atualmente 24 deputados distritais eleitos. Mas eles acumulam fun\u00e7\u00f5es dos munic\u00edpios e dos estados, de acordo com a Constitui\u00e7\u00e3o.<\/p>\n\n\n\n<p><strong>Principais fun\u00e7\u00f5es de um deputado estadual:<br><\/strong>&#8211; prop\u00f5e leis<br>&#8211; aprova leis<br>&#8211; institui tributos estaduais <br>&#8211; julga contas do governo estadual<br>&#8211; fiscaliza a administra\u00e7\u00e3o no estado<br>&#8211; fixa sal\u00e1rios do governador<br>&#8211; decide sal\u00e1rio do vice-governador<br>&#8211; aprova os sal\u00e1rios do deputado estadual<br>&#8211; institui sal\u00e1rios e organiza v\u00e1rias institui\u00e7\u00f5es, como Pol\u00edcia Civil, Minist\u00e9rio P\u00fablico e outros<br>&#8211; investiga il\u00edcitos da administra\u00e7\u00e3o<br>&#8211; instala CPIs <br>&#8211; recebe den\u00fancia por crime de responsabilidade contra o governador<\/p>\n\n\n\n<p><strong>O que faz um deputado federal?<br><\/strong>Eleito para um mandato de quatro anos, o deputado federal \u00e9 o representante do povo no Legislativo &#8211; diferentemente do senador, que representa as unidades federativas. Assim, na C\u00e2mara, cada estado ter\u00e1 uma quantidade de deputados mais ou menos proporcional \u00e0 sua respectiva popula\u00e7\u00e3o, sendo no m\u00ednimo 8 (como Acre) e no m\u00e1ximo 70 (como S\u00e3o Paulo) em um total de 513 parlamentares.<\/p>\n\n\n\n<p>Os deputados s\u00e3o eleitos por um modelo conhecido como &#8220;sistema proporcional com lista aberta&#8221;. Funciona assim: permite-se ao eleitor votar num candidato ou num partido. Na apura\u00e7\u00e3o, o total de votos obtidos por cada partido (somando os votos de legenda e os votos dos candidatos dessa legenda) v\u00e3o determinar quantas vagas a sigla ter\u00e1 na C\u00e2mara. V\u00e3o ocupar essas vagas os candidatos mais votados dentro daquele partido.<\/p>\n\n\n\n<p>Principais atribui\u00e7\u00f5es de um deputado federal:<br>&#8211; prop\u00f5e e modifica leis<br>&#8211; aprova e discute leis<br>&#8211; fiscaliza o governo com o TCU<br>&#8211; investiga den\u00fancias nas CPIs<br>&#8211; autoriza a abertura de processo contra o presidente da Rep\u00fablica <br>&#8211; prop\u00f5e emendas parlamentares e aprova o Or\u00e7amento da Uni\u00e3o <br>&#8211; cobrar presta\u00e7\u00e3o de contas do presidente da Rep\u00fablica<\/p>\n\n\n\n<p> <\/p>\n","protected":false},"excerpt":{"rendered":"<p>O Vale do Taquari reivindica representantes na Assembleia Legislativa e na C\u00e2mara dos Deputados. Nesta elei\u00e7\u00e3o, a regi\u00e3o disp\u00f5e de 16 candidatos a deputado estadual e de 5 nomes para deputado federal. O Grupo Popular de Comunica\u00e7\u00e3o promoveu pain\u00e9is especiais para o eleitor conhecer cada um dos postulantes a uma das vagas. O deputado estadual [&hellip;]<\/p>\n","protected":false},"author":7,"featured_media":113814,"comment_status":"open","ping_status":"open","sticky":false,"template":"","format":"standard","meta":{"pmpro_default_level":"","_jetpack_memberships_contains_paid_content":false,"footnotes":""},"categories":[2,3],"tags":[6133,8336,6982,3167,10060,156],"class_list":{"0":"post-113803","1":"post","2":"type-post","3":"status-publish","4":"format-standard","5":"has-post-thumbnail","7":"category-featured","8":"category-geral","9":"tag-candidatos","10":"tag-deputado-estadual","11":"tag-deputado-federal","12":"tag-eleicoes","13":"tag-representante","14":"tag-vale-do-taquari","15":"pmpro-has-access"},"yoast_head":"<!-- This site is optimized with the Yoast SEO plugin v27.5 - https:\/\/yoast.com\/product\/yoast-seo-wordpress\/ -->\n<title>Saiba quem pretende representar o Vale do Taquari - Folha Popular<\/title>\n<meta name=\"robots\" content=\"index, follow, max-snippet:-1, max-image-preview:large, max-video-preview:-1\" \/>\n<link rel=\"canonical\" href=\"https:\/\/folhapopular.info\/index.php\/2022\/09\/30\/saiba-quem-pretende-representar-o-vale-do-taquari\/\" \/>\n<meta property=\"og:locale\" content=\"pt_BR\" \/>\n<meta property=\"og:type\" content=\"article\" \/>\n<meta property=\"og:title\" content=\"Saiba quem pretende representar o Vale do Taquari - Folha Popular\" \/>\n<meta property=\"og:description\" content=\"O Vale do Taquari reivindica representantes na Assembleia Legislativa e na C\u00e2mara dos Deputados. Nesta elei\u00e7\u00e3o, a regi\u00e3o disp\u00f5e de 16 candidatos a deputado estadual e de 5 nomes para deputado federal. O Grupo Popular de Comunica\u00e7\u00e3o promoveu pain\u00e9is especiais para o eleitor conhecer cada um dos postulantes a uma das vagas. O deputado estadual [&hellip;]\" \/>\n<meta property=\"og:url\" content=\"https:\/\/folhapopular.info\/index.php\/2022\/09\/30\/saiba-quem-pretende-representar-o-vale-do-taquari\/\" \/>\n<meta property=\"og:site_name\" content=\"Folha Popular\" \/>\n<meta property=\"article:published_time\" content=\"2022-10-01T00:17:51+00:00\" \/>\n<meta property=\"article:modified_time\" content=\"2022-10-01T00:17:55+00:00\" \/>\n<meta property=\"og:image\" content=\"http:\/\/folhapopular.info\/wp-content\/uploads\/2022\/09\/image.jpg\" \/>\n\t<meta property=\"og:image:width\" content=\"620\" \/>\n\t<meta property=\"og:image:height\" content=\"300\" \/>\n\t<meta property=\"og:image:type\" content=\"image\/jpeg\" \/>\n<meta name=\"author\" content=\"Lucas Leandro Brune\" \/>\n<meta name=\"twitter:card\" content=\"summary_large_image\" \/>\n<meta name=\"twitter:label1\" content=\"Escrito por\" \/>\n\t<meta name=\"twitter:data1\" content=\"Lucas Leandro Brune\" \/>\n\t<meta name=\"twitter:label2\" content=\"Est. tempo de leitura\" \/>\n\t<meta name=\"twitter:data2\" content=\"3 minutos\" \/>\n<script type=\"application\/ld+json\" class=\"yoast-schema-graph\">{\"@context\":\"https:\\\/\\\/schema.org\",\"@graph\":[{\"@type\":\"Article\",\"@id\":\"https:\\\/\\\/folhapopular.info\\\/index.php\\\/2022\\\/09\\\/30\\\/saiba-quem-pretende-representar-o-vale-do-taquari\\\/#article\",\"isPartOf\":{\"@id\":\"https:\\\/\\\/folhapopular.info\\\/index.php\\\/2022\\\/09\\\/30\\\/saiba-quem-pretende-representar-o-vale-do-taquari\\\/\"},\"author\":{\"name\":\"Lucas Leandro Brune\",\"@id\":\"https:\\\/\\\/folhapopular.info\\\/#\\\/schema\\\/person\\\/533a15f60cd49e81ab3a90b4ca33cb36\"},\"headline\":\"Saiba quem pretende representar o Vale do Taquari\",\"datePublished\":\"2022-10-01T00:17:51+00:00\",\"dateModified\":\"2022-10-01T00:17:55+00:00\",\"mainEntityOfPage\":{\"@id\":\"https:\\\/\\\/folhapopular.info\\\/index.php\\\/2022\\\/09\\\/30\\\/saiba-quem-pretende-representar-o-vale-do-taquari\\\/\"},\"wordCount\":483,\"commentCount\":0,\"image\":{\"@id\":\"https:\\\/\\\/folhapopular.info\\\/index.php\\\/2022\\\/09\\\/30\\\/saiba-quem-pretende-representar-o-vale-do-taquari\\\/#primaryimage\"},\"thumbnailUrl\":\"https:\\\/\\\/folhapopular.info\\\/wp-content\\\/uploads\\\/2022\\\/09\\\/image.jpg\",\"keywords\":[\"candidatos\",\"Deputado estadual\",\"Deputado federal\",\"Elei\u00e7\u00f5es\",\"Representante\",\"Vale do Taquari\"],\"articleSection\":[\"Destaques\",\"Geral\"],\"inLanguage\":\"pt-BR\",\"potentialAction\":[{\"@type\":\"CommentAction\",\"name\":\"Comment\",\"target\":[\"https:\\\/\\\/folhapopular.info\\\/index.php\\\/2022\\\/09\\\/30\\\/saiba-quem-pretende-representar-o-vale-do-taquari\\\/#respond\"]}]},{\"@type\":\"WebPage\",\"@id\":\"https:\\\/\\\/folhapopular.info\\\/index.php\\\/2022\\\/09\\\/30\\\/saiba-quem-pretende-representar-o-vale-do-taquari\\\/\",\"url\":\"https:\\\/\\\/folhapopular.info\\\/index.php\\\/2022\\\/09\\\/30\\\/saiba-quem-pretende-representar-o-vale-do-taquari\\\/\",\"name\":\"Saiba quem pretende representar o Vale do Taquari - Folha Popular\",\"isPartOf\":{\"@id\":\"https:\\\/\\\/folhapopular.info\\\/#website\"},\"primaryImageOfPage\":{\"@id\":\"https:\\\/\\\/folhapopular.info\\\/index.php\\\/2022\\\/09\\\/30\\\/saiba-quem-pretende-representar-o-vale-do-taquari\\\/#primaryimage\"},\"image\":{\"@id\":\"https:\\\/\\\/folhapopular.info\\\/index.php\\\/2022\\\/09\\\/30\\\/saiba-quem-pretende-representar-o-vale-do-taquari\\\/#primaryimage\"},\"thumbnailUrl\":\"https:\\\/\\\/folhapopular.info\\\/wp-content\\\/uploads\\\/2022\\\/09\\\/image.jpg\",\"datePublished\":\"2022-10-01T00:17:51+00:00\",\"dateModified\":\"2022-10-01T00:17:55+00:00\",\"author\":{\"@id\":\"https:\\\/\\\/folhapopular.info\\\/#\\\/schema\\\/person\\\/533a15f60cd49e81ab3a90b4ca33cb36\"},\"breadcrumb\":{\"@id\":\"https:\\\/\\\/folhapopular.info\\\/index.php\\\/2022\\\/09\\\/30\\\/saiba-quem-pretende-representar-o-vale-do-taquari\\\/#breadcrumb\"},\"inLanguage\":\"pt-BR\",\"potentialAction\":[{\"@type\":\"ReadAction\",\"target\":[\"https:\\\/\\\/folhapopular.info\\\/index.php\\\/2022\\\/09\\\/30\\\/saiba-quem-pretende-representar-o-vale-do-taquari\\\/\"]}]},{\"@type\":\"ImageObject\",\"inLanguage\":\"pt-BR\",\"@id\":\"https:\\\/\\\/folhapopular.info\\\/index.php\\\/2022\\\/09\\\/30\\\/saiba-quem-pretende-representar-o-vale-do-taquari\\\/#primaryimage\",\"url\":\"https:\\\/\\\/folhapopular.info\\\/wp-content\\\/uploads\\\/2022\\\/09\\\/image.jpg\",\"contentUrl\":\"https:\\\/\\\/folhapopular.info\\\/wp-content\\\/uploads\\\/2022\\\/09\\\/image.jpg\",\"width\":620,\"height\":300,\"caption\":\"Cr\u00e9dito: Divulga\u00e7\u00e3o\"},{\"@type\":\"BreadcrumbList\",\"@id\":\"https:\\\/\\\/folhapopular.info\\\/index.php\\\/2022\\\/09\\\/30\\\/saiba-quem-pretende-representar-o-vale-do-taquari\\\/#breadcrumb\",\"itemListElement\":[{\"@type\":\"ListItem\",\"position\":1,\"name\":\"In\u00edcio\",\"item\":\"https:\\\/\\\/folhapopular.info\\\/\"},{\"@type\":\"ListItem\",\"position\":2,\"name\":\"Saiba quem pretende representar o Vale do Taquari\"}]},{\"@type\":\"WebSite\",\"@id\":\"https:\\\/\\\/folhapopular.info\\\/#website\",\"url\":\"https:\\\/\\\/folhapopular.info\\\/\",\"name\":\"Folha Popular\",\"description\":\"Onde voc\u00ea tem vez e voz\",\"potentialAction\":[{\"@type\":\"SearchAction\",\"target\":{\"@type\":\"EntryPoint\",\"urlTemplate\":\"https:\\\/\\\/folhapopular.info\\\/?s={search_term_string}\"},\"query-input\":{\"@type\":\"PropertyValueSpecification\",\"valueRequired\":true,\"valueName\":\"search_term_string\"}}],\"inLanguage\":\"pt-BR\"},{\"@type\":\"Person\",\"@id\":\"https:\\\/\\\/folhapopular.info\\\/#\\\/schema\\\/person\\\/533a15f60cd49e81ab3a90b4ca33cb36\",\"name\":\"Lucas Leandro Brune\",\"image\":{\"@type\":\"ImageObject\",\"inLanguage\":\"pt-BR\",\"@id\":\"https:\\\/\\\/folhapopular.info\\\/wp-content\\\/uploads\\\/2026\\\/04\\\/LUCAS-1-1.webp\",\"url\":\"https:\\\/\\\/folhapopular.info\\\/wp-content\\\/uploads\\\/2026\\\/04\\\/LUCAS-1-1.webp\",\"contentUrl\":\"https:\\\/\\\/folhapopular.info\\\/wp-content\\\/uploads\\\/2026\\\/04\\\/LUCAS-1-1.webp\",\"caption\":\"Lucas Leandro Brune\"},\"description\":\"Jornalista Profissional Diplomado MTB\\\/RS 14.333\",\"url\":\"https:\\\/\\\/folhapopular.info\\\/index.php\\\/author\\\/lucas-brune\\\/\"}]}<\/script>\n<!-- \/ Yoast SEO plugin. -->","yoast_head_json":{"title":"Saiba quem pretende representar o Vale do Taquari - Folha Popular","robots":{"index":"index","follow":"follow","max-snippet":"max-snippet:-1","max-image-preview":"max-image-preview:large","max-video-preview":"max-video-preview:-1"},"canonical":"https:\/\/folhapopular.info\/index.php\/2022\/09\/30\/saiba-quem-pretende-representar-o-vale-do-taquari\/","og_locale":"pt_BR","og_type":"article","og_title":"Saiba quem pretende representar o Vale do Taquari - Folha Popular","og_description":"O Vale do Taquari reivindica representantes na Assembleia Legislativa e na C\u00e2mara dos Deputados. Nesta elei\u00e7\u00e3o, a regi\u00e3o disp\u00f5e de 16 candidatos a deputado estadual e de 5 nomes para deputado federal. O Grupo Popular de Comunica\u00e7\u00e3o promoveu pain\u00e9is especiais para o eleitor conhecer cada um dos postulantes a uma das vagas. O deputado estadual [&hellip;]","og_url":"https:\/\/folhapopular.info\/index.php\/2022\/09\/30\/saiba-quem-pretende-representar-o-vale-do-taquari\/","og_site_name":"Folha Popular","article_published_time":"2022-10-01T00:17:51+00:00","article_modified_time":"2022-10-01T00:17:55+00:00","og_image":[{"width":620,"height":300,"url":"http:\/\/folhapopular.info\/wp-content\/uploads\/2022\/09\/image.jpg","type":"image\/jpeg"}],"author":"Lucas Leandro Brune","twitter_card":"summary_large_image","twitter_misc":{"Escrito por":"Lucas Leandro Brune","Est. tempo de leitura":"3 minutos"},"schema":{"@context":"https:\/\/schema.org","@graph":[{"@type":"Article","@id":"https:\/\/folhapopular.info\/index.php\/2022\/09\/30\/saiba-quem-pretende-representar-o-vale-do-taquari\/#article","isPartOf":{"@id":"https:\/\/folhapopular.info\/index.php\/2022\/09\/30\/saiba-quem-pretende-representar-o-vale-do-taquari\/"},"author":{"name":"Lucas Leandro Brune","@id":"https:\/\/folhapopular.info\/#\/schema\/person\/533a15f60cd49e81ab3a90b4ca33cb36"},"headline":"Saiba quem pretende representar o Vale do Taquari","datePublished":"2022-10-01T00:17:51+00:00","dateModified":"2022-10-01T00:17:55+00:00","mainEntityOfPage":{"@id":"https:\/\/folhapopular.info\/index.php\/2022\/09\/30\/saiba-quem-pretende-representar-o-vale-do-taquari\/"},"wordCount":483,"commentCount":0,"image":{"@id":"https:\/\/folhapopular.info\/index.php\/2022\/09\/30\/saiba-quem-pretende-representar-o-vale-do-taquari\/#primaryimage"},"thumbnailUrl":"https:\/\/folhapopular.info\/wp-content\/uploads\/2022\/09\/image.jpg","keywords":["candidatos","Deputado estadual","Deputado federal","Elei\u00e7\u00f5es","Representante","Vale do Taquari"],"articleSection":["Destaques","Geral"],"inLanguage":"pt-BR","potentialAction":[{"@type":"CommentAction","name":"Comment","target":["https:\/\/folhapopular.info\/index.php\/2022\/09\/30\/saiba-quem-pretende-representar-o-vale-do-taquari\/#respond"]}]},{"@type":"WebPage","@id":"https:\/\/folhapopular.info\/index.php\/2022\/09\/30\/saiba-quem-pretende-representar-o-vale-do-taquari\/","url":"https:\/\/folhapopular.info\/index.php\/2022\/09\/30\/saiba-quem-pretende-representar-o-vale-do-taquari\/","name":"Saiba quem pretende representar o Vale do Taquari - Folha Popular","isPartOf":{"@id":"https:\/\/folhapopular.info\/#website"},"primaryImageOfPage":{"@id":"https:\/\/folhapopular.info\/index.php\/2022\/09\/30\/saiba-quem-pretende-representar-o-vale-do-taquari\/#primaryimage"},"image":{"@id":"https:\/\/folhapopular.info\/index.php\/2022\/09\/30\/saiba-quem-pretende-representar-o-vale-do-taquari\/#primaryimage"},"thumbnailUrl":"https:\/\/folhapopular.info\/wp-content\/uploads\/2022\/09\/image.jpg","datePublished":"2022-10-01T00:17:51+00:00","dateModified":"2022-10-01T00:17:55+00:00","author":{"@id":"https:\/\/folhapopular.info\/#\/schema\/person\/533a15f60cd49e81ab3a90b4ca33cb36"},"breadcrumb":{"@id":"https:\/\/folhapopular.info\/index.php\/2022\/09\/30\/saiba-quem-pretende-representar-o-vale-do-taquari\/#breadcrumb"},"inLanguage":"pt-BR","potentialAction":[{"@type":"ReadAction","target":["https:\/\/folhapopular.info\/index.php\/2022\/09\/30\/saiba-quem-pretende-representar-o-vale-do-taquari\/"]}]},{"@type":"ImageObject","inLanguage":"pt-BR","@id":"https:\/\/folhapopular.info\/index.php\/2022\/09\/30\/saiba-quem-pretende-representar-o-vale-do-taquari\/#primaryimage","url":"https:\/\/folhapopular.info\/wp-content\/uploads\/2022\/09\/image.jpg","contentUrl":"https:\/\/folhapopular.info\/wp-content\/uploads\/2022\/09\/image.jpg","width":620,"height":300,"caption":"Cr\u00e9dito: Divulga\u00e7\u00e3o"},{"@type":"BreadcrumbList","@id":"https:\/\/folhapopular.info\/index.php\/2022\/09\/30\/saiba-quem-pretende-representar-o-vale-do-taquari\/#breadcrumb","itemListElement":[{"@type":"ListItem","position":1,"name":"In\u00edcio","item":"https:\/\/folhapopular.info\/"},{"@type":"ListItem","position":2,"name":"Saiba quem pretende representar o Vale do Taquari"}]},{"@type":"WebSite","@id":"https:\/\/folhapopular.info\/#website","url":"https:\/\/folhapopular.info\/","name":"Folha Popular","description":"Onde voc\u00ea tem vez e voz","potentialAction":[{"@type":"SearchAction","target":{"@type":"EntryPoint","urlTemplate":"https:\/\/folhapopular.info\/?s={search_term_string}"},"query-input":{"@type":"PropertyValueSpecification","valueRequired":true,"valueName":"search_term_string"}}],"inLanguage":"pt-BR"},{"@type":"Person","@id":"https:\/\/folhapopular.info\/#\/schema\/person\/533a15f60cd49e81ab3a90b4ca33cb36","name":"Lucas Leandro Brune","image":{"@type":"ImageObject","inLanguage":"pt-BR","@id":"https:\/\/folhapopular.info\/wp-content\/uploads\/2026\/04\/LUCAS-1-1.webp","url":"https:\/\/folhapopular.info\/wp-content\/uploads\/2026\/04\/LUCAS-1-1.webp","contentUrl":"https:\/\/folhapopular.info\/wp-content\/uploads\/2026\/04\/LUCAS-1-1.webp","caption":"Lucas Leandro Brune"},"description":"Jornalista Profissional Diplomado MTB\/RS 14.333","url":"https:\/\/folhapopular.info\/index.php\/author\/lucas-brune\/"}]}},"jetpack_featured_media_url":"https:\/\/folhapopular.info\/wp-content\/uploads\/2022\/09\/image.jpg","jetpack_sharing_enabled":true,"amp_enabled":true,"_links":{"self":[{"href":"https:\/\/folhapopular.info\/index.php\/wp-json\/wp\/v2\/posts\/113803","targetHints":{"allow":["GET"]}}],"collection":[{"href":"https:\/\/folhapopular.info\/index.php\/wp-json\/wp\/v2\/posts"}],"about":[{"href":"https:\/\/folhapopular.info\/index.php\/wp-json\/wp\/v2\/types\/post"}],"author":[{"embeddable":true,"href":"https:\/\/folhapopular.info\/index.php\/wp-json\/wp\/v2\/users\/7"}],"replies":[{"embeddable":true,"href":"https:\/\/folhapopular.info\/index.php\/wp-json\/wp\/v2\/comments?post=113803"}],"version-history":[{"count":0,"href":"https:\/\/folhapopular.info\/index.php\/wp-json\/wp\/v2\/posts\/113803\/revisions"}],"wp:featuredmedia":[{"embeddable":true,"href":"https:\/\/folhapopular.info\/index.php\/wp-json\/wp\/v2\/media\/113814"}],"wp:attachment":[{"href":"https:\/\/folhapopular.info\/index.php\/wp-json\/wp\/v2\/media?parent=113803"}],"wp:term":[{"taxonomy":"category","embeddable":true,"href":"https:\/\/folhapopular.info\/index.php\/wp-json\/wp\/v2\/categories?post=113803"},{"taxonomy":"post_tag","embeddable":true,"href":"https:\/\/folhapopular.info\/index.php\/wp-json\/wp\/v2\/tags?post=113803"}],"curies":[{"name":"wp","href":"https:\/\/api.w.org\/{rel}","templated":true}]}}