{"id":113918,"date":"2022-10-02T13:52:28","date_gmt":"2022-10-02T16:52:28","guid":{"rendered":"https:\/\/folhapopular.info\/?p=113918"},"modified":"2022-10-02T13:52:32","modified_gmt":"2022-10-02T16:52:32","slug":"carro-e-moto-colidem-no-bairro-canabarro-em-teutonia-2","status":"publish","type":"post","link":"https:\/\/folhapopular.info\/index.php\/2022\/10\/02\/carro-e-moto-colidem-no-bairro-canabarro-em-teutonia-2\/","title":{"rendered":"Carro e moto colidem no Bairro Canabarro, em Teut\u00f4nia"},"content":{"rendered":"\n<p>Um carro e uma moto colidiram por volta das 10h59 deste domingo (2\/10), na Rua 16 de Junho, Bairro Canabarro, em Teut\u00f4nia. <\/p>\n\n\n\n<p>A condutora da moto (35), moradora de Teut\u00f4nia, foi conduzida ao Hospital Ouro Branco, com ferimentos leves. O condutor do carro n\u00e3o se feriu.<\/p>\n\n\n\n<figure class=\"wp-block-image size-large is-resized\"><img loading=\"lazy\" decoding=\"async\" src=\"https:\/\/folhapopular.info\/wp-content\/uploads\/2022\/10\/WhatsApp-Image-2022-10-02-at-12.07.17-1024x768.jpeg\" alt=\"\" class=\"wp-image-113920\" width=\"485\" height=\"353\"\/><figcaption>Cr\u00e9dito: Bombeiros Volunt\u00e1rios \/ Divulga\u00e7\u00e3o <\/figcaption><\/figure>\n","protected":false},"excerpt":{"rendered":"<p>Um carro e uma moto colidiram por volta das 10h59 deste domingo (2\/10), na Rua 16 de Junho, Bairro Canabarro, em Teut\u00f4nia. A condutora da moto (35), moradora de Teut\u00f4nia, foi conduzida ao Hospital Ouro Branco, com ferimentos leves. O condutor do carro n\u00e3o se feriu.<\/p>\n","protected":false},"author":8,"featured_media":113919,"comment_status":"open","ping_status":"open","sticky":false,"template":"","format":"standard","meta":{"pmpro_default_level":"","_jetpack_memberships_contains_paid_content":false,"footnotes":""},"categories":[7],"tags":[500,1856,1430,389,26],"class_list":{"0":"post-113918","1":"post","2":"type-post","3":"status-publish","4":"format-standard","5":"has-post-thumbnail","7":"category-seguranca","8":"tag-acidente-de-transito","9":"tag-carro","10":"tag-colisao","11":"tag-moto","12":"tag-teutonia","13":"pmpro-has-access"},"yoast_head":"<!-- This site is optimized with the Yoast SEO plugin v27.5 - https:\/\/yoast.com\/product\/yoast-seo-wordpress\/ -->\n<title>Carro e moto colidem no Bairro Canabarro, em Teut\u00f4nia - Folha Popular<\/title>\n<meta name=\"robots\" content=\"index, follow, max-snippet:-1, max-image-preview:large, max-video-preview:-1\" \/>\n<link rel=\"canonical\" href=\"https:\/\/folhapopular.info\/index.php\/2022\/10\/02\/carro-e-moto-colidem-no-bairro-canabarro-em-teutonia-2\/\" \/>\n<meta property=\"og:locale\" content=\"pt_BR\" \/>\n<meta property=\"og:type\" content=\"article\" \/>\n<meta property=\"og:title\" content=\"Carro e moto colidem no Bairro Canabarro, em Teut\u00f4nia - Folha Popular\" \/>\n<meta property=\"og:description\" content=\"Um carro e uma moto colidiram por volta das 10h59 deste domingo (2\/10), na Rua 16 de Junho, Bairro Canabarro, em Teut\u00f4nia. A condutora da moto (35), moradora de Teut\u00f4nia, foi conduzida ao Hospital Ouro Branco, com ferimentos leves. O condutor do carro n\u00e3o se feriu.\" \/>\n<meta property=\"og:url\" content=\"https:\/\/folhapopular.info\/index.php\/2022\/10\/02\/carro-e-moto-colidem-no-bairro-canabarro-em-teutonia-2\/\" \/>\n<meta property=\"og:site_name\" content=\"Folha Popular\" \/>\n<meta property=\"article:published_time\" content=\"2022-10-02T16:52:28+00:00\" \/>\n<meta property=\"article:modified_time\" content=\"2022-10-02T16:52:32+00:00\" \/>\n<meta property=\"og:image\" content=\"http:\/\/folhapopular.info\/wp-content\/uploads\/2022\/10\/WhatsApp-Image-2022-10-02-at-12.07.16-e1664729468758.jpeg\" \/>\n\t<meta property=\"og:image:width\" content=\"1200\" \/>\n\t<meta property=\"og:image:height\" content=\"900\" \/>\n\t<meta property=\"og:image:type\" content=\"image\/jpeg\" \/>\n<meta name=\"author\" content=\"Reda\u00e7\u00e3o Folha Popular\" \/>\n<meta name=\"twitter:card\" content=\"summary_large_image\" \/>\n<meta name=\"twitter:label1\" content=\"Escrito por\" \/>\n\t<meta name=\"twitter:data1\" content=\"Reda\u00e7\u00e3o Folha Popular\" \/>\n\t<meta name=\"twitter:label2\" content=\"Est. tempo de leitura\" \/>\n\t<meta name=\"twitter:data2\" content=\"1 minuto\" \/>\n<script type=\"application\/ld+json\" class=\"yoast-schema-graph\">{\"@context\":\"https:\\\/\\\/schema.org\",\"@graph\":[{\"@type\":\"Article\",\"@id\":\"https:\\\/\\\/folhapopular.info\\\/index.php\\\/2022\\\/10\\\/02\\\/carro-e-moto-colidem-no-bairro-canabarro-em-teutonia-2\\\/#article\",\"isPartOf\":{\"@id\":\"https:\\\/\\\/folhapopular.info\\\/index.php\\\/2022\\\/10\\\/02\\\/carro-e-moto-colidem-no-bairro-canabarro-em-teutonia-2\\\/\"},\"author\":{\"name\":\"Reda\u00e7\u00e3o Folha Popular\",\"@id\":\"https:\\\/\\\/folhapopular.info\\\/#\\\/schema\\\/person\\\/2814e8a0df7643585a9ca38bc6eb9d4b\"},\"headline\":\"Carro e moto colidem no Bairro Canabarro, em Teut\u00f4nia\",\"datePublished\":\"2022-10-02T16:52:28+00:00\",\"dateModified\":\"2022-10-02T16:52:32+00:00\",\"mainEntityOfPage\":{\"@id\":\"https:\\\/\\\/folhapopular.info\\\/index.php\\\/2022\\\/10\\\/02\\\/carro-e-moto-colidem-no-bairro-canabarro-em-teutonia-2\\\/\"},\"wordCount\":63,\"commentCount\":0,\"image\":{\"@id\":\"https:\\\/\\\/folhapopular.info\\\/index.php\\\/2022\\\/10\\\/02\\\/carro-e-moto-colidem-no-bairro-canabarro-em-teutonia-2\\\/#primaryimage\"},\"thumbnailUrl\":\"https:\\\/\\\/folhapopular.info\\\/wp-content\\\/uploads\\\/2022\\\/10\\\/WhatsApp-Image-2022-10-02-at-12.07.16-e1664729468758.jpeg\",\"keywords\":[\"Acidente de Tr\u00e2nsito\",\"carro\",\"Colis\u00e3o\",\"Moto\",\"Teut\u00f4nia\"],\"articleSection\":[\"Seguran\u00e7a\"],\"inLanguage\":\"pt-BR\",\"potentialAction\":[{\"@type\":\"CommentAction\",\"name\":\"Comment\",\"target\":[\"https:\\\/\\\/folhapopular.info\\\/index.php\\\/2022\\\/10\\\/02\\\/carro-e-moto-colidem-no-bairro-canabarro-em-teutonia-2\\\/#respond\"]}]},{\"@type\":\"WebPage\",\"@id\":\"https:\\\/\\\/folhapopular.info\\\/index.php\\\/2022\\\/10\\\/02\\\/carro-e-moto-colidem-no-bairro-canabarro-em-teutonia-2\\\/\",\"url\":\"https:\\\/\\\/folhapopular.info\\\/index.php\\\/2022\\\/10\\\/02\\\/carro-e-moto-colidem-no-bairro-canabarro-em-teutonia-2\\\/\",\"name\":\"Carro e moto colidem no Bairro Canabarro, em Teut\u00f4nia - Folha Popular\",\"isPartOf\":{\"@id\":\"https:\\\/\\\/folhapopular.info\\\/#website\"},\"primaryImageOfPage\":{\"@id\":\"https:\\\/\\\/folhapopular.info\\\/index.php\\\/2022\\\/10\\\/02\\\/carro-e-moto-colidem-no-bairro-canabarro-em-teutonia-2\\\/#primaryimage\"},\"image\":{\"@id\":\"https:\\\/\\\/folhapopular.info\\\/index.php\\\/2022\\\/10\\\/02\\\/carro-e-moto-colidem-no-bairro-canabarro-em-teutonia-2\\\/#primaryimage\"},\"thumbnailUrl\":\"https:\\\/\\\/folhapopular.info\\\/wp-content\\\/uploads\\\/2022\\\/10\\\/WhatsApp-Image-2022-10-02-at-12.07.16-e1664729468758.jpeg\",\"datePublished\":\"2022-10-02T16:52:28+00:00\",\"dateModified\":\"2022-10-02T16:52:32+00:00\",\"author\":{\"@id\":\"https:\\\/\\\/folhapopular.info\\\/#\\\/schema\\\/person\\\/2814e8a0df7643585a9ca38bc6eb9d4b\"},\"breadcrumb\":{\"@id\":\"https:\\\/\\\/folhapopular.info\\\/index.php\\\/2022\\\/10\\\/02\\\/carro-e-moto-colidem-no-bairro-canabarro-em-teutonia-2\\\/#breadcrumb\"},\"inLanguage\":\"pt-BR\",\"potentialAction\":[{\"@type\":\"ReadAction\",\"target\":[\"https:\\\/\\\/folhapopular.info\\\/index.php\\\/2022\\\/10\\\/02\\\/carro-e-moto-colidem-no-bairro-canabarro-em-teutonia-2\\\/\"]}]},{\"@type\":\"ImageObject\",\"inLanguage\":\"pt-BR\",\"@id\":\"https:\\\/\\\/folhapopular.info\\\/index.php\\\/2022\\\/10\\\/02\\\/carro-e-moto-colidem-no-bairro-canabarro-em-teutonia-2\\\/#primaryimage\",\"url\":\"https:\\\/\\\/folhapopular.info\\\/wp-content\\\/uploads\\\/2022\\\/10\\\/WhatsApp-Image-2022-10-02-at-12.07.16-e1664729468758.jpeg\",\"contentUrl\":\"https:\\\/\\\/folhapopular.info\\\/wp-content\\\/uploads\\\/2022\\\/10\\\/WhatsApp-Image-2022-10-02-at-12.07.16-e1664729468758.jpeg\",\"width\":1200,\"height\":900,\"caption\":\"Cr\u00e9dito: Bombeiros Volunt\u00e1rios \\\/ Divulga\u00e7\u00e3o\"},{\"@type\":\"BreadcrumbList\",\"@id\":\"https:\\\/\\\/folhapopular.info\\\/index.php\\\/2022\\\/10\\\/02\\\/carro-e-moto-colidem-no-bairro-canabarro-em-teutonia-2\\\/#breadcrumb\",\"itemListElement\":[{\"@type\":\"ListItem\",\"position\":1,\"name\":\"In\u00edcio\",\"item\":\"https:\\\/\\\/folhapopular.info\\\/\"},{\"@type\":\"ListItem\",\"position\":2,\"name\":\"Carro e moto colidem no Bairro Canabarro, em Teut\u00f4nia\"}]},{\"@type\":\"WebSite\",\"@id\":\"https:\\\/\\\/folhapopular.info\\\/#website\",\"url\":\"https:\\\/\\\/folhapopular.info\\\/\",\"name\":\"Folha Popular\",\"description\":\"Onde voc\u00ea tem vez e voz\",\"potentialAction\":[{\"@type\":\"SearchAction\",\"target\":{\"@type\":\"EntryPoint\",\"urlTemplate\":\"https:\\\/\\\/folhapopular.info\\\/?s={search_term_string}\"},\"query-input\":{\"@type\":\"PropertyValueSpecification\",\"valueRequired\":true,\"valueName\":\"search_term_string\"}}],\"inLanguage\":\"pt-BR\"},{\"@type\":\"Person\",\"@id\":\"https:\\\/\\\/folhapopular.info\\\/#\\\/schema\\\/person\\\/2814e8a0df7643585a9ca38bc6eb9d4b\",\"name\":\"Reda\u00e7\u00e3o Folha Popular\",\"image\":{\"@type\":\"ImageObject\",\"inLanguage\":\"pt-BR\",\"@id\":\"https:\\\/\\\/folhapopular.info\\\/wp-content\\\/uploads\\\/2026\\\/04\\\/Folha-1.webp\",\"url\":\"https:\\\/\\\/folhapopular.info\\\/wp-content\\\/uploads\\\/2026\\\/04\\\/Folha-1.webp\",\"contentUrl\":\"https:\\\/\\\/folhapopular.info\\\/wp-content\\\/uploads\\\/2026\\\/04\\\/Folha-1.webp\",\"caption\":\"Reda\u00e7\u00e3o Folha Popular\"},\"url\":\"https:\\\/\\\/folhapopular.info\\\/index.php\\\/author\\\/redacao\\\/\"}]}<\/script>\n<!-- \/ Yoast SEO plugin. -->","yoast_head_json":{"title":"Carro e moto colidem no Bairro Canabarro, em Teut\u00f4nia - Folha Popular","robots":{"index":"index","follow":"follow","max-snippet":"max-snippet:-1","max-image-preview":"max-image-preview:large","max-video-preview":"max-video-preview:-1"},"canonical":"https:\/\/folhapopular.info\/index.php\/2022\/10\/02\/carro-e-moto-colidem-no-bairro-canabarro-em-teutonia-2\/","og_locale":"pt_BR","og_type":"article","og_title":"Carro e moto colidem no Bairro Canabarro, em Teut\u00f4nia - Folha Popular","og_description":"Um carro e uma moto colidiram por volta das 10h59 deste domingo (2\/10), na Rua 16 de Junho, Bairro Canabarro, em Teut\u00f4nia. A condutora da moto (35), moradora de Teut\u00f4nia, foi conduzida ao Hospital Ouro Branco, com ferimentos leves. O condutor do carro n\u00e3o se feriu.","og_url":"https:\/\/folhapopular.info\/index.php\/2022\/10\/02\/carro-e-moto-colidem-no-bairro-canabarro-em-teutonia-2\/","og_site_name":"Folha Popular","article_published_time":"2022-10-02T16:52:28+00:00","article_modified_time":"2022-10-02T16:52:32+00:00","og_image":[{"width":1200,"height":900,"url":"http:\/\/folhapopular.info\/wp-content\/uploads\/2022\/10\/WhatsApp-Image-2022-10-02-at-12.07.16-e1664729468758.jpeg","type":"image\/jpeg"}],"author":"Reda\u00e7\u00e3o Folha Popular","twitter_card":"summary_large_image","twitter_misc":{"Escrito por":"Reda\u00e7\u00e3o Folha Popular","Est. tempo de leitura":"1 minuto"},"schema":{"@context":"https:\/\/schema.org","@graph":[{"@type":"Article","@id":"https:\/\/folhapopular.info\/index.php\/2022\/10\/02\/carro-e-moto-colidem-no-bairro-canabarro-em-teutonia-2\/#article","isPartOf":{"@id":"https:\/\/folhapopular.info\/index.php\/2022\/10\/02\/carro-e-moto-colidem-no-bairro-canabarro-em-teutonia-2\/"},"author":{"name":"Reda\u00e7\u00e3o Folha Popular","@id":"https:\/\/folhapopular.info\/#\/schema\/person\/2814e8a0df7643585a9ca38bc6eb9d4b"},"headline":"Carro e moto colidem no Bairro Canabarro, em Teut\u00f4nia","datePublished":"2022-10-02T16:52:28+00:00","dateModified":"2022-10-02T16:52:32+00:00","mainEntityOfPage":{"@id":"https:\/\/folhapopular.info\/index.php\/2022\/10\/02\/carro-e-moto-colidem-no-bairro-canabarro-em-teutonia-2\/"},"wordCount":63,"commentCount":0,"image":{"@id":"https:\/\/folhapopular.info\/index.php\/2022\/10\/02\/carro-e-moto-colidem-no-bairro-canabarro-em-teutonia-2\/#primaryimage"},"thumbnailUrl":"https:\/\/folhapopular.info\/wp-content\/uploads\/2022\/10\/WhatsApp-Image-2022-10-02-at-12.07.16-e1664729468758.jpeg","keywords":["Acidente de Tr\u00e2nsito","carro","Colis\u00e3o","Moto","Teut\u00f4nia"],"articleSection":["Seguran\u00e7a"],"inLanguage":"pt-BR","potentialAction":[{"@type":"CommentAction","name":"Comment","target":["https:\/\/folhapopular.info\/index.php\/2022\/10\/02\/carro-e-moto-colidem-no-bairro-canabarro-em-teutonia-2\/#respond"]}]},{"@type":"WebPage","@id":"https:\/\/folhapopular.info\/index.php\/2022\/10\/02\/carro-e-moto-colidem-no-bairro-canabarro-em-teutonia-2\/","url":"https:\/\/folhapopular.info\/index.php\/2022\/10\/02\/carro-e-moto-colidem-no-bairro-canabarro-em-teutonia-2\/","name":"Carro e moto colidem no Bairro Canabarro, em Teut\u00f4nia - Folha Popular","isPartOf":{"@id":"https:\/\/folhapopular.info\/#website"},"primaryImageOfPage":{"@id":"https:\/\/folhapopular.info\/index.php\/2022\/10\/02\/carro-e-moto-colidem-no-bairro-canabarro-em-teutonia-2\/#primaryimage"},"image":{"@id":"https:\/\/folhapopular.info\/index.php\/2022\/10\/02\/carro-e-moto-colidem-no-bairro-canabarro-em-teutonia-2\/#primaryimage"},"thumbnailUrl":"https:\/\/folhapopular.info\/wp-content\/uploads\/2022\/10\/WhatsApp-Image-2022-10-02-at-12.07.16-e1664729468758.jpeg","datePublished":"2022-10-02T16:52:28+00:00","dateModified":"2022-10-02T16:52:32+00:00","author":{"@id":"https:\/\/folhapopular.info\/#\/schema\/person\/2814e8a0df7643585a9ca38bc6eb9d4b"},"breadcrumb":{"@id":"https:\/\/folhapopular.info\/index.php\/2022\/10\/02\/carro-e-moto-colidem-no-bairro-canabarro-em-teutonia-2\/#breadcrumb"},"inLanguage":"pt-BR","potentialAction":[{"@type":"ReadAction","target":["https:\/\/folhapopular.info\/index.php\/2022\/10\/02\/carro-e-moto-colidem-no-bairro-canabarro-em-teutonia-2\/"]}]},{"@type":"ImageObject","inLanguage":"pt-BR","@id":"https:\/\/folhapopular.info\/index.php\/2022\/10\/02\/carro-e-moto-colidem-no-bairro-canabarro-em-teutonia-2\/#primaryimage","url":"https:\/\/folhapopular.info\/wp-content\/uploads\/2022\/10\/WhatsApp-Image-2022-10-02-at-12.07.16-e1664729468758.jpeg","contentUrl":"https:\/\/folhapopular.info\/wp-content\/uploads\/2022\/10\/WhatsApp-Image-2022-10-02-at-12.07.16-e1664729468758.jpeg","width":1200,"height":900,"caption":"Cr\u00e9dito: Bombeiros Volunt\u00e1rios \/ Divulga\u00e7\u00e3o"},{"@type":"BreadcrumbList","@id":"https:\/\/folhapopular.info\/index.php\/2022\/10\/02\/carro-e-moto-colidem-no-bairro-canabarro-em-teutonia-2\/#breadcrumb","itemListElement":[{"@type":"ListItem","position":1,"name":"In\u00edcio","item":"https:\/\/folhapopular.info\/"},{"@type":"ListItem","position":2,"name":"Carro e moto colidem no Bairro Canabarro, em Teut\u00f4nia"}]},{"@type":"WebSite","@id":"https:\/\/folhapopular.info\/#website","url":"https:\/\/folhapopular.info\/","name":"Folha Popular","description":"Onde voc\u00ea tem vez e voz","potentialAction":[{"@type":"SearchAction","target":{"@type":"EntryPoint","urlTemplate":"https:\/\/folhapopular.info\/?s={search_term_string}"},"query-input":{"@type":"PropertyValueSpecification","valueRequired":true,"valueName":"search_term_string"}}],"inLanguage":"pt-BR"},{"@type":"Person","@id":"https:\/\/folhapopular.info\/#\/schema\/person\/2814e8a0df7643585a9ca38bc6eb9d4b","name":"Reda\u00e7\u00e3o Folha Popular","image":{"@type":"ImageObject","inLanguage":"pt-BR","@id":"https:\/\/folhapopular.info\/wp-content\/uploads\/2026\/04\/Folha-1.webp","url":"https:\/\/folhapopular.info\/wp-content\/uploads\/2026\/04\/Folha-1.webp","contentUrl":"https:\/\/folhapopular.info\/wp-content\/uploads\/2026\/04\/Folha-1.webp","caption":"Reda\u00e7\u00e3o Folha Popular"},"url":"https:\/\/folhapopular.info\/index.php\/author\/redacao\/"}]}},"jetpack_featured_media_url":"https:\/\/folhapopular.info\/wp-content\/uploads\/2022\/10\/WhatsApp-Image-2022-10-02-at-12.07.16-e1664729468758.jpeg","jetpack_sharing_enabled":true,"amp_enabled":true,"_links":{"self":[{"href":"https:\/\/folhapopular.info\/index.php\/wp-json\/wp\/v2\/posts\/113918","targetHints":{"allow":["GET"]}}],"collection":[{"href":"https:\/\/folhapopular.info\/index.php\/wp-json\/wp\/v2\/posts"}],"about":[{"href":"https:\/\/folhapopular.info\/index.php\/wp-json\/wp\/v2\/types\/post"}],"author":[{"embeddable":true,"href":"https:\/\/folhapopular.info\/index.php\/wp-json\/wp\/v2\/users\/8"}],"replies":[{"embeddable":true,"href":"https:\/\/folhapopular.info\/index.php\/wp-json\/wp\/v2\/comments?post=113918"}],"version-history":[{"count":0,"href":"https:\/\/folhapopular.info\/index.php\/wp-json\/wp\/v2\/posts\/113918\/revisions"}],"wp:featuredmedia":[{"embeddable":true,"href":"https:\/\/folhapopular.info\/index.php\/wp-json\/wp\/v2\/media\/113919"}],"wp:attachment":[{"href":"https:\/\/folhapopular.info\/index.php\/wp-json\/wp\/v2\/media?parent=113918"}],"wp:term":[{"taxonomy":"category","embeddable":true,"href":"https:\/\/folhapopular.info\/index.php\/wp-json\/wp\/v2\/categories?post=113918"},{"taxonomy":"post_tag","embeddable":true,"href":"https:\/\/folhapopular.info\/index.php\/wp-json\/wp\/v2\/tags?post=113918"}],"curies":[{"name":"wp","href":"https:\/\/api.w.org\/{rel}","templated":true}]}}