{"id":113949,"date":"2022-10-02T18:00:39","date_gmt":"2022-10-02T21:00:39","guid":{"rendered":"https:\/\/folhapopular.info\/?p=113949"},"modified":"2022-10-02T18:00:43","modified_gmt":"2022-10-02T21:00:43","slug":"jovens-vao-as-urnas-pela-primeira-vez-e-destacam-desejo-de-mudanca","status":"publish","type":"post","link":"https:\/\/folhapopular.info\/index.php\/2022\/10\/02\/jovens-vao-as-urnas-pela-primeira-vez-e-destacam-desejo-de-mudanca\/","title":{"rendered":"Jovens v\u00e3o \u00e0s urnas pela primeira vez e destacam desejo de mudan\u00e7a"},"content":{"rendered":"\n<p>Conforme o Tribunal de Justi\u00e7a Eleitoral (TSE) o voto \u00e9 opcional para jovens entre 16 e 17 anos, mas passa a ser obrigat\u00f3rio a partir dos 18. Entretanto, mesmo sem a obrigatoriedade, o grupo vai \u00e0s urnas para dar voz aos mais jovens.<\/p>\n\n\n\n<p>Bruna Kr\u00fcger Schneider (16) \u00e9 estudante e vota na EMEF Reinaldo Markus, em Paverama e revela que est\u00e1 votando pela primeira vez. Ela acredita que o voto \u00e9 a forma de exercer a cidadania e \u00e9 importante que seja bem pensado pois \u00e9 uma decis\u00e3o para o futuro.<\/p>\n\n\n\n<p>Bruna avalia como violenta as elei\u00e7\u00f5es deste ano, principalmente em outras cidades. &#8220;Muitas pessoas n\u00e3o respeitam as escolhas pol\u00edticas alheias, o que resulta em muitos casos de agress\u00e3o tanto verbal quanto f\u00edsica&#8221;, pontua.<\/p>\n\n\n\n<p>A estudante ressalta que espera que mudan\u00e7as positivas comecem a aparecer.<\/p>\n\n\n\n<p><strong>Mudan\u00e7a e esperan\u00e7a para o futuro<br><\/strong>Vit\u00f3ria Rodrigues de Quadros (16) tamb\u00e9m \u00e9 estudante e reside em Canabarro, ela vota na Escola Teobaldo Closs e vota pela primeira vez. Analisando o contexto destas elei\u00e7\u00f5es com a anterior, Vit\u00f3ria espera mais consci\u00eancia das pessoas.<\/p>\n\n\n\n<p>Ela discorre sobre a import\u00e2ncia do voto. &#8220;Confesso que quando mais nova n\u00e3o me importava muito com isso, mas com o passar desses \u00faltimos anos vi que votar \u00e9 importante e que temos que usufruir desse nosso direito para eleger as pessoas que v\u00e3o governar nosso pa\u00eds&#8221;, aponta.<\/p>\n\n\n\n<p>Vit\u00f3ria conclui dizendo que espera que &#8220;as coisas sigam como tem que seguir&#8221; e tem esperan\u00e7a no pr\u00f3ximo governo.<\/p>\n\n\n\n<p><strong>&#8220;Viver e n\u00e3o sobreviver&#8221;<br><\/strong>Jenifer Costa da Silva (20) vota na Escola Guilherme Sommer, ela conta que j\u00e1 participou de elei\u00e7\u00f5es municipais para prefeito mas \u00e9 sua primeira vez votando para presidente.<\/p>\n\n\n\n<p>A jovem lamenta a polariza\u00e7\u00e3o de apenas dois extremos e a falta de candidatos diferentes para diferir de resultados j\u00e1 vistos no cen\u00e1rio, o que gera tamb\u00e9m inconvenientes entre familiares e amigos.<\/p>\n\n\n\n<p>Para ela o voto \u00e9 um direito de exercer sua cidadania, podendo votar livremente no candidato que considera vai fazer o pa\u00eds &#8220;andar pra frente&#8221;, e espera que o governo, independente do que assuma, comece a cuidar mais do seu povo. &#8220;N\u00f3s somos todos brasileiros e humanos, todos deveriam ter oportunidade de ter uma vida digna de ser vivida e n\u00e3o apenas sobrevivida&#8221;, expressa.<\/p>\n","protected":false},"excerpt":{"rendered":"<p>Conforme o Tribunal de Justi\u00e7a Eleitoral (TSE) o voto \u00e9 opcional para jovens entre 16 e 17 anos, mas passa a ser obrigat\u00f3rio a partir dos 18. Entretanto, mesmo sem a obrigatoriedade, o grupo vai \u00e0s urnas para dar voz aos mais jovens. Bruna Kr\u00fcger Schneider (16) \u00e9 estudante e vota na EMEF Reinaldo Markus, [&hellip;]<\/p>\n","protected":false},"author":636,"featured_media":113891,"comment_status":"open","ping_status":"open","sticky":false,"template":"","format":"standard","meta":{"pmpro_default_level":"","_jetpack_memberships_contains_paid_content":false,"footnotes":""},"categories":[2,3],"tags":[8116,4651,1778,2218,6024,5246],"class_list":{"0":"post-113949","1":"post","2":"type-post","3":"status-publish","4":"format-standard","5":"has-post-thumbnail","7":"category-featured","8":"category-geral","9":"tag-eleicoes-2022","10":"tag-jovens","11":"tag-mudanca","12":"tag-politica","13":"tag-tse","14":"tag-urnas","15":"pmpro-has-access"},"yoast_head":"<!-- This site is optimized with the Yoast SEO plugin v27.5 - https:\/\/yoast.com\/product\/yoast-seo-wordpress\/ -->\n<title>Jovens v\u00e3o \u00e0s urnas pela primeira vez e destacam desejo de mudan\u00e7a - Folha Popular<\/title>\n<meta name=\"robots\" content=\"index, follow, max-snippet:-1, max-image-preview:large, max-video-preview:-1\" \/>\n<link rel=\"canonical\" href=\"https:\/\/folhapopular.info\/index.php\/2022\/10\/02\/jovens-vao-as-urnas-pela-primeira-vez-e-destacam-desejo-de-mudanca\/\" \/>\n<meta property=\"og:locale\" content=\"pt_BR\" \/>\n<meta property=\"og:type\" content=\"article\" \/>\n<meta property=\"og:title\" content=\"Jovens v\u00e3o \u00e0s urnas pela primeira vez e destacam desejo de mudan\u00e7a - Folha Popular\" \/>\n<meta property=\"og:description\" content=\"Conforme o Tribunal de Justi\u00e7a Eleitoral (TSE) o voto \u00e9 opcional para jovens entre 16 e 17 anos, mas passa a ser obrigat\u00f3rio a partir dos 18. Entretanto, mesmo sem a obrigatoriedade, o grupo vai \u00e0s urnas para dar voz aos mais jovens. Bruna Kr\u00fcger Schneider (16) \u00e9 estudante e vota na EMEF Reinaldo Markus, [&hellip;]\" \/>\n<meta property=\"og:url\" content=\"https:\/\/folhapopular.info\/index.php\/2022\/10\/02\/jovens-vao-as-urnas-pela-primeira-vez-e-destacam-desejo-de-mudanca\/\" \/>\n<meta property=\"og:site_name\" content=\"Folha Popular\" \/>\n<meta property=\"article:published_time\" content=\"2022-10-02T21:00:39+00:00\" \/>\n<meta property=\"article:modified_time\" content=\"2022-10-02T21:00:43+00:00\" \/>\n<meta property=\"og:image\" content=\"http:\/\/folhapopular.info\/wp-content\/uploads\/2022\/10\/divulgacao.jpg\" \/>\n\t<meta property=\"og:image:width\" content=\"620\" \/>\n\t<meta property=\"og:image:height\" content=\"300\" \/>\n\t<meta property=\"og:image:type\" content=\"image\/jpeg\" \/>\n<meta name=\"author\" content=\"Keila Gr\u00e4ff Anhaia\" \/>\n<meta name=\"twitter:card\" content=\"summary_large_image\" \/>\n<meta name=\"twitter:label1\" content=\"Escrito por\" \/>\n\t<meta name=\"twitter:data1\" content=\"Keila Gr\u00e4ff Anhaia\" \/>\n\t<meta name=\"twitter:label2\" content=\"Est. tempo de leitura\" \/>\n\t<meta name=\"twitter:data2\" content=\"3 minutos\" \/>\n<script type=\"application\/ld+json\" class=\"yoast-schema-graph\">{\"@context\":\"https:\\\/\\\/schema.org\",\"@graph\":[{\"@type\":\"Article\",\"@id\":\"https:\\\/\\\/folhapopular.info\\\/index.php\\\/2022\\\/10\\\/02\\\/jovens-vao-as-urnas-pela-primeira-vez-e-destacam-desejo-de-mudanca\\\/#article\",\"isPartOf\":{\"@id\":\"https:\\\/\\\/folhapopular.info\\\/index.php\\\/2022\\\/10\\\/02\\\/jovens-vao-as-urnas-pela-primeira-vez-e-destacam-desejo-de-mudanca\\\/\"},\"author\":{\"name\":\"Keila Gr\u00e4ff Anhaia\",\"@id\":\"https:\\\/\\\/folhapopular.info\\\/#\\\/schema\\\/person\\\/9a5695747e1046d5fac310c552cf6260\"},\"headline\":\"Jovens v\u00e3o \u00e0s urnas pela primeira vez e destacam desejo de mudan\u00e7a\",\"datePublished\":\"2022-10-02T21:00:39+00:00\",\"dateModified\":\"2022-10-02T21:00:43+00:00\",\"mainEntityOfPage\":{\"@id\":\"https:\\\/\\\/folhapopular.info\\\/index.php\\\/2022\\\/10\\\/02\\\/jovens-vao-as-urnas-pela-primeira-vez-e-destacam-desejo-de-mudanca\\\/\"},\"wordCount\":404,\"commentCount\":0,\"image\":{\"@id\":\"https:\\\/\\\/folhapopular.info\\\/index.php\\\/2022\\\/10\\\/02\\\/jovens-vao-as-urnas-pela-primeira-vez-e-destacam-desejo-de-mudanca\\\/#primaryimage\"},\"thumbnailUrl\":\"https:\\\/\\\/folhapopular.info\\\/wp-content\\\/uploads\\\/2022\\\/10\\\/divulgacao.jpg\",\"keywords\":[\"Elei\u00e7\u00f5es 2022\",\"Jovens\",\"Mudan\u00e7a\",\"pol\u00edtica\",\"TSE\",\"urnas\"],\"articleSection\":[\"Destaques\",\"Geral\"],\"inLanguage\":\"pt-BR\",\"potentialAction\":[{\"@type\":\"CommentAction\",\"name\":\"Comment\",\"target\":[\"https:\\\/\\\/folhapopular.info\\\/index.php\\\/2022\\\/10\\\/02\\\/jovens-vao-as-urnas-pela-primeira-vez-e-destacam-desejo-de-mudanca\\\/#respond\"]}]},{\"@type\":\"WebPage\",\"@id\":\"https:\\\/\\\/folhapopular.info\\\/index.php\\\/2022\\\/10\\\/02\\\/jovens-vao-as-urnas-pela-primeira-vez-e-destacam-desejo-de-mudanca\\\/\",\"url\":\"https:\\\/\\\/folhapopular.info\\\/index.php\\\/2022\\\/10\\\/02\\\/jovens-vao-as-urnas-pela-primeira-vez-e-destacam-desejo-de-mudanca\\\/\",\"name\":\"Jovens v\u00e3o \u00e0s urnas pela primeira vez e destacam desejo de mudan\u00e7a - Folha Popular\",\"isPartOf\":{\"@id\":\"https:\\\/\\\/folhapopular.info\\\/#website\"},\"primaryImageOfPage\":{\"@id\":\"https:\\\/\\\/folhapopular.info\\\/index.php\\\/2022\\\/10\\\/02\\\/jovens-vao-as-urnas-pela-primeira-vez-e-destacam-desejo-de-mudanca\\\/#primaryimage\"},\"image\":{\"@id\":\"https:\\\/\\\/folhapopular.info\\\/index.php\\\/2022\\\/10\\\/02\\\/jovens-vao-as-urnas-pela-primeira-vez-e-destacam-desejo-de-mudanca\\\/#primaryimage\"},\"thumbnailUrl\":\"https:\\\/\\\/folhapopular.info\\\/wp-content\\\/uploads\\\/2022\\\/10\\\/divulgacao.jpg\",\"datePublished\":\"2022-10-02T21:00:39+00:00\",\"dateModified\":\"2022-10-02T21:00:43+00:00\",\"author\":{\"@id\":\"https:\\\/\\\/folhapopular.info\\\/#\\\/schema\\\/person\\\/9a5695747e1046d5fac310c552cf6260\"},\"breadcrumb\":{\"@id\":\"https:\\\/\\\/folhapopular.info\\\/index.php\\\/2022\\\/10\\\/02\\\/jovens-vao-as-urnas-pela-primeira-vez-e-destacam-desejo-de-mudanca\\\/#breadcrumb\"},\"inLanguage\":\"pt-BR\",\"potentialAction\":[{\"@type\":\"ReadAction\",\"target\":[\"https:\\\/\\\/folhapopular.info\\\/index.php\\\/2022\\\/10\\\/02\\\/jovens-vao-as-urnas-pela-primeira-vez-e-destacam-desejo-de-mudanca\\\/\"]}]},{\"@type\":\"ImageObject\",\"inLanguage\":\"pt-BR\",\"@id\":\"https:\\\/\\\/folhapopular.info\\\/index.php\\\/2022\\\/10\\\/02\\\/jovens-vao-as-urnas-pela-primeira-vez-e-destacam-desejo-de-mudanca\\\/#primaryimage\",\"url\":\"https:\\\/\\\/folhapopular.info\\\/wp-content\\\/uploads\\\/2022\\\/10\\\/divulgacao.jpg\",\"contentUrl\":\"https:\\\/\\\/folhapopular.info\\\/wp-content\\\/uploads\\\/2022\\\/10\\\/divulgacao.jpg\",\"width\":620,\"height\":300,\"caption\":\"Cr\u00e9dito: Divulga\u00e7\u00e3o\"},{\"@type\":\"BreadcrumbList\",\"@id\":\"https:\\\/\\\/folhapopular.info\\\/index.php\\\/2022\\\/10\\\/02\\\/jovens-vao-as-urnas-pela-primeira-vez-e-destacam-desejo-de-mudanca\\\/#breadcrumb\",\"itemListElement\":[{\"@type\":\"ListItem\",\"position\":1,\"name\":\"In\u00edcio\",\"item\":\"https:\\\/\\\/folhapopular.info\\\/\"},{\"@type\":\"ListItem\",\"position\":2,\"name\":\"Jovens v\u00e3o \u00e0s urnas pela primeira vez e destacam desejo de mudan\u00e7a\"}]},{\"@type\":\"WebSite\",\"@id\":\"https:\\\/\\\/folhapopular.info\\\/#website\",\"url\":\"https:\\\/\\\/folhapopular.info\\\/\",\"name\":\"Folha Popular\",\"description\":\"Onde voc\u00ea tem vez e voz\",\"potentialAction\":[{\"@type\":\"SearchAction\",\"target\":{\"@type\":\"EntryPoint\",\"urlTemplate\":\"https:\\\/\\\/folhapopular.info\\\/?s={search_term_string}\"},\"query-input\":{\"@type\":\"PropertyValueSpecification\",\"valueRequired\":true,\"valueName\":\"search_term_string\"}}],\"inLanguage\":\"pt-BR\"},{\"@type\":\"Person\",\"@id\":\"https:\\\/\\\/folhapopular.info\\\/#\\\/schema\\\/person\\\/9a5695747e1046d5fac310c552cf6260\",\"name\":\"Keila Gr\u00e4ff Anhaia\",\"image\":{\"@type\":\"ImageObject\",\"inLanguage\":\"pt-BR\",\"@id\":\"https:\\\/\\\/secure.gravatar.com\\\/avatar\\\/498ef5bfb389bc7ded562ad94f835a056e934ab779eb2a595c461a735cf74fba?s=96&d=mm&r=g\",\"url\":\"https:\\\/\\\/secure.gravatar.com\\\/avatar\\\/498ef5bfb389bc7ded562ad94f835a056e934ab779eb2a595c461a735cf74fba?s=96&d=mm&r=g\",\"contentUrl\":\"https:\\\/\\\/secure.gravatar.com\\\/avatar\\\/498ef5bfb389bc7ded562ad94f835a056e934ab779eb2a595c461a735cf74fba?s=96&d=mm&r=g\",\"caption\":\"Keila Gr\u00e4ff Anhaia\"},\"url\":\"https:\\\/\\\/folhapopular.info\\\/index.php\\\/author\\\/graffkeilagmail-com\\\/\"}]}<\/script>\n<!-- \/ Yoast SEO plugin. -->","yoast_head_json":{"title":"Jovens v\u00e3o \u00e0s urnas pela primeira vez e destacam desejo de mudan\u00e7a - Folha Popular","robots":{"index":"index","follow":"follow","max-snippet":"max-snippet:-1","max-image-preview":"max-image-preview:large","max-video-preview":"max-video-preview:-1"},"canonical":"https:\/\/folhapopular.info\/index.php\/2022\/10\/02\/jovens-vao-as-urnas-pela-primeira-vez-e-destacam-desejo-de-mudanca\/","og_locale":"pt_BR","og_type":"article","og_title":"Jovens v\u00e3o \u00e0s urnas pela primeira vez e destacam desejo de mudan\u00e7a - Folha Popular","og_description":"Conforme o Tribunal de Justi\u00e7a Eleitoral (TSE) o voto \u00e9 opcional para jovens entre 16 e 17 anos, mas passa a ser obrigat\u00f3rio a partir dos 18. Entretanto, mesmo sem a obrigatoriedade, o grupo vai \u00e0s urnas para dar voz aos mais jovens. Bruna Kr\u00fcger Schneider (16) \u00e9 estudante e vota na EMEF Reinaldo Markus, [&hellip;]","og_url":"https:\/\/folhapopular.info\/index.php\/2022\/10\/02\/jovens-vao-as-urnas-pela-primeira-vez-e-destacam-desejo-de-mudanca\/","og_site_name":"Folha Popular","article_published_time":"2022-10-02T21:00:39+00:00","article_modified_time":"2022-10-02T21:00:43+00:00","og_image":[{"width":620,"height":300,"url":"http:\/\/folhapopular.info\/wp-content\/uploads\/2022\/10\/divulgacao.jpg","type":"image\/jpeg"}],"author":"Keila Gr\u00e4ff Anhaia","twitter_card":"summary_large_image","twitter_misc":{"Escrito por":"Keila Gr\u00e4ff Anhaia","Est. tempo de leitura":"3 minutos"},"schema":{"@context":"https:\/\/schema.org","@graph":[{"@type":"Article","@id":"https:\/\/folhapopular.info\/index.php\/2022\/10\/02\/jovens-vao-as-urnas-pela-primeira-vez-e-destacam-desejo-de-mudanca\/#article","isPartOf":{"@id":"https:\/\/folhapopular.info\/index.php\/2022\/10\/02\/jovens-vao-as-urnas-pela-primeira-vez-e-destacam-desejo-de-mudanca\/"},"author":{"name":"Keila Gr\u00e4ff Anhaia","@id":"https:\/\/folhapopular.info\/#\/schema\/person\/9a5695747e1046d5fac310c552cf6260"},"headline":"Jovens v\u00e3o \u00e0s urnas pela primeira vez e destacam desejo de mudan\u00e7a","datePublished":"2022-10-02T21:00:39+00:00","dateModified":"2022-10-02T21:00:43+00:00","mainEntityOfPage":{"@id":"https:\/\/folhapopular.info\/index.php\/2022\/10\/02\/jovens-vao-as-urnas-pela-primeira-vez-e-destacam-desejo-de-mudanca\/"},"wordCount":404,"commentCount":0,"image":{"@id":"https:\/\/folhapopular.info\/index.php\/2022\/10\/02\/jovens-vao-as-urnas-pela-primeira-vez-e-destacam-desejo-de-mudanca\/#primaryimage"},"thumbnailUrl":"https:\/\/folhapopular.info\/wp-content\/uploads\/2022\/10\/divulgacao.jpg","keywords":["Elei\u00e7\u00f5es 2022","Jovens","Mudan\u00e7a","pol\u00edtica","TSE","urnas"],"articleSection":["Destaques","Geral"],"inLanguage":"pt-BR","potentialAction":[{"@type":"CommentAction","name":"Comment","target":["https:\/\/folhapopular.info\/index.php\/2022\/10\/02\/jovens-vao-as-urnas-pela-primeira-vez-e-destacam-desejo-de-mudanca\/#respond"]}]},{"@type":"WebPage","@id":"https:\/\/folhapopular.info\/index.php\/2022\/10\/02\/jovens-vao-as-urnas-pela-primeira-vez-e-destacam-desejo-de-mudanca\/","url":"https:\/\/folhapopular.info\/index.php\/2022\/10\/02\/jovens-vao-as-urnas-pela-primeira-vez-e-destacam-desejo-de-mudanca\/","name":"Jovens v\u00e3o \u00e0s urnas pela primeira vez e destacam desejo de mudan\u00e7a - Folha Popular","isPartOf":{"@id":"https:\/\/folhapopular.info\/#website"},"primaryImageOfPage":{"@id":"https:\/\/folhapopular.info\/index.php\/2022\/10\/02\/jovens-vao-as-urnas-pela-primeira-vez-e-destacam-desejo-de-mudanca\/#primaryimage"},"image":{"@id":"https:\/\/folhapopular.info\/index.php\/2022\/10\/02\/jovens-vao-as-urnas-pela-primeira-vez-e-destacam-desejo-de-mudanca\/#primaryimage"},"thumbnailUrl":"https:\/\/folhapopular.info\/wp-content\/uploads\/2022\/10\/divulgacao.jpg","datePublished":"2022-10-02T21:00:39+00:00","dateModified":"2022-10-02T21:00:43+00:00","author":{"@id":"https:\/\/folhapopular.info\/#\/schema\/person\/9a5695747e1046d5fac310c552cf6260"},"breadcrumb":{"@id":"https:\/\/folhapopular.info\/index.php\/2022\/10\/02\/jovens-vao-as-urnas-pela-primeira-vez-e-destacam-desejo-de-mudanca\/#breadcrumb"},"inLanguage":"pt-BR","potentialAction":[{"@type":"ReadAction","target":["https:\/\/folhapopular.info\/index.php\/2022\/10\/02\/jovens-vao-as-urnas-pela-primeira-vez-e-destacam-desejo-de-mudanca\/"]}]},{"@type":"ImageObject","inLanguage":"pt-BR","@id":"https:\/\/folhapopular.info\/index.php\/2022\/10\/02\/jovens-vao-as-urnas-pela-primeira-vez-e-destacam-desejo-de-mudanca\/#primaryimage","url":"https:\/\/folhapopular.info\/wp-content\/uploads\/2022\/10\/divulgacao.jpg","contentUrl":"https:\/\/folhapopular.info\/wp-content\/uploads\/2022\/10\/divulgacao.jpg","width":620,"height":300,"caption":"Cr\u00e9dito: Divulga\u00e7\u00e3o"},{"@type":"BreadcrumbList","@id":"https:\/\/folhapopular.info\/index.php\/2022\/10\/02\/jovens-vao-as-urnas-pela-primeira-vez-e-destacam-desejo-de-mudanca\/#breadcrumb","itemListElement":[{"@type":"ListItem","position":1,"name":"In\u00edcio","item":"https:\/\/folhapopular.info\/"},{"@type":"ListItem","position":2,"name":"Jovens v\u00e3o \u00e0s urnas pela primeira vez e destacam desejo de mudan\u00e7a"}]},{"@type":"WebSite","@id":"https:\/\/folhapopular.info\/#website","url":"https:\/\/folhapopular.info\/","name":"Folha Popular","description":"Onde voc\u00ea tem vez e voz","potentialAction":[{"@type":"SearchAction","target":{"@type":"EntryPoint","urlTemplate":"https:\/\/folhapopular.info\/?s={search_term_string}"},"query-input":{"@type":"PropertyValueSpecification","valueRequired":true,"valueName":"search_term_string"}}],"inLanguage":"pt-BR"},{"@type":"Person","@id":"https:\/\/folhapopular.info\/#\/schema\/person\/9a5695747e1046d5fac310c552cf6260","name":"Keila Gr\u00e4ff Anhaia","image":{"@type":"ImageObject","inLanguage":"pt-BR","@id":"https:\/\/secure.gravatar.com\/avatar\/498ef5bfb389bc7ded562ad94f835a056e934ab779eb2a595c461a735cf74fba?s=96&d=mm&r=g","url":"https:\/\/secure.gravatar.com\/avatar\/498ef5bfb389bc7ded562ad94f835a056e934ab779eb2a595c461a735cf74fba?s=96&d=mm&r=g","contentUrl":"https:\/\/secure.gravatar.com\/avatar\/498ef5bfb389bc7ded562ad94f835a056e934ab779eb2a595c461a735cf74fba?s=96&d=mm&r=g","caption":"Keila Gr\u00e4ff Anhaia"},"url":"https:\/\/folhapopular.info\/index.php\/author\/graffkeilagmail-com\/"}]}},"jetpack_featured_media_url":"https:\/\/folhapopular.info\/wp-content\/uploads\/2022\/10\/divulgacao.jpg","jetpack_sharing_enabled":true,"amp_enabled":true,"_links":{"self":[{"href":"https:\/\/folhapopular.info\/index.php\/wp-json\/wp\/v2\/posts\/113949","targetHints":{"allow":["GET"]}}],"collection":[{"href":"https:\/\/folhapopular.info\/index.php\/wp-json\/wp\/v2\/posts"}],"about":[{"href":"https:\/\/folhapopular.info\/index.php\/wp-json\/wp\/v2\/types\/post"}],"author":[{"embeddable":true,"href":"https:\/\/folhapopular.info\/index.php\/wp-json\/wp\/v2\/users\/636"}],"replies":[{"embeddable":true,"href":"https:\/\/folhapopular.info\/index.php\/wp-json\/wp\/v2\/comments?post=113949"}],"version-history":[{"count":0,"href":"https:\/\/folhapopular.info\/index.php\/wp-json\/wp\/v2\/posts\/113949\/revisions"}],"wp:featuredmedia":[{"embeddable":true,"href":"https:\/\/folhapopular.info\/index.php\/wp-json\/wp\/v2\/media\/113891"}],"wp:attachment":[{"href":"https:\/\/folhapopular.info\/index.php\/wp-json\/wp\/v2\/media?parent=113949"}],"wp:term":[{"taxonomy":"category","embeddable":true,"href":"https:\/\/folhapopular.info\/index.php\/wp-json\/wp\/v2\/categories?post=113949"},{"taxonomy":"post_tag","embeddable":true,"href":"https:\/\/folhapopular.info\/index.php\/wp-json\/wp\/v2\/tags?post=113949"}],"curies":[{"name":"wp","href":"https:\/\/api.w.org\/{rel}","templated":true}]}}