{"id":114136,"date":"2022-10-05T15:32:12","date_gmt":"2022-10-05T18:32:12","guid":{"rendered":"https:\/\/folhapopular.info\/?p=114136"},"modified":"2022-10-05T15:32:15","modified_gmt":"2022-10-05T18:32:15","slug":"outubro-rosa-comeca-a-mobilizar-mulheres-em-estrela","status":"publish","type":"post","link":"https:\/\/folhapopular.info\/index.php\/2022\/10\/05\/outubro-rosa-comeca-a-mobilizar-mulheres-em-estrela\/","title":{"rendered":"Outubro Rosa come\u00e7a a mobilizar mulheres em Estrela"},"content":{"rendered":"\n<p>Uma intera\u00e7\u00e3o realizada na manh\u00e3 desta quarta-feira (5\/10), na sede da prefeitura de Estrela, abriu a programa\u00e7\u00e3o do Outubro Rosa no munic\u00edpio. <\/p>\n\n\n\n<p>A iniciativa foi voltada \u00e0s servidoras e contou com a presen\u00e7a do vice-prefeito Jo\u00e3o Carlos Sch\u00e4ffer, do titular da Secretaria Municipal de Administra\u00e7\u00e3o e Seguran\u00e7a P\u00fablica (Sasp), Comandante C\u00e9sar, da presidente da Liga Feminina de Combate ao C\u00e2ncer de Estrela, Anelise Hausmann da enfermeira do Curso T\u00e9cnico de Enfermagem da Univates, Bernadete Kranz e demais autoridades ligadas \u00e0 mulher, entre elas a Capit\u00e3 Carmine Fontoura, presidente do Conselho Municipal dos Direitos da Mulher (Condim), e a Conselheira Ion\u00e1 Carreno, tamb\u00e9m coordenadora do Centro de Refer\u00eancia de Atendimento \u00e0 Mulher (Cram).<\/p>\n\n\n\n<p>A atividade ressaltou a import\u00e2ncia dos exames de preven\u00e7\u00e3o, realizou intera\u00e7\u00f5es com o grupo e divulgou o restante da campanha. A iniciativa contou ainda com uma palestra da enfermeira Bernadete Kranz, que tamb\u00e9m \u00e9 volunt\u00e1ria da Liga Feminina de Estrela. Houve din\u00e2micas de grupo entre as presentes, distribui\u00e7\u00e3o de material informativo e de la\u00e7os rosa, marca da campanha. O evento acabou com um abra\u00e7o coletivo. <\/p>\n\n\n\n<p>No dia 19, outra a\u00e7\u00e3o interna est\u00e1 programada, quando as servidoras est\u00e3o convidadas a virem trabalhar com alguma pe\u00e7a de roupa rosa.<\/p>\n\n\n\n<p><strong>S\u00e1bado Rosa para Elas<\/strong><\/p>\n\n\n\n<p>Nos dias 15 e 22 de outubro, a secretaria de Sa\u00fade promover\u00e1 a\u00e7\u00f5es abertas \u00e0 comunidade feminina. Os \u201cS\u00e1bados Rosa para Elas\u201d ir\u00e3o ocorrer, de forma independente, nas Unidades B\u00e1sicas de Sa\u00fade (UBSs) do munic\u00edpio. <\/p>\n\n\n\n<p>Dia 15 o evento ocorre na UBS Central (rua General Os\u00f3rio, n\u00ba 427, Bairro Oriental), das 8h \u00e0s 15h. J\u00e1 no dia 22, ser\u00e1 na UBS do Bairro Boa Uni\u00e3o (rua Padre Jos\u00e9 Junges, n\u00ba 97), das 8h \u00e0s 12h. Em ambas atividades ser\u00e3o disponibilizados de forma gratuita testes r\u00e1pidos, coleta de Papanicolau e do Citopatol\u00f3gico (pr\u00e9-c\u00e2ncer), encaminhamentos de mamografia e demais atividades interativas, inclusive para crian\u00e7as.<\/p>\n\n\n\n<p><strong>Rua das Sombrinhas<\/strong><\/p>\n\n\n\n<p>J\u00e1 \u00e9 poss\u00edvel visitar a \u201cRua das Sombrinhas\u201d, como passou a ficar conhecida a rua Coronel Flores, pr\u00f3ximo da Escadaria, desde que a mesma come\u00e7ou a ganhar a referida decora\u00e7\u00e3o. Ao todo, mais de 180 sombrinhas rosas e tamb\u00e9m azuis, conectando tamb\u00e9m as comemora\u00e7\u00f5es do \u201cNovembro Azul\u201d j\u00e1 enfeitam o local, que tem este ano uma novidade: um conjunto de sombrinhas que formam um \u201ccora\u00e7\u00e3o\u201d. Decora\u00e7\u00f5es referentes \u00e0s campanhas tamb\u00e9m enfeitam outros pr\u00e9dios p\u00fablicos do munic\u00edpio.\u00a0<\/p>\n\n\n\n<p><strong>No Cal\u00e7ad\u00e3o<\/strong><\/p>\n\n\n\n<p>Outras a\u00e7\u00f5es alusivas ocorrer\u00e3o no Cal\u00e7ad\u00e3o de Estrela. O primeiro ser\u00e1 neste s\u00e1bado (8\/10), das 9h \u00e0s 11h30, com atividades desenvolvidas pelas volunt\u00e1rias. A iniciativa ser\u00e1 repetida dia 15, no mesmo hor\u00e1rio. No dia 24, uma grande confraterniza\u00e7\u00e3o com a comunidade est\u00e1 agendada para ocorrer no Parque Princesa do Vale, a partir das 18h30, e ter\u00e1 a apresenta\u00e7\u00e3o da Orquestra de Estrela.<\/p>\n","protected":false},"excerpt":{"rendered":"<p>Uma intera\u00e7\u00e3o realizada na manh\u00e3 desta quarta-feira (5\/10), na sede da prefeitura de Estrela, abriu a programa\u00e7\u00e3o do Outubro Rosa no munic\u00edpio. A iniciativa foi voltada \u00e0s servidoras e contou com a presen\u00e7a do vice-prefeito Jo\u00e3o Carlos Sch\u00e4ffer, do titular da Secretaria Municipal de Administra\u00e7\u00e3o e Seguran\u00e7a P\u00fablica (Sasp), Comandante C\u00e9sar, da presidente da Liga [&hellip;]<\/p>\n","protected":false},"author":8,"featured_media":114137,"comment_status":"open","ping_status":"open","sticky":false,"template":"","format":"standard","meta":{"pmpro_default_level":"","_jetpack_memberships_contains_paid_content":false,"footnotes":""},"categories":[2,3],"tags":[8,1132],"class_list":{"0":"post-114136","1":"post","2":"type-post","3":"status-publish","4":"format-standard","5":"has-post-thumbnail","7":"category-featured","8":"category-geral","9":"tag-estrela","10":"tag-outubro-rosa","11":"pmpro-has-access"},"yoast_head":"<!-- This site is optimized with the Yoast SEO plugin v27.5 - https:\/\/yoast.com\/product\/yoast-seo-wordpress\/ -->\n<title>Outubro Rosa come\u00e7a a mobilizar mulheres em Estrela - Folha Popular<\/title>\n<meta name=\"description\" content=\"A atividade ressaltou a import\u00e2ncia dos exames de preven\u00e7\u00e3o, realizou intera\u00e7\u00f5es com o grupo e divulgou o restante da campanha.\" \/>\n<meta name=\"robots\" content=\"index, follow, max-snippet:-1, max-image-preview:large, max-video-preview:-1\" \/>\n<link rel=\"canonical\" href=\"https:\/\/folhapopular.info\/index.php\/2022\/10\/05\/outubro-rosa-comeca-a-mobilizar-mulheres-em-estrela\/\" \/>\n<meta property=\"og:locale\" content=\"pt_BR\" \/>\n<meta property=\"og:type\" content=\"article\" \/>\n<meta property=\"og:title\" content=\"Outubro Rosa come\u00e7a a mobilizar mulheres em Estrela - Folha Popular\" \/>\n<meta property=\"og:description\" content=\"A atividade ressaltou a import\u00e2ncia dos exames de preven\u00e7\u00e3o, realizou intera\u00e7\u00f5es com o grupo e divulgou o restante da campanha.\" \/>\n<meta property=\"og:url\" content=\"https:\/\/folhapopular.info\/index.php\/2022\/10\/05\/outubro-rosa-comeca-a-mobilizar-mulheres-em-estrela\/\" \/>\n<meta property=\"og:site_name\" content=\"Folha Popular\" \/>\n<meta property=\"article:published_time\" content=\"2022-10-05T18:32:12+00:00\" \/>\n<meta property=\"article:modified_time\" content=\"2022-10-05T18:32:15+00:00\" \/>\n<meta property=\"og:image\" content=\"http:\/\/folhapopular.info\/wp-content\/uploads\/2022\/10\/Outubro-Rosa-Prefeitura-dina\u0302mica-grupo-ABRAC\u0327O-COLETIVO-Angeli-scaled.jpg\" \/>\n\t<meta property=\"og:image:width\" content=\"2560\" \/>\n\t<meta property=\"og:image:height\" content=\"1440\" \/>\n\t<meta property=\"og:image:type\" content=\"image\/jpeg\" \/>\n<meta name=\"author\" content=\"Reda\u00e7\u00e3o Folha Popular\" \/>\n<meta name=\"twitter:card\" content=\"summary_large_image\" \/>\n<meta name=\"twitter:label1\" content=\"Escrito por\" \/>\n\t<meta name=\"twitter:data1\" content=\"Reda\u00e7\u00e3o Folha Popular\" \/>\n\t<meta name=\"twitter:label2\" content=\"Est. tempo de leitura\" \/>\n\t<meta name=\"twitter:data2\" content=\"3 minutos\" \/>\n<script type=\"application\/ld+json\" class=\"yoast-schema-graph\">{\"@context\":\"https:\\\/\\\/schema.org\",\"@graph\":[{\"@type\":\"Article\",\"@id\":\"https:\\\/\\\/folhapopular.info\\\/index.php\\\/2022\\\/10\\\/05\\\/outubro-rosa-comeca-a-mobilizar-mulheres-em-estrela\\\/#article\",\"isPartOf\":{\"@id\":\"https:\\\/\\\/folhapopular.info\\\/index.php\\\/2022\\\/10\\\/05\\\/outubro-rosa-comeca-a-mobilizar-mulheres-em-estrela\\\/\"},\"author\":{\"name\":\"Reda\u00e7\u00e3o Folha Popular\",\"@id\":\"https:\\\/\\\/folhapopular.info\\\/#\\\/schema\\\/person\\\/2814e8a0df7643585a9ca38bc6eb9d4b\"},\"headline\":\"Outubro Rosa come\u00e7a a mobilizar mulheres em Estrela\",\"datePublished\":\"2022-10-05T18:32:12+00:00\",\"dateModified\":\"2022-10-05T18:32:15+00:00\",\"mainEntityOfPage\":{\"@id\":\"https:\\\/\\\/folhapopular.info\\\/index.php\\\/2022\\\/10\\\/05\\\/outubro-rosa-comeca-a-mobilizar-mulheres-em-estrela\\\/\"},\"wordCount\":506,\"commentCount\":0,\"image\":{\"@id\":\"https:\\\/\\\/folhapopular.info\\\/index.php\\\/2022\\\/10\\\/05\\\/outubro-rosa-comeca-a-mobilizar-mulheres-em-estrela\\\/#primaryimage\"},\"thumbnailUrl\":\"https:\\\/\\\/folhapopular.info\\\/wp-content\\\/uploads\\\/2022\\\/10\\\/Outubro-Rosa-Prefeitura-dina\u0302mica-grupo-ABRAC\u0327O-COLETIVO-Angeli-scaled.jpg\",\"keywords\":[\"Estrela\",\"Outubro Rosa\"],\"articleSection\":[\"Destaques\",\"Geral\"],\"inLanguage\":\"pt-BR\",\"potentialAction\":[{\"@type\":\"CommentAction\",\"name\":\"Comment\",\"target\":[\"https:\\\/\\\/folhapopular.info\\\/index.php\\\/2022\\\/10\\\/05\\\/outubro-rosa-comeca-a-mobilizar-mulheres-em-estrela\\\/#respond\"]}]},{\"@type\":\"WebPage\",\"@id\":\"https:\\\/\\\/folhapopular.info\\\/index.php\\\/2022\\\/10\\\/05\\\/outubro-rosa-comeca-a-mobilizar-mulheres-em-estrela\\\/\",\"url\":\"https:\\\/\\\/folhapopular.info\\\/index.php\\\/2022\\\/10\\\/05\\\/outubro-rosa-comeca-a-mobilizar-mulheres-em-estrela\\\/\",\"name\":\"Outubro Rosa come\u00e7a a mobilizar mulheres em Estrela - Folha Popular\",\"isPartOf\":{\"@id\":\"https:\\\/\\\/folhapopular.info\\\/#website\"},\"primaryImageOfPage\":{\"@id\":\"https:\\\/\\\/folhapopular.info\\\/index.php\\\/2022\\\/10\\\/05\\\/outubro-rosa-comeca-a-mobilizar-mulheres-em-estrela\\\/#primaryimage\"},\"image\":{\"@id\":\"https:\\\/\\\/folhapopular.info\\\/index.php\\\/2022\\\/10\\\/05\\\/outubro-rosa-comeca-a-mobilizar-mulheres-em-estrela\\\/#primaryimage\"},\"thumbnailUrl\":\"https:\\\/\\\/folhapopular.info\\\/wp-content\\\/uploads\\\/2022\\\/10\\\/Outubro-Rosa-Prefeitura-dina\u0302mica-grupo-ABRAC\u0327O-COLETIVO-Angeli-scaled.jpg\",\"datePublished\":\"2022-10-05T18:32:12+00:00\",\"dateModified\":\"2022-10-05T18:32:15+00:00\",\"author\":{\"@id\":\"https:\\\/\\\/folhapopular.info\\\/#\\\/schema\\\/person\\\/2814e8a0df7643585a9ca38bc6eb9d4b\"},\"description\":\"A atividade ressaltou a import\u00e2ncia dos exames de preven\u00e7\u00e3o, realizou intera\u00e7\u00f5es com o grupo e divulgou o restante da campanha.\",\"breadcrumb\":{\"@id\":\"https:\\\/\\\/folhapopular.info\\\/index.php\\\/2022\\\/10\\\/05\\\/outubro-rosa-comeca-a-mobilizar-mulheres-em-estrela\\\/#breadcrumb\"},\"inLanguage\":\"pt-BR\",\"potentialAction\":[{\"@type\":\"ReadAction\",\"target\":[\"https:\\\/\\\/folhapopular.info\\\/index.php\\\/2022\\\/10\\\/05\\\/outubro-rosa-comeca-a-mobilizar-mulheres-em-estrela\\\/\"]}]},{\"@type\":\"ImageObject\",\"inLanguage\":\"pt-BR\",\"@id\":\"https:\\\/\\\/folhapopular.info\\\/index.php\\\/2022\\\/10\\\/05\\\/outubro-rosa-comeca-a-mobilizar-mulheres-em-estrela\\\/#primaryimage\",\"url\":\"https:\\\/\\\/folhapopular.info\\\/wp-content\\\/uploads\\\/2022\\\/10\\\/Outubro-Rosa-Prefeitura-dina\u0302mica-grupo-ABRAC\u0327O-COLETIVO-Angeli-scaled.jpg\",\"contentUrl\":\"https:\\\/\\\/folhapopular.info\\\/wp-content\\\/uploads\\\/2022\\\/10\\\/Outubro-Rosa-Prefeitura-dina\u0302mica-grupo-ABRAC\u0327O-COLETIVO-Angeli-scaled.jpg\",\"width\":2560,\"height\":1440,\"caption\":\"Abra\u00e7o coletivo fechou a atividade promovida pelo Governo junto \u00e0s servidoras. Cr\u00e9ditos: Rodrigo Angeli\\\/Governo de Estrela\"},{\"@type\":\"BreadcrumbList\",\"@id\":\"https:\\\/\\\/folhapopular.info\\\/index.php\\\/2022\\\/10\\\/05\\\/outubro-rosa-comeca-a-mobilizar-mulheres-em-estrela\\\/#breadcrumb\",\"itemListElement\":[{\"@type\":\"ListItem\",\"position\":1,\"name\":\"In\u00edcio\",\"item\":\"https:\\\/\\\/folhapopular.info\\\/\"},{\"@type\":\"ListItem\",\"position\":2,\"name\":\"Outubro Rosa come\u00e7a a mobilizar mulheres em Estrela\"}]},{\"@type\":\"WebSite\",\"@id\":\"https:\\\/\\\/folhapopular.info\\\/#website\",\"url\":\"https:\\\/\\\/folhapopular.info\\\/\",\"name\":\"Folha Popular\",\"description\":\"Onde voc\u00ea tem vez e voz\",\"potentialAction\":[{\"@type\":\"SearchAction\",\"target\":{\"@type\":\"EntryPoint\",\"urlTemplate\":\"https:\\\/\\\/folhapopular.info\\\/?s={search_term_string}\"},\"query-input\":{\"@type\":\"PropertyValueSpecification\",\"valueRequired\":true,\"valueName\":\"search_term_string\"}}],\"inLanguage\":\"pt-BR\"},{\"@type\":\"Person\",\"@id\":\"https:\\\/\\\/folhapopular.info\\\/#\\\/schema\\\/person\\\/2814e8a0df7643585a9ca38bc6eb9d4b\",\"name\":\"Reda\u00e7\u00e3o Folha Popular\",\"image\":{\"@type\":\"ImageObject\",\"inLanguage\":\"pt-BR\",\"@id\":\"https:\\\/\\\/folhapopular.info\\\/wp-content\\\/uploads\\\/2026\\\/04\\\/Folha-1.webp\",\"url\":\"https:\\\/\\\/folhapopular.info\\\/wp-content\\\/uploads\\\/2026\\\/04\\\/Folha-1.webp\",\"contentUrl\":\"https:\\\/\\\/folhapopular.info\\\/wp-content\\\/uploads\\\/2026\\\/04\\\/Folha-1.webp\",\"caption\":\"Reda\u00e7\u00e3o Folha Popular\"},\"url\":\"https:\\\/\\\/folhapopular.info\\\/index.php\\\/author\\\/redacao\\\/\"}]}<\/script>\n<!-- \/ Yoast SEO plugin. -->","yoast_head_json":{"title":"Outubro Rosa come\u00e7a a mobilizar mulheres em Estrela - Folha Popular","description":"A atividade ressaltou a import\u00e2ncia dos exames de preven\u00e7\u00e3o, realizou intera\u00e7\u00f5es com o grupo e divulgou o restante da campanha.","robots":{"index":"index","follow":"follow","max-snippet":"max-snippet:-1","max-image-preview":"max-image-preview:large","max-video-preview":"max-video-preview:-1"},"canonical":"https:\/\/folhapopular.info\/index.php\/2022\/10\/05\/outubro-rosa-comeca-a-mobilizar-mulheres-em-estrela\/","og_locale":"pt_BR","og_type":"article","og_title":"Outubro Rosa come\u00e7a a mobilizar mulheres em Estrela - Folha Popular","og_description":"A atividade ressaltou a import\u00e2ncia dos exames de preven\u00e7\u00e3o, realizou intera\u00e7\u00f5es com o grupo e divulgou o restante da campanha.","og_url":"https:\/\/folhapopular.info\/index.php\/2022\/10\/05\/outubro-rosa-comeca-a-mobilizar-mulheres-em-estrela\/","og_site_name":"Folha Popular","article_published_time":"2022-10-05T18:32:12+00:00","article_modified_time":"2022-10-05T18:32:15+00:00","og_image":[{"width":2560,"height":1440,"url":"http:\/\/folhapopular.info\/wp-content\/uploads\/2022\/10\/Outubro-Rosa-Prefeitura-dina\u0302mica-grupo-ABRAC\u0327O-COLETIVO-Angeli-scaled.jpg","type":"image\/jpeg"}],"author":"Reda\u00e7\u00e3o Folha Popular","twitter_card":"summary_large_image","twitter_misc":{"Escrito por":"Reda\u00e7\u00e3o Folha Popular","Est. tempo de leitura":"3 minutos"},"schema":{"@context":"https:\/\/schema.org","@graph":[{"@type":"Article","@id":"https:\/\/folhapopular.info\/index.php\/2022\/10\/05\/outubro-rosa-comeca-a-mobilizar-mulheres-em-estrela\/#article","isPartOf":{"@id":"https:\/\/folhapopular.info\/index.php\/2022\/10\/05\/outubro-rosa-comeca-a-mobilizar-mulheres-em-estrela\/"},"author":{"name":"Reda\u00e7\u00e3o Folha Popular","@id":"https:\/\/folhapopular.info\/#\/schema\/person\/2814e8a0df7643585a9ca38bc6eb9d4b"},"headline":"Outubro Rosa come\u00e7a a mobilizar mulheres em Estrela","datePublished":"2022-10-05T18:32:12+00:00","dateModified":"2022-10-05T18:32:15+00:00","mainEntityOfPage":{"@id":"https:\/\/folhapopular.info\/index.php\/2022\/10\/05\/outubro-rosa-comeca-a-mobilizar-mulheres-em-estrela\/"},"wordCount":506,"commentCount":0,"image":{"@id":"https:\/\/folhapopular.info\/index.php\/2022\/10\/05\/outubro-rosa-comeca-a-mobilizar-mulheres-em-estrela\/#primaryimage"},"thumbnailUrl":"https:\/\/folhapopular.info\/wp-content\/uploads\/2022\/10\/Outubro-Rosa-Prefeitura-dina\u0302mica-grupo-ABRAC\u0327O-COLETIVO-Angeli-scaled.jpg","keywords":["Estrela","Outubro Rosa"],"articleSection":["Destaques","Geral"],"inLanguage":"pt-BR","potentialAction":[{"@type":"CommentAction","name":"Comment","target":["https:\/\/folhapopular.info\/index.php\/2022\/10\/05\/outubro-rosa-comeca-a-mobilizar-mulheres-em-estrela\/#respond"]}]},{"@type":"WebPage","@id":"https:\/\/folhapopular.info\/index.php\/2022\/10\/05\/outubro-rosa-comeca-a-mobilizar-mulheres-em-estrela\/","url":"https:\/\/folhapopular.info\/index.php\/2022\/10\/05\/outubro-rosa-comeca-a-mobilizar-mulheres-em-estrela\/","name":"Outubro Rosa come\u00e7a a mobilizar mulheres em Estrela - Folha Popular","isPartOf":{"@id":"https:\/\/folhapopular.info\/#website"},"primaryImageOfPage":{"@id":"https:\/\/folhapopular.info\/index.php\/2022\/10\/05\/outubro-rosa-comeca-a-mobilizar-mulheres-em-estrela\/#primaryimage"},"image":{"@id":"https:\/\/folhapopular.info\/index.php\/2022\/10\/05\/outubro-rosa-comeca-a-mobilizar-mulheres-em-estrela\/#primaryimage"},"thumbnailUrl":"https:\/\/folhapopular.info\/wp-content\/uploads\/2022\/10\/Outubro-Rosa-Prefeitura-dina\u0302mica-grupo-ABRAC\u0327O-COLETIVO-Angeli-scaled.jpg","datePublished":"2022-10-05T18:32:12+00:00","dateModified":"2022-10-05T18:32:15+00:00","author":{"@id":"https:\/\/folhapopular.info\/#\/schema\/person\/2814e8a0df7643585a9ca38bc6eb9d4b"},"description":"A atividade ressaltou a import\u00e2ncia dos exames de preven\u00e7\u00e3o, realizou intera\u00e7\u00f5es com o grupo e divulgou o restante da campanha.","breadcrumb":{"@id":"https:\/\/folhapopular.info\/index.php\/2022\/10\/05\/outubro-rosa-comeca-a-mobilizar-mulheres-em-estrela\/#breadcrumb"},"inLanguage":"pt-BR","potentialAction":[{"@type":"ReadAction","target":["https:\/\/folhapopular.info\/index.php\/2022\/10\/05\/outubro-rosa-comeca-a-mobilizar-mulheres-em-estrela\/"]}]},{"@type":"ImageObject","inLanguage":"pt-BR","@id":"https:\/\/folhapopular.info\/index.php\/2022\/10\/05\/outubro-rosa-comeca-a-mobilizar-mulheres-em-estrela\/#primaryimage","url":"https:\/\/folhapopular.info\/wp-content\/uploads\/2022\/10\/Outubro-Rosa-Prefeitura-dina\u0302mica-grupo-ABRAC\u0327O-COLETIVO-Angeli-scaled.jpg","contentUrl":"https:\/\/folhapopular.info\/wp-content\/uploads\/2022\/10\/Outubro-Rosa-Prefeitura-dina\u0302mica-grupo-ABRAC\u0327O-COLETIVO-Angeli-scaled.jpg","width":2560,"height":1440,"caption":"Abra\u00e7o coletivo fechou a atividade promovida pelo Governo junto \u00e0s servidoras. Cr\u00e9ditos: Rodrigo Angeli\/Governo de Estrela"},{"@type":"BreadcrumbList","@id":"https:\/\/folhapopular.info\/index.php\/2022\/10\/05\/outubro-rosa-comeca-a-mobilizar-mulheres-em-estrela\/#breadcrumb","itemListElement":[{"@type":"ListItem","position":1,"name":"In\u00edcio","item":"https:\/\/folhapopular.info\/"},{"@type":"ListItem","position":2,"name":"Outubro Rosa come\u00e7a a mobilizar mulheres em Estrela"}]},{"@type":"WebSite","@id":"https:\/\/folhapopular.info\/#website","url":"https:\/\/folhapopular.info\/","name":"Folha Popular","description":"Onde voc\u00ea tem vez e voz","potentialAction":[{"@type":"SearchAction","target":{"@type":"EntryPoint","urlTemplate":"https:\/\/folhapopular.info\/?s={search_term_string}"},"query-input":{"@type":"PropertyValueSpecification","valueRequired":true,"valueName":"search_term_string"}}],"inLanguage":"pt-BR"},{"@type":"Person","@id":"https:\/\/folhapopular.info\/#\/schema\/person\/2814e8a0df7643585a9ca38bc6eb9d4b","name":"Reda\u00e7\u00e3o Folha Popular","image":{"@type":"ImageObject","inLanguage":"pt-BR","@id":"https:\/\/folhapopular.info\/wp-content\/uploads\/2026\/04\/Folha-1.webp","url":"https:\/\/folhapopular.info\/wp-content\/uploads\/2026\/04\/Folha-1.webp","contentUrl":"https:\/\/folhapopular.info\/wp-content\/uploads\/2026\/04\/Folha-1.webp","caption":"Reda\u00e7\u00e3o Folha Popular"},"url":"https:\/\/folhapopular.info\/index.php\/author\/redacao\/"}]}},"jetpack_featured_media_url":"https:\/\/folhapopular.info\/wp-content\/uploads\/2022\/10\/Outubro-Rosa-Prefeitura-dina\u0302mica-grupo-ABRAC\u0327O-COLETIVO-Angeli-scaled.jpg","jetpack_sharing_enabled":true,"amp_enabled":true,"_links":{"self":[{"href":"https:\/\/folhapopular.info\/index.php\/wp-json\/wp\/v2\/posts\/114136","targetHints":{"allow":["GET"]}}],"collection":[{"href":"https:\/\/folhapopular.info\/index.php\/wp-json\/wp\/v2\/posts"}],"about":[{"href":"https:\/\/folhapopular.info\/index.php\/wp-json\/wp\/v2\/types\/post"}],"author":[{"embeddable":true,"href":"https:\/\/folhapopular.info\/index.php\/wp-json\/wp\/v2\/users\/8"}],"replies":[{"embeddable":true,"href":"https:\/\/folhapopular.info\/index.php\/wp-json\/wp\/v2\/comments?post=114136"}],"version-history":[{"count":0,"href":"https:\/\/folhapopular.info\/index.php\/wp-json\/wp\/v2\/posts\/114136\/revisions"}],"wp:featuredmedia":[{"embeddable":true,"href":"https:\/\/folhapopular.info\/index.php\/wp-json\/wp\/v2\/media\/114137"}],"wp:attachment":[{"href":"https:\/\/folhapopular.info\/index.php\/wp-json\/wp\/v2\/media?parent=114136"}],"wp:term":[{"taxonomy":"category","embeddable":true,"href":"https:\/\/folhapopular.info\/index.php\/wp-json\/wp\/v2\/categories?post=114136"},{"taxonomy":"post_tag","embeddable":true,"href":"https:\/\/folhapopular.info\/index.php\/wp-json\/wp\/v2\/tags?post=114136"}],"curies":[{"name":"wp","href":"https:\/\/api.w.org\/{rel}","templated":true}]}}