{"id":114204,"date":"2022-10-06T17:16:17","date_gmt":"2022-10-06T20:16:17","guid":{"rendered":"https:\/\/folhapopular.info\/?p=114204"},"modified":"2022-10-06T17:16:20","modified_gmt":"2022-10-06T20:16:20","slug":"publicada-lei-sobre-passagens-de-onibus-para-pessoas-com-deficiencia-em-lajeado","status":"publish","type":"post","link":"https:\/\/folhapopular.info\/index.php\/2022\/10\/06\/publicada-lei-sobre-passagens-de-onibus-para-pessoas-com-deficiencia-em-lajeado\/","title":{"rendered":"Publicada lei sobre passagens de \u00f4nibus para pessoas com defici\u00eancia em Lajeado"},"content":{"rendered":"\n<p>Lajeado ter\u00e1 isen\u00e7\u00e3o de passagens no transporte p\u00fablico coletivo para pessoas com defici\u00eancia. O benef\u00edcio foi definido por meio da Lei n\u00ba 11.449, de 3 de outubro de 2022, publicada na edi\u00e7\u00e3o de 5\/10\/2022 do Di\u00e1rio Oficial do munic\u00edpio. <\/p>\n\n\n\n<p>Para usar o benef\u00edcio, as pessoas com defici\u00eancia dever\u00e3o utilizar o cart\u00e3o de bilhetagem eletr\u00f4nica emitido pela empresa concession\u00e1ria do transporte coletivo urbano de Lajeado.\u00a0<\/p>\n\n\n\n<p>A quantidade de passagens a serem utilizadas mensalmente e anualmente ser\u00e1 definida pela Secretaria Municipal do Desenvolvimento Social (SMDS), por meio de estudo social do benefici\u00e1rio. A necessidade de acompanhante tamb\u00e9m \u00e9 avaliada caso a caso no estudo social.<\/p>\n\n\n\n<p>A secretaria ficar\u00e1 encarregada de realizar a an\u00e1lise dos pedidos de fornecimento de cr\u00e9dito. J\u00e1 as pessoas que solicitarem a isen\u00e7\u00e3o dever\u00e3o submeter-se \u00e0 per\u00edcia m\u00e9dica no Posto de Sa\u00fade do Bairro Centro, a ser agendada pela SMDS, ocasi\u00e3o em que dever\u00e3o levar os documentos m\u00e9dicos que comprovem a defici\u00eancia.\u00a0<\/p>\n\n\n\n<p>Ser\u00e3o concedidos cr\u00e9ditos no sistema de bilhetagem eletr\u00f4nica do benefici\u00e1rio, visando atender \u00e0s seguintes necessidades: acesso aos servi\u00e7os de sa\u00fade, assist\u00eancia social, educa\u00e7\u00e3o e \u00e0 rede socioassistencial. <\/p>\n\n\n\n<p><strong>Documentos necess\u00e1rios para o estudo social:\u00a0<\/strong><\/p>\n\n\n\n<p>1) Documento de identifica\u00e7\u00e3o com foto (RG, CNH ou CLT);<\/p>\n\n\n\n<p>2) Menor de idade: documento de identifica\u00e7\u00e3o com foto do respons\u00e1vel, acompanhado de Termo de Guarda, Curatela ou Tutela, se for o caso;<\/p>\n\n\n\n<p>3) Interditado: documento de identidade com foto do respons\u00e1vel e o respectivo termo de guarda, tutela ou curatela;<\/p>\n\n\n\n<p>4) Comprovante de renda do grupo familiar ou declara\u00e7\u00e3o que n\u00e3o possui renda;<\/p>\n\n\n\n<p>5) Comprovante de resid\u00eancia atualizado (\u00e1gua, luz ou telefone). Se as contas n\u00e3o estiverem em nome do benefici\u00e1rio, ser\u00e1 necess\u00e1ria uma declara\u00e7\u00e3o do titular da conta de que o benefici\u00e1rio reside no endere\u00e7o;<\/p>\n\n\n\n<p>6) Atestado m\u00e9dico emitido pela UBS do Centro quanto \u00e0 condi\u00e7\u00e3o de pessoa com defici\u00eancia.<\/p>\n","protected":false},"excerpt":{"rendered":"<p>Lajeado ter\u00e1 isen\u00e7\u00e3o de passagens no transporte p\u00fablico coletivo para pessoas com defici\u00eancia. O benef\u00edcio foi definido por meio da Lei n\u00ba 11.449, de 3 de outubro de 2022, publicada na edi\u00e7\u00e3o de 5\/10\/2022 do Di\u00e1rio Oficial do munic\u00edpio. Para usar o benef\u00edcio, as pessoas com defici\u00eancia dever\u00e3o utilizar o cart\u00e3o de bilhetagem eletr\u00f4nica emitido [&hellip;]<\/p>\n","protected":false},"author":8,"featured_media":114209,"comment_status":"open","ping_status":"open","sticky":false,"template":"","format":"standard","meta":{"pmpro_default_level":"","_jetpack_memberships_contains_paid_content":false,"footnotes":""},"categories":[2,3],"tags":[27,10095,10096],"class_list":{"0":"post-114204","1":"post","2":"type-post","3":"status-publish","4":"format-standard","5":"has-post-thumbnail","7":"category-featured","8":"category-geral","9":"tag-lajeado","10":"tag-pcd","11":"tag-transporte-publico-2","12":"pmpro-has-access"},"yoast_head":"<!-- This site is optimized with the Yoast SEO plugin v27.5 - https:\/\/yoast.com\/product\/yoast-seo-wordpress\/ -->\n<title>Publicada lei sobre passagens de \u00f4nibus para pessoas com defici\u00eancia em Lajeado - Folha Popular<\/title>\n<meta name=\"description\" content=\"Ser\u00e1 necess\u00e1rio cumprir crit\u00e9rios e encaminhar documentos para conseguir a isen\u00e7\u00e3o de passagens no transporte p\u00fablico coletivo.\" \/>\n<meta name=\"robots\" content=\"index, follow, max-snippet:-1, max-image-preview:large, max-video-preview:-1\" \/>\n<link rel=\"canonical\" href=\"https:\/\/folhapopular.info\/index.php\/2022\/10\/06\/publicada-lei-sobre-passagens-de-onibus-para-pessoas-com-deficiencia-em-lajeado\/\" \/>\n<meta property=\"og:locale\" content=\"pt_BR\" \/>\n<meta property=\"og:type\" content=\"article\" \/>\n<meta property=\"og:title\" content=\"Publicada lei sobre passagens de \u00f4nibus para pessoas com defici\u00eancia em Lajeado - Folha Popular\" \/>\n<meta property=\"og:description\" content=\"Ser\u00e1 necess\u00e1rio cumprir crit\u00e9rios e encaminhar documentos para conseguir a isen\u00e7\u00e3o de passagens no transporte p\u00fablico coletivo.\" \/>\n<meta property=\"og:url\" content=\"https:\/\/folhapopular.info\/index.php\/2022\/10\/06\/publicada-lei-sobre-passagens-de-onibus-para-pessoas-com-deficiencia-em-lajeado\/\" \/>\n<meta property=\"og:site_name\" content=\"Folha Popular\" \/>\n<meta property=\"article:published_time\" content=\"2022-10-06T20:16:17+00:00\" \/>\n<meta property=\"article:modified_time\" content=\"2022-10-06T20:16:20+00:00\" \/>\n<meta property=\"og:image\" content=\"http:\/\/folhapopular.info\/wp-content\/uploads\/2022\/10\/Transporte-publico.jpeg\" \/>\n\t<meta property=\"og:image:width\" content=\"1280\" \/>\n\t<meta property=\"og:image:height\" content=\"960\" \/>\n\t<meta property=\"og:image:type\" content=\"image\/jpeg\" \/>\n<meta name=\"author\" content=\"Reda\u00e7\u00e3o Folha Popular\" \/>\n<meta name=\"twitter:card\" content=\"summary_large_image\" \/>\n<meta name=\"twitter:label1\" content=\"Escrito por\" \/>\n\t<meta name=\"twitter:data1\" content=\"Reda\u00e7\u00e3o Folha Popular\" \/>\n\t<meta name=\"twitter:label2\" content=\"Est. tempo de leitura\" \/>\n\t<meta name=\"twitter:data2\" content=\"2 minutos\" \/>\n<script type=\"application\/ld+json\" class=\"yoast-schema-graph\">{\"@context\":\"https:\\\/\\\/schema.org\",\"@graph\":[{\"@type\":\"Article\",\"@id\":\"https:\\\/\\\/folhapopular.info\\\/index.php\\\/2022\\\/10\\\/06\\\/publicada-lei-sobre-passagens-de-onibus-para-pessoas-com-deficiencia-em-lajeado\\\/#article\",\"isPartOf\":{\"@id\":\"https:\\\/\\\/folhapopular.info\\\/index.php\\\/2022\\\/10\\\/06\\\/publicada-lei-sobre-passagens-de-onibus-para-pessoas-com-deficiencia-em-lajeado\\\/\"},\"author\":{\"name\":\"Reda\u00e7\u00e3o Folha Popular\",\"@id\":\"https:\\\/\\\/folhapopular.info\\\/#\\\/schema\\\/person\\\/2814e8a0df7643585a9ca38bc6eb9d4b\"},\"headline\":\"Publicada lei sobre passagens de \u00f4nibus para pessoas com defici\u00eancia em Lajeado\",\"datePublished\":\"2022-10-06T20:16:17+00:00\",\"dateModified\":\"2022-10-06T20:16:20+00:00\",\"mainEntityOfPage\":{\"@id\":\"https:\\\/\\\/folhapopular.info\\\/index.php\\\/2022\\\/10\\\/06\\\/publicada-lei-sobre-passagens-de-onibus-para-pessoas-com-deficiencia-em-lajeado\\\/\"},\"wordCount\":348,\"commentCount\":0,\"image\":{\"@id\":\"https:\\\/\\\/folhapopular.info\\\/index.php\\\/2022\\\/10\\\/06\\\/publicada-lei-sobre-passagens-de-onibus-para-pessoas-com-deficiencia-em-lajeado\\\/#primaryimage\"},\"thumbnailUrl\":\"https:\\\/\\\/folhapopular.info\\\/wp-content\\\/uploads\\\/2022\\\/10\\\/Transporte-publico.jpeg\",\"keywords\":[\"Lajeado\",\"pcd\",\"transporte publico\"],\"articleSection\":[\"Destaques\",\"Geral\"],\"inLanguage\":\"pt-BR\",\"potentialAction\":[{\"@type\":\"CommentAction\",\"name\":\"Comment\",\"target\":[\"https:\\\/\\\/folhapopular.info\\\/index.php\\\/2022\\\/10\\\/06\\\/publicada-lei-sobre-passagens-de-onibus-para-pessoas-com-deficiencia-em-lajeado\\\/#respond\"]}]},{\"@type\":\"WebPage\",\"@id\":\"https:\\\/\\\/folhapopular.info\\\/index.php\\\/2022\\\/10\\\/06\\\/publicada-lei-sobre-passagens-de-onibus-para-pessoas-com-deficiencia-em-lajeado\\\/\",\"url\":\"https:\\\/\\\/folhapopular.info\\\/index.php\\\/2022\\\/10\\\/06\\\/publicada-lei-sobre-passagens-de-onibus-para-pessoas-com-deficiencia-em-lajeado\\\/\",\"name\":\"Publicada lei sobre passagens de \u00f4nibus para pessoas com defici\u00eancia em Lajeado - Folha Popular\",\"isPartOf\":{\"@id\":\"https:\\\/\\\/folhapopular.info\\\/#website\"},\"primaryImageOfPage\":{\"@id\":\"https:\\\/\\\/folhapopular.info\\\/index.php\\\/2022\\\/10\\\/06\\\/publicada-lei-sobre-passagens-de-onibus-para-pessoas-com-deficiencia-em-lajeado\\\/#primaryimage\"},\"image\":{\"@id\":\"https:\\\/\\\/folhapopular.info\\\/index.php\\\/2022\\\/10\\\/06\\\/publicada-lei-sobre-passagens-de-onibus-para-pessoas-com-deficiencia-em-lajeado\\\/#primaryimage\"},\"thumbnailUrl\":\"https:\\\/\\\/folhapopular.info\\\/wp-content\\\/uploads\\\/2022\\\/10\\\/Transporte-publico.jpeg\",\"datePublished\":\"2022-10-06T20:16:17+00:00\",\"dateModified\":\"2022-10-06T20:16:20+00:00\",\"author\":{\"@id\":\"https:\\\/\\\/folhapopular.info\\\/#\\\/schema\\\/person\\\/2814e8a0df7643585a9ca38bc6eb9d4b\"},\"description\":\"Ser\u00e1 necess\u00e1rio cumprir crit\u00e9rios e encaminhar documentos para conseguir a isen\u00e7\u00e3o de passagens no transporte p\u00fablico coletivo.\",\"breadcrumb\":{\"@id\":\"https:\\\/\\\/folhapopular.info\\\/index.php\\\/2022\\\/10\\\/06\\\/publicada-lei-sobre-passagens-de-onibus-para-pessoas-com-deficiencia-em-lajeado\\\/#breadcrumb\"},\"inLanguage\":\"pt-BR\",\"potentialAction\":[{\"@type\":\"ReadAction\",\"target\":[\"https:\\\/\\\/folhapopular.info\\\/index.php\\\/2022\\\/10\\\/06\\\/publicada-lei-sobre-passagens-de-onibus-para-pessoas-com-deficiencia-em-lajeado\\\/\"]}]},{\"@type\":\"ImageObject\",\"inLanguage\":\"pt-BR\",\"@id\":\"https:\\\/\\\/folhapopular.info\\\/index.php\\\/2022\\\/10\\\/06\\\/publicada-lei-sobre-passagens-de-onibus-para-pessoas-com-deficiencia-em-lajeado\\\/#primaryimage\",\"url\":\"https:\\\/\\\/folhapopular.info\\\/wp-content\\\/uploads\\\/2022\\\/10\\\/Transporte-publico.jpeg\",\"contentUrl\":\"https:\\\/\\\/folhapopular.info\\\/wp-content\\\/uploads\\\/2022\\\/10\\\/Transporte-publico.jpeg\",\"width\":1280,\"height\":960,\"caption\":\"Ser\u00e1 necess\u00e1rio cumprir crit\u00e9rios e encaminhar documentos para conseguir a isen\u00e7\u00e3o. Cr\u00e9ditos: Divulga\u00e7\u00e3o\"},{\"@type\":\"BreadcrumbList\",\"@id\":\"https:\\\/\\\/folhapopular.info\\\/index.php\\\/2022\\\/10\\\/06\\\/publicada-lei-sobre-passagens-de-onibus-para-pessoas-com-deficiencia-em-lajeado\\\/#breadcrumb\",\"itemListElement\":[{\"@type\":\"ListItem\",\"position\":1,\"name\":\"In\u00edcio\",\"item\":\"https:\\\/\\\/folhapopular.info\\\/\"},{\"@type\":\"ListItem\",\"position\":2,\"name\":\"Publicada lei sobre passagens de \u00f4nibus para pessoas com defici\u00eancia em Lajeado\"}]},{\"@type\":\"WebSite\",\"@id\":\"https:\\\/\\\/folhapopular.info\\\/#website\",\"url\":\"https:\\\/\\\/folhapopular.info\\\/\",\"name\":\"Folha Popular\",\"description\":\"Onde voc\u00ea tem vez e voz\",\"potentialAction\":[{\"@type\":\"SearchAction\",\"target\":{\"@type\":\"EntryPoint\",\"urlTemplate\":\"https:\\\/\\\/folhapopular.info\\\/?s={search_term_string}\"},\"query-input\":{\"@type\":\"PropertyValueSpecification\",\"valueRequired\":true,\"valueName\":\"search_term_string\"}}],\"inLanguage\":\"pt-BR\"},{\"@type\":\"Person\",\"@id\":\"https:\\\/\\\/folhapopular.info\\\/#\\\/schema\\\/person\\\/2814e8a0df7643585a9ca38bc6eb9d4b\",\"name\":\"Reda\u00e7\u00e3o Folha Popular\",\"image\":{\"@type\":\"ImageObject\",\"inLanguage\":\"pt-BR\",\"@id\":\"https:\\\/\\\/folhapopular.info\\\/wp-content\\\/uploads\\\/2026\\\/04\\\/Folha-1.webp\",\"url\":\"https:\\\/\\\/folhapopular.info\\\/wp-content\\\/uploads\\\/2026\\\/04\\\/Folha-1.webp\",\"contentUrl\":\"https:\\\/\\\/folhapopular.info\\\/wp-content\\\/uploads\\\/2026\\\/04\\\/Folha-1.webp\",\"caption\":\"Reda\u00e7\u00e3o Folha Popular\"},\"url\":\"https:\\\/\\\/folhapopular.info\\\/index.php\\\/author\\\/redacao\\\/\"}]}<\/script>\n<!-- \/ Yoast SEO plugin. -->","yoast_head_json":{"title":"Publicada lei sobre passagens de \u00f4nibus para pessoas com defici\u00eancia em Lajeado - Folha Popular","description":"Ser\u00e1 necess\u00e1rio cumprir crit\u00e9rios e encaminhar documentos para conseguir a isen\u00e7\u00e3o de passagens no transporte p\u00fablico coletivo.","robots":{"index":"index","follow":"follow","max-snippet":"max-snippet:-1","max-image-preview":"max-image-preview:large","max-video-preview":"max-video-preview:-1"},"canonical":"https:\/\/folhapopular.info\/index.php\/2022\/10\/06\/publicada-lei-sobre-passagens-de-onibus-para-pessoas-com-deficiencia-em-lajeado\/","og_locale":"pt_BR","og_type":"article","og_title":"Publicada lei sobre passagens de \u00f4nibus para pessoas com defici\u00eancia em Lajeado - Folha Popular","og_description":"Ser\u00e1 necess\u00e1rio cumprir crit\u00e9rios e encaminhar documentos para conseguir a isen\u00e7\u00e3o de passagens no transporte p\u00fablico coletivo.","og_url":"https:\/\/folhapopular.info\/index.php\/2022\/10\/06\/publicada-lei-sobre-passagens-de-onibus-para-pessoas-com-deficiencia-em-lajeado\/","og_site_name":"Folha Popular","article_published_time":"2022-10-06T20:16:17+00:00","article_modified_time":"2022-10-06T20:16:20+00:00","og_image":[{"width":1280,"height":960,"url":"http:\/\/folhapopular.info\/wp-content\/uploads\/2022\/10\/Transporte-publico.jpeg","type":"image\/jpeg"}],"author":"Reda\u00e7\u00e3o Folha Popular","twitter_card":"summary_large_image","twitter_misc":{"Escrito por":"Reda\u00e7\u00e3o Folha Popular","Est. tempo de leitura":"2 minutos"},"schema":{"@context":"https:\/\/schema.org","@graph":[{"@type":"Article","@id":"https:\/\/folhapopular.info\/index.php\/2022\/10\/06\/publicada-lei-sobre-passagens-de-onibus-para-pessoas-com-deficiencia-em-lajeado\/#article","isPartOf":{"@id":"https:\/\/folhapopular.info\/index.php\/2022\/10\/06\/publicada-lei-sobre-passagens-de-onibus-para-pessoas-com-deficiencia-em-lajeado\/"},"author":{"name":"Reda\u00e7\u00e3o Folha Popular","@id":"https:\/\/folhapopular.info\/#\/schema\/person\/2814e8a0df7643585a9ca38bc6eb9d4b"},"headline":"Publicada lei sobre passagens de \u00f4nibus para pessoas com defici\u00eancia em Lajeado","datePublished":"2022-10-06T20:16:17+00:00","dateModified":"2022-10-06T20:16:20+00:00","mainEntityOfPage":{"@id":"https:\/\/folhapopular.info\/index.php\/2022\/10\/06\/publicada-lei-sobre-passagens-de-onibus-para-pessoas-com-deficiencia-em-lajeado\/"},"wordCount":348,"commentCount":0,"image":{"@id":"https:\/\/folhapopular.info\/index.php\/2022\/10\/06\/publicada-lei-sobre-passagens-de-onibus-para-pessoas-com-deficiencia-em-lajeado\/#primaryimage"},"thumbnailUrl":"https:\/\/folhapopular.info\/wp-content\/uploads\/2022\/10\/Transporte-publico.jpeg","keywords":["Lajeado","pcd","transporte publico"],"articleSection":["Destaques","Geral"],"inLanguage":"pt-BR","potentialAction":[{"@type":"CommentAction","name":"Comment","target":["https:\/\/folhapopular.info\/index.php\/2022\/10\/06\/publicada-lei-sobre-passagens-de-onibus-para-pessoas-com-deficiencia-em-lajeado\/#respond"]}]},{"@type":"WebPage","@id":"https:\/\/folhapopular.info\/index.php\/2022\/10\/06\/publicada-lei-sobre-passagens-de-onibus-para-pessoas-com-deficiencia-em-lajeado\/","url":"https:\/\/folhapopular.info\/index.php\/2022\/10\/06\/publicada-lei-sobre-passagens-de-onibus-para-pessoas-com-deficiencia-em-lajeado\/","name":"Publicada lei sobre passagens de \u00f4nibus para pessoas com defici\u00eancia em Lajeado - Folha Popular","isPartOf":{"@id":"https:\/\/folhapopular.info\/#website"},"primaryImageOfPage":{"@id":"https:\/\/folhapopular.info\/index.php\/2022\/10\/06\/publicada-lei-sobre-passagens-de-onibus-para-pessoas-com-deficiencia-em-lajeado\/#primaryimage"},"image":{"@id":"https:\/\/folhapopular.info\/index.php\/2022\/10\/06\/publicada-lei-sobre-passagens-de-onibus-para-pessoas-com-deficiencia-em-lajeado\/#primaryimage"},"thumbnailUrl":"https:\/\/folhapopular.info\/wp-content\/uploads\/2022\/10\/Transporte-publico.jpeg","datePublished":"2022-10-06T20:16:17+00:00","dateModified":"2022-10-06T20:16:20+00:00","author":{"@id":"https:\/\/folhapopular.info\/#\/schema\/person\/2814e8a0df7643585a9ca38bc6eb9d4b"},"description":"Ser\u00e1 necess\u00e1rio cumprir crit\u00e9rios e encaminhar documentos para conseguir a isen\u00e7\u00e3o de passagens no transporte p\u00fablico coletivo.","breadcrumb":{"@id":"https:\/\/folhapopular.info\/index.php\/2022\/10\/06\/publicada-lei-sobre-passagens-de-onibus-para-pessoas-com-deficiencia-em-lajeado\/#breadcrumb"},"inLanguage":"pt-BR","potentialAction":[{"@type":"ReadAction","target":["https:\/\/folhapopular.info\/index.php\/2022\/10\/06\/publicada-lei-sobre-passagens-de-onibus-para-pessoas-com-deficiencia-em-lajeado\/"]}]},{"@type":"ImageObject","inLanguage":"pt-BR","@id":"https:\/\/folhapopular.info\/index.php\/2022\/10\/06\/publicada-lei-sobre-passagens-de-onibus-para-pessoas-com-deficiencia-em-lajeado\/#primaryimage","url":"https:\/\/folhapopular.info\/wp-content\/uploads\/2022\/10\/Transporte-publico.jpeg","contentUrl":"https:\/\/folhapopular.info\/wp-content\/uploads\/2022\/10\/Transporte-publico.jpeg","width":1280,"height":960,"caption":"Ser\u00e1 necess\u00e1rio cumprir crit\u00e9rios e encaminhar documentos para conseguir a isen\u00e7\u00e3o. Cr\u00e9ditos: Divulga\u00e7\u00e3o"},{"@type":"BreadcrumbList","@id":"https:\/\/folhapopular.info\/index.php\/2022\/10\/06\/publicada-lei-sobre-passagens-de-onibus-para-pessoas-com-deficiencia-em-lajeado\/#breadcrumb","itemListElement":[{"@type":"ListItem","position":1,"name":"In\u00edcio","item":"https:\/\/folhapopular.info\/"},{"@type":"ListItem","position":2,"name":"Publicada lei sobre passagens de \u00f4nibus para pessoas com defici\u00eancia em Lajeado"}]},{"@type":"WebSite","@id":"https:\/\/folhapopular.info\/#website","url":"https:\/\/folhapopular.info\/","name":"Folha Popular","description":"Onde voc\u00ea tem vez e voz","potentialAction":[{"@type":"SearchAction","target":{"@type":"EntryPoint","urlTemplate":"https:\/\/folhapopular.info\/?s={search_term_string}"},"query-input":{"@type":"PropertyValueSpecification","valueRequired":true,"valueName":"search_term_string"}}],"inLanguage":"pt-BR"},{"@type":"Person","@id":"https:\/\/folhapopular.info\/#\/schema\/person\/2814e8a0df7643585a9ca38bc6eb9d4b","name":"Reda\u00e7\u00e3o Folha Popular","image":{"@type":"ImageObject","inLanguage":"pt-BR","@id":"https:\/\/folhapopular.info\/wp-content\/uploads\/2026\/04\/Folha-1.webp","url":"https:\/\/folhapopular.info\/wp-content\/uploads\/2026\/04\/Folha-1.webp","contentUrl":"https:\/\/folhapopular.info\/wp-content\/uploads\/2026\/04\/Folha-1.webp","caption":"Reda\u00e7\u00e3o Folha Popular"},"url":"https:\/\/folhapopular.info\/index.php\/author\/redacao\/"}]}},"jetpack_featured_media_url":"https:\/\/folhapopular.info\/wp-content\/uploads\/2022\/10\/Transporte-publico.jpeg","jetpack_sharing_enabled":true,"amp_enabled":true,"_links":{"self":[{"href":"https:\/\/folhapopular.info\/index.php\/wp-json\/wp\/v2\/posts\/114204","targetHints":{"allow":["GET"]}}],"collection":[{"href":"https:\/\/folhapopular.info\/index.php\/wp-json\/wp\/v2\/posts"}],"about":[{"href":"https:\/\/folhapopular.info\/index.php\/wp-json\/wp\/v2\/types\/post"}],"author":[{"embeddable":true,"href":"https:\/\/folhapopular.info\/index.php\/wp-json\/wp\/v2\/users\/8"}],"replies":[{"embeddable":true,"href":"https:\/\/folhapopular.info\/index.php\/wp-json\/wp\/v2\/comments?post=114204"}],"version-history":[{"count":0,"href":"https:\/\/folhapopular.info\/index.php\/wp-json\/wp\/v2\/posts\/114204\/revisions"}],"wp:featuredmedia":[{"embeddable":true,"href":"https:\/\/folhapopular.info\/index.php\/wp-json\/wp\/v2\/media\/114209"}],"wp:attachment":[{"href":"https:\/\/folhapopular.info\/index.php\/wp-json\/wp\/v2\/media?parent=114204"}],"wp:term":[{"taxonomy":"category","embeddable":true,"href":"https:\/\/folhapopular.info\/index.php\/wp-json\/wp\/v2\/categories?post=114204"},{"taxonomy":"post_tag","embeddable":true,"href":"https:\/\/folhapopular.info\/index.php\/wp-json\/wp\/v2\/tags?post=114204"}],"curies":[{"name":"wp","href":"https:\/\/api.w.org\/{rel}","templated":true}]}}