{"id":114276,"date":"2022-10-08T08:19:01","date_gmt":"2022-10-08T11:19:01","guid":{"rendered":"https:\/\/folhapopular.info\/?p=114276"},"modified":"2022-10-08T08:19:04","modified_gmt":"2022-10-08T11:19:04","slug":"corte-de-recursos-federais-para-assistencia-social-mobiliza-gestores-do-vale","status":"publish","type":"post","link":"https:\/\/folhapopular.info\/index.php\/2022\/10\/08\/corte-de-recursos-federais-para-assistencia-social-mobiliza-gestores-do-vale\/","title":{"rendered":"Corte de recursos federais para assist\u00eancia social mobiliza gestores do Vale"},"content":{"rendered":"\n<p>Os gestores de assist\u00eancia social do Vale do Taquari decidiram iniciar uma mobiliza\u00e7\u00e3o durante encontro na Prefeitura de Encantado, na quinta-feira (6\/10). Com apoio dos Conselhos Municipais de Direitos, vereadores e prefeitos, os dirigentes defendem a suplementa\u00e7\u00e3o na proposta or\u00e7ament\u00e1ria da Uni\u00e3o de 2023, que prev\u00ea uma redu\u00e7\u00e3o de cerca de R$ 2,5 bilh\u00f5es destinados aos munic\u00edpios para a Pol\u00edtica de Assist\u00eancia Social.<\/p>\n\n\n\n<p>Os cortes, conforme proposta que tramita na C\u00e2mara dos Deputados, \u00e9 de R$ 607 milh\u00f5es para as a\u00e7\u00f5es de Prote\u00e7\u00e3o Social B\u00e1sica; R$ 311 milh\u00f5es para a\u00e7\u00f5es de Prote\u00e7\u00e3o Social Especial e de R$ 1,6 bilh\u00e3o para a Estrutura\u00e7\u00e3o da Rede de Servi\u00e7os do Sistema \u00danico de Assist\u00eancia Social.<\/p>\n\n\n\n<p>As informa\u00e7\u00f5es constam de documento enviado pela Famurs ao presidente da Comiss\u00e3o Mista de Planos, Or\u00e7amentos P\u00fablicos e Fiscaliza\u00e7\u00e3o da C\u00e2mara. Nele, a entidade e o Colegiado Estadual de Gestores Municipais de Assist\u00eancia Social (Coegemas\/RS) consideram a proposta or\u00e7ament\u00e1ria federal para 2023, para a assist\u00eancia social, \u201cvergonhosa e inaceit\u00e1vel\u201d e ressaltam que os cortes v\u00e3o sobrecarregar os munic\u00edpios, que ter\u00e3o dificuldades para atender a popula\u00e7\u00e3o.<\/p>\n\n\n\n<p>Ainda de acordo com o documento da Famurs, o governo federal n\u00e3o est\u00e1 cumprindo com as compet\u00eancias da gest\u00e3o compartilhada entre os entes no que se refere ao financiamento das a\u00e7\u00f5es e servi\u00e7os do Sistema \u00danico de Assist\u00eancia Social (SUAS). Em consequ\u00eancia, \u201cos munic\u00edpios v\u00eam arcando sozinhos com a responsabilidade da prote\u00e7\u00e3o social, n\u00e3o tendo mais condi\u00e7\u00f5es financeiras de faz\u00ea-lo\u201d.<\/p>\n\n\n\n<p>\u201c\u00c9 preciso que haja mobiliza\u00e7\u00e3o de todos em defesa de suplementa\u00e7\u00e3o imediata do or\u00e7amento de 2023\u201d, refor\u00e7a a secret\u00e1ria da Sa\u00fade, Assist\u00eancia Social e Habita\u00e7\u00e3o de Colinas, Angelita Herrmann. Segundo ela, n\u00e3o h\u00e1 um levantamento sobre valores que os munic\u00edpios do Vale deixar\u00e3o de receber, mas estima-se cortes superiores a 95% no financiamento federal.<\/p>\n\n\n\n<p>Os gestores tamb\u00e9m discutiram outras pautas, como: apresenta\u00e7\u00e3o do diagn\u00f3stico de estruturas municipais do SUAS na regi\u00e3o; estrat\u00e9gias para fortalecimento da pol\u00edtica de assist\u00eancia social e as demandas da reuni\u00e3o do colegiado estadual. A pr\u00f3xima reuni\u00e3o foi agendada para o dia 4 de novembro, no munic\u00edpio de Marques de Souza.<\/p>\n","protected":false},"excerpt":{"rendered":"<p>Os gestores de assist\u00eancia social do Vale do Taquari decidiram iniciar uma mobiliza\u00e7\u00e3o durante encontro na Prefeitura de Encantado, na quinta-feira (6\/10). Com apoio dos Conselhos Municipais de Direitos, vereadores e prefeitos, os dirigentes defendem a suplementa\u00e7\u00e3o na proposta or\u00e7ament\u00e1ria da Uni\u00e3o de 2023, que prev\u00ea uma redu\u00e7\u00e3o de cerca de R$ 2,5 bilh\u00f5es destinados [&hellip;]<\/p>\n","protected":false},"author":8,"featured_media":114277,"comment_status":"open","ping_status":"open","sticky":false,"template":"","format":"standard","meta":{"pmpro_default_level":"","_jetpack_memberships_contains_paid_content":false,"footnotes":""},"categories":[2,3],"tags":[35,10102,327,156],"class_list":{"0":"post-114276","1":"post","2":"type-post","3":"status-publish","4":"format-standard","5":"has-post-thumbnail","7":"category-featured","8":"category-geral","9":"tag-assistencia-social","10":"tag-gestores","11":"tag-recursos","12":"tag-vale-do-taquari","13":"pmpro-has-access"},"yoast_head":"<!-- This site is optimized with the Yoast SEO plugin v27.5 - https:\/\/yoast.com\/product\/yoast-seo-wordpress\/ -->\n<title>Corte de recursos federais para assist\u00eancia social mobiliza gestores do Vale - Folha Popular<\/title>\n<meta name=\"robots\" content=\"index, follow, max-snippet:-1, max-image-preview:large, max-video-preview:-1\" \/>\n<link rel=\"canonical\" href=\"https:\/\/folhapopular.info\/index.php\/2022\/10\/08\/corte-de-recursos-federais-para-assistencia-social-mobiliza-gestores-do-vale\/\" \/>\n<meta property=\"og:locale\" content=\"pt_BR\" \/>\n<meta property=\"og:type\" content=\"article\" \/>\n<meta property=\"og:title\" content=\"Corte de recursos federais para assist\u00eancia social mobiliza gestores do Vale - Folha Popular\" \/>\n<meta property=\"og:description\" content=\"Os gestores de assist\u00eancia social do Vale do Taquari decidiram iniciar uma mobiliza\u00e7\u00e3o durante encontro na Prefeitura de Encantado, na quinta-feira (6\/10). Com apoio dos Conselhos Municipais de Direitos, vereadores e prefeitos, os dirigentes defendem a suplementa\u00e7\u00e3o na proposta or\u00e7ament\u00e1ria da Uni\u00e3o de 2023, que prev\u00ea uma redu\u00e7\u00e3o de cerca de R$ 2,5 bilh\u00f5es destinados [&hellip;]\" \/>\n<meta property=\"og:url\" content=\"https:\/\/folhapopular.info\/index.php\/2022\/10\/08\/corte-de-recursos-federais-para-assistencia-social-mobiliza-gestores-do-vale\/\" \/>\n<meta property=\"og:site_name\" content=\"Folha Popular\" \/>\n<meta property=\"article:published_time\" content=\"2022-10-08T11:19:01+00:00\" \/>\n<meta property=\"article:modified_time\" content=\"2022-10-08T11:19:04+00:00\" \/>\n<meta property=\"og:image\" content=\"http:\/\/folhapopular.info\/wp-content\/uploads\/2022\/10\/Reuniao-gestores-de-assistencia-social_credito-Prefeitura-de-Encantado-e1665227910330.jpg\" \/>\n\t<meta property=\"og:image:width\" content=\"1200\" \/>\n\t<meta property=\"og:image:height\" content=\"900\" \/>\n\t<meta property=\"og:image:type\" content=\"image\/jpeg\" \/>\n<meta name=\"author\" content=\"Reda\u00e7\u00e3o Folha Popular\" \/>\n<meta name=\"twitter:card\" content=\"summary_large_image\" \/>\n<meta name=\"twitter:label1\" content=\"Escrito por\" \/>\n\t<meta name=\"twitter:data1\" content=\"Reda\u00e7\u00e3o Folha Popular\" \/>\n\t<meta name=\"twitter:label2\" content=\"Est. tempo de leitura\" \/>\n\t<meta name=\"twitter:data2\" content=\"2 minutos\" \/>\n<script type=\"application\/ld+json\" class=\"yoast-schema-graph\">{\"@context\":\"https:\\\/\\\/schema.org\",\"@graph\":[{\"@type\":\"Article\",\"@id\":\"https:\\\/\\\/folhapopular.info\\\/index.php\\\/2022\\\/10\\\/08\\\/corte-de-recursos-federais-para-assistencia-social-mobiliza-gestores-do-vale\\\/#article\",\"isPartOf\":{\"@id\":\"https:\\\/\\\/folhapopular.info\\\/index.php\\\/2022\\\/10\\\/08\\\/corte-de-recursos-federais-para-assistencia-social-mobiliza-gestores-do-vale\\\/\"},\"author\":{\"name\":\"Reda\u00e7\u00e3o Folha Popular\",\"@id\":\"https:\\\/\\\/folhapopular.info\\\/#\\\/schema\\\/person\\\/2814e8a0df7643585a9ca38bc6eb9d4b\"},\"headline\":\"Corte de recursos federais para assist\u00eancia social mobiliza gestores do Vale\",\"datePublished\":\"2022-10-08T11:19:01+00:00\",\"dateModified\":\"2022-10-08T11:19:04+00:00\",\"mainEntityOfPage\":{\"@id\":\"https:\\\/\\\/folhapopular.info\\\/index.php\\\/2022\\\/10\\\/08\\\/corte-de-recursos-federais-para-assistencia-social-mobiliza-gestores-do-vale\\\/\"},\"wordCount\":415,\"commentCount\":0,\"image\":{\"@id\":\"https:\\\/\\\/folhapopular.info\\\/index.php\\\/2022\\\/10\\\/08\\\/corte-de-recursos-federais-para-assistencia-social-mobiliza-gestores-do-vale\\\/#primaryimage\"},\"thumbnailUrl\":\"https:\\\/\\\/folhapopular.info\\\/wp-content\\\/uploads\\\/2022\\\/10\\\/Reuniao-gestores-de-assistencia-social_credito-Prefeitura-de-Encantado-e1665227910330.jpg\",\"keywords\":[\"Assist\u00eancia Social\",\"Gestores\",\"Recursos\",\"Vale do Taquari\"],\"articleSection\":[\"Destaques\",\"Geral\"],\"inLanguage\":\"pt-BR\",\"potentialAction\":[{\"@type\":\"CommentAction\",\"name\":\"Comment\",\"target\":[\"https:\\\/\\\/folhapopular.info\\\/index.php\\\/2022\\\/10\\\/08\\\/corte-de-recursos-federais-para-assistencia-social-mobiliza-gestores-do-vale\\\/#respond\"]}]},{\"@type\":\"WebPage\",\"@id\":\"https:\\\/\\\/folhapopular.info\\\/index.php\\\/2022\\\/10\\\/08\\\/corte-de-recursos-federais-para-assistencia-social-mobiliza-gestores-do-vale\\\/\",\"url\":\"https:\\\/\\\/folhapopular.info\\\/index.php\\\/2022\\\/10\\\/08\\\/corte-de-recursos-federais-para-assistencia-social-mobiliza-gestores-do-vale\\\/\",\"name\":\"Corte de recursos federais para assist\u00eancia social mobiliza gestores do Vale - Folha Popular\",\"isPartOf\":{\"@id\":\"https:\\\/\\\/folhapopular.info\\\/#website\"},\"primaryImageOfPage\":{\"@id\":\"https:\\\/\\\/folhapopular.info\\\/index.php\\\/2022\\\/10\\\/08\\\/corte-de-recursos-federais-para-assistencia-social-mobiliza-gestores-do-vale\\\/#primaryimage\"},\"image\":{\"@id\":\"https:\\\/\\\/folhapopular.info\\\/index.php\\\/2022\\\/10\\\/08\\\/corte-de-recursos-federais-para-assistencia-social-mobiliza-gestores-do-vale\\\/#primaryimage\"},\"thumbnailUrl\":\"https:\\\/\\\/folhapopular.info\\\/wp-content\\\/uploads\\\/2022\\\/10\\\/Reuniao-gestores-de-assistencia-social_credito-Prefeitura-de-Encantado-e1665227910330.jpg\",\"datePublished\":\"2022-10-08T11:19:01+00:00\",\"dateModified\":\"2022-10-08T11:19:04+00:00\",\"author\":{\"@id\":\"https:\\\/\\\/folhapopular.info\\\/#\\\/schema\\\/person\\\/2814e8a0df7643585a9ca38bc6eb9d4b\"},\"breadcrumb\":{\"@id\":\"https:\\\/\\\/folhapopular.info\\\/index.php\\\/2022\\\/10\\\/08\\\/corte-de-recursos-federais-para-assistencia-social-mobiliza-gestores-do-vale\\\/#breadcrumb\"},\"inLanguage\":\"pt-BR\",\"potentialAction\":[{\"@type\":\"ReadAction\",\"target\":[\"https:\\\/\\\/folhapopular.info\\\/index.php\\\/2022\\\/10\\\/08\\\/corte-de-recursos-federais-para-assistencia-social-mobiliza-gestores-do-vale\\\/\"]}]},{\"@type\":\"ImageObject\",\"inLanguage\":\"pt-BR\",\"@id\":\"https:\\\/\\\/folhapopular.info\\\/index.php\\\/2022\\\/10\\\/08\\\/corte-de-recursos-federais-para-assistencia-social-mobiliza-gestores-do-vale\\\/#primaryimage\",\"url\":\"https:\\\/\\\/folhapopular.info\\\/wp-content\\\/uploads\\\/2022\\\/10\\\/Reuniao-gestores-de-assistencia-social_credito-Prefeitura-de-Encantado-e1665227910330.jpg\",\"contentUrl\":\"https:\\\/\\\/folhapopular.info\\\/wp-content\\\/uploads\\\/2022\\\/10\\\/Reuniao-gestores-de-assistencia-social_credito-Prefeitura-de-Encantado-e1665227910330.jpg\",\"width\":1200,\"height\":900,\"caption\":\"Gestores v\u00e3o iniciar mobiliza\u00e7\u00e3o para evitar corte de verbas federais aos munic\u00edpios em 2023 \\\/ Cr\u00e9dito: AI Encantado \\\/ Divulga\u00e7\u00e3o\"},{\"@type\":\"BreadcrumbList\",\"@id\":\"https:\\\/\\\/folhapopular.info\\\/index.php\\\/2022\\\/10\\\/08\\\/corte-de-recursos-federais-para-assistencia-social-mobiliza-gestores-do-vale\\\/#breadcrumb\",\"itemListElement\":[{\"@type\":\"ListItem\",\"position\":1,\"name\":\"In\u00edcio\",\"item\":\"https:\\\/\\\/folhapopular.info\\\/\"},{\"@type\":\"ListItem\",\"position\":2,\"name\":\"Corte de recursos federais para assist\u00eancia social mobiliza gestores do Vale\"}]},{\"@type\":\"WebSite\",\"@id\":\"https:\\\/\\\/folhapopular.info\\\/#website\",\"url\":\"https:\\\/\\\/folhapopular.info\\\/\",\"name\":\"Folha Popular\",\"description\":\"Onde voc\u00ea tem vez e voz\",\"potentialAction\":[{\"@type\":\"SearchAction\",\"target\":{\"@type\":\"EntryPoint\",\"urlTemplate\":\"https:\\\/\\\/folhapopular.info\\\/?s={search_term_string}\"},\"query-input\":{\"@type\":\"PropertyValueSpecification\",\"valueRequired\":true,\"valueName\":\"search_term_string\"}}],\"inLanguage\":\"pt-BR\"},{\"@type\":\"Person\",\"@id\":\"https:\\\/\\\/folhapopular.info\\\/#\\\/schema\\\/person\\\/2814e8a0df7643585a9ca38bc6eb9d4b\",\"name\":\"Reda\u00e7\u00e3o Folha Popular\",\"image\":{\"@type\":\"ImageObject\",\"inLanguage\":\"pt-BR\",\"@id\":\"https:\\\/\\\/folhapopular.info\\\/wp-content\\\/uploads\\\/2026\\\/04\\\/Folha-1.webp\",\"url\":\"https:\\\/\\\/folhapopular.info\\\/wp-content\\\/uploads\\\/2026\\\/04\\\/Folha-1.webp\",\"contentUrl\":\"https:\\\/\\\/folhapopular.info\\\/wp-content\\\/uploads\\\/2026\\\/04\\\/Folha-1.webp\",\"caption\":\"Reda\u00e7\u00e3o Folha Popular\"},\"url\":\"https:\\\/\\\/folhapopular.info\\\/index.php\\\/author\\\/redacao\\\/\"}]}<\/script>\n<!-- \/ Yoast SEO plugin. -->","yoast_head_json":{"title":"Corte de recursos federais para assist\u00eancia social mobiliza gestores do Vale - Folha Popular","robots":{"index":"index","follow":"follow","max-snippet":"max-snippet:-1","max-image-preview":"max-image-preview:large","max-video-preview":"max-video-preview:-1"},"canonical":"https:\/\/folhapopular.info\/index.php\/2022\/10\/08\/corte-de-recursos-federais-para-assistencia-social-mobiliza-gestores-do-vale\/","og_locale":"pt_BR","og_type":"article","og_title":"Corte de recursos federais para assist\u00eancia social mobiliza gestores do Vale - Folha Popular","og_description":"Os gestores de assist\u00eancia social do Vale do Taquari decidiram iniciar uma mobiliza\u00e7\u00e3o durante encontro na Prefeitura de Encantado, na quinta-feira (6\/10). Com apoio dos Conselhos Municipais de Direitos, vereadores e prefeitos, os dirigentes defendem a suplementa\u00e7\u00e3o na proposta or\u00e7ament\u00e1ria da Uni\u00e3o de 2023, que prev\u00ea uma redu\u00e7\u00e3o de cerca de R$ 2,5 bilh\u00f5es destinados [&hellip;]","og_url":"https:\/\/folhapopular.info\/index.php\/2022\/10\/08\/corte-de-recursos-federais-para-assistencia-social-mobiliza-gestores-do-vale\/","og_site_name":"Folha Popular","article_published_time":"2022-10-08T11:19:01+00:00","article_modified_time":"2022-10-08T11:19:04+00:00","og_image":[{"width":1200,"height":900,"url":"http:\/\/folhapopular.info\/wp-content\/uploads\/2022\/10\/Reuniao-gestores-de-assistencia-social_credito-Prefeitura-de-Encantado-e1665227910330.jpg","type":"image\/jpeg"}],"author":"Reda\u00e7\u00e3o Folha Popular","twitter_card":"summary_large_image","twitter_misc":{"Escrito por":"Reda\u00e7\u00e3o Folha Popular","Est. tempo de leitura":"2 minutos"},"schema":{"@context":"https:\/\/schema.org","@graph":[{"@type":"Article","@id":"https:\/\/folhapopular.info\/index.php\/2022\/10\/08\/corte-de-recursos-federais-para-assistencia-social-mobiliza-gestores-do-vale\/#article","isPartOf":{"@id":"https:\/\/folhapopular.info\/index.php\/2022\/10\/08\/corte-de-recursos-federais-para-assistencia-social-mobiliza-gestores-do-vale\/"},"author":{"name":"Reda\u00e7\u00e3o Folha Popular","@id":"https:\/\/folhapopular.info\/#\/schema\/person\/2814e8a0df7643585a9ca38bc6eb9d4b"},"headline":"Corte de recursos federais para assist\u00eancia social mobiliza gestores do Vale","datePublished":"2022-10-08T11:19:01+00:00","dateModified":"2022-10-08T11:19:04+00:00","mainEntityOfPage":{"@id":"https:\/\/folhapopular.info\/index.php\/2022\/10\/08\/corte-de-recursos-federais-para-assistencia-social-mobiliza-gestores-do-vale\/"},"wordCount":415,"commentCount":0,"image":{"@id":"https:\/\/folhapopular.info\/index.php\/2022\/10\/08\/corte-de-recursos-federais-para-assistencia-social-mobiliza-gestores-do-vale\/#primaryimage"},"thumbnailUrl":"https:\/\/folhapopular.info\/wp-content\/uploads\/2022\/10\/Reuniao-gestores-de-assistencia-social_credito-Prefeitura-de-Encantado-e1665227910330.jpg","keywords":["Assist\u00eancia Social","Gestores","Recursos","Vale do Taquari"],"articleSection":["Destaques","Geral"],"inLanguage":"pt-BR","potentialAction":[{"@type":"CommentAction","name":"Comment","target":["https:\/\/folhapopular.info\/index.php\/2022\/10\/08\/corte-de-recursos-federais-para-assistencia-social-mobiliza-gestores-do-vale\/#respond"]}]},{"@type":"WebPage","@id":"https:\/\/folhapopular.info\/index.php\/2022\/10\/08\/corte-de-recursos-federais-para-assistencia-social-mobiliza-gestores-do-vale\/","url":"https:\/\/folhapopular.info\/index.php\/2022\/10\/08\/corte-de-recursos-federais-para-assistencia-social-mobiliza-gestores-do-vale\/","name":"Corte de recursos federais para assist\u00eancia social mobiliza gestores do Vale - Folha Popular","isPartOf":{"@id":"https:\/\/folhapopular.info\/#website"},"primaryImageOfPage":{"@id":"https:\/\/folhapopular.info\/index.php\/2022\/10\/08\/corte-de-recursos-federais-para-assistencia-social-mobiliza-gestores-do-vale\/#primaryimage"},"image":{"@id":"https:\/\/folhapopular.info\/index.php\/2022\/10\/08\/corte-de-recursos-federais-para-assistencia-social-mobiliza-gestores-do-vale\/#primaryimage"},"thumbnailUrl":"https:\/\/folhapopular.info\/wp-content\/uploads\/2022\/10\/Reuniao-gestores-de-assistencia-social_credito-Prefeitura-de-Encantado-e1665227910330.jpg","datePublished":"2022-10-08T11:19:01+00:00","dateModified":"2022-10-08T11:19:04+00:00","author":{"@id":"https:\/\/folhapopular.info\/#\/schema\/person\/2814e8a0df7643585a9ca38bc6eb9d4b"},"breadcrumb":{"@id":"https:\/\/folhapopular.info\/index.php\/2022\/10\/08\/corte-de-recursos-federais-para-assistencia-social-mobiliza-gestores-do-vale\/#breadcrumb"},"inLanguage":"pt-BR","potentialAction":[{"@type":"ReadAction","target":["https:\/\/folhapopular.info\/index.php\/2022\/10\/08\/corte-de-recursos-federais-para-assistencia-social-mobiliza-gestores-do-vale\/"]}]},{"@type":"ImageObject","inLanguage":"pt-BR","@id":"https:\/\/folhapopular.info\/index.php\/2022\/10\/08\/corte-de-recursos-federais-para-assistencia-social-mobiliza-gestores-do-vale\/#primaryimage","url":"https:\/\/folhapopular.info\/wp-content\/uploads\/2022\/10\/Reuniao-gestores-de-assistencia-social_credito-Prefeitura-de-Encantado-e1665227910330.jpg","contentUrl":"https:\/\/folhapopular.info\/wp-content\/uploads\/2022\/10\/Reuniao-gestores-de-assistencia-social_credito-Prefeitura-de-Encantado-e1665227910330.jpg","width":1200,"height":900,"caption":"Gestores v\u00e3o iniciar mobiliza\u00e7\u00e3o para evitar corte de verbas federais aos munic\u00edpios em 2023 \/ Cr\u00e9dito: AI Encantado \/ Divulga\u00e7\u00e3o"},{"@type":"BreadcrumbList","@id":"https:\/\/folhapopular.info\/index.php\/2022\/10\/08\/corte-de-recursos-federais-para-assistencia-social-mobiliza-gestores-do-vale\/#breadcrumb","itemListElement":[{"@type":"ListItem","position":1,"name":"In\u00edcio","item":"https:\/\/folhapopular.info\/"},{"@type":"ListItem","position":2,"name":"Corte de recursos federais para assist\u00eancia social mobiliza gestores do Vale"}]},{"@type":"WebSite","@id":"https:\/\/folhapopular.info\/#website","url":"https:\/\/folhapopular.info\/","name":"Folha Popular","description":"Onde voc\u00ea tem vez e voz","potentialAction":[{"@type":"SearchAction","target":{"@type":"EntryPoint","urlTemplate":"https:\/\/folhapopular.info\/?s={search_term_string}"},"query-input":{"@type":"PropertyValueSpecification","valueRequired":true,"valueName":"search_term_string"}}],"inLanguage":"pt-BR"},{"@type":"Person","@id":"https:\/\/folhapopular.info\/#\/schema\/person\/2814e8a0df7643585a9ca38bc6eb9d4b","name":"Reda\u00e7\u00e3o Folha Popular","image":{"@type":"ImageObject","inLanguage":"pt-BR","@id":"https:\/\/folhapopular.info\/wp-content\/uploads\/2026\/04\/Folha-1.webp","url":"https:\/\/folhapopular.info\/wp-content\/uploads\/2026\/04\/Folha-1.webp","contentUrl":"https:\/\/folhapopular.info\/wp-content\/uploads\/2026\/04\/Folha-1.webp","caption":"Reda\u00e7\u00e3o Folha Popular"},"url":"https:\/\/folhapopular.info\/index.php\/author\/redacao\/"}]}},"jetpack_featured_media_url":"https:\/\/folhapopular.info\/wp-content\/uploads\/2022\/10\/Reuniao-gestores-de-assistencia-social_credito-Prefeitura-de-Encantado-e1665227910330.jpg","jetpack_sharing_enabled":true,"amp_enabled":true,"_links":{"self":[{"href":"https:\/\/folhapopular.info\/index.php\/wp-json\/wp\/v2\/posts\/114276","targetHints":{"allow":["GET"]}}],"collection":[{"href":"https:\/\/folhapopular.info\/index.php\/wp-json\/wp\/v2\/posts"}],"about":[{"href":"https:\/\/folhapopular.info\/index.php\/wp-json\/wp\/v2\/types\/post"}],"author":[{"embeddable":true,"href":"https:\/\/folhapopular.info\/index.php\/wp-json\/wp\/v2\/users\/8"}],"replies":[{"embeddable":true,"href":"https:\/\/folhapopular.info\/index.php\/wp-json\/wp\/v2\/comments?post=114276"}],"version-history":[{"count":0,"href":"https:\/\/folhapopular.info\/index.php\/wp-json\/wp\/v2\/posts\/114276\/revisions"}],"wp:featuredmedia":[{"embeddable":true,"href":"https:\/\/folhapopular.info\/index.php\/wp-json\/wp\/v2\/media\/114277"}],"wp:attachment":[{"href":"https:\/\/folhapopular.info\/index.php\/wp-json\/wp\/v2\/media?parent=114276"}],"wp:term":[{"taxonomy":"category","embeddable":true,"href":"https:\/\/folhapopular.info\/index.php\/wp-json\/wp\/v2\/categories?post=114276"},{"taxonomy":"post_tag","embeddable":true,"href":"https:\/\/folhapopular.info\/index.php\/wp-json\/wp\/v2\/tags?post=114276"}],"curies":[{"name":"wp","href":"https:\/\/api.w.org\/{rel}","templated":true}]}}