{"id":114483,"date":"2022-10-11T16:09:59","date_gmt":"2022-10-11T19:09:59","guid":{"rendered":"https:\/\/folhapopular.info\/?p=114483"},"modified":"2022-10-11T16:10:14","modified_gmt":"2022-10-11T19:10:14","slug":"cic-teutonia-promove-1a-convencao-atitude-on","status":"publish","type":"post","link":"https:\/\/folhapopular.info\/index.php\/2022\/10\/11\/cic-teutonia-promove-1a-convencao-atitude-on\/","title":{"rendered":"CIC Teut\u00f4nia promove 1\u00aa Conven\u00e7\u00e3o Atitude ON"},"content":{"rendered":"\n<p>A Diretoria de Com\u00e9rcio da CIC Teut\u00f4nia prepara um evento especial e diferente para o dia 8 de novembro. Se trata da 1\u00aa Conven\u00e7\u00e3o Atitude ON \u2013 \u201cNossa a\u00e7\u00e3o supera limites\u201d. A programa\u00e7\u00e3o conta com o apoio da Federasul e do Sebrae\/RS e trar\u00e1 um ciclo de palestras e apresenta\u00e7\u00f5es de cases de sucesso das 13h30 \u00e0s 19h, no Audit\u00f3rio 3 da CIC, numa tarde de muito conhecimento, troca de informa\u00e7\u00f5es, viv\u00eancias e novas oportunidades.<\/p>\n\n\n\n<p>\u201cProcuramos oportunizar ao empresariado de Teut\u00f4nia e regi\u00e3o, independente do tamanho do empreendimento, uma oportunidade de ouvir experi\u00eancias, conhecer cases e ter verdadeiras aulas que possam auxiliar no seu dia a dia e dar um direcionamento aos seus neg\u00f3cios. Isso tamb\u00e9m serve para quem est\u00e1 planejando e pensando em empreender e desenvolver algo novo, abrir seu pr\u00f3prio neg\u00f3cio\u201d, explica o vice-presidente de Com\u00e9rcio da CIC, Samuel Maders.<\/p>\n\n\n\n<p>A escolha dos palestrantes e cases a serem apresentados surgiu a partir de diversos eventos dos quais a Diretoria da entidade tem participado regularmente, procurando traz\u00ea-los para mais pr\u00f3ximo do empreendedor teutoniense. \u201cS\u00e3o experi\u00eancias como essas que abrem novos horizontes, nos fazem pensar e ver as coisas de um outro \u00e2ngulo. A inova\u00e7\u00e3o sempre vai ter o seu percentual de risco, mas eles souberam ir adiante, n\u00e3o tiveram medo, e hoje t\u00eam hist\u00f3rias para nos contar\u201d, acrescenta Maders.<\/p>\n\n\n\n<p>O evento \u00e9 dirigido tanto para o empres\u00e1rio, dono do seu neg\u00f3cio, como para os funcion\u00e1rios, que d\u00e3o a sua importante contribui\u00e7\u00e3o para o sucesso das empresas.<\/p>\n\n\n\n<p>O investimento por participante associado \u00e0 CIC Teut\u00f4nia \u00e9 de 2 x R$ 130,00. Para os demais interessados o investimento \u00e9 de R$ 350,00. Mais informa\u00e7\u00f5es e inscri\u00e7\u00f5es pelo fone (51) 3762-1233, <a href=\"vendas@cicteutonia.com.br\">e-mail<\/a> ou WhatsApp (51) 99250-1992<\/p>\n\n\n\n<p><strong>Programa\u00e7\u00e3o<\/strong><br>13h30 \u2013 Recep\u00e7\u00e3o<br>13h45 \u2013 Abertura<br>14h \u2013 Palestra \u201cUm novo mundo, uma nova vida\u201d, com Fabiano Feltrin<br>15h \u2013 Palestra \u201cPanorama econ\u00f4mico p\u00f3s-elei\u00e7\u00f5es\u201d, com Fernando Marchet<br>15h50 \u2013 Coffee Break<br>16h20 \u2013 Painel com apresenta\u00e7\u00e3o de cases de sucesso Bimachine, Quiero Caf\u00e9 e Sabores Armaz\u00e9m de Pescados<br>17h \u2013 Palestra \u201cO sucesso inspira, o fracasso ensina!\u201d, com Fl\u00e1vio Steffens<br>18h \u2013 Palestra \u201cA arte de encantar clientes\u201d, com Erik Penna<br>19h \u2013 Coffee Break e encerramento<\/p>\n\n\n\n<p><strong>Palestrantes<\/strong><br><strong>Fernando A. Marchet<\/strong> possui mais de 25 anos de atua\u00e7\u00e3o executiva no mercado financeiro e de capitais, gerenciou a Mesa de Opera\u00e7\u00f5es de Renda Fixa e Mercado Aberto da Pilla CVMC e foi diretor de investimentos e diretor financeiro do Banco Sicredi. <\/p>\n\n\n\n<p>Assumiu, posteriormente, a posi\u00e7\u00e3o de Chief Financial Officer e a vice-presid\u00eancia executiva do Grupo Sicredi, sendo respons\u00e1vel por \u00e1reas como Tesouraria, Opera\u00e7\u00f5es Estruturadas, Planejamento Financeiro e Estrat\u00e9gico, Finan\u00e7as Corporativas, Riscos de Mercado, Liquidez, Operacional e Cr\u00e9dito, Jur\u00eddico e Asset Management. <\/p>\n\n\n\n<p>Em 2014, tornou-se s\u00f3cio e assumiu a presid\u00eancia executiva das empresas do grupo Quantitas \u2013 Quantitas Asset Management S\/A, Quantitas Assessoria Financeira S\/A e Quantitas Participa\u00e7\u00f5es S\/A.<\/p>\n\n\n\n<p>Em 2018, fundou a Bateleur e assumiu a fun\u00e7\u00e3o de CEO da empresa. Foi professor de especializa\u00e7\u00e3o em Mercado de Capitais do Programa de P\u00f3s-Gradua\u00e7\u00e3o em Administra\u00e7\u00e3o da UFRGS e do MBA em Mercado de Capitais do Instituto Educacional BM&amp;FBOVESPA. ex-presidente do Instituto Brasileiro de Executivos de Finan\u00e7as (IBEF-RS) e atualmente vice-presidente e coordenador da divis\u00e3o de economia da Federasul.<\/p>\n\n\n\n<p><strong>Fl\u00e1vio Steffens<\/strong> \u00e9 palestrante, s\u00f3cio e diretor de relacionamento do site Vakinha, mentor no TecnoPUC Startups, coorganizador da FailCon Brazil, professor de P\u00f3s-Gradua\u00e7\u00e3o da La Salle Business School e criador do Bicharia, uma plataforma de crowdfunding focada na causa animal. Largou o mercado de trabalho em 2010 para se tornar empreendedor, onde aprendeu que o mundo m\u00e1gico das startups n\u00e3o era tudo aquilo que ele imaginava.<\/p>\n\n\n\n<p>Desde ent\u00e3o, tem se dedicado a disseminar a import\u00e2ncia do fracasso para os novos modelos de neg\u00f3cio e inova\u00e7\u00e3o, evitando que outros empreendedores sofram o quanto ele sofreu. Em parceria com Rafael Chanin, trouxe para o Brasil a FailCon Brazil, em 2012, o evento que quebrou paradigmas ao trazer cases de fracasso, ao inv\u00e9s de sucesso.<\/p>\n\n\n\n<p>Foi palestrante de entidades como Sebrae\/RS, CIEE-RS, PUCRS, TecnoPUC, Conselho Regional de Administra\u00e7\u00e3o (CRA-RS) e em eventos como Agile Brazil, Feira do Empreendedor, The Developer Conference (TDC), Creative Mornings, Startup Weekend e RD Summit (com p\u00fablico de 1.300 pessoas). Tamb\u00e9m realizou palestras e workshops empresariais em empresas como Banco DLL, SAP e DBServer.<\/p>\n\n\n\n<p>Fabiano Feltrin \u00e9 administrador de empresas, atual presidente do Grupo Feltrin, que controla as marcas Feltrin do setor imobili\u00e1rio, da Lisa Eventos e Entretenimento, do Centro Comercial Feltrin Giuliatto, da rede Bob\u2019s na Serra Ga\u00facha, al\u00e9m de s\u00f3cio do Hard Rock Caf\u00e9 Gramado e melhor cover de Elvis Presley da Am\u00e9rica do Sul, em concurso realizado no 2\u00ba The Sailor Elvis Contest, em 2015.<\/p>\n\n\n\n<p>Foi Presidente da Associa\u00e7\u00e3o Brasileira dos Distribuidores Ford (Abradif\/Sul) \u2013 2004\/2007, Presidente do Comit\u00ea de Vendas &amp; Marketing da Ford Brasil\/Abradif \u2013 2006, Diretor Geral da Expobento \u2013 1999\/2001, Diretor de Marketing e divulga\u00e7\u00e3o da Fenakiwi \u2013 2010\/2012, Presidente da Fenakiwi 2014, vice-prefeito de Farroupilha \u2013 2009\/2012, presidente do Conselho do Projeto M\u00e3o Amiga Farroupilha, Top de Marketing ADVB 2018 (Associa\u00e7\u00e3o dos Dirigentes de Vendas e Marketing do Brasil), eleito o Administrador do Ano pela Associa\u00e7\u00e3o dos Administradores da Regi\u00e3o Nordeste do Estado RS (AANERGS) \u2013 2019, e escolhido Prefeito Empreendedor do Sebrae pela cidade de Farroupilha \u2013 2022.<\/p>\n\n\n\n<p>Com mais de 300 palestras j\u00e1 ministradas, um verdadeiro showman desse pa\u00eds, seu objetivo \u00e9 transmitir e compartilhar seus conhecimentos, sendo um dos prazeres que lhe fazem ter motiva\u00e7\u00e3o, pois seu maior retorno \u00e9 poder melhorar a vida de algu\u00e9m.<\/p>\n\n\n\n<p><strong>Erik Penna<\/strong> \u00e9 palestrante e autor do best-seller \u201cA arte de encantar clientes \u2013 5 passos para atender com excel\u00eancia e impulsionar os neg\u00f3cios\u201d. \u00c9 o autor brasileiro mais vendido na Amazon na categoria \u201cAtendimento ao cliente\u201d e 1\u00ba lugar no Brasil no Google em termo \u201cpalestrante em excel\u00eancia no atendimento\u201d.<\/p>\n\n\n\n<p>\u00c9 refer\u00eancia nacional nos temas \u201cvendas e motiva\u00e7\u00e3o\u201d, j\u00e1 proferiu mais de 1.500 palestras no Brasil e no exterior, para p\u00fablico que supera as 500 mil pessoas. Na TV Globo \u00e9 Especialista no \u201c\u00c9 de Casa\u201d e \u201cEmpreender\u201d. Em 19 anos de experi\u00eancia, \u00e9 autor de seis livros. Tamb\u00e9m apresenta a palestra-show \u201cVendas e motiva\u00e7\u00e3o no Natal.<\/p>\n","protected":false},"excerpt":{"rendered":"<p>A Diretoria de Com\u00e9rcio da CIC Teut\u00f4nia prepara um evento especial e diferente para o dia 8 de novembro. Se trata da 1\u00aa Conven\u00e7\u00e3o Atitude ON \u2013 \u201cNossa a\u00e7\u00e3o supera limites\u201d. A programa\u00e7\u00e3o conta com o apoio da Federasul e do Sebrae\/RS e trar\u00e1 um ciclo de palestras e apresenta\u00e7\u00f5es de cases de sucesso das [&hellip;]<\/p>\n","protected":false},"author":8,"featured_media":114490,"comment_status":"open","ping_status":"open","sticky":false,"template":"","format":"standard","meta":{"pmpro_default_level":"","_jetpack_memberships_contains_paid_content":false,"footnotes":""},"categories":[2,3],"tags":[178,6466,783,45,3123,26],"class_list":{"0":"post-114483","1":"post","2":"type-post","3":"status-publish","4":"format-standard","5":"has-post-thumbnail","7":"category-featured","8":"category-geral","9":"tag-cic-teutonia","10":"tag-evento","11":"tag-federasul","12":"tag-palestra","13":"tag-sebrae","14":"tag-teutonia","15":"pmpro-has-access"},"yoast_head":"<!-- This site is optimized with the Yoast SEO plugin v27.5 - https:\/\/yoast.com\/product\/yoast-seo-wordpress\/ -->\n<title>CIC Teut\u00f4nia promove 1\u00aa Conven\u00e7\u00e3o Atitude ON - Folha Popular<\/title>\n<meta name=\"robots\" content=\"index, follow, max-snippet:-1, max-image-preview:large, max-video-preview:-1\" \/>\n<link rel=\"canonical\" href=\"https:\/\/folhapopular.info\/index.php\/2022\/10\/11\/cic-teutonia-promove-1a-convencao-atitude-on\/\" \/>\n<meta property=\"og:locale\" content=\"pt_BR\" \/>\n<meta property=\"og:type\" content=\"article\" \/>\n<meta property=\"og:title\" content=\"CIC Teut\u00f4nia promove 1\u00aa Conven\u00e7\u00e3o Atitude ON - Folha Popular\" \/>\n<meta property=\"og:description\" content=\"A Diretoria de Com\u00e9rcio da CIC Teut\u00f4nia prepara um evento especial e diferente para o dia 8 de novembro. Se trata da 1\u00aa Conven\u00e7\u00e3o Atitude ON \u2013 \u201cNossa a\u00e7\u00e3o supera limites\u201d. A programa\u00e7\u00e3o conta com o apoio da Federasul e do Sebrae\/RS e trar\u00e1 um ciclo de palestras e apresenta\u00e7\u00f5es de cases de sucesso das [&hellip;]\" \/>\n<meta property=\"og:url\" content=\"https:\/\/folhapopular.info\/index.php\/2022\/10\/11\/cic-teutonia-promove-1a-convencao-atitude-on\/\" \/>\n<meta property=\"og:site_name\" content=\"Folha Popular\" \/>\n<meta property=\"article:published_time\" content=\"2022-10-11T19:09:59+00:00\" \/>\n<meta property=\"article:modified_time\" content=\"2022-10-11T19:10:14+00:00\" \/>\n<meta property=\"og:image\" content=\"http:\/\/folhapopular.info\/wp-content\/uploads\/2022\/10\/convencao-atitude-on-e1665515391830.jpg\" \/>\n\t<meta property=\"og:image:width\" content=\"800\" \/>\n\t<meta property=\"og:image:height\" content=\"554\" \/>\n\t<meta property=\"og:image:type\" content=\"image\/jpeg\" \/>\n<meta name=\"author\" content=\"Reda\u00e7\u00e3o Folha Popular\" \/>\n<meta name=\"twitter:card\" content=\"summary_large_image\" \/>\n<meta name=\"twitter:label1\" content=\"Escrito por\" \/>\n\t<meta name=\"twitter:data1\" content=\"Reda\u00e7\u00e3o Folha Popular\" \/>\n\t<meta name=\"twitter:label2\" content=\"Est. tempo de leitura\" \/>\n\t<meta name=\"twitter:data2\" content=\"6 minutos\" \/>\n<script type=\"application\/ld+json\" class=\"yoast-schema-graph\">{\"@context\":\"https:\\\/\\\/schema.org\",\"@graph\":[{\"@type\":\"Article\",\"@id\":\"https:\\\/\\\/folhapopular.info\\\/index.php\\\/2022\\\/10\\\/11\\\/cic-teutonia-promove-1a-convencao-atitude-on\\\/#article\",\"isPartOf\":{\"@id\":\"https:\\\/\\\/folhapopular.info\\\/index.php\\\/2022\\\/10\\\/11\\\/cic-teutonia-promove-1a-convencao-atitude-on\\\/\"},\"author\":{\"name\":\"Reda\u00e7\u00e3o Folha Popular\",\"@id\":\"https:\\\/\\\/folhapopular.info\\\/#\\\/schema\\\/person\\\/2814e8a0df7643585a9ca38bc6eb9d4b\"},\"headline\":\"CIC Teut\u00f4nia promove 1\u00aa Conven\u00e7\u00e3o Atitude ON\",\"datePublished\":\"2022-10-11T19:09:59+00:00\",\"dateModified\":\"2022-10-11T19:10:14+00:00\",\"mainEntityOfPage\":{\"@id\":\"https:\\\/\\\/folhapopular.info\\\/index.php\\\/2022\\\/10\\\/11\\\/cic-teutonia-promove-1a-convencao-atitude-on\\\/\"},\"wordCount\":1070,\"commentCount\":0,\"image\":{\"@id\":\"https:\\\/\\\/folhapopular.info\\\/index.php\\\/2022\\\/10\\\/11\\\/cic-teutonia-promove-1a-convencao-atitude-on\\\/#primaryimage\"},\"thumbnailUrl\":\"https:\\\/\\\/folhapopular.info\\\/wp-content\\\/uploads\\\/2022\\\/10\\\/convencao-atitude-on-e1665515391830.jpg\",\"keywords\":[\"CIC Teut\u00f4nia\",\"Evento\",\"Federasul\",\"palestra\",\"Sebrae\",\"Teut\u00f4nia\"],\"articleSection\":[\"Destaques\",\"Geral\"],\"inLanguage\":\"pt-BR\",\"potentialAction\":[{\"@type\":\"CommentAction\",\"name\":\"Comment\",\"target\":[\"https:\\\/\\\/folhapopular.info\\\/index.php\\\/2022\\\/10\\\/11\\\/cic-teutonia-promove-1a-convencao-atitude-on\\\/#respond\"]}]},{\"@type\":\"WebPage\",\"@id\":\"https:\\\/\\\/folhapopular.info\\\/index.php\\\/2022\\\/10\\\/11\\\/cic-teutonia-promove-1a-convencao-atitude-on\\\/\",\"url\":\"https:\\\/\\\/folhapopular.info\\\/index.php\\\/2022\\\/10\\\/11\\\/cic-teutonia-promove-1a-convencao-atitude-on\\\/\",\"name\":\"CIC Teut\u00f4nia promove 1\u00aa Conven\u00e7\u00e3o Atitude ON - Folha Popular\",\"isPartOf\":{\"@id\":\"https:\\\/\\\/folhapopular.info\\\/#website\"},\"primaryImageOfPage\":{\"@id\":\"https:\\\/\\\/folhapopular.info\\\/index.php\\\/2022\\\/10\\\/11\\\/cic-teutonia-promove-1a-convencao-atitude-on\\\/#primaryimage\"},\"image\":{\"@id\":\"https:\\\/\\\/folhapopular.info\\\/index.php\\\/2022\\\/10\\\/11\\\/cic-teutonia-promove-1a-convencao-atitude-on\\\/#primaryimage\"},\"thumbnailUrl\":\"https:\\\/\\\/folhapopular.info\\\/wp-content\\\/uploads\\\/2022\\\/10\\\/convencao-atitude-on-e1665515391830.jpg\",\"datePublished\":\"2022-10-11T19:09:59+00:00\",\"dateModified\":\"2022-10-11T19:10:14+00:00\",\"author\":{\"@id\":\"https:\\\/\\\/folhapopular.info\\\/#\\\/schema\\\/person\\\/2814e8a0df7643585a9ca38bc6eb9d4b\"},\"breadcrumb\":{\"@id\":\"https:\\\/\\\/folhapopular.info\\\/index.php\\\/2022\\\/10\\\/11\\\/cic-teutonia-promove-1a-convencao-atitude-on\\\/#breadcrumb\"},\"inLanguage\":\"pt-BR\",\"potentialAction\":[{\"@type\":\"ReadAction\",\"target\":[\"https:\\\/\\\/folhapopular.info\\\/index.php\\\/2022\\\/10\\\/11\\\/cic-teutonia-promove-1a-convencao-atitude-on\\\/\"]}]},{\"@type\":\"ImageObject\",\"inLanguage\":\"pt-BR\",\"@id\":\"https:\\\/\\\/folhapopular.info\\\/index.php\\\/2022\\\/10\\\/11\\\/cic-teutonia-promove-1a-convencao-atitude-on\\\/#primaryimage\",\"url\":\"https:\\\/\\\/folhapopular.info\\\/wp-content\\\/uploads\\\/2022\\\/10\\\/convencao-atitude-on-e1665515391830.jpg\",\"contentUrl\":\"https:\\\/\\\/folhapopular.info\\\/wp-content\\\/uploads\\\/2022\\\/10\\\/convencao-atitude-on-e1665515391830.jpg\",\"width\":800,\"height\":554,\"caption\":\"Cr\u00e9dito: Divulga\u00e7\u00e3o\"},{\"@type\":\"BreadcrumbList\",\"@id\":\"https:\\\/\\\/folhapopular.info\\\/index.php\\\/2022\\\/10\\\/11\\\/cic-teutonia-promove-1a-convencao-atitude-on\\\/#breadcrumb\",\"itemListElement\":[{\"@type\":\"ListItem\",\"position\":1,\"name\":\"In\u00edcio\",\"item\":\"https:\\\/\\\/folhapopular.info\\\/\"},{\"@type\":\"ListItem\",\"position\":2,\"name\":\"CIC Teut\u00f4nia promove 1\u00aa Conven\u00e7\u00e3o Atitude ON\"}]},{\"@type\":\"WebSite\",\"@id\":\"https:\\\/\\\/folhapopular.info\\\/#website\",\"url\":\"https:\\\/\\\/folhapopular.info\\\/\",\"name\":\"Folha Popular\",\"description\":\"Onde voc\u00ea tem vez e voz\",\"potentialAction\":[{\"@type\":\"SearchAction\",\"target\":{\"@type\":\"EntryPoint\",\"urlTemplate\":\"https:\\\/\\\/folhapopular.info\\\/?s={search_term_string}\"},\"query-input\":{\"@type\":\"PropertyValueSpecification\",\"valueRequired\":true,\"valueName\":\"search_term_string\"}}],\"inLanguage\":\"pt-BR\"},{\"@type\":\"Person\",\"@id\":\"https:\\\/\\\/folhapopular.info\\\/#\\\/schema\\\/person\\\/2814e8a0df7643585a9ca38bc6eb9d4b\",\"name\":\"Reda\u00e7\u00e3o Folha Popular\",\"image\":{\"@type\":\"ImageObject\",\"inLanguage\":\"pt-BR\",\"@id\":\"https:\\\/\\\/folhapopular.info\\\/wp-content\\\/uploads\\\/2026\\\/04\\\/Folha-1.webp\",\"url\":\"https:\\\/\\\/folhapopular.info\\\/wp-content\\\/uploads\\\/2026\\\/04\\\/Folha-1.webp\",\"contentUrl\":\"https:\\\/\\\/folhapopular.info\\\/wp-content\\\/uploads\\\/2026\\\/04\\\/Folha-1.webp\",\"caption\":\"Reda\u00e7\u00e3o Folha Popular\"},\"url\":\"https:\\\/\\\/folhapopular.info\\\/index.php\\\/author\\\/redacao\\\/\"}]}<\/script>\n<!-- \/ Yoast SEO plugin. -->","yoast_head_json":{"title":"CIC Teut\u00f4nia promove 1\u00aa Conven\u00e7\u00e3o Atitude ON - Folha Popular","robots":{"index":"index","follow":"follow","max-snippet":"max-snippet:-1","max-image-preview":"max-image-preview:large","max-video-preview":"max-video-preview:-1"},"canonical":"https:\/\/folhapopular.info\/index.php\/2022\/10\/11\/cic-teutonia-promove-1a-convencao-atitude-on\/","og_locale":"pt_BR","og_type":"article","og_title":"CIC Teut\u00f4nia promove 1\u00aa Conven\u00e7\u00e3o Atitude ON - Folha Popular","og_description":"A Diretoria de Com\u00e9rcio da CIC Teut\u00f4nia prepara um evento especial e diferente para o dia 8 de novembro. Se trata da 1\u00aa Conven\u00e7\u00e3o Atitude ON \u2013 \u201cNossa a\u00e7\u00e3o supera limites\u201d. A programa\u00e7\u00e3o conta com o apoio da Federasul e do Sebrae\/RS e trar\u00e1 um ciclo de palestras e apresenta\u00e7\u00f5es de cases de sucesso das [&hellip;]","og_url":"https:\/\/folhapopular.info\/index.php\/2022\/10\/11\/cic-teutonia-promove-1a-convencao-atitude-on\/","og_site_name":"Folha Popular","article_published_time":"2022-10-11T19:09:59+00:00","article_modified_time":"2022-10-11T19:10:14+00:00","og_image":[{"width":800,"height":554,"url":"http:\/\/folhapopular.info\/wp-content\/uploads\/2022\/10\/convencao-atitude-on-e1665515391830.jpg","type":"image\/jpeg"}],"author":"Reda\u00e7\u00e3o Folha Popular","twitter_card":"summary_large_image","twitter_misc":{"Escrito por":"Reda\u00e7\u00e3o Folha Popular","Est. tempo de leitura":"6 minutos"},"schema":{"@context":"https:\/\/schema.org","@graph":[{"@type":"Article","@id":"https:\/\/folhapopular.info\/index.php\/2022\/10\/11\/cic-teutonia-promove-1a-convencao-atitude-on\/#article","isPartOf":{"@id":"https:\/\/folhapopular.info\/index.php\/2022\/10\/11\/cic-teutonia-promove-1a-convencao-atitude-on\/"},"author":{"name":"Reda\u00e7\u00e3o Folha Popular","@id":"https:\/\/folhapopular.info\/#\/schema\/person\/2814e8a0df7643585a9ca38bc6eb9d4b"},"headline":"CIC Teut\u00f4nia promove 1\u00aa Conven\u00e7\u00e3o Atitude ON","datePublished":"2022-10-11T19:09:59+00:00","dateModified":"2022-10-11T19:10:14+00:00","mainEntityOfPage":{"@id":"https:\/\/folhapopular.info\/index.php\/2022\/10\/11\/cic-teutonia-promove-1a-convencao-atitude-on\/"},"wordCount":1070,"commentCount":0,"image":{"@id":"https:\/\/folhapopular.info\/index.php\/2022\/10\/11\/cic-teutonia-promove-1a-convencao-atitude-on\/#primaryimage"},"thumbnailUrl":"https:\/\/folhapopular.info\/wp-content\/uploads\/2022\/10\/convencao-atitude-on-e1665515391830.jpg","keywords":["CIC Teut\u00f4nia","Evento","Federasul","palestra","Sebrae","Teut\u00f4nia"],"articleSection":["Destaques","Geral"],"inLanguage":"pt-BR","potentialAction":[{"@type":"CommentAction","name":"Comment","target":["https:\/\/folhapopular.info\/index.php\/2022\/10\/11\/cic-teutonia-promove-1a-convencao-atitude-on\/#respond"]}]},{"@type":"WebPage","@id":"https:\/\/folhapopular.info\/index.php\/2022\/10\/11\/cic-teutonia-promove-1a-convencao-atitude-on\/","url":"https:\/\/folhapopular.info\/index.php\/2022\/10\/11\/cic-teutonia-promove-1a-convencao-atitude-on\/","name":"CIC Teut\u00f4nia promove 1\u00aa Conven\u00e7\u00e3o Atitude ON - Folha Popular","isPartOf":{"@id":"https:\/\/folhapopular.info\/#website"},"primaryImageOfPage":{"@id":"https:\/\/folhapopular.info\/index.php\/2022\/10\/11\/cic-teutonia-promove-1a-convencao-atitude-on\/#primaryimage"},"image":{"@id":"https:\/\/folhapopular.info\/index.php\/2022\/10\/11\/cic-teutonia-promove-1a-convencao-atitude-on\/#primaryimage"},"thumbnailUrl":"https:\/\/folhapopular.info\/wp-content\/uploads\/2022\/10\/convencao-atitude-on-e1665515391830.jpg","datePublished":"2022-10-11T19:09:59+00:00","dateModified":"2022-10-11T19:10:14+00:00","author":{"@id":"https:\/\/folhapopular.info\/#\/schema\/person\/2814e8a0df7643585a9ca38bc6eb9d4b"},"breadcrumb":{"@id":"https:\/\/folhapopular.info\/index.php\/2022\/10\/11\/cic-teutonia-promove-1a-convencao-atitude-on\/#breadcrumb"},"inLanguage":"pt-BR","potentialAction":[{"@type":"ReadAction","target":["https:\/\/folhapopular.info\/index.php\/2022\/10\/11\/cic-teutonia-promove-1a-convencao-atitude-on\/"]}]},{"@type":"ImageObject","inLanguage":"pt-BR","@id":"https:\/\/folhapopular.info\/index.php\/2022\/10\/11\/cic-teutonia-promove-1a-convencao-atitude-on\/#primaryimage","url":"https:\/\/folhapopular.info\/wp-content\/uploads\/2022\/10\/convencao-atitude-on-e1665515391830.jpg","contentUrl":"https:\/\/folhapopular.info\/wp-content\/uploads\/2022\/10\/convencao-atitude-on-e1665515391830.jpg","width":800,"height":554,"caption":"Cr\u00e9dito: Divulga\u00e7\u00e3o"},{"@type":"BreadcrumbList","@id":"https:\/\/folhapopular.info\/index.php\/2022\/10\/11\/cic-teutonia-promove-1a-convencao-atitude-on\/#breadcrumb","itemListElement":[{"@type":"ListItem","position":1,"name":"In\u00edcio","item":"https:\/\/folhapopular.info\/"},{"@type":"ListItem","position":2,"name":"CIC Teut\u00f4nia promove 1\u00aa Conven\u00e7\u00e3o Atitude ON"}]},{"@type":"WebSite","@id":"https:\/\/folhapopular.info\/#website","url":"https:\/\/folhapopular.info\/","name":"Folha Popular","description":"Onde voc\u00ea tem vez e voz","potentialAction":[{"@type":"SearchAction","target":{"@type":"EntryPoint","urlTemplate":"https:\/\/folhapopular.info\/?s={search_term_string}"},"query-input":{"@type":"PropertyValueSpecification","valueRequired":true,"valueName":"search_term_string"}}],"inLanguage":"pt-BR"},{"@type":"Person","@id":"https:\/\/folhapopular.info\/#\/schema\/person\/2814e8a0df7643585a9ca38bc6eb9d4b","name":"Reda\u00e7\u00e3o Folha Popular","image":{"@type":"ImageObject","inLanguage":"pt-BR","@id":"https:\/\/folhapopular.info\/wp-content\/uploads\/2026\/04\/Folha-1.webp","url":"https:\/\/folhapopular.info\/wp-content\/uploads\/2026\/04\/Folha-1.webp","contentUrl":"https:\/\/folhapopular.info\/wp-content\/uploads\/2026\/04\/Folha-1.webp","caption":"Reda\u00e7\u00e3o Folha Popular"},"url":"https:\/\/folhapopular.info\/index.php\/author\/redacao\/"}]}},"jetpack_featured_media_url":"https:\/\/folhapopular.info\/wp-content\/uploads\/2022\/10\/convencao-atitude-on-e1665515391830.jpg","jetpack_sharing_enabled":true,"amp_enabled":true,"_links":{"self":[{"href":"https:\/\/folhapopular.info\/index.php\/wp-json\/wp\/v2\/posts\/114483","targetHints":{"allow":["GET"]}}],"collection":[{"href":"https:\/\/folhapopular.info\/index.php\/wp-json\/wp\/v2\/posts"}],"about":[{"href":"https:\/\/folhapopular.info\/index.php\/wp-json\/wp\/v2\/types\/post"}],"author":[{"embeddable":true,"href":"https:\/\/folhapopular.info\/index.php\/wp-json\/wp\/v2\/users\/8"}],"replies":[{"embeddable":true,"href":"https:\/\/folhapopular.info\/index.php\/wp-json\/wp\/v2\/comments?post=114483"}],"version-history":[{"count":0,"href":"https:\/\/folhapopular.info\/index.php\/wp-json\/wp\/v2\/posts\/114483\/revisions"}],"wp:featuredmedia":[{"embeddable":true,"href":"https:\/\/folhapopular.info\/index.php\/wp-json\/wp\/v2\/media\/114490"}],"wp:attachment":[{"href":"https:\/\/folhapopular.info\/index.php\/wp-json\/wp\/v2\/media?parent=114483"}],"wp:term":[{"taxonomy":"category","embeddable":true,"href":"https:\/\/folhapopular.info\/index.php\/wp-json\/wp\/v2\/categories?post=114483"},{"taxonomy":"post_tag","embeddable":true,"href":"https:\/\/folhapopular.info\/index.php\/wp-json\/wp\/v2\/tags?post=114483"}],"curies":[{"name":"wp","href":"https:\/\/api.w.org\/{rel}","templated":true}]}}