{"id":114505,"date":"2022-10-11T17:15:00","date_gmt":"2022-10-11T20:15:00","guid":{"rendered":"https:\/\/folhapopular.info\/?p=114505"},"modified":"2022-10-11T17:15:10","modified_gmt":"2022-10-11T20:15:10","slug":"quarteis-dos-bombeiros-militares-do-vale-do-taquari-receberao-criancas-durante-o-feriado","status":"publish","type":"post","link":"https:\/\/folhapopular.info\/index.php\/2022\/10\/11\/quarteis-dos-bombeiros-militares-do-vale-do-taquari-receberao-criancas-durante-o-feriado\/","title":{"rendered":"Quart\u00e9is dos Bombeiros Militares do Vale do Taquari receber\u00e3o crian\u00e7as durante o feriado"},"content":{"rendered":"\n<p>Nesta quarta-feira (11\/10) os quart\u00e9is dos Bombeiros Militares do Vale do Taquari estar\u00e3o abertos para comemorar o Dia das Crian\u00e7as com a comunidade. Entre \u00e0s 14h e 18h as crian\u00e7as poder\u00e3o subir nas viaturas, conhecer os materiais e tirar foto com os bombeiros.<\/p>\n\n\n\n<p><strong>Os quart\u00e9is que estar\u00e3o abertos s\u00e3o:<br><\/strong>CBM Lajeado: Rua Nicolau Ara\u00fajo Junges, 500 &#8211; Bairro Montanha<br>CBM Encantado: Rua das Hort\u00eansias, 1500 Bairro S\u00e3o Jos\u00e9<br>CBM Estrela: Rua Pernambuco, 315 &#8211; Bairro Estados<br>CBM Ven\u00e2ncio Aires: Rua Jacob Becker,\u00a01805\u00a0&#8211;\u00a0Centro<\/p>\n","protected":false},"excerpt":{"rendered":"<p>Nesta quarta-feira (11\/10) os quart\u00e9is dos Bombeiros Militares do Vale do Taquari estar\u00e3o abertos para comemorar o Dia das Crian\u00e7as com a comunidade. Entre \u00e0s 14h e 18h as crian\u00e7as poder\u00e3o subir nas viaturas, conhecer os materiais e tirar foto com os bombeiros. Os quart\u00e9is que estar\u00e3o abertos s\u00e3o:CBM Lajeado: Rua Nicolau Ara\u00fajo Junges, 500 [&hellip;]<\/p>\n","protected":false},"author":8,"featured_media":114506,"comment_status":"open","ping_status":"open","sticky":false,"template":"","format":"standard","meta":{"pmpro_default_level":"","_jetpack_memberships_contains_paid_content":false,"footnotes":""},"categories":[2,3],"tags":[43,1119,156],"class_list":{"0":"post-114505","1":"post","2":"type-post","3":"status-publish","4":"format-standard","5":"has-post-thumbnail","7":"category-featured","8":"category-geral","9":"tag-bombeiros","10":"tag-dia-das-criancas","11":"tag-vale-do-taquari","12":"pmpro-has-access"},"yoast_head":"<!-- This site is optimized with the Yoast SEO plugin v27.5 - https:\/\/yoast.com\/product\/yoast-seo-wordpress\/ -->\n<title>Quart\u00e9is dos Bombeiros Militares do Vale do Taquari receber\u00e3o crian\u00e7as durante o feriado - Folha Popular<\/title>\n<meta name=\"robots\" content=\"index, follow, max-snippet:-1, max-image-preview:large, max-video-preview:-1\" \/>\n<link rel=\"canonical\" href=\"https:\/\/folhapopular.info\/index.php\/2022\/10\/11\/quarteis-dos-bombeiros-militares-do-vale-do-taquari-receberao-criancas-durante-o-feriado\/\" \/>\n<meta property=\"og:locale\" content=\"pt_BR\" \/>\n<meta property=\"og:type\" content=\"article\" \/>\n<meta property=\"og:title\" content=\"Quart\u00e9is dos Bombeiros Militares do Vale do Taquari receber\u00e3o crian\u00e7as durante o feriado - Folha Popular\" \/>\n<meta property=\"og:description\" content=\"Nesta quarta-feira (11\/10) os quart\u00e9is dos Bombeiros Militares do Vale do Taquari estar\u00e3o abertos para comemorar o Dia das Crian\u00e7as com a comunidade. Entre \u00e0s 14h e 18h as crian\u00e7as poder\u00e3o subir nas viaturas, conhecer os materiais e tirar foto com os bombeiros. Os quart\u00e9is que estar\u00e3o abertos s\u00e3o:CBM Lajeado: Rua Nicolau Ara\u00fajo Junges, 500 [&hellip;]\" \/>\n<meta property=\"og:url\" content=\"https:\/\/folhapopular.info\/index.php\/2022\/10\/11\/quarteis-dos-bombeiros-militares-do-vale-do-taquari-receberao-criancas-durante-o-feriado\/\" \/>\n<meta property=\"og:site_name\" content=\"Folha Popular\" \/>\n<meta property=\"article:published_time\" content=\"2022-10-11T20:15:00+00:00\" \/>\n<meta property=\"article:modified_time\" content=\"2022-10-11T20:15:10+00:00\" \/>\n<meta property=\"og:image\" content=\"http:\/\/folhapopular.info\/wp-content\/uploads\/2022\/10\/IMG_5366-696x522-1.jpg\" \/>\n\t<meta property=\"og:image:width\" content=\"696\" \/>\n\t<meta property=\"og:image:height\" content=\"522\" \/>\n\t<meta property=\"og:image:type\" content=\"image\/jpeg\" \/>\n<meta name=\"author\" content=\"Reda\u00e7\u00e3o Folha Popular\" \/>\n<meta name=\"twitter:card\" content=\"summary_large_image\" \/>\n<meta name=\"twitter:label1\" content=\"Escrito por\" \/>\n\t<meta name=\"twitter:data1\" content=\"Reda\u00e7\u00e3o Folha Popular\" \/>\n\t<meta name=\"twitter:label2\" content=\"Est. tempo de leitura\" \/>\n\t<meta name=\"twitter:data2\" content=\"1 minuto\" \/>\n<script type=\"application\/ld+json\" class=\"yoast-schema-graph\">{\"@context\":\"https:\\\/\\\/schema.org\",\"@graph\":[{\"@type\":\"Article\",\"@id\":\"https:\\\/\\\/folhapopular.info\\\/index.php\\\/2022\\\/10\\\/11\\\/quarteis-dos-bombeiros-militares-do-vale-do-taquari-receberao-criancas-durante-o-feriado\\\/#article\",\"isPartOf\":{\"@id\":\"https:\\\/\\\/folhapopular.info\\\/index.php\\\/2022\\\/10\\\/11\\\/quarteis-dos-bombeiros-militares-do-vale-do-taquari-receberao-criancas-durante-o-feriado\\\/\"},\"author\":{\"name\":\"Reda\u00e7\u00e3o Folha Popular\",\"@id\":\"https:\\\/\\\/folhapopular.info\\\/#\\\/schema\\\/person\\\/2814e8a0df7643585a9ca38bc6eb9d4b\"},\"headline\":\"Quart\u00e9is dos Bombeiros Militares do Vale do Taquari receber\u00e3o crian\u00e7as durante o feriado\",\"datePublished\":\"2022-10-11T20:15:00+00:00\",\"dateModified\":\"2022-10-11T20:15:10+00:00\",\"mainEntityOfPage\":{\"@id\":\"https:\\\/\\\/folhapopular.info\\\/index.php\\\/2022\\\/10\\\/11\\\/quarteis-dos-bombeiros-militares-do-vale-do-taquari-receberao-criancas-durante-o-feriado\\\/\"},\"wordCount\":106,\"commentCount\":0,\"image\":{\"@id\":\"https:\\\/\\\/folhapopular.info\\\/index.php\\\/2022\\\/10\\\/11\\\/quarteis-dos-bombeiros-militares-do-vale-do-taquari-receberao-criancas-durante-o-feriado\\\/#primaryimage\"},\"thumbnailUrl\":\"https:\\\/\\\/folhapopular.info\\\/wp-content\\\/uploads\\\/2022\\\/10\\\/IMG_5366-696x522-1.jpg\",\"keywords\":[\"Bombeiros\",\"Dia das Crian\u00e7as\",\"Vale do Taquari\"],\"articleSection\":[\"Destaques\",\"Geral\"],\"inLanguage\":\"pt-BR\",\"potentialAction\":[{\"@type\":\"CommentAction\",\"name\":\"Comment\",\"target\":[\"https:\\\/\\\/folhapopular.info\\\/index.php\\\/2022\\\/10\\\/11\\\/quarteis-dos-bombeiros-militares-do-vale-do-taquari-receberao-criancas-durante-o-feriado\\\/#respond\"]}]},{\"@type\":\"WebPage\",\"@id\":\"https:\\\/\\\/folhapopular.info\\\/index.php\\\/2022\\\/10\\\/11\\\/quarteis-dos-bombeiros-militares-do-vale-do-taquari-receberao-criancas-durante-o-feriado\\\/\",\"url\":\"https:\\\/\\\/folhapopular.info\\\/index.php\\\/2022\\\/10\\\/11\\\/quarteis-dos-bombeiros-militares-do-vale-do-taquari-receberao-criancas-durante-o-feriado\\\/\",\"name\":\"Quart\u00e9is dos Bombeiros Militares do Vale do Taquari receber\u00e3o crian\u00e7as durante o feriado - Folha Popular\",\"isPartOf\":{\"@id\":\"https:\\\/\\\/folhapopular.info\\\/#website\"},\"primaryImageOfPage\":{\"@id\":\"https:\\\/\\\/folhapopular.info\\\/index.php\\\/2022\\\/10\\\/11\\\/quarteis-dos-bombeiros-militares-do-vale-do-taquari-receberao-criancas-durante-o-feriado\\\/#primaryimage\"},\"image\":{\"@id\":\"https:\\\/\\\/folhapopular.info\\\/index.php\\\/2022\\\/10\\\/11\\\/quarteis-dos-bombeiros-militares-do-vale-do-taquari-receberao-criancas-durante-o-feriado\\\/#primaryimage\"},\"thumbnailUrl\":\"https:\\\/\\\/folhapopular.info\\\/wp-content\\\/uploads\\\/2022\\\/10\\\/IMG_5366-696x522-1.jpg\",\"datePublished\":\"2022-10-11T20:15:00+00:00\",\"dateModified\":\"2022-10-11T20:15:10+00:00\",\"author\":{\"@id\":\"https:\\\/\\\/folhapopular.info\\\/#\\\/schema\\\/person\\\/2814e8a0df7643585a9ca38bc6eb9d4b\"},\"breadcrumb\":{\"@id\":\"https:\\\/\\\/folhapopular.info\\\/index.php\\\/2022\\\/10\\\/11\\\/quarteis-dos-bombeiros-militares-do-vale-do-taquari-receberao-criancas-durante-o-feriado\\\/#breadcrumb\"},\"inLanguage\":\"pt-BR\",\"potentialAction\":[{\"@type\":\"ReadAction\",\"target\":[\"https:\\\/\\\/folhapopular.info\\\/index.php\\\/2022\\\/10\\\/11\\\/quarteis-dos-bombeiros-militares-do-vale-do-taquari-receberao-criancas-durante-o-feriado\\\/\"]}]},{\"@type\":\"ImageObject\",\"inLanguage\":\"pt-BR\",\"@id\":\"https:\\\/\\\/folhapopular.info\\\/index.php\\\/2022\\\/10\\\/11\\\/quarteis-dos-bombeiros-militares-do-vale-do-taquari-receberao-criancas-durante-o-feriado\\\/#primaryimage\",\"url\":\"https:\\\/\\\/folhapopular.info\\\/wp-content\\\/uploads\\\/2022\\\/10\\\/IMG_5366-696x522-1.jpg\",\"contentUrl\":\"https:\\\/\\\/folhapopular.info\\\/wp-content\\\/uploads\\\/2022\\\/10\\\/IMG_5366-696x522-1.jpg\",\"width\":696,\"height\":522,\"caption\":\"Cr\u00e9dito: Cr\u00e9dito: Maiara Rov\u00eaa \\\/ Divulga\u00e7\u00e3o\"},{\"@type\":\"BreadcrumbList\",\"@id\":\"https:\\\/\\\/folhapopular.info\\\/index.php\\\/2022\\\/10\\\/11\\\/quarteis-dos-bombeiros-militares-do-vale-do-taquari-receberao-criancas-durante-o-feriado\\\/#breadcrumb\",\"itemListElement\":[{\"@type\":\"ListItem\",\"position\":1,\"name\":\"In\u00edcio\",\"item\":\"https:\\\/\\\/folhapopular.info\\\/\"},{\"@type\":\"ListItem\",\"position\":2,\"name\":\"Quart\u00e9is dos Bombeiros Militares do Vale do Taquari receber\u00e3o crian\u00e7as durante o feriado\"}]},{\"@type\":\"WebSite\",\"@id\":\"https:\\\/\\\/folhapopular.info\\\/#website\",\"url\":\"https:\\\/\\\/folhapopular.info\\\/\",\"name\":\"Folha Popular\",\"description\":\"Onde voc\u00ea tem vez e voz\",\"potentialAction\":[{\"@type\":\"SearchAction\",\"target\":{\"@type\":\"EntryPoint\",\"urlTemplate\":\"https:\\\/\\\/folhapopular.info\\\/?s={search_term_string}\"},\"query-input\":{\"@type\":\"PropertyValueSpecification\",\"valueRequired\":true,\"valueName\":\"search_term_string\"}}],\"inLanguage\":\"pt-BR\"},{\"@type\":\"Person\",\"@id\":\"https:\\\/\\\/folhapopular.info\\\/#\\\/schema\\\/person\\\/2814e8a0df7643585a9ca38bc6eb9d4b\",\"name\":\"Reda\u00e7\u00e3o Folha Popular\",\"image\":{\"@type\":\"ImageObject\",\"inLanguage\":\"pt-BR\",\"@id\":\"https:\\\/\\\/folhapopular.info\\\/wp-content\\\/uploads\\\/2026\\\/04\\\/Folha-1.webp\",\"url\":\"https:\\\/\\\/folhapopular.info\\\/wp-content\\\/uploads\\\/2026\\\/04\\\/Folha-1.webp\",\"contentUrl\":\"https:\\\/\\\/folhapopular.info\\\/wp-content\\\/uploads\\\/2026\\\/04\\\/Folha-1.webp\",\"caption\":\"Reda\u00e7\u00e3o Folha Popular\"},\"url\":\"https:\\\/\\\/folhapopular.info\\\/index.php\\\/author\\\/redacao\\\/\"}]}<\/script>\n<!-- \/ Yoast SEO plugin. -->","yoast_head_json":{"title":"Quart\u00e9is dos Bombeiros Militares do Vale do Taquari receber\u00e3o crian\u00e7as durante o feriado - Folha Popular","robots":{"index":"index","follow":"follow","max-snippet":"max-snippet:-1","max-image-preview":"max-image-preview:large","max-video-preview":"max-video-preview:-1"},"canonical":"https:\/\/folhapopular.info\/index.php\/2022\/10\/11\/quarteis-dos-bombeiros-militares-do-vale-do-taquari-receberao-criancas-durante-o-feriado\/","og_locale":"pt_BR","og_type":"article","og_title":"Quart\u00e9is dos Bombeiros Militares do Vale do Taquari receber\u00e3o crian\u00e7as durante o feriado - Folha Popular","og_description":"Nesta quarta-feira (11\/10) os quart\u00e9is dos Bombeiros Militares do Vale do Taquari estar\u00e3o abertos para comemorar o Dia das Crian\u00e7as com a comunidade. Entre \u00e0s 14h e 18h as crian\u00e7as poder\u00e3o subir nas viaturas, conhecer os materiais e tirar foto com os bombeiros. Os quart\u00e9is que estar\u00e3o abertos s\u00e3o:CBM Lajeado: Rua Nicolau Ara\u00fajo Junges, 500 [&hellip;]","og_url":"https:\/\/folhapopular.info\/index.php\/2022\/10\/11\/quarteis-dos-bombeiros-militares-do-vale-do-taquari-receberao-criancas-durante-o-feriado\/","og_site_name":"Folha Popular","article_published_time":"2022-10-11T20:15:00+00:00","article_modified_time":"2022-10-11T20:15:10+00:00","og_image":[{"width":696,"height":522,"url":"http:\/\/folhapopular.info\/wp-content\/uploads\/2022\/10\/IMG_5366-696x522-1.jpg","type":"image\/jpeg"}],"author":"Reda\u00e7\u00e3o Folha Popular","twitter_card":"summary_large_image","twitter_misc":{"Escrito por":"Reda\u00e7\u00e3o Folha Popular","Est. tempo de leitura":"1 minuto"},"schema":{"@context":"https:\/\/schema.org","@graph":[{"@type":"Article","@id":"https:\/\/folhapopular.info\/index.php\/2022\/10\/11\/quarteis-dos-bombeiros-militares-do-vale-do-taquari-receberao-criancas-durante-o-feriado\/#article","isPartOf":{"@id":"https:\/\/folhapopular.info\/index.php\/2022\/10\/11\/quarteis-dos-bombeiros-militares-do-vale-do-taquari-receberao-criancas-durante-o-feriado\/"},"author":{"name":"Reda\u00e7\u00e3o Folha Popular","@id":"https:\/\/folhapopular.info\/#\/schema\/person\/2814e8a0df7643585a9ca38bc6eb9d4b"},"headline":"Quart\u00e9is dos Bombeiros Militares do Vale do Taquari receber\u00e3o crian\u00e7as durante o feriado","datePublished":"2022-10-11T20:15:00+00:00","dateModified":"2022-10-11T20:15:10+00:00","mainEntityOfPage":{"@id":"https:\/\/folhapopular.info\/index.php\/2022\/10\/11\/quarteis-dos-bombeiros-militares-do-vale-do-taquari-receberao-criancas-durante-o-feriado\/"},"wordCount":106,"commentCount":0,"image":{"@id":"https:\/\/folhapopular.info\/index.php\/2022\/10\/11\/quarteis-dos-bombeiros-militares-do-vale-do-taquari-receberao-criancas-durante-o-feriado\/#primaryimage"},"thumbnailUrl":"https:\/\/folhapopular.info\/wp-content\/uploads\/2022\/10\/IMG_5366-696x522-1.jpg","keywords":["Bombeiros","Dia das Crian\u00e7as","Vale do Taquari"],"articleSection":["Destaques","Geral"],"inLanguage":"pt-BR","potentialAction":[{"@type":"CommentAction","name":"Comment","target":["https:\/\/folhapopular.info\/index.php\/2022\/10\/11\/quarteis-dos-bombeiros-militares-do-vale-do-taquari-receberao-criancas-durante-o-feriado\/#respond"]}]},{"@type":"WebPage","@id":"https:\/\/folhapopular.info\/index.php\/2022\/10\/11\/quarteis-dos-bombeiros-militares-do-vale-do-taquari-receberao-criancas-durante-o-feriado\/","url":"https:\/\/folhapopular.info\/index.php\/2022\/10\/11\/quarteis-dos-bombeiros-militares-do-vale-do-taquari-receberao-criancas-durante-o-feriado\/","name":"Quart\u00e9is dos Bombeiros Militares do Vale do Taquari receber\u00e3o crian\u00e7as durante o feriado - Folha Popular","isPartOf":{"@id":"https:\/\/folhapopular.info\/#website"},"primaryImageOfPage":{"@id":"https:\/\/folhapopular.info\/index.php\/2022\/10\/11\/quarteis-dos-bombeiros-militares-do-vale-do-taquari-receberao-criancas-durante-o-feriado\/#primaryimage"},"image":{"@id":"https:\/\/folhapopular.info\/index.php\/2022\/10\/11\/quarteis-dos-bombeiros-militares-do-vale-do-taquari-receberao-criancas-durante-o-feriado\/#primaryimage"},"thumbnailUrl":"https:\/\/folhapopular.info\/wp-content\/uploads\/2022\/10\/IMG_5366-696x522-1.jpg","datePublished":"2022-10-11T20:15:00+00:00","dateModified":"2022-10-11T20:15:10+00:00","author":{"@id":"https:\/\/folhapopular.info\/#\/schema\/person\/2814e8a0df7643585a9ca38bc6eb9d4b"},"breadcrumb":{"@id":"https:\/\/folhapopular.info\/index.php\/2022\/10\/11\/quarteis-dos-bombeiros-militares-do-vale-do-taquari-receberao-criancas-durante-o-feriado\/#breadcrumb"},"inLanguage":"pt-BR","potentialAction":[{"@type":"ReadAction","target":["https:\/\/folhapopular.info\/index.php\/2022\/10\/11\/quarteis-dos-bombeiros-militares-do-vale-do-taquari-receberao-criancas-durante-o-feriado\/"]}]},{"@type":"ImageObject","inLanguage":"pt-BR","@id":"https:\/\/folhapopular.info\/index.php\/2022\/10\/11\/quarteis-dos-bombeiros-militares-do-vale-do-taquari-receberao-criancas-durante-o-feriado\/#primaryimage","url":"https:\/\/folhapopular.info\/wp-content\/uploads\/2022\/10\/IMG_5366-696x522-1.jpg","contentUrl":"https:\/\/folhapopular.info\/wp-content\/uploads\/2022\/10\/IMG_5366-696x522-1.jpg","width":696,"height":522,"caption":"Cr\u00e9dito: Cr\u00e9dito: Maiara Rov\u00eaa \/ Divulga\u00e7\u00e3o"},{"@type":"BreadcrumbList","@id":"https:\/\/folhapopular.info\/index.php\/2022\/10\/11\/quarteis-dos-bombeiros-militares-do-vale-do-taquari-receberao-criancas-durante-o-feriado\/#breadcrumb","itemListElement":[{"@type":"ListItem","position":1,"name":"In\u00edcio","item":"https:\/\/folhapopular.info\/"},{"@type":"ListItem","position":2,"name":"Quart\u00e9is dos Bombeiros Militares do Vale do Taquari receber\u00e3o crian\u00e7as durante o feriado"}]},{"@type":"WebSite","@id":"https:\/\/folhapopular.info\/#website","url":"https:\/\/folhapopular.info\/","name":"Folha Popular","description":"Onde voc\u00ea tem vez e voz","potentialAction":[{"@type":"SearchAction","target":{"@type":"EntryPoint","urlTemplate":"https:\/\/folhapopular.info\/?s={search_term_string}"},"query-input":{"@type":"PropertyValueSpecification","valueRequired":true,"valueName":"search_term_string"}}],"inLanguage":"pt-BR"},{"@type":"Person","@id":"https:\/\/folhapopular.info\/#\/schema\/person\/2814e8a0df7643585a9ca38bc6eb9d4b","name":"Reda\u00e7\u00e3o Folha Popular","image":{"@type":"ImageObject","inLanguage":"pt-BR","@id":"https:\/\/folhapopular.info\/wp-content\/uploads\/2026\/04\/Folha-1.webp","url":"https:\/\/folhapopular.info\/wp-content\/uploads\/2026\/04\/Folha-1.webp","contentUrl":"https:\/\/folhapopular.info\/wp-content\/uploads\/2026\/04\/Folha-1.webp","caption":"Reda\u00e7\u00e3o Folha Popular"},"url":"https:\/\/folhapopular.info\/index.php\/author\/redacao\/"}]}},"jetpack_featured_media_url":"https:\/\/folhapopular.info\/wp-content\/uploads\/2022\/10\/IMG_5366-696x522-1.jpg","jetpack_sharing_enabled":true,"amp_enabled":true,"_links":{"self":[{"href":"https:\/\/folhapopular.info\/index.php\/wp-json\/wp\/v2\/posts\/114505","targetHints":{"allow":["GET"]}}],"collection":[{"href":"https:\/\/folhapopular.info\/index.php\/wp-json\/wp\/v2\/posts"}],"about":[{"href":"https:\/\/folhapopular.info\/index.php\/wp-json\/wp\/v2\/types\/post"}],"author":[{"embeddable":true,"href":"https:\/\/folhapopular.info\/index.php\/wp-json\/wp\/v2\/users\/8"}],"replies":[{"embeddable":true,"href":"https:\/\/folhapopular.info\/index.php\/wp-json\/wp\/v2\/comments?post=114505"}],"version-history":[{"count":0,"href":"https:\/\/folhapopular.info\/index.php\/wp-json\/wp\/v2\/posts\/114505\/revisions"}],"wp:featuredmedia":[{"embeddable":true,"href":"https:\/\/folhapopular.info\/index.php\/wp-json\/wp\/v2\/media\/114506"}],"wp:attachment":[{"href":"https:\/\/folhapopular.info\/index.php\/wp-json\/wp\/v2\/media?parent=114505"}],"wp:term":[{"taxonomy":"category","embeddable":true,"href":"https:\/\/folhapopular.info\/index.php\/wp-json\/wp\/v2\/categories?post=114505"},{"taxonomy":"post_tag","embeddable":true,"href":"https:\/\/folhapopular.info\/index.php\/wp-json\/wp\/v2\/tags?post=114505"}],"curies":[{"name":"wp","href":"https:\/\/api.w.org\/{rel}","templated":true}]}}